{"id":70417,"date":"2020-06-25T15:38:42","date_gmt":"2020-06-25T18:38:42","guid":{"rendered":"https:\/\/www.suno.com.br\/noticias\/?p=70417"},"modified":"2021-02-17T22:18:08","modified_gmt":"2021-02-18T01:18:08","slug":"campos-neto-inflacao-nao-abandonada-bc","status":"publish","type":"post","link":"https:\/\/www.suno.com.br\/noticias\/campos-neto-inflacao-nao-abandonada-bc\/","title":{"rendered":"Campos Neto: meta de infla\u00e7\u00e3o n\u00e3o foi abandonada pelo BC"},"content":{"rendered":"<p>O presidente do <a href=\"https:\/\/www.suno.com.br\/artigos\/bacen\/\">Banco Central (BC)<\/a>, <a href=\"https:\/\/www.suno.com.br\/tudo-sobre\/roberto-campos-neto\/\">Roberto <strong>Campos Neto<\/strong><\/a>, assegurou nesta quinta-feira (25) que, de &#8220;forma alguma&#8221;, a meta de infla\u00e7\u00e3o est\u00e1 sendo olhada de maneira diferente ou sendo abondada pela autoridade monet\u00e1ria.<\/p>\t<div class=\"wrapper-featured-image\">\n\t\t<figure class=\"spotlightImg\">\n\n\t\t\t<picture>\n\t\t\t\t<source media=\"(max-width: 768px)\" srcset=\"https:\/\/files.sunoresearch.com.br\/n\/uploads\/2019\/03\/62214367-roberto-campos-neto-400x200.webp\">\n\t\t\t\t<img loading=\"lazy\" decoding=\"async\" class=\"newsContent__article__imgCapa lazyloadDisabled newsContent__article__imgCapa--noCaption\" src=\"https:\/\/files.sunoresearch.com.br\/n\/uploads\/2019\/03\/62214367-roberto-campos-neto-800x450.webp\" width=\"800\" height=\"450\" alt=\"Campos Neto: meta de infla\u00e7\u00e3o n\u00e3o foi abandonada pelo BC\" fetchpriority=high \/>\n\t\t\t<\/picture>\n\n\t\t\t<figcaption class=\"wp-caption-text wp-caption-text--hide\">Roberto Campos Neto \u00e9 eleito melhor banqueiro central de 2020 pela Banker<\/figcaption>\n\t\t<\/figure>\n\t<\/div>\n\n\n\n<p>O economista afirmou, durante coletiva de imprensa online, que a mensagem que o <strong>BC<\/strong> busca dar \u00e9 de que a <a href=\"https:\/\/www.suno.com.br\/artigos\/politica-monetaria\/\">pol\u00edtica monet\u00e1ria<\/a> est\u00e1 estimulativa. Campos Neto tamb\u00e9m salientou que o vi\u00e9s da autarquia federal est\u00e1 mais otimista sobre o crescimento em rela\u00e7\u00e3o proje\u00e7\u00e3o tra\u00e7ada, na contram\u00e3o da vis\u00e3o adotada no \u00faltimo <a href=\"https:\/\/www.suno.com.br\/artigos\/copom\/\">Comit\u00ea de Pol\u00edtica Monet\u00e1ria (Copom)<\/a>.<\/p>\n<p>\u201cTemos mencionado um movimento em duas dire\u00e7\u00f5es. De um lado, a parte do distanciamento gerando poupan\u00e7a precaucion\u00e1ria e, de outro lado, o est\u00edmulo dos programas e de tudo que tem sido feito, n\u00f3s mencionamos tamb\u00e9m que isso gera uma pequena assimetria\u201d, acrescentou o presidente do BC.<\/p>\n<p><a href=\"https:\/\/lp.suno.com.br\/suno-one\/\">Conhe\u00e7a o Suno One, a central gratuita de informa\u00e7\u00f5es da Suno para quem quer aprender a investir. Acesse clicando aqui.<\/a><\/p>\n<p>\u201cAcho que a gente procurou colocar na mensagem os dois lados, falar sobre o balan\u00e7o de riscos e sobre a assimetria&#8221;, complementou.<\/p>\n<h2>Volatilidade do c\u00e2mbio n\u00e3o mostra piora consistente, diz Campos Neto<\/h2>\n<p>Al\u00e9m disso, o economista avaliou que a volatilidade do c\u00e2mbio brasileiro est\u00e1 um pouco maior, por\u00e9m n\u00e3o significa que est\u00e1 piora consistentemente. \u201cNos dias de melhora tem melhora maior e nos dias de piora tamb\u00e9m tem uma piora maior\u201d, afirmou Campos Neto.<\/p>\n<p>Nesse sentido, o presidente da autarquia atribuiu essa volatilidade \u00e0 caracter\u00edstica do real de ser uma moeda de mercado emergente que apresenta <a href=\"https:\/\/www.suno.com.br\/artigos\/liquidez\/\">muita liquidez<\/a>. Dessa forma, os investidores procuram <a href=\"https:\/\/www.suno.com.br\/artigos\/hedge-cambial\/\">hedge cambial<\/a> quando h\u00e1 algum tipo de problema.<\/p>\n<p>\u201cTem tido entrada e sa\u00edda grande nesse sentido. A gente v\u00ea, por exemplo, que parte da volatilidade que vimos recentemente \u00e9 gerada por not\u00edcias externas\u201d, detalhou Campos Neto.<\/p>\n<p><a href=\"https:\/\/www.suno.com.br\/noticias\/banco-central-contas-externas-selic-coronavirus\/\">Saiba mais: Banco Central: contas externas ir\u00e3o melhorar, segundo Campos Neto<\/a><\/p>\n<p>O presidente do BC declarou que a autoridade monet\u00e1ria est\u00e1 atenta \u00e0 esse movimento, reconhecendo que acaba acarretando consequ\u00eancias no operacional para o setor real.<\/p>\n<p>O economista avaliou que a autarquia federal tem sido bem sucedida em sua atua\u00e7\u00e3o no mercado cambial e destacou que o modo de intervir do BC n\u00e3o \u00e9 para definir nenhuma banda de c\u00e2mbio ou limite.<\/p>\n<p>\u201c\u00c9 mais para suprir gaps de liquidez e \u00e0s vezes n\u00f3s entendemos que existe uma precifica\u00e7\u00e3o relativa que est\u00e1 disfuncional e acaba contaminando outros mercados\u201d, declarou <strong>Campos Neto<\/strong>.<\/p>\n\n","protected":false},"excerpt":{"rendered":"<p>O presidente do Banco Central (BC), Roberto Campos Neto, assegurou nesta quinta-feira (25) que, de &#8220;forma alguma&#8221;, a meta de infla\u00e7\u00e3o est\u00e1 sendo olhada de maneira diferente ou sendo abondada pela autoridade monet\u00e1ria. Roberto Campos Neto \u00e9 eleito melhor banqueiro central de 2020 pela Banker O economista afirmou, durante coletiva de imprensa online, que a [&hellip;]<\/p>\n","protected":false},"author":35,"featured_media":19353,"comment_status":"closed","ping_status":"closed","sticky":false,"template":"","format":"standard","meta":[],"categories":[62],"tags":[1842,1853,850,1113],"suno_strategy":[],"class_list":["post-70417","post","type-post","status-publish","format-standard","has-post-thumbnail","hentry","category-economia","tag-banco-central-bc","tag-cambio","tag-inflacao","tag-roberto-campos-neto"],"yoast_head":"<!-- This site is optimized with the Yoast SEO plugin v24.4 - https:\/\/yoast.com\/wordpress\/plugins\/seo\/ -->\n<title>Campos Neto: meta de infla\u00e7\u00e3o n\u00e3o foi abandonada pelo BC<\/title>\n<meta name=\"description\" content=\"Campos Neto assegurou que de &quot;forma alguma&quot; meta de infla\u00e7\u00e3o est\u00e1 sendo olhada de maneira diferente ou sendo abondada. Clique para saber mais\" \/>\n<meta name=\"robots\" content=\"index, follow, max-snippet:-1, max-image-preview:large, max-video-preview:-1\" \/>\n<link rel=\"canonical\" href=\"https:\/\/www.suno.com.br\/noticias\/campos-neto-inflacao-nao-abandonada-bc\/\" \/>\n<meta property=\"og:locale\" content=\"pt_BR\" \/>\n<meta property=\"og:type\" content=\"article\" \/>\n<meta property=\"og:title\" content=\"Campos Neto: meta de infla\u00e7\u00e3o n\u00e3o foi abandonada pelo BC\" \/>\n<meta property=\"og:description\" content=\"Campos Neto assegurou que de &quot;forma alguma&quot; meta de infla\u00e7\u00e3o est\u00e1 sendo olhada de maneira diferente ou sendo abondada. Clique para saber mais\" \/>\n<meta property=\"og:url\" content=\"https:\/\/www.suno.com.br\/noticias\/campos-neto-inflacao-nao-abandonada-bc\/\" \/>\n<meta property=\"og:site_name\" content=\"Suno Not\u00edcias\" \/>\n<meta property=\"article:publisher\" content=\"https:\/\/facebook.com\/sunoresearch\" \/>\n<meta property=\"og:image\" content=\"https:\/\/files.sunoresearch.com.br\/n\/uploads\/2019\/03\/62214367-roberto-campos-neto.jpg\" \/>\n\t<meta property=\"og:image:width\" content=\"1140\" \/>\n\t<meta property=\"og:image:height\" content=\"760\" \/>\n\t<meta property=\"og:image:type\" content=\"image\/jpeg\" \/>\n<meta name=\"author\" content=\"Arthur Guimar\u00e3es\" \/>\n<meta name=\"twitter:card\" content=\"summary_large_image\" \/>\n<meta name=\"twitter:creator\" content=\"@sunoresearch\" \/>\n<meta name=\"twitter:site\" content=\"@sunoresearch\" \/>\n<meta name=\"twitter:label1\" content=\"Escrito por\" \/>\n\t<meta name=\"twitter:data1\" content=\"Arthur Guimar\u00e3es\" \/>\n\t<meta name=\"twitter:label2\" content=\"Est. tempo de leitura\" \/>\n\t<meta name=\"twitter:data2\" content=\"2 minutos\" \/>\n<script type=\"application\/ld+json\" class=\"yoast-schema-graph\">{\"@context\":\"https:\/\/schema.org\",\"@graph\":[{\"@type\":\"NewsArticle\",\"@id\":\"https:\/\/www.suno.com.br\/noticias\/campos-neto-inflacao-nao-abandonada-bc\/#article\",\"isPartOf\":{\"@id\":\"https:\/\/www.suno.com.br\/noticias\/campos-neto-inflacao-nao-abandonada-bc\/\"},\"author\":{\"name\":\"Arthur Guimar\u00e3es\",\"@id\":\"https:\/\/www.suno.com.br\/noticias\/#\/schema\/person\/053a750a709a263919a20f976caae91c\"},\"headline\":\"Campos Neto: meta de infla\u00e7\u00e3o n\u00e3o foi abandonada pelo BC\",\"datePublished\":\"2020-06-25T18:38:42+00:00\",\"dateModified\":\"2021-02-18T01:18:08+00:00\",\"mainEntityOfPage\":{\"@id\":\"https:\/\/www.suno.com.br\/noticias\/campos-neto-inflacao-nao-abandonada-bc\/\"},\"wordCount\":447,\"publisher\":{\"@id\":\"https:\/\/www.suno.com.br\/noticias\/#organization\"},\"image\":{\"@id\":\"https:\/\/www.suno.com.br\/noticias\/campos-neto-inflacao-nao-abandonada-bc\/#primaryimage\"},\"thumbnailUrl\":\"https:\/\/files.sunoresearch.com.br\/n\/uploads\/2019\/03\/62214367-roberto-campos-neto-jpg.webp\",\"keywords\":[\"Banco Central (BC)\",\"c\u00e2mbio\",\"infla\u00e7\u00e3o\",\"Roberto Campos Neto\"],\"articleSection\":[\"Economia\"],\"inLanguage\":\"pt-BR\"},{\"@type\":\"WebPage\",\"@id\":\"https:\/\/www.suno.com.br\/noticias\/campos-neto-inflacao-nao-abandonada-bc\/\",\"url\":\"https:\/\/www.suno.com.br\/noticias\/campos-neto-inflacao-nao-abandonada-bc\/\",\"name\":\"Campos Neto: meta de infla\u00e7\u00e3o n\u00e3o foi abandonada pelo BC\",\"isPartOf\":{\"@id\":\"https:\/\/www.suno.com.br\/noticias\/#website\"},\"primaryImageOfPage\":{\"@id\":\"https:\/\/www.suno.com.br\/noticias\/campos-neto-inflacao-nao-abandonada-bc\/#primaryimage\"},\"image\":{\"@id\":\"https:\/\/www.suno.com.br\/noticias\/campos-neto-inflacao-nao-abandonada-bc\/#primaryimage\"},\"thumbnailUrl\":\"https:\/\/files.sunoresearch.com.br\/n\/uploads\/2019\/03\/62214367-roberto-campos-neto-jpg.webp\",\"datePublished\":\"2020-06-25T18:38:42+00:00\",\"dateModified\":\"2021-02-18T01:18:08+00:00\",\"description\":\"Campos Neto assegurou que de \\\"forma alguma\\\" meta de infla\u00e7\u00e3o est\u00e1 sendo olhada de maneira diferente ou sendo abondada. Clique para saber mais\",\"breadcrumb\":{\"@id\":\"https:\/\/www.suno.com.br\/noticias\/campos-neto-inflacao-nao-abandonada-bc\/#breadcrumb\"},\"inLanguage\":\"pt-BR\",\"potentialAction\":[{\"@type\":\"ReadAction\",\"target\":[\"https:\/\/www.suno.com.br\/noticias\/campos-neto-inflacao-nao-abandonada-bc\/\"]}]},{\"@type\":\"ImageObject\",\"inLanguage\":\"pt-BR\",\"@id\":\"https:\/\/www.suno.com.br\/noticias\/campos-neto-inflacao-nao-abandonada-bc\/#primaryimage\",\"url\":\"https:\/\/files.sunoresearch.com.br\/n\/uploads\/2019\/03\/62214367-roberto-campos-neto-jpg.webp\",\"contentUrl\":\"https:\/\/files.sunoresearch.com.br\/n\/uploads\/2019\/03\/62214367-roberto-campos-neto-jpg.webp\",\"width\":1140,\"height\":760,\"caption\":\"Roberto Campos Neto \u00e9 eleito melhor banqueiro central de 2020 pela Banker\"},{\"@type\":\"BreadcrumbList\",\"@id\":\"https:\/\/www.suno.com.br\/noticias\/campos-neto-inflacao-nao-abandonada-bc\/#breadcrumb\",\"itemListElement\":[{\"@type\":\"ListItem\",\"position\":1,\"name\":\"Not\u00edcias\",\"item\":\"https:\/\/www.suno.com.br\/noticias\/\"},{\"@type\":\"ListItem\",\"position\":2,\"name\":\"Economia\",\"item\":\"https:\/\/www.suno.com.br\/noticias\/economia\/\"},{\"@type\":\"ListItem\",\"position\":3,\"name\":\"Campos Neto: meta de infla\u00e7\u00e3o n\u00e3o foi abandonada pelo BC\"}]},{\"@type\":\"WebSite\",\"@id\":\"https:\/\/www.suno.com.br\/noticias\/#website\",\"url\":\"https:\/\/www.suno.com.br\/noticias\/\",\"name\":\"Suno Not\u00edcias\",\"description\":\"Seu portal de informa\u00e7\u00e3o sobre o mundo dos investimentos\",\"publisher\":{\"@id\":\"https:\/\/www.suno.com.br\/noticias\/#organization\"},\"potentialAction\":[{\"@type\":\"SearchAction\",\"target\":{\"@type\":\"EntryPoint\",\"urlTemplate\":\"https:\/\/www.suno.com.br\/noticias\/?s={search_term_string}\"},\"query-input\":{\"@type\":\"PropertyValueSpecification\",\"valueRequired\":true,\"valueName\":\"search_term_string\"}}],\"inLanguage\":\"pt-BR\"},{\"@type\":\"Organization\",\"@id\":\"https:\/\/www.suno.com.br\/noticias\/#organization\",\"name\":\"Suno Not\u00edcias\",\"url\":\"https:\/\/www.suno.com.br\/noticias\/\",\"logo\":{\"@type\":\"ImageObject\",\"inLanguage\":\"pt-BR\",\"@id\":\"https:\/\/www.suno.com.br\/noticias\/#\/schema\/logo\/image\/\",\"url\":\"https:\/\/files.sunoresearch.com.br\/n\/uploads\/2021\/09\/suno-logo.png\",\"contentUrl\":\"https:\/\/files.sunoresearch.com.br\/n\/uploads\/2021\/09\/suno-logo.png\",\"width\":180,\"height\":180,\"caption\":\"Suno Not\u00edcias\"},\"image\":{\"@id\":\"https:\/\/www.suno.com.br\/noticias\/#\/schema\/logo\/image\/\"},\"sameAs\":[\"https:\/\/facebook.com\/sunoresearch\",\"https:\/\/x.com\/sunoresearch\",\"https:\/\/www.instagram.com\/suno\",\"https:\/\/www.linkedin.com\/company\/suno-research\/\",\"https:\/\/www.youtube.com\/c\/sunoresearch\"]},{\"@type\":\"Person\",\"@id\":\"https:\/\/www.suno.com.br\/noticias\/#\/schema\/person\/053a750a709a263919a20f976caae91c\",\"name\":\"Arthur Guimar\u00e3es\",\"image\":{\"@type\":\"ImageObject\",\"inLanguage\":\"pt-BR\",\"@id\":\"https:\/\/www.suno.com.br\/noticias\/#\/schema\/person\/image\/\",\"url\":\"https:\/\/secure.gravatar.com\/avatar\/1affd86a11209ae09eb6dd3bcad3e96c?s=96&r=g\",\"contentUrl\":\"https:\/\/secure.gravatar.com\/avatar\/1affd86a11209ae09eb6dd3bcad3e96c?s=96&r=g\",\"caption\":\"Arthur Guimar\u00e3es\"},\"description\":\"Arthur Guimar\u00e3es escreve sobre pol\u00edtica, economia e neg\u00f3cios para o portal de not\u00edcias da Suno Research. Atualmente, \u00e9 estudante de jornalismo pela Faculdade C\u00e1sper L\u00edbero.\",\"url\":\"https:\/\/www.suno.com.br\/noticias\/author\/arthur-guimaraes\/\"}]}<\/script>\n<!-- \/ Yoast SEO plugin. -->","yoast_head_json":{"title":"Campos Neto: meta de infla\u00e7\u00e3o n\u00e3o foi abandonada pelo BC","description":"Campos Neto assegurou que de \"forma alguma\" meta de infla\u00e7\u00e3o est\u00e1 sendo olhada de maneira diferente ou sendo abondada. Clique para saber mais","robots":{"index":"index","follow":"follow","max-snippet":"max-snippet:-1","max-image-preview":"max-image-preview:large","max-video-preview":"max-video-preview:-1"},"canonical":"https:\/\/www.suno.com.br\/noticias\/campos-neto-inflacao-nao-abandonada-bc\/","og_locale":"pt_BR","og_type":"article","og_title":"Campos Neto: meta de infla\u00e7\u00e3o n\u00e3o foi abandonada pelo BC","og_description":"Campos Neto assegurou que de \"forma alguma\" meta de infla\u00e7\u00e3o est\u00e1 sendo olhada de maneira diferente ou sendo abondada. Clique para saber mais","og_url":"https:\/\/www.suno.com.br\/noticias\/campos-neto-inflacao-nao-abandonada-bc\/","og_site_name":"Suno Not\u00edcias","article_publisher":"https:\/\/facebook.com\/sunoresearch","og_image":[{"width":1140,"height":760,"url":"https:\/\/files.sunoresearch.com.br\/n\/uploads\/2019\/03\/62214367-roberto-campos-neto.jpg","type":"image\/jpeg"}],"author":"Arthur Guimar\u00e3es","twitter_card":"summary_large_image","twitter_creator":"@sunoresearch","twitter_site":"@sunoresearch","twitter_misc":{"Escrito por":"Arthur Guimar\u00e3es","Est. tempo de leitura":"2 minutos"},"schema":{"@context":"https:\/\/schema.org","@graph":[{"@type":"NewsArticle","@id":"https:\/\/www.suno.com.br\/noticias\/campos-neto-inflacao-nao-abandonada-bc\/#article","isPartOf":{"@id":"https:\/\/www.suno.com.br\/noticias\/campos-neto-inflacao-nao-abandonada-bc\/"},"author":{"name":"Arthur Guimar\u00e3es","@id":"https:\/\/www.suno.com.br\/noticias\/#\/schema\/person\/053a750a709a263919a20f976caae91c"},"headline":"Campos Neto: meta de infla\u00e7\u00e3o n\u00e3o foi abandonada pelo BC","datePublished":"2020-06-25T18:38:42+00:00","dateModified":"2021-02-18T01:18:08+00:00","mainEntityOfPage":{"@id":"https:\/\/www.suno.com.br\/noticias\/campos-neto-inflacao-nao-abandonada-bc\/"},"wordCount":447,"publisher":{"@id":"https:\/\/www.suno.com.br\/noticias\/#organization"},"image":{"@id":"https:\/\/www.suno.com.br\/noticias\/campos-neto-inflacao-nao-abandonada-bc\/#primaryimage"},"thumbnailUrl":"https:\/\/files.sunoresearch.com.br\/n\/uploads\/2019\/03\/62214367-roberto-campos-neto-jpg.webp","keywords":["Banco Central (BC)","c\u00e2mbio","infla\u00e7\u00e3o","Roberto Campos Neto"],"articleSection":["Economia"],"inLanguage":"pt-BR"},{"@type":"WebPage","@id":"https:\/\/www.suno.com.br\/noticias\/campos-neto-inflacao-nao-abandonada-bc\/","url":"https:\/\/www.suno.com.br\/noticias\/campos-neto-inflacao-nao-abandonada-bc\/","name":"Campos Neto: meta de infla\u00e7\u00e3o n\u00e3o foi abandonada pelo BC","isPartOf":{"@id":"https:\/\/www.suno.com.br\/noticias\/#website"},"primaryImageOfPage":{"@id":"https:\/\/www.suno.com.br\/noticias\/campos-neto-inflacao-nao-abandonada-bc\/#primaryimage"},"image":{"@id":"https:\/\/www.suno.com.br\/noticias\/campos-neto-inflacao-nao-abandonada-bc\/#primaryimage"},"thumbnailUrl":"https:\/\/files.sunoresearch.com.br\/n\/uploads\/2019\/03\/62214367-roberto-campos-neto-jpg.webp","datePublished":"2020-06-25T18:38:42+00:00","dateModified":"2021-02-18T01:18:08+00:00","description":"Campos Neto assegurou que de \"forma alguma\" meta de infla\u00e7\u00e3o est\u00e1 sendo olhada de maneira diferente ou sendo abondada. Clique para saber mais","breadcrumb":{"@id":"https:\/\/www.suno.com.br\/noticias\/campos-neto-inflacao-nao-abandonada-bc\/#breadcrumb"},"inLanguage":"pt-BR","potentialAction":[{"@type":"ReadAction","target":["https:\/\/www.suno.com.br\/noticias\/campos-neto-inflacao-nao-abandonada-bc\/"]}]},{"@type":"ImageObject","inLanguage":"pt-BR","@id":"https:\/\/www.suno.com.br\/noticias\/campos-neto-inflacao-nao-abandonada-bc\/#primaryimage","url":"https:\/\/files.sunoresearch.com.br\/n\/uploads\/2019\/03\/62214367-roberto-campos-neto-jpg.webp","contentUrl":"https:\/\/files.sunoresearch.com.br\/n\/uploads\/2019\/03\/62214367-roberto-campos-neto-jpg.webp","width":1140,"height":760,"caption":"Roberto Campos Neto \u00e9 eleito melhor banqueiro central de 2020 pela Banker"},{"@type":"BreadcrumbList","@id":"https:\/\/www.suno.com.br\/noticias\/campos-neto-inflacao-nao-abandonada-bc\/#breadcrumb","itemListElement":[{"@type":"ListItem","position":1,"name":"Not\u00edcias","item":"https:\/\/www.suno.com.br\/noticias\/"},{"@type":"ListItem","position":2,"name":"Economia","item":"https:\/\/www.suno.com.br\/noticias\/economia\/"},{"@type":"ListItem","position":3,"name":"Campos Neto: meta de infla\u00e7\u00e3o n\u00e3o foi abandonada pelo BC"}]},{"@type":"WebSite","@id":"https:\/\/www.suno.com.br\/noticias\/#website","url":"https:\/\/www.suno.com.br\/noticias\/","name":"Suno Not\u00edcias","description":"Seu portal de informa\u00e7\u00e3o sobre o mundo dos investimentos","publisher":{"@id":"https:\/\/www.suno.com.br\/noticias\/#organization"},"potentialAction":[{"@type":"SearchAction","target":{"@type":"EntryPoint","urlTemplate":"https:\/\/www.suno.com.br\/noticias\/?s={search_term_string}"},"query-input":{"@type":"PropertyValueSpecification","valueRequired":true,"valueName":"search_term_string"}}],"inLanguage":"pt-BR"},{"@type":"Organization","@id":"https:\/\/www.suno.com.br\/noticias\/#organization","name":"Suno Not\u00edcias","url":"https:\/\/www.suno.com.br\/noticias\/","logo":{"@type":"ImageObject","inLanguage":"pt-BR","@id":"https:\/\/www.suno.com.br\/noticias\/#\/schema\/logo\/image\/","url":"https:\/\/files.sunoresearch.com.br\/n\/uploads\/2021\/09\/suno-logo.png","contentUrl":"https:\/\/files.sunoresearch.com.br\/n\/uploads\/2021\/09\/suno-logo.png","width":180,"height":180,"caption":"Suno Not\u00edcias"},"image":{"@id":"https:\/\/www.suno.com.br\/noticias\/#\/schema\/logo\/image\/"},"sameAs":["https:\/\/facebook.com\/sunoresearch","https:\/\/x.com\/sunoresearch","https:\/\/www.instagram.com\/suno","https:\/\/www.linkedin.com\/company\/suno-research\/","https:\/\/www.youtube.com\/c\/sunoresearch"]},{"@type":"Person","@id":"https:\/\/www.suno.com.br\/noticias\/#\/schema\/person\/053a750a709a263919a20f976caae91c","name":"Arthur Guimar\u00e3es","image":{"@type":"ImageObject","inLanguage":"pt-BR","@id":"https:\/\/www.suno.com.br\/noticias\/#\/schema\/person\/image\/","url":"https:\/\/secure.gravatar.com\/avatar\/1affd86a11209ae09eb6dd3bcad3e96c?s=96&r=g","contentUrl":"https:\/\/secure.gravatar.com\/avatar\/1affd86a11209ae09eb6dd3bcad3e96c?s=96&r=g","caption":"Arthur Guimar\u00e3es"},"description":"Arthur Guimar\u00e3es escreve sobre pol\u00edtica, economia e neg\u00f3cios para o portal de not\u00edcias da Suno Research. Atualmente, \u00e9 estudante de jornalismo pela Faculdade C\u00e1sper L\u00edbero.","url":"https:\/\/www.suno.com.br\/noticias\/author\/arthur-guimaraes\/"}]}},"default_loop_html":"<div class=\"cardsPage__listCard__boxs\"><div class=\"cardsPage__listCard__boxs__img\"><a href=\"https:\/\/www.suno.com.br\/noticias\/campos-neto-inflacao-nao-abandonada-bc\/\"><img class=\"mask\" src=\"https:\/\/www.suno.com.br\/noticias\/wp-content\/themes\/suno\/resources\/images\/spotlight\/spotlight1img\/bg-mask.png\" alt=\"Image Mask\"\/><img src=\"https:\/\/files.sunoresearch.com.br\/n\/uploads\/2019\/03\/62214367-roberto-campos-neto-400x200.webp\" alt=\"Campos Neto: meta de infla\u00e7\u00e3o n\u00e3o foi abandonada pelo BC\"\/><\/a><span class=\"spotlightCategory\"><a href=\"https:\/\/www.suno.com.br\/noticias\/economia\/\">Economia<\/a><\/span><\/div><div class=\"cardsPage__listCard__boxs__content\"><a href=\"https:\/\/www.suno.com.br\/noticias\/campos-neto-inflacao-nao-abandonada-bc\/\"><h2 class=\"content__title\">Campos Neto: meta de infla\u00e7\u00e3o n\u00e3o foi abandonada pelo BC<\/h2><\/a><div class=\"newsContent__article__meta\"><div class=\"newsContent__article__meta__authorBox\"><a href=\"https:\/\/www.suno.com.br\/noticias\/author\/arthur-guimaraes\/\" class=\"authorBox__avatar noMobi\"><img src=\"https:\/\/files.sunoresearch.com.br\/n\/uploads\/2020\/02\/dfb40897-eu-150x150.webp\" alt=\"Arthur Guimar\u00e3es\"><\/a><div class=\"authorBox__name\"><span>por\n\t\t\t<a href=\"https:\/\/www.suno.com.br\/noticias\/author\/arthur-guimaraes\/\"><span itemprop=\"author\">Arthur Guimar\u00e3es<\/span><\/a><\/span><time datetime=\"2020-06-25T15:38:42-03:00\" itemprop=\"datePublished\">25\/06\/2020 15:38<\/time><\/div><\/div><\/div><\/div><\/div>","single_layout":"posts","amp_enabled":true,"_links":{"self":[{"href":"https:\/\/www.suno.com.br\/noticias\/wp-json\/wp\/v2\/posts\/70417"}],"collection":[{"href":"https:\/\/www.suno.com.br\/noticias\/wp-json\/wp\/v2\/posts"}],"about":[{"href":"https:\/\/www.suno.com.br\/noticias\/wp-json\/wp\/v2\/types\/post"}],"author":[{"embeddable":true,"href":"https:\/\/www.suno.com.br\/noticias\/wp-json\/wp\/v2\/users\/35"}],"replies":[{"embeddable":true,"href":"https:\/\/www.suno.com.br\/noticias\/wp-json\/wp\/v2\/comments?post=70417"}],"version-history":[{"count":0,"href":"https:\/\/www.suno.com.br\/noticias\/wp-json\/wp\/v2\/posts\/70417\/revisions"}],"wp:featuredmedia":[{"embeddable":true,"href":"https:\/\/www.suno.com.br\/noticias\/wp-json\/wp\/v2\/media\/19353"}],"wp:attachment":[{"href":"https:\/\/www.suno.com.br\/noticias\/wp-json\/wp\/v2\/media?parent=70417"}],"wp:term":[{"taxonomy":"category","embeddable":true,"href":"https:\/\/www.suno.com.br\/noticias\/wp-json\/wp\/v2\/categories?post=70417"},{"taxonomy":"post_tag","embeddable":true,"href":"https:\/\/www.suno.com.br\/noticias\/wp-json\/wp\/v2\/tags?post=70417"},{"taxonomy":"suno_strategy","embeddable":true,"href":"https:\/\/www.suno.com.br\/noticias\/wp-json\/wp\/v2\/suno_strategy?post=70417"}],"curies":[{"name":"wp","href":"https:\/\/api.w.org\/{rel}","templated":true}]}}