{"id":70376,"date":"2020-06-25T12:17:19","date_gmt":"2020-06-25T15:17:19","guid":{"rendered":"https:\/\/www.suno.com.br\/noticias\/?p=70376"},"modified":"2020-06-25T12:18:31","modified_gmt":"2020-06-25T15:18:31","slug":"revisao-do-pib-dos-eua-confirma-retracao-de-5-no-1t20","status":"publish","type":"post","link":"https:\/\/www.suno.com.br\/noticias\/revisao-do-pib-dos-eua-confirma-retracao-de-5-no-1t20\/","title":{"rendered":"Revis\u00e3o do PIB dos EUA confirma retra\u00e7\u00e3o de 5% no 1T20"},"content":{"rendered":"<p>O <a href=\"https:\/\/www.suno.com.br\/artigos\/pib-produto-interno-bruto\/\">Produto Interno Bruto (PIB)<\/a> dos Estado Unidos registrou queda anualizada de 5% no primeiro trimestre deste ano. Essa \u00e9 a terceira estimativa do indicador divulgado nesta quinta-feira (25) pelo Departamento do Com\u00e9rcio dos <strong>EUA<\/strong>.<\/p>\t<div class=\"wrapper-featured-image\">\n\t\t<figure class=\"spotlightImg\">\n\n\t\t\t<picture>\n\t\t\t\t<source media=\"(max-width: 768px)\" srcset=\"https:\/\/files.sunoresearch.com.br\/n\/uploads\/2019\/10\/6a5dcfb2-eua-fed-400x200.webp\">\n\t\t\t\t<img loading=\"lazy\" decoding=\"async\" class=\"newsContent__article__imgCapa lazyloadDisabled newsContent__article__imgCapa--noCaption\" src=\"https:\/\/files.sunoresearch.com.br\/n\/uploads\/2019\/10\/6a5dcfb2-eua-fed-800x450.webp\" width=\"800\" height=\"450\" alt=\"Revis\u00e3o do PIB dos EUA confirma retra\u00e7\u00e3o de 5% no 1T20\" fetchpriority=high \/>\n\t\t\t<\/picture>\n\n\t\t\t<figcaption class=\"wp-caption-text wp-caption-text--hide\">PIB dos EUA avan\u00e7a 33,1% na 2\u00aa leitura do 3T20<\/figcaption>\n\t\t<\/figure>\n\t<\/div>\n\n\n\n<p>Trata-se da maior queda trimestral desde os \u00faltimos tr\u00eas meses de 2008, quando o PIB havia recuado 8,4%. De acordo com o Departamento, a queda da atividade econ\u00f4mica reflete o avan\u00e7o do novo coronav\u00edrus (covid-19) e as medidas de isolamento nos EUA.<\/p>\n<p>&#8220;Isso levou a mudan\u00e7as r\u00e1pidas na demanda, conforme empresas e escolas entraram em trabalho remoto ou cancelaram suas opera\u00e7\u00f5es, e consumidores cancelaram, restringiram ou redirecionaram seus gastos&#8221;, informou escrit\u00f3rio.<\/p>\n<p><a href=\"https:\/\/lp.suno.com.br\/suno-one\/\">No Suno One voc\u00ea aprende a fazer seu dinheiro trabalhar para voc\u00ea. Cadastre-se gratuitamente agora!<\/a><\/p>\n<h2>PIB dos EUA pode se contrair 53% no 2T20, diz Fed<\/h2>\n<p>O Banco Central norte-americano <a href=\"https:\/\/www.suno.com.br\/artigos\/fed\/\">(Fed)<\/a> em Atlanta divulgou no in\u00edcio deste ano que estima que o PIB\u00a0dos EUA sofrer\u00e1 uma <span style=\"font-size: 1.1429rem;\">diminui\u00e7\u00e3o de mais da 50%<\/span><span style=\"font-size: 1.1429rem;\"> durante o segundo trimestre do ano de 2020. Ano marcado por forte contra\u00e7\u00f5es na atividade industrial do pa\u00eds.<\/span><\/p>\n<p>O indicador de atividade econ\u00f4mica utilizado pelo <a href=\"https:\/\/www.suno.com.br\/artigos\/fed\/\">Fed<\/a> em Atlanta se chama &#8220;GDPNow&#8221; e busca prever o andamento da produ\u00e7\u00e3o atual de acordo com dados dispon\u00edveis do trimestre. Ele traz uma estimativa real do PIB dos EUA, que ser\u00e1 divulgado somente no dia 30 de julho de 2020. O Fed em Nova York utiliza outra ferramenta, chamada &#8220;GDP Nowcast&#8221;. Nela se prev\u00ea uma menor contra\u00e7\u00e3o, de 35,5% durante o segundo trimestre.<\/p>\n<p>A institui\u00e7\u00e3o monet\u00e1ria dos <strong>EUA<\/strong> salientou que o n\u00famero pode chegar a ser mais preciso conforme o trimestre chega ao fim, em junho. Por\u00e9m especialistas indicaram que uma queda de 53% se torna plaus\u00edvel considerando que a produ\u00e7\u00e3o industrial norte-americana continua em forte diminui\u00e7\u00e3o, afetando diretamente os consumos e os investimentos por parte da popula\u00e7\u00e3o.<\/p>\n\n","protected":false},"excerpt":{"rendered":"<p>O Produto Interno Bruto (PIB) dos Estado Unidos registrou queda anualizada de 5% no primeiro trimestre deste ano. Essa \u00e9 a terceira estimativa do indicador divulgado nesta quinta-feira (25) pelo Departamento do Com\u00e9rcio dos EUA. PIB dos EUA avan\u00e7a 33,1% na 2\u00aa leitura do 3T20 Trata-se da maior queda trimestral desde os \u00faltimos tr\u00eas meses [&hellip;]<\/p>\n","protected":false},"author":15,"featured_media":43017,"comment_status":"closed","ping_status":"closed","sticky":false,"template":"","format":"standard","meta":[],"categories":[63],"tags":[793,807],"suno_strategy":[],"class_list":["post-70376","post","type-post","status-publish","format-standard","has-post-thumbnail","hentry","category-internacional","tag-estados-unidos-eua","tag-produto-interno-bruto-pib"],"yoast_head":"<!-- This site is optimized with the Yoast SEO plugin v24.4 - https:\/\/yoast.com\/wordpress\/plugins\/seo\/ -->\n<title>EUA: revis\u00e3o do PIB confirma retra\u00e7\u00e3o de 5% no 1T20<\/title>\n<meta name=\"description\" content=\"O Produto Interno Bruto (PIB) dos EUA registrou queda anualizada de 5% no primeiro trimestre deste ano. Clique aqui\" \/>\n<meta name=\"robots\" content=\"index, follow, max-snippet:-1, max-image-preview:large, max-video-preview:-1\" \/>\n<link rel=\"canonical\" href=\"https:\/\/www.suno.com.br\/noticias\/revisao-do-pib-dos-eua-confirma-retracao-de-5-no-1t20\/\" \/>\n<meta property=\"og:locale\" content=\"pt_BR\" \/>\n<meta property=\"og:type\" content=\"article\" \/>\n<meta property=\"og:title\" content=\"EUA: revis\u00e3o do PIB confirma retra\u00e7\u00e3o de 5% no 1T20\" \/>\n<meta property=\"og:description\" content=\"O Produto Interno Bruto (PIB) dos EUA registrou queda anualizada de 5% no primeiro trimestre deste ano. Clique aqui\" \/>\n<meta property=\"og:url\" content=\"https:\/\/www.suno.com.br\/noticias\/revisao-do-pib-dos-eua-confirma-retracao-de-5-no-1t20\/\" \/>\n<meta property=\"og:site_name\" content=\"Suno Not\u00edcias\" \/>\n<meta property=\"article:publisher\" content=\"https:\/\/facebook.com\/sunoresearch\" \/>\n<meta property=\"og:image\" content=\"https:\/\/files.sunoresearch.com.br\/n\/uploads\/2019\/10\/6a5dcfb2-eua-fed.jpg\" \/>\n\t<meta property=\"og:image:width\" content=\"1920\" \/>\n\t<meta property=\"og:image:height\" content=\"1440\" \/>\n\t<meta property=\"og:image:type\" content=\"image\/jpeg\" \/>\n<meta name=\"author\" content=\"Poliana Santos\" \/>\n<meta name=\"twitter:card\" content=\"summary_large_image\" \/>\n<meta name=\"twitter:creator\" content=\"@sunoresearch\" \/>\n<meta name=\"twitter:site\" content=\"@sunoresearch\" \/>\n<meta name=\"twitter:label1\" content=\"Escrito por\" \/>\n\t<meta name=\"twitter:data1\" content=\"Poliana Santos\" \/>\n\t<meta name=\"twitter:label2\" content=\"Est. tempo de leitura\" \/>\n\t<meta name=\"twitter:data2\" content=\"2 minutos\" \/>\n<script type=\"application\/ld+json\" class=\"yoast-schema-graph\">{\"@context\":\"https:\/\/schema.org\",\"@graph\":[{\"@type\":\"NewsArticle\",\"@id\":\"https:\/\/www.suno.com.br\/noticias\/revisao-do-pib-dos-eua-confirma-retracao-de-5-no-1t20\/#article\",\"isPartOf\":{\"@id\":\"https:\/\/www.suno.com.br\/noticias\/revisao-do-pib-dos-eua-confirma-retracao-de-5-no-1t20\/\"},\"author\":{\"name\":\"Poliana Santos\",\"@id\":\"https:\/\/www.suno.com.br\/noticias\/#\/schema\/person\/02ec1f752758247878a2bf4abee1aeda\"},\"headline\":\"Revis\u00e3o do PIB dos EUA confirma retra\u00e7\u00e3o de 5% no 1T20\",\"datePublished\":\"2020-06-25T15:17:19+00:00\",\"dateModified\":\"2020-06-25T15:18:31+00:00\",\"mainEntityOfPage\":{\"@id\":\"https:\/\/www.suno.com.br\/noticias\/revisao-do-pib-dos-eua-confirma-retracao-de-5-no-1t20\/\"},\"wordCount\":335,\"publisher\":{\"@id\":\"https:\/\/www.suno.com.br\/noticias\/#organization\"},\"image\":{\"@id\":\"https:\/\/www.suno.com.br\/noticias\/revisao-do-pib-dos-eua-confirma-retracao-de-5-no-1t20\/#primaryimage\"},\"thumbnailUrl\":\"https:\/\/files.sunoresearch.com.br\/n\/uploads\/2019\/10\/6a5dcfb2-eua-fed-jpg.webp\",\"keywords\":[\"Estados Unidos (EUA)\",\"Produto Interno Bruto (PIB)\"],\"articleSection\":[\"Internacional\"],\"inLanguage\":\"pt-BR\"},{\"@type\":\"WebPage\",\"@id\":\"https:\/\/www.suno.com.br\/noticias\/revisao-do-pib-dos-eua-confirma-retracao-de-5-no-1t20\/\",\"url\":\"https:\/\/www.suno.com.br\/noticias\/revisao-do-pib-dos-eua-confirma-retracao-de-5-no-1t20\/\",\"name\":\"EUA: revis\u00e3o do PIB confirma retra\u00e7\u00e3o de 5% no 1T20\",\"isPartOf\":{\"@id\":\"https:\/\/www.suno.com.br\/noticias\/#website\"},\"primaryImageOfPage\":{\"@id\":\"https:\/\/www.suno.com.br\/noticias\/revisao-do-pib-dos-eua-confirma-retracao-de-5-no-1t20\/#primaryimage\"},\"image\":{\"@id\":\"https:\/\/www.suno.com.br\/noticias\/revisao-do-pib-dos-eua-confirma-retracao-de-5-no-1t20\/#primaryimage\"},\"thumbnailUrl\":\"https:\/\/files.sunoresearch.com.br\/n\/uploads\/2019\/10\/6a5dcfb2-eua-fed-jpg.webp\",\"datePublished\":\"2020-06-25T15:17:19+00:00\",\"dateModified\":\"2020-06-25T15:18:31+00:00\",\"description\":\"O Produto Interno Bruto (PIB) dos EUA registrou queda anualizada de 5% no primeiro trimestre deste ano. Clique aqui\",\"breadcrumb\":{\"@id\":\"https:\/\/www.suno.com.br\/noticias\/revisao-do-pib-dos-eua-confirma-retracao-de-5-no-1t20\/#breadcrumb\"},\"inLanguage\":\"pt-BR\",\"potentialAction\":[{\"@type\":\"ReadAction\",\"target\":[\"https:\/\/www.suno.com.br\/noticias\/revisao-do-pib-dos-eua-confirma-retracao-de-5-no-1t20\/\"]}]},{\"@type\":\"ImageObject\",\"inLanguage\":\"pt-BR\",\"@id\":\"https:\/\/www.suno.com.br\/noticias\/revisao-do-pib-dos-eua-confirma-retracao-de-5-no-1t20\/#primaryimage\",\"url\":\"https:\/\/files.sunoresearch.com.br\/n\/uploads\/2019\/10\/6a5dcfb2-eua-fed-jpg.webp\",\"contentUrl\":\"https:\/\/files.sunoresearch.com.br\/n\/uploads\/2019\/10\/6a5dcfb2-eua-fed-jpg.webp\",\"width\":1920,\"height\":1440,\"caption\":\"PIB dos EUA avan\u00e7a 33,1% na 2\u00aa leitura do 3T20\"},{\"@type\":\"BreadcrumbList\",\"@id\":\"https:\/\/www.suno.com.br\/noticias\/revisao-do-pib-dos-eua-confirma-retracao-de-5-no-1t20\/#breadcrumb\",\"itemListElement\":[{\"@type\":\"ListItem\",\"position\":1,\"name\":\"Not\u00edcias\",\"item\":\"https:\/\/www.suno.com.br\/noticias\/\"},{\"@type\":\"ListItem\",\"position\":2,\"name\":\"Internacional\",\"item\":\"https:\/\/www.suno.com.br\/noticias\/internacional\/\"},{\"@type\":\"ListItem\",\"position\":3,\"name\":\"Revis\u00e3o do PIB dos EUA confirma retra\u00e7\u00e3o de 5% no 1T20\"}]},{\"@type\":\"WebSite\",\"@id\":\"https:\/\/www.suno.com.br\/noticias\/#website\",\"url\":\"https:\/\/www.suno.com.br\/noticias\/\",\"name\":\"Suno Not\u00edcias\",\"description\":\"Seu portal de informa\u00e7\u00e3o sobre o mundo dos investimentos\",\"publisher\":{\"@id\":\"https:\/\/www.suno.com.br\/noticias\/#organization\"},\"potentialAction\":[{\"@type\":\"SearchAction\",\"target\":{\"@type\":\"EntryPoint\",\"urlTemplate\":\"https:\/\/www.suno.com.br\/noticias\/?s={search_term_string}\"},\"query-input\":{\"@type\":\"PropertyValueSpecification\",\"valueRequired\":true,\"valueName\":\"search_term_string\"}}],\"inLanguage\":\"pt-BR\"},{\"@type\":\"Organization\",\"@id\":\"https:\/\/www.suno.com.br\/noticias\/#organization\",\"name\":\"Suno Not\u00edcias\",\"url\":\"https:\/\/www.suno.com.br\/noticias\/\",\"logo\":{\"@type\":\"ImageObject\",\"inLanguage\":\"pt-BR\",\"@id\":\"https:\/\/www.suno.com.br\/noticias\/#\/schema\/logo\/image\/\",\"url\":\"https:\/\/files.sunoresearch.com.br\/n\/uploads\/2021\/09\/suno-logo.png\",\"contentUrl\":\"https:\/\/files.sunoresearch.com.br\/n\/uploads\/2021\/09\/suno-logo.png\",\"width\":180,\"height\":180,\"caption\":\"Suno Not\u00edcias\"},\"image\":{\"@id\":\"https:\/\/www.suno.com.br\/noticias\/#\/schema\/logo\/image\/\"},\"sameAs\":[\"https:\/\/facebook.com\/sunoresearch\",\"https:\/\/x.com\/sunoresearch\",\"https:\/\/www.instagram.com\/suno\",\"https:\/\/www.linkedin.com\/company\/suno-research\/\",\"https:\/\/www.youtube.com\/c\/sunoresearch\"]},{\"@type\":\"Person\",\"@id\":\"https:\/\/www.suno.com.br\/noticias\/#\/schema\/person\/02ec1f752758247878a2bf4abee1aeda\",\"name\":\"Poliana Santos\",\"image\":{\"@type\":\"ImageObject\",\"inLanguage\":\"pt-BR\",\"@id\":\"https:\/\/www.suno.com.br\/noticias\/#\/schema\/person\/image\/\",\"url\":\"https:\/\/secure.gravatar.com\/avatar\/0645bd32f23d87b2130f2b2dff1d3f8d?s=96&r=g\",\"contentUrl\":\"https:\/\/secure.gravatar.com\/avatar\/0645bd32f23d87b2130f2b2dff1d3f8d?s=96&r=g\",\"caption\":\"Poliana Santos\"},\"description\":\"Rep\u00f3rter no Suno Not\u00edcias, com cobertura em mercado financeiro, economia, finan\u00e7as pessoais, renda fixa e varejo. Jornalista formada pela Faculdade C\u00e1sper L\u00edbero e possui passagem na R\u00e1dio Gazeta AM com a produ\u00e7\u00e3o de conte\u00fado sobre economia, pol\u00edtica, sa\u00fade, moda e m\u00fasica. Possui certificado de conclus\u00e3o do curso de An\u00e1lise de Balan\u00e7os pela Funda\u00e7\u00e3o Bradesco, Agenda Brasil pela FAAP, Educa\u00e7\u00e3o Pol\u00edtica por Alexandre Garcia e do Tesouro Direto e Mercado de A\u00e7\u00f5es pela B3.\",\"url\":\"https:\/\/www.suno.com.br\/noticias\/author\/poliana-santos\/\"}]}<\/script>\n<!-- \/ Yoast SEO plugin. -->","yoast_head_json":{"title":"EUA: revis\u00e3o do PIB confirma retra\u00e7\u00e3o de 5% no 1T20","description":"O Produto Interno Bruto (PIB) dos EUA registrou queda anualizada de 5% no primeiro trimestre deste ano. Clique aqui","robots":{"index":"index","follow":"follow","max-snippet":"max-snippet:-1","max-image-preview":"max-image-preview:large","max-video-preview":"max-video-preview:-1"},"canonical":"https:\/\/www.suno.com.br\/noticias\/revisao-do-pib-dos-eua-confirma-retracao-de-5-no-1t20\/","og_locale":"pt_BR","og_type":"article","og_title":"EUA: revis\u00e3o do PIB confirma retra\u00e7\u00e3o de 5% no 1T20","og_description":"O Produto Interno Bruto (PIB) dos EUA registrou queda anualizada de 5% no primeiro trimestre deste ano. Clique aqui","og_url":"https:\/\/www.suno.com.br\/noticias\/revisao-do-pib-dos-eua-confirma-retracao-de-5-no-1t20\/","og_site_name":"Suno Not\u00edcias","article_publisher":"https:\/\/facebook.com\/sunoresearch","og_image":[{"width":1920,"height":1440,"url":"https:\/\/files.sunoresearch.com.br\/n\/uploads\/2019\/10\/6a5dcfb2-eua-fed.jpg","type":"image\/jpeg"}],"author":"Poliana Santos","twitter_card":"summary_large_image","twitter_creator":"@sunoresearch","twitter_site":"@sunoresearch","twitter_misc":{"Escrito por":"Poliana Santos","Est. tempo de leitura":"2 minutos"},"schema":{"@context":"https:\/\/schema.org","@graph":[{"@type":"NewsArticle","@id":"https:\/\/www.suno.com.br\/noticias\/revisao-do-pib-dos-eua-confirma-retracao-de-5-no-1t20\/#article","isPartOf":{"@id":"https:\/\/www.suno.com.br\/noticias\/revisao-do-pib-dos-eua-confirma-retracao-de-5-no-1t20\/"},"author":{"name":"Poliana Santos","@id":"https:\/\/www.suno.com.br\/noticias\/#\/schema\/person\/02ec1f752758247878a2bf4abee1aeda"},"headline":"Revis\u00e3o do PIB dos EUA confirma retra\u00e7\u00e3o de 5% no 1T20","datePublished":"2020-06-25T15:17:19+00:00","dateModified":"2020-06-25T15:18:31+00:00","mainEntityOfPage":{"@id":"https:\/\/www.suno.com.br\/noticias\/revisao-do-pib-dos-eua-confirma-retracao-de-5-no-1t20\/"},"wordCount":335,"publisher":{"@id":"https:\/\/www.suno.com.br\/noticias\/#organization"},"image":{"@id":"https:\/\/www.suno.com.br\/noticias\/revisao-do-pib-dos-eua-confirma-retracao-de-5-no-1t20\/#primaryimage"},"thumbnailUrl":"https:\/\/files.sunoresearch.com.br\/n\/uploads\/2019\/10\/6a5dcfb2-eua-fed-jpg.webp","keywords":["Estados Unidos (EUA)","Produto Interno Bruto (PIB)"],"articleSection":["Internacional"],"inLanguage":"pt-BR"},{"@type":"WebPage","@id":"https:\/\/www.suno.com.br\/noticias\/revisao-do-pib-dos-eua-confirma-retracao-de-5-no-1t20\/","url":"https:\/\/www.suno.com.br\/noticias\/revisao-do-pib-dos-eua-confirma-retracao-de-5-no-1t20\/","name":"EUA: revis\u00e3o do PIB confirma retra\u00e7\u00e3o de 5% no 1T20","isPartOf":{"@id":"https:\/\/www.suno.com.br\/noticias\/#website"},"primaryImageOfPage":{"@id":"https:\/\/www.suno.com.br\/noticias\/revisao-do-pib-dos-eua-confirma-retracao-de-5-no-1t20\/#primaryimage"},"image":{"@id":"https:\/\/www.suno.com.br\/noticias\/revisao-do-pib-dos-eua-confirma-retracao-de-5-no-1t20\/#primaryimage"},"thumbnailUrl":"https:\/\/files.sunoresearch.com.br\/n\/uploads\/2019\/10\/6a5dcfb2-eua-fed-jpg.webp","datePublished":"2020-06-25T15:17:19+00:00","dateModified":"2020-06-25T15:18:31+00:00","description":"O Produto Interno Bruto (PIB) dos EUA registrou queda anualizada de 5% no primeiro trimestre deste ano. Clique aqui","breadcrumb":{"@id":"https:\/\/www.suno.com.br\/noticias\/revisao-do-pib-dos-eua-confirma-retracao-de-5-no-1t20\/#breadcrumb"},"inLanguage":"pt-BR","potentialAction":[{"@type":"ReadAction","target":["https:\/\/www.suno.com.br\/noticias\/revisao-do-pib-dos-eua-confirma-retracao-de-5-no-1t20\/"]}]},{"@type":"ImageObject","inLanguage":"pt-BR","@id":"https:\/\/www.suno.com.br\/noticias\/revisao-do-pib-dos-eua-confirma-retracao-de-5-no-1t20\/#primaryimage","url":"https:\/\/files.sunoresearch.com.br\/n\/uploads\/2019\/10\/6a5dcfb2-eua-fed-jpg.webp","contentUrl":"https:\/\/files.sunoresearch.com.br\/n\/uploads\/2019\/10\/6a5dcfb2-eua-fed-jpg.webp","width":1920,"height":1440,"caption":"PIB dos EUA avan\u00e7a 33,1% na 2\u00aa leitura do 3T20"},{"@type":"BreadcrumbList","@id":"https:\/\/www.suno.com.br\/noticias\/revisao-do-pib-dos-eua-confirma-retracao-de-5-no-1t20\/#breadcrumb","itemListElement":[{"@type":"ListItem","position":1,"name":"Not\u00edcias","item":"https:\/\/www.suno.com.br\/noticias\/"},{"@type":"ListItem","position":2,"name":"Internacional","item":"https:\/\/www.suno.com.br\/noticias\/internacional\/"},{"@type":"ListItem","position":3,"name":"Revis\u00e3o do PIB dos EUA confirma retra\u00e7\u00e3o de 5% no 1T20"}]},{"@type":"WebSite","@id":"https:\/\/www.suno.com.br\/noticias\/#website","url":"https:\/\/www.suno.com.br\/noticias\/","name":"Suno Not\u00edcias","description":"Seu portal de informa\u00e7\u00e3o sobre o mundo dos investimentos","publisher":{"@id":"https:\/\/www.suno.com.br\/noticias\/#organization"},"potentialAction":[{"@type":"SearchAction","target":{"@type":"EntryPoint","urlTemplate":"https:\/\/www.suno.com.br\/noticias\/?s={search_term_string}"},"query-input":{"@type":"PropertyValueSpecification","valueRequired":true,"valueName":"search_term_string"}}],"inLanguage":"pt-BR"},{"@type":"Organization","@id":"https:\/\/www.suno.com.br\/noticias\/#organization","name":"Suno Not\u00edcias","url":"https:\/\/www.suno.com.br\/noticias\/","logo":{"@type":"ImageObject","inLanguage":"pt-BR","@id":"https:\/\/www.suno.com.br\/noticias\/#\/schema\/logo\/image\/","url":"https:\/\/files.sunoresearch.com.br\/n\/uploads\/2021\/09\/suno-logo.png","contentUrl":"https:\/\/files.sunoresearch.com.br\/n\/uploads\/2021\/09\/suno-logo.png","width":180,"height":180,"caption":"Suno Not\u00edcias"},"image":{"@id":"https:\/\/www.suno.com.br\/noticias\/#\/schema\/logo\/image\/"},"sameAs":["https:\/\/facebook.com\/sunoresearch","https:\/\/x.com\/sunoresearch","https:\/\/www.instagram.com\/suno","https:\/\/www.linkedin.com\/company\/suno-research\/","https:\/\/www.youtube.com\/c\/sunoresearch"]},{"@type":"Person","@id":"https:\/\/www.suno.com.br\/noticias\/#\/schema\/person\/02ec1f752758247878a2bf4abee1aeda","name":"Poliana Santos","image":{"@type":"ImageObject","inLanguage":"pt-BR","@id":"https:\/\/www.suno.com.br\/noticias\/#\/schema\/person\/image\/","url":"https:\/\/secure.gravatar.com\/avatar\/0645bd32f23d87b2130f2b2dff1d3f8d?s=96&r=g","contentUrl":"https:\/\/secure.gravatar.com\/avatar\/0645bd32f23d87b2130f2b2dff1d3f8d?s=96&r=g","caption":"Poliana Santos"},"description":"Rep\u00f3rter no Suno Not\u00edcias, com cobertura em mercado financeiro, economia, finan\u00e7as pessoais, renda fixa e varejo. Jornalista formada pela Faculdade C\u00e1sper L\u00edbero e possui passagem na R\u00e1dio Gazeta AM com a produ\u00e7\u00e3o de conte\u00fado sobre economia, pol\u00edtica, sa\u00fade, moda e m\u00fasica. Possui certificado de conclus\u00e3o do curso de An\u00e1lise de Balan\u00e7os pela Funda\u00e7\u00e3o Bradesco, Agenda Brasil pela FAAP, Educa\u00e7\u00e3o Pol\u00edtica por Alexandre Garcia e do Tesouro Direto e Mercado de A\u00e7\u00f5es pela B3.","url":"https:\/\/www.suno.com.br\/noticias\/author\/poliana-santos\/"}]}},"default_loop_html":"<div class=\"cardsPage__listCard__boxs\"><div class=\"cardsPage__listCard__boxs__img\"><a href=\"https:\/\/www.suno.com.br\/noticias\/revisao-do-pib-dos-eua-confirma-retracao-de-5-no-1t20\/\"><img class=\"mask\" src=\"https:\/\/www.suno.com.br\/noticias\/wp-content\/themes\/suno\/resources\/images\/spotlight\/spotlight1img\/bg-mask.png\" alt=\"Image Mask\"\/><img src=\"https:\/\/files.sunoresearch.com.br\/n\/uploads\/2019\/10\/6a5dcfb2-eua-fed-400x200.webp\" alt=\"Revis\u00e3o do PIB dos EUA confirma retra\u00e7\u00e3o de 5% no 1T20\"\/><\/a><span class=\"spotlightCategory\"><a href=\"https:\/\/www.suno.com.br\/noticias\/internacional\/\">Internacional<\/a><\/span><\/div><div class=\"cardsPage__listCard__boxs__content\"><a href=\"https:\/\/www.suno.com.br\/noticias\/revisao-do-pib-dos-eua-confirma-retracao-de-5-no-1t20\/\"><h2 class=\"content__title\">Revis\u00e3o do PIB dos EUA confirma retra\u00e7\u00e3o de 5% no 1T20<\/h2><\/a><div class=\"newsContent__article__meta\"><div class=\"newsContent__article__meta__authorBox\"><a href=\"https:\/\/www.suno.com.br\/noticias\/author\/poliana-santos\/\" class=\"authorBox__avatar noMobi\"><img src=\"https:\/\/files.sunoresearch.com.br\/n\/uploads\/2020\/08\/7ef34026-whatsapp-image-2020-08-03-at-12.37.57-150x150.webp\" alt=\"Poliana Santos\"><\/a><div class=\"authorBox__name\"><span>por\n\t\t\t<a href=\"https:\/\/www.suno.com.br\/noticias\/author\/poliana-santos\/\"><span itemprop=\"author\">Poliana Santos<\/span><\/a><\/span><time datetime=\"2020-06-25T12:17:19-03:00\" itemprop=\"datePublished\">25\/06\/2020 12:17<\/time><\/div><\/div><\/div><\/div><\/div>","single_layout":"posts","amp_enabled":true,"_links":{"self":[{"href":"https:\/\/www.suno.com.br\/noticias\/wp-json\/wp\/v2\/posts\/70376"}],"collection":[{"href":"https:\/\/www.suno.com.br\/noticias\/wp-json\/wp\/v2\/posts"}],"about":[{"href":"https:\/\/www.suno.com.br\/noticias\/wp-json\/wp\/v2\/types\/post"}],"author":[{"embeddable":true,"href":"https:\/\/www.suno.com.br\/noticias\/wp-json\/wp\/v2\/users\/15"}],"replies":[{"embeddable":true,"href":"https:\/\/www.suno.com.br\/noticias\/wp-json\/wp\/v2\/comments?post=70376"}],"version-history":[{"count":0,"href":"https:\/\/www.suno.com.br\/noticias\/wp-json\/wp\/v2\/posts\/70376\/revisions"}],"wp:featuredmedia":[{"embeddable":true,"href":"https:\/\/www.suno.com.br\/noticias\/wp-json\/wp\/v2\/media\/43017"}],"wp:attachment":[{"href":"https:\/\/www.suno.com.br\/noticias\/wp-json\/wp\/v2\/media?parent=70376"}],"wp:term":[{"taxonomy":"category","embeddable":true,"href":"https:\/\/www.suno.com.br\/noticias\/wp-json\/wp\/v2\/categories?post=70376"},{"taxonomy":"post_tag","embeddable":true,"href":"https:\/\/www.suno.com.br\/noticias\/wp-json\/wp\/v2\/tags?post=70376"},{"taxonomy":"suno_strategy","embeddable":true,"href":"https:\/\/www.suno.com.br\/noticias\/wp-json\/wp\/v2\/suno_strategy?post=70376"}],"curies":[{"name":"wp","href":"https:\/\/api.w.org\/{rel}","templated":true}]}}