{"id":70318,"date":"2020-06-25T07:13:17","date_gmt":"2020-06-25T10:13:17","guid":{"rendered":"https:\/\/www.suno.com.br\/noticias\/?p=70318"},"modified":"2020-06-25T12:31:36","modified_gmt":"2020-06-25T15:31:36","slug":"cvc-cvcb3-renuncia-diretor-companhia","status":"publish","type":"post","link":"https:\/\/www.suno.com.br\/noticias\/cvc-cvcb3-renuncia-diretor-companhia\/","title":{"rendered":"CVC (CVCB3) comunica ren\u00fancia de diretor da companhia"},"content":{"rendered":"<p>A <a href=\"https:\/\/www.suno.com.br\/acoes\/cvcb3\/\"><strong>CVC<\/strong> (CVCB3)<\/a> comunicou aos seus acionistas e ao mercado em geral, na noite da \u00faltima quarta-feira (24), que, no dia 23 de junho de 2020, Jacques Douglas Varaschim renunciou ao cargo de diretor de tecnologia da informa\u00e7\u00e3o da empresa.<\/p>\t<div class=\"wrapper-featured-image\">\n\t\t<figure class=\"spotlightImg\">\n\n\t\t\t<picture>\n\t\t\t\t<source media=\"(max-width: 768px)\" srcset=\"https:\/\/files.sunoresearch.com.br\/n\/uploads\/2019\/02\/06baede6-cvc-viagens-400x200.webp\">\n\t\t\t\t<img loading=\"lazy\" decoding=\"async\" class=\"newsContent__article__imgCapa lazyloadDisabled newsContent__article__imgCapa--noCaption\" src=\"https:\/\/files.sunoresearch.com.br\/n\/uploads\/2019\/02\/06baede6-cvc-viagens-800x450.webp\" width=\"800\" height=\"450\" alt=\"CVC (CVCB3) comunica ren\u00fancia de diretor da companhia\" fetchpriority=high \/>\n\t\t\t<\/picture>\n\n\t\t\t<figcaption class=\"wp-caption-text wp-caption-text--hide\">Os destaques de empresas do Suno Not\u00edcias mostram os principais acontecimentos que prometem movimentar o mercado durante o dia.<\/figcaption>\n\t\t<\/figure>\n\t<\/div>\n\n\n\n<p>Varaschim dever\u00e1 permanecer at\u00e9 o dia 16 de julho a frente do cargo. Em nota, a CVC agradeceu o executivo Jacques Douglas Varaschim pela dedica\u00e7\u00e3o e desejou sucesso em sua nova jornada.<\/p>\n<p>O diretor \u00e9 formado pela Universidade Federal do Rio Grande do Sul em ci\u00eancias da computa\u00e7\u00e3o e antes da CVC ocupo o cargo de diretor de Tecnologia e Opera\u00e7\u00f5es no site &#8220;Globo.com&#8221;. Ele tamb\u00e9m foi gerente de tecnologia na Promon Tecnologia Ltda.<\/p>\n<p><a href=\"https:\/\/lp.suno.com.br\/suno-one\/\">No Suno One voc\u00ea aprende a fazer seu dinheiro trabalhar para voc\u00ea. Cadastre-se gratuitamente agora!<\/a><\/p>\n<h2>Retomada de atividades da CVC<\/h2>\n<p>A maior companhia de turismo do Brasil anunciou h\u00e1 menos de uma semana que est\u00e1 se preparando para voltar aos trabalhos. A empresa pretende retomar a totalidade de suas opera\u00e7\u00f5es a partir do dia 1 de julho. As informa\u00e7\u00f5es s\u00e3o do jornal &#8220;Valor Econ\u00f4mico&#8221; e foram publicadas na \u00faltima sexta-feira (19)<\/p>\n<p>Ao jornal, o presidente da CVC, <strong>Leonel Andrade<\/strong>, afirmou que a companhia aproveitou o tempo de paralisa\u00e7\u00e3o, devido as medidas para mitigar a dissemina\u00e7\u00e3o de coronav\u00edrus, para acelerar o seu processo de transforma\u00e7\u00e3o digital. A publica\u00e7\u00e3o tamb\u00e9m dizia que a empresa estava planejando mudan\u00e7as na gest\u00e3o de marcas.<\/p>\n<p>As lojas da CVC come\u00e7aram a reabrir neste m\u00eas. Grande parte dos empreendimentos est\u00e3o sendo reabertos de forma gradual em shoppings, que retomaram as atividades recentemente. De 1400 lojas, 928 j\u00e1 foram reabertas pela companhia.<\/p>\n<p>A pandemia de coronav\u00edrus afetou bastante os neg\u00f3cios da empresa, j\u00e1 que o setor de turismo foi um dos que mais sofreram neste per\u00edodo. A <strong>CVC<\/strong>, no entanto, tomou algumas precau\u00e7\u00f5es para preservar o caixa, como por exemplo o corte de gastos, incluindo a diminui\u00e7\u00e3o da jornada e do sal\u00e1rio do seu quadro geral de colaboradores em 50% entre abril e junho. Membros do conselho e da dire\u00e7\u00e3o da empresa tamb\u00e9m sofreram um corte de 50% em seus sal\u00e1rios nos meses em quest\u00e3o. Ademais, a empresa suspendeu investimentos que estavam planejados para a \u00e1rea de marketing.<\/p>\n\n","protected":false},"excerpt":{"rendered":"<p>A CVC (CVCB3) comunicou aos seus acionistas e ao mercado em geral, na noite da \u00faltima quarta-feira (24), que, no dia 23 de junho de 2020, Jacques Douglas Varaschim renunciou ao cargo de diretor de tecnologia da informa\u00e7\u00e3o da empresa. Os destaques de empresas do Suno Not\u00edcias mostram os principais acontecimentos que prometem movimentar o [&hellip;]<\/p>\n","protected":false},"author":19,"featured_media":16346,"comment_status":"closed","ping_status":"closed","sticky":false,"template":"","format":"standard","meta":[],"categories":[64],"tags":[442],"suno_strategy":[],"class_list":["post-70318","post","type-post","status-publish","format-standard","has-post-thumbnail","hentry","category-negocios","tag-cvc-cvcb3"],"yoast_head":"<!-- This site is optimized with the Yoast SEO plugin v24.4 - https:\/\/yoast.com\/wordpress\/plugins\/seo\/ -->\n<title>CVC (CVCB3) anuncia ren\u00fancia de diretor da companhia<\/title>\n<meta name=\"description\" content=\"A CVC (CVCB3) comunicou que, no dia 23 de junho de 2020, o Sr. Jacques Douglas Varaschim renunciou ao cargo de diretor da empresa.\u00a0\" \/>\n<meta name=\"robots\" content=\"index, follow, max-snippet:-1, max-image-preview:large, max-video-preview:-1\" \/>\n<link rel=\"canonical\" href=\"https:\/\/www.suno.com.br\/noticias\/cvc-cvcb3-renuncia-diretor-companhia\/\" \/>\n<meta property=\"og:locale\" content=\"pt_BR\" \/>\n<meta property=\"og:type\" content=\"article\" \/>\n<meta property=\"og:title\" content=\"CVC (CVCB3) anuncia ren\u00fancia de diretor da companhia\" \/>\n<meta property=\"og:description\" content=\"A CVC (CVCB3) comunicou que, no dia 23 de junho de 2020, o Sr. Jacques Douglas Varaschim renunciou ao cargo de diretor da empresa.\u00a0\" \/>\n<meta property=\"og:url\" content=\"https:\/\/www.suno.com.br\/noticias\/cvc-cvcb3-renuncia-diretor-companhia\/\" \/>\n<meta property=\"og:site_name\" content=\"Suno Not\u00edcias\" \/>\n<meta property=\"article:publisher\" content=\"https:\/\/facebook.com\/sunoresearch\" \/>\n<meta property=\"og:image\" content=\"https:\/\/files.sunoresearch.com.br\/n\/uploads\/2019\/02\/06baede6-cvc-viagens.jpg\" \/>\n\t<meta property=\"og:image:width\" content=\"1024\" \/>\n\t<meta property=\"og:image:height\" content=\"683\" \/>\n\t<meta property=\"og:image:type\" content=\"image\/jpeg\" \/>\n<meta name=\"author\" content=\"Juliano Passaro\" \/>\n<meta name=\"twitter:card\" content=\"summary_large_image\" \/>\n<meta name=\"twitter:creator\" content=\"@sunoresearch\" \/>\n<meta name=\"twitter:site\" content=\"@sunoresearch\" \/>\n<meta name=\"twitter:label1\" content=\"Escrito por\" \/>\n\t<meta name=\"twitter:data1\" content=\"Juliano Passaro\" \/>\n\t<meta name=\"twitter:label2\" content=\"Est. tempo de leitura\" \/>\n\t<meta name=\"twitter:data2\" content=\"2 minutos\" \/>\n<script type=\"application\/ld+json\" class=\"yoast-schema-graph\">{\"@context\":\"https:\/\/schema.org\",\"@graph\":[{\"@type\":\"NewsArticle\",\"@id\":\"https:\/\/www.suno.com.br\/noticias\/cvc-cvcb3-renuncia-diretor-companhia\/#article\",\"isPartOf\":{\"@id\":\"https:\/\/www.suno.com.br\/noticias\/cvc-cvcb3-renuncia-diretor-companhia\/\"},\"author\":{\"name\":\"Juliano Passaro\",\"@id\":\"https:\/\/www.suno.com.br\/noticias\/#\/schema\/person\/1db762f78ffd8919a648a63e425953e3\"},\"headline\":\"CVC (CVCB3) comunica ren\u00fancia de diretor da companhia\",\"datePublished\":\"2020-06-25T10:13:17+00:00\",\"dateModified\":\"2020-06-25T15:31:36+00:00\",\"mainEntityOfPage\":{\"@id\":\"https:\/\/www.suno.com.br\/noticias\/cvc-cvcb3-renuncia-diretor-companhia\/\"},\"wordCount\":402,\"publisher\":{\"@id\":\"https:\/\/www.suno.com.br\/noticias\/#organization\"},\"image\":{\"@id\":\"https:\/\/www.suno.com.br\/noticias\/cvc-cvcb3-renuncia-diretor-companhia\/#primaryimage\"},\"thumbnailUrl\":\"https:\/\/files.sunoresearch.com.br\/n\/uploads\/2019\/02\/06baede6-cvc-viagens-jpg.webp\",\"keywords\":[\"CVC (CVCB3)\"],\"articleSection\":[\"Neg\u00f3cios\"],\"inLanguage\":\"pt-BR\"},{\"@type\":\"WebPage\",\"@id\":\"https:\/\/www.suno.com.br\/noticias\/cvc-cvcb3-renuncia-diretor-companhia\/\",\"url\":\"https:\/\/www.suno.com.br\/noticias\/cvc-cvcb3-renuncia-diretor-companhia\/\",\"name\":\"CVC (CVCB3) anuncia ren\u00fancia de diretor da companhia\",\"isPartOf\":{\"@id\":\"https:\/\/www.suno.com.br\/noticias\/#website\"},\"primaryImageOfPage\":{\"@id\":\"https:\/\/www.suno.com.br\/noticias\/cvc-cvcb3-renuncia-diretor-companhia\/#primaryimage\"},\"image\":{\"@id\":\"https:\/\/www.suno.com.br\/noticias\/cvc-cvcb3-renuncia-diretor-companhia\/#primaryimage\"},\"thumbnailUrl\":\"https:\/\/files.sunoresearch.com.br\/n\/uploads\/2019\/02\/06baede6-cvc-viagens-jpg.webp\",\"datePublished\":\"2020-06-25T10:13:17+00:00\",\"dateModified\":\"2020-06-25T15:31:36+00:00\",\"description\":\"A CVC (CVCB3) comunicou que, no dia 23 de junho de 2020, o Sr. Jacques Douglas Varaschim renunciou ao cargo de diretor da empresa.\u00a0\",\"breadcrumb\":{\"@id\":\"https:\/\/www.suno.com.br\/noticias\/cvc-cvcb3-renuncia-diretor-companhia\/#breadcrumb\"},\"inLanguage\":\"pt-BR\",\"potentialAction\":[{\"@type\":\"ReadAction\",\"target\":[\"https:\/\/www.suno.com.br\/noticias\/cvc-cvcb3-renuncia-diretor-companhia\/\"]}]},{\"@type\":\"ImageObject\",\"inLanguage\":\"pt-BR\",\"@id\":\"https:\/\/www.suno.com.br\/noticias\/cvc-cvcb3-renuncia-diretor-companhia\/#primaryimage\",\"url\":\"https:\/\/files.sunoresearch.com.br\/n\/uploads\/2019\/02\/06baede6-cvc-viagens-jpg.webp\",\"contentUrl\":\"https:\/\/files.sunoresearch.com.br\/n\/uploads\/2019\/02\/06baede6-cvc-viagens-jpg.webp\",\"width\":1024,\"height\":683,\"caption\":\"Os destaques de empresas do Suno Not\u00edcias mostram os principais acontecimentos que prometem movimentar o mercado durante o dia.\"},{\"@type\":\"BreadcrumbList\",\"@id\":\"https:\/\/www.suno.com.br\/noticias\/cvc-cvcb3-renuncia-diretor-companhia\/#breadcrumb\",\"itemListElement\":[{\"@type\":\"ListItem\",\"position\":1,\"name\":\"Not\u00edcias\",\"item\":\"https:\/\/www.suno.com.br\/noticias\/\"},{\"@type\":\"ListItem\",\"position\":2,\"name\":\"Neg\u00f3cios\",\"item\":\"https:\/\/www.suno.com.br\/noticias\/negocios\/\"},{\"@type\":\"ListItem\",\"position\":3,\"name\":\"CVC (CVCB3) comunica ren\u00fancia de diretor da companhia\"}]},{\"@type\":\"WebSite\",\"@id\":\"https:\/\/www.suno.com.br\/noticias\/#website\",\"url\":\"https:\/\/www.suno.com.br\/noticias\/\",\"name\":\"Suno Not\u00edcias\",\"description\":\"Seu portal de informa\u00e7\u00e3o sobre o mundo dos investimentos\",\"publisher\":{\"@id\":\"https:\/\/www.suno.com.br\/noticias\/#organization\"},\"potentialAction\":[{\"@type\":\"SearchAction\",\"target\":{\"@type\":\"EntryPoint\",\"urlTemplate\":\"https:\/\/www.suno.com.br\/noticias\/?s={search_term_string}\"},\"query-input\":{\"@type\":\"PropertyValueSpecification\",\"valueRequired\":true,\"valueName\":\"search_term_string\"}}],\"inLanguage\":\"pt-BR\"},{\"@type\":\"Organization\",\"@id\":\"https:\/\/www.suno.com.br\/noticias\/#organization\",\"name\":\"Suno Not\u00edcias\",\"url\":\"https:\/\/www.suno.com.br\/noticias\/\",\"logo\":{\"@type\":\"ImageObject\",\"inLanguage\":\"pt-BR\",\"@id\":\"https:\/\/www.suno.com.br\/noticias\/#\/schema\/logo\/image\/\",\"url\":\"https:\/\/files.sunoresearch.com.br\/n\/uploads\/2021\/09\/suno-logo.png\",\"contentUrl\":\"https:\/\/files.sunoresearch.com.br\/n\/uploads\/2021\/09\/suno-logo.png\",\"width\":180,\"height\":180,\"caption\":\"Suno Not\u00edcias\"},\"image\":{\"@id\":\"https:\/\/www.suno.com.br\/noticias\/#\/schema\/logo\/image\/\"},\"sameAs\":[\"https:\/\/facebook.com\/sunoresearch\",\"https:\/\/x.com\/sunoresearch\",\"https:\/\/www.instagram.com\/suno\",\"https:\/\/www.linkedin.com\/company\/suno-research\/\",\"https:\/\/www.youtube.com\/c\/sunoresearch\"]},{\"@type\":\"Person\",\"@id\":\"https:\/\/www.suno.com.br\/noticias\/#\/schema\/person\/1db762f78ffd8919a648a63e425953e3\",\"name\":\"Juliano Passaro\",\"image\":{\"@type\":\"ImageObject\",\"inLanguage\":\"pt-BR\",\"@id\":\"https:\/\/www.suno.com.br\/noticias\/#\/schema\/person\/image\/\",\"url\":\"https:\/\/secure.gravatar.com\/avatar\/743d4df28eebf6dcc46b4ad03c319e92?s=96&r=g\",\"contentUrl\":\"https:\/\/secure.gravatar.com\/avatar\/743d4df28eebf6dcc46b4ad03c319e92?s=96&r=g\",\"caption\":\"Juliano Passaro\"},\"description\":\"Juliano Passaro escreve sobre pol\u00edtica, economia e neg\u00f3cios para o portal da Suno Research. Antes da Suno, trabalhou no Portal da Band. \u00c9 formado em jornalismo pela Universidade Presbiteriana Mackenzie.\",\"url\":\"https:\/\/www.suno.com.br\/noticias\/author\/juliano\/\"}]}<\/script>\n<!-- \/ Yoast SEO plugin. -->","yoast_head_json":{"title":"CVC (CVCB3) anuncia ren\u00fancia de diretor da companhia","description":"A CVC (CVCB3) comunicou que, no dia 23 de junho de 2020, o Sr. Jacques Douglas Varaschim renunciou ao cargo de diretor da empresa.\u00a0","robots":{"index":"index","follow":"follow","max-snippet":"max-snippet:-1","max-image-preview":"max-image-preview:large","max-video-preview":"max-video-preview:-1"},"canonical":"https:\/\/www.suno.com.br\/noticias\/cvc-cvcb3-renuncia-diretor-companhia\/","og_locale":"pt_BR","og_type":"article","og_title":"CVC (CVCB3) anuncia ren\u00fancia de diretor da companhia","og_description":"A CVC (CVCB3) comunicou que, no dia 23 de junho de 2020, o Sr. Jacques Douglas Varaschim renunciou ao cargo de diretor da empresa.\u00a0","og_url":"https:\/\/www.suno.com.br\/noticias\/cvc-cvcb3-renuncia-diretor-companhia\/","og_site_name":"Suno Not\u00edcias","article_publisher":"https:\/\/facebook.com\/sunoresearch","og_image":[{"width":1024,"height":683,"url":"https:\/\/files.sunoresearch.com.br\/n\/uploads\/2019\/02\/06baede6-cvc-viagens.jpg","type":"image\/jpeg"}],"author":"Juliano Passaro","twitter_card":"summary_large_image","twitter_creator":"@sunoresearch","twitter_site":"@sunoresearch","twitter_misc":{"Escrito por":"Juliano Passaro","Est. tempo de leitura":"2 minutos"},"schema":{"@context":"https:\/\/schema.org","@graph":[{"@type":"NewsArticle","@id":"https:\/\/www.suno.com.br\/noticias\/cvc-cvcb3-renuncia-diretor-companhia\/#article","isPartOf":{"@id":"https:\/\/www.suno.com.br\/noticias\/cvc-cvcb3-renuncia-diretor-companhia\/"},"author":{"name":"Juliano Passaro","@id":"https:\/\/www.suno.com.br\/noticias\/#\/schema\/person\/1db762f78ffd8919a648a63e425953e3"},"headline":"CVC (CVCB3) comunica ren\u00fancia de diretor da companhia","datePublished":"2020-06-25T10:13:17+00:00","dateModified":"2020-06-25T15:31:36+00:00","mainEntityOfPage":{"@id":"https:\/\/www.suno.com.br\/noticias\/cvc-cvcb3-renuncia-diretor-companhia\/"},"wordCount":402,"publisher":{"@id":"https:\/\/www.suno.com.br\/noticias\/#organization"},"image":{"@id":"https:\/\/www.suno.com.br\/noticias\/cvc-cvcb3-renuncia-diretor-companhia\/#primaryimage"},"thumbnailUrl":"https:\/\/files.sunoresearch.com.br\/n\/uploads\/2019\/02\/06baede6-cvc-viagens-jpg.webp","keywords":["CVC (CVCB3)"],"articleSection":["Neg\u00f3cios"],"inLanguage":"pt-BR"},{"@type":"WebPage","@id":"https:\/\/www.suno.com.br\/noticias\/cvc-cvcb3-renuncia-diretor-companhia\/","url":"https:\/\/www.suno.com.br\/noticias\/cvc-cvcb3-renuncia-diretor-companhia\/","name":"CVC (CVCB3) anuncia ren\u00fancia de diretor da companhia","isPartOf":{"@id":"https:\/\/www.suno.com.br\/noticias\/#website"},"primaryImageOfPage":{"@id":"https:\/\/www.suno.com.br\/noticias\/cvc-cvcb3-renuncia-diretor-companhia\/#primaryimage"},"image":{"@id":"https:\/\/www.suno.com.br\/noticias\/cvc-cvcb3-renuncia-diretor-companhia\/#primaryimage"},"thumbnailUrl":"https:\/\/files.sunoresearch.com.br\/n\/uploads\/2019\/02\/06baede6-cvc-viagens-jpg.webp","datePublished":"2020-06-25T10:13:17+00:00","dateModified":"2020-06-25T15:31:36+00:00","description":"A CVC (CVCB3) comunicou que, no dia 23 de junho de 2020, o Sr. Jacques Douglas Varaschim renunciou ao cargo de diretor da empresa.\u00a0","breadcrumb":{"@id":"https:\/\/www.suno.com.br\/noticias\/cvc-cvcb3-renuncia-diretor-companhia\/#breadcrumb"},"inLanguage":"pt-BR","potentialAction":[{"@type":"ReadAction","target":["https:\/\/www.suno.com.br\/noticias\/cvc-cvcb3-renuncia-diretor-companhia\/"]}]},{"@type":"ImageObject","inLanguage":"pt-BR","@id":"https:\/\/www.suno.com.br\/noticias\/cvc-cvcb3-renuncia-diretor-companhia\/#primaryimage","url":"https:\/\/files.sunoresearch.com.br\/n\/uploads\/2019\/02\/06baede6-cvc-viagens-jpg.webp","contentUrl":"https:\/\/files.sunoresearch.com.br\/n\/uploads\/2019\/02\/06baede6-cvc-viagens-jpg.webp","width":1024,"height":683,"caption":"Os destaques de empresas do Suno Not\u00edcias mostram os principais acontecimentos que prometem movimentar o mercado durante o dia."},{"@type":"BreadcrumbList","@id":"https:\/\/www.suno.com.br\/noticias\/cvc-cvcb3-renuncia-diretor-companhia\/#breadcrumb","itemListElement":[{"@type":"ListItem","position":1,"name":"Not\u00edcias","item":"https:\/\/www.suno.com.br\/noticias\/"},{"@type":"ListItem","position":2,"name":"Neg\u00f3cios","item":"https:\/\/www.suno.com.br\/noticias\/negocios\/"},{"@type":"ListItem","position":3,"name":"CVC (CVCB3) comunica ren\u00fancia de diretor da companhia"}]},{"@type":"WebSite","@id":"https:\/\/www.suno.com.br\/noticias\/#website","url":"https:\/\/www.suno.com.br\/noticias\/","name":"Suno Not\u00edcias","description":"Seu portal de informa\u00e7\u00e3o sobre o mundo dos investimentos","publisher":{"@id":"https:\/\/www.suno.com.br\/noticias\/#organization"},"potentialAction":[{"@type":"SearchAction","target":{"@type":"EntryPoint","urlTemplate":"https:\/\/www.suno.com.br\/noticias\/?s={search_term_string}"},"query-input":{"@type":"PropertyValueSpecification","valueRequired":true,"valueName":"search_term_string"}}],"inLanguage":"pt-BR"},{"@type":"Organization","@id":"https:\/\/www.suno.com.br\/noticias\/#organization","name":"Suno Not\u00edcias","url":"https:\/\/www.suno.com.br\/noticias\/","logo":{"@type":"ImageObject","inLanguage":"pt-BR","@id":"https:\/\/www.suno.com.br\/noticias\/#\/schema\/logo\/image\/","url":"https:\/\/files.sunoresearch.com.br\/n\/uploads\/2021\/09\/suno-logo.png","contentUrl":"https:\/\/files.sunoresearch.com.br\/n\/uploads\/2021\/09\/suno-logo.png","width":180,"height":180,"caption":"Suno Not\u00edcias"},"image":{"@id":"https:\/\/www.suno.com.br\/noticias\/#\/schema\/logo\/image\/"},"sameAs":["https:\/\/facebook.com\/sunoresearch","https:\/\/x.com\/sunoresearch","https:\/\/www.instagram.com\/suno","https:\/\/www.linkedin.com\/company\/suno-research\/","https:\/\/www.youtube.com\/c\/sunoresearch"]},{"@type":"Person","@id":"https:\/\/www.suno.com.br\/noticias\/#\/schema\/person\/1db762f78ffd8919a648a63e425953e3","name":"Juliano Passaro","image":{"@type":"ImageObject","inLanguage":"pt-BR","@id":"https:\/\/www.suno.com.br\/noticias\/#\/schema\/person\/image\/","url":"https:\/\/secure.gravatar.com\/avatar\/743d4df28eebf6dcc46b4ad03c319e92?s=96&r=g","contentUrl":"https:\/\/secure.gravatar.com\/avatar\/743d4df28eebf6dcc46b4ad03c319e92?s=96&r=g","caption":"Juliano Passaro"},"description":"Juliano Passaro escreve sobre pol\u00edtica, economia e neg\u00f3cios para o portal da Suno Research. Antes da Suno, trabalhou no Portal da Band. \u00c9 formado em jornalismo pela Universidade Presbiteriana Mackenzie.","url":"https:\/\/www.suno.com.br\/noticias\/author\/juliano\/"}]}},"default_loop_html":"<div class=\"cardsPage__listCard__boxs\"><div class=\"cardsPage__listCard__boxs__img\"><a href=\"https:\/\/www.suno.com.br\/noticias\/cvc-cvcb3-renuncia-diretor-companhia\/\"><img class=\"mask\" src=\"https:\/\/www.suno.com.br\/noticias\/wp-content\/themes\/suno\/resources\/images\/spotlight\/spotlight1img\/bg-mask.png\" alt=\"Image Mask\"\/><img src=\"https:\/\/files.sunoresearch.com.br\/n\/uploads\/2019\/02\/06baede6-cvc-viagens-400x200.webp\" alt=\"CVC (CVCB3) comunica ren\u00fancia de diretor da companhia\"\/><\/a><span class=\"spotlightCategory\"><a href=\"https:\/\/www.suno.com.br\/noticias\/negocios\/\">Neg\u00f3cios<\/a><\/span><\/div><div class=\"cardsPage__listCard__boxs__content\"><a href=\"https:\/\/www.suno.com.br\/noticias\/cvc-cvcb3-renuncia-diretor-companhia\/\"><h2 class=\"content__title\">CVC (CVCB3) comunica ren\u00fancia de diretor da companhia<\/h2><\/a><div class=\"newsContent__article__meta\"><div class=\"newsContent__article__meta__authorBox\"><a href=\"https:\/\/www.suno.com.br\/noticias\/author\/juliano\/\" class=\"authorBox__avatar noMobi\"><img src=\"https:\/\/files.sunoresearch.com.br\/n\/uploads\/2019\/06\/7cc3efea-whatsapp-image-2019-07-18-at-21.59.33-e1563499821209-150x150.webp\" alt=\"Juliano Passaro\"><\/a><div class=\"authorBox__name\"><span>por\n\t\t\t<a href=\"https:\/\/www.suno.com.br\/noticias\/author\/juliano\/\"><span itemprop=\"author\">Juliano Passaro<\/span><\/a><\/span><time datetime=\"2020-06-25T07:13:17-03:00\" itemprop=\"datePublished\">25\/06\/2020 07:13<\/time><\/div><\/div><\/div><\/div><\/div>","single_layout":"posts","amp_enabled":true,"_links":{"self":[{"href":"https:\/\/www.suno.com.br\/noticias\/wp-json\/wp\/v2\/posts\/70318"}],"collection":[{"href":"https:\/\/www.suno.com.br\/noticias\/wp-json\/wp\/v2\/posts"}],"about":[{"href":"https:\/\/www.suno.com.br\/noticias\/wp-json\/wp\/v2\/types\/post"}],"author":[{"embeddable":true,"href":"https:\/\/www.suno.com.br\/noticias\/wp-json\/wp\/v2\/users\/19"}],"replies":[{"embeddable":true,"href":"https:\/\/www.suno.com.br\/noticias\/wp-json\/wp\/v2\/comments?post=70318"}],"version-history":[{"count":0,"href":"https:\/\/www.suno.com.br\/noticias\/wp-json\/wp\/v2\/posts\/70318\/revisions"}],"wp:featuredmedia":[{"embeddable":true,"href":"https:\/\/www.suno.com.br\/noticias\/wp-json\/wp\/v2\/media\/16346"}],"wp:attachment":[{"href":"https:\/\/www.suno.com.br\/noticias\/wp-json\/wp\/v2\/media?parent=70318"}],"wp:term":[{"taxonomy":"category","embeddable":true,"href":"https:\/\/www.suno.com.br\/noticias\/wp-json\/wp\/v2\/categories?post=70318"},{"taxonomy":"post_tag","embeddable":true,"href":"https:\/\/www.suno.com.br\/noticias\/wp-json\/wp\/v2\/tags?post=70318"},{"taxonomy":"suno_strategy","embeddable":true,"href":"https:\/\/www.suno.com.br\/noticias\/wp-json\/wp\/v2\/suno_strategy?post=70318"}],"curies":[{"name":"wp","href":"https:\/\/api.w.org\/{rel}","templated":true}]}}