{"id":70257,"date":"2020-06-24T17:31:22","date_gmt":"2020-06-24T20:31:22","guid":{"rendered":"https:\/\/www.suno.com.br\/noticias\/?p=70257"},"modified":"2020-06-24T17:40:21","modified_gmt":"2020-06-24T20:40:21","slug":"dolar-fecha-alta-segunda-onda-24062020","status":"publish","type":"post","link":"https:\/\/www.suno.com.br\/noticias\/dolar-fecha-alta-segunda-onda-24062020\/","title":{"rendered":"D\u00f3lar fecha em alta de 3,328% a R$ 5,3246 com receio sobre 2\u00aa onda"},"content":{"rendered":"<p>O <a href=\"https:\/\/www.suno.com.br\/artigos\/dolar\/\"><strong>d\u00f3lar<\/strong> norte-americano<\/a> encerrou as negocia\u00e7\u00f5es desta quarta-feira em alta de 3,328%, cotado a R$ 5,3246, amenizando as perdas da semana com a cautela dos mercados quanto \u00e0 uma segunda onda do novo coronav\u00edrus.<\/p>\t<div class=\"wrapper-featured-image\">\n\t\t<figure class=\"spotlightImg\">\n\n\t\t\t<picture>\n\t\t\t\t<source media=\"(max-width: 768px)\" srcset=\"https:\/\/files.sunoresearch.com.br\/n\/uploads\/2019\/04\/02266c87-d\u00f3lar-11042019-400x200.webp\">\n\t\t\t\t<img loading=\"lazy\" decoding=\"async\" class=\"newsContent__article__imgCapa lazyloadDisabled newsContent__article__imgCapa--noCaption\" src=\"https:\/\/files.sunoresearch.com.br\/n\/uploads\/2019\/04\/02266c87-d\u00f3lar-11042019-jpg.webp\" width=\"800\" height=\"450\" alt=\"D\u00f3lar fecha em alta de 3,328% a R$ 5,3246 com receio sobre 2\u00aa onda\" fetchpriority=high \/>\n\t\t\t<\/picture>\n\n\t\t\t<figcaption class=\"wp-caption-text wp-caption-text--hide\">D\u00f3lar fecha em alta de 3,328% a R$ 5,3246 com receio sobre 2\u00aa onda<\/figcaption>\n\t\t<\/figure>\n\t<\/div>\n\n\n\n<p>O d\u00f3lar come\u00e7ou a semana em um movimento de queda, por\u00e9m voltou a mostrar maior cautela no exterior diante da possibilidade de uma segunda onda de coronav\u00edrus, que levaria a uma nova rodada de medidas de restri\u00e7\u00e3o para conter a dissemina\u00e7\u00e3o.<\/p>\n<p>O <a href=\"https:\/\/www.suno.com.br\/artigos\/bacen\/\">Banco Central (BC)<\/a> realizou nesta sess\u00e3o a oferta de at\u00e9 12 mil contratos de <a href=\"https:\/\/www.suno.com.br\/artigos\/swap\/\">swap tradicional<\/a>. Os pap\u00e9is tem vencimento para novembro deste ano e fevereiro de 2021.<\/p>\n<p><a href=\"https:\/\/lp.suno.com.br\/suno-one\/\">No Suno One voc\u00ea aprende a fazer seu dinheiro trabalhar para voc\u00ea. Cadastre-se gratuitamente agora!<\/a><\/p>\n<p>Al\u00e9m disso, veja as principais not\u00edcias que mexeram com o c\u00e2mbio desta quarta-feira:<\/p>\n<ul>\n<li>PIB do Brasil tombar\u00e1 9% em 2020, diz FMI<\/li>\n<li>D\u00edvida P\u00fablica Federal subiu 2,17% em maio, totalizando R$ 4,250 tri<\/li>\n<li>FGV: Confian\u00e7a do consumidor sobe 9 pontos em junho<\/li>\n<\/ul>\n<h2>PIB do Brasil tombar\u00e1 9% em 2020, diz FMI<\/h2>\n<p>O <a href=\"https:\/\/www.suno.com.br\/artigos\/pib-produto-interno-bruto\/\">Produto Interno Bruto (<strong>PIB<\/strong>)<\/a> do Brasil cair\u00e1 9,1% devido \u00e0 pandemia do novo coronav\u00edrus, segundo estimativas do <a href=\"https:\/\/www.suno.com.br\/artigos\/fmi\/\">Fundo Monet\u00e1rio Internacional (FMI)<\/a>.<\/p>\n<p><a href=\"https:\/\/www.suno.com.br\/noticias\/pib-do-brasil-pandemia-fmi\/\">Saiba mais: PIB do Brasil tombar\u00e1 9% em 2020 devido \u00e0 pandemia, diz FMI<\/a><\/p>\n<p>Na proje\u00e7\u00e3o anterior, apresentada em maio, o <strong>FMI<\/strong> projetava que o PIB nacional encolheria 5,3% neste ano. Caso a atual proje\u00e7\u00e3o se confirme, essa ser\u00e1 a recess\u00e3o mais profunda da economia do Brasil nos \u00faltimos 120 anos.<\/p>\n<h2>D\u00edvida P\u00fablica Federal subiu 2,17% em maio<\/h2>\n<p>A Secretaria do Tesouro Nacional informou que a <a href=\"https:\/\/www.suno.com.br\/artigos\/divida-publica\/\">D\u00edvida P\u00fablica Federal (DPF)<\/a> registrou um crescimento de 2,17%, em termos nominais, de abril para maio. Foi registrado um estoque de R$ 4,250 trilh\u00f5es no m\u00eas passado.<\/p>\n<p><a href=\"https:\/\/www.suno.com.br\/noticias\/divida-publica-federal-subiu-217-maio-totalizando-r-4250-tri\/\">Saiba mais: D\u00edvida P\u00fablica Federal subiu 2,17% em maio, totalizando R$ 4,250 tri<\/a><\/p>\n<p>O resultado, entretanto, ficou abaixo da meta do Plano Anual de Financiamento (PAF), que previa uma varia\u00e7\u00e3o entre R$ 4,5 trilh\u00f5es e R$ 4,75 trilh\u00f5es para o final do ano.<\/p>\n<p>Em maio as emiss\u00f5es da D\u00edvida P\u00fablica Federal foram de R$ 86,65 bilh\u00f5es e os resgates de R$ 13,07 bilh\u00f5es, representando uma emiss\u00e3o l\u00edquida de R$ 73,58 bilh\u00f5es.<\/p>\n<h2>FGV: Confian\u00e7a do consumidor sobe 9 pontos em junho<\/h2>\n<p>O \u00cdndice de <strong>Confian\u00e7a<\/strong> do Consumidor (ICC) apresentou alta de 9 pontos de maio para junho deste ano, segundo dados da Funda\u00e7\u00e3o Get\u00falio Vargas (FGV).<\/p>\n<p><a href=\"https:\/\/www.suno.com.br\/noticias\/confianca-do-consumidor-sobe-em-9-pontos-em-junho-diz-fgv\/\">Saiba mais: Confian\u00e7a do consumidor sobe 9 pontos em junho, diz FGV<\/a><\/p>\n<p>Conforme pesquisa, o n\u00famero representa a segunda alta consecutiva do indicador, que chegou a 71,1 pontos, em uma escala de zero a 200. Apesar disso, as altas amenizaram somente 44% das perdas apresentadas no bimestre mar\u00e7o-abril, devido \u00e0 pandemia do novo coronav\u00edrus.<\/p>\n<h2>\u00daltima cota\u00e7\u00e3o do d\u00f3lar<\/h2>\n<p>No \u00faltimo preg\u00e3o, ter\u00e7a-feira, o <strong>d\u00f3lar<\/strong> encerrou em queda de 2,259%, cotado em R$ 5,1531.<\/p>\n\n","protected":false},"excerpt":{"rendered":"<p>O d\u00f3lar norte-americano encerrou as negocia\u00e7\u00f5es desta quarta-feira em alta de 3,328%, cotado a R$ 5,3246, amenizando as perdas da semana com a cautela dos mercados quanto \u00e0 uma segunda onda do novo coronav\u00edrus. D\u00f3lar fecha em alta de 3,328% a R$ 5,3246 com receio sobre 2\u00aa onda O d\u00f3lar come\u00e7ou a semana em um [&hellip;]<\/p>\n","protected":false},"author":35,"featured_media":20649,"comment_status":"closed","ping_status":"closed","sticky":false,"template":"","format":"standard","meta":[],"categories":[60],"tags":[10832,2487,1265,326,797,806],"suno_strategy":[],"class_list":["post-70257","post","type-post","status-publish","format-standard","has-post-thumbnail","hentry","category-mercado","tag-confianca-do-consumidor","tag-coronavirus","tag-divida-publica-federal","tag-dolar","tag-fgv","tag-fundo-monetario-internacional-fmi"],"yoast_head":"<!-- This site is optimized with the Yoast SEO plugin v24.4 - https:\/\/yoast.com\/wordpress\/plugins\/seo\/ -->\n<title>D\u00f3lar fecha em alta de 3,328% a R$ 5,3246 com receio sobre 2\u00aa onda<\/title>\n<meta name=\"description\" content=\"D\u00f3lar fechou em alta de 3,328%, cotado a R$ 5,3246, com a cautela dos mercados quanto \u00e0 uma segunda onda da covid-19. Clique para saber mais\" \/>\n<meta name=\"robots\" content=\"index, follow, max-snippet:-1, max-image-preview:large, max-video-preview:-1\" \/>\n<link rel=\"canonical\" href=\"https:\/\/www.suno.com.br\/noticias\/dolar-fecha-alta-segunda-onda-24062020\/\" \/>\n<meta property=\"og:locale\" content=\"pt_BR\" \/>\n<meta property=\"og:type\" content=\"article\" \/>\n<meta property=\"og:title\" content=\"D\u00f3lar fecha em alta de 3,328% a R$ 5,3246 com receio sobre 2\u00aa onda\" \/>\n<meta property=\"og:description\" content=\"D\u00f3lar fechou em alta de 3,328%, cotado a R$ 5,3246, com a cautela dos mercados quanto \u00e0 uma segunda onda da covid-19. Clique para saber mais\" \/>\n<meta property=\"og:url\" content=\"https:\/\/www.suno.com.br\/noticias\/dolar-fecha-alta-segunda-onda-24062020\/\" \/>\n<meta property=\"og:site_name\" content=\"Suno Not\u00edcias\" \/>\n<meta property=\"article:publisher\" content=\"https:\/\/facebook.com\/sunoresearch\" \/>\n<meta property=\"og:image\" content=\"https:\/\/files.sunoresearch.com.br\/n\/uploads\/2019\/04\/02266c87-d\u00f3lar-11042019.jpg\" \/>\n\t<meta property=\"og:image:width\" content=\"712\" \/>\n\t<meta property=\"og:image:height\" content=\"475\" \/>\n\t<meta property=\"og:image:type\" content=\"image\/jpeg\" \/>\n<meta name=\"author\" content=\"Arthur Guimar\u00e3es\" \/>\n<meta name=\"twitter:card\" content=\"summary_large_image\" \/>\n<meta name=\"twitter:creator\" content=\"@sunoresearch\" \/>\n<meta name=\"twitter:site\" content=\"@sunoresearch\" \/>\n<meta name=\"twitter:label1\" content=\"Escrito por\" \/>\n\t<meta name=\"twitter:data1\" content=\"Arthur Guimar\u00e3es\" \/>\n\t<meta name=\"twitter:label2\" content=\"Est. tempo de leitura\" \/>\n\t<meta name=\"twitter:data2\" content=\"2 minutos\" \/>\n<script type=\"application\/ld+json\" class=\"yoast-schema-graph\">{\"@context\":\"https:\/\/schema.org\",\"@graph\":[{\"@type\":\"NewsArticle\",\"@id\":\"https:\/\/www.suno.com.br\/noticias\/dolar-fecha-alta-segunda-onda-24062020\/#article\",\"isPartOf\":{\"@id\":\"https:\/\/www.suno.com.br\/noticias\/dolar-fecha-alta-segunda-onda-24062020\/\"},\"author\":{\"name\":\"Arthur Guimar\u00e3es\",\"@id\":\"https:\/\/www.suno.com.br\/noticias\/#\/schema\/person\/053a750a709a263919a20f976caae91c\"},\"headline\":\"D\u00f3lar fecha em alta de 3,328% a R$ 5,3246 com receio sobre 2\u00aa onda\",\"datePublished\":\"2020-06-24T20:31:22+00:00\",\"dateModified\":\"2020-06-24T20:40:21+00:00\",\"mainEntityOfPage\":{\"@id\":\"https:\/\/www.suno.com.br\/noticias\/dolar-fecha-alta-segunda-onda-24062020\/\"},\"wordCount\":499,\"publisher\":{\"@id\":\"https:\/\/www.suno.com.br\/noticias\/#organization\"},\"image\":{\"@id\":\"https:\/\/www.suno.com.br\/noticias\/dolar-fecha-alta-segunda-onda-24062020\/#primaryimage\"},\"thumbnailUrl\":\"https:\/\/files.sunoresearch.com.br\/n\/uploads\/2019\/04\/02266c87-d\u00f3lar-11042019-jpg.webp\",\"keywords\":[\"confian\u00e7a do consumidor\",\"coronav\u00edrus\",\"D\u00edvida P\u00fablica Federal\",\"d\u00f3lar\",\"FGV\",\"Fundo Monet\u00e1rio Internacional (FMI)\"],\"articleSection\":[\"Mercado\"],\"inLanguage\":\"pt-BR\"},{\"@type\":\"WebPage\",\"@id\":\"https:\/\/www.suno.com.br\/noticias\/dolar-fecha-alta-segunda-onda-24062020\/\",\"url\":\"https:\/\/www.suno.com.br\/noticias\/dolar-fecha-alta-segunda-onda-24062020\/\",\"name\":\"D\u00f3lar fecha em alta de 3,328% a R$ 5,3246 com receio sobre 2\u00aa onda\",\"isPartOf\":{\"@id\":\"https:\/\/www.suno.com.br\/noticias\/#website\"},\"primaryImageOfPage\":{\"@id\":\"https:\/\/www.suno.com.br\/noticias\/dolar-fecha-alta-segunda-onda-24062020\/#primaryimage\"},\"image\":{\"@id\":\"https:\/\/www.suno.com.br\/noticias\/dolar-fecha-alta-segunda-onda-24062020\/#primaryimage\"},\"thumbnailUrl\":\"https:\/\/files.sunoresearch.com.br\/n\/uploads\/2019\/04\/02266c87-d\u00f3lar-11042019-jpg.webp\",\"datePublished\":\"2020-06-24T20:31:22+00:00\",\"dateModified\":\"2020-06-24T20:40:21+00:00\",\"description\":\"D\u00f3lar fechou em alta de 3,328%, cotado a R$ 5,3246, com a cautela dos mercados quanto \u00e0 uma segunda onda da covid-19. Clique para saber mais\",\"breadcrumb\":{\"@id\":\"https:\/\/www.suno.com.br\/noticias\/dolar-fecha-alta-segunda-onda-24062020\/#breadcrumb\"},\"inLanguage\":\"pt-BR\",\"potentialAction\":[{\"@type\":\"ReadAction\",\"target\":[\"https:\/\/www.suno.com.br\/noticias\/dolar-fecha-alta-segunda-onda-24062020\/\"]}]},{\"@type\":\"ImageObject\",\"inLanguage\":\"pt-BR\",\"@id\":\"https:\/\/www.suno.com.br\/noticias\/dolar-fecha-alta-segunda-onda-24062020\/#primaryimage\",\"url\":\"https:\/\/files.sunoresearch.com.br\/n\/uploads\/2019\/04\/02266c87-d\u00f3lar-11042019-jpg.webp\",\"contentUrl\":\"https:\/\/files.sunoresearch.com.br\/n\/uploads\/2019\/04\/02266c87-d\u00f3lar-11042019-jpg.webp\",\"width\":712,\"height\":475,\"caption\":\"D\u00f3lar fecha em alta de 3,328% a R$ 5,3246 com receio sobre 2\u00aa onda\"},{\"@type\":\"BreadcrumbList\",\"@id\":\"https:\/\/www.suno.com.br\/noticias\/dolar-fecha-alta-segunda-onda-24062020\/#breadcrumb\",\"itemListElement\":[{\"@type\":\"ListItem\",\"position\":1,\"name\":\"Not\u00edcias\",\"item\":\"https:\/\/www.suno.com.br\/noticias\/\"},{\"@type\":\"ListItem\",\"position\":2,\"name\":\"Mercado\",\"item\":\"https:\/\/www.suno.com.br\/noticias\/mercado\/\"},{\"@type\":\"ListItem\",\"position\":3,\"name\":\"D\u00f3lar fecha em alta de 3,328% a R$ 5,3246 com receio sobre 2\u00aa onda\"}]},{\"@type\":\"WebSite\",\"@id\":\"https:\/\/www.suno.com.br\/noticias\/#website\",\"url\":\"https:\/\/www.suno.com.br\/noticias\/\",\"name\":\"Suno Not\u00edcias\",\"description\":\"Seu portal de informa\u00e7\u00e3o sobre o mundo dos investimentos\",\"publisher\":{\"@id\":\"https:\/\/www.suno.com.br\/noticias\/#organization\"},\"potentialAction\":[{\"@type\":\"SearchAction\",\"target\":{\"@type\":\"EntryPoint\",\"urlTemplate\":\"https:\/\/www.suno.com.br\/noticias\/?s={search_term_string}\"},\"query-input\":{\"@type\":\"PropertyValueSpecification\",\"valueRequired\":true,\"valueName\":\"search_term_string\"}}],\"inLanguage\":\"pt-BR\"},{\"@type\":\"Organization\",\"@id\":\"https:\/\/www.suno.com.br\/noticias\/#organization\",\"name\":\"Suno Not\u00edcias\",\"url\":\"https:\/\/www.suno.com.br\/noticias\/\",\"logo\":{\"@type\":\"ImageObject\",\"inLanguage\":\"pt-BR\",\"@id\":\"https:\/\/www.suno.com.br\/noticias\/#\/schema\/logo\/image\/\",\"url\":\"https:\/\/files.sunoresearch.com.br\/n\/uploads\/2021\/09\/suno-logo.png\",\"contentUrl\":\"https:\/\/files.sunoresearch.com.br\/n\/uploads\/2021\/09\/suno-logo.png\",\"width\":180,\"height\":180,\"caption\":\"Suno Not\u00edcias\"},\"image\":{\"@id\":\"https:\/\/www.suno.com.br\/noticias\/#\/schema\/logo\/image\/\"},\"sameAs\":[\"https:\/\/facebook.com\/sunoresearch\",\"https:\/\/x.com\/sunoresearch\",\"https:\/\/www.instagram.com\/suno\",\"https:\/\/www.linkedin.com\/company\/suno-research\/\",\"https:\/\/www.youtube.com\/c\/sunoresearch\"]},{\"@type\":\"Person\",\"@id\":\"https:\/\/www.suno.com.br\/noticias\/#\/schema\/person\/053a750a709a263919a20f976caae91c\",\"name\":\"Arthur Guimar\u00e3es\",\"image\":{\"@type\":\"ImageObject\",\"inLanguage\":\"pt-BR\",\"@id\":\"https:\/\/www.suno.com.br\/noticias\/#\/schema\/person\/image\/\",\"url\":\"https:\/\/secure.gravatar.com\/avatar\/1affd86a11209ae09eb6dd3bcad3e96c?s=96&r=g\",\"contentUrl\":\"https:\/\/secure.gravatar.com\/avatar\/1affd86a11209ae09eb6dd3bcad3e96c?s=96&r=g\",\"caption\":\"Arthur Guimar\u00e3es\"},\"description\":\"Arthur Guimar\u00e3es escreve sobre pol\u00edtica, economia e neg\u00f3cios para o portal de not\u00edcias da Suno Research. Atualmente, \u00e9 estudante de jornalismo pela Faculdade C\u00e1sper L\u00edbero.\",\"url\":\"https:\/\/www.suno.com.br\/noticias\/author\/arthur-guimaraes\/\"}]}<\/script>\n<!-- \/ Yoast SEO plugin. -->","yoast_head_json":{"title":"D\u00f3lar fecha em alta de 3,328% a R$ 5,3246 com receio sobre 2\u00aa onda","description":"D\u00f3lar fechou em alta de 3,328%, cotado a R$ 5,3246, com a cautela dos mercados quanto \u00e0 uma segunda onda da covid-19. Clique para saber mais","robots":{"index":"index","follow":"follow","max-snippet":"max-snippet:-1","max-image-preview":"max-image-preview:large","max-video-preview":"max-video-preview:-1"},"canonical":"https:\/\/www.suno.com.br\/noticias\/dolar-fecha-alta-segunda-onda-24062020\/","og_locale":"pt_BR","og_type":"article","og_title":"D\u00f3lar fecha em alta de 3,328% a R$ 5,3246 com receio sobre 2\u00aa onda","og_description":"D\u00f3lar fechou em alta de 3,328%, cotado a R$ 5,3246, com a cautela dos mercados quanto \u00e0 uma segunda onda da covid-19. Clique para saber mais","og_url":"https:\/\/www.suno.com.br\/noticias\/dolar-fecha-alta-segunda-onda-24062020\/","og_site_name":"Suno Not\u00edcias","article_publisher":"https:\/\/facebook.com\/sunoresearch","og_image":[{"width":712,"height":475,"url":"https:\/\/files.sunoresearch.com.br\/n\/uploads\/2019\/04\/02266c87-d\u00f3lar-11042019.jpg","type":"image\/jpeg"}],"author":"Arthur Guimar\u00e3es","twitter_card":"summary_large_image","twitter_creator":"@sunoresearch","twitter_site":"@sunoresearch","twitter_misc":{"Escrito por":"Arthur Guimar\u00e3es","Est. tempo de leitura":"2 minutos"},"schema":{"@context":"https:\/\/schema.org","@graph":[{"@type":"NewsArticle","@id":"https:\/\/www.suno.com.br\/noticias\/dolar-fecha-alta-segunda-onda-24062020\/#article","isPartOf":{"@id":"https:\/\/www.suno.com.br\/noticias\/dolar-fecha-alta-segunda-onda-24062020\/"},"author":{"name":"Arthur Guimar\u00e3es","@id":"https:\/\/www.suno.com.br\/noticias\/#\/schema\/person\/053a750a709a263919a20f976caae91c"},"headline":"D\u00f3lar fecha em alta de 3,328% a R$ 5,3246 com receio sobre 2\u00aa onda","datePublished":"2020-06-24T20:31:22+00:00","dateModified":"2020-06-24T20:40:21+00:00","mainEntityOfPage":{"@id":"https:\/\/www.suno.com.br\/noticias\/dolar-fecha-alta-segunda-onda-24062020\/"},"wordCount":499,"publisher":{"@id":"https:\/\/www.suno.com.br\/noticias\/#organization"},"image":{"@id":"https:\/\/www.suno.com.br\/noticias\/dolar-fecha-alta-segunda-onda-24062020\/#primaryimage"},"thumbnailUrl":"https:\/\/files.sunoresearch.com.br\/n\/uploads\/2019\/04\/02266c87-d\u00f3lar-11042019-jpg.webp","keywords":["confian\u00e7a do consumidor","coronav\u00edrus","D\u00edvida P\u00fablica Federal","d\u00f3lar","FGV","Fundo Monet\u00e1rio Internacional (FMI)"],"articleSection":["Mercado"],"inLanguage":"pt-BR"},{"@type":"WebPage","@id":"https:\/\/www.suno.com.br\/noticias\/dolar-fecha-alta-segunda-onda-24062020\/","url":"https:\/\/www.suno.com.br\/noticias\/dolar-fecha-alta-segunda-onda-24062020\/","name":"D\u00f3lar fecha em alta de 3,328% a R$ 5,3246 com receio sobre 2\u00aa onda","isPartOf":{"@id":"https:\/\/www.suno.com.br\/noticias\/#website"},"primaryImageOfPage":{"@id":"https:\/\/www.suno.com.br\/noticias\/dolar-fecha-alta-segunda-onda-24062020\/#primaryimage"},"image":{"@id":"https:\/\/www.suno.com.br\/noticias\/dolar-fecha-alta-segunda-onda-24062020\/#primaryimage"},"thumbnailUrl":"https:\/\/files.sunoresearch.com.br\/n\/uploads\/2019\/04\/02266c87-d\u00f3lar-11042019-jpg.webp","datePublished":"2020-06-24T20:31:22+00:00","dateModified":"2020-06-24T20:40:21+00:00","description":"D\u00f3lar fechou em alta de 3,328%, cotado a R$ 5,3246, com a cautela dos mercados quanto \u00e0 uma segunda onda da covid-19. Clique para saber mais","breadcrumb":{"@id":"https:\/\/www.suno.com.br\/noticias\/dolar-fecha-alta-segunda-onda-24062020\/#breadcrumb"},"inLanguage":"pt-BR","potentialAction":[{"@type":"ReadAction","target":["https:\/\/www.suno.com.br\/noticias\/dolar-fecha-alta-segunda-onda-24062020\/"]}]},{"@type":"ImageObject","inLanguage":"pt-BR","@id":"https:\/\/www.suno.com.br\/noticias\/dolar-fecha-alta-segunda-onda-24062020\/#primaryimage","url":"https:\/\/files.sunoresearch.com.br\/n\/uploads\/2019\/04\/02266c87-d\u00f3lar-11042019-jpg.webp","contentUrl":"https:\/\/files.sunoresearch.com.br\/n\/uploads\/2019\/04\/02266c87-d\u00f3lar-11042019-jpg.webp","width":712,"height":475,"caption":"D\u00f3lar fecha em alta de 3,328% a R$ 5,3246 com receio sobre 2\u00aa onda"},{"@type":"BreadcrumbList","@id":"https:\/\/www.suno.com.br\/noticias\/dolar-fecha-alta-segunda-onda-24062020\/#breadcrumb","itemListElement":[{"@type":"ListItem","position":1,"name":"Not\u00edcias","item":"https:\/\/www.suno.com.br\/noticias\/"},{"@type":"ListItem","position":2,"name":"Mercado","item":"https:\/\/www.suno.com.br\/noticias\/mercado\/"},{"@type":"ListItem","position":3,"name":"D\u00f3lar fecha em alta de 3,328% a R$ 5,3246 com receio sobre 2\u00aa onda"}]},{"@type":"WebSite","@id":"https:\/\/www.suno.com.br\/noticias\/#website","url":"https:\/\/www.suno.com.br\/noticias\/","name":"Suno Not\u00edcias","description":"Seu portal de informa\u00e7\u00e3o sobre o mundo dos investimentos","publisher":{"@id":"https:\/\/www.suno.com.br\/noticias\/#organization"},"potentialAction":[{"@type":"SearchAction","target":{"@type":"EntryPoint","urlTemplate":"https:\/\/www.suno.com.br\/noticias\/?s={search_term_string}"},"query-input":{"@type":"PropertyValueSpecification","valueRequired":true,"valueName":"search_term_string"}}],"inLanguage":"pt-BR"},{"@type":"Organization","@id":"https:\/\/www.suno.com.br\/noticias\/#organization","name":"Suno Not\u00edcias","url":"https:\/\/www.suno.com.br\/noticias\/","logo":{"@type":"ImageObject","inLanguage":"pt-BR","@id":"https:\/\/www.suno.com.br\/noticias\/#\/schema\/logo\/image\/","url":"https:\/\/files.sunoresearch.com.br\/n\/uploads\/2021\/09\/suno-logo.png","contentUrl":"https:\/\/files.sunoresearch.com.br\/n\/uploads\/2021\/09\/suno-logo.png","width":180,"height":180,"caption":"Suno Not\u00edcias"},"image":{"@id":"https:\/\/www.suno.com.br\/noticias\/#\/schema\/logo\/image\/"},"sameAs":["https:\/\/facebook.com\/sunoresearch","https:\/\/x.com\/sunoresearch","https:\/\/www.instagram.com\/suno","https:\/\/www.linkedin.com\/company\/suno-research\/","https:\/\/www.youtube.com\/c\/sunoresearch"]},{"@type":"Person","@id":"https:\/\/www.suno.com.br\/noticias\/#\/schema\/person\/053a750a709a263919a20f976caae91c","name":"Arthur Guimar\u00e3es","image":{"@type":"ImageObject","inLanguage":"pt-BR","@id":"https:\/\/www.suno.com.br\/noticias\/#\/schema\/person\/image\/","url":"https:\/\/secure.gravatar.com\/avatar\/1affd86a11209ae09eb6dd3bcad3e96c?s=96&r=g","contentUrl":"https:\/\/secure.gravatar.com\/avatar\/1affd86a11209ae09eb6dd3bcad3e96c?s=96&r=g","caption":"Arthur Guimar\u00e3es"},"description":"Arthur Guimar\u00e3es escreve sobre pol\u00edtica, economia e neg\u00f3cios para o portal de not\u00edcias da Suno Research. Atualmente, \u00e9 estudante de jornalismo pela Faculdade C\u00e1sper L\u00edbero.","url":"https:\/\/www.suno.com.br\/noticias\/author\/arthur-guimaraes\/"}]}},"default_loop_html":"<div class=\"cardsPage__listCard__boxs\"><div class=\"cardsPage__listCard__boxs__img\"><a href=\"https:\/\/www.suno.com.br\/noticias\/dolar-fecha-alta-segunda-onda-24062020\/\"><img class=\"mask\" src=\"https:\/\/www.suno.com.br\/noticias\/wp-content\/themes\/suno\/resources\/images\/spotlight\/spotlight1img\/bg-mask.png\" alt=\"Image Mask\"\/><img src=\"https:\/\/files.sunoresearch.com.br\/n\/uploads\/2019\/04\/02266c87-d\u00f3lar-11042019-400x200.webp\" alt=\"D\u00f3lar fecha em alta de 3,328% a R$ 5,3246 com receio sobre 2\u00aa onda\"\/><\/a><span class=\"spotlightCategory\"><a href=\"https:\/\/www.suno.com.br\/noticias\/mercado\/\">Mercado<\/a><\/span><\/div><div class=\"cardsPage__listCard__boxs__content\"><a href=\"https:\/\/www.suno.com.br\/noticias\/dolar-fecha-alta-segunda-onda-24062020\/\"><h2 class=\"content__title\">D\u00f3lar fecha em alta de 3,328% a R$ 5,3246 com receio sobre 2\u00aa onda<\/h2><\/a><div class=\"newsContent__article__meta\"><div class=\"newsContent__article__meta__authorBox\"><a href=\"https:\/\/www.suno.com.br\/noticias\/author\/arthur-guimaraes\/\" class=\"authorBox__avatar noMobi\"><img src=\"https:\/\/files.sunoresearch.com.br\/n\/uploads\/2020\/02\/dfb40897-eu-150x150.webp\" alt=\"Arthur Guimar\u00e3es\"><\/a><div class=\"authorBox__name\"><span>por\n\t\t\t<a href=\"https:\/\/www.suno.com.br\/noticias\/author\/arthur-guimaraes\/\"><span itemprop=\"author\">Arthur Guimar\u00e3es<\/span><\/a><\/span><time datetime=\"2020-06-24T17:31:22-03:00\" itemprop=\"datePublished\">24\/06\/2020 17:31<\/time><\/div><\/div><\/div><\/div><\/div>","single_layout":"posts","amp_enabled":true,"_links":{"self":[{"href":"https:\/\/www.suno.com.br\/noticias\/wp-json\/wp\/v2\/posts\/70257"}],"collection":[{"href":"https:\/\/www.suno.com.br\/noticias\/wp-json\/wp\/v2\/posts"}],"about":[{"href":"https:\/\/www.suno.com.br\/noticias\/wp-json\/wp\/v2\/types\/post"}],"author":[{"embeddable":true,"href":"https:\/\/www.suno.com.br\/noticias\/wp-json\/wp\/v2\/users\/35"}],"replies":[{"embeddable":true,"href":"https:\/\/www.suno.com.br\/noticias\/wp-json\/wp\/v2\/comments?post=70257"}],"version-history":[{"count":0,"href":"https:\/\/www.suno.com.br\/noticias\/wp-json\/wp\/v2\/posts\/70257\/revisions"}],"wp:featuredmedia":[{"embeddable":true,"href":"https:\/\/www.suno.com.br\/noticias\/wp-json\/wp\/v2\/media\/20649"}],"wp:attachment":[{"href":"https:\/\/www.suno.com.br\/noticias\/wp-json\/wp\/v2\/media?parent=70257"}],"wp:term":[{"taxonomy":"category","embeddable":true,"href":"https:\/\/www.suno.com.br\/noticias\/wp-json\/wp\/v2\/categories?post=70257"},{"taxonomy":"post_tag","embeddable":true,"href":"https:\/\/www.suno.com.br\/noticias\/wp-json\/wp\/v2\/tags?post=70257"},{"taxonomy":"suno_strategy","embeddable":true,"href":"https:\/\/www.suno.com.br\/noticias\/wp-json\/wp\/v2\/suno_strategy?post=70257"}],"curies":[{"name":"wp","href":"https:\/\/api.w.org\/{rel}","templated":true}]}}