{"id":70239,"date":"2020-06-24T16:58:48","date_gmt":"2020-06-24T19:58:48","guid":{"rendered":"https:\/\/www.suno.com.br\/noticias\/?p=70239"},"modified":"2020-06-24T16:58:48","modified_gmt":"2020-06-24T19:58:48","slug":"divida-publica-federal-subiu-217-maio-totalizando-r-4250-tri","status":"publish","type":"post","link":"https:\/\/www.suno.com.br\/noticias\/divida-publica-federal-subiu-217-maio-totalizando-r-4250-tri\/","title":{"rendered":"D\u00edvida P\u00fablica Federal subiu 2,17% em maio, totalizando R$ 4,250 tri"},"content":{"rendered":"<p>A Secretaria do Tesouro Nacional informou nessa quarta-feira (24) que a <a href=\"https:\/\/www.suno.com.br\/artigos\/divida-publica\/\"><strong>D\u00edvida P\u00fablica Federal<\/strong> (DPF)<\/a> apresentou um aumento de 2,17%, em termos nominais, de abril para maio. Foi registrado um estoque de R$ 4,250 trilh\u00f5es no m\u00eas passado.<\/p>\t<div class=\"wrapper-featured-image\">\n\t\t<figure class=\"spotlightImg\">\n\n\t\t\t<picture>\n\t\t\t\t<source media=\"(max-width: 768px)\" srcset=\"https:\/\/files.sunoresearch.com.br\/n\/uploads\/2020\/01\/f22e7df3-d\u00edvida-400x200.webp\">\n\t\t\t\t<img loading=\"lazy\" decoding=\"async\" class=\"newsContent__article__imgCapa lazyloadDisabled newsContent__article__imgCapa--noCaption\" src=\"https:\/\/files.sunoresearch.com.br\/n\/uploads\/2020\/01\/f22e7df3-d\u00edvida.jpg\" width=\"800\" height=\"450\" alt=\"D\u00edvida P\u00fablica Federal subiu 2,17% em maio, totalizando R$ 4,250 tri\" fetchpriority=high \/>\n\t\t\t<\/picture>\n\n\t\t\t<figcaption class=\"wp-caption-text wp-caption-text--hide\">boa vista<\/figcaption>\n\t\t<\/figure>\n\t<\/div>\n\n\n\n<p>De acordo com o relat\u00f3rio divulgado pelo Tesouro Nacional, em um cen\u00e1rio de incerteza em rela\u00e7\u00e3o \u00e0 dura\u00e7\u00e3o da pandemia, os mercados operaram vol\u00e1teis em maio, com a expectativa de flexibiliza\u00e7\u00e3o das medidas restritivas em diversos pa\u00edses, recupera\u00e7\u00e3o dos pre\u00e7os do petr\u00f3leo e retorno das tens\u00f5es entre Estados Unidos e China.<\/p>\n<p>Entretanto o o numero ficou abaixo da meta do Plano Anual de Financiamento (PAF), que previa uma varia\u00e7\u00e3o entre R$ 4,5 trilh\u00f5es e R$ 4,75 trilh\u00f5es para o final do ano. Em maio as emiss\u00f5es da <a href=\"https:\/\/www.suno.com.br\/noticias\/tags\/divida-publica-federal\/\">D\u00edvida P\u00fablica Federal<\/a> foram de R$ 86,65 bilh\u00f5es e os resgates de R$ 13,07 bilh\u00f5es, representando uma emiss\u00e3o l\u00edquida de R$ 73,58 bilh\u00f5es.<\/p>\n<p><a href=\"https:\/\/lp.suno.com.br\/suno-one\/\">Na Suno One voc\u00ea aprende como fazer o seu dinheiro para trabalhar para voc\u00ea. Cadastre-se agora.<\/a><\/p>\n<p>Em rela\u00e7\u00e3o ao resgate l\u00edquido, R$ 73,94 bilh\u00f5es s\u00e3o referentes ao resgate l\u00edquido da\u00a0 <a href=\"https:\/\/www.suno.com.br\/artigos\/divida-interna\/\">D\u00edvida P\u00fablica Mobili\u00e1ria Federal interna (DPMFi)<\/a>, enquanto o da <a href=\"https:\/\/www.suno.com.br\/artigos\/divida-externa-do-brasil\/\">D\u00edvida P\u00fablica Externa<\/a> corresponde a R$ 0,36 bilh\u00e3o.<\/p>\n<p>Al\u00e9m disso, o percentual vincendo da d\u00edvida em 12 meses ficou em 23,25% da DPF em maio enquanto em abril estava em 21,54%. J\u00e1 o prazo m\u00e9dio da encerrou maio em 3,96 anos, contra 4,04 anos em abril.<\/p>\n<p>Quando o m\u00e9todo &#8220;<a href=\"https:\/\/www.suno.com.br\/artigos\/yield-to-maturity\/\">Average Term to Maturity<\/a>&#8221; \u00e9 aplicado, a m\u00e9dia da DPF passa de 5,54 anos em abril para 5,41 anos no m\u00eas passado.<\/p>\n<p>O custo m\u00e9dio do estoque da d\u00edvida, acumulado no per\u00edodo dos \u00faltimos 12 meses, fechou o m\u00eas passado em 8,98% ao ano, embora em abril tenha fechado em 9,36%. J\u00e1 o custo m\u00e9dio da DPMFi atingiu 7,62% em maio, enquanto marcou 8,03% em abril.<\/p>\n<p>Ainda nos \u00faltimos 12 meses, o custo m\u00e9dio em ofertas p\u00fablicas da DPMFi acumulado foi de 5,62% no m\u00eas passado, e 6,10% em abril.<\/p>\n<p>Frente a isso, o custo m\u00e9dio das <strong><a href=\"https:\/\/www.suno.com.br\/artigos\/ltn-letras-tesouro-nacional\/\">Letras do Tesouro Nacional (LTN)<\/a> <\/strong>foram de 6,04% em maio e 6,55 em abril. O custo de loca\u00e7\u00e3o de Notas do <a href=\"https:\/\/www.suno.com.br\/artigos\/tesouro-nacional\/\">Tesouro Nacional<\/a> S\u00e9rie F, que fechou abril em 7,46%, ficou em 7,08% no m\u00eas passado.<\/p>\n<p>Ademais, as Notas do Tesouro Nacional S\u00e9rie B apresentaram um custo de 5,28% ao ano, frente a 6,26% apresentada em abril.<\/p>\n<p>A participa\u00e7\u00e3o de investidores estrangeiros na DPMFi tamb\u00e9m caiu em termos percentuais de 9,36% em abril para 9,11% em maio. Em valor absoluto, a fatia saiu de R$ 369,26 bilh\u00f5es para R$ 367,29 bilh\u00f5es. Ademais, variaram em rela\u00e7\u00e3o a abril:<\/p>\n<ul>\n<li>Os fundos de investimento que apresenta, 25,85% em maio, e apresentaram 25,75% em abril;<\/li>\n<li>As institui\u00e7\u00f5es de previd\u00eancia representando 24,88%, enquanto 25,65% em abril;<\/li>\n<li>As institui\u00e7\u00f5es financeiras fecharam maio em 26,77%, e 25,72% em abril.<\/li>\n<li>O governo variou de 4,02% para 3,97% em maio;<\/li>\n<li>As seguradoras ficaram com 3,91% no m\u00eas passado, ante a 3,96% em abril.<\/li>\n<\/ul>\n<h2>D\u00edvida p\u00fablica bruta deve chegar ao fim de 2020 entre 85% e 90% do PIB<\/h2>\n<p>O secret\u00e1rio do <a href=\"https:\/\/www.suno.com.br\/artigos\/tesouro-nacional\/\">Tesouro Nacional<\/a>, <a href=\"https:\/\/www.suno.com.br\/tudo-sobre\/mansueto-almeida\/\">Mansueto Almeida<\/a>, afirmou em abril, atrav\u00e9s de uma videoconfer\u00eancia que o crescimento da <a href=\"https:\/\/www.suno.com.br\/artigos\/divida-bruta\/\">d\u00edvida p\u00fablica bruta<\/a> deve chegar ao fim de 2020 entre 85% e 90% do<a href=\"https:\/\/www.suno.com.br\/artigos\/pib-produto-interno-bruto\/\"> Produto Interno Bruto (<strong>PIB<\/strong>)<\/a> do Brasil.<\/p>\n<p><a href=\"https:\/\/www.suno.com.br\/noticias\/?s=divida+publica\">Saiba mais: D\u00edvida p\u00fablica bruta deve chegar ao fim de 2020 entre 85% e 90% do PIB<\/a><\/p>\n<p>Al\u00e9m disso, <strong>Almeida<\/strong> informou que a d\u00edvida p\u00fablica poder\u00e1 crescer mais r\u00e1pido, dependendo das reformas aprovadas. Assim como por causa da alta volatilidade, o desempenho do PIB para esse ano tamb\u00e9m \u00e9 impreciso e pode cair entre 2% a 5%, segundo ele.<\/p>\n\n","protected":false},"excerpt":{"rendered":"<p>A Secretaria do Tesouro Nacional informou nessa quarta-feira (24) que a D\u00edvida P\u00fablica Federal (DPF) apresentou um aumento de 2,17%, em termos nominais, de abril para maio. Foi registrado um estoque de R$ 4,250 trilh\u00f5es no m\u00eas passado. boa vista De acordo com o relat\u00f3rio divulgado pelo Tesouro Nacional, em um cen\u00e1rio de incerteza em [&hellip;]<\/p>\n","protected":false},"author":44,"featured_media":51203,"comment_status":"closed","ping_status":"closed","sticky":false,"template":"","format":"standard","meta":[],"categories":[62],"tags":[1265,1044],"suno_strategy":[],"class_list":["post-70239","post","type-post","status-publish","format-standard","has-post-thumbnail","hentry","category-economia","tag-divida-publica-federal","tag-tesouro-nacional"],"yoast_head":"<!-- This site is optimized with the Yoast SEO plugin v24.4 - https:\/\/yoast.com\/wordpress\/plugins\/seo\/ -->\n<title>D\u00edvida P\u00fablica Federal subiu 2,17% em maio, totalizando R$ 4,250 tri<\/title>\n<meta name=\"description\" content=\"A D\u00edvida P\u00fablica Federal (DPF) apresentou um aumento de 2,17%, em termos nominais, de abril para maio. Clique para ver mais.\" \/>\n<meta name=\"robots\" content=\"index, follow, max-snippet:-1, max-image-preview:large, max-video-preview:-1\" \/>\n<link rel=\"canonical\" href=\"https:\/\/www.suno.com.br\/noticias\/divida-publica-federal-subiu-217-maio-totalizando-r-4250-tri\/\" \/>\n<meta property=\"og:locale\" content=\"pt_BR\" \/>\n<meta property=\"og:type\" content=\"article\" \/>\n<meta property=\"og:title\" content=\"D\u00edvida P\u00fablica Federal subiu 2,17% em maio, totalizando R$ 4,250 tri\" \/>\n<meta property=\"og:description\" content=\"A D\u00edvida P\u00fablica Federal (DPF) apresentou um aumento de 2,17%, em termos nominais, de abril para maio. Clique para ver mais.\" \/>\n<meta property=\"og:url\" content=\"https:\/\/www.suno.com.br\/noticias\/divida-publica-federal-subiu-217-maio-totalizando-r-4250-tri\/\" \/>\n<meta property=\"og:site_name\" content=\"Suno Not\u00edcias\" \/>\n<meta property=\"article:publisher\" content=\"https:\/\/facebook.com\/sunoresearch\" \/>\n<meta property=\"og:image\" content=\"https:\/\/files.sunoresearch.com.br\/n\/uploads\/2020\/01\/f22e7df3-d\u00edvida.jpg\" \/>\n\t<meta property=\"og:image:width\" content=\"659\" \/>\n\t<meta property=\"og:image:height\" content=\"465\" \/>\n\t<meta property=\"og:image:type\" content=\"image\/jpeg\" \/>\n<meta name=\"author\" content=\"Daniel Guimar\u00e3es\" \/>\n<meta name=\"twitter:card\" content=\"summary_large_image\" \/>\n<meta name=\"twitter:creator\" content=\"@sunoresearch\" \/>\n<meta name=\"twitter:site\" content=\"@sunoresearch\" \/>\n<meta name=\"twitter:label1\" content=\"Escrito por\" \/>\n\t<meta name=\"twitter:data1\" content=\"Daniel Guimar\u00e3es\" \/>\n\t<meta name=\"twitter:label2\" content=\"Est. tempo de leitura\" \/>\n\t<meta name=\"twitter:data2\" content=\"3 minutos\" \/>\n<script type=\"application\/ld+json\" class=\"yoast-schema-graph\">{\"@context\":\"https:\/\/schema.org\",\"@graph\":[{\"@type\":\"NewsArticle\",\"@id\":\"https:\/\/www.suno.com.br\/noticias\/divida-publica-federal-subiu-217-maio-totalizando-r-4250-tri\/#article\",\"isPartOf\":{\"@id\":\"https:\/\/www.suno.com.br\/noticias\/divida-publica-federal-subiu-217-maio-totalizando-r-4250-tri\/\"},\"author\":{\"name\":\"Daniel Guimar\u00e3es\",\"@id\":\"https:\/\/www.suno.com.br\/noticias\/#\/schema\/person\/a7796c19fcf6bafd03b9a2fa1fd9ae20\"},\"headline\":\"D\u00edvida P\u00fablica Federal subiu 2,17% em maio, totalizando R$ 4,250 tri\",\"datePublished\":\"2020-06-24T19:58:48+00:00\",\"mainEntityOfPage\":{\"@id\":\"https:\/\/www.suno.com.br\/noticias\/divida-publica-federal-subiu-217-maio-totalizando-r-4250-tri\/\"},\"wordCount\":638,\"publisher\":{\"@id\":\"https:\/\/www.suno.com.br\/noticias\/#organization\"},\"image\":{\"@id\":\"https:\/\/www.suno.com.br\/noticias\/divida-publica-federal-subiu-217-maio-totalizando-r-4250-tri\/#primaryimage\"},\"thumbnailUrl\":\"https:\/\/files.sunoresearch.com.br\/n\/uploads\/2020\/01\/f22e7df3-d\u00edvida.jpg\",\"keywords\":[\"D\u00edvida P\u00fablica Federal\",\"Tesouro Nacional\"],\"articleSection\":[\"Economia\"],\"inLanguage\":\"pt-BR\"},{\"@type\":\"WebPage\",\"@id\":\"https:\/\/www.suno.com.br\/noticias\/divida-publica-federal-subiu-217-maio-totalizando-r-4250-tri\/\",\"url\":\"https:\/\/www.suno.com.br\/noticias\/divida-publica-federal-subiu-217-maio-totalizando-r-4250-tri\/\",\"name\":\"D\u00edvida P\u00fablica Federal subiu 2,17% em maio, totalizando R$ 4,250 tri\",\"isPartOf\":{\"@id\":\"https:\/\/www.suno.com.br\/noticias\/#website\"},\"primaryImageOfPage\":{\"@id\":\"https:\/\/www.suno.com.br\/noticias\/divida-publica-federal-subiu-217-maio-totalizando-r-4250-tri\/#primaryimage\"},\"image\":{\"@id\":\"https:\/\/www.suno.com.br\/noticias\/divida-publica-federal-subiu-217-maio-totalizando-r-4250-tri\/#primaryimage\"},\"thumbnailUrl\":\"https:\/\/files.sunoresearch.com.br\/n\/uploads\/2020\/01\/f22e7df3-d\u00edvida.jpg\",\"datePublished\":\"2020-06-24T19:58:48+00:00\",\"description\":\"A D\u00edvida P\u00fablica Federal (DPF) apresentou um aumento de 2,17%, em termos nominais, de abril para maio. Clique para ver mais.\",\"breadcrumb\":{\"@id\":\"https:\/\/www.suno.com.br\/noticias\/divida-publica-federal-subiu-217-maio-totalizando-r-4250-tri\/#breadcrumb\"},\"inLanguage\":\"pt-BR\",\"potentialAction\":[{\"@type\":\"ReadAction\",\"target\":[\"https:\/\/www.suno.com.br\/noticias\/divida-publica-federal-subiu-217-maio-totalizando-r-4250-tri\/\"]}]},{\"@type\":\"ImageObject\",\"inLanguage\":\"pt-BR\",\"@id\":\"https:\/\/www.suno.com.br\/noticias\/divida-publica-federal-subiu-217-maio-totalizando-r-4250-tri\/#primaryimage\",\"url\":\"https:\/\/files.sunoresearch.com.br\/n\/uploads\/2020\/01\/f22e7df3-d\u00edvida.jpg\",\"contentUrl\":\"https:\/\/files.sunoresearch.com.br\/n\/uploads\/2020\/01\/f22e7df3-d\u00edvida.jpg\",\"width\":659,\"height\":465,\"caption\":\"boa vista\"},{\"@type\":\"BreadcrumbList\",\"@id\":\"https:\/\/www.suno.com.br\/noticias\/divida-publica-federal-subiu-217-maio-totalizando-r-4250-tri\/#breadcrumb\",\"itemListElement\":[{\"@type\":\"ListItem\",\"position\":1,\"name\":\"Not\u00edcias\",\"item\":\"https:\/\/www.suno.com.br\/noticias\/\"},{\"@type\":\"ListItem\",\"position\":2,\"name\":\"Economia\",\"item\":\"https:\/\/www.suno.com.br\/noticias\/economia\/\"},{\"@type\":\"ListItem\",\"position\":3,\"name\":\"D\u00edvida P\u00fablica Federal subiu 2,17% em maio, totalizando R$ 4,250 tri\"}]},{\"@type\":\"WebSite\",\"@id\":\"https:\/\/www.suno.com.br\/noticias\/#website\",\"url\":\"https:\/\/www.suno.com.br\/noticias\/\",\"name\":\"Suno Not\u00edcias\",\"description\":\"Seu portal de informa\u00e7\u00e3o sobre o mundo dos investimentos\",\"publisher\":{\"@id\":\"https:\/\/www.suno.com.br\/noticias\/#organization\"},\"potentialAction\":[{\"@type\":\"SearchAction\",\"target\":{\"@type\":\"EntryPoint\",\"urlTemplate\":\"https:\/\/www.suno.com.br\/noticias\/?s={search_term_string}\"},\"query-input\":{\"@type\":\"PropertyValueSpecification\",\"valueRequired\":true,\"valueName\":\"search_term_string\"}}],\"inLanguage\":\"pt-BR\"},{\"@type\":\"Organization\",\"@id\":\"https:\/\/www.suno.com.br\/noticias\/#organization\",\"name\":\"Suno Not\u00edcias\",\"url\":\"https:\/\/www.suno.com.br\/noticias\/\",\"logo\":{\"@type\":\"ImageObject\",\"inLanguage\":\"pt-BR\",\"@id\":\"https:\/\/www.suno.com.br\/noticias\/#\/schema\/logo\/image\/\",\"url\":\"https:\/\/files.sunoresearch.com.br\/n\/uploads\/2021\/09\/suno-logo.png\",\"contentUrl\":\"https:\/\/files.sunoresearch.com.br\/n\/uploads\/2021\/09\/suno-logo.png\",\"width\":180,\"height\":180,\"caption\":\"Suno Not\u00edcias\"},\"image\":{\"@id\":\"https:\/\/www.suno.com.br\/noticias\/#\/schema\/logo\/image\/\"},\"sameAs\":[\"https:\/\/facebook.com\/sunoresearch\",\"https:\/\/x.com\/sunoresearch\",\"https:\/\/www.instagram.com\/suno\",\"https:\/\/www.linkedin.com\/company\/suno-research\/\",\"https:\/\/www.youtube.com\/c\/sunoresearch\"]},{\"@type\":\"Person\",\"@id\":\"https:\/\/www.suno.com.br\/noticias\/#\/schema\/person\/a7796c19fcf6bafd03b9a2fa1fd9ae20\",\"name\":\"Daniel Guimar\u00e3es\",\"image\":{\"@type\":\"ImageObject\",\"inLanguage\":\"pt-BR\",\"@id\":\"https:\/\/www.suno.com.br\/noticias\/#\/schema\/person\/image\/\",\"url\":\"https:\/\/secure.gravatar.com\/avatar\/fb8260757609f58f0c0ac079d1b32eff?s=96&r=g\",\"contentUrl\":\"https:\/\/secure.gravatar.com\/avatar\/fb8260757609f58f0c0ac079d1b32eff?s=96&r=g\",\"caption\":\"Daniel Guimar\u00e3es\"},\"description\":\"Estagi\u00e1rio na Suno Not\u00edcias, Daniel escreve not\u00edcias que afetam o mercado financeiro brasileiro e internacional. Estuda economia na Rutgers University, em New Jersey.\",\"sameAs\":[\"suno.research\"],\"url\":\"https:\/\/www.suno.com.br\/noticias\/author\/daniel\/\"}]}<\/script>\n<!-- \/ Yoast SEO plugin. -->","yoast_head_json":{"title":"D\u00edvida P\u00fablica Federal subiu 2,17% em maio, totalizando R$ 4,250 tri","description":"A D\u00edvida P\u00fablica Federal (DPF) apresentou um aumento de 2,17%, em termos nominais, de abril para maio. Clique para ver mais.","robots":{"index":"index","follow":"follow","max-snippet":"max-snippet:-1","max-image-preview":"max-image-preview:large","max-video-preview":"max-video-preview:-1"},"canonical":"https:\/\/www.suno.com.br\/noticias\/divida-publica-federal-subiu-217-maio-totalizando-r-4250-tri\/","og_locale":"pt_BR","og_type":"article","og_title":"D\u00edvida P\u00fablica Federal subiu 2,17% em maio, totalizando R$ 4,250 tri","og_description":"A D\u00edvida P\u00fablica Federal (DPF) apresentou um aumento de 2,17%, em termos nominais, de abril para maio. Clique para ver mais.","og_url":"https:\/\/www.suno.com.br\/noticias\/divida-publica-federal-subiu-217-maio-totalizando-r-4250-tri\/","og_site_name":"Suno Not\u00edcias","article_publisher":"https:\/\/facebook.com\/sunoresearch","og_image":[{"width":659,"height":465,"url":"https:\/\/files.sunoresearch.com.br\/n\/uploads\/2020\/01\/f22e7df3-d\u00edvida.jpg","type":"image\/jpeg"}],"author":"Daniel Guimar\u00e3es","twitter_card":"summary_large_image","twitter_creator":"@sunoresearch","twitter_site":"@sunoresearch","twitter_misc":{"Escrito por":"Daniel Guimar\u00e3es","Est. tempo de leitura":"3 minutos"},"schema":{"@context":"https:\/\/schema.org","@graph":[{"@type":"NewsArticle","@id":"https:\/\/www.suno.com.br\/noticias\/divida-publica-federal-subiu-217-maio-totalizando-r-4250-tri\/#article","isPartOf":{"@id":"https:\/\/www.suno.com.br\/noticias\/divida-publica-federal-subiu-217-maio-totalizando-r-4250-tri\/"},"author":{"name":"Daniel Guimar\u00e3es","@id":"https:\/\/www.suno.com.br\/noticias\/#\/schema\/person\/a7796c19fcf6bafd03b9a2fa1fd9ae20"},"headline":"D\u00edvida P\u00fablica Federal subiu 2,17% em maio, totalizando R$ 4,250 tri","datePublished":"2020-06-24T19:58:48+00:00","mainEntityOfPage":{"@id":"https:\/\/www.suno.com.br\/noticias\/divida-publica-federal-subiu-217-maio-totalizando-r-4250-tri\/"},"wordCount":638,"publisher":{"@id":"https:\/\/www.suno.com.br\/noticias\/#organization"},"image":{"@id":"https:\/\/www.suno.com.br\/noticias\/divida-publica-federal-subiu-217-maio-totalizando-r-4250-tri\/#primaryimage"},"thumbnailUrl":"https:\/\/files.sunoresearch.com.br\/n\/uploads\/2020\/01\/f22e7df3-d\u00edvida.jpg","keywords":["D\u00edvida P\u00fablica Federal","Tesouro Nacional"],"articleSection":["Economia"],"inLanguage":"pt-BR"},{"@type":"WebPage","@id":"https:\/\/www.suno.com.br\/noticias\/divida-publica-federal-subiu-217-maio-totalizando-r-4250-tri\/","url":"https:\/\/www.suno.com.br\/noticias\/divida-publica-federal-subiu-217-maio-totalizando-r-4250-tri\/","name":"D\u00edvida P\u00fablica Federal subiu 2,17% em maio, totalizando R$ 4,250 tri","isPartOf":{"@id":"https:\/\/www.suno.com.br\/noticias\/#website"},"primaryImageOfPage":{"@id":"https:\/\/www.suno.com.br\/noticias\/divida-publica-federal-subiu-217-maio-totalizando-r-4250-tri\/#primaryimage"},"image":{"@id":"https:\/\/www.suno.com.br\/noticias\/divida-publica-federal-subiu-217-maio-totalizando-r-4250-tri\/#primaryimage"},"thumbnailUrl":"https:\/\/files.sunoresearch.com.br\/n\/uploads\/2020\/01\/f22e7df3-d\u00edvida.jpg","datePublished":"2020-06-24T19:58:48+00:00","description":"A D\u00edvida P\u00fablica Federal (DPF) apresentou um aumento de 2,17%, em termos nominais, de abril para maio. Clique para ver mais.","breadcrumb":{"@id":"https:\/\/www.suno.com.br\/noticias\/divida-publica-federal-subiu-217-maio-totalizando-r-4250-tri\/#breadcrumb"},"inLanguage":"pt-BR","potentialAction":[{"@type":"ReadAction","target":["https:\/\/www.suno.com.br\/noticias\/divida-publica-federal-subiu-217-maio-totalizando-r-4250-tri\/"]}]},{"@type":"ImageObject","inLanguage":"pt-BR","@id":"https:\/\/www.suno.com.br\/noticias\/divida-publica-federal-subiu-217-maio-totalizando-r-4250-tri\/#primaryimage","url":"https:\/\/files.sunoresearch.com.br\/n\/uploads\/2020\/01\/f22e7df3-d\u00edvida.jpg","contentUrl":"https:\/\/files.sunoresearch.com.br\/n\/uploads\/2020\/01\/f22e7df3-d\u00edvida.jpg","width":659,"height":465,"caption":"boa vista"},{"@type":"BreadcrumbList","@id":"https:\/\/www.suno.com.br\/noticias\/divida-publica-federal-subiu-217-maio-totalizando-r-4250-tri\/#breadcrumb","itemListElement":[{"@type":"ListItem","position":1,"name":"Not\u00edcias","item":"https:\/\/www.suno.com.br\/noticias\/"},{"@type":"ListItem","position":2,"name":"Economia","item":"https:\/\/www.suno.com.br\/noticias\/economia\/"},{"@type":"ListItem","position":3,"name":"D\u00edvida P\u00fablica Federal subiu 2,17% em maio, totalizando R$ 4,250 tri"}]},{"@type":"WebSite","@id":"https:\/\/www.suno.com.br\/noticias\/#website","url":"https:\/\/www.suno.com.br\/noticias\/","name":"Suno Not\u00edcias","description":"Seu portal de informa\u00e7\u00e3o sobre o mundo dos investimentos","publisher":{"@id":"https:\/\/www.suno.com.br\/noticias\/#organization"},"potentialAction":[{"@type":"SearchAction","target":{"@type":"EntryPoint","urlTemplate":"https:\/\/www.suno.com.br\/noticias\/?s={search_term_string}"},"query-input":{"@type":"PropertyValueSpecification","valueRequired":true,"valueName":"search_term_string"}}],"inLanguage":"pt-BR"},{"@type":"Organization","@id":"https:\/\/www.suno.com.br\/noticias\/#organization","name":"Suno Not\u00edcias","url":"https:\/\/www.suno.com.br\/noticias\/","logo":{"@type":"ImageObject","inLanguage":"pt-BR","@id":"https:\/\/www.suno.com.br\/noticias\/#\/schema\/logo\/image\/","url":"https:\/\/files.sunoresearch.com.br\/n\/uploads\/2021\/09\/suno-logo.png","contentUrl":"https:\/\/files.sunoresearch.com.br\/n\/uploads\/2021\/09\/suno-logo.png","width":180,"height":180,"caption":"Suno Not\u00edcias"},"image":{"@id":"https:\/\/www.suno.com.br\/noticias\/#\/schema\/logo\/image\/"},"sameAs":["https:\/\/facebook.com\/sunoresearch","https:\/\/x.com\/sunoresearch","https:\/\/www.instagram.com\/suno","https:\/\/www.linkedin.com\/company\/suno-research\/","https:\/\/www.youtube.com\/c\/sunoresearch"]},{"@type":"Person","@id":"https:\/\/www.suno.com.br\/noticias\/#\/schema\/person\/a7796c19fcf6bafd03b9a2fa1fd9ae20","name":"Daniel Guimar\u00e3es","image":{"@type":"ImageObject","inLanguage":"pt-BR","@id":"https:\/\/www.suno.com.br\/noticias\/#\/schema\/person\/image\/","url":"https:\/\/secure.gravatar.com\/avatar\/fb8260757609f58f0c0ac079d1b32eff?s=96&r=g","contentUrl":"https:\/\/secure.gravatar.com\/avatar\/fb8260757609f58f0c0ac079d1b32eff?s=96&r=g","caption":"Daniel Guimar\u00e3es"},"description":"Estagi\u00e1rio na Suno Not\u00edcias, Daniel escreve not\u00edcias que afetam o mercado financeiro brasileiro e internacional. Estuda economia na Rutgers University, em New Jersey.","sameAs":["suno.research"],"url":"https:\/\/www.suno.com.br\/noticias\/author\/daniel\/"}]}},"default_loop_html":"<div class=\"cardsPage__listCard__boxs\"><div class=\"cardsPage__listCard__boxs__img\"><a href=\"https:\/\/www.suno.com.br\/noticias\/divida-publica-federal-subiu-217-maio-totalizando-r-4250-tri\/\"><img class=\"mask\" src=\"https:\/\/www.suno.com.br\/noticias\/wp-content\/themes\/suno\/resources\/images\/spotlight\/spotlight1img\/bg-mask.png\" alt=\"Image Mask\"\/><img src=\"https:\/\/files.sunoresearch.com.br\/n\/uploads\/2020\/01\/f22e7df3-d\u00edvida-400x200.webp\" alt=\"D\u00edvida P\u00fablica Federal subiu 2,17% em maio, totalizando R$ 4,250 tri\"\/><\/a><span class=\"spotlightCategory\"><a href=\"https:\/\/www.suno.com.br\/noticias\/economia\/\">Economia<\/a><\/span><\/div><div class=\"cardsPage__listCard__boxs__content\"><a href=\"https:\/\/www.suno.com.br\/noticias\/divida-publica-federal-subiu-217-maio-totalizando-r-4250-tri\/\"><h2 class=\"content__title\">D\u00edvida P\u00fablica Federal subiu 2,17% em maio, totalizando R$ 4,250 tri<\/h2><\/a><div class=\"newsContent__article__meta\"><div class=\"newsContent__article__meta__authorBox\"><a href=\"https:\/\/www.suno.com.br\/noticias\/author\/daniel\/\" class=\"authorBox__avatar noMobi\"><img src=\"https:\/\/files.sunoresearch.com.br\/n\/uploads\/2020\/08\/e51aadd2-whatsapp-image-2020-08-03-at-14.03.48-150x150.webp\" alt=\"Daniel Guimar\u00e3es\"><\/a><div class=\"authorBox__name\"><span>por\n\t\t\t<a href=\"https:\/\/www.suno.com.br\/noticias\/author\/daniel\/\"><span itemprop=\"author\">Daniel Guimar\u00e3es<\/span><\/a><\/span><time datetime=\"2020-06-24T16:58:48-03:00\" itemprop=\"datePublished\">24\/06\/2020 16:58<\/time><\/div><\/div><\/div><\/div><\/div>","single_layout":"posts","amp_enabled":true,"_links":{"self":[{"href":"https:\/\/www.suno.com.br\/noticias\/wp-json\/wp\/v2\/posts\/70239"}],"collection":[{"href":"https:\/\/www.suno.com.br\/noticias\/wp-json\/wp\/v2\/posts"}],"about":[{"href":"https:\/\/www.suno.com.br\/noticias\/wp-json\/wp\/v2\/types\/post"}],"author":[{"embeddable":true,"href":"https:\/\/www.suno.com.br\/noticias\/wp-json\/wp\/v2\/users\/44"}],"replies":[{"embeddable":true,"href":"https:\/\/www.suno.com.br\/noticias\/wp-json\/wp\/v2\/comments?post=70239"}],"version-history":[{"count":0,"href":"https:\/\/www.suno.com.br\/noticias\/wp-json\/wp\/v2\/posts\/70239\/revisions"}],"wp:featuredmedia":[{"embeddable":true,"href":"https:\/\/www.suno.com.br\/noticias\/wp-json\/wp\/v2\/media\/51203"}],"wp:attachment":[{"href":"https:\/\/www.suno.com.br\/noticias\/wp-json\/wp\/v2\/media?parent=70239"}],"wp:term":[{"taxonomy":"category","embeddable":true,"href":"https:\/\/www.suno.com.br\/noticias\/wp-json\/wp\/v2\/categories?post=70239"},{"taxonomy":"post_tag","embeddable":true,"href":"https:\/\/www.suno.com.br\/noticias\/wp-json\/wp\/v2\/tags?post=70239"},{"taxonomy":"suno_strategy","embeddable":true,"href":"https:\/\/www.suno.com.br\/noticias\/wp-json\/wp\/v2\/suno_strategy?post=70239"}],"curies":[{"name":"wp","href":"https:\/\/api.w.org\/{rel}","templated":true}]}}