{"id":70200,"date":"2020-06-24T11:31:24","date_gmt":"2020-06-24T14:31:24","guid":{"rendered":"https:\/\/www.suno.com.br\/noticias\/?p=70200"},"modified":"2020-06-24T11:31:24","modified_gmt":"2020-06-24T14:31:24","slug":"pib-do-brasil-pandemia-fmi","status":"publish","type":"post","link":"https:\/\/www.suno.com.br\/noticias\/pib-do-brasil-pandemia-fmi\/","title":{"rendered":"PIB do Brasil tombar\u00e1 9% em 2020 devido \u00e0 pandemia, diz FMI"},"content":{"rendered":"<p>Segundo o <a href=\"https:\/\/www.suno.com.br\/artigos\/fmi\/\">Fundo Monet\u00e1rio Internacional (FMI)<\/a>, o <a href=\"https:\/\/www.suno.com.br\/artigos\/pib-produto-interno-bruto\/\">Produto Interno Bruto (<strong>PIB<\/strong>)<\/a> do Brasil cair\u00e1 9,1% devido \u00e0 pandemia do <a href=\"https:\/\/www.suno.com.br\/noticias\/?s=coronavirus\">novo coronav\u00edrus (Covid-19)<\/a>. O relat\u00f3rio da institui\u00e7\u00e3o com suas novas estimativas foi divulgado nesta quarta-feira (24).<\/p>\t<div class=\"wrapper-featured-image\">\n\t\t<figure class=\"spotlightImg\">\n\n\t\t\t<picture>\n\t\t\t\t<source media=\"(max-width: 768px)\" srcset=\"https:\/\/files.sunoresearch.com.br\/n\/uploads\/2020\/06\/750e21e8-recess\u00e3o-400x200.webp\">\n\t\t\t\t<img loading=\"lazy\" decoding=\"async\" class=\"newsContent__article__imgCapa lazyloadDisabled newsContent__article__imgCapa--noCaption\" src=\"https:\/\/files.sunoresearch.com.br\/n\/uploads\/2020\/06\/750e21e8-recess\u00e3o-800x450.webp\" width=\"800\" height=\"450\" alt=\"PIB do Brasil tombar\u00e1 9% em 2020 devido \u00e0 pandemia, diz FMI\" fetchpriority=high \/>\n\t\t\t<\/picture>\n\n\t\t\t<figcaption class=\"wp-caption-text wp-caption-text--hide\">O Minist\u00e9rio da Sa\u00fade informou que o Brasil estuda participar do programa Covax Facility, que prev\u00ea o acesso \u00e0 vacina. <\/figcaption>\n\t\t<\/figure>\n\t<\/div>\n\n\n\n<p>Na proje\u00e7\u00e3o anterior, apresentada em maio, o <strong>FMI<\/strong> estimava que o PIB brasileiro cairia 5,3% neste ano. Caso a atual proje\u00e7\u00e3o se confirme, essa ser\u00e1 a <strong>recess\u00e3o<\/strong> mais profunda da economia do Pa\u00eds nos \u00faltimos 120 anos.<\/p>\n<p>A queda mais pr\u00f3xima da estimativa do FMI ocorreu em 1990, quando o PIB recuou 4,4%. A expectativa da institui\u00e7\u00e3o internacional tamb\u00e9m \u00e9 mais pessimista que os profissionais do mercado financeiro, que passaram a projetar um tombo de 6,5%, <a href=\"https:\/\/www.suno.com.br\/noticias\/boletim-focus-diminui-previsao-queda-pib\/\">segundo o Boletim Focus divulgado na \u00faltima segunda-feira (22)<\/a>.<\/p>\n<p><a href=\"https:\/\/lp.suno.com.br\/suno-one\/\">No Suno One voc\u00ea aprende a fazer seu dinheiro trabalhar para voc\u00ea. Cadastre-se gratuitamente agora!<\/a><\/p>\n<p>Al\u00e9m disso, o relat\u00f3rio <strong>World Economic Outlook<\/strong> apresenta uma piora na condi\u00e7\u00e3o econom\u00f4mica global. Enquanto no m\u00eas passado a proje\u00e7\u00e3o era de uma queda de 3%, agora \u00e9 esperado que o PIB mundial caia 4,9% neste ano.<\/p>\n<p>&#8220;Pela primeira vez, projeta-se que todas as regi\u00f5es experimentem um desempenho negativo (do PIB) em 2020. No entanto, existem diferen\u00e7as substanciais entre as economias, refletindo a evolu\u00e7\u00e3o da pandemia e a efic\u00e1cia das estrat\u00e9gias de conten\u00e7\u00e3o&#8221;, informa o documento.<\/p>\n<p>Para economias avan\u00e7adas, como da Espanha (-12,8%), It\u00e1lia (-12,8%) e Fran\u00e7a (-12,5%), a m\u00e9dia da queda da economia ser\u00e1 de 8%. Nos mercados emergentes, no entanto, o recuo ser\u00e1 de 3%.<\/p>\n<p>Segundo o economista-chefe do FMI, &#8220;a <strong>pandemia<\/strong> levou as economias para um grande lockdown, o que ajudou conter o v\u00edrus e salvar vidas, mas tamb\u00e9m desencadeou a pior recess\u00e3o desde a <a href=\"https:\/\/www.suno.com.br\/artigos\/a-grande-depressao\/\">Grande Depress\u00e3o<\/a>&#8220;.<\/p>\n<p>J\u00e1 a recupera\u00e7\u00e3o, a partir do ano que vem, apresentar\u00e1 um crescimento de 5,4% na economia global &#8212; em abril, a estimativa era de uma alta de 5,9%. O Brasil, para o Fundo, ir\u00e1 crescer 3,6% em 2021.<\/p>\n<p>&#8220;Em 2021, projeta-se que a taxa de crescimento para os pa\u00edses emergentes e economias em desenvolvimento se fortale\u00e7a para 5,9%, refletindo amplamente a previs\u00e3o de recupera\u00e7\u00e3o para a China (8,2%)&#8221;, disse o FMI.<\/p>\n<h2>FMI alerta para endividamento<\/h2>\n<p>O FMI tamb\u00e9m alertou para o endividamento dos pa\u00edses, elevado nas medidas de conten\u00e7\u00e3o da pandemia, trazendo uma piora fiscal em raz\u00e3o dos gastos p\u00fablicos.<\/p>\n<p>De acordo com a institui\u00e7\u00e3o, as medidas fiscais anunciadas pelos pa\u00edses j\u00e1 somam mais de US$ 10 trilh\u00f5es, acima dos US$ 8 bilh\u00f5es estimados h\u00e1 dois meses. Com essa flexibiliza\u00e7\u00e3o fiscal, o FMI projeta que a d\u00edvida bruta global dever\u00e1 chegar a 101,5% do PIB em 2020.<\/p>\n<p><a href=\"https:\/\/www.suno.com.br\/noticias\/comercio-cai-drasticamente-primeira-metade-2020-omc\/\">Confira: Com\u00e9rcio cai drasticamente na primeira metade de 2020, diz OMC<\/a><\/p>\n<p>No caso do Brasil, a <a href=\"https:\/\/www.suno.com.br\/artigos\/divida-publica\/\"><strong>d\u00edvida bruta<\/strong><\/a> dever\u00e1 alcan\u00e7ar 102,3% do PIB neste ano, caindo para 100,6% do PIB no ano que vem, segundo as estimativas do FMI.<\/p>\n<h2>PIB brasileiro caiu 1,5% no primeiro trimestre<\/h2>\n<p>Segundo o Instituto Brasileiro de Geografia e Estat\u00edstica (IBGE), o PIB brasileiro caiu 1,5% no primeiro trimestre de 2020 em rela\u00e7\u00e3o ao trimestre anterior. Este resultado do PIB considera o desempenho da economia entre janeiro e mar\u00e7o de 2020, sendo que a pandemia passou a impactar o Pa\u00eds de forma mais acentuada em meados de mar\u00e7o.<\/p>\n<p>\u201cAconteceu no Brasil o mesmo que ocorreu em outros pa\u00edses afetados pela pandemia, que foi o recuo nos servi\u00e7os direcionados \u00e0s fam\u00edlias devido ao fechamento dos estabelecimentos&#8221;, disse Rebeca Palis, coordenadora de Contas Nacionais do IBGE.<\/p>\n<p>Em rela\u00e7\u00e3o ao primeiro trimestre do ano passado, a economia brasileira apresentou uma baixa de 0,3%. Dessa forma, o <strong>PIB<\/strong> est\u00e1 em um patamar similar ao registrado no segundo trimestre de 2012.<\/p>\n\n","protected":false},"excerpt":{"rendered":"<p>Segundo o Fundo Monet\u00e1rio Internacional (FMI), o Produto Interno Bruto (PIB) do Brasil cair\u00e1 9,1% devido \u00e0 pandemia do novo coronav\u00edrus (Covid-19). O relat\u00f3rio da institui\u00e7\u00e3o com suas novas estimativas foi divulgado nesta quarta-feira (24). O Minist\u00e9rio da Sa\u00fade informou que o Brasil estuda participar do programa Covax Facility, que prev\u00ea o acesso \u00e0 vacina. [&hellip;]<\/p>\n","protected":false},"author":24,"featured_media":70206,"comment_status":"closed","ping_status":"closed","sticky":false,"template":"","format":"standard","meta":[],"categories":[62],"tags":[2487,806,807,1881],"suno_strategy":[],"class_list":["post-70200","post","type-post","status-publish","format-standard","has-post-thumbnail","hentry","category-economia","tag-coronavirus","tag-fundo-monetario-internacional-fmi","tag-produto-interno-bruto-pib","tag-recessao"],"yoast_head":"<!-- This site is optimized with the Yoast SEO plugin v24.4 - https:\/\/yoast.com\/wordpress\/plugins\/seo\/ -->\n<title>PIB do Brasil tombar\u00e1 9% em 2020 devido \u00e0 pandemia, diz FMI<\/title>\n<meta name=\"description\" content=\"Segundo o Fundo Monet\u00e1rio Internacional (FMI), o Produto Interno Bruto (PIB) do Brasil cair\u00e1 9,1% devido \u00e0 pandemia. Saiba mais.\" \/>\n<meta name=\"robots\" content=\"index, follow, max-snippet:-1, max-image-preview:large, max-video-preview:-1\" \/>\n<link rel=\"canonical\" href=\"https:\/\/www.suno.com.br\/noticias\/pib-do-brasil-pandemia-fmi\/\" \/>\n<meta property=\"og:locale\" content=\"pt_BR\" \/>\n<meta property=\"og:type\" content=\"article\" \/>\n<meta property=\"og:title\" content=\"PIB do Brasil tombar\u00e1 9% em 2020 devido \u00e0 pandemia, diz FMI\" \/>\n<meta property=\"og:description\" content=\"Segundo o Fundo Monet\u00e1rio Internacional (FMI), o Produto Interno Bruto (PIB) do Brasil cair\u00e1 9,1% devido \u00e0 pandemia. Saiba mais.\" \/>\n<meta property=\"og:url\" content=\"https:\/\/www.suno.com.br\/noticias\/pib-do-brasil-pandemia-fmi\/\" \/>\n<meta property=\"og:site_name\" content=\"Suno Not\u00edcias\" \/>\n<meta property=\"article:publisher\" content=\"https:\/\/facebook.com\/sunoresearch\" \/>\n<meta property=\"og:image\" content=\"https:\/\/files.sunoresearch.com.br\/n\/uploads\/2020\/06\/750e21e8-recess\u00e3o.jpg\" \/>\n\t<meta property=\"og:image:width\" content=\"1920\" \/>\n\t<meta property=\"og:image:height\" content=\"1279\" \/>\n\t<meta property=\"og:image:type\" content=\"image\/jpeg\" \/>\n<meta name=\"author\" content=\"Jader Lazarini\" \/>\n<meta name=\"twitter:card\" content=\"summary_large_image\" \/>\n<meta name=\"twitter:creator\" content=\"@sunoresearch\" \/>\n<meta name=\"twitter:site\" content=\"@sunoresearch\" \/>\n<meta name=\"twitter:label1\" content=\"Escrito por\" \/>\n\t<meta name=\"twitter:data1\" content=\"Jader Lazarini\" \/>\n\t<meta name=\"twitter:label2\" content=\"Est. tempo de leitura\" \/>\n\t<meta name=\"twitter:data2\" content=\"3 minutos\" \/>\n<script type=\"application\/ld+json\" class=\"yoast-schema-graph\">{\"@context\":\"https:\/\/schema.org\",\"@graph\":[{\"@type\":\"NewsArticle\",\"@id\":\"https:\/\/www.suno.com.br\/noticias\/pib-do-brasil-pandemia-fmi\/#article\",\"isPartOf\":{\"@id\":\"https:\/\/www.suno.com.br\/noticias\/pib-do-brasil-pandemia-fmi\/\"},\"author\":{\"name\":\"Jader Lazarini\",\"@id\":\"https:\/\/www.suno.com.br\/noticias\/#\/schema\/person\/918d79de1f0281f01599b93f9ea6e23f\"},\"headline\":\"PIB do Brasil tombar\u00e1 9% em 2020 devido \u00e0 pandemia, diz FMI\",\"datePublished\":\"2020-06-24T14:31:24+00:00\",\"mainEntityOfPage\":{\"@id\":\"https:\/\/www.suno.com.br\/noticias\/pib-do-brasil-pandemia-fmi\/\"},\"wordCount\":632,\"publisher\":{\"@id\":\"https:\/\/www.suno.com.br\/noticias\/#organization\"},\"image\":{\"@id\":\"https:\/\/www.suno.com.br\/noticias\/pib-do-brasil-pandemia-fmi\/#primaryimage\"},\"thumbnailUrl\":\"https:\/\/files.sunoresearch.com.br\/n\/uploads\/2020\/06\/750e21e8-recess\u00e3o.jpg\",\"keywords\":[\"coronav\u00edrus\",\"Fundo Monet\u00e1rio Internacional (FMI)\",\"Produto Interno Bruto (PIB)\",\"recess\u00e3o\"],\"articleSection\":[\"Economia\"],\"inLanguage\":\"pt-BR\"},{\"@type\":\"WebPage\",\"@id\":\"https:\/\/www.suno.com.br\/noticias\/pib-do-brasil-pandemia-fmi\/\",\"url\":\"https:\/\/www.suno.com.br\/noticias\/pib-do-brasil-pandemia-fmi\/\",\"name\":\"PIB do Brasil tombar\u00e1 9% em 2020 devido \u00e0 pandemia, diz FMI\",\"isPartOf\":{\"@id\":\"https:\/\/www.suno.com.br\/noticias\/#website\"},\"primaryImageOfPage\":{\"@id\":\"https:\/\/www.suno.com.br\/noticias\/pib-do-brasil-pandemia-fmi\/#primaryimage\"},\"image\":{\"@id\":\"https:\/\/www.suno.com.br\/noticias\/pib-do-brasil-pandemia-fmi\/#primaryimage\"},\"thumbnailUrl\":\"https:\/\/files.sunoresearch.com.br\/n\/uploads\/2020\/06\/750e21e8-recess\u00e3o.jpg\",\"datePublished\":\"2020-06-24T14:31:24+00:00\",\"description\":\"Segundo o Fundo Monet\u00e1rio Internacional (FMI), o Produto Interno Bruto (PIB) do Brasil cair\u00e1 9,1% devido \u00e0 pandemia. Saiba mais.\",\"breadcrumb\":{\"@id\":\"https:\/\/www.suno.com.br\/noticias\/pib-do-brasil-pandemia-fmi\/#breadcrumb\"},\"inLanguage\":\"pt-BR\",\"potentialAction\":[{\"@type\":\"ReadAction\",\"target\":[\"https:\/\/www.suno.com.br\/noticias\/pib-do-brasil-pandemia-fmi\/\"]}]},{\"@type\":\"ImageObject\",\"inLanguage\":\"pt-BR\",\"@id\":\"https:\/\/www.suno.com.br\/noticias\/pib-do-brasil-pandemia-fmi\/#primaryimage\",\"url\":\"https:\/\/files.sunoresearch.com.br\/n\/uploads\/2020\/06\/750e21e8-recess\u00e3o.jpg\",\"contentUrl\":\"https:\/\/files.sunoresearch.com.br\/n\/uploads\/2020\/06\/750e21e8-recess\u00e3o.jpg\",\"width\":1920,\"height\":1279,\"caption\":\"O Minist\u00e9rio da Sa\u00fade informou que o Brasil estuda participar do programa Covax Facility, que prev\u00ea o acesso \u00e0 vacina.\"},{\"@type\":\"BreadcrumbList\",\"@id\":\"https:\/\/www.suno.com.br\/noticias\/pib-do-brasil-pandemia-fmi\/#breadcrumb\",\"itemListElement\":[{\"@type\":\"ListItem\",\"position\":1,\"name\":\"Not\u00edcias\",\"item\":\"https:\/\/www.suno.com.br\/noticias\/\"},{\"@type\":\"ListItem\",\"position\":2,\"name\":\"Economia\",\"item\":\"https:\/\/www.suno.com.br\/noticias\/economia\/\"},{\"@type\":\"ListItem\",\"position\":3,\"name\":\"PIB do Brasil tombar\u00e1 9% em 2020 devido \u00e0 pandemia, diz FMI\"}]},{\"@type\":\"WebSite\",\"@id\":\"https:\/\/www.suno.com.br\/noticias\/#website\",\"url\":\"https:\/\/www.suno.com.br\/noticias\/\",\"name\":\"Suno Not\u00edcias\",\"description\":\"Seu portal de informa\u00e7\u00e3o sobre o mundo dos investimentos\",\"publisher\":{\"@id\":\"https:\/\/www.suno.com.br\/noticias\/#organization\"},\"potentialAction\":[{\"@type\":\"SearchAction\",\"target\":{\"@type\":\"EntryPoint\",\"urlTemplate\":\"https:\/\/www.suno.com.br\/noticias\/?s={search_term_string}\"},\"query-input\":{\"@type\":\"PropertyValueSpecification\",\"valueRequired\":true,\"valueName\":\"search_term_string\"}}],\"inLanguage\":\"pt-BR\"},{\"@type\":\"Organization\",\"@id\":\"https:\/\/www.suno.com.br\/noticias\/#organization\",\"name\":\"Suno Not\u00edcias\",\"url\":\"https:\/\/www.suno.com.br\/noticias\/\",\"logo\":{\"@type\":\"ImageObject\",\"inLanguage\":\"pt-BR\",\"@id\":\"https:\/\/www.suno.com.br\/noticias\/#\/schema\/logo\/image\/\",\"url\":\"https:\/\/files.sunoresearch.com.br\/n\/uploads\/2021\/09\/suno-logo.png\",\"contentUrl\":\"https:\/\/files.sunoresearch.com.br\/n\/uploads\/2021\/09\/suno-logo.png\",\"width\":180,\"height\":180,\"caption\":\"Suno Not\u00edcias\"},\"image\":{\"@id\":\"https:\/\/www.suno.com.br\/noticias\/#\/schema\/logo\/image\/\"},\"sameAs\":[\"https:\/\/facebook.com\/sunoresearch\",\"https:\/\/x.com\/sunoresearch\",\"https:\/\/www.instagram.com\/suno\",\"https:\/\/www.linkedin.com\/company\/suno-research\/\",\"https:\/\/www.youtube.com\/c\/sunoresearch\"]},{\"@type\":\"Person\",\"@id\":\"https:\/\/www.suno.com.br\/noticias\/#\/schema\/person\/918d79de1f0281f01599b93f9ea6e23f\",\"name\":\"Jader Lazarini\",\"image\":{\"@type\":\"ImageObject\",\"inLanguage\":\"pt-BR\",\"@id\":\"https:\/\/www.suno.com.br\/noticias\/#\/schema\/person\/image\/\",\"url\":\"https:\/\/secure.gravatar.com\/avatar\/3c1ad8caa51589841baeb923fcddea97?s=96&r=g\",\"contentUrl\":\"https:\/\/secure.gravatar.com\/avatar\/3c1ad8caa51589841baeb923fcddea97?s=96&r=g\",\"caption\":\"Jader Lazarini\"},\"description\":\"Jader Lazarini escreve sobre investimentos, finan\u00e7as, economia e neg\u00f3cios. \u00c9 bacharel em Rela\u00e7\u00f5es Internacionais e analista CNPI (2619).\",\"url\":\"https:\/\/www.suno.com.br\/noticias\/author\/jader-lazarini\/\"}]}<\/script>\n<!-- \/ Yoast SEO plugin. -->","yoast_head_json":{"title":"PIB do Brasil tombar\u00e1 9% em 2020 devido \u00e0 pandemia, diz FMI","description":"Segundo o Fundo Monet\u00e1rio Internacional (FMI), o Produto Interno Bruto (PIB) do Brasil cair\u00e1 9,1% devido \u00e0 pandemia. Saiba mais.","robots":{"index":"index","follow":"follow","max-snippet":"max-snippet:-1","max-image-preview":"max-image-preview:large","max-video-preview":"max-video-preview:-1"},"canonical":"https:\/\/www.suno.com.br\/noticias\/pib-do-brasil-pandemia-fmi\/","og_locale":"pt_BR","og_type":"article","og_title":"PIB do Brasil tombar\u00e1 9% em 2020 devido \u00e0 pandemia, diz FMI","og_description":"Segundo o Fundo Monet\u00e1rio Internacional (FMI), o Produto Interno Bruto (PIB) do Brasil cair\u00e1 9,1% devido \u00e0 pandemia. Saiba mais.","og_url":"https:\/\/www.suno.com.br\/noticias\/pib-do-brasil-pandemia-fmi\/","og_site_name":"Suno Not\u00edcias","article_publisher":"https:\/\/facebook.com\/sunoresearch","og_image":[{"width":1920,"height":1279,"url":"https:\/\/files.sunoresearch.com.br\/n\/uploads\/2020\/06\/750e21e8-recess\u00e3o.jpg","type":"image\/jpeg"}],"author":"Jader Lazarini","twitter_card":"summary_large_image","twitter_creator":"@sunoresearch","twitter_site":"@sunoresearch","twitter_misc":{"Escrito por":"Jader Lazarini","Est. tempo de leitura":"3 minutos"},"schema":{"@context":"https:\/\/schema.org","@graph":[{"@type":"NewsArticle","@id":"https:\/\/www.suno.com.br\/noticias\/pib-do-brasil-pandemia-fmi\/#article","isPartOf":{"@id":"https:\/\/www.suno.com.br\/noticias\/pib-do-brasil-pandemia-fmi\/"},"author":{"name":"Jader Lazarini","@id":"https:\/\/www.suno.com.br\/noticias\/#\/schema\/person\/918d79de1f0281f01599b93f9ea6e23f"},"headline":"PIB do Brasil tombar\u00e1 9% em 2020 devido \u00e0 pandemia, diz FMI","datePublished":"2020-06-24T14:31:24+00:00","mainEntityOfPage":{"@id":"https:\/\/www.suno.com.br\/noticias\/pib-do-brasil-pandemia-fmi\/"},"wordCount":632,"publisher":{"@id":"https:\/\/www.suno.com.br\/noticias\/#organization"},"image":{"@id":"https:\/\/www.suno.com.br\/noticias\/pib-do-brasil-pandemia-fmi\/#primaryimage"},"thumbnailUrl":"https:\/\/files.sunoresearch.com.br\/n\/uploads\/2020\/06\/750e21e8-recess\u00e3o.jpg","keywords":["coronav\u00edrus","Fundo Monet\u00e1rio Internacional (FMI)","Produto Interno Bruto (PIB)","recess\u00e3o"],"articleSection":["Economia"],"inLanguage":"pt-BR"},{"@type":"WebPage","@id":"https:\/\/www.suno.com.br\/noticias\/pib-do-brasil-pandemia-fmi\/","url":"https:\/\/www.suno.com.br\/noticias\/pib-do-brasil-pandemia-fmi\/","name":"PIB do Brasil tombar\u00e1 9% em 2020 devido \u00e0 pandemia, diz FMI","isPartOf":{"@id":"https:\/\/www.suno.com.br\/noticias\/#website"},"primaryImageOfPage":{"@id":"https:\/\/www.suno.com.br\/noticias\/pib-do-brasil-pandemia-fmi\/#primaryimage"},"image":{"@id":"https:\/\/www.suno.com.br\/noticias\/pib-do-brasil-pandemia-fmi\/#primaryimage"},"thumbnailUrl":"https:\/\/files.sunoresearch.com.br\/n\/uploads\/2020\/06\/750e21e8-recess\u00e3o.jpg","datePublished":"2020-06-24T14:31:24+00:00","description":"Segundo o Fundo Monet\u00e1rio Internacional (FMI), o Produto Interno Bruto (PIB) do Brasil cair\u00e1 9,1% devido \u00e0 pandemia. Saiba mais.","breadcrumb":{"@id":"https:\/\/www.suno.com.br\/noticias\/pib-do-brasil-pandemia-fmi\/#breadcrumb"},"inLanguage":"pt-BR","potentialAction":[{"@type":"ReadAction","target":["https:\/\/www.suno.com.br\/noticias\/pib-do-brasil-pandemia-fmi\/"]}]},{"@type":"ImageObject","inLanguage":"pt-BR","@id":"https:\/\/www.suno.com.br\/noticias\/pib-do-brasil-pandemia-fmi\/#primaryimage","url":"https:\/\/files.sunoresearch.com.br\/n\/uploads\/2020\/06\/750e21e8-recess\u00e3o.jpg","contentUrl":"https:\/\/files.sunoresearch.com.br\/n\/uploads\/2020\/06\/750e21e8-recess\u00e3o.jpg","width":1920,"height":1279,"caption":"O Minist\u00e9rio da Sa\u00fade informou que o Brasil estuda participar do programa Covax Facility, que prev\u00ea o acesso \u00e0 vacina."},{"@type":"BreadcrumbList","@id":"https:\/\/www.suno.com.br\/noticias\/pib-do-brasil-pandemia-fmi\/#breadcrumb","itemListElement":[{"@type":"ListItem","position":1,"name":"Not\u00edcias","item":"https:\/\/www.suno.com.br\/noticias\/"},{"@type":"ListItem","position":2,"name":"Economia","item":"https:\/\/www.suno.com.br\/noticias\/economia\/"},{"@type":"ListItem","position":3,"name":"PIB do Brasil tombar\u00e1 9% em 2020 devido \u00e0 pandemia, diz FMI"}]},{"@type":"WebSite","@id":"https:\/\/www.suno.com.br\/noticias\/#website","url":"https:\/\/www.suno.com.br\/noticias\/","name":"Suno Not\u00edcias","description":"Seu portal de informa\u00e7\u00e3o sobre o mundo dos investimentos","publisher":{"@id":"https:\/\/www.suno.com.br\/noticias\/#organization"},"potentialAction":[{"@type":"SearchAction","target":{"@type":"EntryPoint","urlTemplate":"https:\/\/www.suno.com.br\/noticias\/?s={search_term_string}"},"query-input":{"@type":"PropertyValueSpecification","valueRequired":true,"valueName":"search_term_string"}}],"inLanguage":"pt-BR"},{"@type":"Organization","@id":"https:\/\/www.suno.com.br\/noticias\/#organization","name":"Suno Not\u00edcias","url":"https:\/\/www.suno.com.br\/noticias\/","logo":{"@type":"ImageObject","inLanguage":"pt-BR","@id":"https:\/\/www.suno.com.br\/noticias\/#\/schema\/logo\/image\/","url":"https:\/\/files.sunoresearch.com.br\/n\/uploads\/2021\/09\/suno-logo.png","contentUrl":"https:\/\/files.sunoresearch.com.br\/n\/uploads\/2021\/09\/suno-logo.png","width":180,"height":180,"caption":"Suno Not\u00edcias"},"image":{"@id":"https:\/\/www.suno.com.br\/noticias\/#\/schema\/logo\/image\/"},"sameAs":["https:\/\/facebook.com\/sunoresearch","https:\/\/x.com\/sunoresearch","https:\/\/www.instagram.com\/suno","https:\/\/www.linkedin.com\/company\/suno-research\/","https:\/\/www.youtube.com\/c\/sunoresearch"]},{"@type":"Person","@id":"https:\/\/www.suno.com.br\/noticias\/#\/schema\/person\/918d79de1f0281f01599b93f9ea6e23f","name":"Jader Lazarini","image":{"@type":"ImageObject","inLanguage":"pt-BR","@id":"https:\/\/www.suno.com.br\/noticias\/#\/schema\/person\/image\/","url":"https:\/\/secure.gravatar.com\/avatar\/3c1ad8caa51589841baeb923fcddea97?s=96&r=g","contentUrl":"https:\/\/secure.gravatar.com\/avatar\/3c1ad8caa51589841baeb923fcddea97?s=96&r=g","caption":"Jader Lazarini"},"description":"Jader Lazarini escreve sobre investimentos, finan\u00e7as, economia e neg\u00f3cios. \u00c9 bacharel em Rela\u00e7\u00f5es Internacionais e analista CNPI (2619).","url":"https:\/\/www.suno.com.br\/noticias\/author\/jader-lazarini\/"}]}},"default_loop_html":"<div class=\"cardsPage__listCard__boxs\"><div class=\"cardsPage__listCard__boxs__img\"><a href=\"https:\/\/www.suno.com.br\/noticias\/pib-do-brasil-pandemia-fmi\/\"><img class=\"mask\" src=\"https:\/\/www.suno.com.br\/noticias\/wp-content\/themes\/suno\/resources\/images\/spotlight\/spotlight1img\/bg-mask.png\" alt=\"Image Mask\"\/><img src=\"https:\/\/files.sunoresearch.com.br\/n\/uploads\/2020\/06\/750e21e8-recess\u00e3o-400x200.webp\" alt=\"PIB do Brasil tombar\u00e1 9% em 2020 devido \u00e0 pandemia, diz FMI\"\/><\/a><span class=\"spotlightCategory\"><a href=\"https:\/\/www.suno.com.br\/noticias\/economia\/\">Economia<\/a><\/span><\/div><div class=\"cardsPage__listCard__boxs__content\"><a href=\"https:\/\/www.suno.com.br\/noticias\/pib-do-brasil-pandemia-fmi\/\"><h2 class=\"content__title\">PIB do Brasil tombar\u00e1 9% em 2020 devido \u00e0 pandemia, diz FMI<\/h2><\/a><div class=\"newsContent__article__meta\"><div class=\"newsContent__article__meta__authorBox\"><a href=\"https:\/\/www.suno.com.br\/noticias\/author\/jader-lazarini\/\" class=\"authorBox__avatar noMobi\"><img src=\"https:\/\/files.sunoresearch.com.br\/n\/uploads\/2021\/01\/178e6598-foto-perfil-2-150x150.jpg\" alt=\"Jader Lazarini\"><\/a><div class=\"authorBox__name\"><span>por\n\t\t\t<a href=\"https:\/\/www.suno.com.br\/noticias\/author\/jader-lazarini\/\"><span itemprop=\"author\">Jader Lazarini<\/span><\/a><\/span><time datetime=\"2020-06-24T11:31:24-03:00\" itemprop=\"datePublished\">24\/06\/2020 11:31<\/time><\/div><\/div><\/div><\/div><\/div>","single_layout":"posts","amp_enabled":true,"_links":{"self":[{"href":"https:\/\/www.suno.com.br\/noticias\/wp-json\/wp\/v2\/posts\/70200"}],"collection":[{"href":"https:\/\/www.suno.com.br\/noticias\/wp-json\/wp\/v2\/posts"}],"about":[{"href":"https:\/\/www.suno.com.br\/noticias\/wp-json\/wp\/v2\/types\/post"}],"author":[{"embeddable":true,"href":"https:\/\/www.suno.com.br\/noticias\/wp-json\/wp\/v2\/users\/24"}],"replies":[{"embeddable":true,"href":"https:\/\/www.suno.com.br\/noticias\/wp-json\/wp\/v2\/comments?post=70200"}],"version-history":[{"count":0,"href":"https:\/\/www.suno.com.br\/noticias\/wp-json\/wp\/v2\/posts\/70200\/revisions"}],"wp:featuredmedia":[{"embeddable":true,"href":"https:\/\/www.suno.com.br\/noticias\/wp-json\/wp\/v2\/media\/70206"}],"wp:attachment":[{"href":"https:\/\/www.suno.com.br\/noticias\/wp-json\/wp\/v2\/media?parent=70200"}],"wp:term":[{"taxonomy":"category","embeddable":true,"href":"https:\/\/www.suno.com.br\/noticias\/wp-json\/wp\/v2\/categories?post=70200"},{"taxonomy":"post_tag","embeddable":true,"href":"https:\/\/www.suno.com.br\/noticias\/wp-json\/wp\/v2\/tags?post=70200"},{"taxonomy":"suno_strategy","embeddable":true,"href":"https:\/\/www.suno.com.br\/noticias\/wp-json\/wp\/v2\/suno_strategy?post=70200"}],"curies":[{"name":"wp","href":"https:\/\/api.w.org\/{rel}","templated":true}]}}