{"id":70179,"date":"2020-06-24T09:13:10","date_gmt":"2020-06-24T12:13:10","guid":{"rendered":"https:\/\/www.suno.com.br\/noticias\/?p=70179"},"modified":"2020-06-24T09:19:08","modified_gmt":"2020-06-24T12:19:08","slug":"cade-suspende-operacao-entre-facebook-e-cielo-ciel3-para-pagamentos-via-whatsapp","status":"publish","type":"post","link":"https:\/\/www.suno.com.br\/noticias\/cade-suspende-operacao-entre-facebook-e-cielo-ciel3-para-pagamentos-via-whatsapp\/","title":{"rendered":"Cade suspende opera\u00e7\u00e3o entre Facebook e Cielo (CIEL3) para pagamentos via WhatsApp"},"content":{"rendered":"<p>O <a href=\"https:\/\/www.suno.com.br\/artigos\/cade\/\">Conselho Administrativo de Defesa Econ\u00f4mica (Cade)<\/a> imp\u00f4s, na \u00faltima ter\u00e7a-feira (23), uma medida cautelar para suspender a opera\u00e7\u00e3o de <a href=\"https:\/\/www.suno.com.br\/noticias\/cielo-ciel3-pagamentos-whatsapp-brasil\/\">parceria entre Facebook<\/a> e a <a href=\"https:\/\/www.suno.com.br\/acoes\/ciel3\/\"><strong>Cielo<\/strong> (CIEL3)<\/a> de pagamentos por meio do WhatsApp.<\/p>\t<div class=\"wrapper-featured-image\">\n\t\t<figure class=\"spotlightImg\">\n\n\t\t\t<picture>\n\t\t\t\t<source media=\"(max-width: 768px)\" srcset=\"https:\/\/files.sunoresearch.com.br\/n\/uploads\/2019\/04\/34b840a9-cielo-divulga\u00e7\u00e3o-corte-blog-400x200.webp\">\n\t\t\t\t<img loading=\"lazy\" decoding=\"async\" class=\"newsContent__article__imgCapa lazyloadDisabled newsContent__article__imgCapa--noCaption\" src=\"https:\/\/files.sunoresearch.com.br\/n\/uploads\/2019\/04\/34b840a9-cielo-divulga\u00e7\u00e3o-corte-blog-jpg.webp\" width=\"800\" height=\"450\" alt=\"Cade suspende opera\u00e7\u00e3o entre Facebook e Cielo (CIEL3) para pagamentos via WhatsApp\" fetchpriority=high \/>\n\t\t\t<\/picture>\n\n\t\t\t<figcaption class=\"wp-caption-text wp-caption-text--hide\">Cielo (divulga\u00e7\u00e3o)<\/figcaption>\n\t\t<\/figure>\n\t<\/div>\n\n\n\n<p>O neg\u00f3cio, anunciado no dia 15 de junho, consiste na integra\u00e7\u00e3o entre Cielo e Facebook para ofertar a estabelecimentos comerciais credenciados o recebimento de pagamento por meio da plataforma WhatsApp Business.<\/p>\n<p>De acordo com an\u00e1lise realizada pelo Cade, a Cielo possui elevada participa\u00e7\u00e3o no mercado nacional de credenciamento de captura de transa\u00e7\u00f5es. Al\u00e9m disso, o WhatsApp possui uma base de milh\u00f5es de usu\u00e1rios no Brasil, o que pode garantir na sua entrada um poder de mercado significante.<\/p>\n<p>\u201cTal base seria de dif\u00edcil cria\u00e7\u00e3o ou replica\u00e7\u00e3o por concorrentes da Cielo, sobretudo se o acordo em apura\u00e7\u00e3o envolver exclusividade entre elas. De qualquer modo, fica evidente que a base de usu\u00e1rios do WhatsApp propicia um potencial muito grande de transa\u00e7\u00f5es que a Cielo poderia explorar isoladamente, a depender da forma como a opera\u00e7\u00e3o foi desenhada\u201d, afirmou a Autarquia em sua determina\u00e7\u00e3o.<\/p>\n<p><a href=\"https:\/\/lp.suno.com.br\/suno-one\/\">No Suno One voc\u00ea aprende a fazer seu dinheiro trabalhar para voc\u00ea. Cadastre-se gratuitamente agora!<\/a><\/p>\n<p>Al\u00e9m disso, o Cade informou que n\u00e3o havia ind\u00edcios de que a opera\u00e7\u00e3o seria submetida previamente ao \u00f3rg\u00e3o regulador, &#8220;raz\u00e3o pela qual \u00e9 necess\u00e1ria a imediata imposi\u00e7\u00e3o de medida cautelar&#8221;.<\/p>\n<p>Para a Superintend\u00eancia-Geral do Cade, a opera\u00e7\u00e3o tem potencial ofensivo que, se gerar efeitos imediatos no mercado, pode acarretar aos concorrentes restri\u00e7\u00f5es nas suas atividades.<\/p>\n<p>\u201cA despeito do est\u00e1gio inicial de apura\u00e7\u00e3o dessa opera\u00e7\u00e3o, h\u00e1 potencialmente consider\u00e1veis riscos \u00e0 concorr\u00eancia que merecem ser mitigados ou evitados via interven\u00e7\u00e3o deste Conselho, considerando que os efeitos podem derivar da opera\u00e7\u00e3o em quest\u00e3o e causar danos irrepar\u00e1veis ou de dif\u00edcil reversibilidade nos mercados afetados&#8221;, informou o \u00f3rg\u00e3o.<\/p>\n<p>&#8220;Ainda que n\u00e3o se tenha uma certeza sobre os efeitos, pelo dever de cautela, cabe ado\u00e7\u00e3o de a\u00e7\u00f5es para resguardar a coletividade de poss\u00edveis efeitos negativos\u201d, concluiu.<\/p>\n<p><a href=\"https:\/\/www.suno.com.br\/noticias\/bc-determina-suspensao-atividades-visa-mastercard-whatsapp\/\">Veja Tamb\u00e9m: Pagamento por WhatsApp: BC diz a Visa e Mastercard que parem com ele<\/a><\/p>\n<p>O<a href=\"https:\/\/www.suno.com.br\/artigos\/bacen\/\"> Banco Central (BC)<\/a> e o Cade suspenderam na \u00faltima ter\u00e7a-feira (23) a fun\u00e7\u00e3o de pagamentos e transfer\u00eancias por meio do WhatsApp. Em resposta, a <strong>Cielo<\/strong> informou ao mercado nesta quarta-feira (24) que &#8220;tomou as provid\u00eancias adequadas e suspendeu os servi\u00e7os&#8221;.<\/p>\n\n","protected":false},"excerpt":{"rendered":"<p>O Conselho Administrativo de Defesa Econ\u00f4mica (Cade) imp\u00f4s, na \u00faltima ter\u00e7a-feira (23), uma medida cautelar para suspender a opera\u00e7\u00e3o de parceria entre Facebook e a Cielo (CIEL3) de pagamentos por meio do WhatsApp. Cielo (divulga\u00e7\u00e3o) O neg\u00f3cio, anunciado no dia 15 de junho, consiste na integra\u00e7\u00e3o entre Cielo e Facebook para ofertar a estabelecimentos comerciais [&hellip;]<\/p>\n","protected":false},"author":15,"featured_media":21570,"comment_status":"closed","ping_status":"closed","sticky":false,"template":"","format":"standard","meta":[],"categories":[64],"tags":[1842,851,423,895],"suno_strategy":[],"class_list":["post-70179","post","type-post","status-publish","format-standard","has-post-thumbnail","hentry","category-negocios","tag-banco-central-bc","tag-cade","tag-cielo-ciel3","tag-whatsapp"],"yoast_head":"<!-- This site is optimized with the Yoast SEO plugin v24.4 - https:\/\/yoast.com\/wordpress\/plugins\/seo\/ -->\n<title>Cielo (CIEL3): Cade suspende parceria para transfer\u00eancia via WhatsApp<\/title>\n<meta name=\"description\" content=\"O Cade imp\u00f4s medida cautelar para suspender a opera\u00e7\u00e3o de parceria entre Facebook e a Cielo (CIEL3) de pagamentos via WhatsApp. Clique aqui\" \/>\n<meta name=\"robots\" content=\"index, follow, max-snippet:-1, max-image-preview:large, max-video-preview:-1\" \/>\n<link rel=\"canonical\" href=\"https:\/\/www.suno.com.br\/noticias\/cade-suspende-operacao-entre-facebook-e-cielo-ciel3-para-pagamentos-via-whatsapp\/\" \/>\n<meta property=\"og:locale\" content=\"pt_BR\" \/>\n<meta property=\"og:type\" content=\"article\" \/>\n<meta property=\"og:title\" content=\"Cielo (CIEL3): Cade suspende parceria para transfer\u00eancia via WhatsApp\" \/>\n<meta property=\"og:description\" content=\"O Cade imp\u00f4s medida cautelar para suspender a opera\u00e7\u00e3o de parceria entre Facebook e a Cielo (CIEL3) de pagamentos via WhatsApp. Clique aqui\" \/>\n<meta property=\"og:url\" content=\"https:\/\/www.suno.com.br\/noticias\/cade-suspende-operacao-entre-facebook-e-cielo-ciel3-para-pagamentos-via-whatsapp\/\" \/>\n<meta property=\"og:site_name\" content=\"Suno Not\u00edcias\" \/>\n<meta property=\"article:publisher\" content=\"https:\/\/facebook.com\/sunoresearch\" \/>\n<meta property=\"og:image\" content=\"https:\/\/files.sunoresearch.com.br\/n\/uploads\/2019\/04\/34b840a9-cielo-divulga\u00e7\u00e3o-corte-blog.jpg\" \/>\n\t<meta property=\"og:image:width\" content=\"748\" \/>\n\t<meta property=\"og:image:height\" content=\"410\" \/>\n\t<meta property=\"og:image:type\" content=\"image\/jpeg\" \/>\n<meta name=\"author\" content=\"Poliana Santos\" \/>\n<meta name=\"twitter:card\" content=\"summary_large_image\" \/>\n<meta name=\"twitter:creator\" content=\"@sunoresearch\" \/>\n<meta name=\"twitter:site\" content=\"@sunoresearch\" \/>\n<meta name=\"twitter:label1\" content=\"Escrito por\" \/>\n\t<meta name=\"twitter:data1\" content=\"Poliana Santos\" \/>\n\t<meta name=\"twitter:label2\" content=\"Est. tempo de leitura\" \/>\n\t<meta name=\"twitter:data2\" content=\"2 minutos\" \/>\n<script type=\"application\/ld+json\" class=\"yoast-schema-graph\">{\"@context\":\"https:\/\/schema.org\",\"@graph\":[{\"@type\":\"NewsArticle\",\"@id\":\"https:\/\/www.suno.com.br\/noticias\/cade-suspende-operacao-entre-facebook-e-cielo-ciel3-para-pagamentos-via-whatsapp\/#article\",\"isPartOf\":{\"@id\":\"https:\/\/www.suno.com.br\/noticias\/cade-suspende-operacao-entre-facebook-e-cielo-ciel3-para-pagamentos-via-whatsapp\/\"},\"author\":{\"name\":\"Poliana Santos\",\"@id\":\"https:\/\/www.suno.com.br\/noticias\/#\/schema\/person\/02ec1f752758247878a2bf4abee1aeda\"},\"headline\":\"Cade suspende opera\u00e7\u00e3o entre Facebook e Cielo (CIEL3) para pagamentos via WhatsApp\",\"datePublished\":\"2020-06-24T12:13:10+00:00\",\"dateModified\":\"2020-06-24T12:19:08+00:00\",\"mainEntityOfPage\":{\"@id\":\"https:\/\/www.suno.com.br\/noticias\/cade-suspende-operacao-entre-facebook-e-cielo-ciel3-para-pagamentos-via-whatsapp\/\"},\"wordCount\":441,\"publisher\":{\"@id\":\"https:\/\/www.suno.com.br\/noticias\/#organization\"},\"image\":{\"@id\":\"https:\/\/www.suno.com.br\/noticias\/cade-suspende-operacao-entre-facebook-e-cielo-ciel3-para-pagamentos-via-whatsapp\/#primaryimage\"},\"thumbnailUrl\":\"https:\/\/files.sunoresearch.com.br\/n\/uploads\/2019\/04\/34b840a9-cielo-divulga\u00e7\u00e3o-corte-blog-jpg.webp\",\"keywords\":[\"Banco Central (BC)\",\"CADE\",\"Cielo (CIEL3)\",\"WhatsApp\"],\"articleSection\":[\"Neg\u00f3cios\"],\"inLanguage\":\"pt-BR\"},{\"@type\":\"WebPage\",\"@id\":\"https:\/\/www.suno.com.br\/noticias\/cade-suspende-operacao-entre-facebook-e-cielo-ciel3-para-pagamentos-via-whatsapp\/\",\"url\":\"https:\/\/www.suno.com.br\/noticias\/cade-suspende-operacao-entre-facebook-e-cielo-ciel3-para-pagamentos-via-whatsapp\/\",\"name\":\"Cielo (CIEL3): Cade suspende parceria para transfer\u00eancia via WhatsApp\",\"isPartOf\":{\"@id\":\"https:\/\/www.suno.com.br\/noticias\/#website\"},\"primaryImageOfPage\":{\"@id\":\"https:\/\/www.suno.com.br\/noticias\/cade-suspende-operacao-entre-facebook-e-cielo-ciel3-para-pagamentos-via-whatsapp\/#primaryimage\"},\"image\":{\"@id\":\"https:\/\/www.suno.com.br\/noticias\/cade-suspende-operacao-entre-facebook-e-cielo-ciel3-para-pagamentos-via-whatsapp\/#primaryimage\"},\"thumbnailUrl\":\"https:\/\/files.sunoresearch.com.br\/n\/uploads\/2019\/04\/34b840a9-cielo-divulga\u00e7\u00e3o-corte-blog-jpg.webp\",\"datePublished\":\"2020-06-24T12:13:10+00:00\",\"dateModified\":\"2020-06-24T12:19:08+00:00\",\"description\":\"O Cade imp\u00f4s medida cautelar para suspender a opera\u00e7\u00e3o de parceria entre Facebook e a Cielo (CIEL3) de pagamentos via WhatsApp. Clique aqui\",\"breadcrumb\":{\"@id\":\"https:\/\/www.suno.com.br\/noticias\/cade-suspende-operacao-entre-facebook-e-cielo-ciel3-para-pagamentos-via-whatsapp\/#breadcrumb\"},\"inLanguage\":\"pt-BR\",\"potentialAction\":[{\"@type\":\"ReadAction\",\"target\":[\"https:\/\/www.suno.com.br\/noticias\/cade-suspende-operacao-entre-facebook-e-cielo-ciel3-para-pagamentos-via-whatsapp\/\"]}]},{\"@type\":\"ImageObject\",\"inLanguage\":\"pt-BR\",\"@id\":\"https:\/\/www.suno.com.br\/noticias\/cade-suspende-operacao-entre-facebook-e-cielo-ciel3-para-pagamentos-via-whatsapp\/#primaryimage\",\"url\":\"https:\/\/files.sunoresearch.com.br\/n\/uploads\/2019\/04\/34b840a9-cielo-divulga\u00e7\u00e3o-corte-blog-jpg.webp\",\"contentUrl\":\"https:\/\/files.sunoresearch.com.br\/n\/uploads\/2019\/04\/34b840a9-cielo-divulga\u00e7\u00e3o-corte-blog-jpg.webp\",\"width\":748,\"height\":410,\"caption\":\"Cielo (divulga\u00e7\u00e3o)\"},{\"@type\":\"BreadcrumbList\",\"@id\":\"https:\/\/www.suno.com.br\/noticias\/cade-suspende-operacao-entre-facebook-e-cielo-ciel3-para-pagamentos-via-whatsapp\/#breadcrumb\",\"itemListElement\":[{\"@type\":\"ListItem\",\"position\":1,\"name\":\"Not\u00edcias\",\"item\":\"https:\/\/www.suno.com.br\/noticias\/\"},{\"@type\":\"ListItem\",\"position\":2,\"name\":\"Neg\u00f3cios\",\"item\":\"https:\/\/www.suno.com.br\/noticias\/negocios\/\"},{\"@type\":\"ListItem\",\"position\":3,\"name\":\"Cade suspende opera\u00e7\u00e3o entre Facebook e Cielo (CIEL3) para pagamentos via WhatsApp\"}]},{\"@type\":\"WebSite\",\"@id\":\"https:\/\/www.suno.com.br\/noticias\/#website\",\"url\":\"https:\/\/www.suno.com.br\/noticias\/\",\"name\":\"Suno Not\u00edcias\",\"description\":\"Seu portal de informa\u00e7\u00e3o sobre o mundo dos investimentos\",\"publisher\":{\"@id\":\"https:\/\/www.suno.com.br\/noticias\/#organization\"},\"potentialAction\":[{\"@type\":\"SearchAction\",\"target\":{\"@type\":\"EntryPoint\",\"urlTemplate\":\"https:\/\/www.suno.com.br\/noticias\/?s={search_term_string}\"},\"query-input\":{\"@type\":\"PropertyValueSpecification\",\"valueRequired\":true,\"valueName\":\"search_term_string\"}}],\"inLanguage\":\"pt-BR\"},{\"@type\":\"Organization\",\"@id\":\"https:\/\/www.suno.com.br\/noticias\/#organization\",\"name\":\"Suno Not\u00edcias\",\"url\":\"https:\/\/www.suno.com.br\/noticias\/\",\"logo\":{\"@type\":\"ImageObject\",\"inLanguage\":\"pt-BR\",\"@id\":\"https:\/\/www.suno.com.br\/noticias\/#\/schema\/logo\/image\/\",\"url\":\"https:\/\/files.sunoresearch.com.br\/n\/uploads\/2021\/09\/suno-logo.png\",\"contentUrl\":\"https:\/\/files.sunoresearch.com.br\/n\/uploads\/2021\/09\/suno-logo.png\",\"width\":180,\"height\":180,\"caption\":\"Suno Not\u00edcias\"},\"image\":{\"@id\":\"https:\/\/www.suno.com.br\/noticias\/#\/schema\/logo\/image\/\"},\"sameAs\":[\"https:\/\/facebook.com\/sunoresearch\",\"https:\/\/x.com\/sunoresearch\",\"https:\/\/www.instagram.com\/suno\",\"https:\/\/www.linkedin.com\/company\/suno-research\/\",\"https:\/\/www.youtube.com\/c\/sunoresearch\"]},{\"@type\":\"Person\",\"@id\":\"https:\/\/www.suno.com.br\/noticias\/#\/schema\/person\/02ec1f752758247878a2bf4abee1aeda\",\"name\":\"Poliana Santos\",\"image\":{\"@type\":\"ImageObject\",\"inLanguage\":\"pt-BR\",\"@id\":\"https:\/\/www.suno.com.br\/noticias\/#\/schema\/person\/image\/\",\"url\":\"https:\/\/secure.gravatar.com\/avatar\/0645bd32f23d87b2130f2b2dff1d3f8d?s=96&r=g\",\"contentUrl\":\"https:\/\/secure.gravatar.com\/avatar\/0645bd32f23d87b2130f2b2dff1d3f8d?s=96&r=g\",\"caption\":\"Poliana Santos\"},\"description\":\"Rep\u00f3rter no Suno Not\u00edcias, com cobertura em mercado financeiro, economia, finan\u00e7as pessoais, renda fixa e varejo. Jornalista formada pela Faculdade C\u00e1sper L\u00edbero e possui passagem na R\u00e1dio Gazeta AM com a produ\u00e7\u00e3o de conte\u00fado sobre economia, pol\u00edtica, sa\u00fade, moda e m\u00fasica. Possui certificado de conclus\u00e3o do curso de An\u00e1lise de Balan\u00e7os pela Funda\u00e7\u00e3o Bradesco, Agenda Brasil pela FAAP, Educa\u00e7\u00e3o Pol\u00edtica por Alexandre Garcia e do Tesouro Direto e Mercado de A\u00e7\u00f5es pela B3.\",\"url\":\"https:\/\/www.suno.com.br\/noticias\/author\/poliana-santos\/\"}]}<\/script>\n<!-- \/ Yoast SEO plugin. -->","yoast_head_json":{"title":"Cielo (CIEL3): Cade suspende parceria para transfer\u00eancia via WhatsApp","description":"O Cade imp\u00f4s medida cautelar para suspender a opera\u00e7\u00e3o de parceria entre Facebook e a Cielo (CIEL3) de pagamentos via WhatsApp. Clique aqui","robots":{"index":"index","follow":"follow","max-snippet":"max-snippet:-1","max-image-preview":"max-image-preview:large","max-video-preview":"max-video-preview:-1"},"canonical":"https:\/\/www.suno.com.br\/noticias\/cade-suspende-operacao-entre-facebook-e-cielo-ciel3-para-pagamentos-via-whatsapp\/","og_locale":"pt_BR","og_type":"article","og_title":"Cielo (CIEL3): Cade suspende parceria para transfer\u00eancia via WhatsApp","og_description":"O Cade imp\u00f4s medida cautelar para suspender a opera\u00e7\u00e3o de parceria entre Facebook e a Cielo (CIEL3) de pagamentos via WhatsApp. Clique aqui","og_url":"https:\/\/www.suno.com.br\/noticias\/cade-suspende-operacao-entre-facebook-e-cielo-ciel3-para-pagamentos-via-whatsapp\/","og_site_name":"Suno Not\u00edcias","article_publisher":"https:\/\/facebook.com\/sunoresearch","og_image":[{"width":748,"height":410,"url":"https:\/\/files.sunoresearch.com.br\/n\/uploads\/2019\/04\/34b840a9-cielo-divulga\u00e7\u00e3o-corte-blog.jpg","type":"image\/jpeg"}],"author":"Poliana Santos","twitter_card":"summary_large_image","twitter_creator":"@sunoresearch","twitter_site":"@sunoresearch","twitter_misc":{"Escrito por":"Poliana Santos","Est. tempo de leitura":"2 minutos"},"schema":{"@context":"https:\/\/schema.org","@graph":[{"@type":"NewsArticle","@id":"https:\/\/www.suno.com.br\/noticias\/cade-suspende-operacao-entre-facebook-e-cielo-ciel3-para-pagamentos-via-whatsapp\/#article","isPartOf":{"@id":"https:\/\/www.suno.com.br\/noticias\/cade-suspende-operacao-entre-facebook-e-cielo-ciel3-para-pagamentos-via-whatsapp\/"},"author":{"name":"Poliana Santos","@id":"https:\/\/www.suno.com.br\/noticias\/#\/schema\/person\/02ec1f752758247878a2bf4abee1aeda"},"headline":"Cade suspende opera\u00e7\u00e3o entre Facebook e Cielo (CIEL3) para pagamentos via WhatsApp","datePublished":"2020-06-24T12:13:10+00:00","dateModified":"2020-06-24T12:19:08+00:00","mainEntityOfPage":{"@id":"https:\/\/www.suno.com.br\/noticias\/cade-suspende-operacao-entre-facebook-e-cielo-ciel3-para-pagamentos-via-whatsapp\/"},"wordCount":441,"publisher":{"@id":"https:\/\/www.suno.com.br\/noticias\/#organization"},"image":{"@id":"https:\/\/www.suno.com.br\/noticias\/cade-suspende-operacao-entre-facebook-e-cielo-ciel3-para-pagamentos-via-whatsapp\/#primaryimage"},"thumbnailUrl":"https:\/\/files.sunoresearch.com.br\/n\/uploads\/2019\/04\/34b840a9-cielo-divulga\u00e7\u00e3o-corte-blog-jpg.webp","keywords":["Banco Central (BC)","CADE","Cielo (CIEL3)","WhatsApp"],"articleSection":["Neg\u00f3cios"],"inLanguage":"pt-BR"},{"@type":"WebPage","@id":"https:\/\/www.suno.com.br\/noticias\/cade-suspende-operacao-entre-facebook-e-cielo-ciel3-para-pagamentos-via-whatsapp\/","url":"https:\/\/www.suno.com.br\/noticias\/cade-suspende-operacao-entre-facebook-e-cielo-ciel3-para-pagamentos-via-whatsapp\/","name":"Cielo (CIEL3): Cade suspende parceria para transfer\u00eancia via WhatsApp","isPartOf":{"@id":"https:\/\/www.suno.com.br\/noticias\/#website"},"primaryImageOfPage":{"@id":"https:\/\/www.suno.com.br\/noticias\/cade-suspende-operacao-entre-facebook-e-cielo-ciel3-para-pagamentos-via-whatsapp\/#primaryimage"},"image":{"@id":"https:\/\/www.suno.com.br\/noticias\/cade-suspende-operacao-entre-facebook-e-cielo-ciel3-para-pagamentos-via-whatsapp\/#primaryimage"},"thumbnailUrl":"https:\/\/files.sunoresearch.com.br\/n\/uploads\/2019\/04\/34b840a9-cielo-divulga\u00e7\u00e3o-corte-blog-jpg.webp","datePublished":"2020-06-24T12:13:10+00:00","dateModified":"2020-06-24T12:19:08+00:00","description":"O Cade imp\u00f4s medida cautelar para suspender a opera\u00e7\u00e3o de parceria entre Facebook e a Cielo (CIEL3) de pagamentos via WhatsApp. Clique aqui","breadcrumb":{"@id":"https:\/\/www.suno.com.br\/noticias\/cade-suspende-operacao-entre-facebook-e-cielo-ciel3-para-pagamentos-via-whatsapp\/#breadcrumb"},"inLanguage":"pt-BR","potentialAction":[{"@type":"ReadAction","target":["https:\/\/www.suno.com.br\/noticias\/cade-suspende-operacao-entre-facebook-e-cielo-ciel3-para-pagamentos-via-whatsapp\/"]}]},{"@type":"ImageObject","inLanguage":"pt-BR","@id":"https:\/\/www.suno.com.br\/noticias\/cade-suspende-operacao-entre-facebook-e-cielo-ciel3-para-pagamentos-via-whatsapp\/#primaryimage","url":"https:\/\/files.sunoresearch.com.br\/n\/uploads\/2019\/04\/34b840a9-cielo-divulga\u00e7\u00e3o-corte-blog-jpg.webp","contentUrl":"https:\/\/files.sunoresearch.com.br\/n\/uploads\/2019\/04\/34b840a9-cielo-divulga\u00e7\u00e3o-corte-blog-jpg.webp","width":748,"height":410,"caption":"Cielo (divulga\u00e7\u00e3o)"},{"@type":"BreadcrumbList","@id":"https:\/\/www.suno.com.br\/noticias\/cade-suspende-operacao-entre-facebook-e-cielo-ciel3-para-pagamentos-via-whatsapp\/#breadcrumb","itemListElement":[{"@type":"ListItem","position":1,"name":"Not\u00edcias","item":"https:\/\/www.suno.com.br\/noticias\/"},{"@type":"ListItem","position":2,"name":"Neg\u00f3cios","item":"https:\/\/www.suno.com.br\/noticias\/negocios\/"},{"@type":"ListItem","position":3,"name":"Cade suspende opera\u00e7\u00e3o entre Facebook e Cielo (CIEL3) para pagamentos via WhatsApp"}]},{"@type":"WebSite","@id":"https:\/\/www.suno.com.br\/noticias\/#website","url":"https:\/\/www.suno.com.br\/noticias\/","name":"Suno Not\u00edcias","description":"Seu portal de informa\u00e7\u00e3o sobre o mundo dos investimentos","publisher":{"@id":"https:\/\/www.suno.com.br\/noticias\/#organization"},"potentialAction":[{"@type":"SearchAction","target":{"@type":"EntryPoint","urlTemplate":"https:\/\/www.suno.com.br\/noticias\/?s={search_term_string}"},"query-input":{"@type":"PropertyValueSpecification","valueRequired":true,"valueName":"search_term_string"}}],"inLanguage":"pt-BR"},{"@type":"Organization","@id":"https:\/\/www.suno.com.br\/noticias\/#organization","name":"Suno Not\u00edcias","url":"https:\/\/www.suno.com.br\/noticias\/","logo":{"@type":"ImageObject","inLanguage":"pt-BR","@id":"https:\/\/www.suno.com.br\/noticias\/#\/schema\/logo\/image\/","url":"https:\/\/files.sunoresearch.com.br\/n\/uploads\/2021\/09\/suno-logo.png","contentUrl":"https:\/\/files.sunoresearch.com.br\/n\/uploads\/2021\/09\/suno-logo.png","width":180,"height":180,"caption":"Suno Not\u00edcias"},"image":{"@id":"https:\/\/www.suno.com.br\/noticias\/#\/schema\/logo\/image\/"},"sameAs":["https:\/\/facebook.com\/sunoresearch","https:\/\/x.com\/sunoresearch","https:\/\/www.instagram.com\/suno","https:\/\/www.linkedin.com\/company\/suno-research\/","https:\/\/www.youtube.com\/c\/sunoresearch"]},{"@type":"Person","@id":"https:\/\/www.suno.com.br\/noticias\/#\/schema\/person\/02ec1f752758247878a2bf4abee1aeda","name":"Poliana Santos","image":{"@type":"ImageObject","inLanguage":"pt-BR","@id":"https:\/\/www.suno.com.br\/noticias\/#\/schema\/person\/image\/","url":"https:\/\/secure.gravatar.com\/avatar\/0645bd32f23d87b2130f2b2dff1d3f8d?s=96&r=g","contentUrl":"https:\/\/secure.gravatar.com\/avatar\/0645bd32f23d87b2130f2b2dff1d3f8d?s=96&r=g","caption":"Poliana Santos"},"description":"Rep\u00f3rter no Suno Not\u00edcias, com cobertura em mercado financeiro, economia, finan\u00e7as pessoais, renda fixa e varejo. Jornalista formada pela Faculdade C\u00e1sper L\u00edbero e possui passagem na R\u00e1dio Gazeta AM com a produ\u00e7\u00e3o de conte\u00fado sobre economia, pol\u00edtica, sa\u00fade, moda e m\u00fasica. Possui certificado de conclus\u00e3o do curso de An\u00e1lise de Balan\u00e7os pela Funda\u00e7\u00e3o Bradesco, Agenda Brasil pela FAAP, Educa\u00e7\u00e3o Pol\u00edtica por Alexandre Garcia e do Tesouro Direto e Mercado de A\u00e7\u00f5es pela B3.","url":"https:\/\/www.suno.com.br\/noticias\/author\/poliana-santos\/"}]}},"default_loop_html":"<div class=\"cardsPage__listCard__boxs\"><div class=\"cardsPage__listCard__boxs__img\"><a href=\"https:\/\/www.suno.com.br\/noticias\/cade-suspende-operacao-entre-facebook-e-cielo-ciel3-para-pagamentos-via-whatsapp\/\"><img class=\"mask\" src=\"https:\/\/www.suno.com.br\/noticias\/wp-content\/themes\/suno\/resources\/images\/spotlight\/spotlight1img\/bg-mask.png\" alt=\"Image Mask\"\/><img src=\"https:\/\/files.sunoresearch.com.br\/n\/uploads\/2019\/04\/34b840a9-cielo-divulga\u00e7\u00e3o-corte-blog-400x200.webp\" alt=\"Cade suspende opera\u00e7\u00e3o entre Facebook e Cielo (CIEL3) para pagamentos via WhatsApp\"\/><\/a><span class=\"spotlightCategory\"><a href=\"https:\/\/www.suno.com.br\/noticias\/negocios\/\">Neg\u00f3cios<\/a><\/span><\/div><div class=\"cardsPage__listCard__boxs__content\"><a href=\"https:\/\/www.suno.com.br\/noticias\/cade-suspende-operacao-entre-facebook-e-cielo-ciel3-para-pagamentos-via-whatsapp\/\"><h2 class=\"content__title\">Cade suspende opera\u00e7\u00e3o entre Facebook e Cielo (CIEL3) para pagamentos via WhatsApp<\/h2><\/a><div class=\"newsContent__article__meta\"><div class=\"newsContent__article__meta__authorBox\"><a href=\"https:\/\/www.suno.com.br\/noticias\/author\/poliana-santos\/\" class=\"authorBox__avatar noMobi\"><img src=\"https:\/\/files.sunoresearch.com.br\/n\/uploads\/2020\/08\/7ef34026-whatsapp-image-2020-08-03-at-12.37.57-150x150.webp\" alt=\"Poliana Santos\"><\/a><div class=\"authorBox__name\"><span>por\n\t\t\t<a href=\"https:\/\/www.suno.com.br\/noticias\/author\/poliana-santos\/\"><span itemprop=\"author\">Poliana Santos<\/span><\/a><\/span><time datetime=\"2020-06-24T09:13:10-03:00\" itemprop=\"datePublished\">24\/06\/2020 09:13<\/time><\/div><\/div><\/div><\/div><\/div>","single_layout":"posts","amp_enabled":true,"_links":{"self":[{"href":"https:\/\/www.suno.com.br\/noticias\/wp-json\/wp\/v2\/posts\/70179"}],"collection":[{"href":"https:\/\/www.suno.com.br\/noticias\/wp-json\/wp\/v2\/posts"}],"about":[{"href":"https:\/\/www.suno.com.br\/noticias\/wp-json\/wp\/v2\/types\/post"}],"author":[{"embeddable":true,"href":"https:\/\/www.suno.com.br\/noticias\/wp-json\/wp\/v2\/users\/15"}],"replies":[{"embeddable":true,"href":"https:\/\/www.suno.com.br\/noticias\/wp-json\/wp\/v2\/comments?post=70179"}],"version-history":[{"count":0,"href":"https:\/\/www.suno.com.br\/noticias\/wp-json\/wp\/v2\/posts\/70179\/revisions"}],"wp:featuredmedia":[{"embeddable":true,"href":"https:\/\/www.suno.com.br\/noticias\/wp-json\/wp\/v2\/media\/21570"}],"wp:attachment":[{"href":"https:\/\/www.suno.com.br\/noticias\/wp-json\/wp\/v2\/media?parent=70179"}],"wp:term":[{"taxonomy":"category","embeddable":true,"href":"https:\/\/www.suno.com.br\/noticias\/wp-json\/wp\/v2\/categories?post=70179"},{"taxonomy":"post_tag","embeddable":true,"href":"https:\/\/www.suno.com.br\/noticias\/wp-json\/wp\/v2\/tags?post=70179"},{"taxonomy":"suno_strategy","embeddable":true,"href":"https:\/\/www.suno.com.br\/noticias\/wp-json\/wp\/v2\/suno_strategy?post=70179"}],"curies":[{"name":"wp","href":"https:\/\/api.w.org\/{rel}","templated":true}]}}