{"id":70178,"date":"2020-06-24T09:03:01","date_gmt":"2020-06-24T12:03:01","guid":{"rendered":"https:\/\/www.suno.com.br\/noticias\/?p=70178"},"modified":"2020-06-24T09:03:01","modified_gmt":"2020-06-24T12:03:01","slug":"eneva-enev3-dynamo-eleva-participacao-acionaria","status":"publish","type":"post","link":"https:\/\/www.suno.com.br\/noticias\/eneva-enev3-dynamo-eleva-participacao-acionaria\/","title":{"rendered":"Eneva (ENEV3): Dynamo eleva participa\u00e7\u00e3o acion\u00e1ria na empresa"},"content":{"rendered":"<p>A <a href=\"https:\/\/www.suno.com.br\/acoes\/enev3\/\"><strong>Eneva<\/strong> (ENEV3)<\/a> informou, na noite da \u00faltima ter\u00e7a-feira (23), que a Dynamo Administra\u00e7\u00e3o de Recursos Ltda atingiu a participa\u00e7\u00e3o acion\u00e1ria de 5,02% na companhia. A informa\u00e7\u00e3o foi divulgada por meio de um comunicado ao mercado.<\/p>\t<div class=\"wrapper-featured-image\">\n\t\t<figure class=\"spotlightImg\">\n\n\t\t\t<picture>\n\t\t\t\t<source media=\"(max-width: 768px)\" srcset=\"https:\/\/files.sunoresearch.com.br\/n\/uploads\/2020\/03\/45673f90-eneva-400x200.webp\">\n\t\t\t\t<img loading=\"lazy\" decoding=\"async\" class=\"newsContent__article__imgCapa lazyloadDisabled newsContent__article__imgCapa--noCaption\" src=\"https:\/\/files.sunoresearch.com.br\/n\/uploads\/2020\/03\/45673f90-eneva-800x450.webp\" width=\"800\" height=\"450\" alt=\"Eneva (ENEV3): Dynamo eleva participa\u00e7\u00e3o acion\u00e1ria na empresa\" fetchpriority=high \/>\n\t\t\t<\/picture>\n\n\t\t\t<figcaption class=\"wp-caption-text wp-caption-text--hide\">Eneva (ENEV3)<\/figcaption>\n\t\t<\/figure>\n\t<\/div>\n\n\n\n<p>Segundo a Eneva, a <strong>Dynamo<\/strong> confirmou \u00e0 empresa que os fundos adminsitrados ou geridos por ela elevaram suas participa\u00e7\u00f5es no <a href=\"https:\/\/www.suno.com.br\/artigos\/capital-social\/\">capital social<\/a> da empresa.<\/p>\n<p>Entretanto, segundo o comunicado, a administradora declarou que &#8220;n\u00e3o objetiva alterar a composi\u00e7\u00e3o de controle ou estrutura administrativa&#8221; da Eneva, n\u00e3o procurando atingir nenhum percentual de posi\u00e7\u00e3o em particular.<\/p>\n<p><a href=\"https:\/\/lp.suno.com.br\/suno-one\/\">No Suno One voc\u00ea aprende a fazer seu dinheiro trabalhar para voc\u00ea. Cadastre-se gratuitamente agora!<\/a><\/p>\n<p>Al\u00e9m disso, a Dynamo informou &#8220;n\u00e3o possuir outros <strong>valores mobili\u00e1rios<\/strong> e instrumentos financeiros derivativos referenciados em tais a\u00e7\u00f5es e que n\u00e3o foram celebrados contratos regulando o exerc\u00edcio do direito de voto ou a compra de valores mobili\u00e1rios de emiss\u00e3o da companhia&#8221;.<\/p>\n<p>A carta foi assinada pelo Diretor Financeiro e de Rela\u00e7\u00f5es com Investidores da Eneva, Marcelo Habibe.<\/p>\n<h2>Eneva registra lucro l\u00edquido de R$ 179 milh\u00f5es no 1T20<\/h2>\n<p>A Eneva apresentou um <a href=\"https:\/\/www.suno.com.br\/artigos\/lucro-liquido\/\">lucro l\u00edquido<\/a> R$ 179 milh\u00f5es, aumento de 39% na compara\u00e7\u00e3o anualizada. Segundo a empresa, houve uma receita l\u00edquida adicional de R$ 34 milh\u00f5es, em fun\u00e7\u00e3o da revis\u00e3o das garantias f\u00edsicas da UTEs Parna\u00edba I e Parna\u00edba II.<\/p>\n<p>Al\u00e9m disso, um dos destaques do trimestre foi o <a href=\"https:\/\/www.suno.com.br\/artigos\/ebitda\/#:~:text=De%20forma%20resumida%20e%20simplificada,da%20deprecia%C3%A7%C3%A3o%20e%20da%20amortiza%C3%A7%C3%A3o.\"><strong>Ebitda<\/strong> (lucro antes de juros, impostos, deprecia\u00e7\u00e3o e amortiza\u00e7\u00e3o)<\/a> da gera\u00e7\u00e3o a carv\u00e3o, que cresceu 13% no per\u00edodo. Isso foi poss\u00edvel devido \u00e0 amplia\u00e7\u00e3o da margem fixa em Pec\u00e9m II e das margens vari\u00e1veis em ambas as usinas.<\/p>\n<p>Segundo a companhia el\u00e9trica, a posi\u00e7\u00e3o de caixa ao final de mar\u00e7o era de R$ 1,6 bilh\u00e3o. A d\u00edvida l\u00edquida, por sua vez, passou a ser de R$ 4 bilh\u00f5es, perfazendo uma alavancagem financeira &#8212; representada pela rela\u00e7\u00e3o entre a d\u00edvida l\u00edquida e o Ebitda &#8212; de 2,6x.<\/p>\n<p><a href=\"https:\/\/www.suno.com.br\/noticias\/eneva-enev3-nao-apresentara-nova-oferta-aes-tiete-tiet11\/\">Saiba mais: Eneva n\u00e3o apresentar\u00e1 nova oferta pela AES Tiet\u00ea, diz CEO<\/a><\/p>\n<p>Segundo a <strong>Eneva<\/strong>, outro destaque dos primeiro tr\u00eas meses do ano foi a produ\u00e7\u00e3o de g\u00e1s, totalizando 0,4 bcm. O desempenho representa um crescimento de 732%.<\/p>\n\n","protected":false},"excerpt":{"rendered":"<p>A Eneva (ENEV3) informou, na noite da \u00faltima ter\u00e7a-feira (23), que a Dynamo Administra\u00e7\u00e3o de Recursos Ltda atingiu a participa\u00e7\u00e3o acion\u00e1ria de 5,02% na companhia. A informa\u00e7\u00e3o foi divulgada por meio de um comunicado ao mercado. Eneva (ENEV3) Segundo a Eneva, a Dynamo confirmou \u00e0 empresa que os fundos adminsitrados ou geridos por ela elevaram [&hellip;]<\/p>\n","protected":false},"author":24,"featured_media":55570,"comment_status":"closed","ping_status":"closed","sticky":false,"template":"","format":"standard","meta":[],"categories":[64],"tags":[2493,464],"suno_strategy":[],"class_list":["post-70178","post","type-post","status-publish","format-standard","has-post-thumbnail","hentry","category-negocios","tag-dynamo","tag-eneva-enev3"],"yoast_head":"<!-- This site is optimized with the Yoast SEO plugin v24.4 - https:\/\/yoast.com\/wordpress\/plugins\/seo\/ -->\n<title>Eneva (ENEV3): Dynamo eleva participa\u00e7\u00e3o acion\u00e1ria na empresa<\/title>\n<meta name=\"description\" content=\"A Eneva (ENEV3) informou, na noite da \u00faltima ter\u00e7a-feira, que a Dynamo atingiu a participa\u00e7\u00e3o acion\u00e1ria de 5,02% na companhia. Saiba mais.\" \/>\n<meta name=\"robots\" content=\"index, follow, max-snippet:-1, max-image-preview:large, max-video-preview:-1\" \/>\n<link rel=\"canonical\" href=\"https:\/\/www.suno.com.br\/noticias\/eneva-enev3-dynamo-eleva-participacao-acionaria\/\" \/>\n<meta property=\"og:locale\" content=\"pt_BR\" \/>\n<meta property=\"og:type\" content=\"article\" \/>\n<meta property=\"og:title\" content=\"Eneva (ENEV3): Dynamo eleva participa\u00e7\u00e3o acion\u00e1ria na empresa\" \/>\n<meta property=\"og:description\" content=\"A Eneva (ENEV3) informou, na noite da \u00faltima ter\u00e7a-feira, que a Dynamo atingiu a participa\u00e7\u00e3o acion\u00e1ria de 5,02% na companhia. Saiba mais.\" \/>\n<meta property=\"og:url\" content=\"https:\/\/www.suno.com.br\/noticias\/eneva-enev3-dynamo-eleva-participacao-acionaria\/\" \/>\n<meta property=\"og:site_name\" content=\"Suno Not\u00edcias\" \/>\n<meta property=\"article:publisher\" content=\"https:\/\/facebook.com\/sunoresearch\" \/>\n<meta property=\"og:image\" content=\"https:\/\/files.sunoresearch.com.br\/n\/uploads\/2020\/03\/45673f90-eneva.jpg\" \/>\n\t<meta property=\"og:image:width\" content=\"1920\" \/>\n\t<meta property=\"og:image:height\" content=\"1080\" \/>\n\t<meta property=\"og:image:type\" content=\"image\/jpeg\" \/>\n<meta name=\"author\" content=\"Jader Lazarini\" \/>\n<meta name=\"twitter:card\" content=\"summary_large_image\" \/>\n<meta name=\"twitter:creator\" content=\"@sunoresearch\" \/>\n<meta name=\"twitter:site\" content=\"@sunoresearch\" \/>\n<meta name=\"twitter:label1\" content=\"Escrito por\" \/>\n\t<meta name=\"twitter:data1\" content=\"Jader Lazarini\" \/>\n\t<meta name=\"twitter:label2\" content=\"Est. tempo de leitura\" \/>\n\t<meta name=\"twitter:data2\" content=\"2 minutos\" \/>\n<script type=\"application\/ld+json\" class=\"yoast-schema-graph\">{\"@context\":\"https:\/\/schema.org\",\"@graph\":[{\"@type\":\"NewsArticle\",\"@id\":\"https:\/\/www.suno.com.br\/noticias\/eneva-enev3-dynamo-eleva-participacao-acionaria\/#article\",\"isPartOf\":{\"@id\":\"https:\/\/www.suno.com.br\/noticias\/eneva-enev3-dynamo-eleva-participacao-acionaria\/\"},\"author\":{\"name\":\"Jader Lazarini\",\"@id\":\"https:\/\/www.suno.com.br\/noticias\/#\/schema\/person\/918d79de1f0281f01599b93f9ea6e23f\"},\"headline\":\"Eneva (ENEV3): Dynamo eleva participa\u00e7\u00e3o acion\u00e1ria na empresa\",\"datePublished\":\"2020-06-24T12:03:01+00:00\",\"mainEntityOfPage\":{\"@id\":\"https:\/\/www.suno.com.br\/noticias\/eneva-enev3-dynamo-eleva-participacao-acionaria\/\"},\"wordCount\":405,\"publisher\":{\"@id\":\"https:\/\/www.suno.com.br\/noticias\/#organization\"},\"image\":{\"@id\":\"https:\/\/www.suno.com.br\/noticias\/eneva-enev3-dynamo-eleva-participacao-acionaria\/#primaryimage\"},\"thumbnailUrl\":\"https:\/\/files.sunoresearch.com.br\/n\/uploads\/2020\/03\/45673f90-eneva-jpg.webp\",\"keywords\":[\"Dynamo\",\"Eneva (ENEV3)\"],\"articleSection\":[\"Neg\u00f3cios\"],\"inLanguage\":\"pt-BR\"},{\"@type\":\"WebPage\",\"@id\":\"https:\/\/www.suno.com.br\/noticias\/eneva-enev3-dynamo-eleva-participacao-acionaria\/\",\"url\":\"https:\/\/www.suno.com.br\/noticias\/eneva-enev3-dynamo-eleva-participacao-acionaria\/\",\"name\":\"Eneva (ENEV3): Dynamo eleva participa\u00e7\u00e3o acion\u00e1ria na empresa\",\"isPartOf\":{\"@id\":\"https:\/\/www.suno.com.br\/noticias\/#website\"},\"primaryImageOfPage\":{\"@id\":\"https:\/\/www.suno.com.br\/noticias\/eneva-enev3-dynamo-eleva-participacao-acionaria\/#primaryimage\"},\"image\":{\"@id\":\"https:\/\/www.suno.com.br\/noticias\/eneva-enev3-dynamo-eleva-participacao-acionaria\/#primaryimage\"},\"thumbnailUrl\":\"https:\/\/files.sunoresearch.com.br\/n\/uploads\/2020\/03\/45673f90-eneva-jpg.webp\",\"datePublished\":\"2020-06-24T12:03:01+00:00\",\"description\":\"A Eneva (ENEV3) informou, na noite da \u00faltima ter\u00e7a-feira, que a Dynamo atingiu a participa\u00e7\u00e3o acion\u00e1ria de 5,02% na companhia. Saiba mais.\",\"breadcrumb\":{\"@id\":\"https:\/\/www.suno.com.br\/noticias\/eneva-enev3-dynamo-eleva-participacao-acionaria\/#breadcrumb\"},\"inLanguage\":\"pt-BR\",\"potentialAction\":[{\"@type\":\"ReadAction\",\"target\":[\"https:\/\/www.suno.com.br\/noticias\/eneva-enev3-dynamo-eleva-participacao-acionaria\/\"]}]},{\"@type\":\"ImageObject\",\"inLanguage\":\"pt-BR\",\"@id\":\"https:\/\/www.suno.com.br\/noticias\/eneva-enev3-dynamo-eleva-participacao-acionaria\/#primaryimage\",\"url\":\"https:\/\/files.sunoresearch.com.br\/n\/uploads\/2020\/03\/45673f90-eneva-jpg.webp\",\"contentUrl\":\"https:\/\/files.sunoresearch.com.br\/n\/uploads\/2020\/03\/45673f90-eneva-jpg.webp\",\"width\":1920,\"height\":1080,\"caption\":\"Eneva (ENEV3)\"},{\"@type\":\"BreadcrumbList\",\"@id\":\"https:\/\/www.suno.com.br\/noticias\/eneva-enev3-dynamo-eleva-participacao-acionaria\/#breadcrumb\",\"itemListElement\":[{\"@type\":\"ListItem\",\"position\":1,\"name\":\"Not\u00edcias\",\"item\":\"https:\/\/www.suno.com.br\/noticias\/\"},{\"@type\":\"ListItem\",\"position\":2,\"name\":\"Neg\u00f3cios\",\"item\":\"https:\/\/www.suno.com.br\/noticias\/negocios\/\"},{\"@type\":\"ListItem\",\"position\":3,\"name\":\"Eneva (ENEV3): Dynamo eleva participa\u00e7\u00e3o acion\u00e1ria na empresa\"}]},{\"@type\":\"WebSite\",\"@id\":\"https:\/\/www.suno.com.br\/noticias\/#website\",\"url\":\"https:\/\/www.suno.com.br\/noticias\/\",\"name\":\"Suno Not\u00edcias\",\"description\":\"Seu portal de informa\u00e7\u00e3o sobre o mundo dos investimentos\",\"publisher\":{\"@id\":\"https:\/\/www.suno.com.br\/noticias\/#organization\"},\"potentialAction\":[{\"@type\":\"SearchAction\",\"target\":{\"@type\":\"EntryPoint\",\"urlTemplate\":\"https:\/\/www.suno.com.br\/noticias\/?s={search_term_string}\"},\"query-input\":{\"@type\":\"PropertyValueSpecification\",\"valueRequired\":true,\"valueName\":\"search_term_string\"}}],\"inLanguage\":\"pt-BR\"},{\"@type\":\"Organization\",\"@id\":\"https:\/\/www.suno.com.br\/noticias\/#organization\",\"name\":\"Suno Not\u00edcias\",\"url\":\"https:\/\/www.suno.com.br\/noticias\/\",\"logo\":{\"@type\":\"ImageObject\",\"inLanguage\":\"pt-BR\",\"@id\":\"https:\/\/www.suno.com.br\/noticias\/#\/schema\/logo\/image\/\",\"url\":\"https:\/\/files.sunoresearch.com.br\/n\/uploads\/2021\/09\/suno-logo.png\",\"contentUrl\":\"https:\/\/files.sunoresearch.com.br\/n\/uploads\/2021\/09\/suno-logo.png\",\"width\":180,\"height\":180,\"caption\":\"Suno Not\u00edcias\"},\"image\":{\"@id\":\"https:\/\/www.suno.com.br\/noticias\/#\/schema\/logo\/image\/\"},\"sameAs\":[\"https:\/\/facebook.com\/sunoresearch\",\"https:\/\/x.com\/sunoresearch\",\"https:\/\/www.instagram.com\/suno\",\"https:\/\/www.linkedin.com\/company\/suno-research\/\",\"https:\/\/www.youtube.com\/c\/sunoresearch\"]},{\"@type\":\"Person\",\"@id\":\"https:\/\/www.suno.com.br\/noticias\/#\/schema\/person\/918d79de1f0281f01599b93f9ea6e23f\",\"name\":\"Jader Lazarini\",\"image\":{\"@type\":\"ImageObject\",\"inLanguage\":\"pt-BR\",\"@id\":\"https:\/\/www.suno.com.br\/noticias\/#\/schema\/person\/image\/\",\"url\":\"https:\/\/secure.gravatar.com\/avatar\/3c1ad8caa51589841baeb923fcddea97?s=96&r=g\",\"contentUrl\":\"https:\/\/secure.gravatar.com\/avatar\/3c1ad8caa51589841baeb923fcddea97?s=96&r=g\",\"caption\":\"Jader Lazarini\"},\"description\":\"Jader Lazarini escreve sobre investimentos, finan\u00e7as, economia e neg\u00f3cios. \u00c9 bacharel em Rela\u00e7\u00f5es Internacionais e analista CNPI (2619).\",\"url\":\"https:\/\/www.suno.com.br\/noticias\/author\/jader-lazarini\/\"}]}<\/script>\n<!-- \/ Yoast SEO plugin. -->","yoast_head_json":{"title":"Eneva (ENEV3): Dynamo eleva participa\u00e7\u00e3o acion\u00e1ria na empresa","description":"A Eneva (ENEV3) informou, na noite da \u00faltima ter\u00e7a-feira, que a Dynamo atingiu a participa\u00e7\u00e3o acion\u00e1ria de 5,02% na companhia. Saiba mais.","robots":{"index":"index","follow":"follow","max-snippet":"max-snippet:-1","max-image-preview":"max-image-preview:large","max-video-preview":"max-video-preview:-1"},"canonical":"https:\/\/www.suno.com.br\/noticias\/eneva-enev3-dynamo-eleva-participacao-acionaria\/","og_locale":"pt_BR","og_type":"article","og_title":"Eneva (ENEV3): Dynamo eleva participa\u00e7\u00e3o acion\u00e1ria na empresa","og_description":"A Eneva (ENEV3) informou, na noite da \u00faltima ter\u00e7a-feira, que a Dynamo atingiu a participa\u00e7\u00e3o acion\u00e1ria de 5,02% na companhia. Saiba mais.","og_url":"https:\/\/www.suno.com.br\/noticias\/eneva-enev3-dynamo-eleva-participacao-acionaria\/","og_site_name":"Suno Not\u00edcias","article_publisher":"https:\/\/facebook.com\/sunoresearch","og_image":[{"width":1920,"height":1080,"url":"https:\/\/files.sunoresearch.com.br\/n\/uploads\/2020\/03\/45673f90-eneva.jpg","type":"image\/jpeg"}],"author":"Jader Lazarini","twitter_card":"summary_large_image","twitter_creator":"@sunoresearch","twitter_site":"@sunoresearch","twitter_misc":{"Escrito por":"Jader Lazarini","Est. tempo de leitura":"2 minutos"},"schema":{"@context":"https:\/\/schema.org","@graph":[{"@type":"NewsArticle","@id":"https:\/\/www.suno.com.br\/noticias\/eneva-enev3-dynamo-eleva-participacao-acionaria\/#article","isPartOf":{"@id":"https:\/\/www.suno.com.br\/noticias\/eneva-enev3-dynamo-eleva-participacao-acionaria\/"},"author":{"name":"Jader Lazarini","@id":"https:\/\/www.suno.com.br\/noticias\/#\/schema\/person\/918d79de1f0281f01599b93f9ea6e23f"},"headline":"Eneva (ENEV3): Dynamo eleva participa\u00e7\u00e3o acion\u00e1ria na empresa","datePublished":"2020-06-24T12:03:01+00:00","mainEntityOfPage":{"@id":"https:\/\/www.suno.com.br\/noticias\/eneva-enev3-dynamo-eleva-participacao-acionaria\/"},"wordCount":405,"publisher":{"@id":"https:\/\/www.suno.com.br\/noticias\/#organization"},"image":{"@id":"https:\/\/www.suno.com.br\/noticias\/eneva-enev3-dynamo-eleva-participacao-acionaria\/#primaryimage"},"thumbnailUrl":"https:\/\/files.sunoresearch.com.br\/n\/uploads\/2020\/03\/45673f90-eneva-jpg.webp","keywords":["Dynamo","Eneva (ENEV3)"],"articleSection":["Neg\u00f3cios"],"inLanguage":"pt-BR"},{"@type":"WebPage","@id":"https:\/\/www.suno.com.br\/noticias\/eneva-enev3-dynamo-eleva-participacao-acionaria\/","url":"https:\/\/www.suno.com.br\/noticias\/eneva-enev3-dynamo-eleva-participacao-acionaria\/","name":"Eneva (ENEV3): Dynamo eleva participa\u00e7\u00e3o acion\u00e1ria na empresa","isPartOf":{"@id":"https:\/\/www.suno.com.br\/noticias\/#website"},"primaryImageOfPage":{"@id":"https:\/\/www.suno.com.br\/noticias\/eneva-enev3-dynamo-eleva-participacao-acionaria\/#primaryimage"},"image":{"@id":"https:\/\/www.suno.com.br\/noticias\/eneva-enev3-dynamo-eleva-participacao-acionaria\/#primaryimage"},"thumbnailUrl":"https:\/\/files.sunoresearch.com.br\/n\/uploads\/2020\/03\/45673f90-eneva-jpg.webp","datePublished":"2020-06-24T12:03:01+00:00","description":"A Eneva (ENEV3) informou, na noite da \u00faltima ter\u00e7a-feira, que a Dynamo atingiu a participa\u00e7\u00e3o acion\u00e1ria de 5,02% na companhia. Saiba mais.","breadcrumb":{"@id":"https:\/\/www.suno.com.br\/noticias\/eneva-enev3-dynamo-eleva-participacao-acionaria\/#breadcrumb"},"inLanguage":"pt-BR","potentialAction":[{"@type":"ReadAction","target":["https:\/\/www.suno.com.br\/noticias\/eneva-enev3-dynamo-eleva-participacao-acionaria\/"]}]},{"@type":"ImageObject","inLanguage":"pt-BR","@id":"https:\/\/www.suno.com.br\/noticias\/eneva-enev3-dynamo-eleva-participacao-acionaria\/#primaryimage","url":"https:\/\/files.sunoresearch.com.br\/n\/uploads\/2020\/03\/45673f90-eneva-jpg.webp","contentUrl":"https:\/\/files.sunoresearch.com.br\/n\/uploads\/2020\/03\/45673f90-eneva-jpg.webp","width":1920,"height":1080,"caption":"Eneva (ENEV3)"},{"@type":"BreadcrumbList","@id":"https:\/\/www.suno.com.br\/noticias\/eneva-enev3-dynamo-eleva-participacao-acionaria\/#breadcrumb","itemListElement":[{"@type":"ListItem","position":1,"name":"Not\u00edcias","item":"https:\/\/www.suno.com.br\/noticias\/"},{"@type":"ListItem","position":2,"name":"Neg\u00f3cios","item":"https:\/\/www.suno.com.br\/noticias\/negocios\/"},{"@type":"ListItem","position":3,"name":"Eneva (ENEV3): Dynamo eleva participa\u00e7\u00e3o acion\u00e1ria na empresa"}]},{"@type":"WebSite","@id":"https:\/\/www.suno.com.br\/noticias\/#website","url":"https:\/\/www.suno.com.br\/noticias\/","name":"Suno Not\u00edcias","description":"Seu portal de informa\u00e7\u00e3o sobre o mundo dos investimentos","publisher":{"@id":"https:\/\/www.suno.com.br\/noticias\/#organization"},"potentialAction":[{"@type":"SearchAction","target":{"@type":"EntryPoint","urlTemplate":"https:\/\/www.suno.com.br\/noticias\/?s={search_term_string}"},"query-input":{"@type":"PropertyValueSpecification","valueRequired":true,"valueName":"search_term_string"}}],"inLanguage":"pt-BR"},{"@type":"Organization","@id":"https:\/\/www.suno.com.br\/noticias\/#organization","name":"Suno Not\u00edcias","url":"https:\/\/www.suno.com.br\/noticias\/","logo":{"@type":"ImageObject","inLanguage":"pt-BR","@id":"https:\/\/www.suno.com.br\/noticias\/#\/schema\/logo\/image\/","url":"https:\/\/files.sunoresearch.com.br\/n\/uploads\/2021\/09\/suno-logo.png","contentUrl":"https:\/\/files.sunoresearch.com.br\/n\/uploads\/2021\/09\/suno-logo.png","width":180,"height":180,"caption":"Suno Not\u00edcias"},"image":{"@id":"https:\/\/www.suno.com.br\/noticias\/#\/schema\/logo\/image\/"},"sameAs":["https:\/\/facebook.com\/sunoresearch","https:\/\/x.com\/sunoresearch","https:\/\/www.instagram.com\/suno","https:\/\/www.linkedin.com\/company\/suno-research\/","https:\/\/www.youtube.com\/c\/sunoresearch"]},{"@type":"Person","@id":"https:\/\/www.suno.com.br\/noticias\/#\/schema\/person\/918d79de1f0281f01599b93f9ea6e23f","name":"Jader Lazarini","image":{"@type":"ImageObject","inLanguage":"pt-BR","@id":"https:\/\/www.suno.com.br\/noticias\/#\/schema\/person\/image\/","url":"https:\/\/secure.gravatar.com\/avatar\/3c1ad8caa51589841baeb923fcddea97?s=96&r=g","contentUrl":"https:\/\/secure.gravatar.com\/avatar\/3c1ad8caa51589841baeb923fcddea97?s=96&r=g","caption":"Jader Lazarini"},"description":"Jader Lazarini escreve sobre investimentos, finan\u00e7as, economia e neg\u00f3cios. \u00c9 bacharel em Rela\u00e7\u00f5es Internacionais e analista CNPI (2619).","url":"https:\/\/www.suno.com.br\/noticias\/author\/jader-lazarini\/"}]}},"default_loop_html":"<div class=\"cardsPage__listCard__boxs\"><div class=\"cardsPage__listCard__boxs__img\"><a href=\"https:\/\/www.suno.com.br\/noticias\/eneva-enev3-dynamo-eleva-participacao-acionaria\/\"><img class=\"mask\" src=\"https:\/\/www.suno.com.br\/noticias\/wp-content\/themes\/suno\/resources\/images\/spotlight\/spotlight1img\/bg-mask.png\" alt=\"Image Mask\"\/><img src=\"https:\/\/files.sunoresearch.com.br\/n\/uploads\/2020\/03\/45673f90-eneva-400x200.webp\" alt=\"Eneva (ENEV3): Dynamo eleva participa\u00e7\u00e3o acion\u00e1ria na empresa\"\/><\/a><span class=\"spotlightCategory\"><a href=\"https:\/\/www.suno.com.br\/noticias\/negocios\/\">Neg\u00f3cios<\/a><\/span><\/div><div class=\"cardsPage__listCard__boxs__content\"><a href=\"https:\/\/www.suno.com.br\/noticias\/eneva-enev3-dynamo-eleva-participacao-acionaria\/\"><h2 class=\"content__title\">Eneva (ENEV3): Dynamo eleva participa\u00e7\u00e3o acion\u00e1ria na empresa<\/h2><\/a><div class=\"newsContent__article__meta\"><div class=\"newsContent__article__meta__authorBox\"><a href=\"https:\/\/www.suno.com.br\/noticias\/author\/jader-lazarini\/\" class=\"authorBox__avatar noMobi\"><img src=\"https:\/\/files.sunoresearch.com.br\/n\/uploads\/2021\/01\/178e6598-foto-perfil-2-150x150.jpg\" alt=\"Jader Lazarini\"><\/a><div class=\"authorBox__name\"><span>por\n\t\t\t<a href=\"https:\/\/www.suno.com.br\/noticias\/author\/jader-lazarini\/\"><span itemprop=\"author\">Jader Lazarini<\/span><\/a><\/span><time datetime=\"2020-06-24T09:03:01-03:00\" itemprop=\"datePublished\">24\/06\/2020 09:03<\/time><\/div><\/div><\/div><\/div><\/div>","single_layout":"posts","amp_enabled":true,"_links":{"self":[{"href":"https:\/\/www.suno.com.br\/noticias\/wp-json\/wp\/v2\/posts\/70178"}],"collection":[{"href":"https:\/\/www.suno.com.br\/noticias\/wp-json\/wp\/v2\/posts"}],"about":[{"href":"https:\/\/www.suno.com.br\/noticias\/wp-json\/wp\/v2\/types\/post"}],"author":[{"embeddable":true,"href":"https:\/\/www.suno.com.br\/noticias\/wp-json\/wp\/v2\/users\/24"}],"replies":[{"embeddable":true,"href":"https:\/\/www.suno.com.br\/noticias\/wp-json\/wp\/v2\/comments?post=70178"}],"version-history":[{"count":0,"href":"https:\/\/www.suno.com.br\/noticias\/wp-json\/wp\/v2\/posts\/70178\/revisions"}],"wp:featuredmedia":[{"embeddable":true,"href":"https:\/\/www.suno.com.br\/noticias\/wp-json\/wp\/v2\/media\/55570"}],"wp:attachment":[{"href":"https:\/\/www.suno.com.br\/noticias\/wp-json\/wp\/v2\/media?parent=70178"}],"wp:term":[{"taxonomy":"category","embeddable":true,"href":"https:\/\/www.suno.com.br\/noticias\/wp-json\/wp\/v2\/categories?post=70178"},{"taxonomy":"post_tag","embeddable":true,"href":"https:\/\/www.suno.com.br\/noticias\/wp-json\/wp\/v2\/tags?post=70178"},{"taxonomy":"suno_strategy","embeddable":true,"href":"https:\/\/www.suno.com.br\/noticias\/wp-json\/wp\/v2\/suno_strategy?post=70178"}],"curies":[{"name":"wp","href":"https:\/\/api.w.org\/{rel}","templated":true}]}}