{"id":70127,"date":"2020-06-23T19:57:55","date_gmt":"2020-06-23T22:57:55","guid":{"rendered":"https:\/\/www.suno.com.br\/noticias\/?p=70127"},"modified":"2020-06-23T19:57:55","modified_gmt":"2020-06-23T22:57:55","slug":"aneel-aprova-emprestimos-eletricas","status":"publish","type":"post","link":"https:\/\/www.suno.com.br\/noticias\/aneel-aprova-emprestimos-eletricas\/","title":{"rendered":"Aneel aprova empr\u00e9stimos de R$ 16 bilh\u00f5es a el\u00e9tricas"},"content":{"rendered":"<p>A diretoria da Ag\u00eancia Nacional de Energia El\u00e9trica (Aneel) aprovou nesta ter\u00e7a-feira (23) as condi\u00e7\u00f5es para os empr\u00e9stimos no valor de R$ 16 bilh\u00f5es \u00e0 <strong>el\u00e9tricas<\/strong>, em suporte ao setor durante a crise causada pela pandemia do novo coronav\u00edrus.<\/p>\t<div class=\"wrapper-featured-image\">\n\t\t<figure class=\"spotlightImg\">\n\n\t\t\t<picture>\n\t\t\t\t<source media=\"(max-width: 768px)\" srcset=\"https:\/\/files.sunoresearch.com.br\/n\/uploads\/2020\/06\/319aaf19-el\u00e9trica-400x200.webp\">\n\t\t\t\t<img loading=\"lazy\" decoding=\"async\" class=\"newsContent__article__imgCapa lazyloadDisabled newsContent__article__imgCapa--noCaption\" src=\"https:\/\/files.sunoresearch.com.br\/n\/uploads\/2020\/06\/319aaf19-el\u00e9trica-800x450.webp\" width=\"800\" height=\"450\" alt=\"Aneel aprova empr\u00e9stimos de R$ 16 bilh\u00f5es a el\u00e9tricas\" fetchpriority=high \/>\n\t\t\t<\/picture>\n\n\t\t\t<figcaption class=\"wp-caption-text wp-caption-text--hide\">Aneel aprova empr\u00e9stimos de R$ 16 bilh\u00f5es a el\u00e9tricas<\/figcaption>\n\t\t<\/figure>\n\t<\/div>\n\n\n\n<p>A Ag\u00eancia estabeleceu em reuni\u00e3o os valores teto e as condi\u00e7\u00f5es para a opera\u00e7\u00e3o e viabiliza\u00e7\u00e3o do processo. Por outro lado, as discuss\u00f5es sobre os impactos econ\u00f4micos nas companhias el\u00e9tricas ser\u00e3o conduzidas a parte em uma consulta p\u00fablica. Esta ainda ser\u00e1 aberta pela <strong>Aneel<\/strong>, conforme decis\u00e3o un\u00e2nime dos diretores.<\/p>\n<p>A diretora, Elisa Bastos, havia apresentado anteriormente uma proposta que previa \u00e0s empresas registro provis\u00f3rio em seus balan\u00e7os ativos financeiros setoriais referentes aos efeitos da pandemia. A possibilidade, no entanto, foi retirada da regulamenta\u00e7\u00e3o final aprovada em colegiado.<\/p>\n<p><a href=\"https:\/\/lp.suno.com.br\/suno-one\/\">Suno One: acesse gratuitamente eBooks, Minicursos, Artigos e Video Aulas sobre investimentos com um \u00fanico cadastro. Clique para saber mais!<\/a><\/p>\n<p>As companhias alegavam que o registro desse tipo poderia aliviar os impactos imediatos sobre os balan\u00e7os, de forma a evitar que alguns rompessem <a href=\"https:\/\/www.suno.com.br\/artigos\/endividamento\/\">limites de endividamento<\/a> definidos junto a credores.<\/p>\n<p>Os contratos de presta\u00e7\u00e3o de servi\u00e7os de distribui\u00e7\u00e3o preveem a garantia de equil\u00edbrio econ\u00f4mico-finaneiro \u00e0s distribuidoras de energia. Isso permite a solicita\u00e7\u00e3o de reajustes extraordin\u00e1rios de suas tarifas no caso de mudan\u00e7a significativa nas condi\u00e7\u00f5es de suas opera\u00e7\u00f5es.<\/p>\n<p>Os pleitos, entretanto, s\u00e3o analisados pela Ag\u00eancia em longos processos, o que resultou em pedidos por parte das el\u00e9tricas para que a Aneel permitisse contabilizar nos balan\u00e7os o direito ao reequil\u00edbrio das concess\u00f5es. A proposta, por\u00e9m, foi vista como poss\u00edvel criadora de incertezas e acabando sendo afastada.<\/p>\n<p>\u201cA contabiliza\u00e7\u00e3o [de ativos em balan\u00e7o] deve ser o final e n\u00e3o o in\u00edcio do processo de reequil\u00edbrio\u201d, afirmou o diretor Sandoval Feitosa, em debate sobre o assunto.<\/p>\n<h2>El\u00e9tricas podem perder R$ 8,7 bilh\u00f5es com inadimpl\u00eancia<\/h2>\n<p>Segundo proje\u00e7\u00f5es da Aneel para o setor, as distribuidoras de energia correm o risco de perder R$ 8,7 bilh\u00f5es at\u00e9 dezembro com o <a href=\"https:\/\/www.suno.com.br\/artigos\/inadimplencia\/\">aumento da inadimpl\u00eancia<\/a>.<\/p>\n<p><a href=\"https:\/\/www.suno.com.br\/noticias\/eletricas-podem-perder-r8bi-inadimplencia-aneel\/\">Saiba mais: El\u00e9tricas podem perder R$ 8,7 bilh\u00f5es com inadimpl\u00eancia, diz Aneel<\/a><\/p>\n<p>Al\u00e9m disso, outro problemas resultado da crise que as companhias <strong>el\u00e9tricas<\/strong> se deparam \u00e9 a perda de mercado. A impacto deve levar a um preju\u00edzo de R$ 4,8 bilh\u00f5es at\u00e9 o final deste ano \u00e0s empresas.<\/p>\n\n","protected":false},"excerpt":{"rendered":"<p>A diretoria da Ag\u00eancia Nacional de Energia El\u00e9trica (Aneel) aprovou nesta ter\u00e7a-feira (23) as condi\u00e7\u00f5es para os empr\u00e9stimos no valor de R$ 16 bilh\u00f5es \u00e0 el\u00e9tricas, em suporte ao setor durante a crise causada pela pandemia do novo coronav\u00edrus. Aneel aprova empr\u00e9stimos de R$ 16 bilh\u00f5es a el\u00e9tricas A Ag\u00eancia estabeleceu em reuni\u00e3o os valores [&hellip;]<\/p>\n","protected":false},"author":35,"featured_media":70152,"comment_status":"closed","ping_status":"closed","sticky":false,"template":"","format":"standard","meta":[],"categories":[64],"tags":[896,1867],"suno_strategy":[],"class_list":["post-70127","post","type-post","status-publish","format-standard","has-post-thumbnail","hentry","category-negocios","tag-aneel","tag-emprestimos"],"yoast_head":"<!-- This site is optimized with the Yoast SEO plugin v24.4 - https:\/\/yoast.com\/wordpress\/plugins\/seo\/ -->\n<title>Aneel aprova empr\u00e9stimos de R$ 16 bilh\u00f5es a el\u00e9tricas<\/title>\n<meta name=\"description\" content=\"A Aneel aprovou condi\u00e7\u00f5es para empr\u00e9stimos no valor de R$ 16 bilh\u00f5es a el\u00e9tricas em suporte ao setor durante a crise. Clique para saber mais\" \/>\n<meta name=\"robots\" content=\"index, follow, max-snippet:-1, max-image-preview:large, max-video-preview:-1\" \/>\n<link rel=\"canonical\" href=\"https:\/\/www.suno.com.br\/noticias\/aneel-aprova-emprestimos-eletricas\/\" \/>\n<meta property=\"og:locale\" content=\"pt_BR\" \/>\n<meta property=\"og:type\" content=\"article\" \/>\n<meta property=\"og:title\" content=\"Aneel aprova empr\u00e9stimos de R$ 16 bilh\u00f5es a el\u00e9tricas\" \/>\n<meta property=\"og:description\" content=\"A Aneel aprovou condi\u00e7\u00f5es para empr\u00e9stimos no valor de R$ 16 bilh\u00f5es a el\u00e9tricas em suporte ao setor durante a crise. Clique para saber mais\" \/>\n<meta property=\"og:url\" content=\"https:\/\/www.suno.com.br\/noticias\/aneel-aprova-emprestimos-eletricas\/\" \/>\n<meta property=\"og:site_name\" content=\"Suno Not\u00edcias\" \/>\n<meta property=\"article:publisher\" content=\"https:\/\/facebook.com\/sunoresearch\" \/>\n<meta property=\"og:image\" content=\"https:\/\/files.sunoresearch.com.br\/n\/uploads\/2020\/06\/319aaf19-el\u00e9trica.jpg\" \/>\n\t<meta property=\"og:image:width\" content=\"960\" \/>\n\t<meta property=\"og:image:height\" content=\"640\" \/>\n\t<meta property=\"og:image:type\" content=\"image\/jpeg\" \/>\n<meta name=\"author\" content=\"Arthur Guimar\u00e3es\" \/>\n<meta name=\"twitter:card\" content=\"summary_large_image\" \/>\n<meta name=\"twitter:creator\" content=\"@sunoresearch\" \/>\n<meta name=\"twitter:site\" content=\"@sunoresearch\" \/>\n<meta name=\"twitter:label1\" content=\"Escrito por\" \/>\n\t<meta name=\"twitter:data1\" content=\"Arthur Guimar\u00e3es\" \/>\n\t<meta name=\"twitter:label2\" content=\"Est. tempo de leitura\" \/>\n\t<meta name=\"twitter:data2\" content=\"2 minutos\" \/>\n<script type=\"application\/ld+json\" class=\"yoast-schema-graph\">{\"@context\":\"https:\/\/schema.org\",\"@graph\":[{\"@type\":\"NewsArticle\",\"@id\":\"https:\/\/www.suno.com.br\/noticias\/aneel-aprova-emprestimos-eletricas\/#article\",\"isPartOf\":{\"@id\":\"https:\/\/www.suno.com.br\/noticias\/aneel-aprova-emprestimos-eletricas\/\"},\"author\":{\"name\":\"Arthur Guimar\u00e3es\",\"@id\":\"https:\/\/www.suno.com.br\/noticias\/#\/schema\/person\/053a750a709a263919a20f976caae91c\"},\"headline\":\"Aneel aprova empr\u00e9stimos de R$ 16 bilh\u00f5es a el\u00e9tricas\",\"datePublished\":\"2020-06-23T22:57:55+00:00\",\"mainEntityOfPage\":{\"@id\":\"https:\/\/www.suno.com.br\/noticias\/aneel-aprova-emprestimos-eletricas\/\"},\"wordCount\":442,\"publisher\":{\"@id\":\"https:\/\/www.suno.com.br\/noticias\/#organization\"},\"image\":{\"@id\":\"https:\/\/www.suno.com.br\/noticias\/aneel-aprova-emprestimos-eletricas\/#primaryimage\"},\"thumbnailUrl\":\"https:\/\/files.sunoresearch.com.br\/n\/uploads\/2020\/06\/319aaf19-el\u00e9trica-jpg.webp\",\"keywords\":[\"Aneel\",\"empr\u00e9stimos\"],\"articleSection\":[\"Neg\u00f3cios\"],\"inLanguage\":\"pt-BR\"},{\"@type\":\"WebPage\",\"@id\":\"https:\/\/www.suno.com.br\/noticias\/aneel-aprova-emprestimos-eletricas\/\",\"url\":\"https:\/\/www.suno.com.br\/noticias\/aneel-aprova-emprestimos-eletricas\/\",\"name\":\"Aneel aprova empr\u00e9stimos de R$ 16 bilh\u00f5es a el\u00e9tricas\",\"isPartOf\":{\"@id\":\"https:\/\/www.suno.com.br\/noticias\/#website\"},\"primaryImageOfPage\":{\"@id\":\"https:\/\/www.suno.com.br\/noticias\/aneel-aprova-emprestimos-eletricas\/#primaryimage\"},\"image\":{\"@id\":\"https:\/\/www.suno.com.br\/noticias\/aneel-aprova-emprestimos-eletricas\/#primaryimage\"},\"thumbnailUrl\":\"https:\/\/files.sunoresearch.com.br\/n\/uploads\/2020\/06\/319aaf19-el\u00e9trica-jpg.webp\",\"datePublished\":\"2020-06-23T22:57:55+00:00\",\"description\":\"A Aneel aprovou condi\u00e7\u00f5es para empr\u00e9stimos no valor de R$ 16 bilh\u00f5es a el\u00e9tricas em suporte ao setor durante a crise. Clique para saber mais\",\"breadcrumb\":{\"@id\":\"https:\/\/www.suno.com.br\/noticias\/aneel-aprova-emprestimos-eletricas\/#breadcrumb\"},\"inLanguage\":\"pt-BR\",\"potentialAction\":[{\"@type\":\"ReadAction\",\"target\":[\"https:\/\/www.suno.com.br\/noticias\/aneel-aprova-emprestimos-eletricas\/\"]}]},{\"@type\":\"ImageObject\",\"inLanguage\":\"pt-BR\",\"@id\":\"https:\/\/www.suno.com.br\/noticias\/aneel-aprova-emprestimos-eletricas\/#primaryimage\",\"url\":\"https:\/\/files.sunoresearch.com.br\/n\/uploads\/2020\/06\/319aaf19-el\u00e9trica-jpg.webp\",\"contentUrl\":\"https:\/\/files.sunoresearch.com.br\/n\/uploads\/2020\/06\/319aaf19-el\u00e9trica-jpg.webp\",\"width\":960,\"height\":640,\"caption\":\"Aneel aprova empr\u00e9stimos de R$ 16 bilh\u00f5es a el\u00e9tricas\"},{\"@type\":\"BreadcrumbList\",\"@id\":\"https:\/\/www.suno.com.br\/noticias\/aneel-aprova-emprestimos-eletricas\/#breadcrumb\",\"itemListElement\":[{\"@type\":\"ListItem\",\"position\":1,\"name\":\"Not\u00edcias\",\"item\":\"https:\/\/www.suno.com.br\/noticias\/\"},{\"@type\":\"ListItem\",\"position\":2,\"name\":\"Neg\u00f3cios\",\"item\":\"https:\/\/www.suno.com.br\/noticias\/negocios\/\"},{\"@type\":\"ListItem\",\"position\":3,\"name\":\"Aneel aprova empr\u00e9stimos de R$ 16 bilh\u00f5es a el\u00e9tricas\"}]},{\"@type\":\"WebSite\",\"@id\":\"https:\/\/www.suno.com.br\/noticias\/#website\",\"url\":\"https:\/\/www.suno.com.br\/noticias\/\",\"name\":\"Suno Not\u00edcias\",\"description\":\"Seu portal de informa\u00e7\u00e3o sobre o mundo dos investimentos\",\"publisher\":{\"@id\":\"https:\/\/www.suno.com.br\/noticias\/#organization\"},\"potentialAction\":[{\"@type\":\"SearchAction\",\"target\":{\"@type\":\"EntryPoint\",\"urlTemplate\":\"https:\/\/www.suno.com.br\/noticias\/?s={search_term_string}\"},\"query-input\":{\"@type\":\"PropertyValueSpecification\",\"valueRequired\":true,\"valueName\":\"search_term_string\"}}],\"inLanguage\":\"pt-BR\"},{\"@type\":\"Organization\",\"@id\":\"https:\/\/www.suno.com.br\/noticias\/#organization\",\"name\":\"Suno Not\u00edcias\",\"url\":\"https:\/\/www.suno.com.br\/noticias\/\",\"logo\":{\"@type\":\"ImageObject\",\"inLanguage\":\"pt-BR\",\"@id\":\"https:\/\/www.suno.com.br\/noticias\/#\/schema\/logo\/image\/\",\"url\":\"https:\/\/files.sunoresearch.com.br\/n\/uploads\/2021\/09\/suno-logo.png\",\"contentUrl\":\"https:\/\/files.sunoresearch.com.br\/n\/uploads\/2021\/09\/suno-logo.png\",\"width\":180,\"height\":180,\"caption\":\"Suno Not\u00edcias\"},\"image\":{\"@id\":\"https:\/\/www.suno.com.br\/noticias\/#\/schema\/logo\/image\/\"},\"sameAs\":[\"https:\/\/facebook.com\/sunoresearch\",\"https:\/\/x.com\/sunoresearch\",\"https:\/\/www.instagram.com\/suno\",\"https:\/\/www.linkedin.com\/company\/suno-research\/\",\"https:\/\/www.youtube.com\/c\/sunoresearch\"]},{\"@type\":\"Person\",\"@id\":\"https:\/\/www.suno.com.br\/noticias\/#\/schema\/person\/053a750a709a263919a20f976caae91c\",\"name\":\"Arthur Guimar\u00e3es\",\"image\":{\"@type\":\"ImageObject\",\"inLanguage\":\"pt-BR\",\"@id\":\"https:\/\/www.suno.com.br\/noticias\/#\/schema\/person\/image\/\",\"url\":\"https:\/\/secure.gravatar.com\/avatar\/1affd86a11209ae09eb6dd3bcad3e96c?s=96&r=g\",\"contentUrl\":\"https:\/\/secure.gravatar.com\/avatar\/1affd86a11209ae09eb6dd3bcad3e96c?s=96&r=g\",\"caption\":\"Arthur Guimar\u00e3es\"},\"description\":\"Arthur Guimar\u00e3es escreve sobre pol\u00edtica, economia e neg\u00f3cios para o portal de not\u00edcias da Suno Research. Atualmente, \u00e9 estudante de jornalismo pela Faculdade C\u00e1sper L\u00edbero.\",\"url\":\"https:\/\/www.suno.com.br\/noticias\/author\/arthur-guimaraes\/\"}]}<\/script>\n<!-- \/ Yoast SEO plugin. -->","yoast_head_json":{"title":"Aneel aprova empr\u00e9stimos de R$ 16 bilh\u00f5es a el\u00e9tricas","description":"A Aneel aprovou condi\u00e7\u00f5es para empr\u00e9stimos no valor de R$ 16 bilh\u00f5es a el\u00e9tricas em suporte ao setor durante a crise. Clique para saber mais","robots":{"index":"index","follow":"follow","max-snippet":"max-snippet:-1","max-image-preview":"max-image-preview:large","max-video-preview":"max-video-preview:-1"},"canonical":"https:\/\/www.suno.com.br\/noticias\/aneel-aprova-emprestimos-eletricas\/","og_locale":"pt_BR","og_type":"article","og_title":"Aneel aprova empr\u00e9stimos de R$ 16 bilh\u00f5es a el\u00e9tricas","og_description":"A Aneel aprovou condi\u00e7\u00f5es para empr\u00e9stimos no valor de R$ 16 bilh\u00f5es a el\u00e9tricas em suporte ao setor durante a crise. Clique para saber mais","og_url":"https:\/\/www.suno.com.br\/noticias\/aneel-aprova-emprestimos-eletricas\/","og_site_name":"Suno Not\u00edcias","article_publisher":"https:\/\/facebook.com\/sunoresearch","og_image":[{"width":960,"height":640,"url":"https:\/\/files.sunoresearch.com.br\/n\/uploads\/2020\/06\/319aaf19-el\u00e9trica.jpg","type":"image\/jpeg"}],"author":"Arthur Guimar\u00e3es","twitter_card":"summary_large_image","twitter_creator":"@sunoresearch","twitter_site":"@sunoresearch","twitter_misc":{"Escrito por":"Arthur Guimar\u00e3es","Est. tempo de leitura":"2 minutos"},"schema":{"@context":"https:\/\/schema.org","@graph":[{"@type":"NewsArticle","@id":"https:\/\/www.suno.com.br\/noticias\/aneel-aprova-emprestimos-eletricas\/#article","isPartOf":{"@id":"https:\/\/www.suno.com.br\/noticias\/aneel-aprova-emprestimos-eletricas\/"},"author":{"name":"Arthur Guimar\u00e3es","@id":"https:\/\/www.suno.com.br\/noticias\/#\/schema\/person\/053a750a709a263919a20f976caae91c"},"headline":"Aneel aprova empr\u00e9stimos de R$ 16 bilh\u00f5es a el\u00e9tricas","datePublished":"2020-06-23T22:57:55+00:00","mainEntityOfPage":{"@id":"https:\/\/www.suno.com.br\/noticias\/aneel-aprova-emprestimos-eletricas\/"},"wordCount":442,"publisher":{"@id":"https:\/\/www.suno.com.br\/noticias\/#organization"},"image":{"@id":"https:\/\/www.suno.com.br\/noticias\/aneel-aprova-emprestimos-eletricas\/#primaryimage"},"thumbnailUrl":"https:\/\/files.sunoresearch.com.br\/n\/uploads\/2020\/06\/319aaf19-el\u00e9trica-jpg.webp","keywords":["Aneel","empr\u00e9stimos"],"articleSection":["Neg\u00f3cios"],"inLanguage":"pt-BR"},{"@type":"WebPage","@id":"https:\/\/www.suno.com.br\/noticias\/aneel-aprova-emprestimos-eletricas\/","url":"https:\/\/www.suno.com.br\/noticias\/aneel-aprova-emprestimos-eletricas\/","name":"Aneel aprova empr\u00e9stimos de R$ 16 bilh\u00f5es a el\u00e9tricas","isPartOf":{"@id":"https:\/\/www.suno.com.br\/noticias\/#website"},"primaryImageOfPage":{"@id":"https:\/\/www.suno.com.br\/noticias\/aneel-aprova-emprestimos-eletricas\/#primaryimage"},"image":{"@id":"https:\/\/www.suno.com.br\/noticias\/aneel-aprova-emprestimos-eletricas\/#primaryimage"},"thumbnailUrl":"https:\/\/files.sunoresearch.com.br\/n\/uploads\/2020\/06\/319aaf19-el\u00e9trica-jpg.webp","datePublished":"2020-06-23T22:57:55+00:00","description":"A Aneel aprovou condi\u00e7\u00f5es para empr\u00e9stimos no valor de R$ 16 bilh\u00f5es a el\u00e9tricas em suporte ao setor durante a crise. Clique para saber mais","breadcrumb":{"@id":"https:\/\/www.suno.com.br\/noticias\/aneel-aprova-emprestimos-eletricas\/#breadcrumb"},"inLanguage":"pt-BR","potentialAction":[{"@type":"ReadAction","target":["https:\/\/www.suno.com.br\/noticias\/aneel-aprova-emprestimos-eletricas\/"]}]},{"@type":"ImageObject","inLanguage":"pt-BR","@id":"https:\/\/www.suno.com.br\/noticias\/aneel-aprova-emprestimos-eletricas\/#primaryimage","url":"https:\/\/files.sunoresearch.com.br\/n\/uploads\/2020\/06\/319aaf19-el\u00e9trica-jpg.webp","contentUrl":"https:\/\/files.sunoresearch.com.br\/n\/uploads\/2020\/06\/319aaf19-el\u00e9trica-jpg.webp","width":960,"height":640,"caption":"Aneel aprova empr\u00e9stimos de R$ 16 bilh\u00f5es a el\u00e9tricas"},{"@type":"BreadcrumbList","@id":"https:\/\/www.suno.com.br\/noticias\/aneel-aprova-emprestimos-eletricas\/#breadcrumb","itemListElement":[{"@type":"ListItem","position":1,"name":"Not\u00edcias","item":"https:\/\/www.suno.com.br\/noticias\/"},{"@type":"ListItem","position":2,"name":"Neg\u00f3cios","item":"https:\/\/www.suno.com.br\/noticias\/negocios\/"},{"@type":"ListItem","position":3,"name":"Aneel aprova empr\u00e9stimos de R$ 16 bilh\u00f5es a el\u00e9tricas"}]},{"@type":"WebSite","@id":"https:\/\/www.suno.com.br\/noticias\/#website","url":"https:\/\/www.suno.com.br\/noticias\/","name":"Suno Not\u00edcias","description":"Seu portal de informa\u00e7\u00e3o sobre o mundo dos investimentos","publisher":{"@id":"https:\/\/www.suno.com.br\/noticias\/#organization"},"potentialAction":[{"@type":"SearchAction","target":{"@type":"EntryPoint","urlTemplate":"https:\/\/www.suno.com.br\/noticias\/?s={search_term_string}"},"query-input":{"@type":"PropertyValueSpecification","valueRequired":true,"valueName":"search_term_string"}}],"inLanguage":"pt-BR"},{"@type":"Organization","@id":"https:\/\/www.suno.com.br\/noticias\/#organization","name":"Suno Not\u00edcias","url":"https:\/\/www.suno.com.br\/noticias\/","logo":{"@type":"ImageObject","inLanguage":"pt-BR","@id":"https:\/\/www.suno.com.br\/noticias\/#\/schema\/logo\/image\/","url":"https:\/\/files.sunoresearch.com.br\/n\/uploads\/2021\/09\/suno-logo.png","contentUrl":"https:\/\/files.sunoresearch.com.br\/n\/uploads\/2021\/09\/suno-logo.png","width":180,"height":180,"caption":"Suno Not\u00edcias"},"image":{"@id":"https:\/\/www.suno.com.br\/noticias\/#\/schema\/logo\/image\/"},"sameAs":["https:\/\/facebook.com\/sunoresearch","https:\/\/x.com\/sunoresearch","https:\/\/www.instagram.com\/suno","https:\/\/www.linkedin.com\/company\/suno-research\/","https:\/\/www.youtube.com\/c\/sunoresearch"]},{"@type":"Person","@id":"https:\/\/www.suno.com.br\/noticias\/#\/schema\/person\/053a750a709a263919a20f976caae91c","name":"Arthur Guimar\u00e3es","image":{"@type":"ImageObject","inLanguage":"pt-BR","@id":"https:\/\/www.suno.com.br\/noticias\/#\/schema\/person\/image\/","url":"https:\/\/secure.gravatar.com\/avatar\/1affd86a11209ae09eb6dd3bcad3e96c?s=96&r=g","contentUrl":"https:\/\/secure.gravatar.com\/avatar\/1affd86a11209ae09eb6dd3bcad3e96c?s=96&r=g","caption":"Arthur Guimar\u00e3es"},"description":"Arthur Guimar\u00e3es escreve sobre pol\u00edtica, economia e neg\u00f3cios para o portal de not\u00edcias da Suno Research. Atualmente, \u00e9 estudante de jornalismo pela Faculdade C\u00e1sper L\u00edbero.","url":"https:\/\/www.suno.com.br\/noticias\/author\/arthur-guimaraes\/"}]}},"default_loop_html":"<div class=\"cardsPage__listCard__boxs\"><div class=\"cardsPage__listCard__boxs__img\"><a href=\"https:\/\/www.suno.com.br\/noticias\/aneel-aprova-emprestimos-eletricas\/\"><img class=\"mask\" src=\"https:\/\/www.suno.com.br\/noticias\/wp-content\/themes\/suno\/resources\/images\/spotlight\/spotlight1img\/bg-mask.png\" alt=\"Image Mask\"\/><img src=\"https:\/\/files.sunoresearch.com.br\/n\/uploads\/2020\/06\/319aaf19-el\u00e9trica-400x200.webp\" alt=\"Aneel aprova empr\u00e9stimos de R$ 16 bilh\u00f5es a el\u00e9tricas\"\/><\/a><span class=\"spotlightCategory\"><a href=\"https:\/\/www.suno.com.br\/noticias\/negocios\/\">Neg\u00f3cios<\/a><\/span><\/div><div class=\"cardsPage__listCard__boxs__content\"><a href=\"https:\/\/www.suno.com.br\/noticias\/aneel-aprova-emprestimos-eletricas\/\"><h2 class=\"content__title\">Aneel aprova empr\u00e9stimos de R$ 16 bilh\u00f5es a el\u00e9tricas<\/h2><\/a><div class=\"newsContent__article__meta\"><div class=\"newsContent__article__meta__authorBox\"><a href=\"https:\/\/www.suno.com.br\/noticias\/author\/arthur-guimaraes\/\" class=\"authorBox__avatar noMobi\"><img src=\"https:\/\/files.sunoresearch.com.br\/n\/uploads\/2020\/02\/dfb40897-eu-150x150.webp\" alt=\"Arthur Guimar\u00e3es\"><\/a><div class=\"authorBox__name\"><span>por\n\t\t\t<a href=\"https:\/\/www.suno.com.br\/noticias\/author\/arthur-guimaraes\/\"><span itemprop=\"author\">Arthur Guimar\u00e3es<\/span><\/a><\/span><time datetime=\"2020-06-23T19:57:55-03:00\" itemprop=\"datePublished\">23\/06\/2020 19:57<\/time><\/div><\/div><\/div><\/div><\/div>","single_layout":"posts","amp_enabled":true,"_links":{"self":[{"href":"https:\/\/www.suno.com.br\/noticias\/wp-json\/wp\/v2\/posts\/70127"}],"collection":[{"href":"https:\/\/www.suno.com.br\/noticias\/wp-json\/wp\/v2\/posts"}],"about":[{"href":"https:\/\/www.suno.com.br\/noticias\/wp-json\/wp\/v2\/types\/post"}],"author":[{"embeddable":true,"href":"https:\/\/www.suno.com.br\/noticias\/wp-json\/wp\/v2\/users\/35"}],"replies":[{"embeddable":true,"href":"https:\/\/www.suno.com.br\/noticias\/wp-json\/wp\/v2\/comments?post=70127"}],"version-history":[{"count":0,"href":"https:\/\/www.suno.com.br\/noticias\/wp-json\/wp\/v2\/posts\/70127\/revisions"}],"wp:featuredmedia":[{"embeddable":true,"href":"https:\/\/www.suno.com.br\/noticias\/wp-json\/wp\/v2\/media\/70152"}],"wp:attachment":[{"href":"https:\/\/www.suno.com.br\/noticias\/wp-json\/wp\/v2\/media?parent=70127"}],"wp:term":[{"taxonomy":"category","embeddable":true,"href":"https:\/\/www.suno.com.br\/noticias\/wp-json\/wp\/v2\/categories?post=70127"},{"taxonomy":"post_tag","embeddable":true,"href":"https:\/\/www.suno.com.br\/noticias\/wp-json\/wp\/v2\/tags?post=70127"},{"taxonomy":"suno_strategy","embeddable":true,"href":"https:\/\/www.suno.com.br\/noticias\/wp-json\/wp\/v2\/suno_strategy?post=70127"}],"curies":[{"name":"wp","href":"https:\/\/api.w.org\/{rel}","templated":true}]}}