{"id":70036,"date":"2020-06-23T11:05:51","date_gmt":"2020-06-23T14:05:51","guid":{"rendered":"https:\/\/www.suno.com.br\/noticias\/?p=70036"},"modified":"2020-06-23T11:39:16","modified_gmt":"2020-06-23T14:39:16","slug":"wirecard-ex-presidente-preso-fraude-contabil","status":"publish","type":"post","link":"https:\/\/www.suno.com.br\/noticias\/wirecard-ex-presidente-preso-fraude-contabil\/","title":{"rendered":"Wirecard: ex-presidente \u00e9 preso por fraude cont\u00e1bil"},"content":{"rendered":"<p>Markus Braun, ex-presidente da <strong>Wirecard<\/strong>, <a href=\"https:\/\/www.suno.com.br\/artigos\/fintechs\/\">fintech<\/a> de pagamentos alem\u00e3, foi preso em Munique na noite da \u00faltima segunda-feira (22). Nos \u00faltimos dias, foi reveleada uma fraude cont\u00e1bil, onde inexistiam cerca de US$ 2 bilh\u00f5es (aproximadamente R$ 10,34 bilh\u00f5es) que a fintech dizia ter em caixa.<\/p>\t<div class=\"wrapper-featured-image\">\n\t\t<figure class=\"spotlightImg\">\n\n\t\t\t<picture>\n\t\t\t\t<source media=\"(max-width: 768px)\" srcset=\"https:\/\/files.sunoresearch.com.br\/n\/uploads\/2020\/06\/857dc51d-braun-400x200.webp\">\n\t\t\t\t<img loading=\"lazy\" decoding=\"async\" class=\"newsContent__article__imgCapa lazyloadDisabled newsContent__article__imgCapa--noCaption\" src=\"https:\/\/files.sunoresearch.com.br\/n\/uploads\/2020\/06\/857dc51d-braun-800x450.webp\" width=\"800\" height=\"450\" alt=\"Wirecard: ex-presidente \u00e9 preso por fraude cont\u00e1bil\" fetchpriority=high \/>\n\t\t\t<\/picture>\n\n\t\t\t<figcaption class=\"wp-caption-text wp-caption-text--hide\">Wirecard: ex-presidente \u00e9 preso por fraude cont\u00e1bil<\/figcaption>\n\t\t<\/figure>\n\t<\/div>\n\n\n\n<p>Segundo informa\u00e7\u00f5es dos promotores alem\u00e3es, o ex-diretor executivo da Wirecard foi preso por apresentar informa\u00e7\u00f5es falsas. Braun foi o maior acionista da companhia e <a href=\"https:\/\/www.suno.com.br\/artigos\/ceo\/#:~:text=Essa%20sigla%20vem%20o%20termo,vis%C3%A3o%20futura%20de%20uma%20empresa.\">atuou como CEO<\/a> por quase 20 anos, at\u00e9 apresentar sua ren\u00fancia na \u00faltima sexta-feira (19).<\/p>\n<p>A divulga\u00e7\u00e3o da pris\u00e3o do executivo \u00e9 mais um baque \u00e0 <strong>fintech<\/strong>, que parece ter sido a v\u00edtima da maior <strong>fraude cont\u00e1bil<\/strong> da Europa em anos.<\/p>\n<p><a href=\"https:\/\/lp.suno.com.br\/suno-one\/\">Suno One: acesse gratuitamente eBooks, Minicursos, Artigos e Video Aulas sobre investimentos com um \u00fanico cadastro. Clique para saber mais!<\/a><\/p>\n<p>O caso tomou propor\u00e7\u00f5es relevantes ap\u00f3s dois bancos nas Filipinas negarem a exist\u00eancia de contas no valor de 1,9 bilh\u00e3o de euros em nome da companhia. As institui\u00e7\u00f5es financeiras ainda informaram nunca terem tido posse desses recursos.<\/p>\n<p>A sa\u00edda do executivo da empresa iniciou um movimento de queda acentuada dos pap\u00e9is da fintech. Nos \u00faltimos quatro dias, a empresa perdeu mais de 82% em <a href=\"https:\/\/www.suno.com.br\/artigos\/valor-de-mercado\/#:~:text=O%20Valor%20de%20Mercado%20%C3%A9,o%20patrim%C3%B4nio%20l%C3%ADquido%20da%20empresa.\">valor de mercado<\/a> &#8212; atualmente, suas a\u00e7\u00f5es s\u00e3o negociadas a 17,40 euros, enquanto at\u00e9 a \u00faltima quinta-feira (18) estavam cotadas a 100,48 euros.<\/p>\n<p>Dessa maneira, a Wirecard comunicou que a ren\u00fancia do maior acionista da companhia teve um efeito imediato quando o mesmo solicitou sua retirada. O membro do <a href=\"https:\/\/www.suno.com.br\/artigos\/conselho-administracao\/\">Conselho de Administra\u00e7\u00e3o<\/a>, James H. Freis, passou a atuar como diretor executivo interino.<\/p>\n<p>Braun, que se entregou \u00e0 pol\u00edcia, \u00e9 acusado de &#8220;inflar o volume de vendas da Wirecard com recursos falsos&#8221;, segundo o promotor alem\u00e3o. A investiga\u00e7\u00e3o se concentra no uso da fintech dos chamados adquirentes de terceiros, que supostamente processavam pagamentos em nome da empresa, apresentando uma falsa imagem de <a href=\"https:\/\/www.suno.com.br\/artigos\/geracao-de-caixa\/\">estabilidade financeira<\/a>.<\/p>\n<p>Segundo a pol\u00edcia de Munique, o executivo tamb\u00e9m estava sob suspeita de tornar a <strong>Wirecard<\/strong> mais atraente para investidores e clientes do que realmente era.<\/p>\n\n","protected":false},"excerpt":{"rendered":"<p>Markus Braun, ex-presidente da Wirecard, fintech de pagamentos alem\u00e3, foi preso em Munique na noite da \u00faltima segunda-feira (22). Nos \u00faltimos dias, foi reveleada uma fraude cont\u00e1bil, onde inexistiam cerca de US$ 2 bilh\u00f5es (aproximadamente R$ 10,34 bilh\u00f5es) que a fintech dizia ter em caixa. Wirecard: ex-presidente \u00e9 preso por fraude cont\u00e1bil Segundo informa\u00e7\u00f5es dos [&hellip;]<\/p>\n","protected":false},"author":24,"featured_media":70057,"comment_status":"closed","ping_status":"closed","sticky":false,"template":"","format":"standard","meta":[],"categories":[64],"tags":[55307],"suno_strategy":[],"class_list":["post-70036","post","type-post","status-publish","format-standard","has-post-thumbnail","hentry","category-negocios","tag-wirecard"],"yoast_head":"<!-- This site is optimized with the Yoast SEO plugin v24.4 - https:\/\/yoast.com\/wordpress\/plugins\/seo\/ -->\n<title>Wirecard: ex-presidente \u00e9 preso por fraude cont\u00e1bil<\/title>\n<meta name=\"description\" content=\"O ex-presidente da Wirecard, fintech de pagamentos alem\u00e3, foi preso em Munique na noite da \u00faltima segunda-feira. Saiba mais.\" \/>\n<meta name=\"robots\" content=\"index, follow, max-snippet:-1, max-image-preview:large, max-video-preview:-1\" \/>\n<link rel=\"canonical\" href=\"https:\/\/www.suno.com.br\/noticias\/wirecard-ex-presidente-preso-fraude-contabil\/\" \/>\n<meta property=\"og:locale\" content=\"pt_BR\" \/>\n<meta property=\"og:type\" content=\"article\" \/>\n<meta property=\"og:title\" content=\"Wirecard: ex-presidente \u00e9 preso por fraude cont\u00e1bil\" \/>\n<meta property=\"og:description\" content=\"O ex-presidente da Wirecard, fintech de pagamentos alem\u00e3, foi preso em Munique na noite da \u00faltima segunda-feira. Saiba mais.\" \/>\n<meta property=\"og:url\" content=\"https:\/\/www.suno.com.br\/noticias\/wirecard-ex-presidente-preso-fraude-contabil\/\" \/>\n<meta property=\"og:site_name\" content=\"Suno Not\u00edcias\" \/>\n<meta property=\"article:publisher\" content=\"https:\/\/facebook.com\/sunoresearch\" \/>\n<meta property=\"og:image\" content=\"https:\/\/files.sunoresearch.com.br\/n\/uploads\/2020\/06\/857dc51d-braun.jpg\" \/>\n\t<meta property=\"og:image:width\" content=\"1280\" \/>\n\t<meta property=\"og:image:height\" content=\"844\" \/>\n\t<meta property=\"og:image:type\" content=\"image\/jpeg\" \/>\n<meta name=\"author\" content=\"Jader Lazarini\" \/>\n<meta name=\"twitter:card\" content=\"summary_large_image\" \/>\n<meta name=\"twitter:creator\" content=\"@sunoresearch\" \/>\n<meta name=\"twitter:site\" content=\"@sunoresearch\" \/>\n<meta name=\"twitter:label1\" content=\"Escrito por\" \/>\n\t<meta name=\"twitter:data1\" content=\"Jader Lazarini\" \/>\n\t<meta name=\"twitter:label2\" content=\"Est. tempo de leitura\" \/>\n\t<meta name=\"twitter:data2\" content=\"2 minutos\" \/>\n<script type=\"application\/ld+json\" class=\"yoast-schema-graph\">{\"@context\":\"https:\/\/schema.org\",\"@graph\":[{\"@type\":\"NewsArticle\",\"@id\":\"https:\/\/www.suno.com.br\/noticias\/wirecard-ex-presidente-preso-fraude-contabil\/#article\",\"isPartOf\":{\"@id\":\"https:\/\/www.suno.com.br\/noticias\/wirecard-ex-presidente-preso-fraude-contabil\/\"},\"author\":{\"name\":\"Jader Lazarini\",\"@id\":\"https:\/\/www.suno.com.br\/noticias\/#\/schema\/person\/918d79de1f0281f01599b93f9ea6e23f\"},\"headline\":\"Wirecard: ex-presidente \u00e9 preso por fraude cont\u00e1bil\",\"datePublished\":\"2020-06-23T14:05:51+00:00\",\"dateModified\":\"2020-06-23T14:39:16+00:00\",\"mainEntityOfPage\":{\"@id\":\"https:\/\/www.suno.com.br\/noticias\/wirecard-ex-presidente-preso-fraude-contabil\/\"},\"wordCount\":360,\"publisher\":{\"@id\":\"https:\/\/www.suno.com.br\/noticias\/#organization\"},\"image\":{\"@id\":\"https:\/\/www.suno.com.br\/noticias\/wirecard-ex-presidente-preso-fraude-contabil\/#primaryimage\"},\"thumbnailUrl\":\"https:\/\/files.sunoresearch.com.br\/n\/uploads\/2020\/06\/857dc51d-braun-jpg.webp\",\"keywords\":[\"Wirecard\"],\"articleSection\":[\"Neg\u00f3cios\"],\"inLanguage\":\"pt-BR\"},{\"@type\":\"WebPage\",\"@id\":\"https:\/\/www.suno.com.br\/noticias\/wirecard-ex-presidente-preso-fraude-contabil\/\",\"url\":\"https:\/\/www.suno.com.br\/noticias\/wirecard-ex-presidente-preso-fraude-contabil\/\",\"name\":\"Wirecard: ex-presidente \u00e9 preso por fraude cont\u00e1bil\",\"isPartOf\":{\"@id\":\"https:\/\/www.suno.com.br\/noticias\/#website\"},\"primaryImageOfPage\":{\"@id\":\"https:\/\/www.suno.com.br\/noticias\/wirecard-ex-presidente-preso-fraude-contabil\/#primaryimage\"},\"image\":{\"@id\":\"https:\/\/www.suno.com.br\/noticias\/wirecard-ex-presidente-preso-fraude-contabil\/#primaryimage\"},\"thumbnailUrl\":\"https:\/\/files.sunoresearch.com.br\/n\/uploads\/2020\/06\/857dc51d-braun-jpg.webp\",\"datePublished\":\"2020-06-23T14:05:51+00:00\",\"dateModified\":\"2020-06-23T14:39:16+00:00\",\"description\":\"O ex-presidente da Wirecard, fintech de pagamentos alem\u00e3, foi preso em Munique na noite da \u00faltima segunda-feira. Saiba mais.\",\"breadcrumb\":{\"@id\":\"https:\/\/www.suno.com.br\/noticias\/wirecard-ex-presidente-preso-fraude-contabil\/#breadcrumb\"},\"inLanguage\":\"pt-BR\",\"potentialAction\":[{\"@type\":\"ReadAction\",\"target\":[\"https:\/\/www.suno.com.br\/noticias\/wirecard-ex-presidente-preso-fraude-contabil\/\"]}]},{\"@type\":\"ImageObject\",\"inLanguage\":\"pt-BR\",\"@id\":\"https:\/\/www.suno.com.br\/noticias\/wirecard-ex-presidente-preso-fraude-contabil\/#primaryimage\",\"url\":\"https:\/\/files.sunoresearch.com.br\/n\/uploads\/2020\/06\/857dc51d-braun-jpg.webp\",\"contentUrl\":\"https:\/\/files.sunoresearch.com.br\/n\/uploads\/2020\/06\/857dc51d-braun-jpg.webp\",\"width\":1280,\"height\":844,\"caption\":\"Wirecard: ex-presidente \u00e9 preso por fraude cont\u00e1bil\"},{\"@type\":\"BreadcrumbList\",\"@id\":\"https:\/\/www.suno.com.br\/noticias\/wirecard-ex-presidente-preso-fraude-contabil\/#breadcrumb\",\"itemListElement\":[{\"@type\":\"ListItem\",\"position\":1,\"name\":\"Not\u00edcias\",\"item\":\"https:\/\/www.suno.com.br\/noticias\/\"},{\"@type\":\"ListItem\",\"position\":2,\"name\":\"Neg\u00f3cios\",\"item\":\"https:\/\/www.suno.com.br\/noticias\/negocios\/\"},{\"@type\":\"ListItem\",\"position\":3,\"name\":\"Wirecard: ex-presidente \u00e9 preso por fraude cont\u00e1bil\"}]},{\"@type\":\"WebSite\",\"@id\":\"https:\/\/www.suno.com.br\/noticias\/#website\",\"url\":\"https:\/\/www.suno.com.br\/noticias\/\",\"name\":\"Suno Not\u00edcias\",\"description\":\"Seu portal de informa\u00e7\u00e3o sobre o mundo dos investimentos\",\"publisher\":{\"@id\":\"https:\/\/www.suno.com.br\/noticias\/#organization\"},\"potentialAction\":[{\"@type\":\"SearchAction\",\"target\":{\"@type\":\"EntryPoint\",\"urlTemplate\":\"https:\/\/www.suno.com.br\/noticias\/?s={search_term_string}\"},\"query-input\":{\"@type\":\"PropertyValueSpecification\",\"valueRequired\":true,\"valueName\":\"search_term_string\"}}],\"inLanguage\":\"pt-BR\"},{\"@type\":\"Organization\",\"@id\":\"https:\/\/www.suno.com.br\/noticias\/#organization\",\"name\":\"Suno Not\u00edcias\",\"url\":\"https:\/\/www.suno.com.br\/noticias\/\",\"logo\":{\"@type\":\"ImageObject\",\"inLanguage\":\"pt-BR\",\"@id\":\"https:\/\/www.suno.com.br\/noticias\/#\/schema\/logo\/image\/\",\"url\":\"https:\/\/files.sunoresearch.com.br\/n\/uploads\/2021\/09\/suno-logo.png\",\"contentUrl\":\"https:\/\/files.sunoresearch.com.br\/n\/uploads\/2021\/09\/suno-logo.png\",\"width\":180,\"height\":180,\"caption\":\"Suno Not\u00edcias\"},\"image\":{\"@id\":\"https:\/\/www.suno.com.br\/noticias\/#\/schema\/logo\/image\/\"},\"sameAs\":[\"https:\/\/facebook.com\/sunoresearch\",\"https:\/\/x.com\/sunoresearch\",\"https:\/\/www.instagram.com\/suno\",\"https:\/\/www.linkedin.com\/company\/suno-research\/\",\"https:\/\/www.youtube.com\/c\/sunoresearch\"]},{\"@type\":\"Person\",\"@id\":\"https:\/\/www.suno.com.br\/noticias\/#\/schema\/person\/918d79de1f0281f01599b93f9ea6e23f\",\"name\":\"Jader Lazarini\",\"image\":{\"@type\":\"ImageObject\",\"inLanguage\":\"pt-BR\",\"@id\":\"https:\/\/www.suno.com.br\/noticias\/#\/schema\/person\/image\/\",\"url\":\"https:\/\/secure.gravatar.com\/avatar\/3c1ad8caa51589841baeb923fcddea97?s=96&r=g\",\"contentUrl\":\"https:\/\/secure.gravatar.com\/avatar\/3c1ad8caa51589841baeb923fcddea97?s=96&r=g\",\"caption\":\"Jader Lazarini\"},\"description\":\"Jader Lazarini escreve sobre investimentos, finan\u00e7as, economia e neg\u00f3cios. \u00c9 bacharel em Rela\u00e7\u00f5es Internacionais e analista CNPI (2619).\",\"url\":\"https:\/\/www.suno.com.br\/noticias\/author\/jader-lazarini\/\"}]}<\/script>\n<!-- \/ Yoast SEO plugin. -->","yoast_head_json":{"title":"Wirecard: ex-presidente \u00e9 preso por fraude cont\u00e1bil","description":"O ex-presidente da Wirecard, fintech de pagamentos alem\u00e3, foi preso em Munique na noite da \u00faltima segunda-feira. Saiba mais.","robots":{"index":"index","follow":"follow","max-snippet":"max-snippet:-1","max-image-preview":"max-image-preview:large","max-video-preview":"max-video-preview:-1"},"canonical":"https:\/\/www.suno.com.br\/noticias\/wirecard-ex-presidente-preso-fraude-contabil\/","og_locale":"pt_BR","og_type":"article","og_title":"Wirecard: ex-presidente \u00e9 preso por fraude cont\u00e1bil","og_description":"O ex-presidente da Wirecard, fintech de pagamentos alem\u00e3, foi preso em Munique na noite da \u00faltima segunda-feira. Saiba mais.","og_url":"https:\/\/www.suno.com.br\/noticias\/wirecard-ex-presidente-preso-fraude-contabil\/","og_site_name":"Suno Not\u00edcias","article_publisher":"https:\/\/facebook.com\/sunoresearch","og_image":[{"width":1280,"height":844,"url":"https:\/\/files.sunoresearch.com.br\/n\/uploads\/2020\/06\/857dc51d-braun.jpg","type":"image\/jpeg"}],"author":"Jader Lazarini","twitter_card":"summary_large_image","twitter_creator":"@sunoresearch","twitter_site":"@sunoresearch","twitter_misc":{"Escrito por":"Jader Lazarini","Est. tempo de leitura":"2 minutos"},"schema":{"@context":"https:\/\/schema.org","@graph":[{"@type":"NewsArticle","@id":"https:\/\/www.suno.com.br\/noticias\/wirecard-ex-presidente-preso-fraude-contabil\/#article","isPartOf":{"@id":"https:\/\/www.suno.com.br\/noticias\/wirecard-ex-presidente-preso-fraude-contabil\/"},"author":{"name":"Jader Lazarini","@id":"https:\/\/www.suno.com.br\/noticias\/#\/schema\/person\/918d79de1f0281f01599b93f9ea6e23f"},"headline":"Wirecard: ex-presidente \u00e9 preso por fraude cont\u00e1bil","datePublished":"2020-06-23T14:05:51+00:00","dateModified":"2020-06-23T14:39:16+00:00","mainEntityOfPage":{"@id":"https:\/\/www.suno.com.br\/noticias\/wirecard-ex-presidente-preso-fraude-contabil\/"},"wordCount":360,"publisher":{"@id":"https:\/\/www.suno.com.br\/noticias\/#organization"},"image":{"@id":"https:\/\/www.suno.com.br\/noticias\/wirecard-ex-presidente-preso-fraude-contabil\/#primaryimage"},"thumbnailUrl":"https:\/\/files.sunoresearch.com.br\/n\/uploads\/2020\/06\/857dc51d-braun-jpg.webp","keywords":["Wirecard"],"articleSection":["Neg\u00f3cios"],"inLanguage":"pt-BR"},{"@type":"WebPage","@id":"https:\/\/www.suno.com.br\/noticias\/wirecard-ex-presidente-preso-fraude-contabil\/","url":"https:\/\/www.suno.com.br\/noticias\/wirecard-ex-presidente-preso-fraude-contabil\/","name":"Wirecard: ex-presidente \u00e9 preso por fraude cont\u00e1bil","isPartOf":{"@id":"https:\/\/www.suno.com.br\/noticias\/#website"},"primaryImageOfPage":{"@id":"https:\/\/www.suno.com.br\/noticias\/wirecard-ex-presidente-preso-fraude-contabil\/#primaryimage"},"image":{"@id":"https:\/\/www.suno.com.br\/noticias\/wirecard-ex-presidente-preso-fraude-contabil\/#primaryimage"},"thumbnailUrl":"https:\/\/files.sunoresearch.com.br\/n\/uploads\/2020\/06\/857dc51d-braun-jpg.webp","datePublished":"2020-06-23T14:05:51+00:00","dateModified":"2020-06-23T14:39:16+00:00","description":"O ex-presidente da Wirecard, fintech de pagamentos alem\u00e3, foi preso em Munique na noite da \u00faltima segunda-feira. Saiba mais.","breadcrumb":{"@id":"https:\/\/www.suno.com.br\/noticias\/wirecard-ex-presidente-preso-fraude-contabil\/#breadcrumb"},"inLanguage":"pt-BR","potentialAction":[{"@type":"ReadAction","target":["https:\/\/www.suno.com.br\/noticias\/wirecard-ex-presidente-preso-fraude-contabil\/"]}]},{"@type":"ImageObject","inLanguage":"pt-BR","@id":"https:\/\/www.suno.com.br\/noticias\/wirecard-ex-presidente-preso-fraude-contabil\/#primaryimage","url":"https:\/\/files.sunoresearch.com.br\/n\/uploads\/2020\/06\/857dc51d-braun-jpg.webp","contentUrl":"https:\/\/files.sunoresearch.com.br\/n\/uploads\/2020\/06\/857dc51d-braun-jpg.webp","width":1280,"height":844,"caption":"Wirecard: ex-presidente \u00e9 preso por fraude cont\u00e1bil"},{"@type":"BreadcrumbList","@id":"https:\/\/www.suno.com.br\/noticias\/wirecard-ex-presidente-preso-fraude-contabil\/#breadcrumb","itemListElement":[{"@type":"ListItem","position":1,"name":"Not\u00edcias","item":"https:\/\/www.suno.com.br\/noticias\/"},{"@type":"ListItem","position":2,"name":"Neg\u00f3cios","item":"https:\/\/www.suno.com.br\/noticias\/negocios\/"},{"@type":"ListItem","position":3,"name":"Wirecard: ex-presidente \u00e9 preso por fraude cont\u00e1bil"}]},{"@type":"WebSite","@id":"https:\/\/www.suno.com.br\/noticias\/#website","url":"https:\/\/www.suno.com.br\/noticias\/","name":"Suno Not\u00edcias","description":"Seu portal de informa\u00e7\u00e3o sobre o mundo dos investimentos","publisher":{"@id":"https:\/\/www.suno.com.br\/noticias\/#organization"},"potentialAction":[{"@type":"SearchAction","target":{"@type":"EntryPoint","urlTemplate":"https:\/\/www.suno.com.br\/noticias\/?s={search_term_string}"},"query-input":{"@type":"PropertyValueSpecification","valueRequired":true,"valueName":"search_term_string"}}],"inLanguage":"pt-BR"},{"@type":"Organization","@id":"https:\/\/www.suno.com.br\/noticias\/#organization","name":"Suno Not\u00edcias","url":"https:\/\/www.suno.com.br\/noticias\/","logo":{"@type":"ImageObject","inLanguage":"pt-BR","@id":"https:\/\/www.suno.com.br\/noticias\/#\/schema\/logo\/image\/","url":"https:\/\/files.sunoresearch.com.br\/n\/uploads\/2021\/09\/suno-logo.png","contentUrl":"https:\/\/files.sunoresearch.com.br\/n\/uploads\/2021\/09\/suno-logo.png","width":180,"height":180,"caption":"Suno Not\u00edcias"},"image":{"@id":"https:\/\/www.suno.com.br\/noticias\/#\/schema\/logo\/image\/"},"sameAs":["https:\/\/facebook.com\/sunoresearch","https:\/\/x.com\/sunoresearch","https:\/\/www.instagram.com\/suno","https:\/\/www.linkedin.com\/company\/suno-research\/","https:\/\/www.youtube.com\/c\/sunoresearch"]},{"@type":"Person","@id":"https:\/\/www.suno.com.br\/noticias\/#\/schema\/person\/918d79de1f0281f01599b93f9ea6e23f","name":"Jader Lazarini","image":{"@type":"ImageObject","inLanguage":"pt-BR","@id":"https:\/\/www.suno.com.br\/noticias\/#\/schema\/person\/image\/","url":"https:\/\/secure.gravatar.com\/avatar\/3c1ad8caa51589841baeb923fcddea97?s=96&r=g","contentUrl":"https:\/\/secure.gravatar.com\/avatar\/3c1ad8caa51589841baeb923fcddea97?s=96&r=g","caption":"Jader Lazarini"},"description":"Jader Lazarini escreve sobre investimentos, finan\u00e7as, economia e neg\u00f3cios. \u00c9 bacharel em Rela\u00e7\u00f5es Internacionais e analista CNPI (2619).","url":"https:\/\/www.suno.com.br\/noticias\/author\/jader-lazarini\/"}]}},"default_loop_html":"<div class=\"cardsPage__listCard__boxs\"><div class=\"cardsPage__listCard__boxs__img\"><a href=\"https:\/\/www.suno.com.br\/noticias\/wirecard-ex-presidente-preso-fraude-contabil\/\"><img class=\"mask\" src=\"https:\/\/www.suno.com.br\/noticias\/wp-content\/themes\/suno\/resources\/images\/spotlight\/spotlight1img\/bg-mask.png\" alt=\"Image Mask\"\/><img src=\"https:\/\/files.sunoresearch.com.br\/n\/uploads\/2020\/06\/857dc51d-braun-400x200.webp\" alt=\"Wirecard: ex-presidente \u00e9 preso por fraude cont\u00e1bil\"\/><\/a><span class=\"spotlightCategory\"><a href=\"https:\/\/www.suno.com.br\/noticias\/negocios\/\">Neg\u00f3cios<\/a><\/span><\/div><div class=\"cardsPage__listCard__boxs__content\"><a href=\"https:\/\/www.suno.com.br\/noticias\/wirecard-ex-presidente-preso-fraude-contabil\/\"><h2 class=\"content__title\">Wirecard: ex-presidente \u00e9 preso por fraude cont\u00e1bil<\/h2><\/a><div class=\"newsContent__article__meta\"><div class=\"newsContent__article__meta__authorBox\"><a href=\"https:\/\/www.suno.com.br\/noticias\/author\/jader-lazarini\/\" class=\"authorBox__avatar noMobi\"><img src=\"https:\/\/files.sunoresearch.com.br\/n\/uploads\/2021\/01\/178e6598-foto-perfil-2-150x150.jpg\" alt=\"Jader Lazarini\"><\/a><div class=\"authorBox__name\"><span>por\n\t\t\t<a href=\"https:\/\/www.suno.com.br\/noticias\/author\/jader-lazarini\/\"><span itemprop=\"author\">Jader Lazarini<\/span><\/a><\/span><time datetime=\"2020-06-23T11:05:51-03:00\" itemprop=\"datePublished\">23\/06\/2020 11:05<\/time><\/div><\/div><\/div><\/div><\/div>","single_layout":"posts","amp_enabled":true,"_links":{"self":[{"href":"https:\/\/www.suno.com.br\/noticias\/wp-json\/wp\/v2\/posts\/70036"}],"collection":[{"href":"https:\/\/www.suno.com.br\/noticias\/wp-json\/wp\/v2\/posts"}],"about":[{"href":"https:\/\/www.suno.com.br\/noticias\/wp-json\/wp\/v2\/types\/post"}],"author":[{"embeddable":true,"href":"https:\/\/www.suno.com.br\/noticias\/wp-json\/wp\/v2\/users\/24"}],"replies":[{"embeddable":true,"href":"https:\/\/www.suno.com.br\/noticias\/wp-json\/wp\/v2\/comments?post=70036"}],"version-history":[{"count":0,"href":"https:\/\/www.suno.com.br\/noticias\/wp-json\/wp\/v2\/posts\/70036\/revisions"}],"wp:featuredmedia":[{"embeddable":true,"href":"https:\/\/www.suno.com.br\/noticias\/wp-json\/wp\/v2\/media\/70057"}],"wp:attachment":[{"href":"https:\/\/www.suno.com.br\/noticias\/wp-json\/wp\/v2\/media?parent=70036"}],"wp:term":[{"taxonomy":"category","embeddable":true,"href":"https:\/\/www.suno.com.br\/noticias\/wp-json\/wp\/v2\/categories?post=70036"},{"taxonomy":"post_tag","embeddable":true,"href":"https:\/\/www.suno.com.br\/noticias\/wp-json\/wp\/v2\/tags?post=70036"},{"taxonomy":"suno_strategy","embeddable":true,"href":"https:\/\/www.suno.com.br\/noticias\/wp-json\/wp\/v2\/suno_strategy?post=70036"}],"curies":[{"name":"wp","href":"https:\/\/api.w.org\/{rel}","templated":true}]}}