{"id":69978,"date":"2020-06-22T20:24:55","date_gmt":"2020-06-22T23:24:55","guid":{"rendered":"https:\/\/www.suno.com.br\/noticias\/?p=69978"},"modified":"2021-02-17T22:41:14","modified_gmt":"2021-02-18T01:41:14","slug":"senado-votara-novo-marco-do-saneamento","status":"publish","type":"post","link":"https:\/\/www.suno.com.br\/noticias\/senado-votara-novo-marco-do-saneamento\/","title":{"rendered":"Senado votar\u00e1 nessa quarta-feira novo marco do saneamento"},"content":{"rendered":"<p>O senador Tasso Jereissati (PSDB-CE) informou durante uma confer\u00eancia virtual organizada pelo <a href=\"https:\/\/www.suno.com.br\/noticias\/tags\/bndes\/\">Banco Nacional de Desenvolvimento Econ\u00f4mico e Social (BNDES)<\/a>, nessa segunda-feira (22) ap\u00f3s uma reuni\u00e3o com l\u00edderes do <a href=\"https:\/\/www.suno.com.br\/noticias\/tags\/senado-federal\/\">Senado<\/a>, que a vota\u00e7\u00e3o referente ao novo <strong>marco do saneamento b\u00e1sico<\/strong> deve acontecer na pr\u00f3xima quarta-feira (24) e indicou que a possibilidade do projeto ser aprovado &#8220;\u00e9 muito grande&#8221;.<\/p>\t<div class=\"wrapper-featured-image\">\n\t\t<figure class=\"spotlightImg\">\n\n\t\t\t<picture>\n\t\t\t\t<source media=\"(max-width: 768px)\" srcset=\"https:\/\/files.sunoresearch.com.br\/n\/uploads\/2020\/03\/dba4938a-senado-400x200.webp\">\n\t\t\t\t<img loading=\"lazy\" decoding=\"async\" class=\"newsContent__article__imgCapa lazyloadDisabled newsContent__article__imgCapa--noCaption\" src=\"https:\/\/files.sunoresearch.com.br\/n\/uploads\/2020\/03\/dba4938a-senado-800x450.webp\" width=\"800\" height=\"450\" alt=\"Senado votar\u00e1 nessa quarta-feira novo marco do saneamento\" fetchpriority=high \/>\n\t\t\t<\/picture>\n\n\t\t\t<figcaption class=\"wp-caption-text wp-caption-text--hide\">Senado Federal<\/figcaption>\n\t\t<\/figure>\n\t<\/div>\n\n\n\n<p>Segundo afirmou o senador durante a confer\u00eancia, exite um empenho para que o projeto do novo marco do saneamento n\u00e3o volte para a <a href=\"https:\/\/www.suno.com.br\/noticias\/tags\/camara-dos-deputados\/\"><strong>C\u00e2mara<\/strong> dos Deputados<\/a> e seja aprovado como est\u00e1. <strong>Jereissati<\/strong> destacou que o prop\u00f3sito \u00e9 fechar um acordo com o governo para vetar &#8220;dois ou tr\u00eas&#8221; pontos do projeto.<\/p>\n<p>&#8220;Ficou pautado para quarta-feira a vota\u00e7\u00e3o do marco do saneamento. N\u00e3o dou como 100% certo porque existe diminutos pontos de resist\u00eancia&#8221;, declarou o senador.<\/p>\n<p><a href=\"https:\/\/lp.suno.com.br\/suno-one\/\">No Suno One voc\u00ea aprende a fazer seu dinheiro para trabalhar para voc\u00ea. Cadastre-se gratuitamente agora!<\/a><\/p>\n<p>Al\u00e9m disso, Jereissati disse que &#8220;esses pontos se congregam em torno do esp\u00edrito corporativista ligado \u00e0 inseguran\u00e7a das empresas estaduais\u2026 Ainda tem algum risco que algum destaque possa ser votado na quarta, mas nosso empenho \u00e9 que n\u00e3o volte para C\u00e2mara e que seja aprovado como est\u00e1&#8221;.<\/p>\n<p>Jereissati projeta que o programa deve trazer investimentos tanto internacionais quanto nacionais j\u00e1 nos pr\u00f3ximos anos, para o saneamento, entre outro meios, sendo na forma de:<\/p>\n<ul>\n<li>Privatiza\u00e7\u00e3o;<\/li>\n<li>Concess\u00e3o;<\/li>\n<li>Parceria p\u00fablico-privado.<\/li>\n<\/ul>\n<p>J\u00e1 a secret\u00e1ria especial do Programa de Parcerias de Investimentos (PPI), <strong>Martha Seiller<\/strong>, indicou que o <strong>Brasil<\/strong> necessita de R$ 600 bilh\u00f5es em investimentos para que o acesso a \u00e1gua encanada e saneamento b\u00e1sico seja generalizado. Destacou ainda que apenas 6% do mercado brasileiro de saneamento \u00e9 exercido por investimentos privados.<\/p>\n<p>Comentando sobre os investimentos necess\u00e1rios, a secret\u00e1ria afirmou que &#8220;isso n\u00e3o vai sair dos munic\u00edpios ou dos estados. A solu\u00e7\u00e3o de universaliza\u00e7\u00e3o passa pelo parceiro privado&#8221;.<\/p>\n<h2>Marco do saneamento \u00e9 prioridade no momento, diz Bolsonaro<\/h2>\n<p>Durante uma entrevista nessa segunda-feira ao canal &#8216;Bandeirantes&#8217;, o presidente da Rep\u00fablica, Jair <strong>Bolsonaro<\/strong> informou que &#8220;a quest\u00e3o do saneamento \u00e9 o mais importante no momento&#8221;.<\/p>\n<p><a href=\"https:\/\/www.suno.com.br\/noticias\/sabesp-marco-legal-saneamento-acoes\/\">Veja tamb\u00e9m: Sabesp sobe 10% com aprova\u00e7\u00e3o do novo marco legal do saneamento<\/a><\/p>\n<p>&#8220;Temos quase 100 milh\u00f5es de pessoas que n\u00e3o t\u00eam \u00e1gua encanada e n\u00e3o t\u00eam esgoto. Logicamente n\u00e3o vai ser de uma hora para outra, mas j\u00e1 come\u00e7amos a diminuir essa necessidade, n\u00e9. Ao conseguir melhorar essas quest\u00f5es, tem 1 al\u00edvio no tocante \u00e0 sa\u00fade, porque muitas pessoas se acometem das mais variadas doen\u00e7as por causa disso. Da\u00ed pressiona o sistema de sa\u00fade nosso&#8221;, comentou o mandat\u00e1rio sobre o <strong>marco do saneamento<\/strong>.<\/p>\n\n","protected":false},"excerpt":{"rendered":"<p>O senador Tasso Jereissati (PSDB-CE) informou durante uma confer\u00eancia virtual organizada pelo Banco Nacional de Desenvolvimento Econ\u00f4mico e Social (BNDES), nessa segunda-feira (22) ap\u00f3s uma reuni\u00e3o com l\u00edderes do Senado, que a vota\u00e7\u00e3o referente ao novo marco do saneamento b\u00e1sico deve acontecer na pr\u00f3xima quarta-feira (24) e indicou que a possibilidade do projeto ser aprovado [&hellip;]<\/p>\n","protected":false},"author":39,"featured_media":56113,"comment_status":"closed","ping_status":"closed","sticky":false,"template":"","format":"standard","meta":[],"categories":[61],"tags":[719,57257,1068],"suno_strategy":[],"class_list":["post-69978","post","type-post","status-publish","format-standard","has-post-thumbnail","hentry","category-politica","tag-jair-bolsonaro","tag-marco-do-saneamento","tag-senado-federal"],"yoast_head":"<!-- This site is optimized with the Yoast SEO plugin v24.4 - https:\/\/yoast.com\/wordpress\/plugins\/seo\/ -->\n<title>Senado votar\u00e1 nessa quarta-feira novo marco do saneamento<\/title>\n<meta name=\"description\" content=\"O senador Jereissati informou que a vota\u00e7\u00e3o do novo marco do saneamento deve acontecer na pr\u00f3xima quarta. Clique aqui para saber mais.\" \/>\n<meta name=\"robots\" content=\"index, follow, max-snippet:-1, max-image-preview:large, max-video-preview:-1\" \/>\n<link rel=\"canonical\" href=\"https:\/\/www.suno.com.br\/noticias\/senado-votara-novo-marco-do-saneamento\/\" \/>\n<meta property=\"og:locale\" content=\"pt_BR\" \/>\n<meta property=\"og:type\" content=\"article\" \/>\n<meta property=\"og:title\" content=\"Senado votar\u00e1 nessa quarta-feira novo marco do saneamento\" \/>\n<meta property=\"og:description\" content=\"O senador Jereissati informou que a vota\u00e7\u00e3o do novo marco do saneamento deve acontecer na pr\u00f3xima quarta. Clique aqui para saber mais.\" \/>\n<meta property=\"og:url\" content=\"https:\/\/www.suno.com.br\/noticias\/senado-votara-novo-marco-do-saneamento\/\" \/>\n<meta property=\"og:site_name\" content=\"Suno Not\u00edcias\" \/>\n<meta property=\"article:publisher\" content=\"https:\/\/facebook.com\/sunoresearch\" \/>\n<meta property=\"og:image\" content=\"https:\/\/files.sunoresearch.com.br\/n\/uploads\/2020\/03\/dba4938a-senado.jpg\" \/>\n\t<meta property=\"og:image:width\" content=\"1024\" \/>\n\t<meta property=\"og:image:height\" content=\"682\" \/>\n\t<meta property=\"og:image:type\" content=\"image\/jpeg\" \/>\n<meta name=\"author\" content=\"Laura Moutinho\" \/>\n<meta name=\"twitter:card\" content=\"summary_large_image\" \/>\n<meta name=\"twitter:creator\" content=\"@sunoresearch\" \/>\n<meta name=\"twitter:site\" content=\"@sunoresearch\" \/>\n<meta name=\"twitter:label1\" content=\"Escrito por\" \/>\n\t<meta name=\"twitter:data1\" content=\"Laura Moutinho\" \/>\n\t<meta name=\"twitter:label2\" content=\"Est. tempo de leitura\" \/>\n\t<meta name=\"twitter:data2\" content=\"2 minutos\" \/>\n<script type=\"application\/ld+json\" class=\"yoast-schema-graph\">{\"@context\":\"https:\/\/schema.org\",\"@graph\":[{\"@type\":\"NewsArticle\",\"@id\":\"https:\/\/www.suno.com.br\/noticias\/senado-votara-novo-marco-do-saneamento\/#article\",\"isPartOf\":{\"@id\":\"https:\/\/www.suno.com.br\/noticias\/senado-votara-novo-marco-do-saneamento\/\"},\"author\":{\"name\":\"Laura Moutinho\",\"@id\":\"https:\/\/www.suno.com.br\/noticias\/#\/schema\/person\/3df0d2808748b74496efe5dbeaef2c72\"},\"headline\":\"Senado votar\u00e1 nessa quarta-feira novo marco do saneamento\",\"datePublished\":\"2020-06-22T23:24:55+00:00\",\"dateModified\":\"2021-02-18T01:41:14+00:00\",\"mainEntityOfPage\":{\"@id\":\"https:\/\/www.suno.com.br\/noticias\/senado-votara-novo-marco-do-saneamento\/\"},\"wordCount\":473,\"publisher\":{\"@id\":\"https:\/\/www.suno.com.br\/noticias\/#organization\"},\"image\":{\"@id\":\"https:\/\/www.suno.com.br\/noticias\/senado-votara-novo-marco-do-saneamento\/#primaryimage\"},\"thumbnailUrl\":\"https:\/\/files.sunoresearch.com.br\/n\/uploads\/2020\/03\/dba4938a-senado-jpg.webp\",\"keywords\":[\"Jair Bolsonaro\",\"marco do saneamento\",\"Senado Federal\"],\"articleSection\":[\"Pol\u00edtica\"],\"inLanguage\":\"pt-BR\"},{\"@type\":\"WebPage\",\"@id\":\"https:\/\/www.suno.com.br\/noticias\/senado-votara-novo-marco-do-saneamento\/\",\"url\":\"https:\/\/www.suno.com.br\/noticias\/senado-votara-novo-marco-do-saneamento\/\",\"name\":\"Senado votar\u00e1 nessa quarta-feira novo marco do saneamento\",\"isPartOf\":{\"@id\":\"https:\/\/www.suno.com.br\/noticias\/#website\"},\"primaryImageOfPage\":{\"@id\":\"https:\/\/www.suno.com.br\/noticias\/senado-votara-novo-marco-do-saneamento\/#primaryimage\"},\"image\":{\"@id\":\"https:\/\/www.suno.com.br\/noticias\/senado-votara-novo-marco-do-saneamento\/#primaryimage\"},\"thumbnailUrl\":\"https:\/\/files.sunoresearch.com.br\/n\/uploads\/2020\/03\/dba4938a-senado-jpg.webp\",\"datePublished\":\"2020-06-22T23:24:55+00:00\",\"dateModified\":\"2021-02-18T01:41:14+00:00\",\"description\":\"O senador Jereissati informou que a vota\u00e7\u00e3o do novo marco do saneamento deve acontecer na pr\u00f3xima quarta. Clique aqui para saber mais.\",\"breadcrumb\":{\"@id\":\"https:\/\/www.suno.com.br\/noticias\/senado-votara-novo-marco-do-saneamento\/#breadcrumb\"},\"inLanguage\":\"pt-BR\",\"potentialAction\":[{\"@type\":\"ReadAction\",\"target\":[\"https:\/\/www.suno.com.br\/noticias\/senado-votara-novo-marco-do-saneamento\/\"]}]},{\"@type\":\"ImageObject\",\"inLanguage\":\"pt-BR\",\"@id\":\"https:\/\/www.suno.com.br\/noticias\/senado-votara-novo-marco-do-saneamento\/#primaryimage\",\"url\":\"https:\/\/files.sunoresearch.com.br\/n\/uploads\/2020\/03\/dba4938a-senado-jpg.webp\",\"contentUrl\":\"https:\/\/files.sunoresearch.com.br\/n\/uploads\/2020\/03\/dba4938a-senado-jpg.webp\",\"width\":1024,\"height\":682,\"caption\":\"Senado Federal\"},{\"@type\":\"BreadcrumbList\",\"@id\":\"https:\/\/www.suno.com.br\/noticias\/senado-votara-novo-marco-do-saneamento\/#breadcrumb\",\"itemListElement\":[{\"@type\":\"ListItem\",\"position\":1,\"name\":\"Not\u00edcias\",\"item\":\"https:\/\/www.suno.com.br\/noticias\/\"},{\"@type\":\"ListItem\",\"position\":2,\"name\":\"Pol\u00edtica\",\"item\":\"https:\/\/www.suno.com.br\/noticias\/politica\/\"},{\"@type\":\"ListItem\",\"position\":3,\"name\":\"Senado votar\u00e1 nessa quarta-feira novo marco do saneamento\"}]},{\"@type\":\"WebSite\",\"@id\":\"https:\/\/www.suno.com.br\/noticias\/#website\",\"url\":\"https:\/\/www.suno.com.br\/noticias\/\",\"name\":\"Suno Not\u00edcias\",\"description\":\"Seu portal de informa\u00e7\u00e3o sobre o mundo dos investimentos\",\"publisher\":{\"@id\":\"https:\/\/www.suno.com.br\/noticias\/#organization\"},\"potentialAction\":[{\"@type\":\"SearchAction\",\"target\":{\"@type\":\"EntryPoint\",\"urlTemplate\":\"https:\/\/www.suno.com.br\/noticias\/?s={search_term_string}\"},\"query-input\":{\"@type\":\"PropertyValueSpecification\",\"valueRequired\":true,\"valueName\":\"search_term_string\"}}],\"inLanguage\":\"pt-BR\"},{\"@type\":\"Organization\",\"@id\":\"https:\/\/www.suno.com.br\/noticias\/#organization\",\"name\":\"Suno Not\u00edcias\",\"url\":\"https:\/\/www.suno.com.br\/noticias\/\",\"logo\":{\"@type\":\"ImageObject\",\"inLanguage\":\"pt-BR\",\"@id\":\"https:\/\/www.suno.com.br\/noticias\/#\/schema\/logo\/image\/\",\"url\":\"https:\/\/files.sunoresearch.com.br\/n\/uploads\/2021\/09\/suno-logo.png\",\"contentUrl\":\"https:\/\/files.sunoresearch.com.br\/n\/uploads\/2021\/09\/suno-logo.png\",\"width\":180,\"height\":180,\"caption\":\"Suno Not\u00edcias\"},\"image\":{\"@id\":\"https:\/\/www.suno.com.br\/noticias\/#\/schema\/logo\/image\/\"},\"sameAs\":[\"https:\/\/facebook.com\/sunoresearch\",\"https:\/\/x.com\/sunoresearch\",\"https:\/\/www.instagram.com\/suno\",\"https:\/\/www.linkedin.com\/company\/suno-research\/\",\"https:\/\/www.youtube.com\/c\/sunoresearch\"]},{\"@type\":\"Person\",\"@id\":\"https:\/\/www.suno.com.br\/noticias\/#\/schema\/person\/3df0d2808748b74496efe5dbeaef2c72\",\"name\":\"Laura Moutinho\",\"image\":{\"@type\":\"ImageObject\",\"inLanguage\":\"pt-BR\",\"@id\":\"https:\/\/www.suno.com.br\/noticias\/#\/schema\/person\/image\/\",\"url\":\"https:\/\/secure.gravatar.com\/avatar\/7571c7c8ca3a6fca5e41384ece5557ff?s=96&r=g\",\"contentUrl\":\"https:\/\/secure.gravatar.com\/avatar\/7571c7c8ca3a6fca5e41384ece5557ff?s=96&r=g\",\"caption\":\"Laura Moutinho\"},\"description\":\"Estagi\u00e1ria na Suno Not\u00edcias, escreve not\u00edcias que afetam o mercado financeiro. Estuda administra\u00e7\u00e3o na Universidade Presbiteriana Mackenzie.\",\"url\":\"https:\/\/www.suno.com.br\/noticias\/author\/laura-moutinho\/\"}]}<\/script>\n<!-- \/ Yoast SEO plugin. -->","yoast_head_json":{"title":"Senado votar\u00e1 nessa quarta-feira novo marco do saneamento","description":"O senador Jereissati informou que a vota\u00e7\u00e3o do novo marco do saneamento deve acontecer na pr\u00f3xima quarta. Clique aqui para saber mais.","robots":{"index":"index","follow":"follow","max-snippet":"max-snippet:-1","max-image-preview":"max-image-preview:large","max-video-preview":"max-video-preview:-1"},"canonical":"https:\/\/www.suno.com.br\/noticias\/senado-votara-novo-marco-do-saneamento\/","og_locale":"pt_BR","og_type":"article","og_title":"Senado votar\u00e1 nessa quarta-feira novo marco do saneamento","og_description":"O senador Jereissati informou que a vota\u00e7\u00e3o do novo marco do saneamento deve acontecer na pr\u00f3xima quarta. Clique aqui para saber mais.","og_url":"https:\/\/www.suno.com.br\/noticias\/senado-votara-novo-marco-do-saneamento\/","og_site_name":"Suno Not\u00edcias","article_publisher":"https:\/\/facebook.com\/sunoresearch","og_image":[{"width":1024,"height":682,"url":"https:\/\/files.sunoresearch.com.br\/n\/uploads\/2020\/03\/dba4938a-senado.jpg","type":"image\/jpeg"}],"author":"Laura Moutinho","twitter_card":"summary_large_image","twitter_creator":"@sunoresearch","twitter_site":"@sunoresearch","twitter_misc":{"Escrito por":"Laura Moutinho","Est. tempo de leitura":"2 minutos"},"schema":{"@context":"https:\/\/schema.org","@graph":[{"@type":"NewsArticle","@id":"https:\/\/www.suno.com.br\/noticias\/senado-votara-novo-marco-do-saneamento\/#article","isPartOf":{"@id":"https:\/\/www.suno.com.br\/noticias\/senado-votara-novo-marco-do-saneamento\/"},"author":{"name":"Laura Moutinho","@id":"https:\/\/www.suno.com.br\/noticias\/#\/schema\/person\/3df0d2808748b74496efe5dbeaef2c72"},"headline":"Senado votar\u00e1 nessa quarta-feira novo marco do saneamento","datePublished":"2020-06-22T23:24:55+00:00","dateModified":"2021-02-18T01:41:14+00:00","mainEntityOfPage":{"@id":"https:\/\/www.suno.com.br\/noticias\/senado-votara-novo-marco-do-saneamento\/"},"wordCount":473,"publisher":{"@id":"https:\/\/www.suno.com.br\/noticias\/#organization"},"image":{"@id":"https:\/\/www.suno.com.br\/noticias\/senado-votara-novo-marco-do-saneamento\/#primaryimage"},"thumbnailUrl":"https:\/\/files.sunoresearch.com.br\/n\/uploads\/2020\/03\/dba4938a-senado-jpg.webp","keywords":["Jair Bolsonaro","marco do saneamento","Senado Federal"],"articleSection":["Pol\u00edtica"],"inLanguage":"pt-BR"},{"@type":"WebPage","@id":"https:\/\/www.suno.com.br\/noticias\/senado-votara-novo-marco-do-saneamento\/","url":"https:\/\/www.suno.com.br\/noticias\/senado-votara-novo-marco-do-saneamento\/","name":"Senado votar\u00e1 nessa quarta-feira novo marco do saneamento","isPartOf":{"@id":"https:\/\/www.suno.com.br\/noticias\/#website"},"primaryImageOfPage":{"@id":"https:\/\/www.suno.com.br\/noticias\/senado-votara-novo-marco-do-saneamento\/#primaryimage"},"image":{"@id":"https:\/\/www.suno.com.br\/noticias\/senado-votara-novo-marco-do-saneamento\/#primaryimage"},"thumbnailUrl":"https:\/\/files.sunoresearch.com.br\/n\/uploads\/2020\/03\/dba4938a-senado-jpg.webp","datePublished":"2020-06-22T23:24:55+00:00","dateModified":"2021-02-18T01:41:14+00:00","description":"O senador Jereissati informou que a vota\u00e7\u00e3o do novo marco do saneamento deve acontecer na pr\u00f3xima quarta. Clique aqui para saber mais.","breadcrumb":{"@id":"https:\/\/www.suno.com.br\/noticias\/senado-votara-novo-marco-do-saneamento\/#breadcrumb"},"inLanguage":"pt-BR","potentialAction":[{"@type":"ReadAction","target":["https:\/\/www.suno.com.br\/noticias\/senado-votara-novo-marco-do-saneamento\/"]}]},{"@type":"ImageObject","inLanguage":"pt-BR","@id":"https:\/\/www.suno.com.br\/noticias\/senado-votara-novo-marco-do-saneamento\/#primaryimage","url":"https:\/\/files.sunoresearch.com.br\/n\/uploads\/2020\/03\/dba4938a-senado-jpg.webp","contentUrl":"https:\/\/files.sunoresearch.com.br\/n\/uploads\/2020\/03\/dba4938a-senado-jpg.webp","width":1024,"height":682,"caption":"Senado Federal"},{"@type":"BreadcrumbList","@id":"https:\/\/www.suno.com.br\/noticias\/senado-votara-novo-marco-do-saneamento\/#breadcrumb","itemListElement":[{"@type":"ListItem","position":1,"name":"Not\u00edcias","item":"https:\/\/www.suno.com.br\/noticias\/"},{"@type":"ListItem","position":2,"name":"Pol\u00edtica","item":"https:\/\/www.suno.com.br\/noticias\/politica\/"},{"@type":"ListItem","position":3,"name":"Senado votar\u00e1 nessa quarta-feira novo marco do saneamento"}]},{"@type":"WebSite","@id":"https:\/\/www.suno.com.br\/noticias\/#website","url":"https:\/\/www.suno.com.br\/noticias\/","name":"Suno Not\u00edcias","description":"Seu portal de informa\u00e7\u00e3o sobre o mundo dos investimentos","publisher":{"@id":"https:\/\/www.suno.com.br\/noticias\/#organization"},"potentialAction":[{"@type":"SearchAction","target":{"@type":"EntryPoint","urlTemplate":"https:\/\/www.suno.com.br\/noticias\/?s={search_term_string}"},"query-input":{"@type":"PropertyValueSpecification","valueRequired":true,"valueName":"search_term_string"}}],"inLanguage":"pt-BR"},{"@type":"Organization","@id":"https:\/\/www.suno.com.br\/noticias\/#organization","name":"Suno Not\u00edcias","url":"https:\/\/www.suno.com.br\/noticias\/","logo":{"@type":"ImageObject","inLanguage":"pt-BR","@id":"https:\/\/www.suno.com.br\/noticias\/#\/schema\/logo\/image\/","url":"https:\/\/files.sunoresearch.com.br\/n\/uploads\/2021\/09\/suno-logo.png","contentUrl":"https:\/\/files.sunoresearch.com.br\/n\/uploads\/2021\/09\/suno-logo.png","width":180,"height":180,"caption":"Suno Not\u00edcias"},"image":{"@id":"https:\/\/www.suno.com.br\/noticias\/#\/schema\/logo\/image\/"},"sameAs":["https:\/\/facebook.com\/sunoresearch","https:\/\/x.com\/sunoresearch","https:\/\/www.instagram.com\/suno","https:\/\/www.linkedin.com\/company\/suno-research\/","https:\/\/www.youtube.com\/c\/sunoresearch"]},{"@type":"Person","@id":"https:\/\/www.suno.com.br\/noticias\/#\/schema\/person\/3df0d2808748b74496efe5dbeaef2c72","name":"Laura Moutinho","image":{"@type":"ImageObject","inLanguage":"pt-BR","@id":"https:\/\/www.suno.com.br\/noticias\/#\/schema\/person\/image\/","url":"https:\/\/secure.gravatar.com\/avatar\/7571c7c8ca3a6fca5e41384ece5557ff?s=96&r=g","contentUrl":"https:\/\/secure.gravatar.com\/avatar\/7571c7c8ca3a6fca5e41384ece5557ff?s=96&r=g","caption":"Laura Moutinho"},"description":"Estagi\u00e1ria na Suno Not\u00edcias, escreve not\u00edcias que afetam o mercado financeiro. Estuda administra\u00e7\u00e3o na Universidade Presbiteriana Mackenzie.","url":"https:\/\/www.suno.com.br\/noticias\/author\/laura-moutinho\/"}]}},"default_loop_html":"<div class=\"cardsPage__listCard__boxs\"><div class=\"cardsPage__listCard__boxs__img\"><a href=\"https:\/\/www.suno.com.br\/noticias\/senado-votara-novo-marco-do-saneamento\/\"><img class=\"mask\" src=\"https:\/\/www.suno.com.br\/noticias\/wp-content\/themes\/suno\/resources\/images\/spotlight\/spotlight1img\/bg-mask.png\" alt=\"Image Mask\"\/><img src=\"https:\/\/files.sunoresearch.com.br\/n\/uploads\/2020\/03\/dba4938a-senado-400x200.webp\" alt=\"Senado votar\u00e1 nessa quarta-feira novo marco do saneamento\"\/><\/a><span class=\"spotlightCategory\"><a href=\"https:\/\/www.suno.com.br\/noticias\/politica\/\">Pol\u00edtica<\/a><\/span><\/div><div class=\"cardsPage__listCard__boxs__content\"><a href=\"https:\/\/www.suno.com.br\/noticias\/senado-votara-novo-marco-do-saneamento\/\"><h2 class=\"content__title\">Senado votar\u00e1 nessa quarta-feira novo marco do saneamento<\/h2><\/a><div class=\"newsContent__article__meta\"><div class=\"newsContent__article__meta__authorBox\"><a href=\"https:\/\/www.suno.com.br\/noticias\/author\/laura-moutinho\/\" class=\"authorBox__avatar noMobi\"><img src=\"https:\/\/files.sunoresearch.com.br\/n\/uploads\/2020\/08\/531ff69d-whatsapp-image-2020-08-03-at-14.54.38-150x150.webp\" alt=\"Laura Moutinho\"><\/a><div class=\"authorBox__name\"><span>por\n\t\t\t<a href=\"https:\/\/www.suno.com.br\/noticias\/author\/laura-moutinho\/\"><span itemprop=\"author\">Laura Moutinho<\/span><\/a><\/span><time datetime=\"2020-06-22T20:24:55-03:00\" itemprop=\"datePublished\">22\/06\/2020 20:24<\/time><\/div><\/div><\/div><\/div><\/div>","single_layout":"posts","amp_enabled":true,"_links":{"self":[{"href":"https:\/\/www.suno.com.br\/noticias\/wp-json\/wp\/v2\/posts\/69978"}],"collection":[{"href":"https:\/\/www.suno.com.br\/noticias\/wp-json\/wp\/v2\/posts"}],"about":[{"href":"https:\/\/www.suno.com.br\/noticias\/wp-json\/wp\/v2\/types\/post"}],"author":[{"embeddable":true,"href":"https:\/\/www.suno.com.br\/noticias\/wp-json\/wp\/v2\/users\/39"}],"replies":[{"embeddable":true,"href":"https:\/\/www.suno.com.br\/noticias\/wp-json\/wp\/v2\/comments?post=69978"}],"version-history":[{"count":0,"href":"https:\/\/www.suno.com.br\/noticias\/wp-json\/wp\/v2\/posts\/69978\/revisions"}],"wp:featuredmedia":[{"embeddable":true,"href":"https:\/\/www.suno.com.br\/noticias\/wp-json\/wp\/v2\/media\/56113"}],"wp:attachment":[{"href":"https:\/\/www.suno.com.br\/noticias\/wp-json\/wp\/v2\/media?parent=69978"}],"wp:term":[{"taxonomy":"category","embeddable":true,"href":"https:\/\/www.suno.com.br\/noticias\/wp-json\/wp\/v2\/categories?post=69978"},{"taxonomy":"post_tag","embeddable":true,"href":"https:\/\/www.suno.com.br\/noticias\/wp-json\/wp\/v2\/tags?post=69978"},{"taxonomy":"suno_strategy","embeddable":true,"href":"https:\/\/www.suno.com.br\/noticias\/wp-json\/wp\/v2\/suno_strategy?post=69978"}],"curies":[{"name":"wp","href":"https:\/\/api.w.org\/{rel}","templated":true}]}}