{"id":69971,"date":"2020-06-22T19:32:07","date_gmt":"2020-06-22T22:32:07","guid":{"rendered":"https:\/\/www.suno.com.br\/noticias\/?p=69971"},"modified":"2021-02-17T22:50:49","modified_gmt":"2021-02-18T01:50:49","slug":"confira-o-calendario-de-reunioes-do-copom-em-2021-divulgado-pelo-bc","status":"publish","type":"post","link":"https:\/\/www.suno.com.br\/noticias\/confira-o-calendario-de-reunioes-do-copom-em-2021-divulgado-pelo-bc\/","title":{"rendered":"Confira o calend\u00e1rio de reuni\u00f5es do Copom em 2021, divulgado pelo BC"},"content":{"rendered":"<p>O <a href=\"https:\/\/www.suno.com.br\/artigos\/bacen\/\">Banco Central (BC)<\/a> divulgou nessa segunda-feira (22) o calend\u00e1rio referente \u00e0s reuni\u00e3o do<a href=\"https:\/\/www.suno.com.br\/artigos\/copom\/\"> Comit\u00ea de Pol\u00edtica Monet\u00e1ria (<strong>Copom<\/strong>)<\/a> em 2021.<\/p>\t<div class=\"wrapper-featured-image\">\n\t\t<figure class=\"spotlightImg\">\n\n\t\t\t<picture>\n\t\t\t\t<source media=\"(max-width: 768px)\" srcset=\"https:\/\/files.sunoresearch.com.br\/n\/uploads\/2019\/11\/ed084eff-copom-400x200.webp\">\n\t\t\t\t<img loading=\"lazy\" decoding=\"async\" class=\"newsContent__article__imgCapa lazyloadDisabled newsContent__article__imgCapa--noCaption\" src=\"https:\/\/files.sunoresearch.com.br\/n\/uploads\/2019\/11\/ed084eff-copom-800x450.webp\" width=\"800\" height=\"450\" alt=\"Confira o calend\u00e1rio de reuni\u00f5es do Copom em 2021, divulgado pelo BC\" fetchpriority=high \/>\n\t\t\t<\/picture>\n\n\t\t\t<figcaption class=\"wp-caption-text wp-caption-text--hide\">BC analisa infla\u00e7\u00e3o acima do esperado, por\u00e9m &quot;choque&quot; \u00e9 tempor\u00e1rio<\/figcaption>\n\t\t<\/figure>\n\t<\/div>\n\n\n\n<p>O Copom est\u00e1 diretamente relacionado com a pol\u00edtica monet\u00e1ria do Brasil, e \u00e9 respons\u00e1vel por definir a meta da <a href=\"https:\/\/www.suno.com.br\/artigos\/taxa-selic\/\">Taxa <strong>Selic<\/strong> <\/a>e divulgar o Relat\u00f3rio de <a href=\"https:\/\/www.suno.com.br\/artigos\/inflacao\/\"><strong>Infla\u00e7\u00e3o<\/strong><\/a>.<\/p>\n<p>O \u00f3rg\u00e3o possui oito reuni\u00f5es por ano, e com um intervalo de mais ou menos 45 dias entre cada uma. Geralmente as din\u00e2micas das reuni\u00f5es s\u00e3o representadas em dois dias.<\/p>\n<p><a href=\"https:\/\/lp.suno.com.br\/suno-one\/\">Suno One: o primeiro passo para alcan\u00e7ar a sua independ\u00eancia financeira. Acesse agora, \u00e9 gratuito!<\/a><\/p>\n<p>Confira as as datas das reuni\u00f5es em 2021:<\/p>\n<ul>\n<li>19 e 20 de janeiro;<\/li>\n<li>16 e 17 de mar\u00e7o;<\/li>\n<li>4 e 5 de maio;<\/li>\n<li>15 e 16 de junho;<\/li>\n<li>3 e 4 de agosto;<\/li>\n<li>21 e 22 de setembro;<\/li>\n<li>26 e 27 de outubro;<\/li>\n<li>7 e 8 de dezembro.<\/li>\n<\/ul>\n<p>Sobre as atas das reuni\u00f5es, a autoridade monet\u00e1ria destacou que ser\u00e3o publicadas \u00e0s 8h de cada ter\u00e7a-feira posterior as confer\u00eancias, com exce\u00e7\u00e3o da reuni\u00e3o de outubro, cuja ata ser\u00e1 divulgada na quarta-feira da semana posterior a reuni\u00e3o devido ao feriado de 2 de novembro.<\/p>\n<h2>Copom corta taxa de juros em 0,75% e Selic vai para 2,25%<\/h2>\n<p>O Comit\u00ea de Pol\u00edtica Monet\u00e1ria \u00a0do <strong>Banco Central <\/strong> decidiu em de foma un\u00e2nime cortar a <strong>taxa b\u00e1sica de juros (Selic)<\/strong> em 0,75%. Com o novo corte da \u00faltima quarta-feira (17) a taxa caiu para 2,25% ao ano, uma nova m\u00ednima hist\u00f3rica.<\/p>\n<p>Esse corte era esperado pelo mercado. Na \u00faltima segunda-feira (15), os especialistas do mercado financeiro, respons\u00e1veis pela elabora\u00e7\u00e3o do<strong> <a href=\"https:\/\/www.suno.com.br\/artigos\/relatorio-focus\/\">Boletim Focus<\/a><\/strong>, confirmam sua previs\u00e3o para a Selic em 2,25% at\u00e9 o final do ano.<\/p>\n<p><a href=\"https:\/\/www.suno.com.br\/noticias\/rentabilidade-fgts-maior-selic\/\">Veja tamb\u00e9m: Selic a 2,25% ap\u00f3s novo corte do Copom rende menos que FGTS<\/a><\/p>\n<p>A decis\u00e3o do Banco Central foi tomada em um momento de forte contra\u00e7\u00e3o do n\u00edvel de atividade da economia no Brasil e no mundo, provocada pela <a href=\"https:\/\/www.suno.com.br\/noticias\/tags\/coronavirus\/\">pandemia do novo coronav\u00edrus (Covid-19)<\/a>. O corte da taxa de juros aumenta a liquidez nos mercados para tentar sustentar a demanda e limitar a queda no <a href=\"https:\/\/www.suno.com.br\/artigos\/pib-produto-interno-bruto\/\"><strong>Produto Interno Bruto (PIB)<\/strong><\/a>.<\/p>\n<p>No documento que acompanhou a decis\u00e3o, o <strong>Copom<\/strong> salientou como infla\u00e7\u00e3o esteja abaixo da meta estabelecida pelo Conselho Monet\u00e1rio Nacional (CMN).<\/p>\n\n","protected":false},"excerpt":{"rendered":"<p>O Banco Central (BC) divulgou nessa segunda-feira (22) o calend\u00e1rio referente \u00e0s reuni\u00e3o do Comit\u00ea de Pol\u00edtica Monet\u00e1ria (Copom) em 2021. BC analisa infla\u00e7\u00e3o acima do esperado, por\u00e9m &quot;choque&quot; \u00e9 tempor\u00e1rio O Copom est\u00e1 diretamente relacionado com a pol\u00edtica monet\u00e1ria do Brasil, e \u00e9 respons\u00e1vel por definir a meta da Taxa Selic e divulgar o [&hellip;]<\/p>\n","protected":false},"author":39,"featured_media":43730,"comment_status":"closed","ping_status":"closed","sticky":false,"template":"","format":"standard","meta":[],"categories":[62],"tags":[1842,1104],"suno_strategy":[],"class_list":["post-69971","post","type-post","status-publish","format-standard","has-post-thumbnail","hentry","category-economia","tag-banco-central-bc","tag-copom"],"yoast_head":"<!-- This site is optimized with the Yoast SEO plugin v24.4 - https:\/\/yoast.com\/wordpress\/plugins\/seo\/ -->\n<title>Confira o calend\u00e1rio de reuni\u00f5es do Copom em 2021, divulgado pelo BC<\/title>\n<meta name=\"description\" content=\"O Banco Central (BC) divulgou o calend\u00e1rio referente as reuni\u00e3o do Comit\u00ea de Pol\u00edtica Monet\u00e1ria (Copom) em 2021. Clique aqui para saber mais.\" \/>\n<meta name=\"robots\" content=\"index, follow, max-snippet:-1, max-image-preview:large, max-video-preview:-1\" \/>\n<link rel=\"canonical\" href=\"https:\/\/www.suno.com.br\/noticias\/confira-o-calendario-de-reunioes-do-copom-em-2021-divulgado-pelo-bc\/\" \/>\n<meta property=\"og:locale\" content=\"pt_BR\" \/>\n<meta property=\"og:type\" content=\"article\" \/>\n<meta property=\"og:title\" content=\"Confira o calend\u00e1rio de reuni\u00f5es do Copom em 2021, divulgado pelo BC\" \/>\n<meta property=\"og:description\" content=\"O Banco Central (BC) divulgou o calend\u00e1rio referente as reuni\u00e3o do Comit\u00ea de Pol\u00edtica Monet\u00e1ria (Copom) em 2021. Clique aqui para saber mais.\" \/>\n<meta property=\"og:url\" content=\"https:\/\/www.suno.com.br\/noticias\/confira-o-calendario-de-reunioes-do-copom-em-2021-divulgado-pelo-bc\/\" \/>\n<meta property=\"og:site_name\" content=\"Suno Not\u00edcias\" \/>\n<meta property=\"article:publisher\" content=\"https:\/\/facebook.com\/sunoresearch\" \/>\n<meta property=\"og:image\" content=\"https:\/\/files.sunoresearch.com.br\/n\/uploads\/2019\/11\/ed084eff-copom.png\" \/>\n\t<meta property=\"og:image:width\" content=\"1890\" \/>\n\t<meta property=\"og:image:height\" content=\"1064\" \/>\n\t<meta property=\"og:image:type\" content=\"image\/png\" \/>\n<meta name=\"author\" content=\"Laura Moutinho\" \/>\n<meta name=\"twitter:card\" content=\"summary_large_image\" \/>\n<meta name=\"twitter:creator\" content=\"@sunoresearch\" \/>\n<meta name=\"twitter:site\" content=\"@sunoresearch\" \/>\n<meta name=\"twitter:label1\" content=\"Escrito por\" \/>\n\t<meta name=\"twitter:data1\" content=\"Laura Moutinho\" \/>\n\t<meta name=\"twitter:label2\" content=\"Est. tempo de leitura\" \/>\n\t<meta name=\"twitter:data2\" content=\"2 minutos\" \/>\n<script type=\"application\/ld+json\" class=\"yoast-schema-graph\">{\"@context\":\"https:\/\/schema.org\",\"@graph\":[{\"@type\":\"NewsArticle\",\"@id\":\"https:\/\/www.suno.com.br\/noticias\/confira-o-calendario-de-reunioes-do-copom-em-2021-divulgado-pelo-bc\/#article\",\"isPartOf\":{\"@id\":\"https:\/\/www.suno.com.br\/noticias\/confira-o-calendario-de-reunioes-do-copom-em-2021-divulgado-pelo-bc\/\"},\"author\":{\"name\":\"Laura Moutinho\",\"@id\":\"https:\/\/www.suno.com.br\/noticias\/#\/schema\/person\/3df0d2808748b74496efe5dbeaef2c72\"},\"headline\":\"Confira o calend\u00e1rio de reuni\u00f5es do Copom em 2021, divulgado pelo BC\",\"datePublished\":\"2020-06-22T22:32:07+00:00\",\"dateModified\":\"2021-02-18T01:50:49+00:00\",\"mainEntityOfPage\":{\"@id\":\"https:\/\/www.suno.com.br\/noticias\/confira-o-calendario-de-reunioes-do-copom-em-2021-divulgado-pelo-bc\/\"},\"wordCount\":397,\"publisher\":{\"@id\":\"https:\/\/www.suno.com.br\/noticias\/#organization\"},\"image\":{\"@id\":\"https:\/\/www.suno.com.br\/noticias\/confira-o-calendario-de-reunioes-do-copom-em-2021-divulgado-pelo-bc\/#primaryimage\"},\"thumbnailUrl\":\"https:\/\/files.sunoresearch.com.br\/n\/uploads\/2019\/11\/ed084eff-copom-png.webp\",\"keywords\":[\"Banco Central (BC)\",\"Copom\"],\"articleSection\":[\"Economia\"],\"inLanguage\":\"pt-BR\"},{\"@type\":\"WebPage\",\"@id\":\"https:\/\/www.suno.com.br\/noticias\/confira-o-calendario-de-reunioes-do-copom-em-2021-divulgado-pelo-bc\/\",\"url\":\"https:\/\/www.suno.com.br\/noticias\/confira-o-calendario-de-reunioes-do-copom-em-2021-divulgado-pelo-bc\/\",\"name\":\"Confira o calend\u00e1rio de reuni\u00f5es do Copom em 2021, divulgado pelo BC\",\"isPartOf\":{\"@id\":\"https:\/\/www.suno.com.br\/noticias\/#website\"},\"primaryImageOfPage\":{\"@id\":\"https:\/\/www.suno.com.br\/noticias\/confira-o-calendario-de-reunioes-do-copom-em-2021-divulgado-pelo-bc\/#primaryimage\"},\"image\":{\"@id\":\"https:\/\/www.suno.com.br\/noticias\/confira-o-calendario-de-reunioes-do-copom-em-2021-divulgado-pelo-bc\/#primaryimage\"},\"thumbnailUrl\":\"https:\/\/files.sunoresearch.com.br\/n\/uploads\/2019\/11\/ed084eff-copom-png.webp\",\"datePublished\":\"2020-06-22T22:32:07+00:00\",\"dateModified\":\"2021-02-18T01:50:49+00:00\",\"description\":\"O Banco Central (BC) divulgou o calend\u00e1rio referente as reuni\u00e3o do Comit\u00ea de Pol\u00edtica Monet\u00e1ria (Copom) em 2021. Clique aqui para saber mais.\",\"breadcrumb\":{\"@id\":\"https:\/\/www.suno.com.br\/noticias\/confira-o-calendario-de-reunioes-do-copom-em-2021-divulgado-pelo-bc\/#breadcrumb\"},\"inLanguage\":\"pt-BR\",\"potentialAction\":[{\"@type\":\"ReadAction\",\"target\":[\"https:\/\/www.suno.com.br\/noticias\/confira-o-calendario-de-reunioes-do-copom-em-2021-divulgado-pelo-bc\/\"]}]},{\"@type\":\"ImageObject\",\"inLanguage\":\"pt-BR\",\"@id\":\"https:\/\/www.suno.com.br\/noticias\/confira-o-calendario-de-reunioes-do-copom-em-2021-divulgado-pelo-bc\/#primaryimage\",\"url\":\"https:\/\/files.sunoresearch.com.br\/n\/uploads\/2019\/11\/ed084eff-copom-png.webp\",\"contentUrl\":\"https:\/\/files.sunoresearch.com.br\/n\/uploads\/2019\/11\/ed084eff-copom-png.webp\",\"width\":1890,\"height\":1064,\"caption\":\"BC analisa infla\u00e7\u00e3o acima do esperado, por\u00e9m \\\"choque\\\" \u00e9 tempor\u00e1rio\"},{\"@type\":\"BreadcrumbList\",\"@id\":\"https:\/\/www.suno.com.br\/noticias\/confira-o-calendario-de-reunioes-do-copom-em-2021-divulgado-pelo-bc\/#breadcrumb\",\"itemListElement\":[{\"@type\":\"ListItem\",\"position\":1,\"name\":\"Not\u00edcias\",\"item\":\"https:\/\/www.suno.com.br\/noticias\/\"},{\"@type\":\"ListItem\",\"position\":2,\"name\":\"Economia\",\"item\":\"https:\/\/www.suno.com.br\/noticias\/economia\/\"},{\"@type\":\"ListItem\",\"position\":3,\"name\":\"Confira o calend\u00e1rio de reuni\u00f5es do Copom em 2021, divulgado pelo BC\"}]},{\"@type\":\"WebSite\",\"@id\":\"https:\/\/www.suno.com.br\/noticias\/#website\",\"url\":\"https:\/\/www.suno.com.br\/noticias\/\",\"name\":\"Suno Not\u00edcias\",\"description\":\"Seu portal de informa\u00e7\u00e3o sobre o mundo dos investimentos\",\"publisher\":{\"@id\":\"https:\/\/www.suno.com.br\/noticias\/#organization\"},\"potentialAction\":[{\"@type\":\"SearchAction\",\"target\":{\"@type\":\"EntryPoint\",\"urlTemplate\":\"https:\/\/www.suno.com.br\/noticias\/?s={search_term_string}\"},\"query-input\":{\"@type\":\"PropertyValueSpecification\",\"valueRequired\":true,\"valueName\":\"search_term_string\"}}],\"inLanguage\":\"pt-BR\"},{\"@type\":\"Organization\",\"@id\":\"https:\/\/www.suno.com.br\/noticias\/#organization\",\"name\":\"Suno Not\u00edcias\",\"url\":\"https:\/\/www.suno.com.br\/noticias\/\",\"logo\":{\"@type\":\"ImageObject\",\"inLanguage\":\"pt-BR\",\"@id\":\"https:\/\/www.suno.com.br\/noticias\/#\/schema\/logo\/image\/\",\"url\":\"https:\/\/files.sunoresearch.com.br\/n\/uploads\/2021\/09\/suno-logo.png\",\"contentUrl\":\"https:\/\/files.sunoresearch.com.br\/n\/uploads\/2021\/09\/suno-logo.png\",\"width\":180,\"height\":180,\"caption\":\"Suno Not\u00edcias\"},\"image\":{\"@id\":\"https:\/\/www.suno.com.br\/noticias\/#\/schema\/logo\/image\/\"},\"sameAs\":[\"https:\/\/facebook.com\/sunoresearch\",\"https:\/\/x.com\/sunoresearch\",\"https:\/\/www.instagram.com\/suno\",\"https:\/\/www.linkedin.com\/company\/suno-research\/\",\"https:\/\/www.youtube.com\/c\/sunoresearch\"]},{\"@type\":\"Person\",\"@id\":\"https:\/\/www.suno.com.br\/noticias\/#\/schema\/person\/3df0d2808748b74496efe5dbeaef2c72\",\"name\":\"Laura Moutinho\",\"image\":{\"@type\":\"ImageObject\",\"inLanguage\":\"pt-BR\",\"@id\":\"https:\/\/www.suno.com.br\/noticias\/#\/schema\/person\/image\/\",\"url\":\"https:\/\/secure.gravatar.com\/avatar\/7571c7c8ca3a6fca5e41384ece5557ff?s=96&r=g\",\"contentUrl\":\"https:\/\/secure.gravatar.com\/avatar\/7571c7c8ca3a6fca5e41384ece5557ff?s=96&r=g\",\"caption\":\"Laura Moutinho\"},\"description\":\"Estagi\u00e1ria na Suno Not\u00edcias, escreve not\u00edcias que afetam o mercado financeiro. Estuda administra\u00e7\u00e3o na Universidade Presbiteriana Mackenzie.\",\"url\":\"https:\/\/www.suno.com.br\/noticias\/author\/laura-moutinho\/\"}]}<\/script>\n<!-- \/ Yoast SEO plugin. -->","yoast_head_json":{"title":"Confira o calend\u00e1rio de reuni\u00f5es do Copom em 2021, divulgado pelo BC","description":"O Banco Central (BC) divulgou o calend\u00e1rio referente as reuni\u00e3o do Comit\u00ea de Pol\u00edtica Monet\u00e1ria (Copom) em 2021. Clique aqui para saber mais.","robots":{"index":"index","follow":"follow","max-snippet":"max-snippet:-1","max-image-preview":"max-image-preview:large","max-video-preview":"max-video-preview:-1"},"canonical":"https:\/\/www.suno.com.br\/noticias\/confira-o-calendario-de-reunioes-do-copom-em-2021-divulgado-pelo-bc\/","og_locale":"pt_BR","og_type":"article","og_title":"Confira o calend\u00e1rio de reuni\u00f5es do Copom em 2021, divulgado pelo BC","og_description":"O Banco Central (BC) divulgou o calend\u00e1rio referente as reuni\u00e3o do Comit\u00ea de Pol\u00edtica Monet\u00e1ria (Copom) em 2021. Clique aqui para saber mais.","og_url":"https:\/\/www.suno.com.br\/noticias\/confira-o-calendario-de-reunioes-do-copom-em-2021-divulgado-pelo-bc\/","og_site_name":"Suno Not\u00edcias","article_publisher":"https:\/\/facebook.com\/sunoresearch","og_image":[{"width":1890,"height":1064,"url":"https:\/\/files.sunoresearch.com.br\/n\/uploads\/2019\/11\/ed084eff-copom.png","type":"image\/png"}],"author":"Laura Moutinho","twitter_card":"summary_large_image","twitter_creator":"@sunoresearch","twitter_site":"@sunoresearch","twitter_misc":{"Escrito por":"Laura Moutinho","Est. tempo de leitura":"2 minutos"},"schema":{"@context":"https:\/\/schema.org","@graph":[{"@type":"NewsArticle","@id":"https:\/\/www.suno.com.br\/noticias\/confira-o-calendario-de-reunioes-do-copom-em-2021-divulgado-pelo-bc\/#article","isPartOf":{"@id":"https:\/\/www.suno.com.br\/noticias\/confira-o-calendario-de-reunioes-do-copom-em-2021-divulgado-pelo-bc\/"},"author":{"name":"Laura Moutinho","@id":"https:\/\/www.suno.com.br\/noticias\/#\/schema\/person\/3df0d2808748b74496efe5dbeaef2c72"},"headline":"Confira o calend\u00e1rio de reuni\u00f5es do Copom em 2021, divulgado pelo BC","datePublished":"2020-06-22T22:32:07+00:00","dateModified":"2021-02-18T01:50:49+00:00","mainEntityOfPage":{"@id":"https:\/\/www.suno.com.br\/noticias\/confira-o-calendario-de-reunioes-do-copom-em-2021-divulgado-pelo-bc\/"},"wordCount":397,"publisher":{"@id":"https:\/\/www.suno.com.br\/noticias\/#organization"},"image":{"@id":"https:\/\/www.suno.com.br\/noticias\/confira-o-calendario-de-reunioes-do-copom-em-2021-divulgado-pelo-bc\/#primaryimage"},"thumbnailUrl":"https:\/\/files.sunoresearch.com.br\/n\/uploads\/2019\/11\/ed084eff-copom-png.webp","keywords":["Banco Central (BC)","Copom"],"articleSection":["Economia"],"inLanguage":"pt-BR"},{"@type":"WebPage","@id":"https:\/\/www.suno.com.br\/noticias\/confira-o-calendario-de-reunioes-do-copom-em-2021-divulgado-pelo-bc\/","url":"https:\/\/www.suno.com.br\/noticias\/confira-o-calendario-de-reunioes-do-copom-em-2021-divulgado-pelo-bc\/","name":"Confira o calend\u00e1rio de reuni\u00f5es do Copom em 2021, divulgado pelo BC","isPartOf":{"@id":"https:\/\/www.suno.com.br\/noticias\/#website"},"primaryImageOfPage":{"@id":"https:\/\/www.suno.com.br\/noticias\/confira-o-calendario-de-reunioes-do-copom-em-2021-divulgado-pelo-bc\/#primaryimage"},"image":{"@id":"https:\/\/www.suno.com.br\/noticias\/confira-o-calendario-de-reunioes-do-copom-em-2021-divulgado-pelo-bc\/#primaryimage"},"thumbnailUrl":"https:\/\/files.sunoresearch.com.br\/n\/uploads\/2019\/11\/ed084eff-copom-png.webp","datePublished":"2020-06-22T22:32:07+00:00","dateModified":"2021-02-18T01:50:49+00:00","description":"O Banco Central (BC) divulgou o calend\u00e1rio referente as reuni\u00e3o do Comit\u00ea de Pol\u00edtica Monet\u00e1ria (Copom) em 2021. Clique aqui para saber mais.","breadcrumb":{"@id":"https:\/\/www.suno.com.br\/noticias\/confira-o-calendario-de-reunioes-do-copom-em-2021-divulgado-pelo-bc\/#breadcrumb"},"inLanguage":"pt-BR","potentialAction":[{"@type":"ReadAction","target":["https:\/\/www.suno.com.br\/noticias\/confira-o-calendario-de-reunioes-do-copom-em-2021-divulgado-pelo-bc\/"]}]},{"@type":"ImageObject","inLanguage":"pt-BR","@id":"https:\/\/www.suno.com.br\/noticias\/confira-o-calendario-de-reunioes-do-copom-em-2021-divulgado-pelo-bc\/#primaryimage","url":"https:\/\/files.sunoresearch.com.br\/n\/uploads\/2019\/11\/ed084eff-copom-png.webp","contentUrl":"https:\/\/files.sunoresearch.com.br\/n\/uploads\/2019\/11\/ed084eff-copom-png.webp","width":1890,"height":1064,"caption":"BC analisa infla\u00e7\u00e3o acima do esperado, por\u00e9m \"choque\" \u00e9 tempor\u00e1rio"},{"@type":"BreadcrumbList","@id":"https:\/\/www.suno.com.br\/noticias\/confira-o-calendario-de-reunioes-do-copom-em-2021-divulgado-pelo-bc\/#breadcrumb","itemListElement":[{"@type":"ListItem","position":1,"name":"Not\u00edcias","item":"https:\/\/www.suno.com.br\/noticias\/"},{"@type":"ListItem","position":2,"name":"Economia","item":"https:\/\/www.suno.com.br\/noticias\/economia\/"},{"@type":"ListItem","position":3,"name":"Confira o calend\u00e1rio de reuni\u00f5es do Copom em 2021, divulgado pelo BC"}]},{"@type":"WebSite","@id":"https:\/\/www.suno.com.br\/noticias\/#website","url":"https:\/\/www.suno.com.br\/noticias\/","name":"Suno Not\u00edcias","description":"Seu portal de informa\u00e7\u00e3o sobre o mundo dos investimentos","publisher":{"@id":"https:\/\/www.suno.com.br\/noticias\/#organization"},"potentialAction":[{"@type":"SearchAction","target":{"@type":"EntryPoint","urlTemplate":"https:\/\/www.suno.com.br\/noticias\/?s={search_term_string}"},"query-input":{"@type":"PropertyValueSpecification","valueRequired":true,"valueName":"search_term_string"}}],"inLanguage":"pt-BR"},{"@type":"Organization","@id":"https:\/\/www.suno.com.br\/noticias\/#organization","name":"Suno Not\u00edcias","url":"https:\/\/www.suno.com.br\/noticias\/","logo":{"@type":"ImageObject","inLanguage":"pt-BR","@id":"https:\/\/www.suno.com.br\/noticias\/#\/schema\/logo\/image\/","url":"https:\/\/files.sunoresearch.com.br\/n\/uploads\/2021\/09\/suno-logo.png","contentUrl":"https:\/\/files.sunoresearch.com.br\/n\/uploads\/2021\/09\/suno-logo.png","width":180,"height":180,"caption":"Suno Not\u00edcias"},"image":{"@id":"https:\/\/www.suno.com.br\/noticias\/#\/schema\/logo\/image\/"},"sameAs":["https:\/\/facebook.com\/sunoresearch","https:\/\/x.com\/sunoresearch","https:\/\/www.instagram.com\/suno","https:\/\/www.linkedin.com\/company\/suno-research\/","https:\/\/www.youtube.com\/c\/sunoresearch"]},{"@type":"Person","@id":"https:\/\/www.suno.com.br\/noticias\/#\/schema\/person\/3df0d2808748b74496efe5dbeaef2c72","name":"Laura Moutinho","image":{"@type":"ImageObject","inLanguage":"pt-BR","@id":"https:\/\/www.suno.com.br\/noticias\/#\/schema\/person\/image\/","url":"https:\/\/secure.gravatar.com\/avatar\/7571c7c8ca3a6fca5e41384ece5557ff?s=96&r=g","contentUrl":"https:\/\/secure.gravatar.com\/avatar\/7571c7c8ca3a6fca5e41384ece5557ff?s=96&r=g","caption":"Laura Moutinho"},"description":"Estagi\u00e1ria na Suno Not\u00edcias, escreve not\u00edcias que afetam o mercado financeiro. Estuda administra\u00e7\u00e3o na Universidade Presbiteriana Mackenzie.","url":"https:\/\/www.suno.com.br\/noticias\/author\/laura-moutinho\/"}]}},"default_loop_html":"<div class=\"cardsPage__listCard__boxs\"><div class=\"cardsPage__listCard__boxs__img\"><a href=\"https:\/\/www.suno.com.br\/noticias\/confira-o-calendario-de-reunioes-do-copom-em-2021-divulgado-pelo-bc\/\"><img class=\"mask\" src=\"https:\/\/www.suno.com.br\/noticias\/wp-content\/themes\/suno\/resources\/images\/spotlight\/spotlight1img\/bg-mask.png\" alt=\"Image Mask\"\/><img src=\"https:\/\/files.sunoresearch.com.br\/n\/uploads\/2019\/11\/ed084eff-copom-400x200.webp\" alt=\"Confira o calend\u00e1rio de reuni\u00f5es do Copom em 2021, divulgado pelo BC\"\/><\/a><span class=\"spotlightCategory\"><a href=\"https:\/\/www.suno.com.br\/noticias\/economia\/\">Economia<\/a><\/span><\/div><div class=\"cardsPage__listCard__boxs__content\"><a href=\"https:\/\/www.suno.com.br\/noticias\/confira-o-calendario-de-reunioes-do-copom-em-2021-divulgado-pelo-bc\/\"><h2 class=\"content__title\">Confira o calend\u00e1rio de reuni\u00f5es do Copom em 2021, divulgado pelo BC<\/h2><\/a><div class=\"newsContent__article__meta\"><div class=\"newsContent__article__meta__authorBox\"><a href=\"https:\/\/www.suno.com.br\/noticias\/author\/laura-moutinho\/\" class=\"authorBox__avatar noMobi\"><img src=\"https:\/\/files.sunoresearch.com.br\/n\/uploads\/2020\/08\/531ff69d-whatsapp-image-2020-08-03-at-14.54.38-150x150.webp\" alt=\"Laura Moutinho\"><\/a><div class=\"authorBox__name\"><span>por\n\t\t\t<a href=\"https:\/\/www.suno.com.br\/noticias\/author\/laura-moutinho\/\"><span itemprop=\"author\">Laura Moutinho<\/span><\/a><\/span><time datetime=\"2020-06-22T19:32:07-03:00\" itemprop=\"datePublished\">22\/06\/2020 19:32<\/time><\/div><\/div><\/div><\/div><\/div>","single_layout":"posts","amp_enabled":true,"_links":{"self":[{"href":"https:\/\/www.suno.com.br\/noticias\/wp-json\/wp\/v2\/posts\/69971"}],"collection":[{"href":"https:\/\/www.suno.com.br\/noticias\/wp-json\/wp\/v2\/posts"}],"about":[{"href":"https:\/\/www.suno.com.br\/noticias\/wp-json\/wp\/v2\/types\/post"}],"author":[{"embeddable":true,"href":"https:\/\/www.suno.com.br\/noticias\/wp-json\/wp\/v2\/users\/39"}],"replies":[{"embeddable":true,"href":"https:\/\/www.suno.com.br\/noticias\/wp-json\/wp\/v2\/comments?post=69971"}],"version-history":[{"count":0,"href":"https:\/\/www.suno.com.br\/noticias\/wp-json\/wp\/v2\/posts\/69971\/revisions"}],"wp:featuredmedia":[{"embeddable":true,"href":"https:\/\/www.suno.com.br\/noticias\/wp-json\/wp\/v2\/media\/43730"}],"wp:attachment":[{"href":"https:\/\/www.suno.com.br\/noticias\/wp-json\/wp\/v2\/media?parent=69971"}],"wp:term":[{"taxonomy":"category","embeddable":true,"href":"https:\/\/www.suno.com.br\/noticias\/wp-json\/wp\/v2\/categories?post=69971"},{"taxonomy":"post_tag","embeddable":true,"href":"https:\/\/www.suno.com.br\/noticias\/wp-json\/wp\/v2\/tags?post=69971"},{"taxonomy":"suno_strategy","embeddable":true,"href":"https:\/\/www.suno.com.br\/noticias\/wp-json\/wp\/v2\/suno_strategy?post=69971"}],"curies":[{"name":"wp","href":"https:\/\/api.w.org\/{rel}","templated":true}]}}