{"id":69946,"date":"2020-06-22T18:22:31","date_gmt":"2020-06-22T21:22:31","guid":{"rendered":"https:\/\/www.suno.com.br\/noticias\/?p=69946"},"modified":"2021-02-10T17:02:21","modified_gmt":"2021-02-10T20:02:21","slug":"joaquim-levy-assumira-diretoria-estrategia-economica-banco-safra","status":"publish","type":"post","link":"https:\/\/www.suno.com.br\/noticias\/joaquim-levy-assumira-diretoria-estrategia-economica-banco-safra\/","title":{"rendered":"Joaquim Levy assumir\u00e1 diretoria de estrat\u00e9gia econ\u00f4mica do banco Safra"},"content":{"rendered":"<p>O <a href=\"https:\/\/www.suno.com.br\/artigos\/safra-empresas\/\">Banco Safra<\/a> anunciou nesta segunda-feira (22) que <strong>Joaquim Levy<\/strong>, o ex-<a href=\"https:\/\/www.suno.com.br\/artigos\/ministerio-da-fazenda\/\">ministro da Fazenda<\/a> e ex-presidente do <a href=\"https:\/\/www.suno.com.br\/artigos\/bndespar\/\">Banco Nacional de Desenvolvimento Econ\u00f4mico e Social (BNDES)<\/a>, assumir\u00e1 o cargo de diretor de estrat\u00e9gia econ\u00f4mica e rela\u00e7\u00f5es com mercados da institui\u00e7\u00e3o. Atualmente, Levy desenvolvia pesquisas sobre tecnologias e economias sustent\u00e1veis na Universidade de Stanford, nos Estados Unidos.<\/p>\t<div class=\"wrapper-featured-image\">\n\t\t<figure class=\"spotlightImg\">\n\n\t\t\t<picture>\n\t\t\t\t<source media=\"(max-width: 768px)\" srcset=\"https:\/\/files.sunoresearch.com.br\/n\/uploads\/2019\/06\/7d6b99e6-joaquim-levy-400x200.webp\">\n\t\t\t\t<img loading=\"lazy\" decoding=\"async\" class=\"newsContent__article__imgCapa lazyloadDisabled newsContent__article__imgCapa--noCaption\" src=\"https:\/\/files.sunoresearch.com.br\/n\/uploads\/2019\/06\/7d6b99e6-joaquim-levy-jpg.webp\" width=\"800\" height=\"450\" alt=\"Joaquim Levy assumir\u00e1 diretoria de estrat\u00e9gia econ\u00f4mica do banco Safra\" fetchpriority=high \/>\n\t\t\t<\/picture>\n\n\t\t\t<figcaption class=\"wp-caption-text wp-caption-text--hide\">Joaquim Levy pede demiss\u00e3o da presid\u00eancia do BNDES <\/figcaption>\n\t\t<\/figure>\n\t<\/div>\n\n\n\n<p>Levy ser\u00e1 respons\u00e1vel pela \u00e1rea de macroeconomia do banco que possui <a href=\"https:\/\/www.suno.com.br\/artigos\/patrimonio-liquido\/\">patrim\u00f4nio l\u00edquido<\/a> de mais de R$ 12 bilh\u00f5es. A carteira de cr\u00e9dito soma R$ 110 bilh\u00f5es e os recursos de terceiros sob gest\u00e3o totalizam aproximadamente R$ 250 bilh\u00f5es. A institui\u00e7\u00e3o financeira pertence ao <strong>Grupo J.Safra<\/strong>, que atua h\u00e1 mais de 175 anos e est\u00e1 presente em 25 pa\u00edses, gerindo aproximadamente R$ 1 trilh\u00e3o em ativos.<\/p>\n<p>O banco afirmou por meio de nota ao mercado que \u201cLevy passa a integrar o time de especialistas do Safra e ser\u00e1 respons\u00e1vel pela \u00e1rea de macroeconomia e de rela\u00e7\u00f5es com o mercado\u201d.<\/p>\n<p><a href=\"https:\/\/lp.suno.com.br\/suno-one\/\">Suno One: acesse gratuitamente eBooks, Minicursos, Artigos e Video Aulas sobre investimentos com um \u00fanico cadastro. Clique para saber mais!<\/a><\/p>\n<p>Doutor em Economia pela <strong>Universidade de Chicago<\/strong>, mestre em Economia pela <strong>Funda\u00e7\u00e3o Get\u00falio Vargas<\/strong> e graduado em Engenharia Naval pela <strong>Universidade Federal do Rio de Janeiro<\/strong>, Levy pediu demiss\u00e3o do cargo de presidente do <strong>BNDES<\/strong> em 2019.<\/p>\n<h2>O hist\u00f3rico de Joaquim Levy<\/h2>\n<p><a href=\"https:\/\/www.suno.com.br\/noticias\/levy-demissao-bndes\/\">Veja tamb\u00e9m: Joaquim Levy pede demiss\u00e3o da presid\u00eancia do BNDES<\/a><\/p>\n<p>Al\u00e9m de ministro da Fazenda e presidente do BNDES, Levy desempenhou os seguintes cargos:<\/p>\n<ul>\n<li>Integrou os quadros do <a href=\"https:\/\/www.suno.com.br\/artigos\/fmi\/\">Fundo Monet\u00e1rio Internacional (<strong>FMI<\/strong>)<\/a> entre 1992 e 1999;<\/li>\n<li>Foi economista visitante no <a href=\"https:\/\/www.suno.com.br\/artigos\/bce\/\"><strong>Banco Central Europeu<\/strong> <\/a>em 1999 e 2000;<\/li>\n<li>No mesmo ano, foi nomeado secret\u00e1rio-adjunto de pol\u00edtica econ\u00f4mica do minist\u00e9rio da Fazenda;<\/li>\n<li>Durante o governo do presidente <strong>Fernando Henrique Cardoso<\/strong>, ele se tornou economista-chefe do minist\u00e9rio do <strong>Planejamento, Or\u00e7amento e Gest\u00e3o<\/strong>;<\/li>\n<li>Em 2003, passou a ser o secret\u00e1rio do <strong>Tesouro Nacional;<\/strong><\/li>\n<li>Em 2006 se tornou vice-presidente financeiro do <strong>Banco Interamericano de Desenvolvimento;<\/strong><\/li>\n<li>Em 2007, ele assumiu a <strong>Secretaria de Estado da Fazenda<\/strong> do Rio de Janeiro;<\/li>\n<li>Em 2010 ele se tornou estrategista-chefe e depois diretor da <strong>Bradesco Asset Management<\/strong>, ali permanecendo at\u00e9 novembro de 2014;<\/li>\n<li>Em 2016, Levy assumiu o cargo de diretor geral do <a href=\"https:\/\/www.suno.com.br\/artigos\/banco-mundial\/\"><strong>Banco Mundial<\/strong><\/a>.<\/li>\n<\/ul>\n\n","protected":false},"excerpt":{"rendered":"<p>O Banco Safra anunciou nesta segunda-feira (22) que Joaquim Levy, o ex-ministro da Fazenda e ex-presidente do Banco Nacional de Desenvolvimento Econ\u00f4mico e Social (BNDES), assumir\u00e1 o cargo de diretor de estrat\u00e9gia econ\u00f4mica e rela\u00e7\u00f5es com mercados da institui\u00e7\u00e3o. Atualmente, Levy desenvolvia pesquisas sobre tecnologias e economias sustent\u00e1veis na Universidade de Stanford, nos Estados Unidos. [&hellip;]<\/p>\n","protected":false},"author":44,"featured_media":28285,"comment_status":"closed","ping_status":"closed","sticky":false,"template":"","format":"standard","meta":[],"categories":[64],"tags":[1518,757,933,824],"suno_strategy":[],"class_list":["post-69946","post","type-post","status-publish","format-standard","has-post-thumbnail","hentry","category-negocios","tag-banco-safra","tag-bndes","tag-joaquim-levy","tag-ministerio-fazenda"],"yoast_head":"<!-- This site is optimized with the Yoast SEO plugin v24.4 - https:\/\/yoast.com\/wordpress\/plugins\/seo\/ -->\n<title>Joaquim Levy assumir\u00e1 diretoria de estrat\u00e9gia econ\u00f4mica do banco Safra<\/title>\n<meta name=\"description\" content=\"O Banco Safra anunciou nesta segunda-feira (22) que Joaquim Levy, assumir\u00e1 o cargo de diretor de estrat\u00e9gia econ\u00f4mica. Clique para ver mais.\" \/>\n<meta name=\"robots\" content=\"index, follow, max-snippet:-1, max-image-preview:large, max-video-preview:-1\" \/>\n<link rel=\"canonical\" href=\"https:\/\/www.suno.com.br\/noticias\/joaquim-levy-assumira-diretoria-estrategia-economica-banco-safra\/\" \/>\n<meta property=\"og:locale\" content=\"pt_BR\" \/>\n<meta property=\"og:type\" content=\"article\" \/>\n<meta property=\"og:title\" content=\"Joaquim Levy assumir\u00e1 diretoria de estrat\u00e9gia econ\u00f4mica do banco Safra\" \/>\n<meta property=\"og:description\" content=\"O Banco Safra anunciou nesta segunda-feira (22) que Joaquim Levy, assumir\u00e1 o cargo de diretor de estrat\u00e9gia econ\u00f4mica. Clique para ver mais.\" \/>\n<meta property=\"og:url\" content=\"https:\/\/www.suno.com.br\/noticias\/joaquim-levy-assumira-diretoria-estrategia-economica-banco-safra\/\" \/>\n<meta property=\"og:site_name\" content=\"Suno Not\u00edcias\" \/>\n<meta property=\"article:publisher\" content=\"https:\/\/facebook.com\/sunoresearch\" \/>\n<meta property=\"og:image\" content=\"https:\/\/files.sunoresearch.com.br\/n\/uploads\/2019\/06\/7d6b99e6-joaquim-levy.jpg\" \/>\n\t<meta property=\"og:image:width\" content=\"560\" \/>\n\t<meta property=\"og:image:height\" content=\"341\" \/>\n\t<meta property=\"og:image:type\" content=\"image\/jpeg\" \/>\n<meta name=\"author\" content=\"Daniel Guimar\u00e3es\" \/>\n<meta name=\"twitter:card\" content=\"summary_large_image\" \/>\n<meta name=\"twitter:creator\" content=\"@sunoresearch\" \/>\n<meta name=\"twitter:site\" content=\"@sunoresearch\" \/>\n<meta name=\"twitter:label1\" content=\"Escrito por\" \/>\n\t<meta name=\"twitter:data1\" content=\"Daniel Guimar\u00e3es\" \/>\n\t<meta name=\"twitter:label2\" content=\"Est. tempo de leitura\" \/>\n\t<meta name=\"twitter:data2\" content=\"2 minutos\" \/>\n<script type=\"application\/ld+json\" class=\"yoast-schema-graph\">{\"@context\":\"https:\/\/schema.org\",\"@graph\":[{\"@type\":\"NewsArticle\",\"@id\":\"https:\/\/www.suno.com.br\/noticias\/joaquim-levy-assumira-diretoria-estrategia-economica-banco-safra\/#article\",\"isPartOf\":{\"@id\":\"https:\/\/www.suno.com.br\/noticias\/joaquim-levy-assumira-diretoria-estrategia-economica-banco-safra\/\"},\"author\":{\"name\":\"Daniel Guimar\u00e3es\",\"@id\":\"https:\/\/www.suno.com.br\/noticias\/#\/schema\/person\/a7796c19fcf6bafd03b9a2fa1fd9ae20\"},\"headline\":\"Joaquim Levy assumir\u00e1 diretoria de estrat\u00e9gia econ\u00f4mica do banco Safra\",\"datePublished\":\"2020-06-22T21:22:31+00:00\",\"dateModified\":\"2021-02-10T20:02:21+00:00\",\"mainEntityOfPage\":{\"@id\":\"https:\/\/www.suno.com.br\/noticias\/joaquim-levy-assumira-diretoria-estrategia-economica-banco-safra\/\"},\"wordCount\":400,\"publisher\":{\"@id\":\"https:\/\/www.suno.com.br\/noticias\/#organization\"},\"image\":{\"@id\":\"https:\/\/www.suno.com.br\/noticias\/joaquim-levy-assumira-diretoria-estrategia-economica-banco-safra\/#primaryimage\"},\"thumbnailUrl\":\"https:\/\/files.sunoresearch.com.br\/n\/uploads\/2019\/06\/7d6b99e6-joaquim-levy-jpg.webp\",\"keywords\":[\"Banco Safra\",\"BNDES\",\"Joaquim Levy\",\"Minist\u00e9rio da Fazenda\"],\"articleSection\":[\"Neg\u00f3cios\"],\"inLanguage\":\"pt-BR\"},{\"@type\":\"WebPage\",\"@id\":\"https:\/\/www.suno.com.br\/noticias\/joaquim-levy-assumira-diretoria-estrategia-economica-banco-safra\/\",\"url\":\"https:\/\/www.suno.com.br\/noticias\/joaquim-levy-assumira-diretoria-estrategia-economica-banco-safra\/\",\"name\":\"Joaquim Levy assumir\u00e1 diretoria de estrat\u00e9gia econ\u00f4mica do banco Safra\",\"isPartOf\":{\"@id\":\"https:\/\/www.suno.com.br\/noticias\/#website\"},\"primaryImageOfPage\":{\"@id\":\"https:\/\/www.suno.com.br\/noticias\/joaquim-levy-assumira-diretoria-estrategia-economica-banco-safra\/#primaryimage\"},\"image\":{\"@id\":\"https:\/\/www.suno.com.br\/noticias\/joaquim-levy-assumira-diretoria-estrategia-economica-banco-safra\/#primaryimage\"},\"thumbnailUrl\":\"https:\/\/files.sunoresearch.com.br\/n\/uploads\/2019\/06\/7d6b99e6-joaquim-levy-jpg.webp\",\"datePublished\":\"2020-06-22T21:22:31+00:00\",\"dateModified\":\"2021-02-10T20:02:21+00:00\",\"description\":\"O Banco Safra anunciou nesta segunda-feira (22) que Joaquim Levy, assumir\u00e1 o cargo de diretor de estrat\u00e9gia econ\u00f4mica. Clique para ver mais.\",\"breadcrumb\":{\"@id\":\"https:\/\/www.suno.com.br\/noticias\/joaquim-levy-assumira-diretoria-estrategia-economica-banco-safra\/#breadcrumb\"},\"inLanguage\":\"pt-BR\",\"potentialAction\":[{\"@type\":\"ReadAction\",\"target\":[\"https:\/\/www.suno.com.br\/noticias\/joaquim-levy-assumira-diretoria-estrategia-economica-banco-safra\/\"]}]},{\"@type\":\"ImageObject\",\"inLanguage\":\"pt-BR\",\"@id\":\"https:\/\/www.suno.com.br\/noticias\/joaquim-levy-assumira-diretoria-estrategia-economica-banco-safra\/#primaryimage\",\"url\":\"https:\/\/files.sunoresearch.com.br\/n\/uploads\/2019\/06\/7d6b99e6-joaquim-levy-jpg.webp\",\"contentUrl\":\"https:\/\/files.sunoresearch.com.br\/n\/uploads\/2019\/06\/7d6b99e6-joaquim-levy-jpg.webp\",\"width\":560,\"height\":341,\"caption\":\"Joaquim Levy pede demiss\u00e3o da presid\u00eancia do BNDES\"},{\"@type\":\"BreadcrumbList\",\"@id\":\"https:\/\/www.suno.com.br\/noticias\/joaquim-levy-assumira-diretoria-estrategia-economica-banco-safra\/#breadcrumb\",\"itemListElement\":[{\"@type\":\"ListItem\",\"position\":1,\"name\":\"Not\u00edcias\",\"item\":\"https:\/\/www.suno.com.br\/noticias\/\"},{\"@type\":\"ListItem\",\"position\":2,\"name\":\"Mercado Financeiro\",\"item\":\"https:\/\/www.suno.com.br\/noticias\/uncategorized\/\"},{\"@type\":\"ListItem\",\"position\":3,\"name\":\"Joaquim Levy assumir\u00e1 diretoria de estrat\u00e9gia econ\u00f4mica do banco Safra\"}]},{\"@type\":\"WebSite\",\"@id\":\"https:\/\/www.suno.com.br\/noticias\/#website\",\"url\":\"https:\/\/www.suno.com.br\/noticias\/\",\"name\":\"Suno Not\u00edcias\",\"description\":\"Seu portal de informa\u00e7\u00e3o sobre o mundo dos investimentos\",\"publisher\":{\"@id\":\"https:\/\/www.suno.com.br\/noticias\/#organization\"},\"potentialAction\":[{\"@type\":\"SearchAction\",\"target\":{\"@type\":\"EntryPoint\",\"urlTemplate\":\"https:\/\/www.suno.com.br\/noticias\/?s={search_term_string}\"},\"query-input\":{\"@type\":\"PropertyValueSpecification\",\"valueRequired\":true,\"valueName\":\"search_term_string\"}}],\"inLanguage\":\"pt-BR\"},{\"@type\":\"Organization\",\"@id\":\"https:\/\/www.suno.com.br\/noticias\/#organization\",\"name\":\"Suno Not\u00edcias\",\"url\":\"https:\/\/www.suno.com.br\/noticias\/\",\"logo\":{\"@type\":\"ImageObject\",\"inLanguage\":\"pt-BR\",\"@id\":\"https:\/\/www.suno.com.br\/noticias\/#\/schema\/logo\/image\/\",\"url\":\"https:\/\/files.sunoresearch.com.br\/n\/uploads\/2021\/09\/suno-logo.png\",\"contentUrl\":\"https:\/\/files.sunoresearch.com.br\/n\/uploads\/2021\/09\/suno-logo.png\",\"width\":180,\"height\":180,\"caption\":\"Suno Not\u00edcias\"},\"image\":{\"@id\":\"https:\/\/www.suno.com.br\/noticias\/#\/schema\/logo\/image\/\"},\"sameAs\":[\"https:\/\/facebook.com\/sunoresearch\",\"https:\/\/x.com\/sunoresearch\",\"https:\/\/www.instagram.com\/suno\",\"https:\/\/www.linkedin.com\/company\/suno-research\/\",\"https:\/\/www.youtube.com\/c\/sunoresearch\"]},{\"@type\":\"Person\",\"@id\":\"https:\/\/www.suno.com.br\/noticias\/#\/schema\/person\/a7796c19fcf6bafd03b9a2fa1fd9ae20\",\"name\":\"Daniel Guimar\u00e3es\",\"image\":{\"@type\":\"ImageObject\",\"inLanguage\":\"pt-BR\",\"@id\":\"https:\/\/www.suno.com.br\/noticias\/#\/schema\/person\/image\/\",\"url\":\"https:\/\/secure.gravatar.com\/avatar\/fb8260757609f58f0c0ac079d1b32eff?s=96&r=g\",\"contentUrl\":\"https:\/\/secure.gravatar.com\/avatar\/fb8260757609f58f0c0ac079d1b32eff?s=96&r=g\",\"caption\":\"Daniel Guimar\u00e3es\"},\"description\":\"Estagi\u00e1rio na Suno Not\u00edcias, Daniel escreve not\u00edcias que afetam o mercado financeiro brasileiro e internacional. Estuda economia na Rutgers University, em New Jersey.\",\"sameAs\":[\"suno.research\"],\"url\":\"https:\/\/www.suno.com.br\/noticias\/author\/daniel\/\"}]}<\/script>\n<!-- \/ Yoast SEO plugin. -->","yoast_head_json":{"title":"Joaquim Levy assumir\u00e1 diretoria de estrat\u00e9gia econ\u00f4mica do banco Safra","description":"O Banco Safra anunciou nesta segunda-feira (22) que Joaquim Levy, assumir\u00e1 o cargo de diretor de estrat\u00e9gia econ\u00f4mica. Clique para ver mais.","robots":{"index":"index","follow":"follow","max-snippet":"max-snippet:-1","max-image-preview":"max-image-preview:large","max-video-preview":"max-video-preview:-1"},"canonical":"https:\/\/www.suno.com.br\/noticias\/joaquim-levy-assumira-diretoria-estrategia-economica-banco-safra\/","og_locale":"pt_BR","og_type":"article","og_title":"Joaquim Levy assumir\u00e1 diretoria de estrat\u00e9gia econ\u00f4mica do banco Safra","og_description":"O Banco Safra anunciou nesta segunda-feira (22) que Joaquim Levy, assumir\u00e1 o cargo de diretor de estrat\u00e9gia econ\u00f4mica. Clique para ver mais.","og_url":"https:\/\/www.suno.com.br\/noticias\/joaquim-levy-assumira-diretoria-estrategia-economica-banco-safra\/","og_site_name":"Suno Not\u00edcias","article_publisher":"https:\/\/facebook.com\/sunoresearch","og_image":[{"width":560,"height":341,"url":"https:\/\/files.sunoresearch.com.br\/n\/uploads\/2019\/06\/7d6b99e6-joaquim-levy.jpg","type":"image\/jpeg"}],"author":"Daniel Guimar\u00e3es","twitter_card":"summary_large_image","twitter_creator":"@sunoresearch","twitter_site":"@sunoresearch","twitter_misc":{"Escrito por":"Daniel Guimar\u00e3es","Est. tempo de leitura":"2 minutos"},"schema":{"@context":"https:\/\/schema.org","@graph":[{"@type":"NewsArticle","@id":"https:\/\/www.suno.com.br\/noticias\/joaquim-levy-assumira-diretoria-estrategia-economica-banco-safra\/#article","isPartOf":{"@id":"https:\/\/www.suno.com.br\/noticias\/joaquim-levy-assumira-diretoria-estrategia-economica-banco-safra\/"},"author":{"name":"Daniel Guimar\u00e3es","@id":"https:\/\/www.suno.com.br\/noticias\/#\/schema\/person\/a7796c19fcf6bafd03b9a2fa1fd9ae20"},"headline":"Joaquim Levy assumir\u00e1 diretoria de estrat\u00e9gia econ\u00f4mica do banco Safra","datePublished":"2020-06-22T21:22:31+00:00","dateModified":"2021-02-10T20:02:21+00:00","mainEntityOfPage":{"@id":"https:\/\/www.suno.com.br\/noticias\/joaquim-levy-assumira-diretoria-estrategia-economica-banco-safra\/"},"wordCount":400,"publisher":{"@id":"https:\/\/www.suno.com.br\/noticias\/#organization"},"image":{"@id":"https:\/\/www.suno.com.br\/noticias\/joaquim-levy-assumira-diretoria-estrategia-economica-banco-safra\/#primaryimage"},"thumbnailUrl":"https:\/\/files.sunoresearch.com.br\/n\/uploads\/2019\/06\/7d6b99e6-joaquim-levy-jpg.webp","keywords":["Banco Safra","BNDES","Joaquim Levy","Minist\u00e9rio da Fazenda"],"articleSection":["Neg\u00f3cios"],"inLanguage":"pt-BR"},{"@type":"WebPage","@id":"https:\/\/www.suno.com.br\/noticias\/joaquim-levy-assumira-diretoria-estrategia-economica-banco-safra\/","url":"https:\/\/www.suno.com.br\/noticias\/joaquim-levy-assumira-diretoria-estrategia-economica-banco-safra\/","name":"Joaquim Levy assumir\u00e1 diretoria de estrat\u00e9gia econ\u00f4mica do banco Safra","isPartOf":{"@id":"https:\/\/www.suno.com.br\/noticias\/#website"},"primaryImageOfPage":{"@id":"https:\/\/www.suno.com.br\/noticias\/joaquim-levy-assumira-diretoria-estrategia-economica-banco-safra\/#primaryimage"},"image":{"@id":"https:\/\/www.suno.com.br\/noticias\/joaquim-levy-assumira-diretoria-estrategia-economica-banco-safra\/#primaryimage"},"thumbnailUrl":"https:\/\/files.sunoresearch.com.br\/n\/uploads\/2019\/06\/7d6b99e6-joaquim-levy-jpg.webp","datePublished":"2020-06-22T21:22:31+00:00","dateModified":"2021-02-10T20:02:21+00:00","description":"O Banco Safra anunciou nesta segunda-feira (22) que Joaquim Levy, assumir\u00e1 o cargo de diretor de estrat\u00e9gia econ\u00f4mica. Clique para ver mais.","breadcrumb":{"@id":"https:\/\/www.suno.com.br\/noticias\/joaquim-levy-assumira-diretoria-estrategia-economica-banco-safra\/#breadcrumb"},"inLanguage":"pt-BR","potentialAction":[{"@type":"ReadAction","target":["https:\/\/www.suno.com.br\/noticias\/joaquim-levy-assumira-diretoria-estrategia-economica-banco-safra\/"]}]},{"@type":"ImageObject","inLanguage":"pt-BR","@id":"https:\/\/www.suno.com.br\/noticias\/joaquim-levy-assumira-diretoria-estrategia-economica-banco-safra\/#primaryimage","url":"https:\/\/files.sunoresearch.com.br\/n\/uploads\/2019\/06\/7d6b99e6-joaquim-levy-jpg.webp","contentUrl":"https:\/\/files.sunoresearch.com.br\/n\/uploads\/2019\/06\/7d6b99e6-joaquim-levy-jpg.webp","width":560,"height":341,"caption":"Joaquim Levy pede demiss\u00e3o da presid\u00eancia do BNDES"},{"@type":"BreadcrumbList","@id":"https:\/\/www.suno.com.br\/noticias\/joaquim-levy-assumira-diretoria-estrategia-economica-banco-safra\/#breadcrumb","itemListElement":[{"@type":"ListItem","position":1,"name":"Not\u00edcias","item":"https:\/\/www.suno.com.br\/noticias\/"},{"@type":"ListItem","position":2,"name":"Mercado Financeiro","item":"https:\/\/www.suno.com.br\/noticias\/uncategorized\/"},{"@type":"ListItem","position":3,"name":"Joaquim Levy assumir\u00e1 diretoria de estrat\u00e9gia econ\u00f4mica do banco Safra"}]},{"@type":"WebSite","@id":"https:\/\/www.suno.com.br\/noticias\/#website","url":"https:\/\/www.suno.com.br\/noticias\/","name":"Suno Not\u00edcias","description":"Seu portal de informa\u00e7\u00e3o sobre o mundo dos investimentos","publisher":{"@id":"https:\/\/www.suno.com.br\/noticias\/#organization"},"potentialAction":[{"@type":"SearchAction","target":{"@type":"EntryPoint","urlTemplate":"https:\/\/www.suno.com.br\/noticias\/?s={search_term_string}"},"query-input":{"@type":"PropertyValueSpecification","valueRequired":true,"valueName":"search_term_string"}}],"inLanguage":"pt-BR"},{"@type":"Organization","@id":"https:\/\/www.suno.com.br\/noticias\/#organization","name":"Suno Not\u00edcias","url":"https:\/\/www.suno.com.br\/noticias\/","logo":{"@type":"ImageObject","inLanguage":"pt-BR","@id":"https:\/\/www.suno.com.br\/noticias\/#\/schema\/logo\/image\/","url":"https:\/\/files.sunoresearch.com.br\/n\/uploads\/2021\/09\/suno-logo.png","contentUrl":"https:\/\/files.sunoresearch.com.br\/n\/uploads\/2021\/09\/suno-logo.png","width":180,"height":180,"caption":"Suno Not\u00edcias"},"image":{"@id":"https:\/\/www.suno.com.br\/noticias\/#\/schema\/logo\/image\/"},"sameAs":["https:\/\/facebook.com\/sunoresearch","https:\/\/x.com\/sunoresearch","https:\/\/www.instagram.com\/suno","https:\/\/www.linkedin.com\/company\/suno-research\/","https:\/\/www.youtube.com\/c\/sunoresearch"]},{"@type":"Person","@id":"https:\/\/www.suno.com.br\/noticias\/#\/schema\/person\/a7796c19fcf6bafd03b9a2fa1fd9ae20","name":"Daniel Guimar\u00e3es","image":{"@type":"ImageObject","inLanguage":"pt-BR","@id":"https:\/\/www.suno.com.br\/noticias\/#\/schema\/person\/image\/","url":"https:\/\/secure.gravatar.com\/avatar\/fb8260757609f58f0c0ac079d1b32eff?s=96&r=g","contentUrl":"https:\/\/secure.gravatar.com\/avatar\/fb8260757609f58f0c0ac079d1b32eff?s=96&r=g","caption":"Daniel Guimar\u00e3es"},"description":"Estagi\u00e1rio na Suno Not\u00edcias, Daniel escreve not\u00edcias que afetam o mercado financeiro brasileiro e internacional. Estuda economia na Rutgers University, em New Jersey.","sameAs":["suno.research"],"url":"https:\/\/www.suno.com.br\/noticias\/author\/daniel\/"}]}},"default_loop_html":"<div class=\"cardsPage__listCard__boxs\"><div class=\"cardsPage__listCard__boxs__img\"><a href=\"https:\/\/www.suno.com.br\/noticias\/joaquim-levy-assumira-diretoria-estrategia-economica-banco-safra\/\"><img class=\"mask\" src=\"https:\/\/www.suno.com.br\/noticias\/wp-content\/themes\/suno\/resources\/images\/spotlight\/spotlight1img\/bg-mask.png\" alt=\"Image Mask\"\/><img src=\"https:\/\/files.sunoresearch.com.br\/n\/uploads\/2019\/06\/7d6b99e6-joaquim-levy-400x200.webp\" alt=\"Joaquim Levy assumir\u00e1 diretoria de estrat\u00e9gia econ\u00f4mica do banco Safra\"\/><\/a><span class=\"spotlightCategory\"><a href=\"https:\/\/www.suno.com.br\/noticias\/negocios\/\">Neg\u00f3cios<\/a><\/span><\/div><div class=\"cardsPage__listCard__boxs__content\"><a href=\"https:\/\/www.suno.com.br\/noticias\/joaquim-levy-assumira-diretoria-estrategia-economica-banco-safra\/\"><h2 class=\"content__title\">Joaquim Levy assumir\u00e1 diretoria de estrat\u00e9gia econ\u00f4mica do banco Safra<\/h2><\/a><div class=\"newsContent__article__meta\"><div class=\"newsContent__article__meta__authorBox\"><a href=\"https:\/\/www.suno.com.br\/noticias\/author\/daniel\/\" class=\"authorBox__avatar noMobi\"><img src=\"https:\/\/files.sunoresearch.com.br\/n\/uploads\/2020\/08\/e51aadd2-whatsapp-image-2020-08-03-at-14.03.48-150x150.webp\" alt=\"Daniel Guimar\u00e3es\"><\/a><div class=\"authorBox__name\"><span>por\n\t\t\t<a href=\"https:\/\/www.suno.com.br\/noticias\/author\/daniel\/\"><span itemprop=\"author\">Daniel Guimar\u00e3es<\/span><\/a><\/span><time datetime=\"2020-06-22T18:22:31-03:00\" itemprop=\"datePublished\">22\/06\/2020 18:22<\/time><\/div><\/div><\/div><\/div><\/div>","single_layout":"posts","amp_enabled":true,"_links":{"self":[{"href":"https:\/\/www.suno.com.br\/noticias\/wp-json\/wp\/v2\/posts\/69946"}],"collection":[{"href":"https:\/\/www.suno.com.br\/noticias\/wp-json\/wp\/v2\/posts"}],"about":[{"href":"https:\/\/www.suno.com.br\/noticias\/wp-json\/wp\/v2\/types\/post"}],"author":[{"embeddable":true,"href":"https:\/\/www.suno.com.br\/noticias\/wp-json\/wp\/v2\/users\/44"}],"replies":[{"embeddable":true,"href":"https:\/\/www.suno.com.br\/noticias\/wp-json\/wp\/v2\/comments?post=69946"}],"version-history":[{"count":0,"href":"https:\/\/www.suno.com.br\/noticias\/wp-json\/wp\/v2\/posts\/69946\/revisions"}],"wp:featuredmedia":[{"embeddable":true,"href":"https:\/\/www.suno.com.br\/noticias\/wp-json\/wp\/v2\/media\/28285"}],"wp:attachment":[{"href":"https:\/\/www.suno.com.br\/noticias\/wp-json\/wp\/v2\/media?parent=69946"}],"wp:term":[{"taxonomy":"category","embeddable":true,"href":"https:\/\/www.suno.com.br\/noticias\/wp-json\/wp\/v2\/categories?post=69946"},{"taxonomy":"post_tag","embeddable":true,"href":"https:\/\/www.suno.com.br\/noticias\/wp-json\/wp\/v2\/tags?post=69946"},{"taxonomy":"suno_strategy","embeddable":true,"href":"https:\/\/www.suno.com.br\/noticias\/wp-json\/wp\/v2\/suno_strategy?post=69946"}],"curies":[{"name":"wp","href":"https:\/\/api.w.org\/{rel}","templated":true}]}}