{"id":69930,"date":"2020-06-22T17:11:52","date_gmt":"2020-06-22T20:11:52","guid":{"rendered":"https:\/\/www.suno.com.br\/noticias\/?p=69930"},"modified":"2020-06-22T17:11:52","modified_gmt":"2020-06-22T20:11:52","slug":"remdesivir-droga-tratamento-coronavirus-testada-agosto","status":"publish","type":"post","link":"https:\/\/www.suno.com.br\/noticias\/remdesivir-droga-tratamento-coronavirus-testada-agosto\/","title":{"rendered":"Remdesivir, droga para tratamento do coronav\u00edrus, ser\u00e1 testada em agosto"},"content":{"rendered":"<p>A Gilead (NASDAQ: GILD) anunciou nesta segunda-feira (22) que em breve iniciar\u00e1 estudos cl\u00ednicos com seu medicamento para coronav\u00edrus (covid-19), <strong>Remdesivir<\/strong>. O novo rem\u00e9dio ser\u00e1 administrado por via inalat\u00f3ria por indiv\u00edduos com covid-19 que n\u00e3o est\u00e3o hospitalizados.<\/p>\t<div class=\"wrapper-featured-image\">\n\t\t<figure class=\"spotlightImg\">\n\n\t\t\t<picture>\n\t\t\t\t<source media=\"(max-width: 768px)\" srcset=\"https:\/\/files.sunoresearch.com.br\/n\/uploads\/2020\/05\/7dc019f6-coronavirus-400x200.webp\">\n\t\t\t\t<img loading=\"lazy\" decoding=\"async\" class=\"newsContent__article__imgCapa lazyloadDisabled newsContent__article__imgCapa--noCaption\" src=\"https:\/\/files.sunoresearch.com.br\/n\/uploads\/2020\/05\/7dc019f6-coronavirus-800x450.webp\" width=\"800\" height=\"450\" alt=\"Remdesivir, droga para tratamento do coronav\u00edrus, ser\u00e1 testada em agosto\" fetchpriority=high \/>\n\t\t\t<\/picture>\n\n\t\t\t<figcaption class=\"wp-caption-text wp-caption-text--hide\">Coronav\u00edrus: Remdesivir reduz em 62% risco de mortalidade, diz estudo <\/figcaption>\n\t\t<\/figure>\n\t<\/div>\n\n\n\n<p>Atualmente, o Remdesivir, usado no tratamento de pacientes em estado grave de <strong>coronav\u00edrus<\/strong>, \u00e9 administrado por via intravenosa, o que limita seu uso ao hospital. No entanto, uma formula\u00e7\u00e3o inalada do medicamento pode permitir que a droga seja usada por pacientes com sintomas que n\u00e3o s\u00e3o graves o suficiente para exigir hospitaliza\u00e7\u00e3o.<\/p>\n<p>Os estudos fazem parte do objetivo da <strong>Gilead<\/strong> e outros pesquisadores para aumentar a efic\u00e1cia do Remdesivir, dando-o aos pacientes no in\u00edcio da doen\u00e7a e combinando-o com medicamentos anti-inflamat\u00f3rios que reduzem a resposta imune em alguns casos muito severos.<\/p>\n<p><a href=\"https:\/\/lp.suno.com.br\/suno-one\/\">Suno One: acesse gratuitamente eBooks, Minicursos, Artigos e Video Aulas sobre investimentos com um \u00fanico cadastro. Clique para saber mais!<\/a><\/p>\n<p>O <a href=\"https:\/\/www.suno.com.br\/artigos\/ceo\/\">CEO<\/a> da Gilead, <strong>Daniel O&#8217;Day<\/strong>, explicou, em uma carta aberta publicada no site da empresa, a import\u00e2ncia do medicamento.&#8221;Para pacientes com alto risco de progress\u00e3o da doen\u00e7a, pode ser particularmente ben\u00e9fico iniciar o tratamento fora do hospital. Nossa esperan\u00e7a \u00e9 que o uso do Remdesivir, desde o in\u00edcio do tratamento, possa ajudar os pacientes a evitar completamente a hospitaliza\u00e7\u00e3o.&#8221;<\/p>\n<h2>Como funciona o Remdesivir?<\/h2>\n<p>O Remdesivir \u00e9 um medicamento antiviral que ajuda a impedir que o v\u00edrus se replique dentro do corpo, processo pelo qual ele domina e destr\u00f3i c\u00e9lulas saud\u00e1veis. A ag\u00eancia reguladora do mercado aliment\u00edcio dos EUA, <strong>Food and Drug Administration<\/strong>, concedeu uma autoriza\u00e7\u00e3o provis\u00f3ria para o uso emergencial da droga no dia primeiro de maio.<\/p>\n<p>Uma formula\u00e7\u00e3o inalada seria administrada com um dispositivo nebulizador que cria uma n\u00e9voa que os pacientes inalam atrav\u00e9s de uma m\u00e1scara. Os nebulizadores s\u00e3o usados \u200b\u200bpara administrar medicamentos para outras doen\u00e7as pulmonares, incluindo asma e fibrose c\u00edstica.<\/p>\n<p><a href=\"https:\/\/www.suno.com.br\/noticias\/coronavirus-gilead-astrazeneca-fusao-em-meio-pesquisas-vacina\/\">Saiba mais: Coronav\u00edrus: Gilead e AstraZeneca estudam fus\u00e3o, diz ag\u00eancia<\/a><\/p>\n<p>Adicionalmente, a Gilead alerta que essa mudan\u00e7a no <strong>Remdesivir<\/strong> provavelmente levar\u00e1 pelo menos alguns meses, pois \u00e9 necess\u00e1rio determinar se a nova formula\u00e7\u00e3o \u00e9 segura e eficaz.<\/p>\n\n","protected":false},"excerpt":{"rendered":"<p>A Gilead (NASDAQ: GILD) anunciou nesta segunda-feira (22) que em breve iniciar\u00e1 estudos cl\u00ednicos com seu medicamento para coronav\u00edrus (covid-19), Remdesivir. O novo rem\u00e9dio ser\u00e1 administrado por via inalat\u00f3ria por indiv\u00edduos com covid-19 que n\u00e3o est\u00e3o hospitalizados. Coronav\u00edrus: Remdesivir reduz em 62% risco de mortalidade, diz estudo Atualmente, o Remdesivir, usado no tratamento de pacientes [&hellip;]<\/p>\n","protected":false},"author":44,"featured_media":65719,"comment_status":"closed","ping_status":"closed","sticky":false,"template":"","format":"standard","meta":[],"categories":[64],"tags":[2487,43194,38121],"suno_strategy":[],"class_list":["post-69930","post","type-post","status-publish","format-standard","has-post-thumbnail","hentry","category-negocios","tag-coronavirus","tag-gilead-gild34","tag-remdesivir"],"yoast_head":"<!-- This site is optimized with the Yoast SEO plugin v24.4 - https:\/\/yoast.com\/wordpress\/plugins\/seo\/ -->\n<title>Remdesivir, droga para tratamento do coronav\u00edrus, ser\u00e1 testada em agosto<\/title>\n<meta name=\"description\" content=\"A Gilead anunciou que em breve iniciar\u00e1 estudos cl\u00ednicos com seu medicamento para coronav\u00edrus (covid-19), Remdesivir. Clique para ver mais.\" \/>\n<meta name=\"robots\" content=\"index, follow, max-snippet:-1, max-image-preview:large, max-video-preview:-1\" \/>\n<link rel=\"canonical\" href=\"https:\/\/www.suno.com.br\/noticias\/remdesivir-droga-tratamento-coronavirus-testada-agosto\/\" \/>\n<meta property=\"og:locale\" content=\"pt_BR\" \/>\n<meta property=\"og:type\" content=\"article\" \/>\n<meta property=\"og:title\" content=\"Remdesivir, droga para tratamento do coronav\u00edrus, ser\u00e1 testada em agosto\" \/>\n<meta property=\"og:description\" content=\"A Gilead anunciou que em breve iniciar\u00e1 estudos cl\u00ednicos com seu medicamento para coronav\u00edrus (covid-19), Remdesivir. Clique para ver mais.\" \/>\n<meta property=\"og:url\" content=\"https:\/\/www.suno.com.br\/noticias\/remdesivir-droga-tratamento-coronavirus-testada-agosto\/\" \/>\n<meta property=\"og:site_name\" content=\"Suno Not\u00edcias\" \/>\n<meta property=\"article:publisher\" content=\"https:\/\/facebook.com\/sunoresearch\" \/>\n<meta property=\"og:image\" content=\"https:\/\/files.sunoresearch.com.br\/n\/uploads\/2020\/05\/7dc019f6-coronavirus.jpg\" \/>\n\t<meta property=\"og:image:width\" content=\"1600\" \/>\n\t<meta property=\"og:image:height\" content=\"900\" \/>\n\t<meta property=\"og:image:type\" content=\"image\/jpeg\" \/>\n<meta name=\"author\" content=\"Daniel Guimar\u00e3es\" \/>\n<meta name=\"twitter:card\" content=\"summary_large_image\" \/>\n<meta name=\"twitter:creator\" content=\"@sunoresearch\" \/>\n<meta name=\"twitter:site\" content=\"@sunoresearch\" \/>\n<meta name=\"twitter:label1\" content=\"Escrito por\" \/>\n\t<meta name=\"twitter:data1\" content=\"Daniel Guimar\u00e3es\" \/>\n\t<meta name=\"twitter:label2\" content=\"Est. tempo de leitura\" \/>\n\t<meta name=\"twitter:data2\" content=\"2 minutos\" \/>\n<script type=\"application\/ld+json\" class=\"yoast-schema-graph\">{\"@context\":\"https:\/\/schema.org\",\"@graph\":[{\"@type\":\"NewsArticle\",\"@id\":\"https:\/\/www.suno.com.br\/noticias\/remdesivir-droga-tratamento-coronavirus-testada-agosto\/#article\",\"isPartOf\":{\"@id\":\"https:\/\/www.suno.com.br\/noticias\/remdesivir-droga-tratamento-coronavirus-testada-agosto\/\"},\"author\":{\"name\":\"Daniel Guimar\u00e3es\",\"@id\":\"https:\/\/www.suno.com.br\/noticias\/#\/schema\/person\/a7796c19fcf6bafd03b9a2fa1fd9ae20\"},\"headline\":\"Remdesivir, droga para tratamento do coronav\u00edrus, ser\u00e1 testada em agosto\",\"datePublished\":\"2020-06-22T20:11:52+00:00\",\"mainEntityOfPage\":{\"@id\":\"https:\/\/www.suno.com.br\/noticias\/remdesivir-droga-tratamento-coronavirus-testada-agosto\/\"},\"wordCount\":399,\"publisher\":{\"@id\":\"https:\/\/www.suno.com.br\/noticias\/#organization\"},\"image\":{\"@id\":\"https:\/\/www.suno.com.br\/noticias\/remdesivir-droga-tratamento-coronavirus-testada-agosto\/#primaryimage\"},\"thumbnailUrl\":\"https:\/\/files.sunoresearch.com.br\/n\/uploads\/2020\/05\/7dc019f6-coronavirus-jpg.webp\",\"keywords\":[\"coronav\u00edrus\",\"Gilead (GILD34)\",\"Remdesivir\"],\"articleSection\":[\"Neg\u00f3cios\"],\"inLanguage\":\"pt-BR\"},{\"@type\":\"WebPage\",\"@id\":\"https:\/\/www.suno.com.br\/noticias\/remdesivir-droga-tratamento-coronavirus-testada-agosto\/\",\"url\":\"https:\/\/www.suno.com.br\/noticias\/remdesivir-droga-tratamento-coronavirus-testada-agosto\/\",\"name\":\"Remdesivir, droga para tratamento do coronav\u00edrus, ser\u00e1 testada em agosto\",\"isPartOf\":{\"@id\":\"https:\/\/www.suno.com.br\/noticias\/#website\"},\"primaryImageOfPage\":{\"@id\":\"https:\/\/www.suno.com.br\/noticias\/remdesivir-droga-tratamento-coronavirus-testada-agosto\/#primaryimage\"},\"image\":{\"@id\":\"https:\/\/www.suno.com.br\/noticias\/remdesivir-droga-tratamento-coronavirus-testada-agosto\/#primaryimage\"},\"thumbnailUrl\":\"https:\/\/files.sunoresearch.com.br\/n\/uploads\/2020\/05\/7dc019f6-coronavirus-jpg.webp\",\"datePublished\":\"2020-06-22T20:11:52+00:00\",\"description\":\"A Gilead anunciou que em breve iniciar\u00e1 estudos cl\u00ednicos com seu medicamento para coronav\u00edrus (covid-19), Remdesivir. Clique para ver mais.\",\"breadcrumb\":{\"@id\":\"https:\/\/www.suno.com.br\/noticias\/remdesivir-droga-tratamento-coronavirus-testada-agosto\/#breadcrumb\"},\"inLanguage\":\"pt-BR\",\"potentialAction\":[{\"@type\":\"ReadAction\",\"target\":[\"https:\/\/www.suno.com.br\/noticias\/remdesivir-droga-tratamento-coronavirus-testada-agosto\/\"]}]},{\"@type\":\"ImageObject\",\"inLanguage\":\"pt-BR\",\"@id\":\"https:\/\/www.suno.com.br\/noticias\/remdesivir-droga-tratamento-coronavirus-testada-agosto\/#primaryimage\",\"url\":\"https:\/\/files.sunoresearch.com.br\/n\/uploads\/2020\/05\/7dc019f6-coronavirus-jpg.webp\",\"contentUrl\":\"https:\/\/files.sunoresearch.com.br\/n\/uploads\/2020\/05\/7dc019f6-coronavirus-jpg.webp\",\"width\":1600,\"height\":900,\"caption\":\"Coronav\u00edrus: Remdesivir reduz em 62% risco de mortalidade, diz estudo\"},{\"@type\":\"BreadcrumbList\",\"@id\":\"https:\/\/www.suno.com.br\/noticias\/remdesivir-droga-tratamento-coronavirus-testada-agosto\/#breadcrumb\",\"itemListElement\":[{\"@type\":\"ListItem\",\"position\":1,\"name\":\"Not\u00edcias\",\"item\":\"https:\/\/www.suno.com.br\/noticias\/\"},{\"@type\":\"ListItem\",\"position\":2,\"name\":\"Neg\u00f3cios\",\"item\":\"https:\/\/www.suno.com.br\/noticias\/negocios\/\"},{\"@type\":\"ListItem\",\"position\":3,\"name\":\"Remdesivir, droga para tratamento do coronav\u00edrus, ser\u00e1 testada em agosto\"}]},{\"@type\":\"WebSite\",\"@id\":\"https:\/\/www.suno.com.br\/noticias\/#website\",\"url\":\"https:\/\/www.suno.com.br\/noticias\/\",\"name\":\"Suno Not\u00edcias\",\"description\":\"Seu portal de informa\u00e7\u00e3o sobre o mundo dos investimentos\",\"publisher\":{\"@id\":\"https:\/\/www.suno.com.br\/noticias\/#organization\"},\"potentialAction\":[{\"@type\":\"SearchAction\",\"target\":{\"@type\":\"EntryPoint\",\"urlTemplate\":\"https:\/\/www.suno.com.br\/noticias\/?s={search_term_string}\"},\"query-input\":{\"@type\":\"PropertyValueSpecification\",\"valueRequired\":true,\"valueName\":\"search_term_string\"}}],\"inLanguage\":\"pt-BR\"},{\"@type\":\"Organization\",\"@id\":\"https:\/\/www.suno.com.br\/noticias\/#organization\",\"name\":\"Suno Not\u00edcias\",\"url\":\"https:\/\/www.suno.com.br\/noticias\/\",\"logo\":{\"@type\":\"ImageObject\",\"inLanguage\":\"pt-BR\",\"@id\":\"https:\/\/www.suno.com.br\/noticias\/#\/schema\/logo\/image\/\",\"url\":\"https:\/\/files.sunoresearch.com.br\/n\/uploads\/2021\/09\/suno-logo.png\",\"contentUrl\":\"https:\/\/files.sunoresearch.com.br\/n\/uploads\/2021\/09\/suno-logo.png\",\"width\":180,\"height\":180,\"caption\":\"Suno Not\u00edcias\"},\"image\":{\"@id\":\"https:\/\/www.suno.com.br\/noticias\/#\/schema\/logo\/image\/\"},\"sameAs\":[\"https:\/\/facebook.com\/sunoresearch\",\"https:\/\/x.com\/sunoresearch\",\"https:\/\/www.instagram.com\/suno\",\"https:\/\/www.linkedin.com\/company\/suno-research\/\",\"https:\/\/www.youtube.com\/c\/sunoresearch\"]},{\"@type\":\"Person\",\"@id\":\"https:\/\/www.suno.com.br\/noticias\/#\/schema\/person\/a7796c19fcf6bafd03b9a2fa1fd9ae20\",\"name\":\"Daniel Guimar\u00e3es\",\"image\":{\"@type\":\"ImageObject\",\"inLanguage\":\"pt-BR\",\"@id\":\"https:\/\/www.suno.com.br\/noticias\/#\/schema\/person\/image\/\",\"url\":\"https:\/\/secure.gravatar.com\/avatar\/fb8260757609f58f0c0ac079d1b32eff?s=96&r=g\",\"contentUrl\":\"https:\/\/secure.gravatar.com\/avatar\/fb8260757609f58f0c0ac079d1b32eff?s=96&r=g\",\"caption\":\"Daniel Guimar\u00e3es\"},\"description\":\"Estagi\u00e1rio na Suno Not\u00edcias, Daniel escreve not\u00edcias que afetam o mercado financeiro brasileiro e internacional. Estuda economia na Rutgers University, em New Jersey.\",\"sameAs\":[\"suno.research\"],\"url\":\"https:\/\/www.suno.com.br\/noticias\/author\/daniel\/\"}]}<\/script>\n<!-- \/ Yoast SEO plugin. -->","yoast_head_json":{"title":"Remdesivir, droga para tratamento do coronav\u00edrus, ser\u00e1 testada em agosto","description":"A Gilead anunciou que em breve iniciar\u00e1 estudos cl\u00ednicos com seu medicamento para coronav\u00edrus (covid-19), Remdesivir. Clique para ver mais.","robots":{"index":"index","follow":"follow","max-snippet":"max-snippet:-1","max-image-preview":"max-image-preview:large","max-video-preview":"max-video-preview:-1"},"canonical":"https:\/\/www.suno.com.br\/noticias\/remdesivir-droga-tratamento-coronavirus-testada-agosto\/","og_locale":"pt_BR","og_type":"article","og_title":"Remdesivir, droga para tratamento do coronav\u00edrus, ser\u00e1 testada em agosto","og_description":"A Gilead anunciou que em breve iniciar\u00e1 estudos cl\u00ednicos com seu medicamento para coronav\u00edrus (covid-19), Remdesivir. Clique para ver mais.","og_url":"https:\/\/www.suno.com.br\/noticias\/remdesivir-droga-tratamento-coronavirus-testada-agosto\/","og_site_name":"Suno Not\u00edcias","article_publisher":"https:\/\/facebook.com\/sunoresearch","og_image":[{"width":1600,"height":900,"url":"https:\/\/files.sunoresearch.com.br\/n\/uploads\/2020\/05\/7dc019f6-coronavirus.jpg","type":"image\/jpeg"}],"author":"Daniel Guimar\u00e3es","twitter_card":"summary_large_image","twitter_creator":"@sunoresearch","twitter_site":"@sunoresearch","twitter_misc":{"Escrito por":"Daniel Guimar\u00e3es","Est. tempo de leitura":"2 minutos"},"schema":{"@context":"https:\/\/schema.org","@graph":[{"@type":"NewsArticle","@id":"https:\/\/www.suno.com.br\/noticias\/remdesivir-droga-tratamento-coronavirus-testada-agosto\/#article","isPartOf":{"@id":"https:\/\/www.suno.com.br\/noticias\/remdesivir-droga-tratamento-coronavirus-testada-agosto\/"},"author":{"name":"Daniel Guimar\u00e3es","@id":"https:\/\/www.suno.com.br\/noticias\/#\/schema\/person\/a7796c19fcf6bafd03b9a2fa1fd9ae20"},"headline":"Remdesivir, droga para tratamento do coronav\u00edrus, ser\u00e1 testada em agosto","datePublished":"2020-06-22T20:11:52+00:00","mainEntityOfPage":{"@id":"https:\/\/www.suno.com.br\/noticias\/remdesivir-droga-tratamento-coronavirus-testada-agosto\/"},"wordCount":399,"publisher":{"@id":"https:\/\/www.suno.com.br\/noticias\/#organization"},"image":{"@id":"https:\/\/www.suno.com.br\/noticias\/remdesivir-droga-tratamento-coronavirus-testada-agosto\/#primaryimage"},"thumbnailUrl":"https:\/\/files.sunoresearch.com.br\/n\/uploads\/2020\/05\/7dc019f6-coronavirus-jpg.webp","keywords":["coronav\u00edrus","Gilead (GILD34)","Remdesivir"],"articleSection":["Neg\u00f3cios"],"inLanguage":"pt-BR"},{"@type":"WebPage","@id":"https:\/\/www.suno.com.br\/noticias\/remdesivir-droga-tratamento-coronavirus-testada-agosto\/","url":"https:\/\/www.suno.com.br\/noticias\/remdesivir-droga-tratamento-coronavirus-testada-agosto\/","name":"Remdesivir, droga para tratamento do coronav\u00edrus, ser\u00e1 testada em agosto","isPartOf":{"@id":"https:\/\/www.suno.com.br\/noticias\/#website"},"primaryImageOfPage":{"@id":"https:\/\/www.suno.com.br\/noticias\/remdesivir-droga-tratamento-coronavirus-testada-agosto\/#primaryimage"},"image":{"@id":"https:\/\/www.suno.com.br\/noticias\/remdesivir-droga-tratamento-coronavirus-testada-agosto\/#primaryimage"},"thumbnailUrl":"https:\/\/files.sunoresearch.com.br\/n\/uploads\/2020\/05\/7dc019f6-coronavirus-jpg.webp","datePublished":"2020-06-22T20:11:52+00:00","description":"A Gilead anunciou que em breve iniciar\u00e1 estudos cl\u00ednicos com seu medicamento para coronav\u00edrus (covid-19), Remdesivir. Clique para ver mais.","breadcrumb":{"@id":"https:\/\/www.suno.com.br\/noticias\/remdesivir-droga-tratamento-coronavirus-testada-agosto\/#breadcrumb"},"inLanguage":"pt-BR","potentialAction":[{"@type":"ReadAction","target":["https:\/\/www.suno.com.br\/noticias\/remdesivir-droga-tratamento-coronavirus-testada-agosto\/"]}]},{"@type":"ImageObject","inLanguage":"pt-BR","@id":"https:\/\/www.suno.com.br\/noticias\/remdesivir-droga-tratamento-coronavirus-testada-agosto\/#primaryimage","url":"https:\/\/files.sunoresearch.com.br\/n\/uploads\/2020\/05\/7dc019f6-coronavirus-jpg.webp","contentUrl":"https:\/\/files.sunoresearch.com.br\/n\/uploads\/2020\/05\/7dc019f6-coronavirus-jpg.webp","width":1600,"height":900,"caption":"Coronav\u00edrus: Remdesivir reduz em 62% risco de mortalidade, diz estudo"},{"@type":"BreadcrumbList","@id":"https:\/\/www.suno.com.br\/noticias\/remdesivir-droga-tratamento-coronavirus-testada-agosto\/#breadcrumb","itemListElement":[{"@type":"ListItem","position":1,"name":"Not\u00edcias","item":"https:\/\/www.suno.com.br\/noticias\/"},{"@type":"ListItem","position":2,"name":"Neg\u00f3cios","item":"https:\/\/www.suno.com.br\/noticias\/negocios\/"},{"@type":"ListItem","position":3,"name":"Remdesivir, droga para tratamento do coronav\u00edrus, ser\u00e1 testada em agosto"}]},{"@type":"WebSite","@id":"https:\/\/www.suno.com.br\/noticias\/#website","url":"https:\/\/www.suno.com.br\/noticias\/","name":"Suno Not\u00edcias","description":"Seu portal de informa\u00e7\u00e3o sobre o mundo dos investimentos","publisher":{"@id":"https:\/\/www.suno.com.br\/noticias\/#organization"},"potentialAction":[{"@type":"SearchAction","target":{"@type":"EntryPoint","urlTemplate":"https:\/\/www.suno.com.br\/noticias\/?s={search_term_string}"},"query-input":{"@type":"PropertyValueSpecification","valueRequired":true,"valueName":"search_term_string"}}],"inLanguage":"pt-BR"},{"@type":"Organization","@id":"https:\/\/www.suno.com.br\/noticias\/#organization","name":"Suno Not\u00edcias","url":"https:\/\/www.suno.com.br\/noticias\/","logo":{"@type":"ImageObject","inLanguage":"pt-BR","@id":"https:\/\/www.suno.com.br\/noticias\/#\/schema\/logo\/image\/","url":"https:\/\/files.sunoresearch.com.br\/n\/uploads\/2021\/09\/suno-logo.png","contentUrl":"https:\/\/files.sunoresearch.com.br\/n\/uploads\/2021\/09\/suno-logo.png","width":180,"height":180,"caption":"Suno Not\u00edcias"},"image":{"@id":"https:\/\/www.suno.com.br\/noticias\/#\/schema\/logo\/image\/"},"sameAs":["https:\/\/facebook.com\/sunoresearch","https:\/\/x.com\/sunoresearch","https:\/\/www.instagram.com\/suno","https:\/\/www.linkedin.com\/company\/suno-research\/","https:\/\/www.youtube.com\/c\/sunoresearch"]},{"@type":"Person","@id":"https:\/\/www.suno.com.br\/noticias\/#\/schema\/person\/a7796c19fcf6bafd03b9a2fa1fd9ae20","name":"Daniel Guimar\u00e3es","image":{"@type":"ImageObject","inLanguage":"pt-BR","@id":"https:\/\/www.suno.com.br\/noticias\/#\/schema\/person\/image\/","url":"https:\/\/secure.gravatar.com\/avatar\/fb8260757609f58f0c0ac079d1b32eff?s=96&r=g","contentUrl":"https:\/\/secure.gravatar.com\/avatar\/fb8260757609f58f0c0ac079d1b32eff?s=96&r=g","caption":"Daniel Guimar\u00e3es"},"description":"Estagi\u00e1rio na Suno Not\u00edcias, Daniel escreve not\u00edcias que afetam o mercado financeiro brasileiro e internacional. Estuda economia na Rutgers University, em New Jersey.","sameAs":["suno.research"],"url":"https:\/\/www.suno.com.br\/noticias\/author\/daniel\/"}]}},"default_loop_html":"<div class=\"cardsPage__listCard__boxs\"><div class=\"cardsPage__listCard__boxs__img\"><a href=\"https:\/\/www.suno.com.br\/noticias\/remdesivir-droga-tratamento-coronavirus-testada-agosto\/\"><img class=\"mask\" src=\"https:\/\/www.suno.com.br\/noticias\/wp-content\/themes\/suno\/resources\/images\/spotlight\/spotlight1img\/bg-mask.png\" alt=\"Image Mask\"\/><img src=\"https:\/\/files.sunoresearch.com.br\/n\/uploads\/2020\/05\/7dc019f6-coronavirus-400x200.webp\" alt=\"Remdesivir, droga para tratamento do coronav\u00edrus, ser\u00e1 testada em agosto\"\/><\/a><span class=\"spotlightCategory\"><a href=\"https:\/\/www.suno.com.br\/noticias\/negocios\/\">Neg\u00f3cios<\/a><\/span><\/div><div class=\"cardsPage__listCard__boxs__content\"><a href=\"https:\/\/www.suno.com.br\/noticias\/remdesivir-droga-tratamento-coronavirus-testada-agosto\/\"><h2 class=\"content__title\">Remdesivir, droga para tratamento do coronav\u00edrus, ser\u00e1 testada em agosto<\/h2><\/a><div class=\"newsContent__article__meta\"><div class=\"newsContent__article__meta__authorBox\"><a href=\"https:\/\/www.suno.com.br\/noticias\/author\/daniel\/\" class=\"authorBox__avatar noMobi\"><img src=\"https:\/\/files.sunoresearch.com.br\/n\/uploads\/2020\/08\/e51aadd2-whatsapp-image-2020-08-03-at-14.03.48-150x150.webp\" alt=\"Daniel Guimar\u00e3es\"><\/a><div class=\"authorBox__name\"><span>por\n\t\t\t<a href=\"https:\/\/www.suno.com.br\/noticias\/author\/daniel\/\"><span itemprop=\"author\">Daniel Guimar\u00e3es<\/span><\/a><\/span><time datetime=\"2020-06-22T17:11:52-03:00\" itemprop=\"datePublished\">22\/06\/2020 17:11<\/time><\/div><\/div><\/div><\/div><\/div>","single_layout":"posts","amp_enabled":true,"_links":{"self":[{"href":"https:\/\/www.suno.com.br\/noticias\/wp-json\/wp\/v2\/posts\/69930"}],"collection":[{"href":"https:\/\/www.suno.com.br\/noticias\/wp-json\/wp\/v2\/posts"}],"about":[{"href":"https:\/\/www.suno.com.br\/noticias\/wp-json\/wp\/v2\/types\/post"}],"author":[{"embeddable":true,"href":"https:\/\/www.suno.com.br\/noticias\/wp-json\/wp\/v2\/users\/44"}],"replies":[{"embeddable":true,"href":"https:\/\/www.suno.com.br\/noticias\/wp-json\/wp\/v2\/comments?post=69930"}],"version-history":[{"count":0,"href":"https:\/\/www.suno.com.br\/noticias\/wp-json\/wp\/v2\/posts\/69930\/revisions"}],"wp:featuredmedia":[{"embeddable":true,"href":"https:\/\/www.suno.com.br\/noticias\/wp-json\/wp\/v2\/media\/65719"}],"wp:attachment":[{"href":"https:\/\/www.suno.com.br\/noticias\/wp-json\/wp\/v2\/media?parent=69930"}],"wp:term":[{"taxonomy":"category","embeddable":true,"href":"https:\/\/www.suno.com.br\/noticias\/wp-json\/wp\/v2\/categories?post=69930"},{"taxonomy":"post_tag","embeddable":true,"href":"https:\/\/www.suno.com.br\/noticias\/wp-json\/wp\/v2\/tags?post=69930"},{"taxonomy":"suno_strategy","embeddable":true,"href":"https:\/\/www.suno.com.br\/noticias\/wp-json\/wp\/v2\/suno_strategy?post=69930"}],"curies":[{"name":"wp","href":"https:\/\/api.w.org\/{rel}","templated":true}]}}