{"id":69917,"date":"2020-06-22T15:52:46","date_gmt":"2020-06-22T18:52:46","guid":{"rendered":"https:\/\/www.suno.com.br\/noticias\/?p=69917"},"modified":"2021-02-17T22:26:33","modified_gmt":"2021-02-18T01:26:33","slug":"coronavoucher-bolsonaro-valor-mais-baixo-parcelas-extras","status":"publish","type":"post","link":"https:\/\/www.suno.com.br\/noticias\/coronavoucher-bolsonaro-valor-mais-baixo-parcelas-extras\/","title":{"rendered":"Coronavoucher: Bolsonaro negocia &#8216;valor mais baixo&#8217; para parcelas extras"},"content":{"rendered":"<p>O presidente da Rep\u00fablica, <a href=\"https:\/\/www.suno.com.br\/noticias\/tags\/bolsonaro\/\">Jair Bolsonaro<\/a> (sem partido), afirmou nessa segunda-feira (22) durante uma entrevista que est\u00e1 negociado com os presidentes da C\u00e2mara e do Senado um valor um pouco mais baixo para as duas parcelas extras do <a href=\"https:\/\/www.suno.com.br\/noticias\/tags\/coronavoucher\/\">aux\u00edlio emergencial de R$ 600, conhecido como <strong>coronavoucher<\/strong><\/a>.<\/p>\t<div class=\"wrapper-featured-image\">\n\t\t<figure class=\"spotlightImg\">\n\n\t\t\t<picture>\n\t\t\t\t<source media=\"(max-width: 768px)\" srcset=\"https:\/\/files.sunoresearch.com.br\/n\/uploads\/2019\/01\/23991aae-jair-bolsonaro-400x200.webp\">\n\t\t\t\t<img loading=\"lazy\" decoding=\"async\" class=\"newsContent__article__imgCapa lazyloadDisabled newsContent__article__imgCapa--noCaption\" src=\"https:\/\/files.sunoresearch.com.br\/n\/uploads\/2019\/01\/23991aae-jair-bolsonaro-800x450.webp\" width=\"800\" height=\"450\" alt=\"Coronavoucher: Bolsonaro negocia &#8216;valor mais baixo&#8217; para parcelas extras\" fetchpriority=high \/>\n\t\t\t<\/picture>\n\n\t\t\t<figcaption class=\"wp-caption-text wp-caption-text--hide\">Coronavoucher: Bolsonaro negocia &#039;valor mais baixo&#039; para parcelas extras<\/figcaption>\n\t\t<\/figure>\n\t<\/div>\n\n\n\n<p><strong>Bolsonaro<\/strong> destacou que &#8220;vai ser negociado com a C\u00e2mara, presidente da C\u00e2mara, presidente do Senado, um valor um pouco mais baixo e prorrogar por mais dois meses (o coronavoucher), talvez a gente suporte, mas n\u00e3o o valor cheio de 600 reais&#8221;.<\/p>\n<p>Segundo ele a &#8220;Uni\u00e3o n\u00e3o aguenta outro desse mesmo montante que por m\u00eas nos custa cerca de R$ 50 bilh\u00f5es. Se o pa\u00eds se endividar demais, vamos ter problema&#8221;.<\/p>\n<p><a href=\"https:\/\/lp.suno.com.br\/suno-one\/\">Suno One: o primeiro passo para alcan\u00e7ar a sua independ\u00eancia financeira. Acesse agora, \u00e9 gratuito!<\/a><\/p>\n<p>Em contrapartida, o presidente da C\u00e2mara dos deputados, <a href=\"https:\/\/www.suno.com.br\/noticias\/tags\/rodrigo-maia\/\">Rodrigo Maia<\/a> (DEM-RJ), j\u00e1 havia declarado no \u00faltimo dia 10 que &#8216;h\u00e1 um ambiente no Congresso (para aprovar) os R$ 600&#8243;, durante uma entrevista \u00e0 jornalista Leda Nagle.<\/p>\n<p>Al\u00e9m disso, durante a entrevista dessa segunda-feira, o mandat\u00e1rio destacou o tema sobre saneamento b\u00e1sico como &#8220;o mais importante nesse momento&#8221;. Segundo Bolsonaro, o <strong>Brasil<\/strong> conta com cerca de 100 milh\u00f5es de pessoas sem acesso a \u00e1gua encanada e esgoto. Frente a isso, o pol\u00edtico indicou que aprimorando o saneamento haveria uma melhora em rela\u00e7\u00e3o as doen\u00e7as relacionadas a essa quest\u00e3o.<\/p>\n<h2>Maia defende coronavoucher por mais tr\u00eas meses<\/h2>\n<p>O presidente da C\u00e2mara dos Deputados, Rodrigo Maia, disse, no \u00faltimo s\u00e1bado (20), que \u00e9 favor\u00e1vel \u00e0 continuidade do <b>aux\u00edlio emergencial <\/b>de R$ 600 por mais dois ou tr\u00eas meses.<\/p>\n<p>Em sua conta pessoal do Twitter, <strong>Maia<\/strong> disse que grande parte dos parlamentares deve seguir sua ideia e que o governo n\u00e3o pode mais para efetivar a prorroga\u00e7\u00e3o do benef\u00edcio. O aux\u00edlio emergencial abrange trabalhadores sem carteira assinada, aut\u00f4nomos, <a href=\"https:\/\/www.suno.com.br\/noticias\/mei-microempreendedor-individual\/\">Micro Empreendedores Individuais (MEIs)<\/a> e desempregados, com pagamentos de R$ 600 a R$ 1.200 (caso para m\u00e3es chefe de fam\u00edlia).<\/p>\n<p><a class=\"LinkSuggestion__Link-sc-1mdih4x-2 jZPuuT\" href=\"https:\/\/www.suno.com.br\/noticias\/coronavoucher-prazo-solicitacao-2-julho\/\" target=\"_blank\" rel=\"noopener noreferrer\">Veja tamb\u00e9m: Coronavoucher: prazo para solicita\u00e7\u00e3o \u00e9 at\u00e9 2 de julho<\/a><\/p>\n<p>O presidente Jair Bolsonaro, no entanto, defende o pagamento de mais parcelas, mas de menor valor. O mandat\u00e1rio j\u00e1 se pronunciou e se diz favor\u00e1vel \u00e0 concess\u00e3o do <strong>coronavoucher<\/strong> na ordem de R$ 300.<\/p>\n\n","protected":false},"excerpt":{"rendered":"<p>O presidente da Rep\u00fablica, Jair Bolsonaro (sem partido), afirmou nessa segunda-feira (22) durante uma entrevista que est\u00e1 negociado com os presidentes da C\u00e2mara e do Senado um valor um pouco mais baixo para as duas parcelas extras do aux\u00edlio emergencial de R$ 600, conhecido como coronavoucher. Coronavoucher: Bolsonaro negocia &#039;valor mais baixo&#039; para parcelas extras [&hellip;]<\/p>\n","protected":false},"author":39,"featured_media":12214,"comment_status":"closed","ping_status":"closed","sticky":false,"template":"","format":"standard","meta":[],"categories":[65],"tags":[17139,2487,12737,5255,719],"suno_strategy":[],"class_list":["post-69917","post","type-post","status-publish","format-standard","has-post-thumbnail","hentry","category-financas-pessoais","tag-auxilio-emergencial","tag-coronavirus","tag-coronavoucher","tag-covid-19","tag-jair-bolsonaro"],"yoast_head":"<!-- This site is optimized with the Yoast SEO plugin v24.4 - https:\/\/yoast.com\/wordpress\/plugins\/seo\/ -->\n<title>Coronavoucher: Bolsonaro negocia &#039;valor mais baixo&#039; para parcelas extras<\/title>\n<meta name=\"description\" content=\"Bolsonaro est\u00e1 negociado com a C\u00e2mara e o Senado um valor menor para as 2 parcelas extras do coronavoucher. Clique aqui para saber mais.\" \/>\n<meta name=\"robots\" content=\"index, follow, max-snippet:-1, max-image-preview:large, max-video-preview:-1\" \/>\n<link rel=\"canonical\" href=\"https:\/\/www.suno.com.br\/noticias\/coronavoucher-bolsonaro-valor-mais-baixo-parcelas-extras\/\" \/>\n<meta property=\"og:locale\" content=\"pt_BR\" \/>\n<meta property=\"og:type\" content=\"article\" \/>\n<meta property=\"og:title\" content=\"Coronavoucher: Bolsonaro negocia &#039;valor mais baixo&#039; para parcelas extras\" \/>\n<meta property=\"og:description\" content=\"Bolsonaro est\u00e1 negociado com a C\u00e2mara e o Senado um valor menor para as 2 parcelas extras do coronavoucher. Clique aqui para saber mais.\" \/>\n<meta property=\"og:url\" content=\"https:\/\/www.suno.com.br\/noticias\/coronavoucher-bolsonaro-valor-mais-baixo-parcelas-extras\/\" \/>\n<meta property=\"og:site_name\" content=\"Suno Not\u00edcias\" \/>\n<meta property=\"article:publisher\" content=\"https:\/\/facebook.com\/sunoresearch\" \/>\n<meta property=\"og:image\" content=\"https:\/\/files.sunoresearch.com.br\/n\/uploads\/2019\/01\/23991aae-jair-bolsonaro.jpg\" \/>\n\t<meta property=\"og:image:width\" content=\"1140\" \/>\n\t<meta property=\"og:image:height\" content=\"760\" \/>\n\t<meta property=\"og:image:type\" content=\"image\/jpeg\" \/>\n<meta name=\"author\" content=\"Laura Moutinho\" \/>\n<meta name=\"twitter:card\" content=\"summary_large_image\" \/>\n<meta name=\"twitter:creator\" content=\"@sunoresearch\" \/>\n<meta name=\"twitter:site\" content=\"@sunoresearch\" \/>\n<meta name=\"twitter:label1\" content=\"Escrito por\" \/>\n\t<meta name=\"twitter:data1\" content=\"Laura Moutinho\" \/>\n\t<meta name=\"twitter:label2\" content=\"Est. tempo de leitura\" \/>\n\t<meta name=\"twitter:data2\" content=\"2 minutos\" \/>\n<script type=\"application\/ld+json\" class=\"yoast-schema-graph\">{\"@context\":\"https:\/\/schema.org\",\"@graph\":[{\"@type\":\"NewsArticle\",\"@id\":\"https:\/\/www.suno.com.br\/noticias\/coronavoucher-bolsonaro-valor-mais-baixo-parcelas-extras\/#article\",\"isPartOf\":{\"@id\":\"https:\/\/www.suno.com.br\/noticias\/coronavoucher-bolsonaro-valor-mais-baixo-parcelas-extras\/\"},\"author\":{\"name\":\"Laura Moutinho\",\"@id\":\"https:\/\/www.suno.com.br\/noticias\/#\/schema\/person\/3df0d2808748b74496efe5dbeaef2c72\"},\"headline\":\"Coronavoucher: Bolsonaro negocia &#8216;valor mais baixo&#8217; para parcelas extras\",\"datePublished\":\"2020-06-22T18:52:46+00:00\",\"dateModified\":\"2021-02-18T01:26:33+00:00\",\"mainEntityOfPage\":{\"@id\":\"https:\/\/www.suno.com.br\/noticias\/coronavoucher-bolsonaro-valor-mais-baixo-parcelas-extras\/\"},\"wordCount\":407,\"publisher\":{\"@id\":\"https:\/\/www.suno.com.br\/noticias\/#organization\"},\"image\":{\"@id\":\"https:\/\/www.suno.com.br\/noticias\/coronavoucher-bolsonaro-valor-mais-baixo-parcelas-extras\/#primaryimage\"},\"thumbnailUrl\":\"https:\/\/files.sunoresearch.com.br\/n\/uploads\/2019\/01\/23991aae-jair-bolsonaro-jpg.webp\",\"keywords\":[\"aux\u00edlio emergencial\",\"coronav\u00edrus\",\"coronavoucher\",\"covid-19\",\"Jair Bolsonaro\"],\"articleSection\":[\"Finan\u00e7as Pessoais\"],\"inLanguage\":\"pt-BR\"},{\"@type\":\"WebPage\",\"@id\":\"https:\/\/www.suno.com.br\/noticias\/coronavoucher-bolsonaro-valor-mais-baixo-parcelas-extras\/\",\"url\":\"https:\/\/www.suno.com.br\/noticias\/coronavoucher-bolsonaro-valor-mais-baixo-parcelas-extras\/\",\"name\":\"Coronavoucher: Bolsonaro negocia 'valor mais baixo' para parcelas extras\",\"isPartOf\":{\"@id\":\"https:\/\/www.suno.com.br\/noticias\/#website\"},\"primaryImageOfPage\":{\"@id\":\"https:\/\/www.suno.com.br\/noticias\/coronavoucher-bolsonaro-valor-mais-baixo-parcelas-extras\/#primaryimage\"},\"image\":{\"@id\":\"https:\/\/www.suno.com.br\/noticias\/coronavoucher-bolsonaro-valor-mais-baixo-parcelas-extras\/#primaryimage\"},\"thumbnailUrl\":\"https:\/\/files.sunoresearch.com.br\/n\/uploads\/2019\/01\/23991aae-jair-bolsonaro-jpg.webp\",\"datePublished\":\"2020-06-22T18:52:46+00:00\",\"dateModified\":\"2021-02-18T01:26:33+00:00\",\"description\":\"Bolsonaro est\u00e1 negociado com a C\u00e2mara e o Senado um valor menor para as 2 parcelas extras do coronavoucher. Clique aqui para saber mais.\",\"breadcrumb\":{\"@id\":\"https:\/\/www.suno.com.br\/noticias\/coronavoucher-bolsonaro-valor-mais-baixo-parcelas-extras\/#breadcrumb\"},\"inLanguage\":\"pt-BR\",\"potentialAction\":[{\"@type\":\"ReadAction\",\"target\":[\"https:\/\/www.suno.com.br\/noticias\/coronavoucher-bolsonaro-valor-mais-baixo-parcelas-extras\/\"]}]},{\"@type\":\"ImageObject\",\"inLanguage\":\"pt-BR\",\"@id\":\"https:\/\/www.suno.com.br\/noticias\/coronavoucher-bolsonaro-valor-mais-baixo-parcelas-extras\/#primaryimage\",\"url\":\"https:\/\/files.sunoresearch.com.br\/n\/uploads\/2019\/01\/23991aae-jair-bolsonaro-jpg.webp\",\"contentUrl\":\"https:\/\/files.sunoresearch.com.br\/n\/uploads\/2019\/01\/23991aae-jair-bolsonaro-jpg.webp\",\"width\":1140,\"height\":760,\"caption\":\"Coronavoucher: Bolsonaro negocia 'valor mais baixo' para parcelas extras\"},{\"@type\":\"BreadcrumbList\",\"@id\":\"https:\/\/www.suno.com.br\/noticias\/coronavoucher-bolsonaro-valor-mais-baixo-parcelas-extras\/#breadcrumb\",\"itemListElement\":[{\"@type\":\"ListItem\",\"position\":1,\"name\":\"Not\u00edcias\",\"item\":\"https:\/\/www.suno.com.br\/noticias\/\"},{\"@type\":\"ListItem\",\"position\":2,\"name\":\"Finan\u00e7as Pessoais\",\"item\":\"https:\/\/www.suno.com.br\/noticias\/financas-pessoais\/\"},{\"@type\":\"ListItem\",\"position\":3,\"name\":\"Coronavoucher: Bolsonaro negocia &#8216;valor mais baixo&#8217; para parcelas extras\"}]},{\"@type\":\"WebSite\",\"@id\":\"https:\/\/www.suno.com.br\/noticias\/#website\",\"url\":\"https:\/\/www.suno.com.br\/noticias\/\",\"name\":\"Suno Not\u00edcias\",\"description\":\"Seu portal de informa\u00e7\u00e3o sobre o mundo dos investimentos\",\"publisher\":{\"@id\":\"https:\/\/www.suno.com.br\/noticias\/#organization\"},\"potentialAction\":[{\"@type\":\"SearchAction\",\"target\":{\"@type\":\"EntryPoint\",\"urlTemplate\":\"https:\/\/www.suno.com.br\/noticias\/?s={search_term_string}\"},\"query-input\":{\"@type\":\"PropertyValueSpecification\",\"valueRequired\":true,\"valueName\":\"search_term_string\"}}],\"inLanguage\":\"pt-BR\"},{\"@type\":\"Organization\",\"@id\":\"https:\/\/www.suno.com.br\/noticias\/#organization\",\"name\":\"Suno Not\u00edcias\",\"url\":\"https:\/\/www.suno.com.br\/noticias\/\",\"logo\":{\"@type\":\"ImageObject\",\"inLanguage\":\"pt-BR\",\"@id\":\"https:\/\/www.suno.com.br\/noticias\/#\/schema\/logo\/image\/\",\"url\":\"https:\/\/files.sunoresearch.com.br\/n\/uploads\/2021\/09\/suno-logo.png\",\"contentUrl\":\"https:\/\/files.sunoresearch.com.br\/n\/uploads\/2021\/09\/suno-logo.png\",\"width\":180,\"height\":180,\"caption\":\"Suno Not\u00edcias\"},\"image\":{\"@id\":\"https:\/\/www.suno.com.br\/noticias\/#\/schema\/logo\/image\/\"},\"sameAs\":[\"https:\/\/facebook.com\/sunoresearch\",\"https:\/\/x.com\/sunoresearch\",\"https:\/\/www.instagram.com\/suno\",\"https:\/\/www.linkedin.com\/company\/suno-research\/\",\"https:\/\/www.youtube.com\/c\/sunoresearch\"]},{\"@type\":\"Person\",\"@id\":\"https:\/\/www.suno.com.br\/noticias\/#\/schema\/person\/3df0d2808748b74496efe5dbeaef2c72\",\"name\":\"Laura Moutinho\",\"image\":{\"@type\":\"ImageObject\",\"inLanguage\":\"pt-BR\",\"@id\":\"https:\/\/www.suno.com.br\/noticias\/#\/schema\/person\/image\/\",\"url\":\"https:\/\/secure.gravatar.com\/avatar\/7571c7c8ca3a6fca5e41384ece5557ff?s=96&r=g\",\"contentUrl\":\"https:\/\/secure.gravatar.com\/avatar\/7571c7c8ca3a6fca5e41384ece5557ff?s=96&r=g\",\"caption\":\"Laura Moutinho\"},\"description\":\"Estagi\u00e1ria na Suno Not\u00edcias, escreve not\u00edcias que afetam o mercado financeiro. Estuda administra\u00e7\u00e3o na Universidade Presbiteriana Mackenzie.\",\"url\":\"https:\/\/www.suno.com.br\/noticias\/author\/laura-moutinho\/\"}]}<\/script>\n<!-- \/ Yoast SEO plugin. -->","yoast_head_json":{"title":"Coronavoucher: Bolsonaro negocia 'valor mais baixo' para parcelas extras","description":"Bolsonaro est\u00e1 negociado com a C\u00e2mara e o Senado um valor menor para as 2 parcelas extras do coronavoucher. Clique aqui para saber mais.","robots":{"index":"index","follow":"follow","max-snippet":"max-snippet:-1","max-image-preview":"max-image-preview:large","max-video-preview":"max-video-preview:-1"},"canonical":"https:\/\/www.suno.com.br\/noticias\/coronavoucher-bolsonaro-valor-mais-baixo-parcelas-extras\/","og_locale":"pt_BR","og_type":"article","og_title":"Coronavoucher: Bolsonaro negocia 'valor mais baixo' para parcelas extras","og_description":"Bolsonaro est\u00e1 negociado com a C\u00e2mara e o Senado um valor menor para as 2 parcelas extras do coronavoucher. Clique aqui para saber mais.","og_url":"https:\/\/www.suno.com.br\/noticias\/coronavoucher-bolsonaro-valor-mais-baixo-parcelas-extras\/","og_site_name":"Suno Not\u00edcias","article_publisher":"https:\/\/facebook.com\/sunoresearch","og_image":[{"width":1140,"height":760,"url":"https:\/\/files.sunoresearch.com.br\/n\/uploads\/2019\/01\/23991aae-jair-bolsonaro.jpg","type":"image\/jpeg"}],"author":"Laura Moutinho","twitter_card":"summary_large_image","twitter_creator":"@sunoresearch","twitter_site":"@sunoresearch","twitter_misc":{"Escrito por":"Laura Moutinho","Est. tempo de leitura":"2 minutos"},"schema":{"@context":"https:\/\/schema.org","@graph":[{"@type":"NewsArticle","@id":"https:\/\/www.suno.com.br\/noticias\/coronavoucher-bolsonaro-valor-mais-baixo-parcelas-extras\/#article","isPartOf":{"@id":"https:\/\/www.suno.com.br\/noticias\/coronavoucher-bolsonaro-valor-mais-baixo-parcelas-extras\/"},"author":{"name":"Laura Moutinho","@id":"https:\/\/www.suno.com.br\/noticias\/#\/schema\/person\/3df0d2808748b74496efe5dbeaef2c72"},"headline":"Coronavoucher: Bolsonaro negocia &#8216;valor mais baixo&#8217; para parcelas extras","datePublished":"2020-06-22T18:52:46+00:00","dateModified":"2021-02-18T01:26:33+00:00","mainEntityOfPage":{"@id":"https:\/\/www.suno.com.br\/noticias\/coronavoucher-bolsonaro-valor-mais-baixo-parcelas-extras\/"},"wordCount":407,"publisher":{"@id":"https:\/\/www.suno.com.br\/noticias\/#organization"},"image":{"@id":"https:\/\/www.suno.com.br\/noticias\/coronavoucher-bolsonaro-valor-mais-baixo-parcelas-extras\/#primaryimage"},"thumbnailUrl":"https:\/\/files.sunoresearch.com.br\/n\/uploads\/2019\/01\/23991aae-jair-bolsonaro-jpg.webp","keywords":["aux\u00edlio emergencial","coronav\u00edrus","coronavoucher","covid-19","Jair Bolsonaro"],"articleSection":["Finan\u00e7as Pessoais"],"inLanguage":"pt-BR"},{"@type":"WebPage","@id":"https:\/\/www.suno.com.br\/noticias\/coronavoucher-bolsonaro-valor-mais-baixo-parcelas-extras\/","url":"https:\/\/www.suno.com.br\/noticias\/coronavoucher-bolsonaro-valor-mais-baixo-parcelas-extras\/","name":"Coronavoucher: Bolsonaro negocia 'valor mais baixo' para parcelas extras","isPartOf":{"@id":"https:\/\/www.suno.com.br\/noticias\/#website"},"primaryImageOfPage":{"@id":"https:\/\/www.suno.com.br\/noticias\/coronavoucher-bolsonaro-valor-mais-baixo-parcelas-extras\/#primaryimage"},"image":{"@id":"https:\/\/www.suno.com.br\/noticias\/coronavoucher-bolsonaro-valor-mais-baixo-parcelas-extras\/#primaryimage"},"thumbnailUrl":"https:\/\/files.sunoresearch.com.br\/n\/uploads\/2019\/01\/23991aae-jair-bolsonaro-jpg.webp","datePublished":"2020-06-22T18:52:46+00:00","dateModified":"2021-02-18T01:26:33+00:00","description":"Bolsonaro est\u00e1 negociado com a C\u00e2mara e o Senado um valor menor para as 2 parcelas extras do coronavoucher. Clique aqui para saber mais.","breadcrumb":{"@id":"https:\/\/www.suno.com.br\/noticias\/coronavoucher-bolsonaro-valor-mais-baixo-parcelas-extras\/#breadcrumb"},"inLanguage":"pt-BR","potentialAction":[{"@type":"ReadAction","target":["https:\/\/www.suno.com.br\/noticias\/coronavoucher-bolsonaro-valor-mais-baixo-parcelas-extras\/"]}]},{"@type":"ImageObject","inLanguage":"pt-BR","@id":"https:\/\/www.suno.com.br\/noticias\/coronavoucher-bolsonaro-valor-mais-baixo-parcelas-extras\/#primaryimage","url":"https:\/\/files.sunoresearch.com.br\/n\/uploads\/2019\/01\/23991aae-jair-bolsonaro-jpg.webp","contentUrl":"https:\/\/files.sunoresearch.com.br\/n\/uploads\/2019\/01\/23991aae-jair-bolsonaro-jpg.webp","width":1140,"height":760,"caption":"Coronavoucher: Bolsonaro negocia 'valor mais baixo' para parcelas extras"},{"@type":"BreadcrumbList","@id":"https:\/\/www.suno.com.br\/noticias\/coronavoucher-bolsonaro-valor-mais-baixo-parcelas-extras\/#breadcrumb","itemListElement":[{"@type":"ListItem","position":1,"name":"Not\u00edcias","item":"https:\/\/www.suno.com.br\/noticias\/"},{"@type":"ListItem","position":2,"name":"Finan\u00e7as Pessoais","item":"https:\/\/www.suno.com.br\/noticias\/financas-pessoais\/"},{"@type":"ListItem","position":3,"name":"Coronavoucher: Bolsonaro negocia &#8216;valor mais baixo&#8217; para parcelas extras"}]},{"@type":"WebSite","@id":"https:\/\/www.suno.com.br\/noticias\/#website","url":"https:\/\/www.suno.com.br\/noticias\/","name":"Suno Not\u00edcias","description":"Seu portal de informa\u00e7\u00e3o sobre o mundo dos investimentos","publisher":{"@id":"https:\/\/www.suno.com.br\/noticias\/#organization"},"potentialAction":[{"@type":"SearchAction","target":{"@type":"EntryPoint","urlTemplate":"https:\/\/www.suno.com.br\/noticias\/?s={search_term_string}"},"query-input":{"@type":"PropertyValueSpecification","valueRequired":true,"valueName":"search_term_string"}}],"inLanguage":"pt-BR"},{"@type":"Organization","@id":"https:\/\/www.suno.com.br\/noticias\/#organization","name":"Suno Not\u00edcias","url":"https:\/\/www.suno.com.br\/noticias\/","logo":{"@type":"ImageObject","inLanguage":"pt-BR","@id":"https:\/\/www.suno.com.br\/noticias\/#\/schema\/logo\/image\/","url":"https:\/\/files.sunoresearch.com.br\/n\/uploads\/2021\/09\/suno-logo.png","contentUrl":"https:\/\/files.sunoresearch.com.br\/n\/uploads\/2021\/09\/suno-logo.png","width":180,"height":180,"caption":"Suno Not\u00edcias"},"image":{"@id":"https:\/\/www.suno.com.br\/noticias\/#\/schema\/logo\/image\/"},"sameAs":["https:\/\/facebook.com\/sunoresearch","https:\/\/x.com\/sunoresearch","https:\/\/www.instagram.com\/suno","https:\/\/www.linkedin.com\/company\/suno-research\/","https:\/\/www.youtube.com\/c\/sunoresearch"]},{"@type":"Person","@id":"https:\/\/www.suno.com.br\/noticias\/#\/schema\/person\/3df0d2808748b74496efe5dbeaef2c72","name":"Laura Moutinho","image":{"@type":"ImageObject","inLanguage":"pt-BR","@id":"https:\/\/www.suno.com.br\/noticias\/#\/schema\/person\/image\/","url":"https:\/\/secure.gravatar.com\/avatar\/7571c7c8ca3a6fca5e41384ece5557ff?s=96&r=g","contentUrl":"https:\/\/secure.gravatar.com\/avatar\/7571c7c8ca3a6fca5e41384ece5557ff?s=96&r=g","caption":"Laura Moutinho"},"description":"Estagi\u00e1ria na Suno Not\u00edcias, escreve not\u00edcias que afetam o mercado financeiro. Estuda administra\u00e7\u00e3o na Universidade Presbiteriana Mackenzie.","url":"https:\/\/www.suno.com.br\/noticias\/author\/laura-moutinho\/"}]}},"default_loop_html":"<div class=\"cardsPage__listCard__boxs\"><div class=\"cardsPage__listCard__boxs__img\"><a href=\"https:\/\/www.suno.com.br\/noticias\/coronavoucher-bolsonaro-valor-mais-baixo-parcelas-extras\/\"><img class=\"mask\" src=\"https:\/\/www.suno.com.br\/noticias\/wp-content\/themes\/suno\/resources\/images\/spotlight\/spotlight1img\/bg-mask.png\" alt=\"Image Mask\"\/><img src=\"https:\/\/files.sunoresearch.com.br\/n\/uploads\/2019\/01\/23991aae-jair-bolsonaro-400x200.webp\" alt=\"Coronavoucher: Bolsonaro negocia &#8216;valor mais baixo&#8217; para parcelas extras\"\/><\/a><span class=\"spotlightCategory\"><a href=\"https:\/\/www.suno.com.br\/noticias\/financas-pessoais\/\">Finan\u00e7as Pessoais<\/a><\/span><\/div><div class=\"cardsPage__listCard__boxs__content\"><a href=\"https:\/\/www.suno.com.br\/noticias\/coronavoucher-bolsonaro-valor-mais-baixo-parcelas-extras\/\"><h2 class=\"content__title\">Coronavoucher: Bolsonaro negocia &#8216;valor mais baixo&#8217; para parcelas extras<\/h2><\/a><div class=\"newsContent__article__meta\"><div class=\"newsContent__article__meta__authorBox\"><a href=\"https:\/\/www.suno.com.br\/noticias\/author\/laura-moutinho\/\" class=\"authorBox__avatar noMobi\"><img src=\"https:\/\/files.sunoresearch.com.br\/n\/uploads\/2020\/08\/531ff69d-whatsapp-image-2020-08-03-at-14.54.38-150x150.webp\" alt=\"Laura Moutinho\"><\/a><div class=\"authorBox__name\"><span>por\n\t\t\t<a href=\"https:\/\/www.suno.com.br\/noticias\/author\/laura-moutinho\/\"><span itemprop=\"author\">Laura Moutinho<\/span><\/a><\/span><time datetime=\"2020-06-22T15:52:46-03:00\" itemprop=\"datePublished\">22\/06\/2020 15:52<\/time><\/div><\/div><\/div><\/div><\/div>","single_layout":"posts","amp_enabled":true,"_links":{"self":[{"href":"https:\/\/www.suno.com.br\/noticias\/wp-json\/wp\/v2\/posts\/69917"}],"collection":[{"href":"https:\/\/www.suno.com.br\/noticias\/wp-json\/wp\/v2\/posts"}],"about":[{"href":"https:\/\/www.suno.com.br\/noticias\/wp-json\/wp\/v2\/types\/post"}],"author":[{"embeddable":true,"href":"https:\/\/www.suno.com.br\/noticias\/wp-json\/wp\/v2\/users\/39"}],"replies":[{"embeddable":true,"href":"https:\/\/www.suno.com.br\/noticias\/wp-json\/wp\/v2\/comments?post=69917"}],"version-history":[{"count":0,"href":"https:\/\/www.suno.com.br\/noticias\/wp-json\/wp\/v2\/posts\/69917\/revisions"}],"wp:featuredmedia":[{"embeddable":true,"href":"https:\/\/www.suno.com.br\/noticias\/wp-json\/wp\/v2\/media\/12214"}],"wp:attachment":[{"href":"https:\/\/www.suno.com.br\/noticias\/wp-json\/wp\/v2\/media?parent=69917"}],"wp:term":[{"taxonomy":"category","embeddable":true,"href":"https:\/\/www.suno.com.br\/noticias\/wp-json\/wp\/v2\/categories?post=69917"},{"taxonomy":"post_tag","embeddable":true,"href":"https:\/\/www.suno.com.br\/noticias\/wp-json\/wp\/v2\/tags?post=69917"},{"taxonomy":"suno_strategy","embeddable":true,"href":"https:\/\/www.suno.com.br\/noticias\/wp-json\/wp\/v2\/suno_strategy?post=69917"}],"curies":[{"name":"wp","href":"https:\/\/api.w.org\/{rel}","templated":true}]}}