{"id":69913,"date":"2020-06-22T15:46:51","date_gmt":"2020-06-22T18:46:51","guid":{"rendered":"https:\/\/www.suno.com.br\/noticias\/?p=69913"},"modified":"2020-06-22T15:46:51","modified_gmt":"2020-06-22T18:46:51","slug":"amazonia-europeias-ameacam-parar-investir-brasil","status":"publish","type":"post","link":"https:\/\/www.suno.com.br\/noticias\/amazonia-europeias-ameacam-parar-investir-brasil\/","title":{"rendered":"Amaz\u00f4nia: Empresas europeias amea\u00e7am cortar investimentos no Brasil devido ao desmatamento"},"content":{"rendered":"<p>De acordo com informa\u00e7\u00f5es do jornal &#8220;O Estado de S. Paulo&#8221;, sete grandes empresas de investimento europeias afirmaram \u00e0 ag\u00eancia &#8220;Reuters&#8221; que deixar\u00e3o de investir no Brasil, caso o Pa\u00eds n\u00e3o apresente uma solu\u00e7\u00e3o para o desmatamento na <strong>Amaz\u00f4nia<\/strong>.<\/p>\t<div class=\"wrapper-featured-image\">\n\t\t<figure class=\"spotlightImg\">\n\n\t\t\t<picture>\n\t\t\t\t<source media=\"(max-width: 768px)\" srcset=\"https:\/\/files.sunoresearch.com.br\/n\/uploads\/2020\/06\/c6448448-amaz\u00f4nia-e1592851585819-400x200.webp\">\n\t\t\t\t<img loading=\"lazy\" decoding=\"async\" class=\"newsContent__article__imgCapa lazyloadDisabled newsContent__article__imgCapa--noCaption\" src=\"https:\/\/files.sunoresearch.com.br\/n\/uploads\/2020\/06\/c6448448-amaz\u00f4nia-e1592851585819-800x450.webp\" width=\"800\" height=\"450\" alt=\"Amaz\u00f4nia: Empresas europeias amea\u00e7am cortar investimentos no Brasil devido ao desmatamento\" fetchpriority=high \/>\n\t\t\t<\/picture>\n\n\t\t\t<figcaption class=\"wp-caption-text wp-caption-text--hide\">Queimada na floresta Amaz\u00f4nica. Altamira, Estado do Par\u00e1. (Foto: Victor Moriyama \/ Greenpeace)<\/figcaption>\n\t\t<\/figure>\n\t<\/div>\n\n\n\n<p>O corte de investimentos, segundo o jornal, incluiria produtores de carne, operadoras de gr\u00e3os e at\u00e9 t\u00edtulos do governo brasileiro. As gigantes <strong>Nordea<\/strong> (finlandesa) e a <strong>Legal &amp; General Investment Management (LGIM)<\/strong>, que \u00e9 brit\u00e2nica, s\u00e3o algumas das empresas que est\u00e3o repudiando o que est\u00e1 acontecendo com a floresta tropical, que \u00e9 considerada por especialistas o &#8220;pulm\u00e3o do mundo&#8221;. Estes dois grupos de investidores possuem sob seus guarda-chuvas mais de US$ 2 trilh\u00f5es em ativos administrados.<\/p>\n<p>Com essa atitude, os grupos mostram que o setor privado est\u00e1 tomando atitudes globais para proteger a Amaz\u00f4nia.<\/p>\n<p><a href=\"https:\/\/lp.suno.com.br\/suno-one\/\">Suno One: acesse gratuitamente eBooks, Minicursos, Artigos e Video Aulas sobre investimentos com um \u00fanico cadastro. Clique para saber mais!<\/a><\/p>\n<p>O desmatamento na Amaz\u00f4nia brasileira no ano passado atingiu seu maior pico dentro de um per\u00edodo de 11 anos. Vale destacar que 2019 foi o primeiro ano do mandato do presidente Jair Bolsonaro.<\/p>\n<p>O desmatamento na maior floresta tropical do mundo aumentou mais 34% no acumulado deste ano at\u00e9 abril, segundo dados preliminares do Instituto Nacional de Pesquisas Espaciais (Inpe). O presidente da Rep\u00fablica afrouxou recentemente as prote\u00e7\u00f5es ambientais e solicitou mais minera\u00e7\u00e3o e agricultura na regi\u00e3o da floresta.<\/p>\n<p><a href=\"https:\/\/www.suno.com.br\/noticias\/davos-george-soros-ataca-bolsonaro-amazonia\/\">Veja tamb\u00e9m: Davos: George Soros ataca Bolsonaro sobre a Amaz\u00f4nia<\/a><\/p>\n<p>De acordo com o jornal, as sete empresas de gerenciamento de ativos que conversaram com a &#8220;Reuters&#8221; e fizeram a amea\u00e7a de investimento possuem mais de US$ 5 bilh\u00f5es em investimentos ligados ao nosso Pa\u00eds. Estas empresas s\u00e3o:<\/p>\n<ul>\n<li>Storebrand<\/li>\n<li>AP7<\/li>\n<li>KLP<\/li>\n<li>DNB Asset Management<\/li>\n<li>Robeco<\/li>\n<li>Nordea Asset Management<\/li>\n<li>LGIM<\/li>\n<\/ul>\n<p>Em meados de setembro do ano passado, um grupo de 230 investidores assinaram uma peti\u00e7\u00e3o urgente para brecar os inc\u00eandios na <strong>Amaz\u00f4nia<\/strong>. A a\u00e7\u00e3o chamou tanto a aten\u00e7\u00e3o quanto as pr\u00f3prias queimadas que vinham acontecendo no local.<\/p>\n\n","protected":false},"excerpt":{"rendered":"<p>De acordo com informa\u00e7\u00f5es do jornal &#8220;O Estado de S. Paulo&#8221;, sete grandes empresas de investimento europeias afirmaram \u00e0 ag\u00eancia &#8220;Reuters&#8221; que deixar\u00e3o de investir no Brasil, caso o Pa\u00eds n\u00e3o apresente uma solu\u00e7\u00e3o para o desmatamento na Amaz\u00f4nia. Queimada na floresta Amaz\u00f4nica. Altamira, Estado do Par\u00e1. (Foto: Victor Moriyama \/ Greenpeace) O corte de [&hellip;]<\/p>\n","protected":false},"author":19,"featured_media":69923,"comment_status":"closed","ping_status":"closed","sticky":false,"template":"","format":"standard","meta":[],"categories":[64],"tags":[358],"suno_strategy":[],"class_list":["post-69913","post","type-post","status-publish","format-standard","has-post-thumbnail","hentry","category-negocios","tag-amazonia"],"yoast_head":"<!-- This site is optimized with the Yoast SEO plugin v24.4 - https:\/\/yoast.com\/wordpress\/plugins\/seo\/ -->\n<title>Amaz\u00f4nia: Empresas europeias amea\u00e7am parar de investir no Brasil<\/title>\n<meta name=\"description\" content=\"Segundo o &quot;Estad\u00e3o&quot;, 7 grandes empresas de investimento europeias podem deixar de investir no Brasil por conta dos desmatamentos na Amaz\u00f4nia.\" \/>\n<meta name=\"robots\" content=\"index, follow, max-snippet:-1, max-image-preview:large, max-video-preview:-1\" \/>\n<link rel=\"canonical\" href=\"https:\/\/www.suno.com.br\/noticias\/amazonia-europeias-ameacam-parar-investir-brasil\/\" \/>\n<meta property=\"og:locale\" content=\"pt_BR\" \/>\n<meta property=\"og:type\" content=\"article\" \/>\n<meta property=\"og:title\" content=\"Amaz\u00f4nia: Empresas europeias amea\u00e7am parar de investir no Brasil\" \/>\n<meta property=\"og:description\" content=\"Segundo o &quot;Estad\u00e3o&quot;, 7 grandes empresas de investimento europeias podem deixar de investir no Brasil por conta dos desmatamentos na Amaz\u00f4nia.\" \/>\n<meta property=\"og:url\" content=\"https:\/\/www.suno.com.br\/noticias\/amazonia-europeias-ameacam-parar-investir-brasil\/\" \/>\n<meta property=\"og:site_name\" content=\"Suno Not\u00edcias\" \/>\n<meta property=\"article:publisher\" content=\"https:\/\/facebook.com\/sunoresearch\" \/>\n<meta property=\"og:image\" content=\"https:\/\/files.sunoresearch.com.br\/n\/uploads\/2020\/06\/c6448448-amaz\u00f4nia-e1592851585819.jpg\" \/>\n\t<meta property=\"og:image:width\" content=\"983\" \/>\n\t<meta property=\"og:image:height\" content=\"619\" \/>\n\t<meta property=\"og:image:type\" content=\"image\/jpeg\" \/>\n<meta name=\"author\" content=\"Juliano Passaro\" \/>\n<meta name=\"twitter:card\" content=\"summary_large_image\" \/>\n<meta name=\"twitter:creator\" content=\"@sunoresearch\" \/>\n<meta name=\"twitter:site\" content=\"@sunoresearch\" \/>\n<meta name=\"twitter:label1\" content=\"Escrito por\" \/>\n\t<meta name=\"twitter:data1\" content=\"Juliano Passaro\" \/>\n\t<meta name=\"twitter:label2\" content=\"Est. tempo de leitura\" \/>\n\t<meta name=\"twitter:data2\" content=\"2 minutos\" \/>\n<script type=\"application\/ld+json\" class=\"yoast-schema-graph\">{\"@context\":\"https:\/\/schema.org\",\"@graph\":[{\"@type\":\"NewsArticle\",\"@id\":\"https:\/\/www.suno.com.br\/noticias\/amazonia-europeias-ameacam-parar-investir-brasil\/#article\",\"isPartOf\":{\"@id\":\"https:\/\/www.suno.com.br\/noticias\/amazonia-europeias-ameacam-parar-investir-brasil\/\"},\"author\":{\"name\":\"Juliano Passaro\",\"@id\":\"https:\/\/www.suno.com.br\/noticias\/#\/schema\/person\/1db762f78ffd8919a648a63e425953e3\"},\"headline\":\"Amaz\u00f4nia: Empresas europeias amea\u00e7am cortar investimentos no Brasil devido ao desmatamento\",\"datePublished\":\"2020-06-22T18:46:51+00:00\",\"mainEntityOfPage\":{\"@id\":\"https:\/\/www.suno.com.br\/noticias\/amazonia-europeias-ameacam-parar-investir-brasil\/\"},\"wordCount\":373,\"publisher\":{\"@id\":\"https:\/\/www.suno.com.br\/noticias\/#organization\"},\"image\":{\"@id\":\"https:\/\/www.suno.com.br\/noticias\/amazonia-europeias-ameacam-parar-investir-brasil\/#primaryimage\"},\"thumbnailUrl\":\"https:\/\/files.sunoresearch.com.br\/n\/uploads\/2020\/06\/c6448448-amaz\u00f4nia-e1592851585819-jpg.webp\",\"keywords\":[\"Amazonia\"],\"articleSection\":[\"Neg\u00f3cios\"],\"inLanguage\":\"pt-BR\"},{\"@type\":\"WebPage\",\"@id\":\"https:\/\/www.suno.com.br\/noticias\/amazonia-europeias-ameacam-parar-investir-brasil\/\",\"url\":\"https:\/\/www.suno.com.br\/noticias\/amazonia-europeias-ameacam-parar-investir-brasil\/\",\"name\":\"Amaz\u00f4nia: Empresas europeias amea\u00e7am parar de investir no Brasil\",\"isPartOf\":{\"@id\":\"https:\/\/www.suno.com.br\/noticias\/#website\"},\"primaryImageOfPage\":{\"@id\":\"https:\/\/www.suno.com.br\/noticias\/amazonia-europeias-ameacam-parar-investir-brasil\/#primaryimage\"},\"image\":{\"@id\":\"https:\/\/www.suno.com.br\/noticias\/amazonia-europeias-ameacam-parar-investir-brasil\/#primaryimage\"},\"thumbnailUrl\":\"https:\/\/files.sunoresearch.com.br\/n\/uploads\/2020\/06\/c6448448-amaz\u00f4nia-e1592851585819-jpg.webp\",\"datePublished\":\"2020-06-22T18:46:51+00:00\",\"description\":\"Segundo o \\\"Estad\u00e3o\\\", 7 grandes empresas de investimento europeias podem deixar de investir no Brasil por conta dos desmatamentos na Amaz\u00f4nia.\",\"breadcrumb\":{\"@id\":\"https:\/\/www.suno.com.br\/noticias\/amazonia-europeias-ameacam-parar-investir-brasil\/#breadcrumb\"},\"inLanguage\":\"pt-BR\",\"potentialAction\":[{\"@type\":\"ReadAction\",\"target\":[\"https:\/\/www.suno.com.br\/noticias\/amazonia-europeias-ameacam-parar-investir-brasil\/\"]}]},{\"@type\":\"ImageObject\",\"inLanguage\":\"pt-BR\",\"@id\":\"https:\/\/www.suno.com.br\/noticias\/amazonia-europeias-ameacam-parar-investir-brasil\/#primaryimage\",\"url\":\"https:\/\/files.sunoresearch.com.br\/n\/uploads\/2020\/06\/c6448448-amaz\u00f4nia-e1592851585819-jpg.webp\",\"contentUrl\":\"https:\/\/files.sunoresearch.com.br\/n\/uploads\/2020\/06\/c6448448-amaz\u00f4nia-e1592851585819-jpg.webp\",\"width\":983,\"height\":619,\"caption\":\"Queimada na floresta Amaz\u00f4nica. Altamira, Estado do Par\u00e1. (Foto: Victor Moriyama \/ Greenpeace)\"},{\"@type\":\"BreadcrumbList\",\"@id\":\"https:\/\/www.suno.com.br\/noticias\/amazonia-europeias-ameacam-parar-investir-brasil\/#breadcrumb\",\"itemListElement\":[{\"@type\":\"ListItem\",\"position\":1,\"name\":\"Not\u00edcias\",\"item\":\"https:\/\/www.suno.com.br\/noticias\/\"},{\"@type\":\"ListItem\",\"position\":2,\"name\":\"Neg\u00f3cios\",\"item\":\"https:\/\/www.suno.com.br\/noticias\/negocios\/\"},{\"@type\":\"ListItem\",\"position\":3,\"name\":\"Amaz\u00f4nia: Empresas europeias amea\u00e7am cortar investimentos no Brasil devido ao desmatamento\"}]},{\"@type\":\"WebSite\",\"@id\":\"https:\/\/www.suno.com.br\/noticias\/#website\",\"url\":\"https:\/\/www.suno.com.br\/noticias\/\",\"name\":\"Suno Not\u00edcias\",\"description\":\"Seu portal de informa\u00e7\u00e3o sobre o mundo dos investimentos\",\"publisher\":{\"@id\":\"https:\/\/www.suno.com.br\/noticias\/#organization\"},\"potentialAction\":[{\"@type\":\"SearchAction\",\"target\":{\"@type\":\"EntryPoint\",\"urlTemplate\":\"https:\/\/www.suno.com.br\/noticias\/?s={search_term_string}\"},\"query-input\":{\"@type\":\"PropertyValueSpecification\",\"valueRequired\":true,\"valueName\":\"search_term_string\"}}],\"inLanguage\":\"pt-BR\"},{\"@type\":\"Organization\",\"@id\":\"https:\/\/www.suno.com.br\/noticias\/#organization\",\"name\":\"Suno Not\u00edcias\",\"url\":\"https:\/\/www.suno.com.br\/noticias\/\",\"logo\":{\"@type\":\"ImageObject\",\"inLanguage\":\"pt-BR\",\"@id\":\"https:\/\/www.suno.com.br\/noticias\/#\/schema\/logo\/image\/\",\"url\":\"https:\/\/files.sunoresearch.com.br\/n\/uploads\/2021\/09\/suno-logo.png\",\"contentUrl\":\"https:\/\/files.sunoresearch.com.br\/n\/uploads\/2021\/09\/suno-logo.png\",\"width\":180,\"height\":180,\"caption\":\"Suno Not\u00edcias\"},\"image\":{\"@id\":\"https:\/\/www.suno.com.br\/noticias\/#\/schema\/logo\/image\/\"},\"sameAs\":[\"https:\/\/facebook.com\/sunoresearch\",\"https:\/\/x.com\/sunoresearch\",\"https:\/\/www.instagram.com\/suno\",\"https:\/\/www.linkedin.com\/company\/suno-research\/\",\"https:\/\/www.youtube.com\/c\/sunoresearch\"]},{\"@type\":\"Person\",\"@id\":\"https:\/\/www.suno.com.br\/noticias\/#\/schema\/person\/1db762f78ffd8919a648a63e425953e3\",\"name\":\"Juliano Passaro\",\"image\":{\"@type\":\"ImageObject\",\"inLanguage\":\"pt-BR\",\"@id\":\"https:\/\/www.suno.com.br\/noticias\/#\/schema\/person\/image\/\",\"url\":\"https:\/\/secure.gravatar.com\/avatar\/743d4df28eebf6dcc46b4ad03c319e92?s=96&r=g\",\"contentUrl\":\"https:\/\/secure.gravatar.com\/avatar\/743d4df28eebf6dcc46b4ad03c319e92?s=96&r=g\",\"caption\":\"Juliano Passaro\"},\"description\":\"Juliano Passaro escreve sobre pol\u00edtica, economia e neg\u00f3cios para o portal da Suno Research. Antes da Suno, trabalhou no Portal da Band. \u00c9 formado em jornalismo pela Universidade Presbiteriana Mackenzie.\",\"url\":\"https:\/\/www.suno.com.br\/noticias\/author\/juliano\/\"}]}<\/script>\n<!-- \/ Yoast SEO plugin. -->","yoast_head_json":{"title":"Amaz\u00f4nia: Empresas europeias amea\u00e7am parar de investir no Brasil","description":"Segundo o \"Estad\u00e3o\", 7 grandes empresas de investimento europeias podem deixar de investir no Brasil por conta dos desmatamentos na Amaz\u00f4nia.","robots":{"index":"index","follow":"follow","max-snippet":"max-snippet:-1","max-image-preview":"max-image-preview:large","max-video-preview":"max-video-preview:-1"},"canonical":"https:\/\/www.suno.com.br\/noticias\/amazonia-europeias-ameacam-parar-investir-brasil\/","og_locale":"pt_BR","og_type":"article","og_title":"Amaz\u00f4nia: Empresas europeias amea\u00e7am parar de investir no Brasil","og_description":"Segundo o \"Estad\u00e3o\", 7 grandes empresas de investimento europeias podem deixar de investir no Brasil por conta dos desmatamentos na Amaz\u00f4nia.","og_url":"https:\/\/www.suno.com.br\/noticias\/amazonia-europeias-ameacam-parar-investir-brasil\/","og_site_name":"Suno Not\u00edcias","article_publisher":"https:\/\/facebook.com\/sunoresearch","og_image":[{"width":983,"height":619,"url":"https:\/\/files.sunoresearch.com.br\/n\/uploads\/2020\/06\/c6448448-amaz\u00f4nia-e1592851585819.jpg","type":"image\/jpeg"}],"author":"Juliano Passaro","twitter_card":"summary_large_image","twitter_creator":"@sunoresearch","twitter_site":"@sunoresearch","twitter_misc":{"Escrito por":"Juliano Passaro","Est. tempo de leitura":"2 minutos"},"schema":{"@context":"https:\/\/schema.org","@graph":[{"@type":"NewsArticle","@id":"https:\/\/www.suno.com.br\/noticias\/amazonia-europeias-ameacam-parar-investir-brasil\/#article","isPartOf":{"@id":"https:\/\/www.suno.com.br\/noticias\/amazonia-europeias-ameacam-parar-investir-brasil\/"},"author":{"name":"Juliano Passaro","@id":"https:\/\/www.suno.com.br\/noticias\/#\/schema\/person\/1db762f78ffd8919a648a63e425953e3"},"headline":"Amaz\u00f4nia: Empresas europeias amea\u00e7am cortar investimentos no Brasil devido ao desmatamento","datePublished":"2020-06-22T18:46:51+00:00","mainEntityOfPage":{"@id":"https:\/\/www.suno.com.br\/noticias\/amazonia-europeias-ameacam-parar-investir-brasil\/"},"wordCount":373,"publisher":{"@id":"https:\/\/www.suno.com.br\/noticias\/#organization"},"image":{"@id":"https:\/\/www.suno.com.br\/noticias\/amazonia-europeias-ameacam-parar-investir-brasil\/#primaryimage"},"thumbnailUrl":"https:\/\/files.sunoresearch.com.br\/n\/uploads\/2020\/06\/c6448448-amaz\u00f4nia-e1592851585819-jpg.webp","keywords":["Amazonia"],"articleSection":["Neg\u00f3cios"],"inLanguage":"pt-BR"},{"@type":"WebPage","@id":"https:\/\/www.suno.com.br\/noticias\/amazonia-europeias-ameacam-parar-investir-brasil\/","url":"https:\/\/www.suno.com.br\/noticias\/amazonia-europeias-ameacam-parar-investir-brasil\/","name":"Amaz\u00f4nia: Empresas europeias amea\u00e7am parar de investir no Brasil","isPartOf":{"@id":"https:\/\/www.suno.com.br\/noticias\/#website"},"primaryImageOfPage":{"@id":"https:\/\/www.suno.com.br\/noticias\/amazonia-europeias-ameacam-parar-investir-brasil\/#primaryimage"},"image":{"@id":"https:\/\/www.suno.com.br\/noticias\/amazonia-europeias-ameacam-parar-investir-brasil\/#primaryimage"},"thumbnailUrl":"https:\/\/files.sunoresearch.com.br\/n\/uploads\/2020\/06\/c6448448-amaz\u00f4nia-e1592851585819-jpg.webp","datePublished":"2020-06-22T18:46:51+00:00","description":"Segundo o \"Estad\u00e3o\", 7 grandes empresas de investimento europeias podem deixar de investir no Brasil por conta dos desmatamentos na Amaz\u00f4nia.","breadcrumb":{"@id":"https:\/\/www.suno.com.br\/noticias\/amazonia-europeias-ameacam-parar-investir-brasil\/#breadcrumb"},"inLanguage":"pt-BR","potentialAction":[{"@type":"ReadAction","target":["https:\/\/www.suno.com.br\/noticias\/amazonia-europeias-ameacam-parar-investir-brasil\/"]}]},{"@type":"ImageObject","inLanguage":"pt-BR","@id":"https:\/\/www.suno.com.br\/noticias\/amazonia-europeias-ameacam-parar-investir-brasil\/#primaryimage","url":"https:\/\/files.sunoresearch.com.br\/n\/uploads\/2020\/06\/c6448448-amaz\u00f4nia-e1592851585819-jpg.webp","contentUrl":"https:\/\/files.sunoresearch.com.br\/n\/uploads\/2020\/06\/c6448448-amaz\u00f4nia-e1592851585819-jpg.webp","width":983,"height":619,"caption":"Queimada na floresta Amaz\u00f4nica. Altamira, Estado do Par\u00e1. (Foto: Victor Moriyama \/ Greenpeace)"},{"@type":"BreadcrumbList","@id":"https:\/\/www.suno.com.br\/noticias\/amazonia-europeias-ameacam-parar-investir-brasil\/#breadcrumb","itemListElement":[{"@type":"ListItem","position":1,"name":"Not\u00edcias","item":"https:\/\/www.suno.com.br\/noticias\/"},{"@type":"ListItem","position":2,"name":"Neg\u00f3cios","item":"https:\/\/www.suno.com.br\/noticias\/negocios\/"},{"@type":"ListItem","position":3,"name":"Amaz\u00f4nia: Empresas europeias amea\u00e7am cortar investimentos no Brasil devido ao desmatamento"}]},{"@type":"WebSite","@id":"https:\/\/www.suno.com.br\/noticias\/#website","url":"https:\/\/www.suno.com.br\/noticias\/","name":"Suno Not\u00edcias","description":"Seu portal de informa\u00e7\u00e3o sobre o mundo dos investimentos","publisher":{"@id":"https:\/\/www.suno.com.br\/noticias\/#organization"},"potentialAction":[{"@type":"SearchAction","target":{"@type":"EntryPoint","urlTemplate":"https:\/\/www.suno.com.br\/noticias\/?s={search_term_string}"},"query-input":{"@type":"PropertyValueSpecification","valueRequired":true,"valueName":"search_term_string"}}],"inLanguage":"pt-BR"},{"@type":"Organization","@id":"https:\/\/www.suno.com.br\/noticias\/#organization","name":"Suno Not\u00edcias","url":"https:\/\/www.suno.com.br\/noticias\/","logo":{"@type":"ImageObject","inLanguage":"pt-BR","@id":"https:\/\/www.suno.com.br\/noticias\/#\/schema\/logo\/image\/","url":"https:\/\/files.sunoresearch.com.br\/n\/uploads\/2021\/09\/suno-logo.png","contentUrl":"https:\/\/files.sunoresearch.com.br\/n\/uploads\/2021\/09\/suno-logo.png","width":180,"height":180,"caption":"Suno Not\u00edcias"},"image":{"@id":"https:\/\/www.suno.com.br\/noticias\/#\/schema\/logo\/image\/"},"sameAs":["https:\/\/facebook.com\/sunoresearch","https:\/\/x.com\/sunoresearch","https:\/\/www.instagram.com\/suno","https:\/\/www.linkedin.com\/company\/suno-research\/","https:\/\/www.youtube.com\/c\/sunoresearch"]},{"@type":"Person","@id":"https:\/\/www.suno.com.br\/noticias\/#\/schema\/person\/1db762f78ffd8919a648a63e425953e3","name":"Juliano Passaro","image":{"@type":"ImageObject","inLanguage":"pt-BR","@id":"https:\/\/www.suno.com.br\/noticias\/#\/schema\/person\/image\/","url":"https:\/\/secure.gravatar.com\/avatar\/743d4df28eebf6dcc46b4ad03c319e92?s=96&r=g","contentUrl":"https:\/\/secure.gravatar.com\/avatar\/743d4df28eebf6dcc46b4ad03c319e92?s=96&r=g","caption":"Juliano Passaro"},"description":"Juliano Passaro escreve sobre pol\u00edtica, economia e neg\u00f3cios para o portal da Suno Research. Antes da Suno, trabalhou no Portal da Band. \u00c9 formado em jornalismo pela Universidade Presbiteriana Mackenzie.","url":"https:\/\/www.suno.com.br\/noticias\/author\/juliano\/"}]}},"default_loop_html":"<div class=\"cardsPage__listCard__boxs\"><div class=\"cardsPage__listCard__boxs__img\"><a href=\"https:\/\/www.suno.com.br\/noticias\/amazonia-europeias-ameacam-parar-investir-brasil\/\"><img class=\"mask\" src=\"https:\/\/www.suno.com.br\/noticias\/wp-content\/themes\/suno\/resources\/images\/spotlight\/spotlight1img\/bg-mask.png\" alt=\"Image Mask\"\/><img src=\"https:\/\/files.sunoresearch.com.br\/n\/uploads\/2020\/06\/c6448448-amaz\u00f4nia-e1592851585819-400x200.webp\" alt=\"Amaz\u00f4nia: Empresas europeias amea\u00e7am cortar investimentos no Brasil devido ao desmatamento\"\/><\/a><span class=\"spotlightCategory\"><a href=\"https:\/\/www.suno.com.br\/noticias\/negocios\/\">Neg\u00f3cios<\/a><\/span><\/div><div class=\"cardsPage__listCard__boxs__content\"><a href=\"https:\/\/www.suno.com.br\/noticias\/amazonia-europeias-ameacam-parar-investir-brasil\/\"><h2 class=\"content__title\">Amaz\u00f4nia: Empresas europeias amea\u00e7am cortar investimentos no Brasil devido ao desmatamento<\/h2><\/a><div class=\"newsContent__article__meta\"><div class=\"newsContent__article__meta__authorBox\"><a href=\"https:\/\/www.suno.com.br\/noticias\/author\/juliano\/\" class=\"authorBox__avatar noMobi\"><img src=\"https:\/\/files.sunoresearch.com.br\/n\/uploads\/2019\/06\/7cc3efea-whatsapp-image-2019-07-18-at-21.59.33-e1563499821209-150x150.webp\" alt=\"Juliano Passaro\"><\/a><div class=\"authorBox__name\"><span>por\n\t\t\t<a href=\"https:\/\/www.suno.com.br\/noticias\/author\/juliano\/\"><span itemprop=\"author\">Juliano Passaro<\/span><\/a><\/span><time datetime=\"2020-06-22T15:46:51-03:00\" itemprop=\"datePublished\">22\/06\/2020 15:46<\/time><\/div><\/div><\/div><\/div><\/div>","single_layout":"posts","amp_enabled":true,"_links":{"self":[{"href":"https:\/\/www.suno.com.br\/noticias\/wp-json\/wp\/v2\/posts\/69913"}],"collection":[{"href":"https:\/\/www.suno.com.br\/noticias\/wp-json\/wp\/v2\/posts"}],"about":[{"href":"https:\/\/www.suno.com.br\/noticias\/wp-json\/wp\/v2\/types\/post"}],"author":[{"embeddable":true,"href":"https:\/\/www.suno.com.br\/noticias\/wp-json\/wp\/v2\/users\/19"}],"replies":[{"embeddable":true,"href":"https:\/\/www.suno.com.br\/noticias\/wp-json\/wp\/v2\/comments?post=69913"}],"version-history":[{"count":0,"href":"https:\/\/www.suno.com.br\/noticias\/wp-json\/wp\/v2\/posts\/69913\/revisions"}],"wp:featuredmedia":[{"embeddable":true,"href":"https:\/\/www.suno.com.br\/noticias\/wp-json\/wp\/v2\/media\/69923"}],"wp:attachment":[{"href":"https:\/\/www.suno.com.br\/noticias\/wp-json\/wp\/v2\/media?parent=69913"}],"wp:term":[{"taxonomy":"category","embeddable":true,"href":"https:\/\/www.suno.com.br\/noticias\/wp-json\/wp\/v2\/categories?post=69913"},{"taxonomy":"post_tag","embeddable":true,"href":"https:\/\/www.suno.com.br\/noticias\/wp-json\/wp\/v2\/tags?post=69913"},{"taxonomy":"suno_strategy","embeddable":true,"href":"https:\/\/www.suno.com.br\/noticias\/wp-json\/wp\/v2\/suno_strategy?post=69913"}],"curies":[{"name":"wp","href":"https:\/\/api.w.org\/{rel}","templated":true}]}}