{"id":69858,"date":"2020-06-22T10:45:28","date_gmt":"2020-06-22T13:45:28","guid":{"rendered":"https:\/\/www.suno.com.br\/noticias\/?p=69858"},"modified":"2020-06-22T10:45:28","modified_gmt":"2020-06-22T13:45:28","slug":"neon-pagamentos-contrata-ex-diretor-da-amazon","status":"publish","type":"post","link":"https:\/\/www.suno.com.br\/noticias\/neon-pagamentos-contrata-ex-diretor-da-amazon\/","title":{"rendered":"Neon Pagamentos contrata ex-diretor da Amazon"},"content":{"rendered":"<p>A <strong>Neon Pagamentos<\/strong> contratou o ex-diretor de produtos da Amazon.com, Daniel Mazini.<\/p>\t<div class=\"wrapper-featured-image\">\n\t\t<figure class=\"spotlightImg\">\n\n\t\t\t<picture>\n\t\t\t\t<source media=\"(max-width: 768px)\" srcset=\"https:\/\/files.sunoresearch.com.br\/n\/uploads\/2019\/06\/fff21c16-neon-400x200.webp\">\n\t\t\t\t<img loading=\"lazy\" decoding=\"async\" class=\"newsContent__article__imgCapa lazyloadDisabled newsContent__article__imgCapa--noCaption\" src=\"https:\/\/files.sunoresearch.com.br\/n\/uploads\/2019\/06\/fff21c16-neon-jpg.webp\" width=\"800\" height=\"450\" alt=\"Neon Pagamentos contrata ex-diretor da Amazon\" fetchpriority=high \/>\n\t\t\t<\/picture>\n\n\t\t\t<figcaption class=\"wp-caption-text wp-caption-text--hide\">Neon Pagamentos<\/figcaption>\n\t\t<\/figure>\n\t<\/div>\n\n\n\n<p>O ex-diretor inicia sua nova atividade na Neon Pagamentos nesta segunda-feira (22). Mazini trabalhou no lan\u00e7amento e na expans\u00e3o da Amazon no Brasil, foi l\u00edder de neg\u00f3cios de produtos no varejo e respons\u00e1vel por estruturar o Primer.<\/p>\n<p>Mazini iniciou sua carreira na Amazon em 2010, como gerente de produto no Reino Unido. Antes, trabalhou em projetos de consultoria na Accenture. \u00c9 formada em administra\u00e7\u00e3o de empresa pela Universidade do Estado do Rio de Janeiro (UERJ) e possui MBA pela London Business School.<\/p>\n<p><a href=\"https:\/\/lp.suno.com.br\/suno-one\/\">Suno One: o primeiro passo para alcan\u00e7ar a sua independ\u00eancia financeira. Acesse agora, \u00e9 gratuito!<\/a><\/p>\n<p>A Neon pagamentos \u00e9 uma fintech focada no p\u00fablico jovem e tem atualmente uma parceria com o Banco Votorantim para movimenta\u00e7\u00e3o de contas-correntes, emiss\u00e3o de cart\u00f5es de cr\u00e9dito e d\u00e9bito. A fintech n\u00e3o tem v\u00ednculos com o Banco Neon, que teve suas atividades canceladas em dezembro do ano passado.<\/p>\n<h2>Neon Pagamentos recebeu R$ 400 mi de General Atlantic e Banco Votorantim<\/h2>\n<p>A Neon Pagamentos recebeu, em novembro do ano passado, cerca de R$ 400 milh\u00f5es do General Atlantic e do Banco Votorantim para fortalecer sua competi\u00e7\u00e3o no Brasil.<\/p>\n<p>A rodada de investimento da fintech ainda contou com a participa\u00e7\u00e3o dos fundos:<\/p>\n<ul>\n<li>Monashess;<\/li>\n<li>Omiyar Network;<\/li>\n<li>Propel;<\/li>\n<li>Quona;<\/li>\n<li>Mabi.<\/li>\n<\/ul>\n<p>A empresa pretende utilizar a capitaliza\u00e7\u00e3o para expans\u00e3o de sua marca fora do eixo Rio-S\u00e3o Paulo, al\u00e9m de ampliar sua oferta de produtos na plataforma com novas modalidades de cr\u00e9dito e de alternativas de investimentos.<\/p>\n<p><a href=\"https:\/\/www.suno.com.br\/noticias\/banco-neon-banco-central-confirma-cancelamento\/\">Veja Tamb\u00e9m: Banco Central confirma cancelamento das atividades do Banco Neon<\/a><\/p>\n<p>O fundador da <strong>Neon Pagamentos<\/strong>, Pedro Conrade, disse em comunicado: \u201cEssa nova capta\u00e7\u00e3o nos d\u00e1 f\u00f4lego para seguir crescendo num ritmo ainda mais intenso e investir ainda mais em tecnologia e marketing\u201d.<\/p>\n\n","protected":false},"excerpt":{"rendered":"<p>A Neon Pagamentos contratou o ex-diretor de produtos da Amazon.com, Daniel Mazini. Neon Pagamentos O ex-diretor inicia sua nova atividade na Neon Pagamentos nesta segunda-feira (22). Mazini trabalhou no lan\u00e7amento e na expans\u00e3o da Amazon no Brasil, foi l\u00edder de neg\u00f3cios de produtos no varejo e respons\u00e1vel por estruturar o Primer. Mazini iniciou sua carreira [&hellip;]<\/p>\n","protected":false},"author":15,"featured_media":28995,"comment_status":"closed","ping_status":"closed","sticky":false,"template":"","format":"standard","meta":[],"categories":[64],"tags":[694,2233,1489],"suno_strategy":[],"class_list":["post-69858","post","type-post","status-publish","format-standard","has-post-thumbnail","hentry","category-negocios","tag-amazon-amzo34","tag-banco-neon","tag-neon-pagamentos"],"yoast_head":"<!-- This site is optimized with the Yoast SEO plugin v24.4 - https:\/\/yoast.com\/wordpress\/plugins\/seo\/ -->\n<title>Neon Pagamentos contrata Mazini, ex-diretor da Amazon<\/title>\n<meta name=\"description\" content=\"A Neon Pagamentos contratou o ex-diretor de produtos da Amazon.com, Daniel Mazini.\u00a0Para saber mais sobre a fintech clique aqui e confira\" \/>\n<meta name=\"robots\" content=\"index, follow, max-snippet:-1, max-image-preview:large, max-video-preview:-1\" \/>\n<link rel=\"canonical\" href=\"https:\/\/www.suno.com.br\/noticias\/neon-pagamentos-contrata-ex-diretor-da-amazon\/\" \/>\n<meta property=\"og:locale\" content=\"pt_BR\" \/>\n<meta property=\"og:type\" content=\"article\" \/>\n<meta property=\"og:title\" content=\"Neon Pagamentos contrata Mazini, ex-diretor da Amazon\" \/>\n<meta property=\"og:description\" content=\"A Neon Pagamentos contratou o ex-diretor de produtos da Amazon.com, Daniel Mazini.\u00a0Para saber mais sobre a fintech clique aqui e confira\" \/>\n<meta property=\"og:url\" content=\"https:\/\/www.suno.com.br\/noticias\/neon-pagamentos-contrata-ex-diretor-da-amazon\/\" \/>\n<meta property=\"og:site_name\" content=\"Suno Not\u00edcias\" \/>\n<meta property=\"article:publisher\" content=\"https:\/\/facebook.com\/sunoresearch\" \/>\n<meta property=\"og:image\" content=\"https:\/\/files.sunoresearch.com.br\/n\/uploads\/2019\/06\/fff21c16-neon.jpg\" \/>\n\t<meta property=\"og:image:width\" content=\"653\" \/>\n\t<meta property=\"og:image:height\" content=\"461\" \/>\n\t<meta property=\"og:image:type\" content=\"image\/jpeg\" \/>\n<meta name=\"author\" content=\"Poliana Santos\" \/>\n<meta name=\"twitter:card\" content=\"summary_large_image\" \/>\n<meta name=\"twitter:creator\" content=\"@sunoresearch\" \/>\n<meta name=\"twitter:site\" content=\"@sunoresearch\" \/>\n<meta name=\"twitter:label1\" content=\"Escrito por\" \/>\n\t<meta name=\"twitter:data1\" content=\"Poliana Santos\" \/>\n\t<meta name=\"twitter:label2\" content=\"Est. tempo de leitura\" \/>\n\t<meta name=\"twitter:data2\" content=\"2 minutos\" \/>\n<script type=\"application\/ld+json\" class=\"yoast-schema-graph\">{\"@context\":\"https:\/\/schema.org\",\"@graph\":[{\"@type\":\"NewsArticle\",\"@id\":\"https:\/\/www.suno.com.br\/noticias\/neon-pagamentos-contrata-ex-diretor-da-amazon\/#article\",\"isPartOf\":{\"@id\":\"https:\/\/www.suno.com.br\/noticias\/neon-pagamentos-contrata-ex-diretor-da-amazon\/\"},\"author\":{\"name\":\"Poliana Santos\",\"@id\":\"https:\/\/www.suno.com.br\/noticias\/#\/schema\/person\/02ec1f752758247878a2bf4abee1aeda\"},\"headline\":\"Neon Pagamentos contrata ex-diretor da Amazon\",\"datePublished\":\"2020-06-22T13:45:28+00:00\",\"mainEntityOfPage\":{\"@id\":\"https:\/\/www.suno.com.br\/noticias\/neon-pagamentos-contrata-ex-diretor-da-amazon\/\"},\"wordCount\":329,\"publisher\":{\"@id\":\"https:\/\/www.suno.com.br\/noticias\/#organization\"},\"image\":{\"@id\":\"https:\/\/www.suno.com.br\/noticias\/neon-pagamentos-contrata-ex-diretor-da-amazon\/#primaryimage\"},\"thumbnailUrl\":\"https:\/\/files.sunoresearch.com.br\/n\/uploads\/2019\/06\/fff21c16-neon-jpg.webp\",\"keywords\":[\"Amazon (AMZO34)\",\"Banco Neon\",\"Neon Pagamentos\"],\"articleSection\":[\"Neg\u00f3cios\"],\"inLanguage\":\"pt-BR\"},{\"@type\":\"WebPage\",\"@id\":\"https:\/\/www.suno.com.br\/noticias\/neon-pagamentos-contrata-ex-diretor-da-amazon\/\",\"url\":\"https:\/\/www.suno.com.br\/noticias\/neon-pagamentos-contrata-ex-diretor-da-amazon\/\",\"name\":\"Neon Pagamentos contrata Mazini, ex-diretor da Amazon\",\"isPartOf\":{\"@id\":\"https:\/\/www.suno.com.br\/noticias\/#website\"},\"primaryImageOfPage\":{\"@id\":\"https:\/\/www.suno.com.br\/noticias\/neon-pagamentos-contrata-ex-diretor-da-amazon\/#primaryimage\"},\"image\":{\"@id\":\"https:\/\/www.suno.com.br\/noticias\/neon-pagamentos-contrata-ex-diretor-da-amazon\/#primaryimage\"},\"thumbnailUrl\":\"https:\/\/files.sunoresearch.com.br\/n\/uploads\/2019\/06\/fff21c16-neon-jpg.webp\",\"datePublished\":\"2020-06-22T13:45:28+00:00\",\"description\":\"A Neon Pagamentos contratou o ex-diretor de produtos da Amazon.com, Daniel Mazini.\u00a0Para saber mais sobre a fintech clique aqui e confira\",\"breadcrumb\":{\"@id\":\"https:\/\/www.suno.com.br\/noticias\/neon-pagamentos-contrata-ex-diretor-da-amazon\/#breadcrumb\"},\"inLanguage\":\"pt-BR\",\"potentialAction\":[{\"@type\":\"ReadAction\",\"target\":[\"https:\/\/www.suno.com.br\/noticias\/neon-pagamentos-contrata-ex-diretor-da-amazon\/\"]}]},{\"@type\":\"ImageObject\",\"inLanguage\":\"pt-BR\",\"@id\":\"https:\/\/www.suno.com.br\/noticias\/neon-pagamentos-contrata-ex-diretor-da-amazon\/#primaryimage\",\"url\":\"https:\/\/files.sunoresearch.com.br\/n\/uploads\/2019\/06\/fff21c16-neon-jpg.webp\",\"contentUrl\":\"https:\/\/files.sunoresearch.com.br\/n\/uploads\/2019\/06\/fff21c16-neon-jpg.webp\",\"width\":653,\"height\":461,\"caption\":\"Neon Pagamentos\"},{\"@type\":\"BreadcrumbList\",\"@id\":\"https:\/\/www.suno.com.br\/noticias\/neon-pagamentos-contrata-ex-diretor-da-amazon\/#breadcrumb\",\"itemListElement\":[{\"@type\":\"ListItem\",\"position\":1,\"name\":\"Not\u00edcias\",\"item\":\"https:\/\/www.suno.com.br\/noticias\/\"},{\"@type\":\"ListItem\",\"position\":2,\"name\":\"Neg\u00f3cios\",\"item\":\"https:\/\/www.suno.com.br\/noticias\/negocios\/\"},{\"@type\":\"ListItem\",\"position\":3,\"name\":\"Neon Pagamentos contrata ex-diretor da Amazon\"}]},{\"@type\":\"WebSite\",\"@id\":\"https:\/\/www.suno.com.br\/noticias\/#website\",\"url\":\"https:\/\/www.suno.com.br\/noticias\/\",\"name\":\"Suno Not\u00edcias\",\"description\":\"Seu portal de informa\u00e7\u00e3o sobre o mundo dos investimentos\",\"publisher\":{\"@id\":\"https:\/\/www.suno.com.br\/noticias\/#organization\"},\"potentialAction\":[{\"@type\":\"SearchAction\",\"target\":{\"@type\":\"EntryPoint\",\"urlTemplate\":\"https:\/\/www.suno.com.br\/noticias\/?s={search_term_string}\"},\"query-input\":{\"@type\":\"PropertyValueSpecification\",\"valueRequired\":true,\"valueName\":\"search_term_string\"}}],\"inLanguage\":\"pt-BR\"},{\"@type\":\"Organization\",\"@id\":\"https:\/\/www.suno.com.br\/noticias\/#organization\",\"name\":\"Suno Not\u00edcias\",\"url\":\"https:\/\/www.suno.com.br\/noticias\/\",\"logo\":{\"@type\":\"ImageObject\",\"inLanguage\":\"pt-BR\",\"@id\":\"https:\/\/www.suno.com.br\/noticias\/#\/schema\/logo\/image\/\",\"url\":\"https:\/\/files.sunoresearch.com.br\/n\/uploads\/2021\/09\/suno-logo.png\",\"contentUrl\":\"https:\/\/files.sunoresearch.com.br\/n\/uploads\/2021\/09\/suno-logo.png\",\"width\":180,\"height\":180,\"caption\":\"Suno Not\u00edcias\"},\"image\":{\"@id\":\"https:\/\/www.suno.com.br\/noticias\/#\/schema\/logo\/image\/\"},\"sameAs\":[\"https:\/\/facebook.com\/sunoresearch\",\"https:\/\/x.com\/sunoresearch\",\"https:\/\/www.instagram.com\/suno\",\"https:\/\/www.linkedin.com\/company\/suno-research\/\",\"https:\/\/www.youtube.com\/c\/sunoresearch\"]},{\"@type\":\"Person\",\"@id\":\"https:\/\/www.suno.com.br\/noticias\/#\/schema\/person\/02ec1f752758247878a2bf4abee1aeda\",\"name\":\"Poliana Santos\",\"image\":{\"@type\":\"ImageObject\",\"inLanguage\":\"pt-BR\",\"@id\":\"https:\/\/www.suno.com.br\/noticias\/#\/schema\/person\/image\/\",\"url\":\"https:\/\/secure.gravatar.com\/avatar\/0645bd32f23d87b2130f2b2dff1d3f8d?s=96&r=g\",\"contentUrl\":\"https:\/\/secure.gravatar.com\/avatar\/0645bd32f23d87b2130f2b2dff1d3f8d?s=96&r=g\",\"caption\":\"Poliana Santos\"},\"description\":\"Rep\u00f3rter no Suno Not\u00edcias, com cobertura em mercado financeiro, economia, finan\u00e7as pessoais, renda fixa e varejo. Jornalista formada pela Faculdade C\u00e1sper L\u00edbero e possui passagem na R\u00e1dio Gazeta AM com a produ\u00e7\u00e3o de conte\u00fado sobre economia, pol\u00edtica, sa\u00fade, moda e m\u00fasica. Possui certificado de conclus\u00e3o do curso de An\u00e1lise de Balan\u00e7os pela Funda\u00e7\u00e3o Bradesco, Agenda Brasil pela FAAP, Educa\u00e7\u00e3o Pol\u00edtica por Alexandre Garcia e do Tesouro Direto e Mercado de A\u00e7\u00f5es pela B3.\",\"url\":\"https:\/\/www.suno.com.br\/noticias\/author\/poliana-santos\/\"}]}<\/script>\n<!-- \/ Yoast SEO plugin. -->","yoast_head_json":{"title":"Neon Pagamentos contrata Mazini, ex-diretor da Amazon","description":"A Neon Pagamentos contratou o ex-diretor de produtos da Amazon.com, Daniel Mazini.\u00a0Para saber mais sobre a fintech clique aqui e confira","robots":{"index":"index","follow":"follow","max-snippet":"max-snippet:-1","max-image-preview":"max-image-preview:large","max-video-preview":"max-video-preview:-1"},"canonical":"https:\/\/www.suno.com.br\/noticias\/neon-pagamentos-contrata-ex-diretor-da-amazon\/","og_locale":"pt_BR","og_type":"article","og_title":"Neon Pagamentos contrata Mazini, ex-diretor da Amazon","og_description":"A Neon Pagamentos contratou o ex-diretor de produtos da Amazon.com, Daniel Mazini.\u00a0Para saber mais sobre a fintech clique aqui e confira","og_url":"https:\/\/www.suno.com.br\/noticias\/neon-pagamentos-contrata-ex-diretor-da-amazon\/","og_site_name":"Suno Not\u00edcias","article_publisher":"https:\/\/facebook.com\/sunoresearch","og_image":[{"width":653,"height":461,"url":"https:\/\/files.sunoresearch.com.br\/n\/uploads\/2019\/06\/fff21c16-neon.jpg","type":"image\/jpeg"}],"author":"Poliana Santos","twitter_card":"summary_large_image","twitter_creator":"@sunoresearch","twitter_site":"@sunoresearch","twitter_misc":{"Escrito por":"Poliana Santos","Est. tempo de leitura":"2 minutos"},"schema":{"@context":"https:\/\/schema.org","@graph":[{"@type":"NewsArticle","@id":"https:\/\/www.suno.com.br\/noticias\/neon-pagamentos-contrata-ex-diretor-da-amazon\/#article","isPartOf":{"@id":"https:\/\/www.suno.com.br\/noticias\/neon-pagamentos-contrata-ex-diretor-da-amazon\/"},"author":{"name":"Poliana Santos","@id":"https:\/\/www.suno.com.br\/noticias\/#\/schema\/person\/02ec1f752758247878a2bf4abee1aeda"},"headline":"Neon Pagamentos contrata ex-diretor da Amazon","datePublished":"2020-06-22T13:45:28+00:00","mainEntityOfPage":{"@id":"https:\/\/www.suno.com.br\/noticias\/neon-pagamentos-contrata-ex-diretor-da-amazon\/"},"wordCount":329,"publisher":{"@id":"https:\/\/www.suno.com.br\/noticias\/#organization"},"image":{"@id":"https:\/\/www.suno.com.br\/noticias\/neon-pagamentos-contrata-ex-diretor-da-amazon\/#primaryimage"},"thumbnailUrl":"https:\/\/files.sunoresearch.com.br\/n\/uploads\/2019\/06\/fff21c16-neon-jpg.webp","keywords":["Amazon (AMZO34)","Banco Neon","Neon Pagamentos"],"articleSection":["Neg\u00f3cios"],"inLanguage":"pt-BR"},{"@type":"WebPage","@id":"https:\/\/www.suno.com.br\/noticias\/neon-pagamentos-contrata-ex-diretor-da-amazon\/","url":"https:\/\/www.suno.com.br\/noticias\/neon-pagamentos-contrata-ex-diretor-da-amazon\/","name":"Neon Pagamentos contrata Mazini, ex-diretor da Amazon","isPartOf":{"@id":"https:\/\/www.suno.com.br\/noticias\/#website"},"primaryImageOfPage":{"@id":"https:\/\/www.suno.com.br\/noticias\/neon-pagamentos-contrata-ex-diretor-da-amazon\/#primaryimage"},"image":{"@id":"https:\/\/www.suno.com.br\/noticias\/neon-pagamentos-contrata-ex-diretor-da-amazon\/#primaryimage"},"thumbnailUrl":"https:\/\/files.sunoresearch.com.br\/n\/uploads\/2019\/06\/fff21c16-neon-jpg.webp","datePublished":"2020-06-22T13:45:28+00:00","description":"A Neon Pagamentos contratou o ex-diretor de produtos da Amazon.com, Daniel Mazini.\u00a0Para saber mais sobre a fintech clique aqui e confira","breadcrumb":{"@id":"https:\/\/www.suno.com.br\/noticias\/neon-pagamentos-contrata-ex-diretor-da-amazon\/#breadcrumb"},"inLanguage":"pt-BR","potentialAction":[{"@type":"ReadAction","target":["https:\/\/www.suno.com.br\/noticias\/neon-pagamentos-contrata-ex-diretor-da-amazon\/"]}]},{"@type":"ImageObject","inLanguage":"pt-BR","@id":"https:\/\/www.suno.com.br\/noticias\/neon-pagamentos-contrata-ex-diretor-da-amazon\/#primaryimage","url":"https:\/\/files.sunoresearch.com.br\/n\/uploads\/2019\/06\/fff21c16-neon-jpg.webp","contentUrl":"https:\/\/files.sunoresearch.com.br\/n\/uploads\/2019\/06\/fff21c16-neon-jpg.webp","width":653,"height":461,"caption":"Neon Pagamentos"},{"@type":"BreadcrumbList","@id":"https:\/\/www.suno.com.br\/noticias\/neon-pagamentos-contrata-ex-diretor-da-amazon\/#breadcrumb","itemListElement":[{"@type":"ListItem","position":1,"name":"Not\u00edcias","item":"https:\/\/www.suno.com.br\/noticias\/"},{"@type":"ListItem","position":2,"name":"Neg\u00f3cios","item":"https:\/\/www.suno.com.br\/noticias\/negocios\/"},{"@type":"ListItem","position":3,"name":"Neon Pagamentos contrata ex-diretor da Amazon"}]},{"@type":"WebSite","@id":"https:\/\/www.suno.com.br\/noticias\/#website","url":"https:\/\/www.suno.com.br\/noticias\/","name":"Suno Not\u00edcias","description":"Seu portal de informa\u00e7\u00e3o sobre o mundo dos investimentos","publisher":{"@id":"https:\/\/www.suno.com.br\/noticias\/#organization"},"potentialAction":[{"@type":"SearchAction","target":{"@type":"EntryPoint","urlTemplate":"https:\/\/www.suno.com.br\/noticias\/?s={search_term_string}"},"query-input":{"@type":"PropertyValueSpecification","valueRequired":true,"valueName":"search_term_string"}}],"inLanguage":"pt-BR"},{"@type":"Organization","@id":"https:\/\/www.suno.com.br\/noticias\/#organization","name":"Suno Not\u00edcias","url":"https:\/\/www.suno.com.br\/noticias\/","logo":{"@type":"ImageObject","inLanguage":"pt-BR","@id":"https:\/\/www.suno.com.br\/noticias\/#\/schema\/logo\/image\/","url":"https:\/\/files.sunoresearch.com.br\/n\/uploads\/2021\/09\/suno-logo.png","contentUrl":"https:\/\/files.sunoresearch.com.br\/n\/uploads\/2021\/09\/suno-logo.png","width":180,"height":180,"caption":"Suno Not\u00edcias"},"image":{"@id":"https:\/\/www.suno.com.br\/noticias\/#\/schema\/logo\/image\/"},"sameAs":["https:\/\/facebook.com\/sunoresearch","https:\/\/x.com\/sunoresearch","https:\/\/www.instagram.com\/suno","https:\/\/www.linkedin.com\/company\/suno-research\/","https:\/\/www.youtube.com\/c\/sunoresearch"]},{"@type":"Person","@id":"https:\/\/www.suno.com.br\/noticias\/#\/schema\/person\/02ec1f752758247878a2bf4abee1aeda","name":"Poliana Santos","image":{"@type":"ImageObject","inLanguage":"pt-BR","@id":"https:\/\/www.suno.com.br\/noticias\/#\/schema\/person\/image\/","url":"https:\/\/secure.gravatar.com\/avatar\/0645bd32f23d87b2130f2b2dff1d3f8d?s=96&r=g","contentUrl":"https:\/\/secure.gravatar.com\/avatar\/0645bd32f23d87b2130f2b2dff1d3f8d?s=96&r=g","caption":"Poliana Santos"},"description":"Rep\u00f3rter no Suno Not\u00edcias, com cobertura em mercado financeiro, economia, finan\u00e7as pessoais, renda fixa e varejo. Jornalista formada pela Faculdade C\u00e1sper L\u00edbero e possui passagem na R\u00e1dio Gazeta AM com a produ\u00e7\u00e3o de conte\u00fado sobre economia, pol\u00edtica, sa\u00fade, moda e m\u00fasica. Possui certificado de conclus\u00e3o do curso de An\u00e1lise de Balan\u00e7os pela Funda\u00e7\u00e3o Bradesco, Agenda Brasil pela FAAP, Educa\u00e7\u00e3o Pol\u00edtica por Alexandre Garcia e do Tesouro Direto e Mercado de A\u00e7\u00f5es pela B3.","url":"https:\/\/www.suno.com.br\/noticias\/author\/poliana-santos\/"}]}},"default_loop_html":"<div class=\"cardsPage__listCard__boxs\"><div class=\"cardsPage__listCard__boxs__img\"><a href=\"https:\/\/www.suno.com.br\/noticias\/neon-pagamentos-contrata-ex-diretor-da-amazon\/\"><img class=\"mask\" src=\"https:\/\/www.suno.com.br\/noticias\/wp-content\/themes\/suno\/resources\/images\/spotlight\/spotlight1img\/bg-mask.png\" alt=\"Image Mask\"\/><img src=\"https:\/\/files.sunoresearch.com.br\/n\/uploads\/2019\/06\/fff21c16-neon-400x200.webp\" alt=\"Neon Pagamentos contrata ex-diretor da Amazon\"\/><\/a><span class=\"spotlightCategory\"><a href=\"https:\/\/www.suno.com.br\/noticias\/negocios\/\">Neg\u00f3cios<\/a><\/span><\/div><div class=\"cardsPage__listCard__boxs__content\"><a href=\"https:\/\/www.suno.com.br\/noticias\/neon-pagamentos-contrata-ex-diretor-da-amazon\/\"><h2 class=\"content__title\">Neon Pagamentos contrata ex-diretor da Amazon<\/h2><\/a><div class=\"newsContent__article__meta\"><div class=\"newsContent__article__meta__authorBox\"><a href=\"https:\/\/www.suno.com.br\/noticias\/author\/poliana-santos\/\" class=\"authorBox__avatar noMobi\"><img src=\"https:\/\/files.sunoresearch.com.br\/n\/uploads\/2020\/08\/7ef34026-whatsapp-image-2020-08-03-at-12.37.57-150x150.webp\" alt=\"Poliana Santos\"><\/a><div class=\"authorBox__name\"><span>por\n\t\t\t<a href=\"https:\/\/www.suno.com.br\/noticias\/author\/poliana-santos\/\"><span itemprop=\"author\">Poliana Santos<\/span><\/a><\/span><time datetime=\"2020-06-22T10:45:28-03:00\" itemprop=\"datePublished\">22\/06\/2020 10:45<\/time><\/div><\/div><\/div><\/div><\/div>","single_layout":"posts","amp_enabled":true,"_links":{"self":[{"href":"https:\/\/www.suno.com.br\/noticias\/wp-json\/wp\/v2\/posts\/69858"}],"collection":[{"href":"https:\/\/www.suno.com.br\/noticias\/wp-json\/wp\/v2\/posts"}],"about":[{"href":"https:\/\/www.suno.com.br\/noticias\/wp-json\/wp\/v2\/types\/post"}],"author":[{"embeddable":true,"href":"https:\/\/www.suno.com.br\/noticias\/wp-json\/wp\/v2\/users\/15"}],"replies":[{"embeddable":true,"href":"https:\/\/www.suno.com.br\/noticias\/wp-json\/wp\/v2\/comments?post=69858"}],"version-history":[{"count":0,"href":"https:\/\/www.suno.com.br\/noticias\/wp-json\/wp\/v2\/posts\/69858\/revisions"}],"wp:featuredmedia":[{"embeddable":true,"href":"https:\/\/www.suno.com.br\/noticias\/wp-json\/wp\/v2\/media\/28995"}],"wp:attachment":[{"href":"https:\/\/www.suno.com.br\/noticias\/wp-json\/wp\/v2\/media?parent=69858"}],"wp:term":[{"taxonomy":"category","embeddable":true,"href":"https:\/\/www.suno.com.br\/noticias\/wp-json\/wp\/v2\/categories?post=69858"},{"taxonomy":"post_tag","embeddable":true,"href":"https:\/\/www.suno.com.br\/noticias\/wp-json\/wp\/v2\/tags?post=69858"},{"taxonomy":"suno_strategy","embeddable":true,"href":"https:\/\/www.suno.com.br\/noticias\/wp-json\/wp\/v2\/suno_strategy?post=69858"}],"curies":[{"name":"wp","href":"https:\/\/api.w.org\/{rel}","templated":true}]}}