{"id":69730,"date":"2020-06-19T19:37:13","date_gmt":"2020-06-19T22:37:13","guid":{"rendered":"https:\/\/www.suno.com.br\/noticias\/?p=69730"},"modified":"2020-06-19T19:37:13","modified_gmt":"2020-06-19T22:37:13","slug":"governo-normas-prevencao-coronavirus-frigorificos","status":"publish","type":"post","link":"https:\/\/www.suno.com.br\/noticias\/governo-normas-prevencao-coronavirus-frigorificos\/","title":{"rendered":"Governo define medidas para controlar coronav\u00edrus em frigor\u00edficos"},"content":{"rendered":"<p>Os Minist\u00e9rios da Agricultura, da Economia e da Sa\u00fade estabeleceram medidas para preven\u00e7\u00e3o, controle e mitiga\u00e7\u00e3o dos riscos de transmiss\u00e3o do novo <strong>coronav\u00edrus<\/strong> em frigor\u00edficos.<\/p>\t<div class=\"wrapper-featured-image\">\n\t\t<figure class=\"spotlightImg\">\n\n\t\t\t<picture>\n\t\t\t\t<source media=\"(max-width: 768px)\" srcset=\"https:\/\/files.sunoresearch.com.br\/n\/uploads\/2019\/05\/232b38c4-marfrig-400x200.webp\">\n\t\t\t\t<img loading=\"lazy\" decoding=\"async\" class=\"newsContent__article__imgCapa lazyloadDisabled newsContent__article__imgCapa--noCaption\" src=\"https:\/\/files.sunoresearch.com.br\/n\/uploads\/2019\/05\/232b38c4-marfrig-800x450.webp\" width=\"800\" height=\"450\" alt=\"Governo define medidas para controlar coronav\u00edrus em frigor\u00edficos\" fetchpriority=high \/>\n\t\t\t<\/picture>\n\n\t\t\t<figcaption class=\"wp-caption-text wp-caption-text--hide\"><\/figcaption>\n\t\t<\/figure>\n\t<\/div>\n\n\n\n<p>A norma foi definida em portaria conjunta e contempla as atividades na ind\u00fastria de abate e processamento de carnes e derivados e latic\u00ednios para preven\u00e7\u00e3o contra o novo coronav\u00edrus. A Agricultura, em nota divulgada, informou que o objetivo da norma \u00e9 \u201cgarantir a seguran\u00e7a e a sa\u00fade dos trabalhadores, o abastecimento alimentar da popula\u00e7\u00e3o, os empregos e a atividade econ\u00f4mica&#8221;.<\/p>\n<p>O governo federa havia divulgado no m\u00eas passado um manual de recomenda\u00e7\u00f5es para atividades em <strong>frigor\u00edficos<\/strong> durante a pandemia. Este ser\u00e1 substitu\u00eddos pelas medidas previstas na Portaria n\u00ba 19, publicada no Di\u00e1rio Oficial. O cumprimento da nova norma ser\u00e1 obrigat\u00f3rio e a fiscaliza\u00e7\u00e3o ficar\u00e1 a cargo do Minist\u00e9rio da Economia.<\/p>\n<p><a href=\"https:\/\/lp.suno.com.br\/suno-one\/\">Suno One: acesse gratuitamente eBooks, Minicursos, Artigos e Video Aulas sobre investimentos com um \u00fanico cadastro. Clique para saber mais!<\/a><\/p>\n<p>Com isso, unidades de empresas, como a <a href=\"https:\/\/www.suno.com.br\/acoes\/jbss3\/\">JBS (JBSS3)<\/a> e <a href=\"https:\/\/www.suno.com.br\/acoes\/brfs3\/\">BRF (BRFS3)<\/a>, chegaram a ser fechadas ap\u00f3s interven\u00e7\u00e3o do Minist\u00e9rio P\u00fablico do Trabalho (MPT) devido ao aumento de casos da covid-19.<\/p>\n<p>\u201cEssa portaria vai harmonizar mais as a\u00e7\u00f5es para que os frigor\u00edficos possam, neste momento de pandemia, trabalhar com a seguran\u00e7a de seus funcion\u00e1rios e tamb\u00e9m para que possam continuar a produ\u00e7\u00e3o, trabalhando de maneira normal e trazendo os alimentos para abastecer o Brasil e o mundo\u201d, afirmou a ministra da Agricultura, Tereza Cristina, na nota.<\/p>\n<p>Entre as regras estabelecidas para as companhias, constam:<\/p>\n<ul>\n<li>acompanhamento de sinais e sintomas de covid-19;<\/li>\n<li>afastamento imediato por 14 dias em caso de confirma\u00e7\u00e3o, suspeita ou\u00a0 contato com outros doentes;<\/li>\n<li>distanciamento de um metro entre funcion\u00e1rios<\/li>\n<\/ul>\n<p>\u201cSe essa dist\u00e2ncia n\u00e3o puder ser implementada, os trabalhadores devem usar m\u00e1scaras cir\u00fargicas al\u00e9m dos equipamentos de prote\u00e7\u00e3o individual (EPI), e ser instaladas divis\u00f3rias imperme\u00e1veis entre esses funcion\u00e1rios ou fornecidas viseiras pl\u00e1sticas ou \u00f3culos de prote\u00e7\u00e3o, al\u00e9m de medidas administrativas como escalas de trabalho diferenciadas\u201d, informou a pasta da Agricultura.<\/p>\n<h2>Empresas devem se adaptar \u00e0 normas de preven\u00e7\u00e3o ao coronav\u00edrus<\/h2>\n<p>As companhias do setor de abate e processamento de carnes dever\u00e3o disponibilizar o trabalho remoto, se poss\u00edvel, e adotar medidas para evitar aglomera\u00e7\u00f5es de funcion\u00e1rios.<\/p>\n<p>No mesmo sentido, as instala\u00e7\u00f5es dever\u00e3o dar prefer\u00eancia \u00e0 ventila\u00e7\u00e3o natural e evitar a recircula\u00e7\u00e3o do ar, com o refor\u00e7o na limpeza e desinfec\u00e7\u00e3o dos locais de trabalho.<\/p>\n<p><a href=\"https:\/\/www.suno.com.br\/noticias\/jbs-jbss3-paralisacao-frigorifico-rs\/\">Saiba mais: JBS (JBSS3): ju\u00edza determina paralisa\u00e7\u00e3o de frigor\u00edfico no RS<\/a><\/p>\n<p>\u201cQuando houver a paralisa\u00e7\u00e3o das atividades em decorr\u00eancia da covid-19, devem ser feitas a higieniza\u00e7\u00e3o e desinfec\u00e7\u00e3o do local de trabalho, \u00e1reas comuns e ve\u00edculos utilizados antes do retorno das atividades. Tamb\u00e9m deve haver triagem dos trabalhadores por m\u00e9dico do trabalho, garantindo afastamento dos casos confirmados suspeitos e contactantes com os confirmados de covid-19\u201d, comunicou o Minist\u00e9rio, sobre as normas de preven\u00e7\u00e3o contra o novo <strong>coronav\u00edrus<\/strong>.<\/p>\n\n","protected":false},"excerpt":{"rendered":"<p>Os Minist\u00e9rios da Agricultura, da Economia e da Sa\u00fade estabeleceram medidas para preven\u00e7\u00e3o, controle e mitiga\u00e7\u00e3o dos riscos de transmiss\u00e3o do novo coronav\u00edrus em frigor\u00edficos. A norma foi definida em portaria conjunta e contempla as atividades na ind\u00fastria de abate e processamento de carnes e derivados e latic\u00ednios para preven\u00e7\u00e3o contra o novo coronav\u00edrus. A [&hellip;]<\/p>\n","protected":false},"author":35,"featured_media":26782,"comment_status":"closed","ping_status":"closed","sticky":false,"template":"","format":"standard","meta":[],"categories":[64],"tags":[397,2487,521,1122,909,2735],"suno_strategy":[],"class_list":["post-69730","post","type-post","status-publish","format-standard","has-post-thumbnail","hentry","category-negocios","tag-brf-brfs3","tag-coronavirus","tag-jbs-jbss3","tag-ministerio-da-agricultura","tag-ministerio-da-economia","tag-ministerio-da-saude"],"yoast_head":"<!-- This site is optimized with the Yoast SEO plugin v24.4 - https:\/\/yoast.com\/wordpress\/plugins\/seo\/ -->\n<title>Governo define medidas para controlar coronav\u00edrus em frigor\u00edficos<\/title>\n<meta name=\"description\" content=\"O governo estabeleceu medidas para preven\u00e7\u00e3o, controle e mitiga\u00e7\u00e3o da transmiss\u00e3o do novo coronav\u00edrus em frigor\u00edficos. Clique para saber mais\" \/>\n<meta name=\"robots\" content=\"index, follow, max-snippet:-1, max-image-preview:large, max-video-preview:-1\" \/>\n<link rel=\"canonical\" href=\"https:\/\/www.suno.com.br\/noticias\/governo-normas-prevencao-coronavirus-frigorificos\/\" \/>\n<meta property=\"og:locale\" content=\"pt_BR\" \/>\n<meta property=\"og:type\" content=\"article\" \/>\n<meta property=\"og:title\" content=\"Governo define medidas para controlar coronav\u00edrus em frigor\u00edficos\" \/>\n<meta property=\"og:description\" content=\"O governo estabeleceu medidas para preven\u00e7\u00e3o, controle e mitiga\u00e7\u00e3o da transmiss\u00e3o do novo coronav\u00edrus em frigor\u00edficos. Clique para saber mais\" \/>\n<meta property=\"og:url\" content=\"https:\/\/www.suno.com.br\/noticias\/governo-normas-prevencao-coronavirus-frigorificos\/\" \/>\n<meta property=\"og:site_name\" content=\"Suno Not\u00edcias\" \/>\n<meta property=\"article:publisher\" content=\"https:\/\/facebook.com\/sunoresearch\" \/>\n<meta property=\"og:image\" content=\"https:\/\/files.sunoresearch.com.br\/n\/uploads\/2019\/05\/232b38c4-marfrig.jpg\" \/>\n\t<meta property=\"og:image:width\" content=\"3500\" \/>\n\t<meta property=\"og:image:height\" content=\"2335\" \/>\n\t<meta property=\"og:image:type\" content=\"image\/jpeg\" \/>\n<meta name=\"author\" content=\"Arthur Guimar\u00e3es\" \/>\n<meta name=\"twitter:card\" content=\"summary_large_image\" \/>\n<meta name=\"twitter:creator\" content=\"@sunoresearch\" \/>\n<meta name=\"twitter:site\" content=\"@sunoresearch\" \/>\n<meta name=\"twitter:label1\" content=\"Escrito por\" \/>\n\t<meta name=\"twitter:data1\" content=\"Arthur Guimar\u00e3es\" \/>\n\t<meta name=\"twitter:label2\" content=\"Est. tempo de leitura\" \/>\n\t<meta name=\"twitter:data2\" content=\"3 minutos\" \/>\n<script type=\"application\/ld+json\" class=\"yoast-schema-graph\">{\"@context\":\"https:\/\/schema.org\",\"@graph\":[{\"@type\":\"NewsArticle\",\"@id\":\"https:\/\/www.suno.com.br\/noticias\/governo-normas-prevencao-coronavirus-frigorificos\/#article\",\"isPartOf\":{\"@id\":\"https:\/\/www.suno.com.br\/noticias\/governo-normas-prevencao-coronavirus-frigorificos\/\"},\"author\":{\"name\":\"Arthur Guimar\u00e3es\",\"@id\":\"https:\/\/www.suno.com.br\/noticias\/#\/schema\/person\/053a750a709a263919a20f976caae91c\"},\"headline\":\"Governo define medidas para controlar coronav\u00edrus em frigor\u00edficos\",\"datePublished\":\"2020-06-19T22:37:13+00:00\",\"mainEntityOfPage\":{\"@id\":\"https:\/\/www.suno.com.br\/noticias\/governo-normas-prevencao-coronavirus-frigorificos\/\"},\"wordCount\":553,\"publisher\":{\"@id\":\"https:\/\/www.suno.com.br\/noticias\/#organization\"},\"image\":{\"@id\":\"https:\/\/www.suno.com.br\/noticias\/governo-normas-prevencao-coronavirus-frigorificos\/#primaryimage\"},\"thumbnailUrl\":\"https:\/\/files.sunoresearch.com.br\/n\/uploads\/2019\/05\/232b38c4-marfrig-scaled.webp\",\"keywords\":[\"BRF (BRFS3)\",\"coronav\u00edrus\",\"JBS (JBSS3)\",\"Minist\u00e9rio da Agricultura\",\"Minist\u00e9rio da Economia\",\"Minist\u00e9rio da Sa\u00fade\"],\"articleSection\":[\"Neg\u00f3cios\"],\"inLanguage\":\"pt-BR\"},{\"@type\":\"WebPage\",\"@id\":\"https:\/\/www.suno.com.br\/noticias\/governo-normas-prevencao-coronavirus-frigorificos\/\",\"url\":\"https:\/\/www.suno.com.br\/noticias\/governo-normas-prevencao-coronavirus-frigorificos\/\",\"name\":\"Governo define medidas para controlar coronav\u00edrus em frigor\u00edficos\",\"isPartOf\":{\"@id\":\"https:\/\/www.suno.com.br\/noticias\/#website\"},\"primaryImageOfPage\":{\"@id\":\"https:\/\/www.suno.com.br\/noticias\/governo-normas-prevencao-coronavirus-frigorificos\/#primaryimage\"},\"image\":{\"@id\":\"https:\/\/www.suno.com.br\/noticias\/governo-normas-prevencao-coronavirus-frigorificos\/#primaryimage\"},\"thumbnailUrl\":\"https:\/\/files.sunoresearch.com.br\/n\/uploads\/2019\/05\/232b38c4-marfrig-scaled.webp\",\"datePublished\":\"2020-06-19T22:37:13+00:00\",\"description\":\"O governo estabeleceu medidas para preven\u00e7\u00e3o, controle e mitiga\u00e7\u00e3o da transmiss\u00e3o do novo coronav\u00edrus em frigor\u00edficos. Clique para saber mais\",\"breadcrumb\":{\"@id\":\"https:\/\/www.suno.com.br\/noticias\/governo-normas-prevencao-coronavirus-frigorificos\/#breadcrumb\"},\"inLanguage\":\"pt-BR\",\"potentialAction\":[{\"@type\":\"ReadAction\",\"target\":[\"https:\/\/www.suno.com.br\/noticias\/governo-normas-prevencao-coronavirus-frigorificos\/\"]}]},{\"@type\":\"ImageObject\",\"inLanguage\":\"pt-BR\",\"@id\":\"https:\/\/www.suno.com.br\/noticias\/governo-normas-prevencao-coronavirus-frigorificos\/#primaryimage\",\"url\":\"https:\/\/files.sunoresearch.com.br\/n\/uploads\/2019\/05\/232b38c4-marfrig-scaled.webp\",\"contentUrl\":\"https:\/\/files.sunoresearch.com.br\/n\/uploads\/2019\/05\/232b38c4-marfrig-scaled.webp\",\"width\":2560,\"height\":1708,\"caption\":\"JBS\"},{\"@type\":\"BreadcrumbList\",\"@id\":\"https:\/\/www.suno.com.br\/noticias\/governo-normas-prevencao-coronavirus-frigorificos\/#breadcrumb\",\"itemListElement\":[{\"@type\":\"ListItem\",\"position\":1,\"name\":\"Not\u00edcias\",\"item\":\"https:\/\/www.suno.com.br\/noticias\/\"},{\"@type\":\"ListItem\",\"position\":2,\"name\":\"Neg\u00f3cios\",\"item\":\"https:\/\/www.suno.com.br\/noticias\/negocios\/\"},{\"@type\":\"ListItem\",\"position\":3,\"name\":\"Governo define medidas para controlar coronav\u00edrus em frigor\u00edficos\"}]},{\"@type\":\"WebSite\",\"@id\":\"https:\/\/www.suno.com.br\/noticias\/#website\",\"url\":\"https:\/\/www.suno.com.br\/noticias\/\",\"name\":\"Suno Not\u00edcias\",\"description\":\"Seu portal de informa\u00e7\u00e3o sobre o mundo dos investimentos\",\"publisher\":{\"@id\":\"https:\/\/www.suno.com.br\/noticias\/#organization\"},\"potentialAction\":[{\"@type\":\"SearchAction\",\"target\":{\"@type\":\"EntryPoint\",\"urlTemplate\":\"https:\/\/www.suno.com.br\/noticias\/?s={search_term_string}\"},\"query-input\":{\"@type\":\"PropertyValueSpecification\",\"valueRequired\":true,\"valueName\":\"search_term_string\"}}],\"inLanguage\":\"pt-BR\"},{\"@type\":\"Organization\",\"@id\":\"https:\/\/www.suno.com.br\/noticias\/#organization\",\"name\":\"Suno Not\u00edcias\",\"url\":\"https:\/\/www.suno.com.br\/noticias\/\",\"logo\":{\"@type\":\"ImageObject\",\"inLanguage\":\"pt-BR\",\"@id\":\"https:\/\/www.suno.com.br\/noticias\/#\/schema\/logo\/image\/\",\"url\":\"https:\/\/files.sunoresearch.com.br\/n\/uploads\/2021\/09\/suno-logo.png\",\"contentUrl\":\"https:\/\/files.sunoresearch.com.br\/n\/uploads\/2021\/09\/suno-logo.png\",\"width\":180,\"height\":180,\"caption\":\"Suno Not\u00edcias\"},\"image\":{\"@id\":\"https:\/\/www.suno.com.br\/noticias\/#\/schema\/logo\/image\/\"},\"sameAs\":[\"https:\/\/facebook.com\/sunoresearch\",\"https:\/\/x.com\/sunoresearch\",\"https:\/\/www.instagram.com\/suno\",\"https:\/\/www.linkedin.com\/company\/suno-research\/\",\"https:\/\/www.youtube.com\/c\/sunoresearch\"]},{\"@type\":\"Person\",\"@id\":\"https:\/\/www.suno.com.br\/noticias\/#\/schema\/person\/053a750a709a263919a20f976caae91c\",\"name\":\"Arthur Guimar\u00e3es\",\"image\":{\"@type\":\"ImageObject\",\"inLanguage\":\"pt-BR\",\"@id\":\"https:\/\/www.suno.com.br\/noticias\/#\/schema\/person\/image\/\",\"url\":\"https:\/\/secure.gravatar.com\/avatar\/1affd86a11209ae09eb6dd3bcad3e96c?s=96&r=g\",\"contentUrl\":\"https:\/\/secure.gravatar.com\/avatar\/1affd86a11209ae09eb6dd3bcad3e96c?s=96&r=g\",\"caption\":\"Arthur Guimar\u00e3es\"},\"description\":\"Arthur Guimar\u00e3es escreve sobre pol\u00edtica, economia e neg\u00f3cios para o portal de not\u00edcias da Suno Research. Atualmente, \u00e9 estudante de jornalismo pela Faculdade C\u00e1sper L\u00edbero.\",\"url\":\"https:\/\/www.suno.com.br\/noticias\/author\/arthur-guimaraes\/\"}]}<\/script>\n<!-- \/ Yoast SEO plugin. -->","yoast_head_json":{"title":"Governo define medidas para controlar coronav\u00edrus em frigor\u00edficos","description":"O governo estabeleceu medidas para preven\u00e7\u00e3o, controle e mitiga\u00e7\u00e3o da transmiss\u00e3o do novo coronav\u00edrus em frigor\u00edficos. Clique para saber mais","robots":{"index":"index","follow":"follow","max-snippet":"max-snippet:-1","max-image-preview":"max-image-preview:large","max-video-preview":"max-video-preview:-1"},"canonical":"https:\/\/www.suno.com.br\/noticias\/governo-normas-prevencao-coronavirus-frigorificos\/","og_locale":"pt_BR","og_type":"article","og_title":"Governo define medidas para controlar coronav\u00edrus em frigor\u00edficos","og_description":"O governo estabeleceu medidas para preven\u00e7\u00e3o, controle e mitiga\u00e7\u00e3o da transmiss\u00e3o do novo coronav\u00edrus em frigor\u00edficos. Clique para saber mais","og_url":"https:\/\/www.suno.com.br\/noticias\/governo-normas-prevencao-coronavirus-frigorificos\/","og_site_name":"Suno Not\u00edcias","article_publisher":"https:\/\/facebook.com\/sunoresearch","og_image":[{"width":3500,"height":2335,"url":"https:\/\/files.sunoresearch.com.br\/n\/uploads\/2019\/05\/232b38c4-marfrig.jpg","type":"image\/jpeg"}],"author":"Arthur Guimar\u00e3es","twitter_card":"summary_large_image","twitter_creator":"@sunoresearch","twitter_site":"@sunoresearch","twitter_misc":{"Escrito por":"Arthur Guimar\u00e3es","Est. tempo de leitura":"3 minutos"},"schema":{"@context":"https:\/\/schema.org","@graph":[{"@type":"NewsArticle","@id":"https:\/\/www.suno.com.br\/noticias\/governo-normas-prevencao-coronavirus-frigorificos\/#article","isPartOf":{"@id":"https:\/\/www.suno.com.br\/noticias\/governo-normas-prevencao-coronavirus-frigorificos\/"},"author":{"name":"Arthur Guimar\u00e3es","@id":"https:\/\/www.suno.com.br\/noticias\/#\/schema\/person\/053a750a709a263919a20f976caae91c"},"headline":"Governo define medidas para controlar coronav\u00edrus em frigor\u00edficos","datePublished":"2020-06-19T22:37:13+00:00","mainEntityOfPage":{"@id":"https:\/\/www.suno.com.br\/noticias\/governo-normas-prevencao-coronavirus-frigorificos\/"},"wordCount":553,"publisher":{"@id":"https:\/\/www.suno.com.br\/noticias\/#organization"},"image":{"@id":"https:\/\/www.suno.com.br\/noticias\/governo-normas-prevencao-coronavirus-frigorificos\/#primaryimage"},"thumbnailUrl":"https:\/\/files.sunoresearch.com.br\/n\/uploads\/2019\/05\/232b38c4-marfrig-scaled.webp","keywords":["BRF (BRFS3)","coronav\u00edrus","JBS (JBSS3)","Minist\u00e9rio da Agricultura","Minist\u00e9rio da Economia","Minist\u00e9rio da Sa\u00fade"],"articleSection":["Neg\u00f3cios"],"inLanguage":"pt-BR"},{"@type":"WebPage","@id":"https:\/\/www.suno.com.br\/noticias\/governo-normas-prevencao-coronavirus-frigorificos\/","url":"https:\/\/www.suno.com.br\/noticias\/governo-normas-prevencao-coronavirus-frigorificos\/","name":"Governo define medidas para controlar coronav\u00edrus em frigor\u00edficos","isPartOf":{"@id":"https:\/\/www.suno.com.br\/noticias\/#website"},"primaryImageOfPage":{"@id":"https:\/\/www.suno.com.br\/noticias\/governo-normas-prevencao-coronavirus-frigorificos\/#primaryimage"},"image":{"@id":"https:\/\/www.suno.com.br\/noticias\/governo-normas-prevencao-coronavirus-frigorificos\/#primaryimage"},"thumbnailUrl":"https:\/\/files.sunoresearch.com.br\/n\/uploads\/2019\/05\/232b38c4-marfrig-scaled.webp","datePublished":"2020-06-19T22:37:13+00:00","description":"O governo estabeleceu medidas para preven\u00e7\u00e3o, controle e mitiga\u00e7\u00e3o da transmiss\u00e3o do novo coronav\u00edrus em frigor\u00edficos. Clique para saber mais","breadcrumb":{"@id":"https:\/\/www.suno.com.br\/noticias\/governo-normas-prevencao-coronavirus-frigorificos\/#breadcrumb"},"inLanguage":"pt-BR","potentialAction":[{"@type":"ReadAction","target":["https:\/\/www.suno.com.br\/noticias\/governo-normas-prevencao-coronavirus-frigorificos\/"]}]},{"@type":"ImageObject","inLanguage":"pt-BR","@id":"https:\/\/www.suno.com.br\/noticias\/governo-normas-prevencao-coronavirus-frigorificos\/#primaryimage","url":"https:\/\/files.sunoresearch.com.br\/n\/uploads\/2019\/05\/232b38c4-marfrig-scaled.webp","contentUrl":"https:\/\/files.sunoresearch.com.br\/n\/uploads\/2019\/05\/232b38c4-marfrig-scaled.webp","width":2560,"height":1708,"caption":"JBS"},{"@type":"BreadcrumbList","@id":"https:\/\/www.suno.com.br\/noticias\/governo-normas-prevencao-coronavirus-frigorificos\/#breadcrumb","itemListElement":[{"@type":"ListItem","position":1,"name":"Not\u00edcias","item":"https:\/\/www.suno.com.br\/noticias\/"},{"@type":"ListItem","position":2,"name":"Neg\u00f3cios","item":"https:\/\/www.suno.com.br\/noticias\/negocios\/"},{"@type":"ListItem","position":3,"name":"Governo define medidas para controlar coronav\u00edrus em frigor\u00edficos"}]},{"@type":"WebSite","@id":"https:\/\/www.suno.com.br\/noticias\/#website","url":"https:\/\/www.suno.com.br\/noticias\/","name":"Suno Not\u00edcias","description":"Seu portal de informa\u00e7\u00e3o sobre o mundo dos investimentos","publisher":{"@id":"https:\/\/www.suno.com.br\/noticias\/#organization"},"potentialAction":[{"@type":"SearchAction","target":{"@type":"EntryPoint","urlTemplate":"https:\/\/www.suno.com.br\/noticias\/?s={search_term_string}"},"query-input":{"@type":"PropertyValueSpecification","valueRequired":true,"valueName":"search_term_string"}}],"inLanguage":"pt-BR"},{"@type":"Organization","@id":"https:\/\/www.suno.com.br\/noticias\/#organization","name":"Suno Not\u00edcias","url":"https:\/\/www.suno.com.br\/noticias\/","logo":{"@type":"ImageObject","inLanguage":"pt-BR","@id":"https:\/\/www.suno.com.br\/noticias\/#\/schema\/logo\/image\/","url":"https:\/\/files.sunoresearch.com.br\/n\/uploads\/2021\/09\/suno-logo.png","contentUrl":"https:\/\/files.sunoresearch.com.br\/n\/uploads\/2021\/09\/suno-logo.png","width":180,"height":180,"caption":"Suno Not\u00edcias"},"image":{"@id":"https:\/\/www.suno.com.br\/noticias\/#\/schema\/logo\/image\/"},"sameAs":["https:\/\/facebook.com\/sunoresearch","https:\/\/x.com\/sunoresearch","https:\/\/www.instagram.com\/suno","https:\/\/www.linkedin.com\/company\/suno-research\/","https:\/\/www.youtube.com\/c\/sunoresearch"]},{"@type":"Person","@id":"https:\/\/www.suno.com.br\/noticias\/#\/schema\/person\/053a750a709a263919a20f976caae91c","name":"Arthur Guimar\u00e3es","image":{"@type":"ImageObject","inLanguage":"pt-BR","@id":"https:\/\/www.suno.com.br\/noticias\/#\/schema\/person\/image\/","url":"https:\/\/secure.gravatar.com\/avatar\/1affd86a11209ae09eb6dd3bcad3e96c?s=96&r=g","contentUrl":"https:\/\/secure.gravatar.com\/avatar\/1affd86a11209ae09eb6dd3bcad3e96c?s=96&r=g","caption":"Arthur Guimar\u00e3es"},"description":"Arthur Guimar\u00e3es escreve sobre pol\u00edtica, economia e neg\u00f3cios para o portal de not\u00edcias da Suno Research. Atualmente, \u00e9 estudante de jornalismo pela Faculdade C\u00e1sper L\u00edbero.","url":"https:\/\/www.suno.com.br\/noticias\/author\/arthur-guimaraes\/"}]}},"default_loop_html":"<div class=\"cardsPage__listCard__boxs\"><div class=\"cardsPage__listCard__boxs__img\"><a href=\"https:\/\/www.suno.com.br\/noticias\/governo-normas-prevencao-coronavirus-frigorificos\/\"><img class=\"mask\" src=\"https:\/\/www.suno.com.br\/noticias\/wp-content\/themes\/suno\/resources\/images\/spotlight\/spotlight1img\/bg-mask.png\" alt=\"Image Mask\"\/><img src=\"https:\/\/files.sunoresearch.com.br\/n\/uploads\/2019\/05\/232b38c4-marfrig-400x200.webp\" alt=\"Governo define medidas para controlar coronav\u00edrus em frigor\u00edficos\"\/><\/a><span class=\"spotlightCategory\"><a href=\"https:\/\/www.suno.com.br\/noticias\/negocios\/\">Neg\u00f3cios<\/a><\/span><\/div><div class=\"cardsPage__listCard__boxs__content\"><a href=\"https:\/\/www.suno.com.br\/noticias\/governo-normas-prevencao-coronavirus-frigorificos\/\"><h2 class=\"content__title\">Governo define medidas para controlar coronav\u00edrus em frigor\u00edficos<\/h2><\/a><div class=\"newsContent__article__meta\"><div class=\"newsContent__article__meta__authorBox\"><a href=\"https:\/\/www.suno.com.br\/noticias\/author\/arthur-guimaraes\/\" class=\"authorBox__avatar noMobi\"><img src=\"https:\/\/files.sunoresearch.com.br\/n\/uploads\/2020\/02\/dfb40897-eu-150x150.webp\" alt=\"Arthur Guimar\u00e3es\"><\/a><div class=\"authorBox__name\"><span>por\n\t\t\t<a href=\"https:\/\/www.suno.com.br\/noticias\/author\/arthur-guimaraes\/\"><span itemprop=\"author\">Arthur Guimar\u00e3es<\/span><\/a><\/span><time datetime=\"2020-06-19T19:37:13-03:00\" itemprop=\"datePublished\">19\/06\/2020 19:37<\/time><\/div><\/div><\/div><\/div><\/div>","single_layout":"posts","amp_enabled":true,"_links":{"self":[{"href":"https:\/\/www.suno.com.br\/noticias\/wp-json\/wp\/v2\/posts\/69730"}],"collection":[{"href":"https:\/\/www.suno.com.br\/noticias\/wp-json\/wp\/v2\/posts"}],"about":[{"href":"https:\/\/www.suno.com.br\/noticias\/wp-json\/wp\/v2\/types\/post"}],"author":[{"embeddable":true,"href":"https:\/\/www.suno.com.br\/noticias\/wp-json\/wp\/v2\/users\/35"}],"replies":[{"embeddable":true,"href":"https:\/\/www.suno.com.br\/noticias\/wp-json\/wp\/v2\/comments?post=69730"}],"version-history":[{"count":0,"href":"https:\/\/www.suno.com.br\/noticias\/wp-json\/wp\/v2\/posts\/69730\/revisions"}],"wp:featuredmedia":[{"embeddable":true,"href":"https:\/\/www.suno.com.br\/noticias\/wp-json\/wp\/v2\/media\/26782"}],"wp:attachment":[{"href":"https:\/\/www.suno.com.br\/noticias\/wp-json\/wp\/v2\/media?parent=69730"}],"wp:term":[{"taxonomy":"category","embeddable":true,"href":"https:\/\/www.suno.com.br\/noticias\/wp-json\/wp\/v2\/categories?post=69730"},{"taxonomy":"post_tag","embeddable":true,"href":"https:\/\/www.suno.com.br\/noticias\/wp-json\/wp\/v2\/tags?post=69730"},{"taxonomy":"suno_strategy","embeddable":true,"href":"https:\/\/www.suno.com.br\/noticias\/wp-json\/wp\/v2\/suno_strategy?post=69730"}],"curies":[{"name":"wp","href":"https:\/\/api.w.org\/{rel}","templated":true}]}}