{"id":69706,"date":"2020-06-19T18:17:32","date_gmt":"2020-06-19T21:17:32","guid":{"rendered":"https:\/\/www.suno.com.br\/noticias\/?p=69706"},"modified":"2021-02-17T22:26:34","modified_gmt":"2021-02-18T01:26:34","slug":"ford-retomara-atividades-brasil-coronavirus","status":"publish","type":"post","link":"https:\/\/www.suno.com.br\/noticias\/ford-retomara-atividades-brasil-coronavirus\/","title":{"rendered":"Ford retomar\u00e1 atividades no Brasil na pr\u00f3xima segunda"},"content":{"rendered":"<p>A <strong>Ford<\/strong> informou nessa sexta-feira (19) que retomar\u00e1 a produ\u00e7\u00e3o da sua f\u00e1brica de ve\u00edculos em Cama\u00e7ari, na Bahia, na pr\u00f3xima segunda-feira (22), ao passo que as atividades na unidade de Taubat\u00e9, em S\u00e3o Paulo, devem reiniciar no dia 1 de julho. Ambas retornar\u00e3o com apenas um turno de produ\u00e7\u00e3o e os funcion\u00e1rios cujas fun\u00e7\u00f5es permitem trabalho remoto, devem continuar trabalhando remotamente.<\/p>\t<div class=\"wrapper-featured-image\">\n\t\t<figure class=\"spotlightImg\">\n\n\t\t\t<picture>\n\t\t\t\t<source media=\"(max-width: 768px)\" srcset=\"https:\/\/files.sunoresearch.com.br\/n\/uploads\/2019\/04\/6952d4cc-ford-400x200.webp\">\n\t\t\t\t<img loading=\"lazy\" decoding=\"async\" class=\"newsContent__article__imgCapa lazyloadDisabled newsContent__article__imgCapa--noCaption\" src=\"https:\/\/files.sunoresearch.com.br\/n\/uploads\/2019\/04\/6952d4cc-ford-jpg.webp\" width=\"800\" height=\"450\" alt=\"Ford retomar\u00e1 atividades no Brasil na pr\u00f3xima segunda\" fetchpriority=high \/>\n\t\t\t<\/picture>\n\n\t\t\t<figcaption class=\"wp-caption-text wp-caption-text--hide\">Ford (NYSE: F)<\/figcaption>\n\t\t<\/figure>\n\t<\/div>\n\n\n\n<p>O presidente da Ford Am\u00e9rica do Sul, Lyle Watters, destacou em comunicado \u00e0 imprensa que tem monitorado &#8220;de perto&#8221; a situa\u00e7\u00e3o da <a href=\"https:\/\/www.suno.com.br\/noticias\/tags\/coronavirus\/\">pandemia do novo <strong>coronav\u00edrus<\/strong> (Covid-19)<\/a> no Brasil nas \u00faltimas semanas. Segundo ele, &#8220;a sa\u00fade e a seguran\u00e7a dos nossos empregados s\u00e3o prioridades m\u00e1ximas em todas as decis\u00f5es&#8221;.<\/p>\n<p>&#8220;N\u00f3s trabalhamos intensamente para redesenhar nossos processos, protocolos de trabalho e instala\u00e7\u00f5es para garantir que quando voltarmos ao trabalho haja um ambiente saud\u00e1vel e seguro para todos&#8221;, afirmou Watters.<\/p>\n<p><a href=\"https:\/\/lp.suno.com.br\/suno-one\/\">No Suno One voc\u00ea aprende a fazer seu dinheiro para trabalhar para voc\u00ea. Cadastre-se gratuitamente agora!<\/a><\/p>\n<p>Para que o ambiente fique seguro para os funcion\u00e1rios, a montadora informou que aderiu medidas como:<\/p>\n<ul>\n<li>Tornar obrigat\u00f3rio o uso de m\u00e1scaras;<\/li>\n<li>Tornar obrigat\u00f3rio o uso de \u00f3culos de seguran\u00e7a;<\/li>\n<li>Medir a temperatura de todos os trabalhadores;<\/li>\n<li>Garantir distanciamento seguro entre os empregados.<\/li>\n<\/ul>\n<p>Vale destacar que o Brasil \u00e9 o segundo pa\u00eds no ranking de infec\u00e7\u00f5es e mortes causadas pelo coronav\u00edrus. Mais de um milh\u00e3o de casos da nova doen\u00e7a j\u00e1 foram confirmados em territ\u00f3rio nacional, enquanto o n\u00famero de mortes j\u00e1 chega a 48.427.<\/p>\n<h2>Ford paralisa f\u00e1brica em Chicago dois dias ap\u00f3s reabertura<\/h2>\n<p>A montadora informou em no dia 20 de maio que suspendeu temporariamente uma f\u00e1brica em Chicago, nos Estados Unidos, apenas um dia depois da reabertura, ap\u00f3s detectar dois testarem positivo para o novo coronav\u00edrus.<\/p>\n<p><a href=\"https:\/\/www.suno.com.br\/noticias\/ford-memorando-venda-fabrica-construtora-sao-jose\/\">Saiba mais: Ford assina memorando de inten\u00e7\u00f5es para venda de f\u00e1brica para Construtora S\u00e3o Jos\u00e9<\/a><\/p>\n<p>A planta foi paralisada por v\u00e1rias horas no dia 19, um dia depois de a montadora retomar as atividades suspensas por dois meses em fun\u00e7\u00e3o da pandemia do. No entanto, de acordo com a <strong>Ford<\/strong>, as opera\u00e7\u00f5es j\u00e1 foram reiniciadas na unidade.<\/p>\n\n","protected":false},"excerpt":{"rendered":"<p>A Ford informou nessa sexta-feira (19) que retomar\u00e1 a produ\u00e7\u00e3o da sua f\u00e1brica de ve\u00edculos em Cama\u00e7ari, na Bahia, na pr\u00f3xima segunda-feira (22), ao passo que as atividades na unidade de Taubat\u00e9, em S\u00e3o Paulo, devem reiniciar no dia 1 de julho. Ambas retornar\u00e3o com apenas um turno de produ\u00e7\u00e3o e os funcion\u00e1rios cujas fun\u00e7\u00f5es [&hellip;]<\/p>\n","protected":false},"author":39,"featured_media":19702,"comment_status":"closed","ping_status":"closed","sticky":false,"template":"","format":"standard","meta":[],"categories":[64],"tags":[2487,5255,870],"suno_strategy":[],"class_list":["post-69706","post","type-post","status-publish","format-standard","has-post-thumbnail","hentry","category-negocios","tag-coronavirus","tag-covid-19","tag-ford-fdmo34"],"yoast_head":"<!-- This site is optimized with the Yoast SEO plugin v24.4 - https:\/\/yoast.com\/wordpress\/plugins\/seo\/ -->\n<title>Ford retomar\u00e1 atividades no Brasil na pr\u00f3xima segunda<\/title>\n<meta name=\"description\" content=\"A Ford retomar\u00e1 a produ\u00e7\u00e3o da sua f\u00e1brica de ve\u00edculos em Cama\u00e7ari, na Bahia, na pr\u00f3xima segunda-feira. Clique aqui para saber mais.\" \/>\n<meta name=\"robots\" content=\"index, follow, max-snippet:-1, max-image-preview:large, max-video-preview:-1\" \/>\n<link rel=\"canonical\" href=\"https:\/\/www.suno.com.br\/noticias\/ford-retomara-atividades-brasil-coronavirus\/\" \/>\n<meta property=\"og:locale\" content=\"pt_BR\" \/>\n<meta property=\"og:type\" content=\"article\" \/>\n<meta property=\"og:title\" content=\"Ford retomar\u00e1 atividades no Brasil na pr\u00f3xima segunda\" \/>\n<meta property=\"og:description\" content=\"A Ford retomar\u00e1 a produ\u00e7\u00e3o da sua f\u00e1brica de ve\u00edculos em Cama\u00e7ari, na Bahia, na pr\u00f3xima segunda-feira. Clique aqui para saber mais.\" \/>\n<meta property=\"og:url\" content=\"https:\/\/www.suno.com.br\/noticias\/ford-retomara-atividades-brasil-coronavirus\/\" \/>\n<meta property=\"og:site_name\" content=\"Suno Not\u00edcias\" \/>\n<meta property=\"article:publisher\" content=\"https:\/\/facebook.com\/sunoresearch\" \/>\n<meta property=\"og:image\" content=\"https:\/\/files.sunoresearch.com.br\/n\/uploads\/2019\/04\/6952d4cc-ford.jpg\" \/>\n\t<meta property=\"og:image:width\" content=\"674\" \/>\n\t<meta property=\"og:image:height\" content=\"420\" \/>\n\t<meta property=\"og:image:type\" content=\"image\/jpeg\" \/>\n<meta name=\"author\" content=\"Laura Moutinho\" \/>\n<meta name=\"twitter:card\" content=\"summary_large_image\" \/>\n<meta name=\"twitter:creator\" content=\"@sunoresearch\" \/>\n<meta name=\"twitter:site\" content=\"@sunoresearch\" \/>\n<meta name=\"twitter:label1\" content=\"Escrito por\" \/>\n\t<meta name=\"twitter:data1\" content=\"Laura Moutinho\" \/>\n\t<meta name=\"twitter:label2\" content=\"Est. tempo de leitura\" \/>\n\t<meta name=\"twitter:data2\" content=\"2 minutos\" \/>\n<script type=\"application\/ld+json\" class=\"yoast-schema-graph\">{\"@context\":\"https:\/\/schema.org\",\"@graph\":[{\"@type\":\"NewsArticle\",\"@id\":\"https:\/\/www.suno.com.br\/noticias\/ford-retomara-atividades-brasil-coronavirus\/#article\",\"isPartOf\":{\"@id\":\"https:\/\/www.suno.com.br\/noticias\/ford-retomara-atividades-brasil-coronavirus\/\"},\"author\":{\"name\":\"Laura Moutinho\",\"@id\":\"https:\/\/www.suno.com.br\/noticias\/#\/schema\/person\/3df0d2808748b74496efe5dbeaef2c72\"},\"headline\":\"Ford retomar\u00e1 atividades no Brasil na pr\u00f3xima segunda\",\"datePublished\":\"2020-06-19T21:17:32+00:00\",\"dateModified\":\"2021-02-18T01:26:34+00:00\",\"mainEntityOfPage\":{\"@id\":\"https:\/\/www.suno.com.br\/noticias\/ford-retomara-atividades-brasil-coronavirus\/\"},\"wordCount\":394,\"publisher\":{\"@id\":\"https:\/\/www.suno.com.br\/noticias\/#organization\"},\"image\":{\"@id\":\"https:\/\/www.suno.com.br\/noticias\/ford-retomara-atividades-brasil-coronavirus\/#primaryimage\"},\"thumbnailUrl\":\"https:\/\/files.sunoresearch.com.br\/n\/uploads\/2019\/04\/6952d4cc-ford-jpg.webp\",\"keywords\":[\"coronav\u00edrus\",\"covid-19\",\"Ford (FDMO34)\"],\"articleSection\":[\"Neg\u00f3cios\"],\"inLanguage\":\"pt-BR\"},{\"@type\":\"WebPage\",\"@id\":\"https:\/\/www.suno.com.br\/noticias\/ford-retomara-atividades-brasil-coronavirus\/\",\"url\":\"https:\/\/www.suno.com.br\/noticias\/ford-retomara-atividades-brasil-coronavirus\/\",\"name\":\"Ford retomar\u00e1 atividades no Brasil na pr\u00f3xima segunda\",\"isPartOf\":{\"@id\":\"https:\/\/www.suno.com.br\/noticias\/#website\"},\"primaryImageOfPage\":{\"@id\":\"https:\/\/www.suno.com.br\/noticias\/ford-retomara-atividades-brasil-coronavirus\/#primaryimage\"},\"image\":{\"@id\":\"https:\/\/www.suno.com.br\/noticias\/ford-retomara-atividades-brasil-coronavirus\/#primaryimage\"},\"thumbnailUrl\":\"https:\/\/files.sunoresearch.com.br\/n\/uploads\/2019\/04\/6952d4cc-ford-jpg.webp\",\"datePublished\":\"2020-06-19T21:17:32+00:00\",\"dateModified\":\"2021-02-18T01:26:34+00:00\",\"description\":\"A Ford retomar\u00e1 a produ\u00e7\u00e3o da sua f\u00e1brica de ve\u00edculos em Cama\u00e7ari, na Bahia, na pr\u00f3xima segunda-feira. Clique aqui para saber mais.\",\"breadcrumb\":{\"@id\":\"https:\/\/www.suno.com.br\/noticias\/ford-retomara-atividades-brasil-coronavirus\/#breadcrumb\"},\"inLanguage\":\"pt-BR\",\"potentialAction\":[{\"@type\":\"ReadAction\",\"target\":[\"https:\/\/www.suno.com.br\/noticias\/ford-retomara-atividades-brasil-coronavirus\/\"]}]},{\"@type\":\"ImageObject\",\"inLanguage\":\"pt-BR\",\"@id\":\"https:\/\/www.suno.com.br\/noticias\/ford-retomara-atividades-brasil-coronavirus\/#primaryimage\",\"url\":\"https:\/\/files.sunoresearch.com.br\/n\/uploads\/2019\/04\/6952d4cc-ford-jpg.webp\",\"contentUrl\":\"https:\/\/files.sunoresearch.com.br\/n\/uploads\/2019\/04\/6952d4cc-ford-jpg.webp\",\"width\":674,\"height\":420,\"caption\":\"Ford (NYSE: F)\"},{\"@type\":\"BreadcrumbList\",\"@id\":\"https:\/\/www.suno.com.br\/noticias\/ford-retomara-atividades-brasil-coronavirus\/#breadcrumb\",\"itemListElement\":[{\"@type\":\"ListItem\",\"position\":1,\"name\":\"Not\u00edcias\",\"item\":\"https:\/\/www.suno.com.br\/noticias\/\"},{\"@type\":\"ListItem\",\"position\":2,\"name\":\"Neg\u00f3cios\",\"item\":\"https:\/\/www.suno.com.br\/noticias\/negocios\/\"},{\"@type\":\"ListItem\",\"position\":3,\"name\":\"Ford retomar\u00e1 atividades no Brasil na pr\u00f3xima segunda\"}]},{\"@type\":\"WebSite\",\"@id\":\"https:\/\/www.suno.com.br\/noticias\/#website\",\"url\":\"https:\/\/www.suno.com.br\/noticias\/\",\"name\":\"Suno Not\u00edcias\",\"description\":\"Seu portal de informa\u00e7\u00e3o sobre o mundo dos investimentos\",\"publisher\":{\"@id\":\"https:\/\/www.suno.com.br\/noticias\/#organization\"},\"potentialAction\":[{\"@type\":\"SearchAction\",\"target\":{\"@type\":\"EntryPoint\",\"urlTemplate\":\"https:\/\/www.suno.com.br\/noticias\/?s={search_term_string}\"},\"query-input\":{\"@type\":\"PropertyValueSpecification\",\"valueRequired\":true,\"valueName\":\"search_term_string\"}}],\"inLanguage\":\"pt-BR\"},{\"@type\":\"Organization\",\"@id\":\"https:\/\/www.suno.com.br\/noticias\/#organization\",\"name\":\"Suno Not\u00edcias\",\"url\":\"https:\/\/www.suno.com.br\/noticias\/\",\"logo\":{\"@type\":\"ImageObject\",\"inLanguage\":\"pt-BR\",\"@id\":\"https:\/\/www.suno.com.br\/noticias\/#\/schema\/logo\/image\/\",\"url\":\"https:\/\/files.sunoresearch.com.br\/n\/uploads\/2021\/09\/suno-logo.png\",\"contentUrl\":\"https:\/\/files.sunoresearch.com.br\/n\/uploads\/2021\/09\/suno-logo.png\",\"width\":180,\"height\":180,\"caption\":\"Suno Not\u00edcias\"},\"image\":{\"@id\":\"https:\/\/www.suno.com.br\/noticias\/#\/schema\/logo\/image\/\"},\"sameAs\":[\"https:\/\/facebook.com\/sunoresearch\",\"https:\/\/x.com\/sunoresearch\",\"https:\/\/www.instagram.com\/suno\",\"https:\/\/www.linkedin.com\/company\/suno-research\/\",\"https:\/\/www.youtube.com\/c\/sunoresearch\"]},{\"@type\":\"Person\",\"@id\":\"https:\/\/www.suno.com.br\/noticias\/#\/schema\/person\/3df0d2808748b74496efe5dbeaef2c72\",\"name\":\"Laura Moutinho\",\"image\":{\"@type\":\"ImageObject\",\"inLanguage\":\"pt-BR\",\"@id\":\"https:\/\/www.suno.com.br\/noticias\/#\/schema\/person\/image\/\",\"url\":\"https:\/\/secure.gravatar.com\/avatar\/7571c7c8ca3a6fca5e41384ece5557ff?s=96&r=g\",\"contentUrl\":\"https:\/\/secure.gravatar.com\/avatar\/7571c7c8ca3a6fca5e41384ece5557ff?s=96&r=g\",\"caption\":\"Laura Moutinho\"},\"description\":\"Estagi\u00e1ria na Suno Not\u00edcias, escreve not\u00edcias que afetam o mercado financeiro. Estuda administra\u00e7\u00e3o na Universidade Presbiteriana Mackenzie.\",\"url\":\"https:\/\/www.suno.com.br\/noticias\/author\/laura-moutinho\/\"}]}<\/script>\n<!-- \/ Yoast SEO plugin. -->","yoast_head_json":{"title":"Ford retomar\u00e1 atividades no Brasil na pr\u00f3xima segunda","description":"A Ford retomar\u00e1 a produ\u00e7\u00e3o da sua f\u00e1brica de ve\u00edculos em Cama\u00e7ari, na Bahia, na pr\u00f3xima segunda-feira. Clique aqui para saber mais.","robots":{"index":"index","follow":"follow","max-snippet":"max-snippet:-1","max-image-preview":"max-image-preview:large","max-video-preview":"max-video-preview:-1"},"canonical":"https:\/\/www.suno.com.br\/noticias\/ford-retomara-atividades-brasil-coronavirus\/","og_locale":"pt_BR","og_type":"article","og_title":"Ford retomar\u00e1 atividades no Brasil na pr\u00f3xima segunda","og_description":"A Ford retomar\u00e1 a produ\u00e7\u00e3o da sua f\u00e1brica de ve\u00edculos em Cama\u00e7ari, na Bahia, na pr\u00f3xima segunda-feira. Clique aqui para saber mais.","og_url":"https:\/\/www.suno.com.br\/noticias\/ford-retomara-atividades-brasil-coronavirus\/","og_site_name":"Suno Not\u00edcias","article_publisher":"https:\/\/facebook.com\/sunoresearch","og_image":[{"width":674,"height":420,"url":"https:\/\/files.sunoresearch.com.br\/n\/uploads\/2019\/04\/6952d4cc-ford.jpg","type":"image\/jpeg"}],"author":"Laura Moutinho","twitter_card":"summary_large_image","twitter_creator":"@sunoresearch","twitter_site":"@sunoresearch","twitter_misc":{"Escrito por":"Laura Moutinho","Est. tempo de leitura":"2 minutos"},"schema":{"@context":"https:\/\/schema.org","@graph":[{"@type":"NewsArticle","@id":"https:\/\/www.suno.com.br\/noticias\/ford-retomara-atividades-brasil-coronavirus\/#article","isPartOf":{"@id":"https:\/\/www.suno.com.br\/noticias\/ford-retomara-atividades-brasil-coronavirus\/"},"author":{"name":"Laura Moutinho","@id":"https:\/\/www.suno.com.br\/noticias\/#\/schema\/person\/3df0d2808748b74496efe5dbeaef2c72"},"headline":"Ford retomar\u00e1 atividades no Brasil na pr\u00f3xima segunda","datePublished":"2020-06-19T21:17:32+00:00","dateModified":"2021-02-18T01:26:34+00:00","mainEntityOfPage":{"@id":"https:\/\/www.suno.com.br\/noticias\/ford-retomara-atividades-brasil-coronavirus\/"},"wordCount":394,"publisher":{"@id":"https:\/\/www.suno.com.br\/noticias\/#organization"},"image":{"@id":"https:\/\/www.suno.com.br\/noticias\/ford-retomara-atividades-brasil-coronavirus\/#primaryimage"},"thumbnailUrl":"https:\/\/files.sunoresearch.com.br\/n\/uploads\/2019\/04\/6952d4cc-ford-jpg.webp","keywords":["coronav\u00edrus","covid-19","Ford (FDMO34)"],"articleSection":["Neg\u00f3cios"],"inLanguage":"pt-BR"},{"@type":"WebPage","@id":"https:\/\/www.suno.com.br\/noticias\/ford-retomara-atividades-brasil-coronavirus\/","url":"https:\/\/www.suno.com.br\/noticias\/ford-retomara-atividades-brasil-coronavirus\/","name":"Ford retomar\u00e1 atividades no Brasil na pr\u00f3xima segunda","isPartOf":{"@id":"https:\/\/www.suno.com.br\/noticias\/#website"},"primaryImageOfPage":{"@id":"https:\/\/www.suno.com.br\/noticias\/ford-retomara-atividades-brasil-coronavirus\/#primaryimage"},"image":{"@id":"https:\/\/www.suno.com.br\/noticias\/ford-retomara-atividades-brasil-coronavirus\/#primaryimage"},"thumbnailUrl":"https:\/\/files.sunoresearch.com.br\/n\/uploads\/2019\/04\/6952d4cc-ford-jpg.webp","datePublished":"2020-06-19T21:17:32+00:00","dateModified":"2021-02-18T01:26:34+00:00","description":"A Ford retomar\u00e1 a produ\u00e7\u00e3o da sua f\u00e1brica de ve\u00edculos em Cama\u00e7ari, na Bahia, na pr\u00f3xima segunda-feira. Clique aqui para saber mais.","breadcrumb":{"@id":"https:\/\/www.suno.com.br\/noticias\/ford-retomara-atividades-brasil-coronavirus\/#breadcrumb"},"inLanguage":"pt-BR","potentialAction":[{"@type":"ReadAction","target":["https:\/\/www.suno.com.br\/noticias\/ford-retomara-atividades-brasil-coronavirus\/"]}]},{"@type":"ImageObject","inLanguage":"pt-BR","@id":"https:\/\/www.suno.com.br\/noticias\/ford-retomara-atividades-brasil-coronavirus\/#primaryimage","url":"https:\/\/files.sunoresearch.com.br\/n\/uploads\/2019\/04\/6952d4cc-ford-jpg.webp","contentUrl":"https:\/\/files.sunoresearch.com.br\/n\/uploads\/2019\/04\/6952d4cc-ford-jpg.webp","width":674,"height":420,"caption":"Ford (NYSE: F)"},{"@type":"BreadcrumbList","@id":"https:\/\/www.suno.com.br\/noticias\/ford-retomara-atividades-brasil-coronavirus\/#breadcrumb","itemListElement":[{"@type":"ListItem","position":1,"name":"Not\u00edcias","item":"https:\/\/www.suno.com.br\/noticias\/"},{"@type":"ListItem","position":2,"name":"Neg\u00f3cios","item":"https:\/\/www.suno.com.br\/noticias\/negocios\/"},{"@type":"ListItem","position":3,"name":"Ford retomar\u00e1 atividades no Brasil na pr\u00f3xima segunda"}]},{"@type":"WebSite","@id":"https:\/\/www.suno.com.br\/noticias\/#website","url":"https:\/\/www.suno.com.br\/noticias\/","name":"Suno Not\u00edcias","description":"Seu portal de informa\u00e7\u00e3o sobre o mundo dos investimentos","publisher":{"@id":"https:\/\/www.suno.com.br\/noticias\/#organization"},"potentialAction":[{"@type":"SearchAction","target":{"@type":"EntryPoint","urlTemplate":"https:\/\/www.suno.com.br\/noticias\/?s={search_term_string}"},"query-input":{"@type":"PropertyValueSpecification","valueRequired":true,"valueName":"search_term_string"}}],"inLanguage":"pt-BR"},{"@type":"Organization","@id":"https:\/\/www.suno.com.br\/noticias\/#organization","name":"Suno Not\u00edcias","url":"https:\/\/www.suno.com.br\/noticias\/","logo":{"@type":"ImageObject","inLanguage":"pt-BR","@id":"https:\/\/www.suno.com.br\/noticias\/#\/schema\/logo\/image\/","url":"https:\/\/files.sunoresearch.com.br\/n\/uploads\/2021\/09\/suno-logo.png","contentUrl":"https:\/\/files.sunoresearch.com.br\/n\/uploads\/2021\/09\/suno-logo.png","width":180,"height":180,"caption":"Suno Not\u00edcias"},"image":{"@id":"https:\/\/www.suno.com.br\/noticias\/#\/schema\/logo\/image\/"},"sameAs":["https:\/\/facebook.com\/sunoresearch","https:\/\/x.com\/sunoresearch","https:\/\/www.instagram.com\/suno","https:\/\/www.linkedin.com\/company\/suno-research\/","https:\/\/www.youtube.com\/c\/sunoresearch"]},{"@type":"Person","@id":"https:\/\/www.suno.com.br\/noticias\/#\/schema\/person\/3df0d2808748b74496efe5dbeaef2c72","name":"Laura Moutinho","image":{"@type":"ImageObject","inLanguage":"pt-BR","@id":"https:\/\/www.suno.com.br\/noticias\/#\/schema\/person\/image\/","url":"https:\/\/secure.gravatar.com\/avatar\/7571c7c8ca3a6fca5e41384ece5557ff?s=96&r=g","contentUrl":"https:\/\/secure.gravatar.com\/avatar\/7571c7c8ca3a6fca5e41384ece5557ff?s=96&r=g","caption":"Laura Moutinho"},"description":"Estagi\u00e1ria na Suno Not\u00edcias, escreve not\u00edcias que afetam o mercado financeiro. Estuda administra\u00e7\u00e3o na Universidade Presbiteriana Mackenzie.","url":"https:\/\/www.suno.com.br\/noticias\/author\/laura-moutinho\/"}]}},"default_loop_html":"<div class=\"cardsPage__listCard__boxs\"><div class=\"cardsPage__listCard__boxs__img\"><a href=\"https:\/\/www.suno.com.br\/noticias\/ford-retomara-atividades-brasil-coronavirus\/\"><img class=\"mask\" src=\"https:\/\/www.suno.com.br\/noticias\/wp-content\/themes\/suno\/resources\/images\/spotlight\/spotlight1img\/bg-mask.png\" alt=\"Image Mask\"\/><img src=\"https:\/\/files.sunoresearch.com.br\/n\/uploads\/2019\/04\/6952d4cc-ford-400x200.webp\" alt=\"Ford retomar\u00e1 atividades no Brasil na pr\u00f3xima segunda\"\/><\/a><span class=\"spotlightCategory\"><a href=\"https:\/\/www.suno.com.br\/noticias\/negocios\/\">Neg\u00f3cios<\/a><\/span><\/div><div class=\"cardsPage__listCard__boxs__content\"><a href=\"https:\/\/www.suno.com.br\/noticias\/ford-retomara-atividades-brasil-coronavirus\/\"><h2 class=\"content__title\">Ford retomar\u00e1 atividades no Brasil na pr\u00f3xima segunda<\/h2><\/a><div class=\"newsContent__article__meta\"><div class=\"newsContent__article__meta__authorBox\"><a href=\"https:\/\/www.suno.com.br\/noticias\/author\/laura-moutinho\/\" class=\"authorBox__avatar noMobi\"><img src=\"https:\/\/files.sunoresearch.com.br\/n\/uploads\/2020\/08\/531ff69d-whatsapp-image-2020-08-03-at-14.54.38-150x150.webp\" alt=\"Laura Moutinho\"><\/a><div class=\"authorBox__name\"><span>por\n\t\t\t<a href=\"https:\/\/www.suno.com.br\/noticias\/author\/laura-moutinho\/\"><span itemprop=\"author\">Laura Moutinho<\/span><\/a><\/span><time datetime=\"2020-06-19T18:17:32-03:00\" itemprop=\"datePublished\">19\/06\/2020 18:17<\/time><\/div><\/div><\/div><\/div><\/div>","single_layout":"posts","amp_enabled":true,"_links":{"self":[{"href":"https:\/\/www.suno.com.br\/noticias\/wp-json\/wp\/v2\/posts\/69706"}],"collection":[{"href":"https:\/\/www.suno.com.br\/noticias\/wp-json\/wp\/v2\/posts"}],"about":[{"href":"https:\/\/www.suno.com.br\/noticias\/wp-json\/wp\/v2\/types\/post"}],"author":[{"embeddable":true,"href":"https:\/\/www.suno.com.br\/noticias\/wp-json\/wp\/v2\/users\/39"}],"replies":[{"embeddable":true,"href":"https:\/\/www.suno.com.br\/noticias\/wp-json\/wp\/v2\/comments?post=69706"}],"version-history":[{"count":0,"href":"https:\/\/www.suno.com.br\/noticias\/wp-json\/wp\/v2\/posts\/69706\/revisions"}],"wp:featuredmedia":[{"embeddable":true,"href":"https:\/\/www.suno.com.br\/noticias\/wp-json\/wp\/v2\/media\/19702"}],"wp:attachment":[{"href":"https:\/\/www.suno.com.br\/noticias\/wp-json\/wp\/v2\/media?parent=69706"}],"wp:term":[{"taxonomy":"category","embeddable":true,"href":"https:\/\/www.suno.com.br\/noticias\/wp-json\/wp\/v2\/categories?post=69706"},{"taxonomy":"post_tag","embeddable":true,"href":"https:\/\/www.suno.com.br\/noticias\/wp-json\/wp\/v2\/tags?post=69706"},{"taxonomy":"suno_strategy","embeddable":true,"href":"https:\/\/www.suno.com.br\/noticias\/wp-json\/wp\/v2\/suno_strategy?post=69706"}],"curies":[{"name":"wp","href":"https:\/\/api.w.org\/{rel}","templated":true}]}}