{"id":69700,"date":"2020-06-19T16:52:40","date_gmt":"2020-06-19T19:52:40","guid":{"rendered":"https:\/\/www.suno.com.br\/noticias\/?p=69700"},"modified":"2021-05-11T20:22:03","modified_gmt":"2021-05-11T23:22:03","slug":"j-p-morgan-daniel-darahem-brasil-ceo","status":"publish","type":"post","link":"https:\/\/www.suno.com.br\/noticias\/j-p-morgan-daniel-darahem-brasil-ceo\/","title":{"rendered":"J.P. Morgan: Daniel Darahem comandar\u00e1 opera\u00e7\u00f5es no Brasil"},"content":{"rendered":"<p>O <strong>J.P. Morgan<\/strong> informou nessa sexta-feira (19) que Daniel Darahem ir\u00e1 comandar as opera\u00e7\u00f5es da institui\u00e7\u00e3o no Brasil, substituindo o ex-<a href=\"https:\/\/www.suno.com.br\/artigos\/ceo\/\">CEO<\/a> do banco no pa\u00eds, Jos\u00e9 Berenguer.<\/p>\t<div class=\"wrapper-featured-image\">\n\t\t<figure class=\"spotlightImg\">\n\n\t\t\t<picture>\n\t\t\t\t<source media=\"(max-width: 768px)\" srcset=\"https:\/\/files.sunoresearch.com.br\/n\/uploads\/2019\/12\/09e452ba-morgan-400x200.webp\">\n\t\t\t\t<img loading=\"lazy\" decoding=\"async\" class=\"newsContent__article__imgCapa lazyloadDisabled newsContent__article__imgCapa--noCaption\" src=\"https:\/\/files.sunoresearch.com.br\/n\/uploads\/2019\/12\/09e452ba-morgan-800x450.webp\" width=\"800\" height=\"450\" alt=\"J.P. Morgan: Daniel Darahem comandar\u00e1 opera\u00e7\u00f5es no Brasil\" fetchpriority=high \/>\n\t\t\t<\/picture>\n\n\t\t\t<figcaption class=\"wp-caption-text wp-caption-text--hide\">J.P Morgan<\/figcaption>\n\t\t<\/figure>\n\t<\/div>\n\n\n\n<p><strong>Daniel Darahem<\/strong> \u00e9 atualmente do diretor de <a href=\"https:\/\/www.suno.com.br\/artigos\/equity\/\">Equity<\/a> Capital Markets do J.P. Morgan em Hong Kong. O executivo trabalha para o banco norte-americano h\u00e1 cerca de 20 anos. Agora, com o novo cargo, responder\u00e1 ao presidente do banco para Am\u00e9rica Latina e Canad\u00e1, <strong>Martin Marron<\/strong>.<\/p>\n<p>Jos\u00e9 <strong>Berenguer<\/strong> foi contratado pela XP Inc. na \u00faltima segunda-feira (15), para ser o l\u00edder da expans\u00e3o dos neg\u00f3cios de banco de atacado da companhia. Assim, Berenguer assumir\u00e1 o cargo de presidente do Banco <strong>XP<\/strong> S.A.<\/p>\n<p><a href=\"https:\/\/lp.suno.com.br\/suno-one\/\">Suno One: acesse gratuitamente eBooks, Minicursos, Artigos e Video Aulas sobre investimentos com um \u00fanico cadastro. Clique para saber mais!<\/a><\/p>\n<p>Berenguer foi <strong>CEO<\/strong> do J.P Morgan no Brasil nos \u00faltimo sete anos. Al\u00e9m disso, entre 2012 e 2013 o executivo ocupava o cargo de presidente da G\u00e1vea. Antes disso, de 2007 at\u00e9\u00a0 2012, Berenguer foi CEO de algumas \u00e1reas do Banco <a href=\"https:\/\/www.suno.com.br\/acoes\/sanb3\/\"><strong>Santander<\/strong>\u00a0(SANB3;<\/a> <a href=\"https:\/\/www.suno.com.br\/acoes\/sanb4\/\">SANB4<\/a>).<\/p>\n<h2>Resultados do J.P. Morgan no 1T20<\/h2>\n<p>O<a href=\"https:\/\/www.suno.com.br\/artigos\/lucro-liquido\/\"> lucro l\u00edquido<\/a> do primeiro trimestre de 2020 do<strong> J.P.Morgan<\/strong> (<a href=\"https:\/\/www.suno.com.br\/artigos\/nyse\/\">NYSE<\/a>: JPM) foi de US$ 2,87 bilh\u00f5es (R$ 14,86 bilh\u00f5es) ou US$ 0,78 por a\u00e7\u00e3o, equivalente a uma queda de 68,73%, em compara\u00e7\u00e3o com o mesmo per\u00edodo no ano de 2019.<\/p>\n<p>A queda significativa no lucro apresentado pelo banco de investimento \u00e9 devido ao impacto da <a href=\"https:\/\/lp.suno.com.br\/ebook-investindo-em-dividendos-news\/\"><strong>pandemia do novo coronav\u00edrus<\/strong> (Covid-19)<\/a>. O banco norte-americano reservou US$ 6,8 bilh\u00f5es para cobrir empr\u00e9stimos para empresas que enfrentam dificuldades em se manter em meio \u00e0 <a href=\"https:\/\/www.suno.com.br\/artigos\/crise-economica-oportunidade-ou-ameaca\/\">crise<\/a>.<\/p>\n<p><a href=\"https:\/\/www.suno.com.br\/noticias\/selic-jpmorgan-175\/\">Saiba mais: Selic: J.P. Morgan revisa previs\u00e3o para 1,75% para o fim do ano<\/a><\/p>\n<p>No primeiro trimestre do ano passado, o lucro l\u00edquido do <strong>J.P. Morgan<\/strong> foi de US$ 9,18 bilh\u00f5es de d\u00f3lares, ou US$ 2,65 por a\u00e7\u00e3o. Os analistas da Refinitv esperavam em m\u00e9dia US$ 1,84 por a\u00e7\u00e3o e os da FactSet estimavam US$ 2,18 por papel no lucro do primeiro trimestre deste ano.<\/p>\n\n","protected":false},"excerpt":{"rendered":"<p>O J.P. Morgan informou nessa sexta-feira (19) que Daniel Darahem ir\u00e1 comandar as opera\u00e7\u00f5es da institui\u00e7\u00e3o no Brasil, substituindo o ex-CEO do banco no pa\u00eds, Jos\u00e9 Berenguer. J.P Morgan Daniel Darahem \u00e9 atualmente do diretor de Equity Capital Markets do J.P. Morgan em Hong Kong. O executivo trabalha para o banco norte-americano h\u00e1 cerca de [&hellip;]<\/p>\n","protected":false},"author":39,"featured_media":47998,"comment_status":"closed","ping_status":"closed","sticky":false,"template":"","format":"standard","meta":[],"categories":[64],"tags":[1880,1168,888],"suno_strategy":[],"class_list":["post-69700","post","type-post","status-publish","format-standard","has-post-thumbnail","hentry","category-negocios","tag-hong-kong","tag-jp-morgan-jpmc34","tag-xp-investimentos"],"yoast_head":"<!-- This site is optimized with the Yoast SEO plugin v24.4 - https:\/\/yoast.com\/wordpress\/plugins\/seo\/ -->\n<title>J.P. Morgan: Daniel Darahem comandar\u00e1 opera\u00e7\u00f5es no Brasil<\/title>\n<meta name=\"description\" content=\"O J.P Morgan informou que Daniel Darahem comandar\u00e1 as opera\u00e7\u00f5es do banco no Brasil, substituindo Berenguer. Clique aqui para saber mais.\" \/>\n<meta name=\"robots\" content=\"index, follow, max-snippet:-1, max-image-preview:large, max-video-preview:-1\" \/>\n<link rel=\"canonical\" href=\"https:\/\/www.suno.com.br\/noticias\/j-p-morgan-daniel-darahem-brasil-ceo\/\" \/>\n<meta property=\"og:locale\" content=\"pt_BR\" \/>\n<meta property=\"og:type\" content=\"article\" \/>\n<meta property=\"og:title\" content=\"J.P. Morgan: Daniel Darahem comandar\u00e1 opera\u00e7\u00f5es no Brasil\" \/>\n<meta property=\"og:description\" content=\"O J.P Morgan informou que Daniel Darahem comandar\u00e1 as opera\u00e7\u00f5es do banco no Brasil, substituindo Berenguer. Clique aqui para saber mais.\" \/>\n<meta property=\"og:url\" content=\"https:\/\/www.suno.com.br\/noticias\/j-p-morgan-daniel-darahem-brasil-ceo\/\" \/>\n<meta property=\"og:site_name\" content=\"Suno Not\u00edcias\" \/>\n<meta property=\"article:publisher\" content=\"https:\/\/facebook.com\/sunoresearch\" \/>\n<meta property=\"og:image\" content=\"https:\/\/files.sunoresearch.com.br\/n\/uploads\/2019\/12\/09e452ba-morgan.jpg\" \/>\n\t<meta property=\"og:image:width\" content=\"3000\" \/>\n\t<meta property=\"og:image:height\" content=\"2000\" \/>\n\t<meta property=\"og:image:type\" content=\"image\/jpeg\" \/>\n<meta name=\"author\" content=\"Laura Moutinho\" \/>\n<meta name=\"twitter:card\" content=\"summary_large_image\" \/>\n<meta name=\"twitter:creator\" content=\"@sunoresearch\" \/>\n<meta name=\"twitter:site\" content=\"@sunoresearch\" \/>\n<meta name=\"twitter:label1\" content=\"Escrito por\" \/>\n\t<meta name=\"twitter:data1\" content=\"Laura Moutinho\" \/>\n\t<meta name=\"twitter:label2\" content=\"Est. tempo de leitura\" \/>\n\t<meta name=\"twitter:data2\" content=\"2 minutos\" \/>\n<script type=\"application\/ld+json\" class=\"yoast-schema-graph\">{\"@context\":\"https:\/\/schema.org\",\"@graph\":[{\"@type\":\"NewsArticle\",\"@id\":\"https:\/\/www.suno.com.br\/noticias\/j-p-morgan-daniel-darahem-brasil-ceo\/#article\",\"isPartOf\":{\"@id\":\"https:\/\/www.suno.com.br\/noticias\/j-p-morgan-daniel-darahem-brasil-ceo\/\"},\"author\":{\"name\":\"Laura Moutinho\",\"@id\":\"https:\/\/www.suno.com.br\/noticias\/#\/schema\/person\/3df0d2808748b74496efe5dbeaef2c72\"},\"headline\":\"J.P. Morgan: Daniel Darahem comandar\u00e1 opera\u00e7\u00f5es no Brasil\",\"datePublished\":\"2020-06-19T19:52:40+00:00\",\"dateModified\":\"2021-05-11T23:22:03+00:00\",\"mainEntityOfPage\":{\"@id\":\"https:\/\/www.suno.com.br\/noticias\/j-p-morgan-daniel-darahem-brasil-ceo\/\"},\"wordCount\":356,\"publisher\":{\"@id\":\"https:\/\/www.suno.com.br\/noticias\/#organization\"},\"image\":{\"@id\":\"https:\/\/www.suno.com.br\/noticias\/j-p-morgan-daniel-darahem-brasil-ceo\/#primaryimage\"},\"thumbnailUrl\":\"https:\/\/files.sunoresearch.com.br\/n\/uploads\/2019\/12\/09e452ba-morgan-scaled.webp\",\"keywords\":[\"Hong Kong\",\"J.P. Morgan (JPMC34)\",\"XP Investimentos\"],\"articleSection\":[\"Neg\u00f3cios\"],\"inLanguage\":\"pt-BR\"},{\"@type\":\"WebPage\",\"@id\":\"https:\/\/www.suno.com.br\/noticias\/j-p-morgan-daniel-darahem-brasil-ceo\/\",\"url\":\"https:\/\/www.suno.com.br\/noticias\/j-p-morgan-daniel-darahem-brasil-ceo\/\",\"name\":\"J.P. Morgan: Daniel Darahem comandar\u00e1 opera\u00e7\u00f5es no Brasil\",\"isPartOf\":{\"@id\":\"https:\/\/www.suno.com.br\/noticias\/#website\"},\"primaryImageOfPage\":{\"@id\":\"https:\/\/www.suno.com.br\/noticias\/j-p-morgan-daniel-darahem-brasil-ceo\/#primaryimage\"},\"image\":{\"@id\":\"https:\/\/www.suno.com.br\/noticias\/j-p-morgan-daniel-darahem-brasil-ceo\/#primaryimage\"},\"thumbnailUrl\":\"https:\/\/files.sunoresearch.com.br\/n\/uploads\/2019\/12\/09e452ba-morgan-scaled.webp\",\"datePublished\":\"2020-06-19T19:52:40+00:00\",\"dateModified\":\"2021-05-11T23:22:03+00:00\",\"description\":\"O J.P Morgan informou que Daniel Darahem comandar\u00e1 as opera\u00e7\u00f5es do banco no Brasil, substituindo Berenguer. Clique aqui para saber mais.\",\"breadcrumb\":{\"@id\":\"https:\/\/www.suno.com.br\/noticias\/j-p-morgan-daniel-darahem-brasil-ceo\/#breadcrumb\"},\"inLanguage\":\"pt-BR\",\"potentialAction\":[{\"@type\":\"ReadAction\",\"target\":[\"https:\/\/www.suno.com.br\/noticias\/j-p-morgan-daniel-darahem-brasil-ceo\/\"]}]},{\"@type\":\"ImageObject\",\"inLanguage\":\"pt-BR\",\"@id\":\"https:\/\/www.suno.com.br\/noticias\/j-p-morgan-daniel-darahem-brasil-ceo\/#primaryimage\",\"url\":\"https:\/\/files.sunoresearch.com.br\/n\/uploads\/2019\/12\/09e452ba-morgan-scaled.webp\",\"contentUrl\":\"https:\/\/files.sunoresearch.com.br\/n\/uploads\/2019\/12\/09e452ba-morgan-scaled.webp\",\"width\":2560,\"height\":1707,\"caption\":\"J.P Morgan\"},{\"@type\":\"BreadcrumbList\",\"@id\":\"https:\/\/www.suno.com.br\/noticias\/j-p-morgan-daniel-darahem-brasil-ceo\/#breadcrumb\",\"itemListElement\":[{\"@type\":\"ListItem\",\"position\":1,\"name\":\"Not\u00edcias\",\"item\":\"https:\/\/www.suno.com.br\/noticias\/\"},{\"@type\":\"ListItem\",\"position\":2,\"name\":\"Neg\u00f3cios\",\"item\":\"https:\/\/www.suno.com.br\/noticias\/negocios\/\"},{\"@type\":\"ListItem\",\"position\":3,\"name\":\"J.P. Morgan: Daniel Darahem comandar\u00e1 opera\u00e7\u00f5es no Brasil\"}]},{\"@type\":\"WebSite\",\"@id\":\"https:\/\/www.suno.com.br\/noticias\/#website\",\"url\":\"https:\/\/www.suno.com.br\/noticias\/\",\"name\":\"Suno Not\u00edcias\",\"description\":\"Seu portal de informa\u00e7\u00e3o sobre o mundo dos investimentos\",\"publisher\":{\"@id\":\"https:\/\/www.suno.com.br\/noticias\/#organization\"},\"potentialAction\":[{\"@type\":\"SearchAction\",\"target\":{\"@type\":\"EntryPoint\",\"urlTemplate\":\"https:\/\/www.suno.com.br\/noticias\/?s={search_term_string}\"},\"query-input\":{\"@type\":\"PropertyValueSpecification\",\"valueRequired\":true,\"valueName\":\"search_term_string\"}}],\"inLanguage\":\"pt-BR\"},{\"@type\":\"Organization\",\"@id\":\"https:\/\/www.suno.com.br\/noticias\/#organization\",\"name\":\"Suno Not\u00edcias\",\"url\":\"https:\/\/www.suno.com.br\/noticias\/\",\"logo\":{\"@type\":\"ImageObject\",\"inLanguage\":\"pt-BR\",\"@id\":\"https:\/\/www.suno.com.br\/noticias\/#\/schema\/logo\/image\/\",\"url\":\"https:\/\/files.sunoresearch.com.br\/n\/uploads\/2021\/09\/suno-logo.png\",\"contentUrl\":\"https:\/\/files.sunoresearch.com.br\/n\/uploads\/2021\/09\/suno-logo.png\",\"width\":180,\"height\":180,\"caption\":\"Suno Not\u00edcias\"},\"image\":{\"@id\":\"https:\/\/www.suno.com.br\/noticias\/#\/schema\/logo\/image\/\"},\"sameAs\":[\"https:\/\/facebook.com\/sunoresearch\",\"https:\/\/x.com\/sunoresearch\",\"https:\/\/www.instagram.com\/suno\",\"https:\/\/www.linkedin.com\/company\/suno-research\/\",\"https:\/\/www.youtube.com\/c\/sunoresearch\"]},{\"@type\":\"Person\",\"@id\":\"https:\/\/www.suno.com.br\/noticias\/#\/schema\/person\/3df0d2808748b74496efe5dbeaef2c72\",\"name\":\"Laura Moutinho\",\"image\":{\"@type\":\"ImageObject\",\"inLanguage\":\"pt-BR\",\"@id\":\"https:\/\/www.suno.com.br\/noticias\/#\/schema\/person\/image\/\",\"url\":\"https:\/\/secure.gravatar.com\/avatar\/7571c7c8ca3a6fca5e41384ece5557ff?s=96&r=g\",\"contentUrl\":\"https:\/\/secure.gravatar.com\/avatar\/7571c7c8ca3a6fca5e41384ece5557ff?s=96&r=g\",\"caption\":\"Laura Moutinho\"},\"description\":\"Estagi\u00e1ria na Suno Not\u00edcias, escreve not\u00edcias que afetam o mercado financeiro. Estuda administra\u00e7\u00e3o na Universidade Presbiteriana Mackenzie.\",\"url\":\"https:\/\/www.suno.com.br\/noticias\/author\/laura-moutinho\/\"}]}<\/script>\n<!-- \/ Yoast SEO plugin. -->","yoast_head_json":{"title":"J.P. Morgan: Daniel Darahem comandar\u00e1 opera\u00e7\u00f5es no Brasil","description":"O J.P Morgan informou que Daniel Darahem comandar\u00e1 as opera\u00e7\u00f5es do banco no Brasil, substituindo Berenguer. Clique aqui para saber mais.","robots":{"index":"index","follow":"follow","max-snippet":"max-snippet:-1","max-image-preview":"max-image-preview:large","max-video-preview":"max-video-preview:-1"},"canonical":"https:\/\/www.suno.com.br\/noticias\/j-p-morgan-daniel-darahem-brasil-ceo\/","og_locale":"pt_BR","og_type":"article","og_title":"J.P. Morgan: Daniel Darahem comandar\u00e1 opera\u00e7\u00f5es no Brasil","og_description":"O J.P Morgan informou que Daniel Darahem comandar\u00e1 as opera\u00e7\u00f5es do banco no Brasil, substituindo Berenguer. Clique aqui para saber mais.","og_url":"https:\/\/www.suno.com.br\/noticias\/j-p-morgan-daniel-darahem-brasil-ceo\/","og_site_name":"Suno Not\u00edcias","article_publisher":"https:\/\/facebook.com\/sunoresearch","og_image":[{"width":3000,"height":2000,"url":"https:\/\/files.sunoresearch.com.br\/n\/uploads\/2019\/12\/09e452ba-morgan.jpg","type":"image\/jpeg"}],"author":"Laura Moutinho","twitter_card":"summary_large_image","twitter_creator":"@sunoresearch","twitter_site":"@sunoresearch","twitter_misc":{"Escrito por":"Laura Moutinho","Est. tempo de leitura":"2 minutos"},"schema":{"@context":"https:\/\/schema.org","@graph":[{"@type":"NewsArticle","@id":"https:\/\/www.suno.com.br\/noticias\/j-p-morgan-daniel-darahem-brasil-ceo\/#article","isPartOf":{"@id":"https:\/\/www.suno.com.br\/noticias\/j-p-morgan-daniel-darahem-brasil-ceo\/"},"author":{"name":"Laura Moutinho","@id":"https:\/\/www.suno.com.br\/noticias\/#\/schema\/person\/3df0d2808748b74496efe5dbeaef2c72"},"headline":"J.P. Morgan: Daniel Darahem comandar\u00e1 opera\u00e7\u00f5es no Brasil","datePublished":"2020-06-19T19:52:40+00:00","dateModified":"2021-05-11T23:22:03+00:00","mainEntityOfPage":{"@id":"https:\/\/www.suno.com.br\/noticias\/j-p-morgan-daniel-darahem-brasil-ceo\/"},"wordCount":356,"publisher":{"@id":"https:\/\/www.suno.com.br\/noticias\/#organization"},"image":{"@id":"https:\/\/www.suno.com.br\/noticias\/j-p-morgan-daniel-darahem-brasil-ceo\/#primaryimage"},"thumbnailUrl":"https:\/\/files.sunoresearch.com.br\/n\/uploads\/2019\/12\/09e452ba-morgan-scaled.webp","keywords":["Hong Kong","J.P. Morgan (JPMC34)","XP Investimentos"],"articleSection":["Neg\u00f3cios"],"inLanguage":"pt-BR"},{"@type":"WebPage","@id":"https:\/\/www.suno.com.br\/noticias\/j-p-morgan-daniel-darahem-brasil-ceo\/","url":"https:\/\/www.suno.com.br\/noticias\/j-p-morgan-daniel-darahem-brasil-ceo\/","name":"J.P. Morgan: Daniel Darahem comandar\u00e1 opera\u00e7\u00f5es no Brasil","isPartOf":{"@id":"https:\/\/www.suno.com.br\/noticias\/#website"},"primaryImageOfPage":{"@id":"https:\/\/www.suno.com.br\/noticias\/j-p-morgan-daniel-darahem-brasil-ceo\/#primaryimage"},"image":{"@id":"https:\/\/www.suno.com.br\/noticias\/j-p-morgan-daniel-darahem-brasil-ceo\/#primaryimage"},"thumbnailUrl":"https:\/\/files.sunoresearch.com.br\/n\/uploads\/2019\/12\/09e452ba-morgan-scaled.webp","datePublished":"2020-06-19T19:52:40+00:00","dateModified":"2021-05-11T23:22:03+00:00","description":"O J.P Morgan informou que Daniel Darahem comandar\u00e1 as opera\u00e7\u00f5es do banco no Brasil, substituindo Berenguer. Clique aqui para saber mais.","breadcrumb":{"@id":"https:\/\/www.suno.com.br\/noticias\/j-p-morgan-daniel-darahem-brasil-ceo\/#breadcrumb"},"inLanguage":"pt-BR","potentialAction":[{"@type":"ReadAction","target":["https:\/\/www.suno.com.br\/noticias\/j-p-morgan-daniel-darahem-brasil-ceo\/"]}]},{"@type":"ImageObject","inLanguage":"pt-BR","@id":"https:\/\/www.suno.com.br\/noticias\/j-p-morgan-daniel-darahem-brasil-ceo\/#primaryimage","url":"https:\/\/files.sunoresearch.com.br\/n\/uploads\/2019\/12\/09e452ba-morgan-scaled.webp","contentUrl":"https:\/\/files.sunoresearch.com.br\/n\/uploads\/2019\/12\/09e452ba-morgan-scaled.webp","width":2560,"height":1707,"caption":"J.P Morgan"},{"@type":"BreadcrumbList","@id":"https:\/\/www.suno.com.br\/noticias\/j-p-morgan-daniel-darahem-brasil-ceo\/#breadcrumb","itemListElement":[{"@type":"ListItem","position":1,"name":"Not\u00edcias","item":"https:\/\/www.suno.com.br\/noticias\/"},{"@type":"ListItem","position":2,"name":"Neg\u00f3cios","item":"https:\/\/www.suno.com.br\/noticias\/negocios\/"},{"@type":"ListItem","position":3,"name":"J.P. Morgan: Daniel Darahem comandar\u00e1 opera\u00e7\u00f5es no Brasil"}]},{"@type":"WebSite","@id":"https:\/\/www.suno.com.br\/noticias\/#website","url":"https:\/\/www.suno.com.br\/noticias\/","name":"Suno Not\u00edcias","description":"Seu portal de informa\u00e7\u00e3o sobre o mundo dos investimentos","publisher":{"@id":"https:\/\/www.suno.com.br\/noticias\/#organization"},"potentialAction":[{"@type":"SearchAction","target":{"@type":"EntryPoint","urlTemplate":"https:\/\/www.suno.com.br\/noticias\/?s={search_term_string}"},"query-input":{"@type":"PropertyValueSpecification","valueRequired":true,"valueName":"search_term_string"}}],"inLanguage":"pt-BR"},{"@type":"Organization","@id":"https:\/\/www.suno.com.br\/noticias\/#organization","name":"Suno Not\u00edcias","url":"https:\/\/www.suno.com.br\/noticias\/","logo":{"@type":"ImageObject","inLanguage":"pt-BR","@id":"https:\/\/www.suno.com.br\/noticias\/#\/schema\/logo\/image\/","url":"https:\/\/files.sunoresearch.com.br\/n\/uploads\/2021\/09\/suno-logo.png","contentUrl":"https:\/\/files.sunoresearch.com.br\/n\/uploads\/2021\/09\/suno-logo.png","width":180,"height":180,"caption":"Suno Not\u00edcias"},"image":{"@id":"https:\/\/www.suno.com.br\/noticias\/#\/schema\/logo\/image\/"},"sameAs":["https:\/\/facebook.com\/sunoresearch","https:\/\/x.com\/sunoresearch","https:\/\/www.instagram.com\/suno","https:\/\/www.linkedin.com\/company\/suno-research\/","https:\/\/www.youtube.com\/c\/sunoresearch"]},{"@type":"Person","@id":"https:\/\/www.suno.com.br\/noticias\/#\/schema\/person\/3df0d2808748b74496efe5dbeaef2c72","name":"Laura Moutinho","image":{"@type":"ImageObject","inLanguage":"pt-BR","@id":"https:\/\/www.suno.com.br\/noticias\/#\/schema\/person\/image\/","url":"https:\/\/secure.gravatar.com\/avatar\/7571c7c8ca3a6fca5e41384ece5557ff?s=96&r=g","contentUrl":"https:\/\/secure.gravatar.com\/avatar\/7571c7c8ca3a6fca5e41384ece5557ff?s=96&r=g","caption":"Laura Moutinho"},"description":"Estagi\u00e1ria na Suno Not\u00edcias, escreve not\u00edcias que afetam o mercado financeiro. Estuda administra\u00e7\u00e3o na Universidade Presbiteriana Mackenzie.","url":"https:\/\/www.suno.com.br\/noticias\/author\/laura-moutinho\/"}]}},"default_loop_html":"<div class=\"cardsPage__listCard__boxs\"><div class=\"cardsPage__listCard__boxs__img\"><a href=\"https:\/\/www.suno.com.br\/noticias\/j-p-morgan-daniel-darahem-brasil-ceo\/\"><img class=\"mask\" src=\"https:\/\/www.suno.com.br\/noticias\/wp-content\/themes\/suno\/resources\/images\/spotlight\/spotlight1img\/bg-mask.png\" alt=\"Image Mask\"\/><img src=\"https:\/\/files.sunoresearch.com.br\/n\/uploads\/2019\/12\/09e452ba-morgan-400x200.webp\" alt=\"J.P. Morgan: Daniel Darahem comandar\u00e1 opera\u00e7\u00f5es no Brasil\"\/><\/a><span class=\"spotlightCategory\"><a href=\"https:\/\/www.suno.com.br\/noticias\/negocios\/\">Neg\u00f3cios<\/a><\/span><\/div><div class=\"cardsPage__listCard__boxs__content\"><a href=\"https:\/\/www.suno.com.br\/noticias\/j-p-morgan-daniel-darahem-brasil-ceo\/\"><h2 class=\"content__title\">J.P. Morgan: Daniel Darahem comandar\u00e1 opera\u00e7\u00f5es no Brasil<\/h2><\/a><div class=\"newsContent__article__meta\"><div class=\"newsContent__article__meta__authorBox\"><a href=\"https:\/\/www.suno.com.br\/noticias\/author\/laura-moutinho\/\" class=\"authorBox__avatar noMobi\"><img src=\"https:\/\/files.sunoresearch.com.br\/n\/uploads\/2020\/08\/531ff69d-whatsapp-image-2020-08-03-at-14.54.38-150x150.webp\" alt=\"Laura Moutinho\"><\/a><div class=\"authorBox__name\"><span>por\n\t\t\t<a href=\"https:\/\/www.suno.com.br\/noticias\/author\/laura-moutinho\/\"><span itemprop=\"author\">Laura Moutinho<\/span><\/a><\/span><time datetime=\"2020-06-19T16:52:40-03:00\" itemprop=\"datePublished\">19\/06\/2020 16:52<\/time><\/div><\/div><\/div><\/div><\/div>","single_layout":"posts","amp_enabled":true,"_links":{"self":[{"href":"https:\/\/www.suno.com.br\/noticias\/wp-json\/wp\/v2\/posts\/69700"}],"collection":[{"href":"https:\/\/www.suno.com.br\/noticias\/wp-json\/wp\/v2\/posts"}],"about":[{"href":"https:\/\/www.suno.com.br\/noticias\/wp-json\/wp\/v2\/types\/post"}],"author":[{"embeddable":true,"href":"https:\/\/www.suno.com.br\/noticias\/wp-json\/wp\/v2\/users\/39"}],"replies":[{"embeddable":true,"href":"https:\/\/www.suno.com.br\/noticias\/wp-json\/wp\/v2\/comments?post=69700"}],"version-history":[{"count":1,"href":"https:\/\/www.suno.com.br\/noticias\/wp-json\/wp\/v2\/posts\/69700\/revisions"}],"predecessor-version":[{"id":146168,"href":"https:\/\/www.suno.com.br\/noticias\/wp-json\/wp\/v2\/posts\/69700\/revisions\/146168"}],"wp:featuredmedia":[{"embeddable":true,"href":"https:\/\/www.suno.com.br\/noticias\/wp-json\/wp\/v2\/media\/47998"}],"wp:attachment":[{"href":"https:\/\/www.suno.com.br\/noticias\/wp-json\/wp\/v2\/media?parent=69700"}],"wp:term":[{"taxonomy":"category","embeddable":true,"href":"https:\/\/www.suno.com.br\/noticias\/wp-json\/wp\/v2\/categories?post=69700"},{"taxonomy":"post_tag","embeddable":true,"href":"https:\/\/www.suno.com.br\/noticias\/wp-json\/wp\/v2\/tags?post=69700"},{"taxonomy":"suno_strategy","embeddable":true,"href":"https:\/\/www.suno.com.br\/noticias\/wp-json\/wp\/v2\/suno_strategy?post=69700"}],"curies":[{"name":"wp","href":"https:\/\/api.w.org\/{rel}","templated":true}]}}