{"id":69684,"date":"2020-06-19T15:30:40","date_gmt":"2020-06-19T18:30:40","guid":{"rendered":"https:\/\/www.suno.com.br\/noticias\/?p=69684"},"modified":"2020-06-19T15:37:24","modified_gmt":"2020-06-19T18:37:24","slug":"ford-memorando-venda-fabrica-construtora-sao-jose","status":"publish","type":"post","link":"https:\/\/www.suno.com.br\/noticias\/ford-memorando-venda-fabrica-construtora-sao-jose\/","title":{"rendered":"Ford assina memorando de inten\u00e7\u00f5es para venda de f\u00e1brica para Construtora S\u00e3o Jos\u00e9"},"content":{"rendered":"<p>A <strong>Ford<\/strong> assinou um memorando de inten\u00e7\u00f5es para a venda de sua f\u00e1brica em S\u00e3o Bernardo do Campo, no ABC Paulista, para a Construtora S\u00e3o Jos\u00e9. O an\u00fancio foi feito nesta sexta-feira (19).<\/p>\t<div class=\"wrapper-featured-image\">\n\t\t<figure class=\"spotlightImg\">\n\n\t\t\t<picture>\n\t\t\t\t<source media=\"(max-width: 768px)\" srcset=\"https:\/\/files.sunoresearch.com.br\/n\/uploads\/2019\/04\/6952d4cc-ford-400x200.webp\">\n\t\t\t\t<img loading=\"lazy\" decoding=\"async\" class=\"newsContent__article__imgCapa lazyloadDisabled newsContent__article__imgCapa--noCaption\" src=\"https:\/\/files.sunoresearch.com.br\/n\/uploads\/2019\/04\/6952d4cc-ford-jpg.webp\" width=\"800\" height=\"450\" alt=\"Ford assina memorando de inten\u00e7\u00f5es para venda de f\u00e1brica para Construtora S\u00e3o Jos\u00e9\" fetchpriority=high \/>\n\t\t\t<\/picture>\n\n\t\t\t<figcaption class=\"wp-caption-text wp-caption-text--hide\">Ford (NYSE: F)<\/figcaption>\n\t\t<\/figure>\n\t<\/div>\n\n\n\n<p>A not\u00edcia, por\u00e9m, j\u00e1 havia sido veiculada na \u00faltima quinta-feira (18) ap\u00f3s a confirma\u00e7\u00e3o do neg\u00f3cio pela prefeitura de S\u00e3o Bernardo. A <strong>S\u00e3o Jos\u00e9<\/strong> est\u00e1 h\u00e1 mais de 37 anos no setor de constru\u00e7\u00e3o civil e possui uma maior reconhecimento no segmento de empreendimentos de alto padr\u00e3o.<\/p>\n<p>A opera\u00e7\u00e3o para adquirir a f\u00e1brica da Ford foi disputada com outros nomes fortes como: Brookfield, Autonomy Investimentos e GLP. O valor da opera\u00e7\u00e3o, de acordo com informa\u00e7\u00f5es do &#8220;Infomoney&#8221;, foi de R$ 550 milh\u00f5es.<\/p>\n<p><a href=\"https:\/\/lp.suno.com.br\/suno-one\/\">Suno One: acesse gratuitamente eBooks, Minicursos, Artigos e Video Aulas sobre investimentos com um \u00fanico cadastro. Clique para saber mais!<\/a><\/p>\n<p>A Ford destacou que a Construtora S\u00e3o Jos\u00e9 foi a que apresentou a melhor proposta para a planta e para o local. O neg\u00f3cio, entretanto, ainda n\u00e3o foi conclu\u00eddo e precisa de acertos finais, que devem ser feitos em cerca de 90 dias.<\/p>\n<p>O presidente da Ford Am\u00e9rica do Sul e Grupo de Mercados Internacionais, Lyle Watters, afirmou que esta foi a melhor decis\u00e3o dentre as op\u00e7\u00f5es dispon\u00edveis. \u201cN\u00f3s avaliamos uma s\u00e9rie de alternativas e acredito que chegamos \u00e0 melhor solu\u00e7\u00e3o entre as op\u00e7\u00f5es dispon\u00edveis para atender as necessidades da regi\u00e3o e gerar empregos. A S\u00e3o Jos\u00e9 \u00e9 uma empresa grande e conceituada, com presen\u00e7a nacional, e tenho certeza de que ser\u00e1 importante para S\u00e3o Bernardo do Campo\u201d, afirmou Watters.<\/p>\n<p><a href=\"https:\/\/www.suno.com.br\/noticias\/sao-jose-compra-fabrica-ford-sao-bernardo\/\">Veja tamb\u00e9m: S\u00e3o Jos\u00e9 compra f\u00e1brica da Ford em S\u00e3o Bernardo do Campo<\/a><\/p>\n<p>A planta est\u00e1 fechada desde outubro do ano passado e funcionou durante 52 anos como f\u00e1brica de autom\u00f3veis da <strong>Ford<\/strong>. Quando anunciou que encerraria as atividades, em fevereiro de 2019, o local contava com cerca de 2,7 mil funcion\u00e1rios.<\/p>\n\n","protected":false},"excerpt":{"rendered":"<p>A Ford assinou um memorando de inten\u00e7\u00f5es para a venda de sua f\u00e1brica em S\u00e3o Bernardo do Campo, no ABC Paulista, para a Construtora S\u00e3o Jos\u00e9. O an\u00fancio foi feito nesta sexta-feira (19). Ford (NYSE: F) A not\u00edcia, por\u00e9m, j\u00e1 havia sido veiculada na \u00faltima quinta-feira (18) ap\u00f3s a confirma\u00e7\u00e3o do neg\u00f3cio pela prefeitura de [&hellip;]<\/p>\n","protected":false},"author":19,"featured_media":19702,"comment_status":"closed","ping_status":"closed","sticky":false,"template":"","format":"standard","meta":[],"categories":[64],"tags":[870],"suno_strategy":[],"class_list":["post-69684","post","type-post","status-publish","format-standard","has-post-thumbnail","hentry","category-negocios","tag-ford-fdmo34"],"yoast_head":"<!-- This site is optimized with the Yoast SEO plugin v24.4 - https:\/\/yoast.com\/wordpress\/plugins\/seo\/ -->\n<title>Ford assina acordo para venda de f\u00e1brica para construtora S\u00e3o Jos\u00e9<\/title>\n<meta name=\"description\" content=\"A Ford assinou um memorando de inten\u00e7\u00f5es para a venda de sua f\u00e1brica em S\u00e3o Bernardo do Campo, no ABC Paulista, para a Construtora S\u00e3o Jos\u00e9.\" \/>\n<meta name=\"robots\" content=\"index, follow, max-snippet:-1, max-image-preview:large, max-video-preview:-1\" \/>\n<link rel=\"canonical\" href=\"https:\/\/www.suno.com.br\/noticias\/ford-memorando-venda-fabrica-construtora-sao-jose\/\" \/>\n<meta property=\"og:locale\" content=\"pt_BR\" \/>\n<meta property=\"og:type\" content=\"article\" \/>\n<meta property=\"og:title\" content=\"Ford assina acordo para venda de f\u00e1brica para construtora S\u00e3o Jos\u00e9\" \/>\n<meta property=\"og:description\" content=\"A Ford assinou um memorando de inten\u00e7\u00f5es para a venda de sua f\u00e1brica em S\u00e3o Bernardo do Campo, no ABC Paulista, para a Construtora S\u00e3o Jos\u00e9.\" \/>\n<meta property=\"og:url\" content=\"https:\/\/www.suno.com.br\/noticias\/ford-memorando-venda-fabrica-construtora-sao-jose\/\" \/>\n<meta property=\"og:site_name\" content=\"Suno Not\u00edcias\" \/>\n<meta property=\"article:publisher\" content=\"https:\/\/facebook.com\/sunoresearch\" \/>\n<meta property=\"og:image\" content=\"https:\/\/files.sunoresearch.com.br\/n\/uploads\/2019\/04\/6952d4cc-ford.jpg\" \/>\n\t<meta property=\"og:image:width\" content=\"674\" \/>\n\t<meta property=\"og:image:height\" content=\"420\" \/>\n\t<meta property=\"og:image:type\" content=\"image\/jpeg\" \/>\n<meta name=\"author\" content=\"Juliano Passaro\" \/>\n<meta name=\"twitter:card\" content=\"summary_large_image\" \/>\n<meta name=\"twitter:creator\" content=\"@sunoresearch\" \/>\n<meta name=\"twitter:site\" content=\"@sunoresearch\" \/>\n<meta name=\"twitter:label1\" content=\"Escrito por\" \/>\n\t<meta name=\"twitter:data1\" content=\"Juliano Passaro\" \/>\n\t<meta name=\"twitter:label2\" content=\"Est. tempo de leitura\" \/>\n\t<meta name=\"twitter:data2\" content=\"2 minutos\" \/>\n<script type=\"application\/ld+json\" class=\"yoast-schema-graph\">{\"@context\":\"https:\/\/schema.org\",\"@graph\":[{\"@type\":\"NewsArticle\",\"@id\":\"https:\/\/www.suno.com.br\/noticias\/ford-memorando-venda-fabrica-construtora-sao-jose\/#article\",\"isPartOf\":{\"@id\":\"https:\/\/www.suno.com.br\/noticias\/ford-memorando-venda-fabrica-construtora-sao-jose\/\"},\"author\":{\"name\":\"Juliano Passaro\",\"@id\":\"https:\/\/www.suno.com.br\/noticias\/#\/schema\/person\/1db762f78ffd8919a648a63e425953e3\"},\"headline\":\"Ford assina memorando de inten\u00e7\u00f5es para venda de f\u00e1brica para Construtora S\u00e3o Jos\u00e9\",\"datePublished\":\"2020-06-19T18:30:40+00:00\",\"dateModified\":\"2020-06-19T18:37:24+00:00\",\"mainEntityOfPage\":{\"@id\":\"https:\/\/www.suno.com.br\/noticias\/ford-memorando-venda-fabrica-construtora-sao-jose\/\"},\"wordCount\":364,\"publisher\":{\"@id\":\"https:\/\/www.suno.com.br\/noticias\/#organization\"},\"image\":{\"@id\":\"https:\/\/www.suno.com.br\/noticias\/ford-memorando-venda-fabrica-construtora-sao-jose\/#primaryimage\"},\"thumbnailUrl\":\"https:\/\/files.sunoresearch.com.br\/n\/uploads\/2019\/04\/6952d4cc-ford-jpg.webp\",\"keywords\":[\"Ford (FDMO34)\"],\"articleSection\":[\"Neg\u00f3cios\"],\"inLanguage\":\"pt-BR\"},{\"@type\":\"WebPage\",\"@id\":\"https:\/\/www.suno.com.br\/noticias\/ford-memorando-venda-fabrica-construtora-sao-jose\/\",\"url\":\"https:\/\/www.suno.com.br\/noticias\/ford-memorando-venda-fabrica-construtora-sao-jose\/\",\"name\":\"Ford assina acordo para venda de f\u00e1brica para construtora S\u00e3o Jos\u00e9\",\"isPartOf\":{\"@id\":\"https:\/\/www.suno.com.br\/noticias\/#website\"},\"primaryImageOfPage\":{\"@id\":\"https:\/\/www.suno.com.br\/noticias\/ford-memorando-venda-fabrica-construtora-sao-jose\/#primaryimage\"},\"image\":{\"@id\":\"https:\/\/www.suno.com.br\/noticias\/ford-memorando-venda-fabrica-construtora-sao-jose\/#primaryimage\"},\"thumbnailUrl\":\"https:\/\/files.sunoresearch.com.br\/n\/uploads\/2019\/04\/6952d4cc-ford-jpg.webp\",\"datePublished\":\"2020-06-19T18:30:40+00:00\",\"dateModified\":\"2020-06-19T18:37:24+00:00\",\"description\":\"A Ford assinou um memorando de inten\u00e7\u00f5es para a venda de sua f\u00e1brica em S\u00e3o Bernardo do Campo, no ABC Paulista, para a Construtora S\u00e3o Jos\u00e9.\",\"breadcrumb\":{\"@id\":\"https:\/\/www.suno.com.br\/noticias\/ford-memorando-venda-fabrica-construtora-sao-jose\/#breadcrumb\"},\"inLanguage\":\"pt-BR\",\"potentialAction\":[{\"@type\":\"ReadAction\",\"target\":[\"https:\/\/www.suno.com.br\/noticias\/ford-memorando-venda-fabrica-construtora-sao-jose\/\"]}]},{\"@type\":\"ImageObject\",\"inLanguage\":\"pt-BR\",\"@id\":\"https:\/\/www.suno.com.br\/noticias\/ford-memorando-venda-fabrica-construtora-sao-jose\/#primaryimage\",\"url\":\"https:\/\/files.sunoresearch.com.br\/n\/uploads\/2019\/04\/6952d4cc-ford-jpg.webp\",\"contentUrl\":\"https:\/\/files.sunoresearch.com.br\/n\/uploads\/2019\/04\/6952d4cc-ford-jpg.webp\",\"width\":674,\"height\":420,\"caption\":\"Ford (NYSE: F)\"},{\"@type\":\"BreadcrumbList\",\"@id\":\"https:\/\/www.suno.com.br\/noticias\/ford-memorando-venda-fabrica-construtora-sao-jose\/#breadcrumb\",\"itemListElement\":[{\"@type\":\"ListItem\",\"position\":1,\"name\":\"Not\u00edcias\",\"item\":\"https:\/\/www.suno.com.br\/noticias\/\"},{\"@type\":\"ListItem\",\"position\":2,\"name\":\"Neg\u00f3cios\",\"item\":\"https:\/\/www.suno.com.br\/noticias\/negocios\/\"},{\"@type\":\"ListItem\",\"position\":3,\"name\":\"Ford assina memorando de inten\u00e7\u00f5es para venda de f\u00e1brica para Construtora S\u00e3o Jos\u00e9\"}]},{\"@type\":\"WebSite\",\"@id\":\"https:\/\/www.suno.com.br\/noticias\/#website\",\"url\":\"https:\/\/www.suno.com.br\/noticias\/\",\"name\":\"Suno Not\u00edcias\",\"description\":\"Seu portal de informa\u00e7\u00e3o sobre o mundo dos investimentos\",\"publisher\":{\"@id\":\"https:\/\/www.suno.com.br\/noticias\/#organization\"},\"potentialAction\":[{\"@type\":\"SearchAction\",\"target\":{\"@type\":\"EntryPoint\",\"urlTemplate\":\"https:\/\/www.suno.com.br\/noticias\/?s={search_term_string}\"},\"query-input\":{\"@type\":\"PropertyValueSpecification\",\"valueRequired\":true,\"valueName\":\"search_term_string\"}}],\"inLanguage\":\"pt-BR\"},{\"@type\":\"Organization\",\"@id\":\"https:\/\/www.suno.com.br\/noticias\/#organization\",\"name\":\"Suno Not\u00edcias\",\"url\":\"https:\/\/www.suno.com.br\/noticias\/\",\"logo\":{\"@type\":\"ImageObject\",\"inLanguage\":\"pt-BR\",\"@id\":\"https:\/\/www.suno.com.br\/noticias\/#\/schema\/logo\/image\/\",\"url\":\"https:\/\/files.sunoresearch.com.br\/n\/uploads\/2021\/09\/suno-logo.png\",\"contentUrl\":\"https:\/\/files.sunoresearch.com.br\/n\/uploads\/2021\/09\/suno-logo.png\",\"width\":180,\"height\":180,\"caption\":\"Suno Not\u00edcias\"},\"image\":{\"@id\":\"https:\/\/www.suno.com.br\/noticias\/#\/schema\/logo\/image\/\"},\"sameAs\":[\"https:\/\/facebook.com\/sunoresearch\",\"https:\/\/x.com\/sunoresearch\",\"https:\/\/www.instagram.com\/suno\",\"https:\/\/www.linkedin.com\/company\/suno-research\/\",\"https:\/\/www.youtube.com\/c\/sunoresearch\"]},{\"@type\":\"Person\",\"@id\":\"https:\/\/www.suno.com.br\/noticias\/#\/schema\/person\/1db762f78ffd8919a648a63e425953e3\",\"name\":\"Juliano Passaro\",\"image\":{\"@type\":\"ImageObject\",\"inLanguage\":\"pt-BR\",\"@id\":\"https:\/\/www.suno.com.br\/noticias\/#\/schema\/person\/image\/\",\"url\":\"https:\/\/secure.gravatar.com\/avatar\/743d4df28eebf6dcc46b4ad03c319e92?s=96&r=g\",\"contentUrl\":\"https:\/\/secure.gravatar.com\/avatar\/743d4df28eebf6dcc46b4ad03c319e92?s=96&r=g\",\"caption\":\"Juliano Passaro\"},\"description\":\"Juliano Passaro escreve sobre pol\u00edtica, economia e neg\u00f3cios para o portal da Suno Research. Antes da Suno, trabalhou no Portal da Band. \u00c9 formado em jornalismo pela Universidade Presbiteriana Mackenzie.\",\"url\":\"https:\/\/www.suno.com.br\/noticias\/author\/juliano\/\"}]}<\/script>\n<!-- \/ Yoast SEO plugin. -->","yoast_head_json":{"title":"Ford assina acordo para venda de f\u00e1brica para construtora S\u00e3o Jos\u00e9","description":"A Ford assinou um memorando de inten\u00e7\u00f5es para a venda de sua f\u00e1brica em S\u00e3o Bernardo do Campo, no ABC Paulista, para a Construtora S\u00e3o Jos\u00e9.","robots":{"index":"index","follow":"follow","max-snippet":"max-snippet:-1","max-image-preview":"max-image-preview:large","max-video-preview":"max-video-preview:-1"},"canonical":"https:\/\/www.suno.com.br\/noticias\/ford-memorando-venda-fabrica-construtora-sao-jose\/","og_locale":"pt_BR","og_type":"article","og_title":"Ford assina acordo para venda de f\u00e1brica para construtora S\u00e3o Jos\u00e9","og_description":"A Ford assinou um memorando de inten\u00e7\u00f5es para a venda de sua f\u00e1brica em S\u00e3o Bernardo do Campo, no ABC Paulista, para a Construtora S\u00e3o Jos\u00e9.","og_url":"https:\/\/www.suno.com.br\/noticias\/ford-memorando-venda-fabrica-construtora-sao-jose\/","og_site_name":"Suno Not\u00edcias","article_publisher":"https:\/\/facebook.com\/sunoresearch","og_image":[{"width":674,"height":420,"url":"https:\/\/files.sunoresearch.com.br\/n\/uploads\/2019\/04\/6952d4cc-ford.jpg","type":"image\/jpeg"}],"author":"Juliano Passaro","twitter_card":"summary_large_image","twitter_creator":"@sunoresearch","twitter_site":"@sunoresearch","twitter_misc":{"Escrito por":"Juliano Passaro","Est. tempo de leitura":"2 minutos"},"schema":{"@context":"https:\/\/schema.org","@graph":[{"@type":"NewsArticle","@id":"https:\/\/www.suno.com.br\/noticias\/ford-memorando-venda-fabrica-construtora-sao-jose\/#article","isPartOf":{"@id":"https:\/\/www.suno.com.br\/noticias\/ford-memorando-venda-fabrica-construtora-sao-jose\/"},"author":{"name":"Juliano Passaro","@id":"https:\/\/www.suno.com.br\/noticias\/#\/schema\/person\/1db762f78ffd8919a648a63e425953e3"},"headline":"Ford assina memorando de inten\u00e7\u00f5es para venda de f\u00e1brica para Construtora S\u00e3o Jos\u00e9","datePublished":"2020-06-19T18:30:40+00:00","dateModified":"2020-06-19T18:37:24+00:00","mainEntityOfPage":{"@id":"https:\/\/www.suno.com.br\/noticias\/ford-memorando-venda-fabrica-construtora-sao-jose\/"},"wordCount":364,"publisher":{"@id":"https:\/\/www.suno.com.br\/noticias\/#organization"},"image":{"@id":"https:\/\/www.suno.com.br\/noticias\/ford-memorando-venda-fabrica-construtora-sao-jose\/#primaryimage"},"thumbnailUrl":"https:\/\/files.sunoresearch.com.br\/n\/uploads\/2019\/04\/6952d4cc-ford-jpg.webp","keywords":["Ford (FDMO34)"],"articleSection":["Neg\u00f3cios"],"inLanguage":"pt-BR"},{"@type":"WebPage","@id":"https:\/\/www.suno.com.br\/noticias\/ford-memorando-venda-fabrica-construtora-sao-jose\/","url":"https:\/\/www.suno.com.br\/noticias\/ford-memorando-venda-fabrica-construtora-sao-jose\/","name":"Ford assina acordo para venda de f\u00e1brica para construtora S\u00e3o Jos\u00e9","isPartOf":{"@id":"https:\/\/www.suno.com.br\/noticias\/#website"},"primaryImageOfPage":{"@id":"https:\/\/www.suno.com.br\/noticias\/ford-memorando-venda-fabrica-construtora-sao-jose\/#primaryimage"},"image":{"@id":"https:\/\/www.suno.com.br\/noticias\/ford-memorando-venda-fabrica-construtora-sao-jose\/#primaryimage"},"thumbnailUrl":"https:\/\/files.sunoresearch.com.br\/n\/uploads\/2019\/04\/6952d4cc-ford-jpg.webp","datePublished":"2020-06-19T18:30:40+00:00","dateModified":"2020-06-19T18:37:24+00:00","description":"A Ford assinou um memorando de inten\u00e7\u00f5es para a venda de sua f\u00e1brica em S\u00e3o Bernardo do Campo, no ABC Paulista, para a Construtora S\u00e3o Jos\u00e9.","breadcrumb":{"@id":"https:\/\/www.suno.com.br\/noticias\/ford-memorando-venda-fabrica-construtora-sao-jose\/#breadcrumb"},"inLanguage":"pt-BR","potentialAction":[{"@type":"ReadAction","target":["https:\/\/www.suno.com.br\/noticias\/ford-memorando-venda-fabrica-construtora-sao-jose\/"]}]},{"@type":"ImageObject","inLanguage":"pt-BR","@id":"https:\/\/www.suno.com.br\/noticias\/ford-memorando-venda-fabrica-construtora-sao-jose\/#primaryimage","url":"https:\/\/files.sunoresearch.com.br\/n\/uploads\/2019\/04\/6952d4cc-ford-jpg.webp","contentUrl":"https:\/\/files.sunoresearch.com.br\/n\/uploads\/2019\/04\/6952d4cc-ford-jpg.webp","width":674,"height":420,"caption":"Ford (NYSE: F)"},{"@type":"BreadcrumbList","@id":"https:\/\/www.suno.com.br\/noticias\/ford-memorando-venda-fabrica-construtora-sao-jose\/#breadcrumb","itemListElement":[{"@type":"ListItem","position":1,"name":"Not\u00edcias","item":"https:\/\/www.suno.com.br\/noticias\/"},{"@type":"ListItem","position":2,"name":"Neg\u00f3cios","item":"https:\/\/www.suno.com.br\/noticias\/negocios\/"},{"@type":"ListItem","position":3,"name":"Ford assina memorando de inten\u00e7\u00f5es para venda de f\u00e1brica para Construtora S\u00e3o Jos\u00e9"}]},{"@type":"WebSite","@id":"https:\/\/www.suno.com.br\/noticias\/#website","url":"https:\/\/www.suno.com.br\/noticias\/","name":"Suno Not\u00edcias","description":"Seu portal de informa\u00e7\u00e3o sobre o mundo dos investimentos","publisher":{"@id":"https:\/\/www.suno.com.br\/noticias\/#organization"},"potentialAction":[{"@type":"SearchAction","target":{"@type":"EntryPoint","urlTemplate":"https:\/\/www.suno.com.br\/noticias\/?s={search_term_string}"},"query-input":{"@type":"PropertyValueSpecification","valueRequired":true,"valueName":"search_term_string"}}],"inLanguage":"pt-BR"},{"@type":"Organization","@id":"https:\/\/www.suno.com.br\/noticias\/#organization","name":"Suno Not\u00edcias","url":"https:\/\/www.suno.com.br\/noticias\/","logo":{"@type":"ImageObject","inLanguage":"pt-BR","@id":"https:\/\/www.suno.com.br\/noticias\/#\/schema\/logo\/image\/","url":"https:\/\/files.sunoresearch.com.br\/n\/uploads\/2021\/09\/suno-logo.png","contentUrl":"https:\/\/files.sunoresearch.com.br\/n\/uploads\/2021\/09\/suno-logo.png","width":180,"height":180,"caption":"Suno Not\u00edcias"},"image":{"@id":"https:\/\/www.suno.com.br\/noticias\/#\/schema\/logo\/image\/"},"sameAs":["https:\/\/facebook.com\/sunoresearch","https:\/\/x.com\/sunoresearch","https:\/\/www.instagram.com\/suno","https:\/\/www.linkedin.com\/company\/suno-research\/","https:\/\/www.youtube.com\/c\/sunoresearch"]},{"@type":"Person","@id":"https:\/\/www.suno.com.br\/noticias\/#\/schema\/person\/1db762f78ffd8919a648a63e425953e3","name":"Juliano Passaro","image":{"@type":"ImageObject","inLanguage":"pt-BR","@id":"https:\/\/www.suno.com.br\/noticias\/#\/schema\/person\/image\/","url":"https:\/\/secure.gravatar.com\/avatar\/743d4df28eebf6dcc46b4ad03c319e92?s=96&r=g","contentUrl":"https:\/\/secure.gravatar.com\/avatar\/743d4df28eebf6dcc46b4ad03c319e92?s=96&r=g","caption":"Juliano Passaro"},"description":"Juliano Passaro escreve sobre pol\u00edtica, economia e neg\u00f3cios para o portal da Suno Research. Antes da Suno, trabalhou no Portal da Band. \u00c9 formado em jornalismo pela Universidade Presbiteriana Mackenzie.","url":"https:\/\/www.suno.com.br\/noticias\/author\/juliano\/"}]}},"default_loop_html":"<div class=\"cardsPage__listCard__boxs\"><div class=\"cardsPage__listCard__boxs__img\"><a href=\"https:\/\/www.suno.com.br\/noticias\/ford-memorando-venda-fabrica-construtora-sao-jose\/\"><img class=\"mask\" src=\"https:\/\/www.suno.com.br\/noticias\/wp-content\/themes\/suno\/resources\/images\/spotlight\/spotlight1img\/bg-mask.png\" alt=\"Image Mask\"\/><img src=\"https:\/\/files.sunoresearch.com.br\/n\/uploads\/2019\/04\/6952d4cc-ford-400x200.webp\" alt=\"Ford assina memorando de inten\u00e7\u00f5es para venda de f\u00e1brica para Construtora S\u00e3o Jos\u00e9\"\/><\/a><span class=\"spotlightCategory\"><a href=\"https:\/\/www.suno.com.br\/noticias\/negocios\/\">Neg\u00f3cios<\/a><\/span><\/div><div class=\"cardsPage__listCard__boxs__content\"><a href=\"https:\/\/www.suno.com.br\/noticias\/ford-memorando-venda-fabrica-construtora-sao-jose\/\"><h2 class=\"content__title\">Ford assina memorando de inten\u00e7\u00f5es para venda de f\u00e1brica para Construtora S\u00e3o Jos\u00e9<\/h2><\/a><div class=\"newsContent__article__meta\"><div class=\"newsContent__article__meta__authorBox\"><a href=\"https:\/\/www.suno.com.br\/noticias\/author\/juliano\/\" class=\"authorBox__avatar noMobi\"><img src=\"https:\/\/files.sunoresearch.com.br\/n\/uploads\/2019\/06\/7cc3efea-whatsapp-image-2019-07-18-at-21.59.33-e1563499821209-150x150.webp\" alt=\"Juliano Passaro\"><\/a><div class=\"authorBox__name\"><span>por\n\t\t\t<a href=\"https:\/\/www.suno.com.br\/noticias\/author\/juliano\/\"><span itemprop=\"author\">Juliano Passaro<\/span><\/a><\/span><time datetime=\"2020-06-19T15:30:40-03:00\" itemprop=\"datePublished\">19\/06\/2020 15:30<\/time><\/div><\/div><\/div><\/div><\/div>","single_layout":"posts","amp_enabled":true,"_links":{"self":[{"href":"https:\/\/www.suno.com.br\/noticias\/wp-json\/wp\/v2\/posts\/69684"}],"collection":[{"href":"https:\/\/www.suno.com.br\/noticias\/wp-json\/wp\/v2\/posts"}],"about":[{"href":"https:\/\/www.suno.com.br\/noticias\/wp-json\/wp\/v2\/types\/post"}],"author":[{"embeddable":true,"href":"https:\/\/www.suno.com.br\/noticias\/wp-json\/wp\/v2\/users\/19"}],"replies":[{"embeddable":true,"href":"https:\/\/www.suno.com.br\/noticias\/wp-json\/wp\/v2\/comments?post=69684"}],"version-history":[{"count":0,"href":"https:\/\/www.suno.com.br\/noticias\/wp-json\/wp\/v2\/posts\/69684\/revisions"}],"wp:featuredmedia":[{"embeddable":true,"href":"https:\/\/www.suno.com.br\/noticias\/wp-json\/wp\/v2\/media\/19702"}],"wp:attachment":[{"href":"https:\/\/www.suno.com.br\/noticias\/wp-json\/wp\/v2\/media?parent=69684"}],"wp:term":[{"taxonomy":"category","embeddable":true,"href":"https:\/\/www.suno.com.br\/noticias\/wp-json\/wp\/v2\/categories?post=69684"},{"taxonomy":"post_tag","embeddable":true,"href":"https:\/\/www.suno.com.br\/noticias\/wp-json\/wp\/v2\/tags?post=69684"},{"taxonomy":"suno_strategy","embeddable":true,"href":"https:\/\/www.suno.com.br\/noticias\/wp-json\/wp\/v2\/suno_strategy?post=69684"}],"curies":[{"name":"wp","href":"https:\/\/api.w.org\/{rel}","templated":true}]}}