{"id":69676,"date":"2020-06-19T15:09:43","date_gmt":"2020-06-19T18:09:43","guid":{"rendered":"https:\/\/www.suno.com.br\/noticias\/?p=69676"},"modified":"2020-06-19T15:09:43","modified_gmt":"2020-06-19T18:09:43","slug":"ceo-renuncia-wirecard-fraude-contabil","status":"publish","type":"post","link":"https:\/\/www.suno.com.br\/noticias\/ceo-renuncia-wirecard-fraude-contabil\/","title":{"rendered":"CEO da Wirecard renuncia em meio \u00e0 crise de fraude cont\u00e1bil"},"content":{"rendered":"<p>O <a href=\"https:\/\/www.suno.com.br\/artigos\/ceo\/\">diretor executivo<\/a> da <a href=\"https:\/\/www.suno.com.br\/artigos\/fintechs\/\">fintech de pagamentos<\/a> alem\u00e3 <strong>Wirecard<\/strong>, Markus Braun, renunciou nesta sexta-feira (19) ap\u00f3s dois bancos nas Filipinas negarem a exist\u00eancia de contas no valor de 1,9 bilh\u00e3o de euros (cerca de R$ 11,32 bilh\u00f5es) em nome da companhia.<\/p>\t<div class=\"wrapper-featured-image\">\n\t\t<figure class=\"spotlightImg\">\n\n\t\t\t<picture>\n\t\t\t\t<source media=\"(max-width: 768px)\" srcset=\"https:\/\/files.sunoresearch.com.br\/n\/uploads\/2020\/06\/793f6833-wirecard-400x200.webp\">\n\t\t\t\t<img loading=\"lazy\" decoding=\"async\" class=\"newsContent__article__imgCapa lazyloadDisabled newsContent__article__imgCapa--noCaption\" src=\"https:\/\/files.sunoresearch.com.br\/n\/uploads\/2020\/06\/793f6833-wirecard-800x450.webp\" width=\"800\" height=\"450\" alt=\"CEO da Wirecard renuncia em meio \u00e0 crise de fraude cont\u00e1bil\" fetchpriority=high \/>\n\t\t\t<\/picture>\n\n\t\t\t<figcaption class=\"wp-caption-text wp-caption-text--hide\">CEO da Wirecard renuncia em meio \u00e0 crise de fraude cont\u00e1bil<\/figcaption>\n\t\t<\/figure>\n\t<\/div>\n\n\n\n<p>As institui\u00e7\u00f5es financeiras ainda informara nunca terem tido posse desses recursos. Com isso, a sa\u00edda do CEO da Wirecard iniciou um movimento de queda acentuada dos pap\u00e9is da fintech, levando a empresa a perder mais de US$ 1,4 bilh\u00e3o (equivalente a R$ 7,44 bilh\u00f5es) em <a href=\"https:\/\/www.suno.com.br\/artigos\/valor-de-mercado\/\">valor de mercado<\/a> ap\u00f3s perder US$ 9 bilh\u00f5es na \u00faltima quinta-feira (18). Em apenas dois dias, as a\u00e7\u00f5es despencaram perto de 72%.<\/p>\n<p>A Wirecard comunicou, dessa maneira, que a ren\u00fancia do maior acionista da companhia teve um efeito imediato. Em vista da escalada dos fatos, o nomeado membro do <a href=\"https:\/\/www.suno.com.br\/artigos\/conselho-administracao\/\">conselho de administra\u00e7\u00e3o<\/a> no final de quinta-feira, James H. Freis, atuar\u00e1 como diretor executivo interino.<\/p>\n<p><a href=\"https:\/\/lp.suno.com.br\/suno-one\/\"><span data-sheets-value=\"{&quot;1&quot;:2,&quot;2&quot;:&quot;Garanta acesso ao Suno One, a central de informa\u00e7\u00f5es para quem quer aprender a investir. Acesse gratuitamente clicando aqui.&quot;}\" data-sheets-userformat=\"{&quot;2&quot;:513,&quot;3&quot;:{&quot;1&quot;:0},&quot;12&quot;:0}\">Garanta acesso ao Suno One, a central de informa\u00e7\u00f5es para quem quer aprender a investir. Acesse gratuitamente clicando aqui.<\/span><\/a><\/p>\n<p>A fintech de tecnologia informou, por meio de comunicado que est\u00e1 em \u201cdiscuss\u00f5es construtivas com seus bancos credores para manter abertas suas linhas de cr\u00e9dito\u201d, se referindo \u00e0 linhas no valor de 2 bilh\u00f5es de euros. Estas podem ser canceladas hoje, visto que a Wirecard atrasou a divulga\u00e7\u00e3o de seus resultados financeiros de 2019.<\/p>\n<p>Em v\u00eddeo publicado no \u00faltimo dia 18, <strong>Braun<\/strong> afirmou que n\u00e3o estava claro o porqu\u00ea das bancos asi\u00e1ticos reportarem que as confirma\u00e7\u00f5es banc\u00e1rias fornecidas \u00e0 Ernst &amp; Young (EY) eram &#8220;esp\u00farias&#8221;<\/p>\n<p><a href=\"https:\/\/www.youtube.com\/watch?v=ssAaEzfxrEE&#038;feature=emb_logo\">https:\/\/www.youtube.com\/watch?v=ssAaEzfxrEE&amp;feature=emb_logo<\/a><\/p>\n<p>Braun afirmou que a confian\u00e7a do mercado na Wirecard &#8220;foi profundamente afetada&#8221;, acrescentando que a empresa possui uma &#8220;tecnologia excepcional e recursos suficientes para um grande futuro&#8221;. &#8220;Eu n\u00e3o quero ser um fardo para esse futuro&#8221;, salientou o ex-diretor executivo.<\/p>\n<h2>Wirecard \u00e9 l\u00edder no setor de pagamentos online<\/h2>\n<p>A companhia lidera as empresas que registraram crescimento com o avan\u00e7o do e-commerce e a queda nos pagamento em esp\u00e9cie. A Wirecard processa pagamento eletr\u00f4nicos para varejistas, sites de apostas, empresas de viagens e outros. A fintech tamb\u00e9m fornece servi\u00e7os e empr\u00e9stimos relacionados.<\/p>\n<p><a href=\"https:\/\/www.suno.com.br\/noticias\/natura-ntco3-vazamento-dados-250mil-clientes\/\">Saiba mais: Natura (NTCO3) sofre vazamento e exp\u00f5e dados de 250 mil clientes<\/a><\/p>\n<p>A empresa foi um dos exemplos de r\u00e1pido crescimento no segmento de tecnologia financeira na Europa, reportando receitas e lucros cada vez mais altos. Por outro lado, investidores vem acusando a fintech por v\u00e1rios anos de \u201cfabricar neg\u00f3cios e dinheiro\u201d, enquanto a <strong>Wirecard<\/strong> negava fortemente essas alega\u00e7\u00f5es.<\/p>\n\n","protected":false},"excerpt":{"rendered":"<p>O diretor executivo da fintech de pagamentos alem\u00e3 Wirecard, Markus Braun, renunciou nesta sexta-feira (19) ap\u00f3s dois bancos nas Filipinas negarem a exist\u00eancia de contas no valor de 1,9 bilh\u00e3o de euros (cerca de R$ 11,32 bilh\u00f5es) em nome da companhia. CEO da Wirecard renuncia em meio \u00e0 crise de fraude cont\u00e1bil As institui\u00e7\u00f5es financeiras [&hellip;]<\/p>\n","protected":false},"author":35,"featured_media":69681,"comment_status":"closed","ping_status":"closed","sticky":false,"template":"","format":"standard","meta":[],"categories":[63],"tags":[856,55307],"suno_strategy":[],"class_list":["post-69676","post","type-post","status-publish","format-standard","has-post-thumbnail","hentry","category-internacional","tag-alemanha","tag-wirecard"],"yoast_head":"<!-- This site is optimized with the Yoast SEO plugin v24.4 - https:\/\/yoast.com\/wordpress\/plugins\/seo\/ -->\n<title>CEO da Wirecard renuncia em meio \u00e0 crise de fraude cont\u00e1bil<\/title>\n<meta name=\"description\" content=\"O CEO fintech de pagamentos alem\u00e3 Wirecard renunciou ap\u00f3s esc\u00e2ndalo de fraude cont\u00e1bil de 1,9 bilh\u00e3o de euros. Clique para saber mais\" \/>\n<meta name=\"robots\" content=\"index, follow, max-snippet:-1, max-image-preview:large, max-video-preview:-1\" \/>\n<link rel=\"canonical\" href=\"https:\/\/www.suno.com.br\/noticias\/ceo-renuncia-wirecard-fraude-contabil\/\" \/>\n<meta property=\"og:locale\" content=\"pt_BR\" \/>\n<meta property=\"og:type\" content=\"article\" \/>\n<meta property=\"og:title\" content=\"CEO da Wirecard renuncia em meio \u00e0 crise de fraude cont\u00e1bil\" \/>\n<meta property=\"og:description\" content=\"O CEO fintech de pagamentos alem\u00e3 Wirecard renunciou ap\u00f3s esc\u00e2ndalo de fraude cont\u00e1bil de 1,9 bilh\u00e3o de euros. Clique para saber mais\" \/>\n<meta property=\"og:url\" content=\"https:\/\/www.suno.com.br\/noticias\/ceo-renuncia-wirecard-fraude-contabil\/\" \/>\n<meta property=\"og:site_name\" content=\"Suno Not\u00edcias\" \/>\n<meta property=\"article:publisher\" content=\"https:\/\/facebook.com\/sunoresearch\" \/>\n<meta property=\"og:image\" content=\"https:\/\/files.sunoresearch.com.br\/n\/uploads\/2020\/06\/793f6833-wirecard.jpg\" \/>\n\t<meta property=\"og:image:width\" content=\"1024\" \/>\n\t<meta property=\"og:image:height\" content=\"683\" \/>\n\t<meta property=\"og:image:type\" content=\"image\/jpeg\" \/>\n<meta name=\"author\" content=\"Arthur Guimar\u00e3es\" \/>\n<meta name=\"twitter:card\" content=\"summary_large_image\" \/>\n<meta name=\"twitter:creator\" content=\"@sunoresearch\" \/>\n<meta name=\"twitter:site\" content=\"@sunoresearch\" \/>\n<meta name=\"twitter:label1\" content=\"Escrito por\" \/>\n\t<meta name=\"twitter:data1\" content=\"Arthur Guimar\u00e3es\" \/>\n\t<meta name=\"twitter:label2\" content=\"Est. tempo de leitura\" \/>\n\t<meta name=\"twitter:data2\" content=\"2 minutos\" \/>\n<script type=\"application\/ld+json\" class=\"yoast-schema-graph\">{\"@context\":\"https:\/\/schema.org\",\"@graph\":[{\"@type\":\"NewsArticle\",\"@id\":\"https:\/\/www.suno.com.br\/noticias\/ceo-renuncia-wirecard-fraude-contabil\/#article\",\"isPartOf\":{\"@id\":\"https:\/\/www.suno.com.br\/noticias\/ceo-renuncia-wirecard-fraude-contabil\/\"},\"author\":{\"name\":\"Arthur Guimar\u00e3es\",\"@id\":\"https:\/\/www.suno.com.br\/noticias\/#\/schema\/person\/053a750a709a263919a20f976caae91c\"},\"headline\":\"CEO da Wirecard renuncia em meio \u00e0 crise de fraude cont\u00e1bil\",\"datePublished\":\"2020-06-19T18:09:43+00:00\",\"mainEntityOfPage\":{\"@id\":\"https:\/\/www.suno.com.br\/noticias\/ceo-renuncia-wirecard-fraude-contabil\/\"},\"wordCount\":461,\"publisher\":{\"@id\":\"https:\/\/www.suno.com.br\/noticias\/#organization\"},\"image\":{\"@id\":\"https:\/\/www.suno.com.br\/noticias\/ceo-renuncia-wirecard-fraude-contabil\/#primaryimage\"},\"thumbnailUrl\":\"https:\/\/files.sunoresearch.com.br\/n\/uploads\/2020\/06\/793f6833-wirecard-jpg.webp\",\"keywords\":[\"Alemanha\",\"Wirecard\"],\"articleSection\":[\"Internacional\"],\"inLanguage\":\"pt-BR\"},{\"@type\":\"WebPage\",\"@id\":\"https:\/\/www.suno.com.br\/noticias\/ceo-renuncia-wirecard-fraude-contabil\/\",\"url\":\"https:\/\/www.suno.com.br\/noticias\/ceo-renuncia-wirecard-fraude-contabil\/\",\"name\":\"CEO da Wirecard renuncia em meio \u00e0 crise de fraude cont\u00e1bil\",\"isPartOf\":{\"@id\":\"https:\/\/www.suno.com.br\/noticias\/#website\"},\"primaryImageOfPage\":{\"@id\":\"https:\/\/www.suno.com.br\/noticias\/ceo-renuncia-wirecard-fraude-contabil\/#primaryimage\"},\"image\":{\"@id\":\"https:\/\/www.suno.com.br\/noticias\/ceo-renuncia-wirecard-fraude-contabil\/#primaryimage\"},\"thumbnailUrl\":\"https:\/\/files.sunoresearch.com.br\/n\/uploads\/2020\/06\/793f6833-wirecard-jpg.webp\",\"datePublished\":\"2020-06-19T18:09:43+00:00\",\"description\":\"O CEO fintech de pagamentos alem\u00e3 Wirecard renunciou ap\u00f3s esc\u00e2ndalo de fraude cont\u00e1bil de 1,9 bilh\u00e3o de euros. Clique para saber mais\",\"breadcrumb\":{\"@id\":\"https:\/\/www.suno.com.br\/noticias\/ceo-renuncia-wirecard-fraude-contabil\/#breadcrumb\"},\"inLanguage\":\"pt-BR\",\"potentialAction\":[{\"@type\":\"ReadAction\",\"target\":[\"https:\/\/www.suno.com.br\/noticias\/ceo-renuncia-wirecard-fraude-contabil\/\"]}]},{\"@type\":\"ImageObject\",\"inLanguage\":\"pt-BR\",\"@id\":\"https:\/\/www.suno.com.br\/noticias\/ceo-renuncia-wirecard-fraude-contabil\/#primaryimage\",\"url\":\"https:\/\/files.sunoresearch.com.br\/n\/uploads\/2020\/06\/793f6833-wirecard-jpg.webp\",\"contentUrl\":\"https:\/\/files.sunoresearch.com.br\/n\/uploads\/2020\/06\/793f6833-wirecard-jpg.webp\",\"width\":1024,\"height\":683,\"caption\":\"CEO da Wirecard renuncia em meio \u00e0 crise de fraude cont\u00e1bil\"},{\"@type\":\"BreadcrumbList\",\"@id\":\"https:\/\/www.suno.com.br\/noticias\/ceo-renuncia-wirecard-fraude-contabil\/#breadcrumb\",\"itemListElement\":[{\"@type\":\"ListItem\",\"position\":1,\"name\":\"Not\u00edcias\",\"item\":\"https:\/\/www.suno.com.br\/noticias\/\"},{\"@type\":\"ListItem\",\"position\":2,\"name\":\"Internacional\",\"item\":\"https:\/\/www.suno.com.br\/noticias\/internacional\/\"},{\"@type\":\"ListItem\",\"position\":3,\"name\":\"CEO da Wirecard renuncia em meio \u00e0 crise de fraude cont\u00e1bil\"}]},{\"@type\":\"WebSite\",\"@id\":\"https:\/\/www.suno.com.br\/noticias\/#website\",\"url\":\"https:\/\/www.suno.com.br\/noticias\/\",\"name\":\"Suno Not\u00edcias\",\"description\":\"Seu portal de informa\u00e7\u00e3o sobre o mundo dos investimentos\",\"publisher\":{\"@id\":\"https:\/\/www.suno.com.br\/noticias\/#organization\"},\"potentialAction\":[{\"@type\":\"SearchAction\",\"target\":{\"@type\":\"EntryPoint\",\"urlTemplate\":\"https:\/\/www.suno.com.br\/noticias\/?s={search_term_string}\"},\"query-input\":{\"@type\":\"PropertyValueSpecification\",\"valueRequired\":true,\"valueName\":\"search_term_string\"}}],\"inLanguage\":\"pt-BR\"},{\"@type\":\"Organization\",\"@id\":\"https:\/\/www.suno.com.br\/noticias\/#organization\",\"name\":\"Suno Not\u00edcias\",\"url\":\"https:\/\/www.suno.com.br\/noticias\/\",\"logo\":{\"@type\":\"ImageObject\",\"inLanguage\":\"pt-BR\",\"@id\":\"https:\/\/www.suno.com.br\/noticias\/#\/schema\/logo\/image\/\",\"url\":\"https:\/\/files.sunoresearch.com.br\/n\/uploads\/2021\/09\/suno-logo.png\",\"contentUrl\":\"https:\/\/files.sunoresearch.com.br\/n\/uploads\/2021\/09\/suno-logo.png\",\"width\":180,\"height\":180,\"caption\":\"Suno Not\u00edcias\"},\"image\":{\"@id\":\"https:\/\/www.suno.com.br\/noticias\/#\/schema\/logo\/image\/\"},\"sameAs\":[\"https:\/\/facebook.com\/sunoresearch\",\"https:\/\/x.com\/sunoresearch\",\"https:\/\/www.instagram.com\/suno\",\"https:\/\/www.linkedin.com\/company\/suno-research\/\",\"https:\/\/www.youtube.com\/c\/sunoresearch\"]},{\"@type\":\"Person\",\"@id\":\"https:\/\/www.suno.com.br\/noticias\/#\/schema\/person\/053a750a709a263919a20f976caae91c\",\"name\":\"Arthur Guimar\u00e3es\",\"image\":{\"@type\":\"ImageObject\",\"inLanguage\":\"pt-BR\",\"@id\":\"https:\/\/www.suno.com.br\/noticias\/#\/schema\/person\/image\/\",\"url\":\"https:\/\/secure.gravatar.com\/avatar\/1affd86a11209ae09eb6dd3bcad3e96c?s=96&r=g\",\"contentUrl\":\"https:\/\/secure.gravatar.com\/avatar\/1affd86a11209ae09eb6dd3bcad3e96c?s=96&r=g\",\"caption\":\"Arthur Guimar\u00e3es\"},\"description\":\"Arthur Guimar\u00e3es escreve sobre pol\u00edtica, economia e neg\u00f3cios para o portal de not\u00edcias da Suno Research. Atualmente, \u00e9 estudante de jornalismo pela Faculdade C\u00e1sper L\u00edbero.\",\"url\":\"https:\/\/www.suno.com.br\/noticias\/author\/arthur-guimaraes\/\"}]}<\/script>\n<!-- \/ Yoast SEO plugin. -->","yoast_head_json":{"title":"CEO da Wirecard renuncia em meio \u00e0 crise de fraude cont\u00e1bil","description":"O CEO fintech de pagamentos alem\u00e3 Wirecard renunciou ap\u00f3s esc\u00e2ndalo de fraude cont\u00e1bil de 1,9 bilh\u00e3o de euros. Clique para saber mais","robots":{"index":"index","follow":"follow","max-snippet":"max-snippet:-1","max-image-preview":"max-image-preview:large","max-video-preview":"max-video-preview:-1"},"canonical":"https:\/\/www.suno.com.br\/noticias\/ceo-renuncia-wirecard-fraude-contabil\/","og_locale":"pt_BR","og_type":"article","og_title":"CEO da Wirecard renuncia em meio \u00e0 crise de fraude cont\u00e1bil","og_description":"O CEO fintech de pagamentos alem\u00e3 Wirecard renunciou ap\u00f3s esc\u00e2ndalo de fraude cont\u00e1bil de 1,9 bilh\u00e3o de euros. Clique para saber mais","og_url":"https:\/\/www.suno.com.br\/noticias\/ceo-renuncia-wirecard-fraude-contabil\/","og_site_name":"Suno Not\u00edcias","article_publisher":"https:\/\/facebook.com\/sunoresearch","og_image":[{"width":1024,"height":683,"url":"https:\/\/files.sunoresearch.com.br\/n\/uploads\/2020\/06\/793f6833-wirecard.jpg","type":"image\/jpeg"}],"author":"Arthur Guimar\u00e3es","twitter_card":"summary_large_image","twitter_creator":"@sunoresearch","twitter_site":"@sunoresearch","twitter_misc":{"Escrito por":"Arthur Guimar\u00e3es","Est. tempo de leitura":"2 minutos"},"schema":{"@context":"https:\/\/schema.org","@graph":[{"@type":"NewsArticle","@id":"https:\/\/www.suno.com.br\/noticias\/ceo-renuncia-wirecard-fraude-contabil\/#article","isPartOf":{"@id":"https:\/\/www.suno.com.br\/noticias\/ceo-renuncia-wirecard-fraude-contabil\/"},"author":{"name":"Arthur Guimar\u00e3es","@id":"https:\/\/www.suno.com.br\/noticias\/#\/schema\/person\/053a750a709a263919a20f976caae91c"},"headline":"CEO da Wirecard renuncia em meio \u00e0 crise de fraude cont\u00e1bil","datePublished":"2020-06-19T18:09:43+00:00","mainEntityOfPage":{"@id":"https:\/\/www.suno.com.br\/noticias\/ceo-renuncia-wirecard-fraude-contabil\/"},"wordCount":461,"publisher":{"@id":"https:\/\/www.suno.com.br\/noticias\/#organization"},"image":{"@id":"https:\/\/www.suno.com.br\/noticias\/ceo-renuncia-wirecard-fraude-contabil\/#primaryimage"},"thumbnailUrl":"https:\/\/files.sunoresearch.com.br\/n\/uploads\/2020\/06\/793f6833-wirecard-jpg.webp","keywords":["Alemanha","Wirecard"],"articleSection":["Internacional"],"inLanguage":"pt-BR"},{"@type":"WebPage","@id":"https:\/\/www.suno.com.br\/noticias\/ceo-renuncia-wirecard-fraude-contabil\/","url":"https:\/\/www.suno.com.br\/noticias\/ceo-renuncia-wirecard-fraude-contabil\/","name":"CEO da Wirecard renuncia em meio \u00e0 crise de fraude cont\u00e1bil","isPartOf":{"@id":"https:\/\/www.suno.com.br\/noticias\/#website"},"primaryImageOfPage":{"@id":"https:\/\/www.suno.com.br\/noticias\/ceo-renuncia-wirecard-fraude-contabil\/#primaryimage"},"image":{"@id":"https:\/\/www.suno.com.br\/noticias\/ceo-renuncia-wirecard-fraude-contabil\/#primaryimage"},"thumbnailUrl":"https:\/\/files.sunoresearch.com.br\/n\/uploads\/2020\/06\/793f6833-wirecard-jpg.webp","datePublished":"2020-06-19T18:09:43+00:00","description":"O CEO fintech de pagamentos alem\u00e3 Wirecard renunciou ap\u00f3s esc\u00e2ndalo de fraude cont\u00e1bil de 1,9 bilh\u00e3o de euros. Clique para saber mais","breadcrumb":{"@id":"https:\/\/www.suno.com.br\/noticias\/ceo-renuncia-wirecard-fraude-contabil\/#breadcrumb"},"inLanguage":"pt-BR","potentialAction":[{"@type":"ReadAction","target":["https:\/\/www.suno.com.br\/noticias\/ceo-renuncia-wirecard-fraude-contabil\/"]}]},{"@type":"ImageObject","inLanguage":"pt-BR","@id":"https:\/\/www.suno.com.br\/noticias\/ceo-renuncia-wirecard-fraude-contabil\/#primaryimage","url":"https:\/\/files.sunoresearch.com.br\/n\/uploads\/2020\/06\/793f6833-wirecard-jpg.webp","contentUrl":"https:\/\/files.sunoresearch.com.br\/n\/uploads\/2020\/06\/793f6833-wirecard-jpg.webp","width":1024,"height":683,"caption":"CEO da Wirecard renuncia em meio \u00e0 crise de fraude cont\u00e1bil"},{"@type":"BreadcrumbList","@id":"https:\/\/www.suno.com.br\/noticias\/ceo-renuncia-wirecard-fraude-contabil\/#breadcrumb","itemListElement":[{"@type":"ListItem","position":1,"name":"Not\u00edcias","item":"https:\/\/www.suno.com.br\/noticias\/"},{"@type":"ListItem","position":2,"name":"Internacional","item":"https:\/\/www.suno.com.br\/noticias\/internacional\/"},{"@type":"ListItem","position":3,"name":"CEO da Wirecard renuncia em meio \u00e0 crise de fraude cont\u00e1bil"}]},{"@type":"WebSite","@id":"https:\/\/www.suno.com.br\/noticias\/#website","url":"https:\/\/www.suno.com.br\/noticias\/","name":"Suno Not\u00edcias","description":"Seu portal de informa\u00e7\u00e3o sobre o mundo dos investimentos","publisher":{"@id":"https:\/\/www.suno.com.br\/noticias\/#organization"},"potentialAction":[{"@type":"SearchAction","target":{"@type":"EntryPoint","urlTemplate":"https:\/\/www.suno.com.br\/noticias\/?s={search_term_string}"},"query-input":{"@type":"PropertyValueSpecification","valueRequired":true,"valueName":"search_term_string"}}],"inLanguage":"pt-BR"},{"@type":"Organization","@id":"https:\/\/www.suno.com.br\/noticias\/#organization","name":"Suno Not\u00edcias","url":"https:\/\/www.suno.com.br\/noticias\/","logo":{"@type":"ImageObject","inLanguage":"pt-BR","@id":"https:\/\/www.suno.com.br\/noticias\/#\/schema\/logo\/image\/","url":"https:\/\/files.sunoresearch.com.br\/n\/uploads\/2021\/09\/suno-logo.png","contentUrl":"https:\/\/files.sunoresearch.com.br\/n\/uploads\/2021\/09\/suno-logo.png","width":180,"height":180,"caption":"Suno Not\u00edcias"},"image":{"@id":"https:\/\/www.suno.com.br\/noticias\/#\/schema\/logo\/image\/"},"sameAs":["https:\/\/facebook.com\/sunoresearch","https:\/\/x.com\/sunoresearch","https:\/\/www.instagram.com\/suno","https:\/\/www.linkedin.com\/company\/suno-research\/","https:\/\/www.youtube.com\/c\/sunoresearch"]},{"@type":"Person","@id":"https:\/\/www.suno.com.br\/noticias\/#\/schema\/person\/053a750a709a263919a20f976caae91c","name":"Arthur Guimar\u00e3es","image":{"@type":"ImageObject","inLanguage":"pt-BR","@id":"https:\/\/www.suno.com.br\/noticias\/#\/schema\/person\/image\/","url":"https:\/\/secure.gravatar.com\/avatar\/1affd86a11209ae09eb6dd3bcad3e96c?s=96&r=g","contentUrl":"https:\/\/secure.gravatar.com\/avatar\/1affd86a11209ae09eb6dd3bcad3e96c?s=96&r=g","caption":"Arthur Guimar\u00e3es"},"description":"Arthur Guimar\u00e3es escreve sobre pol\u00edtica, economia e neg\u00f3cios para o portal de not\u00edcias da Suno Research. Atualmente, \u00e9 estudante de jornalismo pela Faculdade C\u00e1sper L\u00edbero.","url":"https:\/\/www.suno.com.br\/noticias\/author\/arthur-guimaraes\/"}]}},"default_loop_html":"<div class=\"cardsPage__listCard__boxs\"><div class=\"cardsPage__listCard__boxs__img\"><a href=\"https:\/\/www.suno.com.br\/noticias\/ceo-renuncia-wirecard-fraude-contabil\/\"><img class=\"mask\" src=\"https:\/\/www.suno.com.br\/noticias\/wp-content\/themes\/suno\/resources\/images\/spotlight\/spotlight1img\/bg-mask.png\" alt=\"Image Mask\"\/><img src=\"https:\/\/files.sunoresearch.com.br\/n\/uploads\/2020\/06\/793f6833-wirecard-400x200.webp\" alt=\"CEO da Wirecard renuncia em meio \u00e0 crise de fraude cont\u00e1bil\"\/><\/a><span class=\"spotlightCategory\"><a href=\"https:\/\/www.suno.com.br\/noticias\/internacional\/\">Internacional<\/a><\/span><\/div><div class=\"cardsPage__listCard__boxs__content\"><a href=\"https:\/\/www.suno.com.br\/noticias\/ceo-renuncia-wirecard-fraude-contabil\/\"><h2 class=\"content__title\">CEO da Wirecard renuncia em meio \u00e0 crise de fraude cont\u00e1bil<\/h2><\/a><div class=\"newsContent__article__meta\"><div class=\"newsContent__article__meta__authorBox\"><a href=\"https:\/\/www.suno.com.br\/noticias\/author\/arthur-guimaraes\/\" class=\"authorBox__avatar noMobi\"><img src=\"https:\/\/files.sunoresearch.com.br\/n\/uploads\/2020\/02\/dfb40897-eu-150x150.webp\" alt=\"Arthur Guimar\u00e3es\"><\/a><div class=\"authorBox__name\"><span>por\n\t\t\t<a href=\"https:\/\/www.suno.com.br\/noticias\/author\/arthur-guimaraes\/\"><span itemprop=\"author\">Arthur Guimar\u00e3es<\/span><\/a><\/span><time datetime=\"2020-06-19T15:09:43-03:00\" itemprop=\"datePublished\">19\/06\/2020 15:09<\/time><\/div><\/div><\/div><\/div><\/div>","single_layout":"posts","amp_enabled":true,"_links":{"self":[{"href":"https:\/\/www.suno.com.br\/noticias\/wp-json\/wp\/v2\/posts\/69676"}],"collection":[{"href":"https:\/\/www.suno.com.br\/noticias\/wp-json\/wp\/v2\/posts"}],"about":[{"href":"https:\/\/www.suno.com.br\/noticias\/wp-json\/wp\/v2\/types\/post"}],"author":[{"embeddable":true,"href":"https:\/\/www.suno.com.br\/noticias\/wp-json\/wp\/v2\/users\/35"}],"replies":[{"embeddable":true,"href":"https:\/\/www.suno.com.br\/noticias\/wp-json\/wp\/v2\/comments?post=69676"}],"version-history":[{"count":0,"href":"https:\/\/www.suno.com.br\/noticias\/wp-json\/wp\/v2\/posts\/69676\/revisions"}],"wp:featuredmedia":[{"embeddable":true,"href":"https:\/\/www.suno.com.br\/noticias\/wp-json\/wp\/v2\/media\/69681"}],"wp:attachment":[{"href":"https:\/\/www.suno.com.br\/noticias\/wp-json\/wp\/v2\/media?parent=69676"}],"wp:term":[{"taxonomy":"category","embeddable":true,"href":"https:\/\/www.suno.com.br\/noticias\/wp-json\/wp\/v2\/categories?post=69676"},{"taxonomy":"post_tag","embeddable":true,"href":"https:\/\/www.suno.com.br\/noticias\/wp-json\/wp\/v2\/tags?post=69676"},{"taxonomy":"suno_strategy","embeddable":true,"href":"https:\/\/www.suno.com.br\/noticias\/wp-json\/wp\/v2\/suno_strategy?post=69676"}],"curies":[{"name":"wp","href":"https:\/\/api.w.org\/{rel}","templated":true}]}}