{"id":69659,"date":"2020-06-19T12:51:19","date_gmt":"2020-06-19T15:51:19","guid":{"rendered":"https:\/\/www.suno.com.br\/noticias\/?p=69659"},"modified":"2020-06-19T12:51:19","modified_gmt":"2020-06-19T15:51:19","slug":"ray-dalio-bolsas-de-valores-decada-perdida","status":"publish","type":"post","link":"https:\/\/www.suno.com.br\/noticias\/ray-dalio-bolsas-de-valores-decada-perdida\/","title":{"rendered":"Ray Dalio: bolsas de valores podem ter &#8216;d\u00e9cada perdida&#8217;"},"content":{"rendered":"<p>Segundo <a href=\"https:\/\/www.suno.com.br\/tudo-sobre\/ray-dalio\/\"><strong>Ray Dalio<\/strong><\/a>, as bolsas de valores podem estar \u00e0 beira de uma &#8220;d\u00e9cada perdida&#8221; para os investidores. A declara\u00e7\u00e3o do fundador da Bridgewater Associates foi data em uma nota da empresa a seus clientes, na \u00faltima ter\u00e7a-feira (16).<\/p>\t<div class=\"wrapper-featured-image\">\n\t\t<figure class=\"spotlightImg\">\n\n\t\t\t<picture>\n\t\t\t\t<source media=\"(max-width: 768px)\" srcset=\"https:\/\/files.sunoresearch.com.br\/n\/uploads\/2020\/06\/1036a162-dalio-400x200.webp\">\n\t\t\t\t<img loading=\"lazy\" decoding=\"async\" class=\"newsContent__article__imgCapa lazyloadDisabled newsContent__article__imgCapa--noCaption\" src=\"https:\/\/files.sunoresearch.com.br\/n\/uploads\/2020\/06\/1036a162-dalio-800x450.webp\" width=\"800\" height=\"450\" alt=\"Ray Dalio: bolsas de valores podem ter &#8216;d\u00e9cada perdida&#8217;\" fetchpriority=high \/>\n\t\t\t<\/picture>\n\n\t\t\t<figcaption class=\"wp-caption-text wp-caption-text--hide\">Ray Dalio: fundos caixa<\/figcaption>\n\t\t<\/figure>\n\t<\/div>\n\n\n\n<p>Como reportou a ag\u00eancia &#8220;Bloomberg&#8221;, que teve acesso ao comunicado, Ray Dalio e sua esquipe ressaltaram que as margens das empresas, que fornecem grande parte dos retornos aos investidores, &#8220;podem enfrentar uma mudan\u00e7a que iria al\u00e9m da atual desacelera\u00e7\u00e3o c\u00edclica dos lucros&#8221;.<\/p>\n<p>A <strong>Bridgewater<\/strong> argumenta dizendo que isso ocorre devido \u00e0 &#8220;globaliza\u00e7\u00e3o, talvez o maior fator de lucratividade do mundo desenvolvido nas \u00faltimas d\u00e9cadas, ter atingido seu pico&#8221;.<\/p>\n<p><a href=\"https:\/\/lp.suno.com.br\/suno-one\/\">No Suno One voc\u00ea aprende a fazer seu dinheiro trabalhar para voc\u00ea. Cadastre-se gratuitamente agora!<\/a><\/p>\n<p>Segundo os analistas do <a href=\"https:\/\/www.suno.com.br\/artigos\/fundo-de-hedge\/#:~:text=O%20fundo%20de%20hedge%2C%20ou,limita%C3%A7%C3%B5es%20como%20nos%20outros%20fundos.\"><em>hedge fund<\/em><\/a>, a <strong>guerra comercial<\/strong> entre China e Estados Unidos, al\u00e9m dos impactos da pandemia do <a href=\"https:\/\/www.suno.com.br\/noticias\/?s=coronav%C3%ADrus\">novo <strong>coronav\u00edrus<\/strong> (Covid-19)<\/a> em escala global, est\u00e3o acelerando as iniciativas das multinacionais em resgatar e duplicar suas cadeias de suprimentos pr\u00f3ximos do seu local de origem, &#8220;com foco na confiabilidade e n\u00e3o apenas na otimiza\u00e7\u00e3o de custos&#8221;.<\/p>\n<p>Em determinado momento do comunicado, Dalio e sua equipe de analistas salietam que, mesmo que os lucros gerais se recuperem, \u201calgumas empresas morrer\u00e3o ou suas a\u00e7\u00f5es se desvalorizar\u00e3o ao longo do caminho\u201d. \u201cCom n\u00edveis mais baixos de lucros e escassez de caixa, as empresas provavelmente sair\u00e3o mais endividadas&#8221;, diz a empresa.<\/p>\n<p>A Bridgewater citou a <strong>Inter Corp.<\/strong> (<a href=\"https:\/\/www.suno.com.br\/artigos\/nasdaq\/\">NASDAQ<\/a>: INTC) e a <strong>Taiwan Semiconductor Manufacturing Co.<\/strong> (<a href=\"https:\/\/www.suno.com.br\/artigos\/nyse\/\">NYSE<\/a>: TSM) como dois exemplos de companhias que revelaram suas inten\u00e7\u00f5es de levantar instala\u00e7\u00f5es de produ\u00e7\u00e3o nos EUA, apesar dos maiores custos envolvidos.<\/p>\n<p>Segundo um levantamento da LCH Investments, a BridgeWater j\u00e1 faturou US$ 58,5 bilh\u00f5es (cerca de R$ 312,65 bilh\u00f5es) desde sua cria\u00e7\u00e3o, em 1975. Todavia, com a crise gerada pela pandemia, o fundo viu seus ativos sob cust\u00f3dia desvalorizarem 15% entre mar\u00e7o e abril.<\/p>\n<p><a href=\"https:\/\/www.suno.com.br\/noticias\/coronavirus-ray-dalio-entende-como-exagerado-o-impacto\/\">Saiba mais: Coronav\u00edrus: Ray Dalio entende como exagerado o impacto nos mercados<\/a><\/p>\n<p>A empresa de <strong>Ray Dalio<\/strong> viu o volume sob sua gest\u00e3o cair de US$ 163 bilh\u00f5es no final de fevereiro, para US$ 138 bilh\u00f5es no final de abril, segundo informa\u00e7\u00f5es da <a href=\"https:\/\/www.suno.com.br\/artigos\/sec\/#:~:text=A%20SEC%20(ou%20U.S.%20Securities,respons%C3%A1vel%20por%20proteger%20os%20investidores.&amp;text=Essa%20ag%C3%AAncia%20foi%20criada%20pelo,de%20valores%20mobili%C3%A1rios%20daquele%20pa%C3%ADs.\">U.S. Securities and Exchange Comission (SEC)<\/a>.<\/p>\n\n","protected":false},"excerpt":{"rendered":"<p>Segundo Ray Dalio, as bolsas de valores podem estar \u00e0 beira de uma &#8220;d\u00e9cada perdida&#8221; para os investidores. A declara\u00e7\u00e3o do fundador da Bridgewater Associates foi data em uma nota da empresa a seus clientes, na \u00faltima ter\u00e7a-feira (16). Ray Dalio: fundos caixa Como reportou a ag\u00eancia &#8220;Bloomberg&#8221;, que teve acesso ao comunicado, Ray Dalio [&hellip;]<\/p>\n","protected":false},"author":24,"featured_media":69661,"comment_status":"closed","ping_status":"closed","sticky":false,"template":"","format":"standard","meta":[],"categories":[60],"tags":[309,2576],"suno_strategy":[],"class_list":["post-69659","post","type-post","status-publish","format-standard","has-post-thumbnail","hentry","category-mercado","tag-bolsa-de-valores","tag-ray-dalio"],"yoast_head":"<!-- This site is optimized with the Yoast SEO plugin v24.4 - https:\/\/yoast.com\/wordpress\/plugins\/seo\/ -->\n<title>Ray Dalio: bolsas de valores podem ter &#039;d\u00e9cada perdida&#039;<\/title>\n<meta name=\"description\" content=\"Segundo Ray Dalio, as bolsas de valores podem estar \u00e0 beira de uma &quot;d\u00e9cada perdida&quot; para os investidores. Clique e saiba mais.\" \/>\n<meta name=\"robots\" content=\"index, follow, max-snippet:-1, max-image-preview:large, max-video-preview:-1\" \/>\n<link rel=\"canonical\" href=\"https:\/\/www.suno.com.br\/noticias\/ray-dalio-bolsas-de-valores-decada-perdida\/\" \/>\n<meta property=\"og:locale\" content=\"pt_BR\" \/>\n<meta property=\"og:type\" content=\"article\" \/>\n<meta property=\"og:title\" content=\"Ray Dalio: bolsas de valores podem ter &#039;d\u00e9cada perdida&#039;\" \/>\n<meta property=\"og:description\" content=\"Segundo Ray Dalio, as bolsas de valores podem estar \u00e0 beira de uma &quot;d\u00e9cada perdida&quot; para os investidores. Clique e saiba mais.\" \/>\n<meta property=\"og:url\" content=\"https:\/\/www.suno.com.br\/noticias\/ray-dalio-bolsas-de-valores-decada-perdida\/\" \/>\n<meta property=\"og:site_name\" content=\"Suno Not\u00edcias\" \/>\n<meta property=\"article:publisher\" content=\"https:\/\/facebook.com\/sunoresearch\" \/>\n<meta property=\"og:image\" content=\"https:\/\/files.sunoresearch.com.br\/n\/uploads\/2020\/06\/1036a162-dalio.jpg\" \/>\n\t<meta property=\"og:image:width\" content=\"1400\" \/>\n\t<meta property=\"og:image:height\" content=\"950\" \/>\n\t<meta property=\"og:image:type\" content=\"image\/jpeg\" \/>\n<meta name=\"author\" content=\"Jader Lazarini\" \/>\n<meta name=\"twitter:card\" content=\"summary_large_image\" \/>\n<meta name=\"twitter:creator\" content=\"@sunoresearch\" \/>\n<meta name=\"twitter:site\" content=\"@sunoresearch\" \/>\n<meta name=\"twitter:label1\" content=\"Escrito por\" \/>\n\t<meta name=\"twitter:data1\" content=\"Jader Lazarini\" \/>\n\t<meta name=\"twitter:label2\" content=\"Est. tempo de leitura\" \/>\n\t<meta name=\"twitter:data2\" content=\"2 minutos\" \/>\n<script type=\"application\/ld+json\" class=\"yoast-schema-graph\">{\"@context\":\"https:\/\/schema.org\",\"@graph\":[{\"@type\":\"NewsArticle\",\"@id\":\"https:\/\/www.suno.com.br\/noticias\/ray-dalio-bolsas-de-valores-decada-perdida\/#article\",\"isPartOf\":{\"@id\":\"https:\/\/www.suno.com.br\/noticias\/ray-dalio-bolsas-de-valores-decada-perdida\/\"},\"author\":{\"name\":\"Jader Lazarini\",\"@id\":\"https:\/\/www.suno.com.br\/noticias\/#\/schema\/person\/918d79de1f0281f01599b93f9ea6e23f\"},\"headline\":\"Ray Dalio: bolsas de valores podem ter &#8216;d\u00e9cada perdida&#8217;\",\"datePublished\":\"2020-06-19T15:51:19+00:00\",\"mainEntityOfPage\":{\"@id\":\"https:\/\/www.suno.com.br\/noticias\/ray-dalio-bolsas-de-valores-decada-perdida\/\"},\"wordCount\":403,\"publisher\":{\"@id\":\"https:\/\/www.suno.com.br\/noticias\/#organization\"},\"image\":{\"@id\":\"https:\/\/www.suno.com.br\/noticias\/ray-dalio-bolsas-de-valores-decada-perdida\/#primaryimage\"},\"thumbnailUrl\":\"https:\/\/files.sunoresearch.com.br\/n\/uploads\/2020\/06\/1036a162-dalio-jpg.webp\",\"keywords\":[\"Bolsa de Valores\",\"Ray Dalio\"],\"articleSection\":[\"Mercado\"],\"inLanguage\":\"pt-BR\"},{\"@type\":\"WebPage\",\"@id\":\"https:\/\/www.suno.com.br\/noticias\/ray-dalio-bolsas-de-valores-decada-perdida\/\",\"url\":\"https:\/\/www.suno.com.br\/noticias\/ray-dalio-bolsas-de-valores-decada-perdida\/\",\"name\":\"Ray Dalio: bolsas de valores podem ter 'd\u00e9cada perdida'\",\"isPartOf\":{\"@id\":\"https:\/\/www.suno.com.br\/noticias\/#website\"},\"primaryImageOfPage\":{\"@id\":\"https:\/\/www.suno.com.br\/noticias\/ray-dalio-bolsas-de-valores-decada-perdida\/#primaryimage\"},\"image\":{\"@id\":\"https:\/\/www.suno.com.br\/noticias\/ray-dalio-bolsas-de-valores-decada-perdida\/#primaryimage\"},\"thumbnailUrl\":\"https:\/\/files.sunoresearch.com.br\/n\/uploads\/2020\/06\/1036a162-dalio-jpg.webp\",\"datePublished\":\"2020-06-19T15:51:19+00:00\",\"description\":\"Segundo Ray Dalio, as bolsas de valores podem estar \u00e0 beira de uma \\\"d\u00e9cada perdida\\\" para os investidores. Clique e saiba mais.\",\"breadcrumb\":{\"@id\":\"https:\/\/www.suno.com.br\/noticias\/ray-dalio-bolsas-de-valores-decada-perdida\/#breadcrumb\"},\"inLanguage\":\"pt-BR\",\"potentialAction\":[{\"@type\":\"ReadAction\",\"target\":[\"https:\/\/www.suno.com.br\/noticias\/ray-dalio-bolsas-de-valores-decada-perdida\/\"]}]},{\"@type\":\"ImageObject\",\"inLanguage\":\"pt-BR\",\"@id\":\"https:\/\/www.suno.com.br\/noticias\/ray-dalio-bolsas-de-valores-decada-perdida\/#primaryimage\",\"url\":\"https:\/\/files.sunoresearch.com.br\/n\/uploads\/2020\/06\/1036a162-dalio-jpg.webp\",\"contentUrl\":\"https:\/\/files.sunoresearch.com.br\/n\/uploads\/2020\/06\/1036a162-dalio-jpg.webp\",\"width\":1400,\"height\":950,\"caption\":\"Ray Dalio: fundos caixa\"},{\"@type\":\"BreadcrumbList\",\"@id\":\"https:\/\/www.suno.com.br\/noticias\/ray-dalio-bolsas-de-valores-decada-perdida\/#breadcrumb\",\"itemListElement\":[{\"@type\":\"ListItem\",\"position\":1,\"name\":\"Not\u00edcias\",\"item\":\"https:\/\/www.suno.com.br\/noticias\/\"},{\"@type\":\"ListItem\",\"position\":2,\"name\":\"Mercado\",\"item\":\"https:\/\/www.suno.com.br\/noticias\/mercado\/\"},{\"@type\":\"ListItem\",\"position\":3,\"name\":\"Ray Dalio: bolsas de valores podem ter &#8216;d\u00e9cada perdida&#8217;\"}]},{\"@type\":\"WebSite\",\"@id\":\"https:\/\/www.suno.com.br\/noticias\/#website\",\"url\":\"https:\/\/www.suno.com.br\/noticias\/\",\"name\":\"Suno Not\u00edcias\",\"description\":\"Seu portal de informa\u00e7\u00e3o sobre o mundo dos investimentos\",\"publisher\":{\"@id\":\"https:\/\/www.suno.com.br\/noticias\/#organization\"},\"potentialAction\":[{\"@type\":\"SearchAction\",\"target\":{\"@type\":\"EntryPoint\",\"urlTemplate\":\"https:\/\/www.suno.com.br\/noticias\/?s={search_term_string}\"},\"query-input\":{\"@type\":\"PropertyValueSpecification\",\"valueRequired\":true,\"valueName\":\"search_term_string\"}}],\"inLanguage\":\"pt-BR\"},{\"@type\":\"Organization\",\"@id\":\"https:\/\/www.suno.com.br\/noticias\/#organization\",\"name\":\"Suno Not\u00edcias\",\"url\":\"https:\/\/www.suno.com.br\/noticias\/\",\"logo\":{\"@type\":\"ImageObject\",\"inLanguage\":\"pt-BR\",\"@id\":\"https:\/\/www.suno.com.br\/noticias\/#\/schema\/logo\/image\/\",\"url\":\"https:\/\/files.sunoresearch.com.br\/n\/uploads\/2021\/09\/suno-logo.png\",\"contentUrl\":\"https:\/\/files.sunoresearch.com.br\/n\/uploads\/2021\/09\/suno-logo.png\",\"width\":180,\"height\":180,\"caption\":\"Suno Not\u00edcias\"},\"image\":{\"@id\":\"https:\/\/www.suno.com.br\/noticias\/#\/schema\/logo\/image\/\"},\"sameAs\":[\"https:\/\/facebook.com\/sunoresearch\",\"https:\/\/x.com\/sunoresearch\",\"https:\/\/www.instagram.com\/suno\",\"https:\/\/www.linkedin.com\/company\/suno-research\/\",\"https:\/\/www.youtube.com\/c\/sunoresearch\"]},{\"@type\":\"Person\",\"@id\":\"https:\/\/www.suno.com.br\/noticias\/#\/schema\/person\/918d79de1f0281f01599b93f9ea6e23f\",\"name\":\"Jader Lazarini\",\"image\":{\"@type\":\"ImageObject\",\"inLanguage\":\"pt-BR\",\"@id\":\"https:\/\/www.suno.com.br\/noticias\/#\/schema\/person\/image\/\",\"url\":\"https:\/\/secure.gravatar.com\/avatar\/3c1ad8caa51589841baeb923fcddea97?s=96&r=g\",\"contentUrl\":\"https:\/\/secure.gravatar.com\/avatar\/3c1ad8caa51589841baeb923fcddea97?s=96&r=g\",\"caption\":\"Jader Lazarini\"},\"description\":\"Jader Lazarini escreve sobre investimentos, finan\u00e7as, economia e neg\u00f3cios. \u00c9 bacharel em Rela\u00e7\u00f5es Internacionais e analista CNPI (2619).\",\"url\":\"https:\/\/www.suno.com.br\/noticias\/author\/jader-lazarini\/\"}]}<\/script>\n<!-- \/ Yoast SEO plugin. -->","yoast_head_json":{"title":"Ray Dalio: bolsas de valores podem ter 'd\u00e9cada perdida'","description":"Segundo Ray Dalio, as bolsas de valores podem estar \u00e0 beira de uma \"d\u00e9cada perdida\" para os investidores. Clique e saiba mais.","robots":{"index":"index","follow":"follow","max-snippet":"max-snippet:-1","max-image-preview":"max-image-preview:large","max-video-preview":"max-video-preview:-1"},"canonical":"https:\/\/www.suno.com.br\/noticias\/ray-dalio-bolsas-de-valores-decada-perdida\/","og_locale":"pt_BR","og_type":"article","og_title":"Ray Dalio: bolsas de valores podem ter 'd\u00e9cada perdida'","og_description":"Segundo Ray Dalio, as bolsas de valores podem estar \u00e0 beira de uma \"d\u00e9cada perdida\" para os investidores. Clique e saiba mais.","og_url":"https:\/\/www.suno.com.br\/noticias\/ray-dalio-bolsas-de-valores-decada-perdida\/","og_site_name":"Suno Not\u00edcias","article_publisher":"https:\/\/facebook.com\/sunoresearch","og_image":[{"width":1400,"height":950,"url":"https:\/\/files.sunoresearch.com.br\/n\/uploads\/2020\/06\/1036a162-dalio.jpg","type":"image\/jpeg"}],"author":"Jader Lazarini","twitter_card":"summary_large_image","twitter_creator":"@sunoresearch","twitter_site":"@sunoresearch","twitter_misc":{"Escrito por":"Jader Lazarini","Est. tempo de leitura":"2 minutos"},"schema":{"@context":"https:\/\/schema.org","@graph":[{"@type":"NewsArticle","@id":"https:\/\/www.suno.com.br\/noticias\/ray-dalio-bolsas-de-valores-decada-perdida\/#article","isPartOf":{"@id":"https:\/\/www.suno.com.br\/noticias\/ray-dalio-bolsas-de-valores-decada-perdida\/"},"author":{"name":"Jader Lazarini","@id":"https:\/\/www.suno.com.br\/noticias\/#\/schema\/person\/918d79de1f0281f01599b93f9ea6e23f"},"headline":"Ray Dalio: bolsas de valores podem ter &#8216;d\u00e9cada perdida&#8217;","datePublished":"2020-06-19T15:51:19+00:00","mainEntityOfPage":{"@id":"https:\/\/www.suno.com.br\/noticias\/ray-dalio-bolsas-de-valores-decada-perdida\/"},"wordCount":403,"publisher":{"@id":"https:\/\/www.suno.com.br\/noticias\/#organization"},"image":{"@id":"https:\/\/www.suno.com.br\/noticias\/ray-dalio-bolsas-de-valores-decada-perdida\/#primaryimage"},"thumbnailUrl":"https:\/\/files.sunoresearch.com.br\/n\/uploads\/2020\/06\/1036a162-dalio-jpg.webp","keywords":["Bolsa de Valores","Ray Dalio"],"articleSection":["Mercado"],"inLanguage":"pt-BR"},{"@type":"WebPage","@id":"https:\/\/www.suno.com.br\/noticias\/ray-dalio-bolsas-de-valores-decada-perdida\/","url":"https:\/\/www.suno.com.br\/noticias\/ray-dalio-bolsas-de-valores-decada-perdida\/","name":"Ray Dalio: bolsas de valores podem ter 'd\u00e9cada perdida'","isPartOf":{"@id":"https:\/\/www.suno.com.br\/noticias\/#website"},"primaryImageOfPage":{"@id":"https:\/\/www.suno.com.br\/noticias\/ray-dalio-bolsas-de-valores-decada-perdida\/#primaryimage"},"image":{"@id":"https:\/\/www.suno.com.br\/noticias\/ray-dalio-bolsas-de-valores-decada-perdida\/#primaryimage"},"thumbnailUrl":"https:\/\/files.sunoresearch.com.br\/n\/uploads\/2020\/06\/1036a162-dalio-jpg.webp","datePublished":"2020-06-19T15:51:19+00:00","description":"Segundo Ray Dalio, as bolsas de valores podem estar \u00e0 beira de uma \"d\u00e9cada perdida\" para os investidores. Clique e saiba mais.","breadcrumb":{"@id":"https:\/\/www.suno.com.br\/noticias\/ray-dalio-bolsas-de-valores-decada-perdida\/#breadcrumb"},"inLanguage":"pt-BR","potentialAction":[{"@type":"ReadAction","target":["https:\/\/www.suno.com.br\/noticias\/ray-dalio-bolsas-de-valores-decada-perdida\/"]}]},{"@type":"ImageObject","inLanguage":"pt-BR","@id":"https:\/\/www.suno.com.br\/noticias\/ray-dalio-bolsas-de-valores-decada-perdida\/#primaryimage","url":"https:\/\/files.sunoresearch.com.br\/n\/uploads\/2020\/06\/1036a162-dalio-jpg.webp","contentUrl":"https:\/\/files.sunoresearch.com.br\/n\/uploads\/2020\/06\/1036a162-dalio-jpg.webp","width":1400,"height":950,"caption":"Ray Dalio: fundos caixa"},{"@type":"BreadcrumbList","@id":"https:\/\/www.suno.com.br\/noticias\/ray-dalio-bolsas-de-valores-decada-perdida\/#breadcrumb","itemListElement":[{"@type":"ListItem","position":1,"name":"Not\u00edcias","item":"https:\/\/www.suno.com.br\/noticias\/"},{"@type":"ListItem","position":2,"name":"Mercado","item":"https:\/\/www.suno.com.br\/noticias\/mercado\/"},{"@type":"ListItem","position":3,"name":"Ray Dalio: bolsas de valores podem ter &#8216;d\u00e9cada perdida&#8217;"}]},{"@type":"WebSite","@id":"https:\/\/www.suno.com.br\/noticias\/#website","url":"https:\/\/www.suno.com.br\/noticias\/","name":"Suno Not\u00edcias","description":"Seu portal de informa\u00e7\u00e3o sobre o mundo dos investimentos","publisher":{"@id":"https:\/\/www.suno.com.br\/noticias\/#organization"},"potentialAction":[{"@type":"SearchAction","target":{"@type":"EntryPoint","urlTemplate":"https:\/\/www.suno.com.br\/noticias\/?s={search_term_string}"},"query-input":{"@type":"PropertyValueSpecification","valueRequired":true,"valueName":"search_term_string"}}],"inLanguage":"pt-BR"},{"@type":"Organization","@id":"https:\/\/www.suno.com.br\/noticias\/#organization","name":"Suno Not\u00edcias","url":"https:\/\/www.suno.com.br\/noticias\/","logo":{"@type":"ImageObject","inLanguage":"pt-BR","@id":"https:\/\/www.suno.com.br\/noticias\/#\/schema\/logo\/image\/","url":"https:\/\/files.sunoresearch.com.br\/n\/uploads\/2021\/09\/suno-logo.png","contentUrl":"https:\/\/files.sunoresearch.com.br\/n\/uploads\/2021\/09\/suno-logo.png","width":180,"height":180,"caption":"Suno Not\u00edcias"},"image":{"@id":"https:\/\/www.suno.com.br\/noticias\/#\/schema\/logo\/image\/"},"sameAs":["https:\/\/facebook.com\/sunoresearch","https:\/\/x.com\/sunoresearch","https:\/\/www.instagram.com\/suno","https:\/\/www.linkedin.com\/company\/suno-research\/","https:\/\/www.youtube.com\/c\/sunoresearch"]},{"@type":"Person","@id":"https:\/\/www.suno.com.br\/noticias\/#\/schema\/person\/918d79de1f0281f01599b93f9ea6e23f","name":"Jader Lazarini","image":{"@type":"ImageObject","inLanguage":"pt-BR","@id":"https:\/\/www.suno.com.br\/noticias\/#\/schema\/person\/image\/","url":"https:\/\/secure.gravatar.com\/avatar\/3c1ad8caa51589841baeb923fcddea97?s=96&r=g","contentUrl":"https:\/\/secure.gravatar.com\/avatar\/3c1ad8caa51589841baeb923fcddea97?s=96&r=g","caption":"Jader Lazarini"},"description":"Jader Lazarini escreve sobre investimentos, finan\u00e7as, economia e neg\u00f3cios. \u00c9 bacharel em Rela\u00e7\u00f5es Internacionais e analista CNPI (2619).","url":"https:\/\/www.suno.com.br\/noticias\/author\/jader-lazarini\/"}]}},"default_loop_html":"<div class=\"cardsPage__listCard__boxs\"><div class=\"cardsPage__listCard__boxs__img\"><a href=\"https:\/\/www.suno.com.br\/noticias\/ray-dalio-bolsas-de-valores-decada-perdida\/\"><img class=\"mask\" src=\"https:\/\/www.suno.com.br\/noticias\/wp-content\/themes\/suno\/resources\/images\/spotlight\/spotlight1img\/bg-mask.png\" alt=\"Image Mask\"\/><img src=\"https:\/\/files.sunoresearch.com.br\/n\/uploads\/2020\/06\/1036a162-dalio-400x200.webp\" alt=\"Ray Dalio: bolsas de valores podem ter &#8216;d\u00e9cada perdida&#8217;\"\/><\/a><span class=\"spotlightCategory\"><a href=\"https:\/\/www.suno.com.br\/noticias\/mercado\/\">Mercado<\/a><\/span><\/div><div class=\"cardsPage__listCard__boxs__content\"><a href=\"https:\/\/www.suno.com.br\/noticias\/ray-dalio-bolsas-de-valores-decada-perdida\/\"><h2 class=\"content__title\">Ray Dalio: bolsas de valores podem ter &#8216;d\u00e9cada perdida&#8217;<\/h2><\/a><div class=\"newsContent__article__meta\"><div class=\"newsContent__article__meta__authorBox\"><a href=\"https:\/\/www.suno.com.br\/noticias\/author\/jader-lazarini\/\" class=\"authorBox__avatar noMobi\"><img src=\"https:\/\/files.sunoresearch.com.br\/n\/uploads\/2021\/01\/178e6598-foto-perfil-2-150x150.jpg\" alt=\"Jader Lazarini\"><\/a><div class=\"authorBox__name\"><span>por\n\t\t\t<a href=\"https:\/\/www.suno.com.br\/noticias\/author\/jader-lazarini\/\"><span itemprop=\"author\">Jader Lazarini<\/span><\/a><\/span><time datetime=\"2020-06-19T12:51:19-03:00\" itemprop=\"datePublished\">19\/06\/2020 12:51<\/time><\/div><\/div><\/div><\/div><\/div>","single_layout":"posts","amp_enabled":true,"_links":{"self":[{"href":"https:\/\/www.suno.com.br\/noticias\/wp-json\/wp\/v2\/posts\/69659"}],"collection":[{"href":"https:\/\/www.suno.com.br\/noticias\/wp-json\/wp\/v2\/posts"}],"about":[{"href":"https:\/\/www.suno.com.br\/noticias\/wp-json\/wp\/v2\/types\/post"}],"author":[{"embeddable":true,"href":"https:\/\/www.suno.com.br\/noticias\/wp-json\/wp\/v2\/users\/24"}],"replies":[{"embeddable":true,"href":"https:\/\/www.suno.com.br\/noticias\/wp-json\/wp\/v2\/comments?post=69659"}],"version-history":[{"count":0,"href":"https:\/\/www.suno.com.br\/noticias\/wp-json\/wp\/v2\/posts\/69659\/revisions"}],"wp:featuredmedia":[{"embeddable":true,"href":"https:\/\/www.suno.com.br\/noticias\/wp-json\/wp\/v2\/media\/69661"}],"wp:attachment":[{"href":"https:\/\/www.suno.com.br\/noticias\/wp-json\/wp\/v2\/media?parent=69659"}],"wp:term":[{"taxonomy":"category","embeddable":true,"href":"https:\/\/www.suno.com.br\/noticias\/wp-json\/wp\/v2\/categories?post=69659"},{"taxonomy":"post_tag","embeddable":true,"href":"https:\/\/www.suno.com.br\/noticias\/wp-json\/wp\/v2\/tags?post=69659"},{"taxonomy":"suno_strategy","embeddable":true,"href":"https:\/\/www.suno.com.br\/noticias\/wp-json\/wp\/v2\/suno_strategy?post=69659"}],"curies":[{"name":"wp","href":"https:\/\/api.w.org\/{rel}","templated":true}]}}