{"id":69545,"date":"2020-06-18T19:32:19","date_gmt":"2020-06-18T22:32:19","guid":{"rendered":"https:\/\/www.suno.com.br\/noticias\/?p=69545"},"modified":"2021-02-17T22:32:18","modified_gmt":"2021-02-18T01:32:18","slug":"coronavoucher-prazo-solicitacao-2-julho","status":"publish","type":"post","link":"https:\/\/www.suno.com.br\/noticias\/coronavoucher-prazo-solicitacao-2-julho\/","title":{"rendered":"Coronavoucher: prazo para solicita\u00e7\u00e3o \u00e9 at\u00e9 2 de julho"},"content":{"rendered":"<p>O Presidente da Caixa Econ\u00f4mica Federal, <a href=\"https:\/\/www.suno.com.br\/tudo-sobre\/pedro-guimaraes\/\">Pedro Guimar\u00e3es<\/a>, e o Minist\u00e9rio da Cidadania reafirmaram nessa quinta-feira (18) que o prazo para solicitar o <strong>coronavoucher<\/strong>, como ficou conhecido o <a href=\"https:\/\/www.suno.com.br\/noticias\/tags\/coronavoucher\/\">aux\u00edlio emergencial \u00e0 trabalhadores informais<\/a>, termina no dia 2 de julho. Os trabalhadores que n\u00e3o pediram o benef\u00edcio ainda, t\u00eam mais duas semanas para solicit\u00e1-lo atrav\u00e9s do site ou do aplicativo da Caixa.<\/p>\t<div class=\"wrapper-featured-image\">\n\t\t<figure class=\"spotlightImg\">\n\n\t\t\t<picture>\n\t\t\t\t<source media=\"(max-width: 768px)\" srcset=\"https:\/\/files.sunoresearch.com.br\/n\/uploads\/2020\/05\/2d0f3d24-coronavoucher-400x200.webp\">\n\t\t\t\t<img loading=\"lazy\" decoding=\"async\" class=\"newsContent__article__imgCapa lazyloadDisabled newsContent__article__imgCapa--noCaption\" src=\"https:\/\/files.sunoresearch.com.br\/n\/uploads\/2020\/05\/2d0f3d24-coronavoucher-800x450.webp\" width=\"800\" height=\"450\" alt=\"Coronavoucher: prazo para solicita\u00e7\u00e3o \u00e9 at\u00e9 2 de julho\" fetchpriority=high \/>\n\t\t\t<\/picture>\n\n\t\t\t<figcaption class=\"wp-caption-text wp-caption-text--hide\">Inicialmente, o coronavoucher ser\u00e1 pago por meio de poupan\u00e7a social digital<\/figcaption>\n\t\t<\/figure>\n\t<\/div>\n\n\n\n<p>Como a lei foi promulgada no dia 3 de abril, o per\u00edodo para solicita\u00e7\u00e3o do coronavoucher, ao todo, ser\u00e1 composto por 90 dias. A\u00a0<strong>Caixa<\/strong> ainda destacou que, at\u00e9 agora, cerca de 107 milh\u00f5es de brasileiros j\u00e1 solicitaram o <strong>aux\u00edlio emergencial<\/strong>.<\/p>\n<p>Entretanto, do total de pedidos, aproximadamente, 64 milh\u00f5es foram aprovados, enquanto 1,2 est\u00e3o sendo reanalisados pela Dataprev.<\/p>\n<p><a href=\"https:\/\/lp.suno.com.br\/suno-one\/\">Conhe\u00e7a o Suno One, a central gratuita de informa\u00e7\u00f5es da Suno para quem quer aprender a investir. Acesse clicando aqui.<\/a><\/p>\n<h2>Quem pode solicitar o coronavoucher?<\/h2>\n<p>Confira quais os requisitos para receber o aux\u00edlio emergencial:<\/p>\n<ul>\n<li>Ter mais de 18 anos;<\/li>\n<li>N\u00e3o receber outros benef\u00edcios previdenci\u00e1rios, assistenciais, seguro-desemprego ou de outro programa do governo federal \u2014 exceto o <strong>Bolsa Fam\u00edlia<\/strong>;<\/li>\n<li>N\u00e3o ter emprego formal, podendo ser aut\u00f4nomo ou <a href=\"https:\/\/www.suno.com.br\/noticias\/mei-microempreendedor-individual\/\">microempreendedor individual (MEI)<\/a>;<\/li>\n<li>Ter renda familiar total de no m\u00e1ximo tr\u00eas sal\u00e1rios m\u00ednimos (R$ 3.135) ou renda mensal familiar per capita de at\u00e9 meio sal\u00e1rio m\u00ednimo (R$ 522,50);<\/li>\n<li>N\u00e3o ter recebido rendimentos tribut\u00e1veis acima de R$ 28.559,70 em 2018.<\/li>\n<\/ul>\n<p>Al\u00e9m disso, as mulheres que possuem empregos informais e que s\u00e3o chefes de fam\u00edlia t\u00eam direito a duas cotas do benef\u00edcio, totalizando R$ 1.200.<\/p>\n<h2>Guedes confirma extens\u00e3o do aux\u00edlio emergencial<\/h2>\n<p>O ministro da Economia, <a href=\"https:\/\/www.suno.com.br\/tudo-sobre\/paulo-guedes\/\">Paulo Guedes<\/a>, confirmou, na manh\u00e3 da \u00faltima ter\u00e7a-feira (9), que o\u00a0aux\u00edlio emergencial em fun\u00e7\u00e3o da <a href=\"https:\/\/www.suno.com.br\/noticias\/?s=coronavirus\">pandemia do novo coronav\u00edrus (Covid-19)<\/a>, ser\u00e1 prorrogado. Embora os valores n\u00e3o tenham sido esclarecidos, o ministro adiantou que a extens\u00e3o ser\u00e1 de dois meses.<\/p>\n<p><a class=\"LinkSuggestion__Link-sc-1mdih4x-2 jZPuuT\" href=\"https:\/\/www.suno.com.br\/noticias\/coronavoucher-calendario-saques-do-3-lote-1-parcela\/\" target=\"_blank\" rel=\"noopener noreferrer\">Veja tamb\u00e9m: Coronavoucher: confira o calend\u00e1rio de saques do 3\u00b0 lote da 1\u00b0 parcela<\/a><\/p>\n<p>&#8220;O presidente j\u00e1 lan\u00e7ou e comunicou isso: que, por dois meses, n\u00f3s vamos estender o aux\u00edlio emergencial&#8221;, afirmou Guedes durante reuni\u00e3o ministerial coordenada pelo presidente <a href=\"https:\/\/www.suno.com.br\/noticias\/tags\/bolsonaro\/\">Jair Bolsonaro<\/a>. Na mesma data, o mandat\u00e1rio havia dito que a equipe econ\u00f4mica estava estudando o assunto, <a href=\"https:\/\/www.suno.com.br\/noticias\/coronavoucher-bolsonaro-auxilio-deve-ser-estendido\/\">mas que o <strong>coronavoucher<\/strong> &#8220;tem limite&#8221;<\/a>.<\/p>\n\n","protected":false},"excerpt":{"rendered":"<p>O Presidente da Caixa Econ\u00f4mica Federal, Pedro Guimar\u00e3es, e o Minist\u00e9rio da Cidadania reafirmaram nessa quinta-feira (18) que o prazo para solicitar o coronavoucher, como ficou conhecido o aux\u00edlio emergencial \u00e0 trabalhadores informais, termina no dia 2 de julho. Os trabalhadores que n\u00e3o pediram o benef\u00edcio ainda, t\u00eam mais duas semanas para solicit\u00e1-lo atrav\u00e9s do [&hellip;]<\/p>\n","protected":false},"author":39,"featured_media":66288,"comment_status":"closed","ping_status":"closed","sticky":false,"template":"","format":"standard","meta":[],"categories":[65],"tags":[17139,1199,2487,12737,5255,5382],"suno_strategy":[],"class_list":["post-69545","post","type-post","status-publish","format-standard","has-post-thumbnail","hentry","category-financas-pessoais","tag-auxilio-emergencial","tag-caixa-economica-federal-cef","tag-coronavirus","tag-coronavoucher","tag-covid-19","tag-pedro-guimaraes"],"yoast_head":"<!-- This site is optimized with the Yoast SEO plugin v24.4 - https:\/\/yoast.com\/wordpress\/plugins\/seo\/ -->\n<title>Coronavoucher: prazo para solicita\u00e7\u00e3o \u00e9 at\u00e9 2 de julho<\/title>\n<meta name=\"description\" content=\"O prazo para solicitar o coronavoucher termina no dia 2 de julho, ou seja, 90 dias ap\u00f3s a promulga\u00e7\u00e3o da lei. Clique aqui para saber mais.\" \/>\n<meta name=\"robots\" content=\"index, follow, max-snippet:-1, max-image-preview:large, max-video-preview:-1\" \/>\n<link rel=\"canonical\" href=\"https:\/\/www.suno.com.br\/noticias\/coronavoucher-prazo-solicitacao-2-julho\/\" \/>\n<meta property=\"og:locale\" content=\"pt_BR\" \/>\n<meta property=\"og:type\" content=\"article\" \/>\n<meta property=\"og:title\" content=\"Coronavoucher: prazo para solicita\u00e7\u00e3o \u00e9 at\u00e9 2 de julho\" \/>\n<meta property=\"og:description\" content=\"O prazo para solicitar o coronavoucher termina no dia 2 de julho, ou seja, 90 dias ap\u00f3s a promulga\u00e7\u00e3o da lei. Clique aqui para saber mais.\" \/>\n<meta property=\"og:url\" content=\"https:\/\/www.suno.com.br\/noticias\/coronavoucher-prazo-solicitacao-2-julho\/\" \/>\n<meta property=\"og:site_name\" content=\"Suno Not\u00edcias\" \/>\n<meta property=\"article:publisher\" content=\"https:\/\/facebook.com\/sunoresearch\" \/>\n<meta property=\"og:image\" content=\"https:\/\/files.sunoresearch.com.br\/n\/uploads\/2020\/05\/2d0f3d24-coronavoucher.jpg\" \/>\n\t<meta property=\"og:image:width\" content=\"1200\" \/>\n\t<meta property=\"og:image:height\" content=\"675\" \/>\n\t<meta property=\"og:image:type\" content=\"image\/jpeg\" \/>\n<meta name=\"author\" content=\"Laura Moutinho\" \/>\n<meta name=\"twitter:card\" content=\"summary_large_image\" \/>\n<meta name=\"twitter:creator\" content=\"@sunoresearch\" \/>\n<meta name=\"twitter:site\" content=\"@sunoresearch\" \/>\n<meta name=\"twitter:label1\" content=\"Escrito por\" \/>\n\t<meta name=\"twitter:data1\" content=\"Laura Moutinho\" \/>\n\t<meta name=\"twitter:label2\" content=\"Est. tempo de leitura\" \/>\n\t<meta name=\"twitter:data2\" content=\"2 minutos\" \/>\n<script type=\"application\/ld+json\" class=\"yoast-schema-graph\">{\"@context\":\"https:\/\/schema.org\",\"@graph\":[{\"@type\":\"NewsArticle\",\"@id\":\"https:\/\/www.suno.com.br\/noticias\/coronavoucher-prazo-solicitacao-2-julho\/#article\",\"isPartOf\":{\"@id\":\"https:\/\/www.suno.com.br\/noticias\/coronavoucher-prazo-solicitacao-2-julho\/\"},\"author\":{\"name\":\"Laura Moutinho\",\"@id\":\"https:\/\/www.suno.com.br\/noticias\/#\/schema\/person\/3df0d2808748b74496efe5dbeaef2c72\"},\"headline\":\"Coronavoucher: prazo para solicita\u00e7\u00e3o \u00e9 at\u00e9 2 de julho\",\"datePublished\":\"2020-06-18T22:32:19+00:00\",\"dateModified\":\"2021-02-18T01:32:18+00:00\",\"mainEntityOfPage\":{\"@id\":\"https:\/\/www.suno.com.br\/noticias\/coronavoucher-prazo-solicitacao-2-julho\/\"},\"wordCount\":411,\"publisher\":{\"@id\":\"https:\/\/www.suno.com.br\/noticias\/#organization\"},\"image\":{\"@id\":\"https:\/\/www.suno.com.br\/noticias\/coronavoucher-prazo-solicitacao-2-julho\/#primaryimage\"},\"thumbnailUrl\":\"https:\/\/files.sunoresearch.com.br\/n\/uploads\/2020\/05\/2d0f3d24-coronavoucher-jpg.webp\",\"keywords\":[\"aux\u00edlio emergencial\",\"Caixa Econ\u00f4mica Federal (CEF)\",\"coronav\u00edrus\",\"coronavoucher\",\"covid-19\",\"Pedro Guimar\u00e3es\"],\"articleSection\":[\"Finan\u00e7as Pessoais\"],\"inLanguage\":\"pt-BR\"},{\"@type\":\"WebPage\",\"@id\":\"https:\/\/www.suno.com.br\/noticias\/coronavoucher-prazo-solicitacao-2-julho\/\",\"url\":\"https:\/\/www.suno.com.br\/noticias\/coronavoucher-prazo-solicitacao-2-julho\/\",\"name\":\"Coronavoucher: prazo para solicita\u00e7\u00e3o \u00e9 at\u00e9 2 de julho\",\"isPartOf\":{\"@id\":\"https:\/\/www.suno.com.br\/noticias\/#website\"},\"primaryImageOfPage\":{\"@id\":\"https:\/\/www.suno.com.br\/noticias\/coronavoucher-prazo-solicitacao-2-julho\/#primaryimage\"},\"image\":{\"@id\":\"https:\/\/www.suno.com.br\/noticias\/coronavoucher-prazo-solicitacao-2-julho\/#primaryimage\"},\"thumbnailUrl\":\"https:\/\/files.sunoresearch.com.br\/n\/uploads\/2020\/05\/2d0f3d24-coronavoucher-jpg.webp\",\"datePublished\":\"2020-06-18T22:32:19+00:00\",\"dateModified\":\"2021-02-18T01:32:18+00:00\",\"description\":\"O prazo para solicitar o coronavoucher termina no dia 2 de julho, ou seja, 90 dias ap\u00f3s a promulga\u00e7\u00e3o da lei. Clique aqui para saber mais.\",\"breadcrumb\":{\"@id\":\"https:\/\/www.suno.com.br\/noticias\/coronavoucher-prazo-solicitacao-2-julho\/#breadcrumb\"},\"inLanguage\":\"pt-BR\",\"potentialAction\":[{\"@type\":\"ReadAction\",\"target\":[\"https:\/\/www.suno.com.br\/noticias\/coronavoucher-prazo-solicitacao-2-julho\/\"]}]},{\"@type\":\"ImageObject\",\"inLanguage\":\"pt-BR\",\"@id\":\"https:\/\/www.suno.com.br\/noticias\/coronavoucher-prazo-solicitacao-2-julho\/#primaryimage\",\"url\":\"https:\/\/files.sunoresearch.com.br\/n\/uploads\/2020\/05\/2d0f3d24-coronavoucher-jpg.webp\",\"contentUrl\":\"https:\/\/files.sunoresearch.com.br\/n\/uploads\/2020\/05\/2d0f3d24-coronavoucher-jpg.webp\",\"width\":1200,\"height\":675,\"caption\":\"Inicialmente, o coronavoucher ser\u00e1 pago por meio de poupan\u00e7a social digital\"},{\"@type\":\"BreadcrumbList\",\"@id\":\"https:\/\/www.suno.com.br\/noticias\/coronavoucher-prazo-solicitacao-2-julho\/#breadcrumb\",\"itemListElement\":[{\"@type\":\"ListItem\",\"position\":1,\"name\":\"Not\u00edcias\",\"item\":\"https:\/\/www.suno.com.br\/noticias\/\"},{\"@type\":\"ListItem\",\"position\":2,\"name\":\"Finan\u00e7as Pessoais\",\"item\":\"https:\/\/www.suno.com.br\/noticias\/financas-pessoais\/\"},{\"@type\":\"ListItem\",\"position\":3,\"name\":\"Coronavoucher: prazo para solicita\u00e7\u00e3o \u00e9 at\u00e9 2 de julho\"}]},{\"@type\":\"WebSite\",\"@id\":\"https:\/\/www.suno.com.br\/noticias\/#website\",\"url\":\"https:\/\/www.suno.com.br\/noticias\/\",\"name\":\"Suno Not\u00edcias\",\"description\":\"Seu portal de informa\u00e7\u00e3o sobre o mundo dos investimentos\",\"publisher\":{\"@id\":\"https:\/\/www.suno.com.br\/noticias\/#organization\"},\"potentialAction\":[{\"@type\":\"SearchAction\",\"target\":{\"@type\":\"EntryPoint\",\"urlTemplate\":\"https:\/\/www.suno.com.br\/noticias\/?s={search_term_string}\"},\"query-input\":{\"@type\":\"PropertyValueSpecification\",\"valueRequired\":true,\"valueName\":\"search_term_string\"}}],\"inLanguage\":\"pt-BR\"},{\"@type\":\"Organization\",\"@id\":\"https:\/\/www.suno.com.br\/noticias\/#organization\",\"name\":\"Suno Not\u00edcias\",\"url\":\"https:\/\/www.suno.com.br\/noticias\/\",\"logo\":{\"@type\":\"ImageObject\",\"inLanguage\":\"pt-BR\",\"@id\":\"https:\/\/www.suno.com.br\/noticias\/#\/schema\/logo\/image\/\",\"url\":\"https:\/\/files.sunoresearch.com.br\/n\/uploads\/2021\/09\/suno-logo.png\",\"contentUrl\":\"https:\/\/files.sunoresearch.com.br\/n\/uploads\/2021\/09\/suno-logo.png\",\"width\":180,\"height\":180,\"caption\":\"Suno Not\u00edcias\"},\"image\":{\"@id\":\"https:\/\/www.suno.com.br\/noticias\/#\/schema\/logo\/image\/\"},\"sameAs\":[\"https:\/\/facebook.com\/sunoresearch\",\"https:\/\/x.com\/sunoresearch\",\"https:\/\/www.instagram.com\/suno\",\"https:\/\/www.linkedin.com\/company\/suno-research\/\",\"https:\/\/www.youtube.com\/c\/sunoresearch\"]},{\"@type\":\"Person\",\"@id\":\"https:\/\/www.suno.com.br\/noticias\/#\/schema\/person\/3df0d2808748b74496efe5dbeaef2c72\",\"name\":\"Laura Moutinho\",\"image\":{\"@type\":\"ImageObject\",\"inLanguage\":\"pt-BR\",\"@id\":\"https:\/\/www.suno.com.br\/noticias\/#\/schema\/person\/image\/\",\"url\":\"https:\/\/secure.gravatar.com\/avatar\/7571c7c8ca3a6fca5e41384ece5557ff?s=96&r=g\",\"contentUrl\":\"https:\/\/secure.gravatar.com\/avatar\/7571c7c8ca3a6fca5e41384ece5557ff?s=96&r=g\",\"caption\":\"Laura Moutinho\"},\"description\":\"Estagi\u00e1ria na Suno Not\u00edcias, escreve not\u00edcias que afetam o mercado financeiro. Estuda administra\u00e7\u00e3o na Universidade Presbiteriana Mackenzie.\",\"url\":\"https:\/\/www.suno.com.br\/noticias\/author\/laura-moutinho\/\"}]}<\/script>\n<!-- \/ Yoast SEO plugin. -->","yoast_head_json":{"title":"Coronavoucher: prazo para solicita\u00e7\u00e3o \u00e9 at\u00e9 2 de julho","description":"O prazo para solicitar o coronavoucher termina no dia 2 de julho, ou seja, 90 dias ap\u00f3s a promulga\u00e7\u00e3o da lei. Clique aqui para saber mais.","robots":{"index":"index","follow":"follow","max-snippet":"max-snippet:-1","max-image-preview":"max-image-preview:large","max-video-preview":"max-video-preview:-1"},"canonical":"https:\/\/www.suno.com.br\/noticias\/coronavoucher-prazo-solicitacao-2-julho\/","og_locale":"pt_BR","og_type":"article","og_title":"Coronavoucher: prazo para solicita\u00e7\u00e3o \u00e9 at\u00e9 2 de julho","og_description":"O prazo para solicitar o coronavoucher termina no dia 2 de julho, ou seja, 90 dias ap\u00f3s a promulga\u00e7\u00e3o da lei. Clique aqui para saber mais.","og_url":"https:\/\/www.suno.com.br\/noticias\/coronavoucher-prazo-solicitacao-2-julho\/","og_site_name":"Suno Not\u00edcias","article_publisher":"https:\/\/facebook.com\/sunoresearch","og_image":[{"width":1200,"height":675,"url":"https:\/\/files.sunoresearch.com.br\/n\/uploads\/2020\/05\/2d0f3d24-coronavoucher.jpg","type":"image\/jpeg"}],"author":"Laura Moutinho","twitter_card":"summary_large_image","twitter_creator":"@sunoresearch","twitter_site":"@sunoresearch","twitter_misc":{"Escrito por":"Laura Moutinho","Est. tempo de leitura":"2 minutos"},"schema":{"@context":"https:\/\/schema.org","@graph":[{"@type":"NewsArticle","@id":"https:\/\/www.suno.com.br\/noticias\/coronavoucher-prazo-solicitacao-2-julho\/#article","isPartOf":{"@id":"https:\/\/www.suno.com.br\/noticias\/coronavoucher-prazo-solicitacao-2-julho\/"},"author":{"name":"Laura Moutinho","@id":"https:\/\/www.suno.com.br\/noticias\/#\/schema\/person\/3df0d2808748b74496efe5dbeaef2c72"},"headline":"Coronavoucher: prazo para solicita\u00e7\u00e3o \u00e9 at\u00e9 2 de julho","datePublished":"2020-06-18T22:32:19+00:00","dateModified":"2021-02-18T01:32:18+00:00","mainEntityOfPage":{"@id":"https:\/\/www.suno.com.br\/noticias\/coronavoucher-prazo-solicitacao-2-julho\/"},"wordCount":411,"publisher":{"@id":"https:\/\/www.suno.com.br\/noticias\/#organization"},"image":{"@id":"https:\/\/www.suno.com.br\/noticias\/coronavoucher-prazo-solicitacao-2-julho\/#primaryimage"},"thumbnailUrl":"https:\/\/files.sunoresearch.com.br\/n\/uploads\/2020\/05\/2d0f3d24-coronavoucher-jpg.webp","keywords":["aux\u00edlio emergencial","Caixa Econ\u00f4mica Federal (CEF)","coronav\u00edrus","coronavoucher","covid-19","Pedro Guimar\u00e3es"],"articleSection":["Finan\u00e7as Pessoais"],"inLanguage":"pt-BR"},{"@type":"WebPage","@id":"https:\/\/www.suno.com.br\/noticias\/coronavoucher-prazo-solicitacao-2-julho\/","url":"https:\/\/www.suno.com.br\/noticias\/coronavoucher-prazo-solicitacao-2-julho\/","name":"Coronavoucher: prazo para solicita\u00e7\u00e3o \u00e9 at\u00e9 2 de julho","isPartOf":{"@id":"https:\/\/www.suno.com.br\/noticias\/#website"},"primaryImageOfPage":{"@id":"https:\/\/www.suno.com.br\/noticias\/coronavoucher-prazo-solicitacao-2-julho\/#primaryimage"},"image":{"@id":"https:\/\/www.suno.com.br\/noticias\/coronavoucher-prazo-solicitacao-2-julho\/#primaryimage"},"thumbnailUrl":"https:\/\/files.sunoresearch.com.br\/n\/uploads\/2020\/05\/2d0f3d24-coronavoucher-jpg.webp","datePublished":"2020-06-18T22:32:19+00:00","dateModified":"2021-02-18T01:32:18+00:00","description":"O prazo para solicitar o coronavoucher termina no dia 2 de julho, ou seja, 90 dias ap\u00f3s a promulga\u00e7\u00e3o da lei. Clique aqui para saber mais.","breadcrumb":{"@id":"https:\/\/www.suno.com.br\/noticias\/coronavoucher-prazo-solicitacao-2-julho\/#breadcrumb"},"inLanguage":"pt-BR","potentialAction":[{"@type":"ReadAction","target":["https:\/\/www.suno.com.br\/noticias\/coronavoucher-prazo-solicitacao-2-julho\/"]}]},{"@type":"ImageObject","inLanguage":"pt-BR","@id":"https:\/\/www.suno.com.br\/noticias\/coronavoucher-prazo-solicitacao-2-julho\/#primaryimage","url":"https:\/\/files.sunoresearch.com.br\/n\/uploads\/2020\/05\/2d0f3d24-coronavoucher-jpg.webp","contentUrl":"https:\/\/files.sunoresearch.com.br\/n\/uploads\/2020\/05\/2d0f3d24-coronavoucher-jpg.webp","width":1200,"height":675,"caption":"Inicialmente, o coronavoucher ser\u00e1 pago por meio de poupan\u00e7a social digital"},{"@type":"BreadcrumbList","@id":"https:\/\/www.suno.com.br\/noticias\/coronavoucher-prazo-solicitacao-2-julho\/#breadcrumb","itemListElement":[{"@type":"ListItem","position":1,"name":"Not\u00edcias","item":"https:\/\/www.suno.com.br\/noticias\/"},{"@type":"ListItem","position":2,"name":"Finan\u00e7as Pessoais","item":"https:\/\/www.suno.com.br\/noticias\/financas-pessoais\/"},{"@type":"ListItem","position":3,"name":"Coronavoucher: prazo para solicita\u00e7\u00e3o \u00e9 at\u00e9 2 de julho"}]},{"@type":"WebSite","@id":"https:\/\/www.suno.com.br\/noticias\/#website","url":"https:\/\/www.suno.com.br\/noticias\/","name":"Suno Not\u00edcias","description":"Seu portal de informa\u00e7\u00e3o sobre o mundo dos investimentos","publisher":{"@id":"https:\/\/www.suno.com.br\/noticias\/#organization"},"potentialAction":[{"@type":"SearchAction","target":{"@type":"EntryPoint","urlTemplate":"https:\/\/www.suno.com.br\/noticias\/?s={search_term_string}"},"query-input":{"@type":"PropertyValueSpecification","valueRequired":true,"valueName":"search_term_string"}}],"inLanguage":"pt-BR"},{"@type":"Organization","@id":"https:\/\/www.suno.com.br\/noticias\/#organization","name":"Suno Not\u00edcias","url":"https:\/\/www.suno.com.br\/noticias\/","logo":{"@type":"ImageObject","inLanguage":"pt-BR","@id":"https:\/\/www.suno.com.br\/noticias\/#\/schema\/logo\/image\/","url":"https:\/\/files.sunoresearch.com.br\/n\/uploads\/2021\/09\/suno-logo.png","contentUrl":"https:\/\/files.sunoresearch.com.br\/n\/uploads\/2021\/09\/suno-logo.png","width":180,"height":180,"caption":"Suno Not\u00edcias"},"image":{"@id":"https:\/\/www.suno.com.br\/noticias\/#\/schema\/logo\/image\/"},"sameAs":["https:\/\/facebook.com\/sunoresearch","https:\/\/x.com\/sunoresearch","https:\/\/www.instagram.com\/suno","https:\/\/www.linkedin.com\/company\/suno-research\/","https:\/\/www.youtube.com\/c\/sunoresearch"]},{"@type":"Person","@id":"https:\/\/www.suno.com.br\/noticias\/#\/schema\/person\/3df0d2808748b74496efe5dbeaef2c72","name":"Laura Moutinho","image":{"@type":"ImageObject","inLanguage":"pt-BR","@id":"https:\/\/www.suno.com.br\/noticias\/#\/schema\/person\/image\/","url":"https:\/\/secure.gravatar.com\/avatar\/7571c7c8ca3a6fca5e41384ece5557ff?s=96&r=g","contentUrl":"https:\/\/secure.gravatar.com\/avatar\/7571c7c8ca3a6fca5e41384ece5557ff?s=96&r=g","caption":"Laura Moutinho"},"description":"Estagi\u00e1ria na Suno Not\u00edcias, escreve not\u00edcias que afetam o mercado financeiro. Estuda administra\u00e7\u00e3o na Universidade Presbiteriana Mackenzie.","url":"https:\/\/www.suno.com.br\/noticias\/author\/laura-moutinho\/"}]}},"default_loop_html":"<div class=\"cardsPage__listCard__boxs\"><div class=\"cardsPage__listCard__boxs__img\"><a href=\"https:\/\/www.suno.com.br\/noticias\/coronavoucher-prazo-solicitacao-2-julho\/\"><img class=\"mask\" src=\"https:\/\/www.suno.com.br\/noticias\/wp-content\/themes\/suno\/resources\/images\/spotlight\/spotlight1img\/bg-mask.png\" alt=\"Image Mask\"\/><img src=\"https:\/\/files.sunoresearch.com.br\/n\/uploads\/2020\/05\/2d0f3d24-coronavoucher-400x200.webp\" alt=\"Coronavoucher: prazo para solicita\u00e7\u00e3o \u00e9 at\u00e9 2 de julho\"\/><\/a><span class=\"spotlightCategory\"><a href=\"https:\/\/www.suno.com.br\/noticias\/financas-pessoais\/\">Finan\u00e7as Pessoais<\/a><\/span><\/div><div class=\"cardsPage__listCard__boxs__content\"><a href=\"https:\/\/www.suno.com.br\/noticias\/coronavoucher-prazo-solicitacao-2-julho\/\"><h2 class=\"content__title\">Coronavoucher: prazo para solicita\u00e7\u00e3o \u00e9 at\u00e9 2 de julho<\/h2><\/a><div class=\"newsContent__article__meta\"><div class=\"newsContent__article__meta__authorBox\"><a href=\"https:\/\/www.suno.com.br\/noticias\/author\/laura-moutinho\/\" class=\"authorBox__avatar noMobi\"><img src=\"https:\/\/files.sunoresearch.com.br\/n\/uploads\/2020\/08\/531ff69d-whatsapp-image-2020-08-03-at-14.54.38-150x150.webp\" alt=\"Laura Moutinho\"><\/a><div class=\"authorBox__name\"><span>por\n\t\t\t<a href=\"https:\/\/www.suno.com.br\/noticias\/author\/laura-moutinho\/\"><span itemprop=\"author\">Laura Moutinho<\/span><\/a><\/span><time datetime=\"2020-06-18T19:32:19-03:00\" itemprop=\"datePublished\">18\/06\/2020 19:32<\/time><\/div><\/div><\/div><\/div><\/div>","single_layout":"posts","amp_enabled":true,"_links":{"self":[{"href":"https:\/\/www.suno.com.br\/noticias\/wp-json\/wp\/v2\/posts\/69545"}],"collection":[{"href":"https:\/\/www.suno.com.br\/noticias\/wp-json\/wp\/v2\/posts"}],"about":[{"href":"https:\/\/www.suno.com.br\/noticias\/wp-json\/wp\/v2\/types\/post"}],"author":[{"embeddable":true,"href":"https:\/\/www.suno.com.br\/noticias\/wp-json\/wp\/v2\/users\/39"}],"replies":[{"embeddable":true,"href":"https:\/\/www.suno.com.br\/noticias\/wp-json\/wp\/v2\/comments?post=69545"}],"version-history":[{"count":0,"href":"https:\/\/www.suno.com.br\/noticias\/wp-json\/wp\/v2\/posts\/69545\/revisions"}],"wp:featuredmedia":[{"embeddable":true,"href":"https:\/\/www.suno.com.br\/noticias\/wp-json\/wp\/v2\/media\/66288"}],"wp:attachment":[{"href":"https:\/\/www.suno.com.br\/noticias\/wp-json\/wp\/v2\/media?parent=69545"}],"wp:term":[{"taxonomy":"category","embeddable":true,"href":"https:\/\/www.suno.com.br\/noticias\/wp-json\/wp\/v2\/categories?post=69545"},{"taxonomy":"post_tag","embeddable":true,"href":"https:\/\/www.suno.com.br\/noticias\/wp-json\/wp\/v2\/tags?post=69545"},{"taxonomy":"suno_strategy","embeddable":true,"href":"https:\/\/www.suno.com.br\/noticias\/wp-json\/wp\/v2\/suno_strategy?post=69545"}],"curies":[{"name":"wp","href":"https:\/\/api.w.org\/{rel}","templated":true}]}}