{"id":69543,"date":"2020-06-18T18:56:28","date_gmt":"2020-06-18T21:56:28","guid":{"rendered":"https:\/\/www.suno.com.br\/noticias\/?p=69543"},"modified":"2021-06-21T05:49:47","modified_gmt":"2021-06-21T08:49:47","slug":"fmi-mantem-esperanca-de-que-argentina-e-credores-chegarao-a-acordo","status":"publish","type":"post","link":"https:\/\/www.suno.com.br\/noticias\/fmi-mantem-esperanca-de-que-argentina-e-credores-chegarao-a-acordo\/","title":{"rendered":"FMI mant\u00e9m esperan\u00e7a de que Argentina e credores chegar\u00e3o a acordo"},"content":{"rendered":"<p>O <a href=\"https:\/\/www.suno.com.br\/artigos\/fmi\/\">Fundo Monet\u00e1rio Internacional (<strong>FMI<\/strong>)<\/a> indicou nesta quinta-feira (18) que espera que a Argentina e os credores mantenham as negocia\u00e7\u00f5es e cheguem a um acordo em breve.<\/p>\t<div class=\"wrapper-featured-image\">\n\t\t<figure class=\"spotlightImg\">\n\n\t\t\t<picture>\n\t\t\t\t<source media=\"(max-width: 768px)\" srcset=\"https:\/\/files.sunoresearch.com.br\/n\/uploads\/2018\/11\/89819848-fundo-monet\u00e1rio-internacional-400x200.webp\">\n\t\t\t\t<img loading=\"lazy\" decoding=\"async\" class=\"newsContent__article__imgCapa lazyloadDisabled newsContent__article__imgCapa--noCaption\" src=\"https:\/\/files.sunoresearch.com.br\/n\/uploads\/2018\/11\/89819848-fundo-monet\u00e1rio-internacional-800x450.webp\" width=\"800\" height=\"450\" alt=\"FMI mant\u00e9m esperan\u00e7a de que Argentina e credores chegar\u00e3o a acordo\" fetchpriority=high \/>\n\t\t\t<\/picture>\n\n\t\t\t<figcaption class=\"wp-caption-text wp-caption-text--hide\">FMI teme aumento da d\u00edvida e pede reforma fiscal global ap\u00f3s crise<\/figcaption>\n\t\t<\/figure>\n\t<\/div>\n\n\n\n<p>Ap\u00f3s o fracasso da \u00faltima rodada de negocia\u00e7\u00f5es da d\u00edvida, o FMI afirmou que est\u00e1 acompanhando de perto o processo e aguarda uma resolu\u00e7\u00e3o para o conflito. A institui\u00e7\u00e3o espera que tanto o governo como os fundos envolvidos nas discuss\u00f5es &#8220;permane\u00e7am engajados e continuem negociando com o objetivo de chegar a um acordo&#8221;.<\/p>\n<p>&#8220;Como dissemos antes, as negocia\u00e7\u00f5es entre as autoridades argentinas e seus credores s\u00e3o um assunto para a Argentina e para os <a href=\"https:\/\/www.suno.com.br\/artigos\/bondholder\/\"><strong>bondholders<\/strong><\/a>. \u00c9 claro que estamos acompanhando de perto os desenvolvimentos&#8221;, disse o diretor de comunica\u00e7\u00f5es do FMI, Gerry Rice, em uma confer\u00eancia de imprensa.<\/p>\n<p><a href=\"https:\/\/lp.suno.com.br\/suno-one\/\">Suno One: acesse gratuitamente eBooks, Minicursos, Artigos e Video Aulas sobre investimentos com um \u00fanico cadastro. Clique para saber mais!<\/a><\/p>\n<p>Em nota t\u00e9cnica divulgada em meio \u00e0s discuss\u00f5es, o FMI alertou que o pa\u00eds tinha &#8220;margem limitada &#8220;para melhorar sua oferta aos credores internacionais e, ao mesmo tempo, recuperar a sustentabilidade da d\u00edvida.<\/p>\n<h2>O FMI se preocupa com o impasse na renegocia\u00e7\u00e3o da d\u00edvida<\/h2>\n<p>As negocia\u00e7\u00f5es da reformula\u00e7\u00e3o da d\u00edvida <strong>Argentina<\/strong> entraram em um impasse nesta quinta-feira devido a crescente tens\u00e3o entre os funcion\u00e1rios do governo e os credores internacionais.<\/p>\n<p>Os credores e a Argentina declararam no final desta quarta-feira (17) que recusam os termos que estavam sendo negociados para a restrutura\u00e7\u00e3o da <a href=\"https:\/\/www.suno.com.br\/artigos\/divida-publica\/\"><strong>d\u00edvida p\u00fablica<\/strong><\/a>.<\/p>\n<p><a href=\"https:\/\/www.suno.com.br\/noticias\/tensao-argentina-credores-impasse-renegociacao-divida\/\">Saiba mais: Tens\u00e3o entre Argentina e credores cria impasse na renegocia\u00e7\u00e3o da d\u00edvida<\/a><\/p>\n<p>O governo da Argentina informou que n\u00e3o poderia &#8220;se comprometer de forma respons\u00e1vel&#8221; com os termos oferecidos pelos credores. Tamb\u00e9m acrescentou que alguns eram &#8220;amplamente inconsistentes com a estrutura de sustentabilidade da d\u00edvida para a Argentina restaurar a estabilidade macroecon\u00f4mica e avan\u00e7ar em dire\u00e7\u00e3o a um programa com o <strong>FMI<\/strong>&#8220;.<\/p>\n\n","protected":false},"excerpt":{"rendered":"<p>O Fundo Monet\u00e1rio Internacional (FMI) indicou nesta quinta-feira (18) que espera que a Argentina e os credores mantenham as negocia\u00e7\u00f5es e cheguem a um acordo em breve. FMI teme aumento da d\u00edvida e pede reforma fiscal global ap\u00f3s crise Ap\u00f3s o fracasso da \u00faltima rodada de negocia\u00e7\u00f5es da d\u00edvida, o FMI afirmou que est\u00e1 acompanhando [&hellip;]<\/p>\n","protected":false},"author":44,"featured_media":7637,"comment_status":"closed","ping_status":"closed","sticky":false,"template":"","format":"standard","meta":[],"categories":[63],"tags":[699,1265,806],"suno_strategy":[],"class_list":["post-69543","post","type-post","status-publish","format-standard","has-post-thumbnail","hentry","category-internacional","tag-argentina","tag-divida-publica-federal","tag-fundo-monetario-internacional-fmi"],"yoast_head":"<!-- This site is optimized with the Yoast SEO plugin v24.4 - https:\/\/yoast.com\/wordpress\/plugins\/seo\/ -->\n<title>FMI mant\u00e9m esperan\u00e7a de que Argentina e credores chegar\u00e3o a acordo<\/title>\n<meta name=\"description\" content=\"O FMI indicou que espera que a Argentina e os credores mantenham as negocia\u00e7\u00f5es e cheguem a um acordo. Clique para ver mais.\" \/>\n<meta name=\"robots\" content=\"index, follow, max-snippet:-1, max-image-preview:large, max-video-preview:-1\" \/>\n<link rel=\"canonical\" href=\"https:\/\/www.suno.com.br\/noticias\/fmi-mantem-esperanca-de-que-argentina-e-credores-chegarao-a-acordo\/\" \/>\n<meta property=\"og:locale\" content=\"pt_BR\" \/>\n<meta property=\"og:type\" content=\"article\" \/>\n<meta property=\"og:title\" content=\"FMI mant\u00e9m esperan\u00e7a de que Argentina e credores chegar\u00e3o a acordo\" \/>\n<meta property=\"og:description\" content=\"O FMI indicou que espera que a Argentina e os credores mantenham as negocia\u00e7\u00f5es e cheguem a um acordo. Clique para ver mais.\" \/>\n<meta property=\"og:url\" content=\"https:\/\/www.suno.com.br\/noticias\/fmi-mantem-esperanca-de-que-argentina-e-credores-chegarao-a-acordo\/\" \/>\n<meta property=\"og:site_name\" content=\"Suno Not\u00edcias\" \/>\n<meta property=\"article:publisher\" content=\"https:\/\/facebook.com\/sunoresearch\" \/>\n<meta property=\"og:image\" content=\"https:\/\/files.sunoresearch.com.br\/n\/uploads\/2018\/11\/89819848-fundo-monet\u00e1rio-internacional.jpeg\" \/>\n\t<meta property=\"og:image:width\" content=\"980\" \/>\n\t<meta property=\"og:image:height\" content=\"590\" \/>\n\t<meta property=\"og:image:type\" content=\"image\/jpeg\" \/>\n<meta name=\"author\" content=\"Daniel Guimar\u00e3es\" \/>\n<meta name=\"twitter:card\" content=\"summary_large_image\" \/>\n<meta name=\"twitter:creator\" content=\"@sunoresearch\" \/>\n<meta name=\"twitter:site\" content=\"@sunoresearch\" \/>\n<meta name=\"twitter:label1\" content=\"Escrito por\" \/>\n\t<meta name=\"twitter:data1\" content=\"Daniel Guimar\u00e3es\" \/>\n\t<meta name=\"twitter:label2\" content=\"Est. tempo de leitura\" \/>\n\t<meta name=\"twitter:data2\" content=\"2 minutos\" \/>\n<script type=\"application\/ld+json\" class=\"yoast-schema-graph\">{\"@context\":\"https:\/\/schema.org\",\"@graph\":[{\"@type\":\"NewsArticle\",\"@id\":\"https:\/\/www.suno.com.br\/noticias\/fmi-mantem-esperanca-de-que-argentina-e-credores-chegarao-a-acordo\/#article\",\"isPartOf\":{\"@id\":\"https:\/\/www.suno.com.br\/noticias\/fmi-mantem-esperanca-de-que-argentina-e-credores-chegarao-a-acordo\/\"},\"author\":{\"name\":\"Daniel Guimar\u00e3es\",\"@id\":\"https:\/\/www.suno.com.br\/noticias\/#\/schema\/person\/a7796c19fcf6bafd03b9a2fa1fd9ae20\"},\"headline\":\"FMI mant\u00e9m esperan\u00e7a de que Argentina e credores chegar\u00e3o a acordo\",\"datePublished\":\"2020-06-18T21:56:28+00:00\",\"dateModified\":\"2021-06-21T08:49:47+00:00\",\"mainEntityOfPage\":{\"@id\":\"https:\/\/www.suno.com.br\/noticias\/fmi-mantem-esperanca-de-que-argentina-e-credores-chegarao-a-acordo\/\"},\"wordCount\":359,\"publisher\":{\"@id\":\"https:\/\/www.suno.com.br\/noticias\/#organization\"},\"image\":{\"@id\":\"https:\/\/www.suno.com.br\/noticias\/fmi-mantem-esperanca-de-que-argentina-e-credores-chegarao-a-acordo\/#primaryimage\"},\"thumbnailUrl\":\"https:\/\/files.sunoresearch.com.br\/n\/uploads\/2018\/11\/89819848-fundo-monet\u00e1rio-internacional-jpeg.webp\",\"keywords\":[\"Argentina\",\"D\u00edvida P\u00fablica Federal\",\"Fundo Monet\u00e1rio Internacional (FMI)\"],\"articleSection\":[\"Internacional\"],\"inLanguage\":\"pt-BR\"},{\"@type\":\"WebPage\",\"@id\":\"https:\/\/www.suno.com.br\/noticias\/fmi-mantem-esperanca-de-que-argentina-e-credores-chegarao-a-acordo\/\",\"url\":\"https:\/\/www.suno.com.br\/noticias\/fmi-mantem-esperanca-de-que-argentina-e-credores-chegarao-a-acordo\/\",\"name\":\"FMI mant\u00e9m esperan\u00e7a de que Argentina e credores chegar\u00e3o a acordo\",\"isPartOf\":{\"@id\":\"https:\/\/www.suno.com.br\/noticias\/#website\"},\"primaryImageOfPage\":{\"@id\":\"https:\/\/www.suno.com.br\/noticias\/fmi-mantem-esperanca-de-que-argentina-e-credores-chegarao-a-acordo\/#primaryimage\"},\"image\":{\"@id\":\"https:\/\/www.suno.com.br\/noticias\/fmi-mantem-esperanca-de-que-argentina-e-credores-chegarao-a-acordo\/#primaryimage\"},\"thumbnailUrl\":\"https:\/\/files.sunoresearch.com.br\/n\/uploads\/2018\/11\/89819848-fundo-monet\u00e1rio-internacional-jpeg.webp\",\"datePublished\":\"2020-06-18T21:56:28+00:00\",\"dateModified\":\"2021-06-21T08:49:47+00:00\",\"description\":\"O FMI indicou que espera que a Argentina e os credores mantenham as negocia\u00e7\u00f5es e cheguem a um acordo. Clique para ver mais.\",\"breadcrumb\":{\"@id\":\"https:\/\/www.suno.com.br\/noticias\/fmi-mantem-esperanca-de-que-argentina-e-credores-chegarao-a-acordo\/#breadcrumb\"},\"inLanguage\":\"pt-BR\",\"potentialAction\":[{\"@type\":\"ReadAction\",\"target\":[\"https:\/\/www.suno.com.br\/noticias\/fmi-mantem-esperanca-de-que-argentina-e-credores-chegarao-a-acordo\/\"]}]},{\"@type\":\"ImageObject\",\"inLanguage\":\"pt-BR\",\"@id\":\"https:\/\/www.suno.com.br\/noticias\/fmi-mantem-esperanca-de-que-argentina-e-credores-chegarao-a-acordo\/#primaryimage\",\"url\":\"https:\/\/files.sunoresearch.com.br\/n\/uploads\/2018\/11\/89819848-fundo-monet\u00e1rio-internacional-jpeg.webp\",\"contentUrl\":\"https:\/\/files.sunoresearch.com.br\/n\/uploads\/2018\/11\/89819848-fundo-monet\u00e1rio-internacional-jpeg.webp\",\"width\":980,\"height\":590,\"caption\":\"FMI teme aumento da d\u00edvida e pede reforma fiscal global ap\u00f3s crise\"},{\"@type\":\"BreadcrumbList\",\"@id\":\"https:\/\/www.suno.com.br\/noticias\/fmi-mantem-esperanca-de-que-argentina-e-credores-chegarao-a-acordo\/#breadcrumb\",\"itemListElement\":[{\"@type\":\"ListItem\",\"position\":1,\"name\":\"Not\u00edcias\",\"item\":\"https:\/\/www.suno.com.br\/noticias\/\"},{\"@type\":\"ListItem\",\"position\":2,\"name\":\"Internacional\",\"item\":\"https:\/\/www.suno.com.br\/noticias\/internacional\/\"},{\"@type\":\"ListItem\",\"position\":3,\"name\":\"FMI mant\u00e9m esperan\u00e7a de que Argentina e credores chegar\u00e3o a acordo\"}]},{\"@type\":\"WebSite\",\"@id\":\"https:\/\/www.suno.com.br\/noticias\/#website\",\"url\":\"https:\/\/www.suno.com.br\/noticias\/\",\"name\":\"Suno Not\u00edcias\",\"description\":\"Seu portal de informa\u00e7\u00e3o sobre o mundo dos investimentos\",\"publisher\":{\"@id\":\"https:\/\/www.suno.com.br\/noticias\/#organization\"},\"potentialAction\":[{\"@type\":\"SearchAction\",\"target\":{\"@type\":\"EntryPoint\",\"urlTemplate\":\"https:\/\/www.suno.com.br\/noticias\/?s={search_term_string}\"},\"query-input\":{\"@type\":\"PropertyValueSpecification\",\"valueRequired\":true,\"valueName\":\"search_term_string\"}}],\"inLanguage\":\"pt-BR\"},{\"@type\":\"Organization\",\"@id\":\"https:\/\/www.suno.com.br\/noticias\/#organization\",\"name\":\"Suno Not\u00edcias\",\"url\":\"https:\/\/www.suno.com.br\/noticias\/\",\"logo\":{\"@type\":\"ImageObject\",\"inLanguage\":\"pt-BR\",\"@id\":\"https:\/\/www.suno.com.br\/noticias\/#\/schema\/logo\/image\/\",\"url\":\"https:\/\/files.sunoresearch.com.br\/n\/uploads\/2021\/09\/suno-logo.png\",\"contentUrl\":\"https:\/\/files.sunoresearch.com.br\/n\/uploads\/2021\/09\/suno-logo.png\",\"width\":180,\"height\":180,\"caption\":\"Suno Not\u00edcias\"},\"image\":{\"@id\":\"https:\/\/www.suno.com.br\/noticias\/#\/schema\/logo\/image\/\"},\"sameAs\":[\"https:\/\/facebook.com\/sunoresearch\",\"https:\/\/x.com\/sunoresearch\",\"https:\/\/www.instagram.com\/suno\",\"https:\/\/www.linkedin.com\/company\/suno-research\/\",\"https:\/\/www.youtube.com\/c\/sunoresearch\"]},{\"@type\":\"Person\",\"@id\":\"https:\/\/www.suno.com.br\/noticias\/#\/schema\/person\/a7796c19fcf6bafd03b9a2fa1fd9ae20\",\"name\":\"Daniel Guimar\u00e3es\",\"image\":{\"@type\":\"ImageObject\",\"inLanguage\":\"pt-BR\",\"@id\":\"https:\/\/www.suno.com.br\/noticias\/#\/schema\/person\/image\/\",\"url\":\"https:\/\/secure.gravatar.com\/avatar\/fb8260757609f58f0c0ac079d1b32eff?s=96&r=g\",\"contentUrl\":\"https:\/\/secure.gravatar.com\/avatar\/fb8260757609f58f0c0ac079d1b32eff?s=96&r=g\",\"caption\":\"Daniel Guimar\u00e3es\"},\"description\":\"Estagi\u00e1rio na Suno Not\u00edcias, Daniel escreve not\u00edcias que afetam o mercado financeiro brasileiro e internacional. Estuda economia na Rutgers University, em New Jersey.\",\"sameAs\":[\"suno.research\"],\"url\":\"https:\/\/www.suno.com.br\/noticias\/author\/daniel\/\"}]}<\/script>\n<!-- \/ Yoast SEO plugin. -->","yoast_head_json":{"title":"FMI mant\u00e9m esperan\u00e7a de que Argentina e credores chegar\u00e3o a acordo","description":"O FMI indicou que espera que a Argentina e os credores mantenham as negocia\u00e7\u00f5es e cheguem a um acordo. Clique para ver mais.","robots":{"index":"index","follow":"follow","max-snippet":"max-snippet:-1","max-image-preview":"max-image-preview:large","max-video-preview":"max-video-preview:-1"},"canonical":"https:\/\/www.suno.com.br\/noticias\/fmi-mantem-esperanca-de-que-argentina-e-credores-chegarao-a-acordo\/","og_locale":"pt_BR","og_type":"article","og_title":"FMI mant\u00e9m esperan\u00e7a de que Argentina e credores chegar\u00e3o a acordo","og_description":"O FMI indicou que espera que a Argentina e os credores mantenham as negocia\u00e7\u00f5es e cheguem a um acordo. Clique para ver mais.","og_url":"https:\/\/www.suno.com.br\/noticias\/fmi-mantem-esperanca-de-que-argentina-e-credores-chegarao-a-acordo\/","og_site_name":"Suno Not\u00edcias","article_publisher":"https:\/\/facebook.com\/sunoresearch","og_image":[{"width":980,"height":590,"url":"https:\/\/files.sunoresearch.com.br\/n\/uploads\/2018\/11\/89819848-fundo-monet\u00e1rio-internacional.jpeg","type":"image\/jpeg"}],"author":"Daniel Guimar\u00e3es","twitter_card":"summary_large_image","twitter_creator":"@sunoresearch","twitter_site":"@sunoresearch","twitter_misc":{"Escrito por":"Daniel Guimar\u00e3es","Est. tempo de leitura":"2 minutos"},"schema":{"@context":"https:\/\/schema.org","@graph":[{"@type":"NewsArticle","@id":"https:\/\/www.suno.com.br\/noticias\/fmi-mantem-esperanca-de-que-argentina-e-credores-chegarao-a-acordo\/#article","isPartOf":{"@id":"https:\/\/www.suno.com.br\/noticias\/fmi-mantem-esperanca-de-que-argentina-e-credores-chegarao-a-acordo\/"},"author":{"name":"Daniel Guimar\u00e3es","@id":"https:\/\/www.suno.com.br\/noticias\/#\/schema\/person\/a7796c19fcf6bafd03b9a2fa1fd9ae20"},"headline":"FMI mant\u00e9m esperan\u00e7a de que Argentina e credores chegar\u00e3o a acordo","datePublished":"2020-06-18T21:56:28+00:00","dateModified":"2021-06-21T08:49:47+00:00","mainEntityOfPage":{"@id":"https:\/\/www.suno.com.br\/noticias\/fmi-mantem-esperanca-de-que-argentina-e-credores-chegarao-a-acordo\/"},"wordCount":359,"publisher":{"@id":"https:\/\/www.suno.com.br\/noticias\/#organization"},"image":{"@id":"https:\/\/www.suno.com.br\/noticias\/fmi-mantem-esperanca-de-que-argentina-e-credores-chegarao-a-acordo\/#primaryimage"},"thumbnailUrl":"https:\/\/files.sunoresearch.com.br\/n\/uploads\/2018\/11\/89819848-fundo-monet\u00e1rio-internacional-jpeg.webp","keywords":["Argentina","D\u00edvida P\u00fablica Federal","Fundo Monet\u00e1rio Internacional (FMI)"],"articleSection":["Internacional"],"inLanguage":"pt-BR"},{"@type":"WebPage","@id":"https:\/\/www.suno.com.br\/noticias\/fmi-mantem-esperanca-de-que-argentina-e-credores-chegarao-a-acordo\/","url":"https:\/\/www.suno.com.br\/noticias\/fmi-mantem-esperanca-de-que-argentina-e-credores-chegarao-a-acordo\/","name":"FMI mant\u00e9m esperan\u00e7a de que Argentina e credores chegar\u00e3o a acordo","isPartOf":{"@id":"https:\/\/www.suno.com.br\/noticias\/#website"},"primaryImageOfPage":{"@id":"https:\/\/www.suno.com.br\/noticias\/fmi-mantem-esperanca-de-que-argentina-e-credores-chegarao-a-acordo\/#primaryimage"},"image":{"@id":"https:\/\/www.suno.com.br\/noticias\/fmi-mantem-esperanca-de-que-argentina-e-credores-chegarao-a-acordo\/#primaryimage"},"thumbnailUrl":"https:\/\/files.sunoresearch.com.br\/n\/uploads\/2018\/11\/89819848-fundo-monet\u00e1rio-internacional-jpeg.webp","datePublished":"2020-06-18T21:56:28+00:00","dateModified":"2021-06-21T08:49:47+00:00","description":"O FMI indicou que espera que a Argentina e os credores mantenham as negocia\u00e7\u00f5es e cheguem a um acordo. Clique para ver mais.","breadcrumb":{"@id":"https:\/\/www.suno.com.br\/noticias\/fmi-mantem-esperanca-de-que-argentina-e-credores-chegarao-a-acordo\/#breadcrumb"},"inLanguage":"pt-BR","potentialAction":[{"@type":"ReadAction","target":["https:\/\/www.suno.com.br\/noticias\/fmi-mantem-esperanca-de-que-argentina-e-credores-chegarao-a-acordo\/"]}]},{"@type":"ImageObject","inLanguage":"pt-BR","@id":"https:\/\/www.suno.com.br\/noticias\/fmi-mantem-esperanca-de-que-argentina-e-credores-chegarao-a-acordo\/#primaryimage","url":"https:\/\/files.sunoresearch.com.br\/n\/uploads\/2018\/11\/89819848-fundo-monet\u00e1rio-internacional-jpeg.webp","contentUrl":"https:\/\/files.sunoresearch.com.br\/n\/uploads\/2018\/11\/89819848-fundo-monet\u00e1rio-internacional-jpeg.webp","width":980,"height":590,"caption":"FMI teme aumento da d\u00edvida e pede reforma fiscal global ap\u00f3s crise"},{"@type":"BreadcrumbList","@id":"https:\/\/www.suno.com.br\/noticias\/fmi-mantem-esperanca-de-que-argentina-e-credores-chegarao-a-acordo\/#breadcrumb","itemListElement":[{"@type":"ListItem","position":1,"name":"Not\u00edcias","item":"https:\/\/www.suno.com.br\/noticias\/"},{"@type":"ListItem","position":2,"name":"Internacional","item":"https:\/\/www.suno.com.br\/noticias\/internacional\/"},{"@type":"ListItem","position":3,"name":"FMI mant\u00e9m esperan\u00e7a de que Argentina e credores chegar\u00e3o a acordo"}]},{"@type":"WebSite","@id":"https:\/\/www.suno.com.br\/noticias\/#website","url":"https:\/\/www.suno.com.br\/noticias\/","name":"Suno Not\u00edcias","description":"Seu portal de informa\u00e7\u00e3o sobre o mundo dos investimentos","publisher":{"@id":"https:\/\/www.suno.com.br\/noticias\/#organization"},"potentialAction":[{"@type":"SearchAction","target":{"@type":"EntryPoint","urlTemplate":"https:\/\/www.suno.com.br\/noticias\/?s={search_term_string}"},"query-input":{"@type":"PropertyValueSpecification","valueRequired":true,"valueName":"search_term_string"}}],"inLanguage":"pt-BR"},{"@type":"Organization","@id":"https:\/\/www.suno.com.br\/noticias\/#organization","name":"Suno Not\u00edcias","url":"https:\/\/www.suno.com.br\/noticias\/","logo":{"@type":"ImageObject","inLanguage":"pt-BR","@id":"https:\/\/www.suno.com.br\/noticias\/#\/schema\/logo\/image\/","url":"https:\/\/files.sunoresearch.com.br\/n\/uploads\/2021\/09\/suno-logo.png","contentUrl":"https:\/\/files.sunoresearch.com.br\/n\/uploads\/2021\/09\/suno-logo.png","width":180,"height":180,"caption":"Suno Not\u00edcias"},"image":{"@id":"https:\/\/www.suno.com.br\/noticias\/#\/schema\/logo\/image\/"},"sameAs":["https:\/\/facebook.com\/sunoresearch","https:\/\/x.com\/sunoresearch","https:\/\/www.instagram.com\/suno","https:\/\/www.linkedin.com\/company\/suno-research\/","https:\/\/www.youtube.com\/c\/sunoresearch"]},{"@type":"Person","@id":"https:\/\/www.suno.com.br\/noticias\/#\/schema\/person\/a7796c19fcf6bafd03b9a2fa1fd9ae20","name":"Daniel Guimar\u00e3es","image":{"@type":"ImageObject","inLanguage":"pt-BR","@id":"https:\/\/www.suno.com.br\/noticias\/#\/schema\/person\/image\/","url":"https:\/\/secure.gravatar.com\/avatar\/fb8260757609f58f0c0ac079d1b32eff?s=96&r=g","contentUrl":"https:\/\/secure.gravatar.com\/avatar\/fb8260757609f58f0c0ac079d1b32eff?s=96&r=g","caption":"Daniel Guimar\u00e3es"},"description":"Estagi\u00e1rio na Suno Not\u00edcias, Daniel escreve not\u00edcias que afetam o mercado financeiro brasileiro e internacional. Estuda economia na Rutgers University, em New Jersey.","sameAs":["suno.research"],"url":"https:\/\/www.suno.com.br\/noticias\/author\/daniel\/"}]}},"default_loop_html":"<div class=\"cardsPage__listCard__boxs\"><div class=\"cardsPage__listCard__boxs__img\"><a href=\"https:\/\/www.suno.com.br\/noticias\/fmi-mantem-esperanca-de-que-argentina-e-credores-chegarao-a-acordo\/\"><img class=\"mask\" src=\"https:\/\/www.suno.com.br\/noticias\/wp-content\/themes\/suno\/resources\/images\/spotlight\/spotlight1img\/bg-mask.png\" alt=\"Image Mask\"\/><img src=\"https:\/\/files.sunoresearch.com.br\/n\/uploads\/2018\/11\/89819848-fundo-monet\u00e1rio-internacional-400x200.webp\" alt=\"FMI mant\u00e9m esperan\u00e7a de que Argentina e credores chegar\u00e3o a acordo\"\/><\/a><span class=\"spotlightCategory\"><a href=\"https:\/\/www.suno.com.br\/noticias\/internacional\/\">Internacional<\/a><\/span><\/div><div class=\"cardsPage__listCard__boxs__content\"><a href=\"https:\/\/www.suno.com.br\/noticias\/fmi-mantem-esperanca-de-que-argentina-e-credores-chegarao-a-acordo\/\"><h2 class=\"content__title\">FMI mant\u00e9m esperan\u00e7a de que Argentina e credores chegar\u00e3o a acordo<\/h2><\/a><div class=\"newsContent__article__meta\"><div class=\"newsContent__article__meta__authorBox\"><a href=\"https:\/\/www.suno.com.br\/noticias\/author\/daniel\/\" class=\"authorBox__avatar noMobi\"><img src=\"https:\/\/files.sunoresearch.com.br\/n\/uploads\/2020\/08\/e51aadd2-whatsapp-image-2020-08-03-at-14.03.48-150x150.webp\" alt=\"Daniel Guimar\u00e3es\"><\/a><div class=\"authorBox__name\"><span>por\n\t\t\t<a href=\"https:\/\/www.suno.com.br\/noticias\/author\/daniel\/\"><span itemprop=\"author\">Daniel Guimar\u00e3es<\/span><\/a><\/span><time datetime=\"2020-06-18T18:56:28-03:00\" itemprop=\"datePublished\">18\/06\/2020 18:56<\/time><\/div><\/div><\/div><\/div><\/div>","single_layout":"posts","amp_enabled":true,"_links":{"self":[{"href":"https:\/\/www.suno.com.br\/noticias\/wp-json\/wp\/v2\/posts\/69543"}],"collection":[{"href":"https:\/\/www.suno.com.br\/noticias\/wp-json\/wp\/v2\/posts"}],"about":[{"href":"https:\/\/www.suno.com.br\/noticias\/wp-json\/wp\/v2\/types\/post"}],"author":[{"embeddable":true,"href":"https:\/\/www.suno.com.br\/noticias\/wp-json\/wp\/v2\/users\/44"}],"replies":[{"embeddable":true,"href":"https:\/\/www.suno.com.br\/noticias\/wp-json\/wp\/v2\/comments?post=69543"}],"version-history":[{"count":1,"href":"https:\/\/www.suno.com.br\/noticias\/wp-json\/wp\/v2\/posts\/69543\/revisions"}],"predecessor-version":[{"id":159642,"href":"https:\/\/www.suno.com.br\/noticias\/wp-json\/wp\/v2\/posts\/69543\/revisions\/159642"}],"wp:featuredmedia":[{"embeddable":true,"href":"https:\/\/www.suno.com.br\/noticias\/wp-json\/wp\/v2\/media\/7637"}],"wp:attachment":[{"href":"https:\/\/www.suno.com.br\/noticias\/wp-json\/wp\/v2\/media?parent=69543"}],"wp:term":[{"taxonomy":"category","embeddable":true,"href":"https:\/\/www.suno.com.br\/noticias\/wp-json\/wp\/v2\/categories?post=69543"},{"taxonomy":"post_tag","embeddable":true,"href":"https:\/\/www.suno.com.br\/noticias\/wp-json\/wp\/v2\/tags?post=69543"},{"taxonomy":"suno_strategy","embeddable":true,"href":"https:\/\/www.suno.com.br\/noticias\/wp-json\/wp\/v2\/suno_strategy?post=69543"}],"curies":[{"name":"wp","href":"https:\/\/api.w.org\/{rel}","templated":true}]}}