{"id":69508,"date":"2020-06-18T15:55:17","date_gmt":"2020-06-18T18:55:17","guid":{"rendered":"https:\/\/www.suno.com.br\/noticias\/?p=69508"},"modified":"2021-06-21T05:49:49","modified_gmt":"2021-06-21T08:49:49","slug":"tensao-argentina-credores-impasse-renegociacao-divida","status":"publish","type":"post","link":"https:\/\/www.suno.com.br\/noticias\/tensao-argentina-credores-impasse-renegociacao-divida\/","title":{"rendered":"Tens\u00e3o entre Argentina e credores cria impasse na renegocia\u00e7\u00e3o da d\u00edvida"},"content":{"rendered":"<p>As negocia\u00e7\u00f5es da reformula\u00e7\u00e3o da d\u00edvida <strong>Argentina<\/strong> entraram em um impasse nesta quinta-feira (18) devido a crescente tens\u00e3o entre funcion\u00e1rios do governo e credores internacionais.<\/p>\t<div class=\"wrapper-featured-image\">\n\t\t<figure class=\"spotlightImg\">\n\n\t\t\t<picture>\n\t\t\t\t<source media=\"(max-width: 768px)\" srcset=\"https:\/\/files.sunoresearch.com.br\/n\/uploads\/2020\/02\/30354747-argentina-400x200.webp\">\n\t\t\t\t<img loading=\"lazy\" decoding=\"async\" class=\"newsContent__article__imgCapa lazyloadDisabled newsContent__article__imgCapa--noCaption\" src=\"https:\/\/files.sunoresearch.com.br\/n\/uploads\/2020\/02\/30354747-argentina-jpg.webp\" width=\"800\" height=\"450\" alt=\"Tens\u00e3o entre Argentina e credores cria impasse na renegocia\u00e7\u00e3o da d\u00edvida\" fetchpriority=high \/>\n\t\t\t<\/picture>\n\n\t\t\t<figcaption class=\"wp-caption-text wp-caption-text--hide\">Guzm\u00e1n diz que Argentina buscar\u00e1 novo plano com o FMI<\/figcaption>\n\t\t<\/figure>\n\t<\/div>\n\n\n\n<p>Os credores e a Argentina declararam no final desta quarta-feira (17) que recusam os termos que estavam sendo negociados para a restrutura\u00e7\u00e3o da <a href=\"https:\/\/www.suno.com.br\/artigos\/divida-publica\/\"><strong>d\u00edvida p\u00fablica<\/strong><\/a>.<\/p>\n<p>O governo da Argentina informou que n\u00e3o poderia &#8220;se comprometer de forma respons\u00e1vel&#8221; com os termos oferecidos pelos credores. Tamb\u00e9m acrescentou que alguns eram &#8220;amplamente inconsistentes com a estrutura de sustentabilidade da d\u00edvida para a Argentina restaurar a estabilidade macroecon\u00f4mica e avan\u00e7ar em dire\u00e7\u00e3o a um programa com o <strong><a href=\"https:\/\/www.suno.com.br\/artigos\/fmi\/\">FMI<\/a><\/strong>&#8220;.<\/p>\n<p><a href=\"https:\/\/lp.suno.com.br\/suno-one\/\">Suno One: acesse gratuitamente eBooks, Minicursos, Artigos e Video Aulas sobre investimentos com um \u00fanico cadastro. Clique para saber mais!<\/a><\/p>\n<p>&#8220;Al\u00e9m disso, o processo de negocia\u00e7\u00e3o com nossa comunidade de investidores revelou que a demanda dos investidores frequentemente diverge e n\u00e3o podem ser facilmente reconciliadas&#8221;.<\/p>\n<p>Isso significa que aproximadamente US $ 65 bilh\u00f5es (cerca de R$ 348 bilh\u00f5es) em t\u00edtulos poderiam ser deixados em <a href=\"https:\/\/www.suno.com.br\/artigos\/default\/\">default<\/a> por um longo per\u00edodo. Isso levou a terceira maior economia da Am\u00e9rica Latina a anunciar seu nono incumprimento de d\u00edvida soberana no dia 22 de maio, ap\u00f3s deixar de pagar os juros vencidos.<\/p>\n<p>O maior grupo de <a href=\"https:\/\/www.suno.com.br\/artigos\/bondholder\/\"><strong>bondholders<\/strong><\/a> do pa\u00eds se chama \u201c<strong>Ad Hoc<\/strong>\u201d e consiste em 13 gestores de ativos internacionais. O grupo afirmou que o governo da Argentina havia \u201cabandonado\u201d uma \u201coferta abrangente e sustent\u00e1vel de reestrutura\u00e7\u00e3o da d\u00edvida\u201d. As conversas com funcion\u00e1rios do governo foram descritas como um &#8220;fracasso&#8221;.<\/p>\n<h1 class=\"entry-title typescale-5\">Argentina posterga reestruturar\u00e3o da d\u00edvida<\/h1>\n<p>Na \u00faltima sexta-feira (12) a equipe econ\u00f4mica da Argentina decidiu adiar novamente o an\u00fancio da nova proposta de reorganiza\u00e7\u00e3o da d\u00edvida p\u00fablica.<\/p>\n<p><a href=\"https:\/\/www.suno.com.br\/noticias\/argentina-posterga-anuncio-proposta-reorganizacao-divida\/\">Veja tamb\u00e9m: Argentina posterga an\u00fancio da nova proposta de reestruturar\u00e3o da d\u00edvida<\/a><\/p>\n<p>Esta \u00e9 a quarta vez que o pa\u00eds vizinho prorroga a decis\u00e3o sobre sua d\u00edvida p\u00fablica desde maio. Al\u00e9m disso,\u00a0a Argentina marcou o nono <a href=\"https:\/\/www.suno.com.br\/artigos\/default\/\"><strong>default soberano<\/strong><\/a> ap\u00f3s descumprir o pagamento de US$ 500 milh\u00f5es (cerca de R$ 3 bilh\u00f5es) em juros de d\u00edvida.<\/p>\n\n","protected":false},"excerpt":{"rendered":"<p>As negocia\u00e7\u00f5es da reformula\u00e7\u00e3o da d\u00edvida Argentina entraram em um impasse nesta quinta-feira (18) devido a crescente tens\u00e3o entre funcion\u00e1rios do governo e credores internacionais. Guzm\u00e1n diz que Argentina buscar\u00e1 novo plano com o FMI Os credores e a Argentina declararam no final desta quarta-feira (17) que recusam os termos que estavam sendo negociados para [&hellip;]<\/p>\n","protected":false},"author":44,"featured_media":54203,"comment_status":"closed","ping_status":"closed","sticky":false,"template":"","format":"standard","meta":[],"categories":[63],"tags":[699,1265,806],"suno_strategy":[],"class_list":["post-69508","post","type-post","status-publish","format-standard","has-post-thumbnail","hentry","category-internacional","tag-argentina","tag-divida-publica-federal","tag-fundo-monetario-internacional-fmi"],"yoast_head":"<!-- This site is optimized with the Yoast SEO plugin v24.4 - https:\/\/yoast.com\/wordpress\/plugins\/seo\/ -->\n<title>Tens\u00e3o entre Argentina e credores cria impasse na renegocia\u00e7\u00e3o da d\u00edvida<\/title>\n<meta name=\"description\" content=\"As renegocia\u00e7\u00f5es da d\u00edvida Argentina entraram em um impasse devido a crescente tens\u00e3o entre o governo e os credores. Clique para ver mais.\" \/>\n<meta name=\"robots\" content=\"index, follow, max-snippet:-1, max-image-preview:large, max-video-preview:-1\" \/>\n<link rel=\"canonical\" href=\"https:\/\/www.suno.com.br\/noticias\/tensao-argentina-credores-impasse-renegociacao-divida\/\" \/>\n<meta property=\"og:locale\" content=\"pt_BR\" \/>\n<meta property=\"og:type\" content=\"article\" \/>\n<meta property=\"og:title\" content=\"Tens\u00e3o entre Argentina e credores cria impasse na renegocia\u00e7\u00e3o da d\u00edvida\" \/>\n<meta property=\"og:description\" content=\"As renegocia\u00e7\u00f5es da d\u00edvida Argentina entraram em um impasse devido a crescente tens\u00e3o entre o governo e os credores. Clique para ver mais.\" \/>\n<meta property=\"og:url\" content=\"https:\/\/www.suno.com.br\/noticias\/tensao-argentina-credores-impasse-renegociacao-divida\/\" \/>\n<meta property=\"og:site_name\" content=\"Suno Not\u00edcias\" \/>\n<meta property=\"article:publisher\" content=\"https:\/\/facebook.com\/sunoresearch\" \/>\n<meta property=\"og:image\" content=\"https:\/\/files.sunoresearch.com.br\/n\/uploads\/2020\/02\/30354747-argentina.jpg\" \/>\n\t<meta property=\"og:image:width\" content=\"499\" \/>\n\t<meta property=\"og:image:height\" content=\"333\" \/>\n\t<meta property=\"og:image:type\" content=\"image\/jpeg\" \/>\n<meta name=\"author\" content=\"Daniel Guimar\u00e3es\" \/>\n<meta name=\"twitter:card\" content=\"summary_large_image\" \/>\n<meta name=\"twitter:creator\" content=\"@sunoresearch\" \/>\n<meta name=\"twitter:site\" content=\"@sunoresearch\" \/>\n<meta name=\"twitter:label1\" content=\"Escrito por\" \/>\n\t<meta name=\"twitter:data1\" content=\"Daniel Guimar\u00e3es\" \/>\n\t<meta name=\"twitter:label2\" content=\"Est. tempo de leitura\" \/>\n\t<meta name=\"twitter:data2\" content=\"2 minutos\" \/>\n<script type=\"application\/ld+json\" class=\"yoast-schema-graph\">{\"@context\":\"https:\/\/schema.org\",\"@graph\":[{\"@type\":\"NewsArticle\",\"@id\":\"https:\/\/www.suno.com.br\/noticias\/tensao-argentina-credores-impasse-renegociacao-divida\/#article\",\"isPartOf\":{\"@id\":\"https:\/\/www.suno.com.br\/noticias\/tensao-argentina-credores-impasse-renegociacao-divida\/\"},\"author\":{\"name\":\"Daniel Guimar\u00e3es\",\"@id\":\"https:\/\/www.suno.com.br\/noticias\/#\/schema\/person\/a7796c19fcf6bafd03b9a2fa1fd9ae20\"},\"headline\":\"Tens\u00e3o entre Argentina e credores cria impasse na renegocia\u00e7\u00e3o da d\u00edvida\",\"datePublished\":\"2020-06-18T18:55:17+00:00\",\"dateModified\":\"2021-06-21T08:49:49+00:00\",\"mainEntityOfPage\":{\"@id\":\"https:\/\/www.suno.com.br\/noticias\/tensao-argentina-credores-impasse-renegociacao-divida\/\"},\"wordCount\":391,\"publisher\":{\"@id\":\"https:\/\/www.suno.com.br\/noticias\/#organization\"},\"image\":{\"@id\":\"https:\/\/www.suno.com.br\/noticias\/tensao-argentina-credores-impasse-renegociacao-divida\/#primaryimage\"},\"thumbnailUrl\":\"https:\/\/files.sunoresearch.com.br\/n\/uploads\/2020\/02\/30354747-argentina-jpg.webp\",\"keywords\":[\"Argentina\",\"D\u00edvida P\u00fablica Federal\",\"Fundo Monet\u00e1rio Internacional (FMI)\"],\"articleSection\":[\"Internacional\"],\"inLanguage\":\"pt-BR\"},{\"@type\":\"WebPage\",\"@id\":\"https:\/\/www.suno.com.br\/noticias\/tensao-argentina-credores-impasse-renegociacao-divida\/\",\"url\":\"https:\/\/www.suno.com.br\/noticias\/tensao-argentina-credores-impasse-renegociacao-divida\/\",\"name\":\"Tens\u00e3o entre Argentina e credores cria impasse na renegocia\u00e7\u00e3o da d\u00edvida\",\"isPartOf\":{\"@id\":\"https:\/\/www.suno.com.br\/noticias\/#website\"},\"primaryImageOfPage\":{\"@id\":\"https:\/\/www.suno.com.br\/noticias\/tensao-argentina-credores-impasse-renegociacao-divida\/#primaryimage\"},\"image\":{\"@id\":\"https:\/\/www.suno.com.br\/noticias\/tensao-argentina-credores-impasse-renegociacao-divida\/#primaryimage\"},\"thumbnailUrl\":\"https:\/\/files.sunoresearch.com.br\/n\/uploads\/2020\/02\/30354747-argentina-jpg.webp\",\"datePublished\":\"2020-06-18T18:55:17+00:00\",\"dateModified\":\"2021-06-21T08:49:49+00:00\",\"description\":\"As renegocia\u00e7\u00f5es da d\u00edvida Argentina entraram em um impasse devido a crescente tens\u00e3o entre o governo e os credores. Clique para ver mais.\",\"breadcrumb\":{\"@id\":\"https:\/\/www.suno.com.br\/noticias\/tensao-argentina-credores-impasse-renegociacao-divida\/#breadcrumb\"},\"inLanguage\":\"pt-BR\",\"potentialAction\":[{\"@type\":\"ReadAction\",\"target\":[\"https:\/\/www.suno.com.br\/noticias\/tensao-argentina-credores-impasse-renegociacao-divida\/\"]}]},{\"@type\":\"ImageObject\",\"inLanguage\":\"pt-BR\",\"@id\":\"https:\/\/www.suno.com.br\/noticias\/tensao-argentina-credores-impasse-renegociacao-divida\/#primaryimage\",\"url\":\"https:\/\/files.sunoresearch.com.br\/n\/uploads\/2020\/02\/30354747-argentina-jpg.webp\",\"contentUrl\":\"https:\/\/files.sunoresearch.com.br\/n\/uploads\/2020\/02\/30354747-argentina-jpg.webp\",\"width\":499,\"height\":333,\"caption\":\"Guzm\u00e1n diz que Argentina buscar\u00e1 novo plano com o FMI\"},{\"@type\":\"BreadcrumbList\",\"@id\":\"https:\/\/www.suno.com.br\/noticias\/tensao-argentina-credores-impasse-renegociacao-divida\/#breadcrumb\",\"itemListElement\":[{\"@type\":\"ListItem\",\"position\":1,\"name\":\"Not\u00edcias\",\"item\":\"https:\/\/www.suno.com.br\/noticias\/\"},{\"@type\":\"ListItem\",\"position\":2,\"name\":\"Internacional\",\"item\":\"https:\/\/www.suno.com.br\/noticias\/internacional\/\"},{\"@type\":\"ListItem\",\"position\":3,\"name\":\"Tens\u00e3o entre Argentina e credores cria impasse na renegocia\u00e7\u00e3o da d\u00edvida\"}]},{\"@type\":\"WebSite\",\"@id\":\"https:\/\/www.suno.com.br\/noticias\/#website\",\"url\":\"https:\/\/www.suno.com.br\/noticias\/\",\"name\":\"Suno Not\u00edcias\",\"description\":\"Seu portal de informa\u00e7\u00e3o sobre o mundo dos investimentos\",\"publisher\":{\"@id\":\"https:\/\/www.suno.com.br\/noticias\/#organization\"},\"potentialAction\":[{\"@type\":\"SearchAction\",\"target\":{\"@type\":\"EntryPoint\",\"urlTemplate\":\"https:\/\/www.suno.com.br\/noticias\/?s={search_term_string}\"},\"query-input\":{\"@type\":\"PropertyValueSpecification\",\"valueRequired\":true,\"valueName\":\"search_term_string\"}}],\"inLanguage\":\"pt-BR\"},{\"@type\":\"Organization\",\"@id\":\"https:\/\/www.suno.com.br\/noticias\/#organization\",\"name\":\"Suno Not\u00edcias\",\"url\":\"https:\/\/www.suno.com.br\/noticias\/\",\"logo\":{\"@type\":\"ImageObject\",\"inLanguage\":\"pt-BR\",\"@id\":\"https:\/\/www.suno.com.br\/noticias\/#\/schema\/logo\/image\/\",\"url\":\"https:\/\/files.sunoresearch.com.br\/n\/uploads\/2021\/09\/suno-logo.png\",\"contentUrl\":\"https:\/\/files.sunoresearch.com.br\/n\/uploads\/2021\/09\/suno-logo.png\",\"width\":180,\"height\":180,\"caption\":\"Suno Not\u00edcias\"},\"image\":{\"@id\":\"https:\/\/www.suno.com.br\/noticias\/#\/schema\/logo\/image\/\"},\"sameAs\":[\"https:\/\/facebook.com\/sunoresearch\",\"https:\/\/x.com\/sunoresearch\",\"https:\/\/www.instagram.com\/suno\",\"https:\/\/www.linkedin.com\/company\/suno-research\/\",\"https:\/\/www.youtube.com\/c\/sunoresearch\"]},{\"@type\":\"Person\",\"@id\":\"https:\/\/www.suno.com.br\/noticias\/#\/schema\/person\/a7796c19fcf6bafd03b9a2fa1fd9ae20\",\"name\":\"Daniel Guimar\u00e3es\",\"image\":{\"@type\":\"ImageObject\",\"inLanguage\":\"pt-BR\",\"@id\":\"https:\/\/www.suno.com.br\/noticias\/#\/schema\/person\/image\/\",\"url\":\"https:\/\/secure.gravatar.com\/avatar\/fb8260757609f58f0c0ac079d1b32eff?s=96&r=g\",\"contentUrl\":\"https:\/\/secure.gravatar.com\/avatar\/fb8260757609f58f0c0ac079d1b32eff?s=96&r=g\",\"caption\":\"Daniel Guimar\u00e3es\"},\"description\":\"Estagi\u00e1rio na Suno Not\u00edcias, Daniel escreve not\u00edcias que afetam o mercado financeiro brasileiro e internacional. Estuda economia na Rutgers University, em New Jersey.\",\"sameAs\":[\"suno.research\"],\"url\":\"https:\/\/www.suno.com.br\/noticias\/author\/daniel\/\"}]}<\/script>\n<!-- \/ Yoast SEO plugin. -->","yoast_head_json":{"title":"Tens\u00e3o entre Argentina e credores cria impasse na renegocia\u00e7\u00e3o da d\u00edvida","description":"As renegocia\u00e7\u00f5es da d\u00edvida Argentina entraram em um impasse devido a crescente tens\u00e3o entre o governo e os credores. Clique para ver mais.","robots":{"index":"index","follow":"follow","max-snippet":"max-snippet:-1","max-image-preview":"max-image-preview:large","max-video-preview":"max-video-preview:-1"},"canonical":"https:\/\/www.suno.com.br\/noticias\/tensao-argentina-credores-impasse-renegociacao-divida\/","og_locale":"pt_BR","og_type":"article","og_title":"Tens\u00e3o entre Argentina e credores cria impasse na renegocia\u00e7\u00e3o da d\u00edvida","og_description":"As renegocia\u00e7\u00f5es da d\u00edvida Argentina entraram em um impasse devido a crescente tens\u00e3o entre o governo e os credores. Clique para ver mais.","og_url":"https:\/\/www.suno.com.br\/noticias\/tensao-argentina-credores-impasse-renegociacao-divida\/","og_site_name":"Suno Not\u00edcias","article_publisher":"https:\/\/facebook.com\/sunoresearch","og_image":[{"width":499,"height":333,"url":"https:\/\/files.sunoresearch.com.br\/n\/uploads\/2020\/02\/30354747-argentina.jpg","type":"image\/jpeg"}],"author":"Daniel Guimar\u00e3es","twitter_card":"summary_large_image","twitter_creator":"@sunoresearch","twitter_site":"@sunoresearch","twitter_misc":{"Escrito por":"Daniel Guimar\u00e3es","Est. tempo de leitura":"2 minutos"},"schema":{"@context":"https:\/\/schema.org","@graph":[{"@type":"NewsArticle","@id":"https:\/\/www.suno.com.br\/noticias\/tensao-argentina-credores-impasse-renegociacao-divida\/#article","isPartOf":{"@id":"https:\/\/www.suno.com.br\/noticias\/tensao-argentina-credores-impasse-renegociacao-divida\/"},"author":{"name":"Daniel Guimar\u00e3es","@id":"https:\/\/www.suno.com.br\/noticias\/#\/schema\/person\/a7796c19fcf6bafd03b9a2fa1fd9ae20"},"headline":"Tens\u00e3o entre Argentina e credores cria impasse na renegocia\u00e7\u00e3o da d\u00edvida","datePublished":"2020-06-18T18:55:17+00:00","dateModified":"2021-06-21T08:49:49+00:00","mainEntityOfPage":{"@id":"https:\/\/www.suno.com.br\/noticias\/tensao-argentina-credores-impasse-renegociacao-divida\/"},"wordCount":391,"publisher":{"@id":"https:\/\/www.suno.com.br\/noticias\/#organization"},"image":{"@id":"https:\/\/www.suno.com.br\/noticias\/tensao-argentina-credores-impasse-renegociacao-divida\/#primaryimage"},"thumbnailUrl":"https:\/\/files.sunoresearch.com.br\/n\/uploads\/2020\/02\/30354747-argentina-jpg.webp","keywords":["Argentina","D\u00edvida P\u00fablica Federal","Fundo Monet\u00e1rio Internacional (FMI)"],"articleSection":["Internacional"],"inLanguage":"pt-BR"},{"@type":"WebPage","@id":"https:\/\/www.suno.com.br\/noticias\/tensao-argentina-credores-impasse-renegociacao-divida\/","url":"https:\/\/www.suno.com.br\/noticias\/tensao-argentina-credores-impasse-renegociacao-divida\/","name":"Tens\u00e3o entre Argentina e credores cria impasse na renegocia\u00e7\u00e3o da d\u00edvida","isPartOf":{"@id":"https:\/\/www.suno.com.br\/noticias\/#website"},"primaryImageOfPage":{"@id":"https:\/\/www.suno.com.br\/noticias\/tensao-argentina-credores-impasse-renegociacao-divida\/#primaryimage"},"image":{"@id":"https:\/\/www.suno.com.br\/noticias\/tensao-argentina-credores-impasse-renegociacao-divida\/#primaryimage"},"thumbnailUrl":"https:\/\/files.sunoresearch.com.br\/n\/uploads\/2020\/02\/30354747-argentina-jpg.webp","datePublished":"2020-06-18T18:55:17+00:00","dateModified":"2021-06-21T08:49:49+00:00","description":"As renegocia\u00e7\u00f5es da d\u00edvida Argentina entraram em um impasse devido a crescente tens\u00e3o entre o governo e os credores. Clique para ver mais.","breadcrumb":{"@id":"https:\/\/www.suno.com.br\/noticias\/tensao-argentina-credores-impasse-renegociacao-divida\/#breadcrumb"},"inLanguage":"pt-BR","potentialAction":[{"@type":"ReadAction","target":["https:\/\/www.suno.com.br\/noticias\/tensao-argentina-credores-impasse-renegociacao-divida\/"]}]},{"@type":"ImageObject","inLanguage":"pt-BR","@id":"https:\/\/www.suno.com.br\/noticias\/tensao-argentina-credores-impasse-renegociacao-divida\/#primaryimage","url":"https:\/\/files.sunoresearch.com.br\/n\/uploads\/2020\/02\/30354747-argentina-jpg.webp","contentUrl":"https:\/\/files.sunoresearch.com.br\/n\/uploads\/2020\/02\/30354747-argentina-jpg.webp","width":499,"height":333,"caption":"Guzm\u00e1n diz que Argentina buscar\u00e1 novo plano com o FMI"},{"@type":"BreadcrumbList","@id":"https:\/\/www.suno.com.br\/noticias\/tensao-argentina-credores-impasse-renegociacao-divida\/#breadcrumb","itemListElement":[{"@type":"ListItem","position":1,"name":"Not\u00edcias","item":"https:\/\/www.suno.com.br\/noticias\/"},{"@type":"ListItem","position":2,"name":"Internacional","item":"https:\/\/www.suno.com.br\/noticias\/internacional\/"},{"@type":"ListItem","position":3,"name":"Tens\u00e3o entre Argentina e credores cria impasse na renegocia\u00e7\u00e3o da d\u00edvida"}]},{"@type":"WebSite","@id":"https:\/\/www.suno.com.br\/noticias\/#website","url":"https:\/\/www.suno.com.br\/noticias\/","name":"Suno Not\u00edcias","description":"Seu portal de informa\u00e7\u00e3o sobre o mundo dos investimentos","publisher":{"@id":"https:\/\/www.suno.com.br\/noticias\/#organization"},"potentialAction":[{"@type":"SearchAction","target":{"@type":"EntryPoint","urlTemplate":"https:\/\/www.suno.com.br\/noticias\/?s={search_term_string}"},"query-input":{"@type":"PropertyValueSpecification","valueRequired":true,"valueName":"search_term_string"}}],"inLanguage":"pt-BR"},{"@type":"Organization","@id":"https:\/\/www.suno.com.br\/noticias\/#organization","name":"Suno Not\u00edcias","url":"https:\/\/www.suno.com.br\/noticias\/","logo":{"@type":"ImageObject","inLanguage":"pt-BR","@id":"https:\/\/www.suno.com.br\/noticias\/#\/schema\/logo\/image\/","url":"https:\/\/files.sunoresearch.com.br\/n\/uploads\/2021\/09\/suno-logo.png","contentUrl":"https:\/\/files.sunoresearch.com.br\/n\/uploads\/2021\/09\/suno-logo.png","width":180,"height":180,"caption":"Suno Not\u00edcias"},"image":{"@id":"https:\/\/www.suno.com.br\/noticias\/#\/schema\/logo\/image\/"},"sameAs":["https:\/\/facebook.com\/sunoresearch","https:\/\/x.com\/sunoresearch","https:\/\/www.instagram.com\/suno","https:\/\/www.linkedin.com\/company\/suno-research\/","https:\/\/www.youtube.com\/c\/sunoresearch"]},{"@type":"Person","@id":"https:\/\/www.suno.com.br\/noticias\/#\/schema\/person\/a7796c19fcf6bafd03b9a2fa1fd9ae20","name":"Daniel Guimar\u00e3es","image":{"@type":"ImageObject","inLanguage":"pt-BR","@id":"https:\/\/www.suno.com.br\/noticias\/#\/schema\/person\/image\/","url":"https:\/\/secure.gravatar.com\/avatar\/fb8260757609f58f0c0ac079d1b32eff?s=96&r=g","contentUrl":"https:\/\/secure.gravatar.com\/avatar\/fb8260757609f58f0c0ac079d1b32eff?s=96&r=g","caption":"Daniel Guimar\u00e3es"},"description":"Estagi\u00e1rio na Suno Not\u00edcias, Daniel escreve not\u00edcias que afetam o mercado financeiro brasileiro e internacional. Estuda economia na Rutgers University, em New Jersey.","sameAs":["suno.research"],"url":"https:\/\/www.suno.com.br\/noticias\/author\/daniel\/"}]}},"default_loop_html":"<div class=\"cardsPage__listCard__boxs\"><div class=\"cardsPage__listCard__boxs__img\"><a href=\"https:\/\/www.suno.com.br\/noticias\/tensao-argentina-credores-impasse-renegociacao-divida\/\"><img class=\"mask\" src=\"https:\/\/www.suno.com.br\/noticias\/wp-content\/themes\/suno\/resources\/images\/spotlight\/spotlight1img\/bg-mask.png\" alt=\"Image Mask\"\/><img src=\"https:\/\/files.sunoresearch.com.br\/n\/uploads\/2020\/02\/30354747-argentina-400x200.webp\" alt=\"Tens\u00e3o entre Argentina e credores cria impasse na renegocia\u00e7\u00e3o da d\u00edvida\"\/><\/a><span class=\"spotlightCategory\"><a href=\"https:\/\/www.suno.com.br\/noticias\/internacional\/\">Internacional<\/a><\/span><\/div><div class=\"cardsPage__listCard__boxs__content\"><a href=\"https:\/\/www.suno.com.br\/noticias\/tensao-argentina-credores-impasse-renegociacao-divida\/\"><h2 class=\"content__title\">Tens\u00e3o entre Argentina e credores cria impasse na renegocia\u00e7\u00e3o da d\u00edvida<\/h2><\/a><div class=\"newsContent__article__meta\"><div class=\"newsContent__article__meta__authorBox\"><a href=\"https:\/\/www.suno.com.br\/noticias\/author\/daniel\/\" class=\"authorBox__avatar noMobi\"><img src=\"https:\/\/files.sunoresearch.com.br\/n\/uploads\/2020\/08\/e51aadd2-whatsapp-image-2020-08-03-at-14.03.48-150x150.webp\" alt=\"Daniel Guimar\u00e3es\"><\/a><div class=\"authorBox__name\"><span>por\n\t\t\t<a href=\"https:\/\/www.suno.com.br\/noticias\/author\/daniel\/\"><span itemprop=\"author\">Daniel Guimar\u00e3es<\/span><\/a><\/span><time datetime=\"2020-06-18T15:55:17-03:00\" itemprop=\"datePublished\">18\/06\/2020 15:55<\/time><\/div><\/div><\/div><\/div><\/div>","single_layout":"posts","amp_enabled":true,"_links":{"self":[{"href":"https:\/\/www.suno.com.br\/noticias\/wp-json\/wp\/v2\/posts\/69508"}],"collection":[{"href":"https:\/\/www.suno.com.br\/noticias\/wp-json\/wp\/v2\/posts"}],"about":[{"href":"https:\/\/www.suno.com.br\/noticias\/wp-json\/wp\/v2\/types\/post"}],"author":[{"embeddable":true,"href":"https:\/\/www.suno.com.br\/noticias\/wp-json\/wp\/v2\/users\/44"}],"replies":[{"embeddable":true,"href":"https:\/\/www.suno.com.br\/noticias\/wp-json\/wp\/v2\/comments?post=69508"}],"version-history":[{"count":1,"href":"https:\/\/www.suno.com.br\/noticias\/wp-json\/wp\/v2\/posts\/69508\/revisions"}],"predecessor-version":[{"id":159643,"href":"https:\/\/www.suno.com.br\/noticias\/wp-json\/wp\/v2\/posts\/69508\/revisions\/159643"}],"wp:featuredmedia":[{"embeddable":true,"href":"https:\/\/www.suno.com.br\/noticias\/wp-json\/wp\/v2\/media\/54203"}],"wp:attachment":[{"href":"https:\/\/www.suno.com.br\/noticias\/wp-json\/wp\/v2\/media?parent=69508"}],"wp:term":[{"taxonomy":"category","embeddable":true,"href":"https:\/\/www.suno.com.br\/noticias\/wp-json\/wp\/v2\/categories?post=69508"},{"taxonomy":"post_tag","embeddable":true,"href":"https:\/\/www.suno.com.br\/noticias\/wp-json\/wp\/v2\/tags?post=69508"},{"taxonomy":"suno_strategy","embeddable":true,"href":"https:\/\/www.suno.com.br\/noticias\/wp-json\/wp\/v2\/suno_strategy?post=69508"}],"curies":[{"name":"wp","href":"https:\/\/api.w.org\/{rel}","templated":true}]}}