{"id":69504,"date":"2020-06-18T15:54:00","date_gmt":"2020-06-18T18:54:00","guid":{"rendered":"https:\/\/www.suno.com.br\/noticias\/?p=69504"},"modified":"2021-06-24T16:39:28","modified_gmt":"2021-06-24T19:39:28","slug":"imposto-de-renda-receita-federal-declaracoes","status":"publish","type":"post","link":"https:\/\/www.suno.com.br\/noticias\/imposto-de-renda-receita-federal-declaracoes\/","title":{"rendered":"Imposto de Renda: Receita Federal recebe 20,3 milh\u00f5es de declara\u00e7\u00f5es"},"content":{"rendered":"<p>A <a href=\"https:\/\/www.suno.com.br\/noticias\/tags\/receita-federal\/\">Receita Federal<\/a> informou na manh\u00e3 dessa quinta-feira (18) que at\u00e9 as 11h j\u00e1 havia recebido cerca de 20.351.406 declara\u00e7\u00f5es de <a href=\"https:\/\/www.suno.com.br\/artigos\/imposto-de-renda-guia\/\"><strong>Imposto de Renda<\/strong> Pessoa F\u00edsica (IRPF)<\/a>. O \u00f3rg\u00e3o destaca que as entregas podem ser feitas at\u00e9 o dia 30 de junho, mas orienta que os contribuintes n\u00e3o deixem para \u00faltima hora.<\/p>\t<div class=\"wrapper-featured-image\">\n\t\t<figure class=\"spotlightImg\">\n\n\t\t\t<picture>\n\t\t\t\t<source media=\"(max-width: 768px)\" srcset=\"https:\/\/files.sunoresearch.com.br\/n\/uploads\/2018\/12\/818db964-imposto-de-renda-400x200.webp\">\n\t\t\t\t<img loading=\"lazy\" decoding=\"async\" class=\"newsContent__article__imgCapa lazyloadDisabled newsContent__article__imgCapa--noCaption\" src=\"https:\/\/files.sunoresearch.com.br\/n\/uploads\/2018\/12\/818db964-imposto-de-renda-800x450.webp\" width=\"800\" height=\"450\" alt=\"Imposto de Renda: Receita Federal recebe 20,3 milh\u00f5es de declara\u00e7\u00f5es\" fetchpriority=high \/>\n\t\t\t<\/picture>\n\n\t\t\t<figcaption class=\"wp-caption-text wp-caption-text--hide\">Imposto de Renda:<\/figcaption>\n\t\t<\/figure>\n\t<\/div>\n\n\n\n<p>A <strong>Receita Federal<\/strong> ressaltou que os contribuintes que n\u00e3o entregarem as declara\u00e7\u00f5es de Imposto de Renda at\u00e9 a data limite ter\u00e3o que arcar com uma multa cujo valor m\u00ednimo ser\u00e1 de R$ 165,74, podendo chegar at\u00e9 a 20% do <a href=\"https:\/\/www.suno.com.br\/artigos\/carga-tributaria\/\">imposto<\/a> devido. Vale destacar que a data prevista para entrega era at\u00e9 o dia 30 de abril, contudo, essa foi prorrogada para o final desse m\u00eas, devido aos impactos da<a href=\"https:\/\/www.suno.com.br\/noticias\/tags\/coronavirus\/\"> pandemia do novo coronav\u00edrus (Covid-19).<\/a><\/p>\n<p>O \u00f3rg\u00e3o projeta que cerca de 32 milh\u00f5es de declara\u00e7\u00f5es sejam entregues em 2020. Frente a isso, a Receita salienta que quanto mais cedo essas forem enviadas, mais rapidamente acontecer\u00e1 o processamento, bem como a <a href=\"https:\/\/www.suno.com.br\/artigos\/restituicao-do-imposto-de-renda\/\">restitui\u00e7\u00e3o<\/a>.<\/p>\n<p><a href=\"https:\/\/lp.suno.com.br\/suno-one\/\">Suno One: acesse gratuitamente eBooks, Minicursos, Artigos e Video Aulas sobre investimentos com um \u00fanico cadastro. Clique para saber mais!<\/a><\/p>\n<p>&nbsp;<\/p>\n<p>O supervisor nacional do <strong>IR<\/strong>, Joaquim Adir, indicou no in\u00edcio da semana que &#8220;\u00e9 importante que o declarante junte a documenta\u00e7\u00e3o e comece o preenchimento para o envio, a fim de se evitar atropelos de \u00faltima hora, j\u00e1 que muitas d\u00favidas surgem nesse momento&#8221;.<\/p>\n<p>Al\u00e9m disso, a Receita federal afirmou que disponibilizou instru\u00e7\u00f5es referentes a declara\u00e7\u00e3o no seu site, para auxiliar os contribuintes.<\/p>\n<h2>Confira o calend\u00e1rio de restitui\u00e7\u00f5es do Imposto de Renda<\/h2>\n<p>A Receita Federal informou tamb\u00e9m em abril que manteria o calend\u00e1rio de restitui\u00e7\u00e3o do IRPF<b>. <\/b>As restitui\u00e7\u00f5es do Imposto de Renda em 2020 ocorrer\u00e3o da seguinte forma:<\/p>\n<div data-element=\"suno-ads\">\n<ul>\n<li>1\u00ba lote: 29 de maio de 2020<\/li>\n<li>2\u00ba lote: 30 de junho de 2020<\/li>\n<li>3\u00ba lote: 31 de julho de 2020<\/li>\n<li>4\u00ba lote: 31 de agosto de 2020<\/li>\n<li>5\u00ba lote: 30 de setembro de 2020<\/li>\n<\/ul>\n<p><a href=\"https:\/\/www.suno.com.br\/noticias\/imposto-de-renda-regras-para-declarar\/\">Saiba mais: Imposto de Renda: confira as novas regras para declarar<\/a><\/p>\n<p>O valor total das restitui\u00e7\u00f5es do primeiro lote deveria ser de R$ 2 bilh\u00f5es. Ser\u00e3o priorizados idosos, pessoas com defici\u00eancia e portadores de doen\u00e7as graves. As demais restitui\u00e7\u00f5es ser\u00e3o pagas nos pr\u00f3ximos lotes, seguindo a ordem de entrega das declara\u00e7\u00f5es do <strong>Imposto de Renda<\/strong>.<\/p>\n\n<\/div>\n","protected":false},"excerpt":{"rendered":"<p>A Receita Federal informou na manh\u00e3 dessa quinta-feira (18) que at\u00e9 as 11h j\u00e1 havia recebido cerca de 20.351.406 declara\u00e7\u00f5es de Imposto de Renda Pessoa F\u00edsica (IRPF). O \u00f3rg\u00e3o destaca que as entregas podem ser feitas at\u00e9 o dia 30 de junho, mas orienta que os contribuintes n\u00e3o deixem para \u00faltima hora. Imposto de Renda: [&hellip;]<\/p>\n","protected":false},"author":39,"featured_media":8260,"comment_status":"closed","ping_status":"closed","sticky":false,"template":"","format":"standard","meta":[],"categories":[65],"tags":[303,704,847],"suno_strategy":[],"class_list":["post-69504","post","type-post","status-publish","format-standard","has-post-thumbnail","hentry","category-financas-pessoais","tag-imposto-de-renda","tag-impostos","tag-receita-federal"],"yoast_head":"<!-- This site is optimized with the Yoast SEO plugin v24.4 - https:\/\/yoast.com\/wordpress\/plugins\/seo\/ -->\n<title>Imposto de Renda: Receita Federal recebe 20,3 milh\u00f5es de declara\u00e7\u00f5es<\/title>\n<meta name=\"description\" content=\"A Receita Federa j\u00e1 recebeu e 20.351.406 declara\u00e7\u00f5es de Imposto de Renda Pessoa F\u00edsica at\u00e9 a manha dessa quinta. Clique aqui para saber mais.\" \/>\n<meta name=\"robots\" content=\"index, follow, max-snippet:-1, max-image-preview:large, max-video-preview:-1\" \/>\n<link rel=\"canonical\" href=\"https:\/\/www.suno.com.br\/noticias\/imposto-de-renda-receita-federal-declaracoes\/\" \/>\n<meta property=\"og:locale\" content=\"pt_BR\" \/>\n<meta property=\"og:type\" content=\"article\" \/>\n<meta property=\"og:title\" content=\"Imposto de Renda: Receita Federal recebe 20,3 milh\u00f5es de declara\u00e7\u00f5es\" \/>\n<meta property=\"og:description\" content=\"A Receita Federa j\u00e1 recebeu e 20.351.406 declara\u00e7\u00f5es de Imposto de Renda Pessoa F\u00edsica at\u00e9 a manha dessa quinta. Clique aqui para saber mais.\" \/>\n<meta property=\"og:url\" content=\"https:\/\/www.suno.com.br\/noticias\/imposto-de-renda-receita-federal-declaracoes\/\" \/>\n<meta property=\"og:site_name\" content=\"Suno Not\u00edcias\" \/>\n<meta property=\"article:publisher\" content=\"https:\/\/facebook.com\/sunoresearch\" \/>\n<meta property=\"og:image\" content=\"https:\/\/files.sunoresearch.com.br\/n\/uploads\/2018\/12\/818db964-imposto-de-renda.jpg\" \/>\n\t<meta property=\"og:image:width\" content=\"1024\" \/>\n\t<meta property=\"og:image:height\" content=\"683\" \/>\n\t<meta property=\"og:image:type\" content=\"image\/jpeg\" \/>\n<meta name=\"author\" content=\"Laura Moutinho\" \/>\n<meta name=\"twitter:card\" content=\"summary_large_image\" \/>\n<meta name=\"twitter:creator\" content=\"@sunoresearch\" \/>\n<meta name=\"twitter:site\" content=\"@sunoresearch\" \/>\n<meta name=\"twitter:label1\" content=\"Escrito por\" \/>\n\t<meta name=\"twitter:data1\" content=\"Laura Moutinho\" \/>\n\t<meta name=\"twitter:label2\" content=\"Est. tempo de leitura\" \/>\n\t<meta name=\"twitter:data2\" content=\"2 minutos\" \/>\n<script type=\"application\/ld+json\" class=\"yoast-schema-graph\">{\"@context\":\"https:\/\/schema.org\",\"@graph\":[{\"@type\":\"NewsArticle\",\"@id\":\"https:\/\/www.suno.com.br\/noticias\/imposto-de-renda-receita-federal-declaracoes\/#article\",\"isPartOf\":{\"@id\":\"https:\/\/www.suno.com.br\/noticias\/imposto-de-renda-receita-federal-declaracoes\/\"},\"author\":{\"name\":\"Laura Moutinho\",\"@id\":\"https:\/\/www.suno.com.br\/noticias\/#\/schema\/person\/3df0d2808748b74496efe5dbeaef2c72\"},\"headline\":\"Imposto de Renda: Receita Federal recebe 20,3 milh\u00f5es de declara\u00e7\u00f5es\",\"datePublished\":\"2020-06-18T18:54:00+00:00\",\"dateModified\":\"2021-06-24T19:39:28+00:00\",\"mainEntityOfPage\":{\"@id\":\"https:\/\/www.suno.com.br\/noticias\/imposto-de-renda-receita-federal-declaracoes\/\"},\"wordCount\":401,\"publisher\":{\"@id\":\"https:\/\/www.suno.com.br\/noticias\/#organization\"},\"image\":{\"@id\":\"https:\/\/www.suno.com.br\/noticias\/imposto-de-renda-receita-federal-declaracoes\/#primaryimage\"},\"thumbnailUrl\":\"https:\/\/files.sunoresearch.com.br\/n\/uploads\/2018\/12\/818db964-imposto-de-renda-jpg.webp\",\"keywords\":[\"Imposto de Renda\",\"impostos\",\"Receita Federal\"],\"articleSection\":[\"Finan\u00e7as Pessoais\"],\"inLanguage\":\"pt-BR\"},{\"@type\":\"WebPage\",\"@id\":\"https:\/\/www.suno.com.br\/noticias\/imposto-de-renda-receita-federal-declaracoes\/\",\"url\":\"https:\/\/www.suno.com.br\/noticias\/imposto-de-renda-receita-federal-declaracoes\/\",\"name\":\"Imposto de Renda: Receita Federal recebe 20,3 milh\u00f5es de declara\u00e7\u00f5es\",\"isPartOf\":{\"@id\":\"https:\/\/www.suno.com.br\/noticias\/#website\"},\"primaryImageOfPage\":{\"@id\":\"https:\/\/www.suno.com.br\/noticias\/imposto-de-renda-receita-federal-declaracoes\/#primaryimage\"},\"image\":{\"@id\":\"https:\/\/www.suno.com.br\/noticias\/imposto-de-renda-receita-federal-declaracoes\/#primaryimage\"},\"thumbnailUrl\":\"https:\/\/files.sunoresearch.com.br\/n\/uploads\/2018\/12\/818db964-imposto-de-renda-jpg.webp\",\"datePublished\":\"2020-06-18T18:54:00+00:00\",\"dateModified\":\"2021-06-24T19:39:28+00:00\",\"description\":\"A Receita Federa j\u00e1 recebeu e 20.351.406 declara\u00e7\u00f5es de Imposto de Renda Pessoa F\u00edsica at\u00e9 a manha dessa quinta. Clique aqui para saber mais.\",\"breadcrumb\":{\"@id\":\"https:\/\/www.suno.com.br\/noticias\/imposto-de-renda-receita-federal-declaracoes\/#breadcrumb\"},\"inLanguage\":\"pt-BR\",\"potentialAction\":[{\"@type\":\"ReadAction\",\"target\":[\"https:\/\/www.suno.com.br\/noticias\/imposto-de-renda-receita-federal-declaracoes\/\"]}]},{\"@type\":\"ImageObject\",\"inLanguage\":\"pt-BR\",\"@id\":\"https:\/\/www.suno.com.br\/noticias\/imposto-de-renda-receita-federal-declaracoes\/#primaryimage\",\"url\":\"https:\/\/files.sunoresearch.com.br\/n\/uploads\/2018\/12\/818db964-imposto-de-renda-jpg.webp\",\"contentUrl\":\"https:\/\/files.sunoresearch.com.br\/n\/uploads\/2018\/12\/818db964-imposto-de-renda-jpg.webp\",\"width\":1024,\"height\":683,\"caption\":\"Imposto de Renda:\"},{\"@type\":\"BreadcrumbList\",\"@id\":\"https:\/\/www.suno.com.br\/noticias\/imposto-de-renda-receita-federal-declaracoes\/#breadcrumb\",\"itemListElement\":[{\"@type\":\"ListItem\",\"position\":1,\"name\":\"Not\u00edcias\",\"item\":\"https:\/\/www.suno.com.br\/noticias\/\"},{\"@type\":\"ListItem\",\"position\":2,\"name\":\"Finan\u00e7as Pessoais\",\"item\":\"https:\/\/www.suno.com.br\/noticias\/financas-pessoais\/\"},{\"@type\":\"ListItem\",\"position\":3,\"name\":\"Imposto de Renda: Receita Federal recebe 20,3 milh\u00f5es de declara\u00e7\u00f5es\"}]},{\"@type\":\"WebSite\",\"@id\":\"https:\/\/www.suno.com.br\/noticias\/#website\",\"url\":\"https:\/\/www.suno.com.br\/noticias\/\",\"name\":\"Suno Not\u00edcias\",\"description\":\"Seu portal de informa\u00e7\u00e3o sobre o mundo dos investimentos\",\"publisher\":{\"@id\":\"https:\/\/www.suno.com.br\/noticias\/#organization\"},\"potentialAction\":[{\"@type\":\"SearchAction\",\"target\":{\"@type\":\"EntryPoint\",\"urlTemplate\":\"https:\/\/www.suno.com.br\/noticias\/?s={search_term_string}\"},\"query-input\":{\"@type\":\"PropertyValueSpecification\",\"valueRequired\":true,\"valueName\":\"search_term_string\"}}],\"inLanguage\":\"pt-BR\"},{\"@type\":\"Organization\",\"@id\":\"https:\/\/www.suno.com.br\/noticias\/#organization\",\"name\":\"Suno Not\u00edcias\",\"url\":\"https:\/\/www.suno.com.br\/noticias\/\",\"logo\":{\"@type\":\"ImageObject\",\"inLanguage\":\"pt-BR\",\"@id\":\"https:\/\/www.suno.com.br\/noticias\/#\/schema\/logo\/image\/\",\"url\":\"https:\/\/files.sunoresearch.com.br\/n\/uploads\/2021\/09\/suno-logo.png\",\"contentUrl\":\"https:\/\/files.sunoresearch.com.br\/n\/uploads\/2021\/09\/suno-logo.png\",\"width\":180,\"height\":180,\"caption\":\"Suno Not\u00edcias\"},\"image\":{\"@id\":\"https:\/\/www.suno.com.br\/noticias\/#\/schema\/logo\/image\/\"},\"sameAs\":[\"https:\/\/facebook.com\/sunoresearch\",\"https:\/\/x.com\/sunoresearch\",\"https:\/\/www.instagram.com\/suno\",\"https:\/\/www.linkedin.com\/company\/suno-research\/\",\"https:\/\/www.youtube.com\/c\/sunoresearch\"]},{\"@type\":\"Person\",\"@id\":\"https:\/\/www.suno.com.br\/noticias\/#\/schema\/person\/3df0d2808748b74496efe5dbeaef2c72\",\"name\":\"Laura Moutinho\",\"image\":{\"@type\":\"ImageObject\",\"inLanguage\":\"pt-BR\",\"@id\":\"https:\/\/www.suno.com.br\/noticias\/#\/schema\/person\/image\/\",\"url\":\"https:\/\/secure.gravatar.com\/avatar\/7571c7c8ca3a6fca5e41384ece5557ff?s=96&r=g\",\"contentUrl\":\"https:\/\/secure.gravatar.com\/avatar\/7571c7c8ca3a6fca5e41384ece5557ff?s=96&r=g\",\"caption\":\"Laura Moutinho\"},\"description\":\"Estagi\u00e1ria na Suno Not\u00edcias, escreve not\u00edcias que afetam o mercado financeiro. Estuda administra\u00e7\u00e3o na Universidade Presbiteriana Mackenzie.\",\"url\":\"https:\/\/www.suno.com.br\/noticias\/author\/laura-moutinho\/\"}]}<\/script>\n<!-- \/ Yoast SEO plugin. -->","yoast_head_json":{"title":"Imposto de Renda: Receita Federal recebe 20,3 milh\u00f5es de declara\u00e7\u00f5es","description":"A Receita Federa j\u00e1 recebeu e 20.351.406 declara\u00e7\u00f5es de Imposto de Renda Pessoa F\u00edsica at\u00e9 a manha dessa quinta. Clique aqui para saber mais.","robots":{"index":"index","follow":"follow","max-snippet":"max-snippet:-1","max-image-preview":"max-image-preview:large","max-video-preview":"max-video-preview:-1"},"canonical":"https:\/\/www.suno.com.br\/noticias\/imposto-de-renda-receita-federal-declaracoes\/","og_locale":"pt_BR","og_type":"article","og_title":"Imposto de Renda: Receita Federal recebe 20,3 milh\u00f5es de declara\u00e7\u00f5es","og_description":"A Receita Federa j\u00e1 recebeu e 20.351.406 declara\u00e7\u00f5es de Imposto de Renda Pessoa F\u00edsica at\u00e9 a manha dessa quinta. Clique aqui para saber mais.","og_url":"https:\/\/www.suno.com.br\/noticias\/imposto-de-renda-receita-federal-declaracoes\/","og_site_name":"Suno Not\u00edcias","article_publisher":"https:\/\/facebook.com\/sunoresearch","og_image":[{"width":1024,"height":683,"url":"https:\/\/files.sunoresearch.com.br\/n\/uploads\/2018\/12\/818db964-imposto-de-renda.jpg","type":"image\/jpeg"}],"author":"Laura Moutinho","twitter_card":"summary_large_image","twitter_creator":"@sunoresearch","twitter_site":"@sunoresearch","twitter_misc":{"Escrito por":"Laura Moutinho","Est. tempo de leitura":"2 minutos"},"schema":{"@context":"https:\/\/schema.org","@graph":[{"@type":"NewsArticle","@id":"https:\/\/www.suno.com.br\/noticias\/imposto-de-renda-receita-federal-declaracoes\/#article","isPartOf":{"@id":"https:\/\/www.suno.com.br\/noticias\/imposto-de-renda-receita-federal-declaracoes\/"},"author":{"name":"Laura Moutinho","@id":"https:\/\/www.suno.com.br\/noticias\/#\/schema\/person\/3df0d2808748b74496efe5dbeaef2c72"},"headline":"Imposto de Renda: Receita Federal recebe 20,3 milh\u00f5es de declara\u00e7\u00f5es","datePublished":"2020-06-18T18:54:00+00:00","dateModified":"2021-06-24T19:39:28+00:00","mainEntityOfPage":{"@id":"https:\/\/www.suno.com.br\/noticias\/imposto-de-renda-receita-federal-declaracoes\/"},"wordCount":401,"publisher":{"@id":"https:\/\/www.suno.com.br\/noticias\/#organization"},"image":{"@id":"https:\/\/www.suno.com.br\/noticias\/imposto-de-renda-receita-federal-declaracoes\/#primaryimage"},"thumbnailUrl":"https:\/\/files.sunoresearch.com.br\/n\/uploads\/2018\/12\/818db964-imposto-de-renda-jpg.webp","keywords":["Imposto de Renda","impostos","Receita Federal"],"articleSection":["Finan\u00e7as Pessoais"],"inLanguage":"pt-BR"},{"@type":"WebPage","@id":"https:\/\/www.suno.com.br\/noticias\/imposto-de-renda-receita-federal-declaracoes\/","url":"https:\/\/www.suno.com.br\/noticias\/imposto-de-renda-receita-federal-declaracoes\/","name":"Imposto de Renda: Receita Federal recebe 20,3 milh\u00f5es de declara\u00e7\u00f5es","isPartOf":{"@id":"https:\/\/www.suno.com.br\/noticias\/#website"},"primaryImageOfPage":{"@id":"https:\/\/www.suno.com.br\/noticias\/imposto-de-renda-receita-federal-declaracoes\/#primaryimage"},"image":{"@id":"https:\/\/www.suno.com.br\/noticias\/imposto-de-renda-receita-federal-declaracoes\/#primaryimage"},"thumbnailUrl":"https:\/\/files.sunoresearch.com.br\/n\/uploads\/2018\/12\/818db964-imposto-de-renda-jpg.webp","datePublished":"2020-06-18T18:54:00+00:00","dateModified":"2021-06-24T19:39:28+00:00","description":"A Receita Federa j\u00e1 recebeu e 20.351.406 declara\u00e7\u00f5es de Imposto de Renda Pessoa F\u00edsica at\u00e9 a manha dessa quinta. Clique aqui para saber mais.","breadcrumb":{"@id":"https:\/\/www.suno.com.br\/noticias\/imposto-de-renda-receita-federal-declaracoes\/#breadcrumb"},"inLanguage":"pt-BR","potentialAction":[{"@type":"ReadAction","target":["https:\/\/www.suno.com.br\/noticias\/imposto-de-renda-receita-federal-declaracoes\/"]}]},{"@type":"ImageObject","inLanguage":"pt-BR","@id":"https:\/\/www.suno.com.br\/noticias\/imposto-de-renda-receita-federal-declaracoes\/#primaryimage","url":"https:\/\/files.sunoresearch.com.br\/n\/uploads\/2018\/12\/818db964-imposto-de-renda-jpg.webp","contentUrl":"https:\/\/files.sunoresearch.com.br\/n\/uploads\/2018\/12\/818db964-imposto-de-renda-jpg.webp","width":1024,"height":683,"caption":"Imposto de Renda:"},{"@type":"BreadcrumbList","@id":"https:\/\/www.suno.com.br\/noticias\/imposto-de-renda-receita-federal-declaracoes\/#breadcrumb","itemListElement":[{"@type":"ListItem","position":1,"name":"Not\u00edcias","item":"https:\/\/www.suno.com.br\/noticias\/"},{"@type":"ListItem","position":2,"name":"Finan\u00e7as Pessoais","item":"https:\/\/www.suno.com.br\/noticias\/financas-pessoais\/"},{"@type":"ListItem","position":3,"name":"Imposto de Renda: Receita Federal recebe 20,3 milh\u00f5es de declara\u00e7\u00f5es"}]},{"@type":"WebSite","@id":"https:\/\/www.suno.com.br\/noticias\/#website","url":"https:\/\/www.suno.com.br\/noticias\/","name":"Suno Not\u00edcias","description":"Seu portal de informa\u00e7\u00e3o sobre o mundo dos investimentos","publisher":{"@id":"https:\/\/www.suno.com.br\/noticias\/#organization"},"potentialAction":[{"@type":"SearchAction","target":{"@type":"EntryPoint","urlTemplate":"https:\/\/www.suno.com.br\/noticias\/?s={search_term_string}"},"query-input":{"@type":"PropertyValueSpecification","valueRequired":true,"valueName":"search_term_string"}}],"inLanguage":"pt-BR"},{"@type":"Organization","@id":"https:\/\/www.suno.com.br\/noticias\/#organization","name":"Suno Not\u00edcias","url":"https:\/\/www.suno.com.br\/noticias\/","logo":{"@type":"ImageObject","inLanguage":"pt-BR","@id":"https:\/\/www.suno.com.br\/noticias\/#\/schema\/logo\/image\/","url":"https:\/\/files.sunoresearch.com.br\/n\/uploads\/2021\/09\/suno-logo.png","contentUrl":"https:\/\/files.sunoresearch.com.br\/n\/uploads\/2021\/09\/suno-logo.png","width":180,"height":180,"caption":"Suno Not\u00edcias"},"image":{"@id":"https:\/\/www.suno.com.br\/noticias\/#\/schema\/logo\/image\/"},"sameAs":["https:\/\/facebook.com\/sunoresearch","https:\/\/x.com\/sunoresearch","https:\/\/www.instagram.com\/suno","https:\/\/www.linkedin.com\/company\/suno-research\/","https:\/\/www.youtube.com\/c\/sunoresearch"]},{"@type":"Person","@id":"https:\/\/www.suno.com.br\/noticias\/#\/schema\/person\/3df0d2808748b74496efe5dbeaef2c72","name":"Laura Moutinho","image":{"@type":"ImageObject","inLanguage":"pt-BR","@id":"https:\/\/www.suno.com.br\/noticias\/#\/schema\/person\/image\/","url":"https:\/\/secure.gravatar.com\/avatar\/7571c7c8ca3a6fca5e41384ece5557ff?s=96&r=g","contentUrl":"https:\/\/secure.gravatar.com\/avatar\/7571c7c8ca3a6fca5e41384ece5557ff?s=96&r=g","caption":"Laura Moutinho"},"description":"Estagi\u00e1ria na Suno Not\u00edcias, escreve not\u00edcias que afetam o mercado financeiro. Estuda administra\u00e7\u00e3o na Universidade Presbiteriana Mackenzie.","url":"https:\/\/www.suno.com.br\/noticias\/author\/laura-moutinho\/"}]}},"default_loop_html":"<div class=\"cardsPage__listCard__boxs\"><div class=\"cardsPage__listCard__boxs__img\"><a href=\"https:\/\/www.suno.com.br\/noticias\/imposto-de-renda-receita-federal-declaracoes\/\"><img class=\"mask\" src=\"https:\/\/www.suno.com.br\/noticias\/wp-content\/themes\/suno\/resources\/images\/spotlight\/spotlight1img\/bg-mask.png\" alt=\"Image Mask\"\/><img src=\"https:\/\/files.sunoresearch.com.br\/n\/uploads\/2018\/12\/818db964-imposto-de-renda-400x200.webp\" alt=\"Imposto de Renda: Receita Federal recebe 20,3 milh\u00f5es de declara\u00e7\u00f5es\"\/><\/a><span class=\"spotlightCategory\"><a href=\"https:\/\/www.suno.com.br\/noticias\/financas-pessoais\/\">Finan\u00e7as Pessoais<\/a><\/span><\/div><div class=\"cardsPage__listCard__boxs__content\"><a href=\"https:\/\/www.suno.com.br\/noticias\/imposto-de-renda-receita-federal-declaracoes\/\"><h2 class=\"content__title\">Imposto de Renda: Receita Federal recebe 20,3 milh\u00f5es de declara\u00e7\u00f5es<\/h2><\/a><div class=\"newsContent__article__meta\"><div class=\"newsContent__article__meta__authorBox\"><a href=\"https:\/\/www.suno.com.br\/noticias\/author\/laura-moutinho\/\" class=\"authorBox__avatar noMobi\"><img src=\"https:\/\/files.sunoresearch.com.br\/n\/uploads\/2020\/08\/531ff69d-whatsapp-image-2020-08-03-at-14.54.38-150x150.webp\" alt=\"Laura Moutinho\"><\/a><div class=\"authorBox__name\"><span>por\n\t\t\t<a href=\"https:\/\/www.suno.com.br\/noticias\/author\/laura-moutinho\/\"><span itemprop=\"author\">Laura Moutinho<\/span><\/a><\/span><time datetime=\"2020-06-18T15:54:00-03:00\" itemprop=\"datePublished\">18\/06\/2020 15:54<\/time><\/div><\/div><\/div><\/div><\/div>","single_layout":"posts","amp_enabled":true,"_links":{"self":[{"href":"https:\/\/www.suno.com.br\/noticias\/wp-json\/wp\/v2\/posts\/69504"}],"collection":[{"href":"https:\/\/www.suno.com.br\/noticias\/wp-json\/wp\/v2\/posts"}],"about":[{"href":"https:\/\/www.suno.com.br\/noticias\/wp-json\/wp\/v2\/types\/post"}],"author":[{"embeddable":true,"href":"https:\/\/www.suno.com.br\/noticias\/wp-json\/wp\/v2\/users\/39"}],"replies":[{"embeddable":true,"href":"https:\/\/www.suno.com.br\/noticias\/wp-json\/wp\/v2\/comments?post=69504"}],"version-history":[{"count":1,"href":"https:\/\/www.suno.com.br\/noticias\/wp-json\/wp\/v2\/posts\/69504\/revisions"}],"predecessor-version":[{"id":161068,"href":"https:\/\/www.suno.com.br\/noticias\/wp-json\/wp\/v2\/posts\/69504\/revisions\/161068"}],"wp:featuredmedia":[{"embeddable":true,"href":"https:\/\/www.suno.com.br\/noticias\/wp-json\/wp\/v2\/media\/8260"}],"wp:attachment":[{"href":"https:\/\/www.suno.com.br\/noticias\/wp-json\/wp\/v2\/media?parent=69504"}],"wp:term":[{"taxonomy":"category","embeddable":true,"href":"https:\/\/www.suno.com.br\/noticias\/wp-json\/wp\/v2\/categories?post=69504"},{"taxonomy":"post_tag","embeddable":true,"href":"https:\/\/www.suno.com.br\/noticias\/wp-json\/wp\/v2\/tags?post=69504"},{"taxonomy":"suno_strategy","embeddable":true,"href":"https:\/\/www.suno.com.br\/noticias\/wp-json\/wp\/v2\/suno_strategy?post=69504"}],"curies":[{"name":"wp","href":"https:\/\/api.w.org\/{rel}","templated":true}]}}