{"id":69475,"date":"2020-06-18T12:22:43","date_gmt":"2020-06-18T15:22:43","guid":{"rendered":"https:\/\/www.suno.com.br\/noticias\/?p=69475"},"modified":"2021-02-17T22:43:25","modified_gmt":"2021-02-18T01:43:25","slug":"bce-empresta-1-3-trilhao-bancos-zona-do-euro","status":"publish","type":"post","link":"https:\/\/www.suno.com.br\/noticias\/bce-empresta-1-3-trilhao-bancos-zona-do-euro\/","title":{"rendered":"BCE empresta 1,3 trilh\u00e3o de euros a bancos da zona do euro"},"content":{"rendered":"<p>Os bancos da <a href=\"https:\/\/www.suno.com.br\/artigos\/zona-do-euro\/\">zona do euro<\/a> emprestaram 1,3 trilh\u00e3o de euros (cerca de R$ 7,8 trilh\u00f5es de reais), disponibilizados pelo <a href=\"https:\/\/www.suno.com.br\/artigos\/bce\/\">Banco Central Europeu (<strong>BCE<\/strong>)<\/a>, em um programa de est\u00edmulos \u00e0 economia da regi\u00e3o.<\/p>\t<div class=\"wrapper-featured-image\">\n\t\t<figure class=\"spotlightImg\">\n\n\t\t\t<picture>\n\t\t\t\t<source media=\"(max-width: 768px)\" srcset=\"https:\/\/files.sunoresearch.com.br\/n\/uploads\/2020\/04\/cf70e7b9-zona-do-euro-400x200.webp\">\n\t\t\t\t<img loading=\"lazy\" decoding=\"async\" class=\"newsContent__article__imgCapa lazyloadDisabled newsContent__article__imgCapa--noCaption\" src=\"https:\/\/files.sunoresearch.com.br\/n\/uploads\/2020\/04\/cf70e7b9-zona-do-euro-800x450.webp\" width=\"800\" height=\"450\" alt=\"BCE empresta 1,3 trilh\u00e3o de euros a bancos da zona do euro\" fetchpriority=high \/>\n\t\t\t<\/picture>\n\n\t\t\t<figcaption class=\"wp-caption-text wp-caption-text--hide\">O PIB da zona do euro avan\u00e7ou 12,7% no terceiro trimestre, em compara\u00e7\u00e3o com os tr\u00eas meses anteriores. <\/figcaption>\n\t\t<\/figure>\n\t<\/div>\n\n\n\n<p>O BCE investiu em seu pacote de empr\u00e9stimos de longo prazo para ajudar empresas e fam\u00edlias a conter os efeitos da crise gerada pela pandemia do <a href=\"https:\/\/www.suno.com.br\/noticias\/?s=coronavirus\">novo <strong>coronav\u00edrus<\/strong> (Covid-19)<\/a>.<\/p>\n<p>Ao todo, 742 bancos da zona do euro aceitaram as propostas da autoridade monet\u00e1ria europeia. O n\u00famero de institui\u00e7\u00f5es financeiras que aderiram o programa foi um pouco menor do que o esperado por analistas.<\/p>\n<p><a href=\"https:\/\/lp.suno.com.br\/suno-one\/\">No Suno One voc\u00ea aprende a fazer seu dinheiro trabalhar para voc\u00ea. Cadastre-se gratuitamente agora!<\/a><\/p>\n<p>Especialistas mostravam-se receosos quanto \u00e0 poss\u00edvel recusa dos bancos devido \u00e0 escassez de op\u00e7\u00f5es rent\u00e1veis durante a crise e \u00e0 estigma em rea\u00e7\u00e3o aos empr\u00e9stimos junto ao BCE.<\/p>\n<p>O programa de empr\u00e9stimos de longo prazo da autoridade monet\u00e1ria, nomeado de opera\u00e7\u00f5es de refinanciamento de prazo mais longo, ou <strong>TLTROs<\/strong>, procura sustentar o cr\u00e9dito no setor privado. Utilizado desde 2014, o pacote do BCE paga aos bancos da <strong>zona do euro<\/strong> at\u00e9 1% para emprestar dinheiro por um per\u00edodo de tr\u00eas ano, desde que direcionem os recursos para a economia real.<\/p>\n<p>Os TLTROs fazem parte das medidas tomadas pelo BCE em resposta ao coronav\u00edrus. A autoridade monet\u00e1ria informou, no in\u00edcio deste m\u00eas, que iria expandir seu programa de est\u00edmulos \u00e0 economia para 1,35 trilh\u00e3o de euros (cerca de R$ 7,68 trilh\u00f5es) no combate \u00e0 pandemia.<\/p>\n<p>A decis\u00e3o do BCE vai de encontro com os esfor\u00e7os do <a href=\"https:\/\/www.suno.com.br\/artigos\/fed\/\">Federal Reserve (<strong>Fed<\/strong>)<\/a>, Banco Central dos Estados Unidos, em sustentar a economia no momento de crise. A autoridade monet\u00e1ria norte-americana j\u00e1 direcionou mais de US$ 3 trilh\u00f5es (aproximadamente R$ 16,03 trilh\u00f5es) para combate ao coronav\u00edrus.<\/p>\n<p>A amplia\u00e7\u00e3o do aux\u00edlio da autoridade monet\u00e1ria central da Europa ocorre ap\u00f3s a expectativa pela <strong>recess\u00e3o <\/strong>econ\u00f4mica da regi\u00e3o passar a ser pior do que o estimado inicialmente. Pior, inclusive, do que acontecer\u00e1 nos Estados Unidos.<\/p>\n<p><a href=\"https:\/\/www.suno.com.br\/noticias\/bce-rechaca-criticas-juro-negativo\/\">Confira: BCE recha\u00e7a cr\u00edticas sobre juro negativo e defende medida<\/a><\/p>\n<p>O <strong>BCE\u00a0<\/strong>prev\u00ea que a zona do euro ter\u00e1 uma queda econ\u00f4mica forte em 2020. A presidente da institui\u00e7\u00e3o, <a href=\"https:\/\/www.suno.com.br\/tudo-sobre\/christine-lagarde\/\">Christine Lagarde<\/a>, disse estima uma queda de 8,7% na economia do bloco.<\/p>\n\n","protected":false},"excerpt":{"rendered":"<p>Os bancos da zona do euro emprestaram 1,3 trilh\u00e3o de euros (cerca de R$ 7,8 trilh\u00f5es de reais), disponibilizados pelo Banco Central Europeu (BCE), em um programa de est\u00edmulos \u00e0 economia da regi\u00e3o. O PIB da zona do euro avan\u00e7ou 12,7% no terceiro trimestre, em compara\u00e7\u00e3o com os tr\u00eas meses anteriores. O BCE investiu em [&hellip;]<\/p>\n","protected":false},"author":24,"featured_media":60310,"comment_status":"closed","ping_status":"closed","sticky":false,"template":"","format":"standard","meta":[],"categories":[63],"tags":[863,2487,991],"suno_strategy":[],"class_list":["post-69475","post","type-post","status-publish","format-standard","has-post-thumbnail","hentry","category-internacional","tag-banco-central-europeu-bce","tag-coronavirus","tag-zona-do-euro"],"yoast_head":"<!-- This site is optimized with the Yoast SEO plugin v24.4 - https:\/\/yoast.com\/wordpress\/plugins\/seo\/ -->\n<title>BCE empresta 1,3 trilh\u00e3o de euros a bancos da zona do euro<\/title>\n<meta name=\"description\" content=\"Os bancos da zona do euro emprestaram 1,3 trilh\u00e3o de euros (cerca de R$ 7,8 trilh\u00f5es de reais), disponibilizados pelo BCE. Saiba mais.\" \/>\n<meta name=\"robots\" content=\"index, follow, max-snippet:-1, max-image-preview:large, max-video-preview:-1\" \/>\n<link rel=\"canonical\" href=\"https:\/\/www.suno.com.br\/noticias\/bce-empresta-1-3-trilhao-bancos-zona-do-euro\/\" \/>\n<meta property=\"og:locale\" content=\"pt_BR\" \/>\n<meta property=\"og:type\" content=\"article\" \/>\n<meta property=\"og:title\" content=\"BCE empresta 1,3 trilh\u00e3o de euros a bancos da zona do euro\" \/>\n<meta property=\"og:description\" content=\"Os bancos da zona do euro emprestaram 1,3 trilh\u00e3o de euros (cerca de R$ 7,8 trilh\u00f5es de reais), disponibilizados pelo BCE. Saiba mais.\" \/>\n<meta property=\"og:url\" content=\"https:\/\/www.suno.com.br\/noticias\/bce-empresta-1-3-trilhao-bancos-zona-do-euro\/\" \/>\n<meta property=\"og:site_name\" content=\"Suno Not\u00edcias\" \/>\n<meta property=\"article:publisher\" content=\"https:\/\/facebook.com\/sunoresearch\" \/>\n<meta property=\"og:image\" content=\"https:\/\/files.sunoresearch.com.br\/n\/uploads\/2020\/04\/cf70e7b9-zona-do-euro.jpg\" \/>\n\t<meta property=\"og:image:width\" content=\"1920\" \/>\n\t<meta property=\"og:image:height\" content=\"1280\" \/>\n\t<meta property=\"og:image:type\" content=\"image\/jpeg\" \/>\n<meta name=\"author\" content=\"Jader Lazarini\" \/>\n<meta name=\"twitter:card\" content=\"summary_large_image\" \/>\n<meta name=\"twitter:creator\" content=\"@sunoresearch\" \/>\n<meta name=\"twitter:site\" content=\"@sunoresearch\" \/>\n<meta name=\"twitter:label1\" content=\"Escrito por\" \/>\n\t<meta name=\"twitter:data1\" content=\"Jader Lazarini\" \/>\n\t<meta name=\"twitter:label2\" content=\"Est. tempo de leitura\" \/>\n\t<meta name=\"twitter:data2\" content=\"2 minutos\" \/>\n<script type=\"application\/ld+json\" class=\"yoast-schema-graph\">{\"@context\":\"https:\/\/schema.org\",\"@graph\":[{\"@type\":\"NewsArticle\",\"@id\":\"https:\/\/www.suno.com.br\/noticias\/bce-empresta-1-3-trilhao-bancos-zona-do-euro\/#article\",\"isPartOf\":{\"@id\":\"https:\/\/www.suno.com.br\/noticias\/bce-empresta-1-3-trilhao-bancos-zona-do-euro\/\"},\"author\":{\"name\":\"Jader Lazarini\",\"@id\":\"https:\/\/www.suno.com.br\/noticias\/#\/schema\/person\/918d79de1f0281f01599b93f9ea6e23f\"},\"headline\":\"BCE empresta 1,3 trilh\u00e3o de euros a bancos da zona do euro\",\"datePublished\":\"2020-06-18T15:22:43+00:00\",\"dateModified\":\"2021-02-18T01:43:25+00:00\",\"mainEntityOfPage\":{\"@id\":\"https:\/\/www.suno.com.br\/noticias\/bce-empresta-1-3-trilhao-bancos-zona-do-euro\/\"},\"wordCount\":416,\"publisher\":{\"@id\":\"https:\/\/www.suno.com.br\/noticias\/#organization\"},\"image\":{\"@id\":\"https:\/\/www.suno.com.br\/noticias\/bce-empresta-1-3-trilhao-bancos-zona-do-euro\/#primaryimage\"},\"thumbnailUrl\":\"https:\/\/files.sunoresearch.com.br\/n\/uploads\/2020\/04\/cf70e7b9-zona-do-euro-jpg.webp\",\"keywords\":[\"Banco Central Europeu (BCE)\",\"coronav\u00edrus\",\"zona do euro\"],\"articleSection\":[\"Internacional\"],\"inLanguage\":\"pt-BR\"},{\"@type\":\"WebPage\",\"@id\":\"https:\/\/www.suno.com.br\/noticias\/bce-empresta-1-3-trilhao-bancos-zona-do-euro\/\",\"url\":\"https:\/\/www.suno.com.br\/noticias\/bce-empresta-1-3-trilhao-bancos-zona-do-euro\/\",\"name\":\"BCE empresta 1,3 trilh\u00e3o de euros a bancos da zona do euro\",\"isPartOf\":{\"@id\":\"https:\/\/www.suno.com.br\/noticias\/#website\"},\"primaryImageOfPage\":{\"@id\":\"https:\/\/www.suno.com.br\/noticias\/bce-empresta-1-3-trilhao-bancos-zona-do-euro\/#primaryimage\"},\"image\":{\"@id\":\"https:\/\/www.suno.com.br\/noticias\/bce-empresta-1-3-trilhao-bancos-zona-do-euro\/#primaryimage\"},\"thumbnailUrl\":\"https:\/\/files.sunoresearch.com.br\/n\/uploads\/2020\/04\/cf70e7b9-zona-do-euro-jpg.webp\",\"datePublished\":\"2020-06-18T15:22:43+00:00\",\"dateModified\":\"2021-02-18T01:43:25+00:00\",\"description\":\"Os bancos da zona do euro emprestaram 1,3 trilh\u00e3o de euros (cerca de R$ 7,8 trilh\u00f5es de reais), disponibilizados pelo BCE. Saiba mais.\",\"breadcrumb\":{\"@id\":\"https:\/\/www.suno.com.br\/noticias\/bce-empresta-1-3-trilhao-bancos-zona-do-euro\/#breadcrumb\"},\"inLanguage\":\"pt-BR\",\"potentialAction\":[{\"@type\":\"ReadAction\",\"target\":[\"https:\/\/www.suno.com.br\/noticias\/bce-empresta-1-3-trilhao-bancos-zona-do-euro\/\"]}]},{\"@type\":\"ImageObject\",\"inLanguage\":\"pt-BR\",\"@id\":\"https:\/\/www.suno.com.br\/noticias\/bce-empresta-1-3-trilhao-bancos-zona-do-euro\/#primaryimage\",\"url\":\"https:\/\/files.sunoresearch.com.br\/n\/uploads\/2020\/04\/cf70e7b9-zona-do-euro-jpg.webp\",\"contentUrl\":\"https:\/\/files.sunoresearch.com.br\/n\/uploads\/2020\/04\/cf70e7b9-zona-do-euro-jpg.webp\",\"width\":1920,\"height\":1280,\"caption\":\"O PIB da zona do euro avan\u00e7ou 12,7% no terceiro trimestre, em compara\u00e7\u00e3o com os tr\u00eas meses anteriores.\"},{\"@type\":\"BreadcrumbList\",\"@id\":\"https:\/\/www.suno.com.br\/noticias\/bce-empresta-1-3-trilhao-bancos-zona-do-euro\/#breadcrumb\",\"itemListElement\":[{\"@type\":\"ListItem\",\"position\":1,\"name\":\"Not\u00edcias\",\"item\":\"https:\/\/www.suno.com.br\/noticias\/\"},{\"@type\":\"ListItem\",\"position\":2,\"name\":\"Internacional\",\"item\":\"https:\/\/www.suno.com.br\/noticias\/internacional\/\"},{\"@type\":\"ListItem\",\"position\":3,\"name\":\"BCE empresta 1,3 trilh\u00e3o de euros a bancos da zona do euro\"}]},{\"@type\":\"WebSite\",\"@id\":\"https:\/\/www.suno.com.br\/noticias\/#website\",\"url\":\"https:\/\/www.suno.com.br\/noticias\/\",\"name\":\"Suno Not\u00edcias\",\"description\":\"Seu portal de informa\u00e7\u00e3o sobre o mundo dos investimentos\",\"publisher\":{\"@id\":\"https:\/\/www.suno.com.br\/noticias\/#organization\"},\"potentialAction\":[{\"@type\":\"SearchAction\",\"target\":{\"@type\":\"EntryPoint\",\"urlTemplate\":\"https:\/\/www.suno.com.br\/noticias\/?s={search_term_string}\"},\"query-input\":{\"@type\":\"PropertyValueSpecification\",\"valueRequired\":true,\"valueName\":\"search_term_string\"}}],\"inLanguage\":\"pt-BR\"},{\"@type\":\"Organization\",\"@id\":\"https:\/\/www.suno.com.br\/noticias\/#organization\",\"name\":\"Suno Not\u00edcias\",\"url\":\"https:\/\/www.suno.com.br\/noticias\/\",\"logo\":{\"@type\":\"ImageObject\",\"inLanguage\":\"pt-BR\",\"@id\":\"https:\/\/www.suno.com.br\/noticias\/#\/schema\/logo\/image\/\",\"url\":\"https:\/\/files.sunoresearch.com.br\/n\/uploads\/2021\/09\/suno-logo.png\",\"contentUrl\":\"https:\/\/files.sunoresearch.com.br\/n\/uploads\/2021\/09\/suno-logo.png\",\"width\":180,\"height\":180,\"caption\":\"Suno Not\u00edcias\"},\"image\":{\"@id\":\"https:\/\/www.suno.com.br\/noticias\/#\/schema\/logo\/image\/\"},\"sameAs\":[\"https:\/\/facebook.com\/sunoresearch\",\"https:\/\/x.com\/sunoresearch\",\"https:\/\/www.instagram.com\/suno\",\"https:\/\/www.linkedin.com\/company\/suno-research\/\",\"https:\/\/www.youtube.com\/c\/sunoresearch\"]},{\"@type\":\"Person\",\"@id\":\"https:\/\/www.suno.com.br\/noticias\/#\/schema\/person\/918d79de1f0281f01599b93f9ea6e23f\",\"name\":\"Jader Lazarini\",\"image\":{\"@type\":\"ImageObject\",\"inLanguage\":\"pt-BR\",\"@id\":\"https:\/\/www.suno.com.br\/noticias\/#\/schema\/person\/image\/\",\"url\":\"https:\/\/secure.gravatar.com\/avatar\/3c1ad8caa51589841baeb923fcddea97?s=96&r=g\",\"contentUrl\":\"https:\/\/secure.gravatar.com\/avatar\/3c1ad8caa51589841baeb923fcddea97?s=96&r=g\",\"caption\":\"Jader Lazarini\"},\"description\":\"Jader Lazarini escreve sobre investimentos, finan\u00e7as, economia e neg\u00f3cios. \u00c9 bacharel em Rela\u00e7\u00f5es Internacionais e analista CNPI (2619).\",\"url\":\"https:\/\/www.suno.com.br\/noticias\/author\/jader-lazarini\/\"}]}<\/script>\n<!-- \/ Yoast SEO plugin. -->","yoast_head_json":{"title":"BCE empresta 1,3 trilh\u00e3o de euros a bancos da zona do euro","description":"Os bancos da zona do euro emprestaram 1,3 trilh\u00e3o de euros (cerca de R$ 7,8 trilh\u00f5es de reais), disponibilizados pelo BCE. Saiba mais.","robots":{"index":"index","follow":"follow","max-snippet":"max-snippet:-1","max-image-preview":"max-image-preview:large","max-video-preview":"max-video-preview:-1"},"canonical":"https:\/\/www.suno.com.br\/noticias\/bce-empresta-1-3-trilhao-bancos-zona-do-euro\/","og_locale":"pt_BR","og_type":"article","og_title":"BCE empresta 1,3 trilh\u00e3o de euros a bancos da zona do euro","og_description":"Os bancos da zona do euro emprestaram 1,3 trilh\u00e3o de euros (cerca de R$ 7,8 trilh\u00f5es de reais), disponibilizados pelo BCE. Saiba mais.","og_url":"https:\/\/www.suno.com.br\/noticias\/bce-empresta-1-3-trilhao-bancos-zona-do-euro\/","og_site_name":"Suno Not\u00edcias","article_publisher":"https:\/\/facebook.com\/sunoresearch","og_image":[{"width":1920,"height":1280,"url":"https:\/\/files.sunoresearch.com.br\/n\/uploads\/2020\/04\/cf70e7b9-zona-do-euro.jpg","type":"image\/jpeg"}],"author":"Jader Lazarini","twitter_card":"summary_large_image","twitter_creator":"@sunoresearch","twitter_site":"@sunoresearch","twitter_misc":{"Escrito por":"Jader Lazarini","Est. tempo de leitura":"2 minutos"},"schema":{"@context":"https:\/\/schema.org","@graph":[{"@type":"NewsArticle","@id":"https:\/\/www.suno.com.br\/noticias\/bce-empresta-1-3-trilhao-bancos-zona-do-euro\/#article","isPartOf":{"@id":"https:\/\/www.suno.com.br\/noticias\/bce-empresta-1-3-trilhao-bancos-zona-do-euro\/"},"author":{"name":"Jader Lazarini","@id":"https:\/\/www.suno.com.br\/noticias\/#\/schema\/person\/918d79de1f0281f01599b93f9ea6e23f"},"headline":"BCE empresta 1,3 trilh\u00e3o de euros a bancos da zona do euro","datePublished":"2020-06-18T15:22:43+00:00","dateModified":"2021-02-18T01:43:25+00:00","mainEntityOfPage":{"@id":"https:\/\/www.suno.com.br\/noticias\/bce-empresta-1-3-trilhao-bancos-zona-do-euro\/"},"wordCount":416,"publisher":{"@id":"https:\/\/www.suno.com.br\/noticias\/#organization"},"image":{"@id":"https:\/\/www.suno.com.br\/noticias\/bce-empresta-1-3-trilhao-bancos-zona-do-euro\/#primaryimage"},"thumbnailUrl":"https:\/\/files.sunoresearch.com.br\/n\/uploads\/2020\/04\/cf70e7b9-zona-do-euro-jpg.webp","keywords":["Banco Central Europeu (BCE)","coronav\u00edrus","zona do euro"],"articleSection":["Internacional"],"inLanguage":"pt-BR"},{"@type":"WebPage","@id":"https:\/\/www.suno.com.br\/noticias\/bce-empresta-1-3-trilhao-bancos-zona-do-euro\/","url":"https:\/\/www.suno.com.br\/noticias\/bce-empresta-1-3-trilhao-bancos-zona-do-euro\/","name":"BCE empresta 1,3 trilh\u00e3o de euros a bancos da zona do euro","isPartOf":{"@id":"https:\/\/www.suno.com.br\/noticias\/#website"},"primaryImageOfPage":{"@id":"https:\/\/www.suno.com.br\/noticias\/bce-empresta-1-3-trilhao-bancos-zona-do-euro\/#primaryimage"},"image":{"@id":"https:\/\/www.suno.com.br\/noticias\/bce-empresta-1-3-trilhao-bancos-zona-do-euro\/#primaryimage"},"thumbnailUrl":"https:\/\/files.sunoresearch.com.br\/n\/uploads\/2020\/04\/cf70e7b9-zona-do-euro-jpg.webp","datePublished":"2020-06-18T15:22:43+00:00","dateModified":"2021-02-18T01:43:25+00:00","description":"Os bancos da zona do euro emprestaram 1,3 trilh\u00e3o de euros (cerca de R$ 7,8 trilh\u00f5es de reais), disponibilizados pelo BCE. Saiba mais.","breadcrumb":{"@id":"https:\/\/www.suno.com.br\/noticias\/bce-empresta-1-3-trilhao-bancos-zona-do-euro\/#breadcrumb"},"inLanguage":"pt-BR","potentialAction":[{"@type":"ReadAction","target":["https:\/\/www.suno.com.br\/noticias\/bce-empresta-1-3-trilhao-bancos-zona-do-euro\/"]}]},{"@type":"ImageObject","inLanguage":"pt-BR","@id":"https:\/\/www.suno.com.br\/noticias\/bce-empresta-1-3-trilhao-bancos-zona-do-euro\/#primaryimage","url":"https:\/\/files.sunoresearch.com.br\/n\/uploads\/2020\/04\/cf70e7b9-zona-do-euro-jpg.webp","contentUrl":"https:\/\/files.sunoresearch.com.br\/n\/uploads\/2020\/04\/cf70e7b9-zona-do-euro-jpg.webp","width":1920,"height":1280,"caption":"O PIB da zona do euro avan\u00e7ou 12,7% no terceiro trimestre, em compara\u00e7\u00e3o com os tr\u00eas meses anteriores."},{"@type":"BreadcrumbList","@id":"https:\/\/www.suno.com.br\/noticias\/bce-empresta-1-3-trilhao-bancos-zona-do-euro\/#breadcrumb","itemListElement":[{"@type":"ListItem","position":1,"name":"Not\u00edcias","item":"https:\/\/www.suno.com.br\/noticias\/"},{"@type":"ListItem","position":2,"name":"Internacional","item":"https:\/\/www.suno.com.br\/noticias\/internacional\/"},{"@type":"ListItem","position":3,"name":"BCE empresta 1,3 trilh\u00e3o de euros a bancos da zona do euro"}]},{"@type":"WebSite","@id":"https:\/\/www.suno.com.br\/noticias\/#website","url":"https:\/\/www.suno.com.br\/noticias\/","name":"Suno Not\u00edcias","description":"Seu portal de informa\u00e7\u00e3o sobre o mundo dos investimentos","publisher":{"@id":"https:\/\/www.suno.com.br\/noticias\/#organization"},"potentialAction":[{"@type":"SearchAction","target":{"@type":"EntryPoint","urlTemplate":"https:\/\/www.suno.com.br\/noticias\/?s={search_term_string}"},"query-input":{"@type":"PropertyValueSpecification","valueRequired":true,"valueName":"search_term_string"}}],"inLanguage":"pt-BR"},{"@type":"Organization","@id":"https:\/\/www.suno.com.br\/noticias\/#organization","name":"Suno Not\u00edcias","url":"https:\/\/www.suno.com.br\/noticias\/","logo":{"@type":"ImageObject","inLanguage":"pt-BR","@id":"https:\/\/www.suno.com.br\/noticias\/#\/schema\/logo\/image\/","url":"https:\/\/files.sunoresearch.com.br\/n\/uploads\/2021\/09\/suno-logo.png","contentUrl":"https:\/\/files.sunoresearch.com.br\/n\/uploads\/2021\/09\/suno-logo.png","width":180,"height":180,"caption":"Suno Not\u00edcias"},"image":{"@id":"https:\/\/www.suno.com.br\/noticias\/#\/schema\/logo\/image\/"},"sameAs":["https:\/\/facebook.com\/sunoresearch","https:\/\/x.com\/sunoresearch","https:\/\/www.instagram.com\/suno","https:\/\/www.linkedin.com\/company\/suno-research\/","https:\/\/www.youtube.com\/c\/sunoresearch"]},{"@type":"Person","@id":"https:\/\/www.suno.com.br\/noticias\/#\/schema\/person\/918d79de1f0281f01599b93f9ea6e23f","name":"Jader Lazarini","image":{"@type":"ImageObject","inLanguage":"pt-BR","@id":"https:\/\/www.suno.com.br\/noticias\/#\/schema\/person\/image\/","url":"https:\/\/secure.gravatar.com\/avatar\/3c1ad8caa51589841baeb923fcddea97?s=96&r=g","contentUrl":"https:\/\/secure.gravatar.com\/avatar\/3c1ad8caa51589841baeb923fcddea97?s=96&r=g","caption":"Jader Lazarini"},"description":"Jader Lazarini escreve sobre investimentos, finan\u00e7as, economia e neg\u00f3cios. \u00c9 bacharel em Rela\u00e7\u00f5es Internacionais e analista CNPI (2619).","url":"https:\/\/www.suno.com.br\/noticias\/author\/jader-lazarini\/"}]}},"default_loop_html":"<div class=\"cardsPage__listCard__boxs\"><div class=\"cardsPage__listCard__boxs__img\"><a href=\"https:\/\/www.suno.com.br\/noticias\/bce-empresta-1-3-trilhao-bancos-zona-do-euro\/\"><img class=\"mask\" src=\"https:\/\/www.suno.com.br\/noticias\/wp-content\/themes\/suno\/resources\/images\/spotlight\/spotlight1img\/bg-mask.png\" alt=\"Image Mask\"\/><img src=\"https:\/\/files.sunoresearch.com.br\/n\/uploads\/2020\/04\/cf70e7b9-zona-do-euro-400x200.webp\" alt=\"BCE empresta 1,3 trilh\u00e3o de euros a bancos da zona do euro\"\/><\/a><span class=\"spotlightCategory\"><a href=\"https:\/\/www.suno.com.br\/noticias\/internacional\/\">Internacional<\/a><\/span><\/div><div class=\"cardsPage__listCard__boxs__content\"><a href=\"https:\/\/www.suno.com.br\/noticias\/bce-empresta-1-3-trilhao-bancos-zona-do-euro\/\"><h2 class=\"content__title\">BCE empresta 1,3 trilh\u00e3o de euros a bancos da zona do euro<\/h2><\/a><div class=\"newsContent__article__meta\"><div class=\"newsContent__article__meta__authorBox\"><a href=\"https:\/\/www.suno.com.br\/noticias\/author\/jader-lazarini\/\" class=\"authorBox__avatar noMobi\"><img src=\"https:\/\/files.sunoresearch.com.br\/n\/uploads\/2021\/01\/178e6598-foto-perfil-2-150x150.jpg\" alt=\"Jader Lazarini\"><\/a><div class=\"authorBox__name\"><span>por\n\t\t\t<a href=\"https:\/\/www.suno.com.br\/noticias\/author\/jader-lazarini\/\"><span itemprop=\"author\">Jader Lazarini<\/span><\/a><\/span><time datetime=\"2020-06-18T12:22:43-03:00\" itemprop=\"datePublished\">18\/06\/2020 12:22<\/time><\/div><\/div><\/div><\/div><\/div>","single_layout":"posts","amp_enabled":true,"_links":{"self":[{"href":"https:\/\/www.suno.com.br\/noticias\/wp-json\/wp\/v2\/posts\/69475"}],"collection":[{"href":"https:\/\/www.suno.com.br\/noticias\/wp-json\/wp\/v2\/posts"}],"about":[{"href":"https:\/\/www.suno.com.br\/noticias\/wp-json\/wp\/v2\/types\/post"}],"author":[{"embeddable":true,"href":"https:\/\/www.suno.com.br\/noticias\/wp-json\/wp\/v2\/users\/24"}],"replies":[{"embeddable":true,"href":"https:\/\/www.suno.com.br\/noticias\/wp-json\/wp\/v2\/comments?post=69475"}],"version-history":[{"count":0,"href":"https:\/\/www.suno.com.br\/noticias\/wp-json\/wp\/v2\/posts\/69475\/revisions"}],"wp:featuredmedia":[{"embeddable":true,"href":"https:\/\/www.suno.com.br\/noticias\/wp-json\/wp\/v2\/media\/60310"}],"wp:attachment":[{"href":"https:\/\/www.suno.com.br\/noticias\/wp-json\/wp\/v2\/media?parent=69475"}],"wp:term":[{"taxonomy":"category","embeddable":true,"href":"https:\/\/www.suno.com.br\/noticias\/wp-json\/wp\/v2\/categories?post=69475"},{"taxonomy":"post_tag","embeddable":true,"href":"https:\/\/www.suno.com.br\/noticias\/wp-json\/wp\/v2\/tags?post=69475"},{"taxonomy":"suno_strategy","embeddable":true,"href":"https:\/\/www.suno.com.br\/noticias\/wp-json\/wp\/v2\/suno_strategy?post=69475"}],"curies":[{"name":"wp","href":"https:\/\/api.w.org\/{rel}","templated":true}]}}