{"id":6942,"date":"2018-11-26T08:49:45","date_gmt":"2018-11-26T10:49:45","guid":{"rendered":"https:\/\/www.suno.com.br\/noticias\/?p=6942"},"modified":"2018-11-26T10:09:58","modified_gmt":"2018-11-26T12:09:58","slug":"carlos-ghosn-afastados-mitsubishi","status":"publish","type":"post","link":"https:\/\/www.suno.com.br\/noticias\/carlos-ghosn-afastados-mitsubishi\/","title":{"rendered":"Carlos Ghosn \u00e9 afastado do Conselho de Administra\u00e7\u00e3o da Mitsubishi"},"content":{"rendered":"<p>A multinacional Mitsubishi Motor anunciou nesta segunda-feira (26) o afastamento de Carlos Ghosn do Conselho Administrativo da multinacional.<\/p>\t<div class=\"wrapper-featured-image\">\n\t\t<figure class=\"spotlightImg\">\n\n\t\t\t<picture>\n\t\t\t\t<source media=\"(max-width: 768px)\" srcset=\"https:\/\/files.sunoresearch.com.br\/n\/uploads\/2018\/11\/17c35136-carlos-ghosn-3-400x200.webp\">\n\t\t\t\t<img loading=\"lazy\" decoding=\"async\" class=\"newsContent__article__imgCapa lazyloadDisabled newsContent__article__imgCapa--noCaption\" src=\"https:\/\/files.sunoresearch.com.br\/n\/uploads\/2018\/11\/17c35136-carlos-ghosn-3-jpg.webp\" width=\"800\" height=\"450\" alt=\"Carlos Ghosn \u00e9 afastado do Conselho de Administra\u00e7\u00e3o da Mitsubishi\" fetchpriority=high \/>\n\t\t\t<\/picture>\n\n\t\t\t<figcaption class=\"wp-caption-text wp-caption-text--hide\">Tribunal estende pris\u00e3o de Ghosn at\u00e9 o dia 22 de abril<\/figcaption>\n\t\t<\/figure>\n\t<\/div>\n\n\n<p><a href=\"https:\/\/www.suno.com.br\/noticias\/carlos-ghosn-preso-japao\/\"><strong>Carlos Ghosn\u00a0<\/strong>est\u00e1 h\u00e1 um semana preso no Jap\u00e3o<\/a>, o empres\u00e1rio brasileiro \u00e9 acusado de fraude fiscal e sonega\u00e7\u00e3o, no qual ele responder por sonegar R$ 167,4 milh\u00f5es entre 2010 e 2015, per\u00edodo em que foi presidente da Nissan.<\/p>\n<p>Ghosn era um dos principais nomes da Mitsubishi desde 2016, ano que o grupo passou a ser controlado pela Nissan. O empres\u00e1rio tamb\u00e9m era presidente da Renault e da Alian\u00e7a Renault-Nissan-Mitsubishi.<\/p>\n<p><!--more--><a href=\"https:\/\/www.suno.com.br\/noticias\/governo-frances-ghosn\/\">Saiba mais:\u00a0Governo franc\u00eas pede substitui\u00e7\u00e3o tempor\u00e1ria para posi\u00e7\u00e3o de Ghosn<\/a><\/p>\n<p>Na \u00faltima ter\u00e7a-feira (20) a Renault havia anunciado que manteria Ghosn na presid\u00eancia. Todavia, o grupo franc\u00eas criou o cargo de presidente interino para ocupar sua fun\u00e7\u00e3o na empresa, e nomeou\u00a0Thierry Bollor\u00e9 para fun\u00e7\u00e3o.<\/p>\n<p>Enquanto a <a href=\"https:\/\/www.suno.com.br\/noticias\/carlos-gohsn-presidencia-nissan\/\">Nissan afastou o executivo da presid\u00eancia de seu Conselho na \u00faltima<\/a> quinta-feira (22).<\/p>\n<p>H\u00e1 a expectativa para saber como ficar\u00e1 a alian\u00e7a entre as montadoras. Ghosn era um dos principais respons\u00e1veis pela estabilidade da parceria.<\/p>\n<p><!--more--><a href=\"https:\/\/www.suno.com.br\/noticias\/ghosn-nissan-acusacoes-fraude\/\">Saiba mais:\u00a0Carlos Ghosn, ex-presidente da Nissan, nega as acusa\u00e7\u00f5es feitas contra ele<\/a><\/p>\n<p>A ag\u00eancia japonesa Kyondo News informou que Hiroto Saikawa, presidente-executivo da Nissan, avisou aos funcion\u00e1rios do grupo que o acordo com a Renault &#8220;precisa ser revisto&#8221;.<\/p>\n<p><strong>Carlos Ghosn\u00a0<\/strong>era visto, anteriormente, com status de &#8220;her\u00f3i&#8221; no Jap\u00e3o, principalmente pelo seu papel na reestrutura\u00e7\u00e3o da Nissan.<\/p>\n","protected":false},"excerpt":{"rendered":"<p>A multinacional Mitsubishi Motor anunciou nesta segunda-feira (26) o afastamento de Carlos Ghosn do Conselho Administrativo da multinacional. Tribunal estende pris\u00e3o de Ghosn at\u00e9 o dia 22 de abril Carlos Ghosn\u00a0est\u00e1 h\u00e1 um semana preso no Jap\u00e3o, o empres\u00e1rio brasileiro \u00e9 acusado de fraude fiscal e sonega\u00e7\u00e3o, no qual ele responder por sonegar R$ 167,4 [&hellip;]<\/p>\n","protected":false},"author":7,"featured_media":6943,"comment_status":"closed","ping_status":"closed","sticky":false,"template":"","format":"standard","meta":[],"categories":[64],"tags":[],"suno_strategy":[],"class_list":["post-6942","post","type-post","status-publish","format-standard","has-post-thumbnail","hentry","category-negocios"],"yoast_head":"<!-- This site is optimized with the Yoast SEO plugin v24.4 - https:\/\/yoast.com\/wordpress\/plugins\/seo\/ -->\n<title>Carlos Ghosn \u00e9 afastados do Cosenlho de Administra\u00e7\u00e3o da Mitsubishi<\/title>\n<meta name=\"description\" content=\"Carlos Ghosn\u00a0est\u00e1 h\u00e1 um semana preso no Jap\u00e3o, o empres\u00e1rio brasileiro \u00e9 acusado de fraude fiscal e sonega\u00e7\u00e3o. Clique para saber mais.\" \/>\n<meta name=\"robots\" content=\"index, follow, max-snippet:-1, max-image-preview:large, max-video-preview:-1\" \/>\n<link rel=\"canonical\" href=\"https:\/\/www.suno.com.br\/noticias\/carlos-ghosn-afastados-mitsubishi\/\" \/>\n<meta property=\"og:locale\" content=\"pt_BR\" \/>\n<meta property=\"og:type\" content=\"article\" \/>\n<meta property=\"og:title\" content=\"Carlos Ghosn \u00e9 afastados do Cosenlho de Administra\u00e7\u00e3o da Mitsubishi\" \/>\n<meta property=\"og:description\" content=\"Carlos Ghosn\u00a0est\u00e1 h\u00e1 um semana preso no Jap\u00e3o, o empres\u00e1rio brasileiro \u00e9 acusado de fraude fiscal e sonega\u00e7\u00e3o. Clique para saber mais.\" \/>\n<meta property=\"og:url\" content=\"https:\/\/www.suno.com.br\/noticias\/carlos-ghosn-afastados-mitsubishi\/\" \/>\n<meta property=\"og:site_name\" content=\"Suno Not\u00edcias\" \/>\n<meta property=\"article:publisher\" content=\"https:\/\/facebook.com\/sunoresearch\" \/>\n<meta property=\"article:author\" content=\"https:\/\/www.linkedin.com\/in\/mateus-vasconcellos-4b3542123\/\" \/>\n<meta property=\"og:image\" content=\"https:\/\/files.sunoresearch.com.br\/n\/uploads\/2018\/11\/17c35136-carlos-ghosn-3.jpg\" \/>\n\t<meta property=\"og:image:width\" content=\"770\" \/>\n\t<meta property=\"og:image:height\" content=\"433\" \/>\n\t<meta property=\"og:image:type\" content=\"image\/jpeg\" \/>\n<meta name=\"author\" content=\"Mateus Vasconcellos\" \/>\n<meta name=\"twitter:card\" content=\"summary_large_image\" \/>\n<meta name=\"twitter:creator\" content=\"@sunoresearch\" \/>\n<meta name=\"twitter:site\" content=\"@sunoresearch\" \/>\n<meta name=\"twitter:label1\" content=\"Escrito por\" \/>\n\t<meta name=\"twitter:data1\" content=\"Mateus Vasconcellos\" \/>\n\t<meta name=\"twitter:label2\" content=\"Est. tempo de leitura\" \/>\n\t<meta name=\"twitter:data2\" content=\"1 minuto\" \/>\n<script type=\"application\/ld+json\" class=\"yoast-schema-graph\">{\"@context\":\"https:\/\/schema.org\",\"@graph\":[{\"@type\":\"NewsArticle\",\"@id\":\"https:\/\/www.suno.com.br\/noticias\/carlos-ghosn-afastados-mitsubishi\/#article\",\"isPartOf\":{\"@id\":\"https:\/\/www.suno.com.br\/noticias\/carlos-ghosn-afastados-mitsubishi\/\"},\"author\":{\"name\":\"Mateus Vasconcellos\",\"@id\":\"https:\/\/www.suno.com.br\/noticias\/#\/schema\/person\/ff5cc30ec6c0b55b6d3f3cfc4378b74e\"},\"headline\":\"Carlos Ghosn \u00e9 afastado do Conselho de Administra\u00e7\u00e3o da Mitsubishi\",\"datePublished\":\"2018-11-26T10:49:45+00:00\",\"dateModified\":\"2018-11-26T12:09:58+00:00\",\"mainEntityOfPage\":{\"@id\":\"https:\/\/www.suno.com.br\/noticias\/carlos-ghosn-afastados-mitsubishi\/\"},\"wordCount\":257,\"publisher\":{\"@id\":\"https:\/\/www.suno.com.br\/noticias\/#organization\"},\"image\":{\"@id\":\"https:\/\/www.suno.com.br\/noticias\/carlos-ghosn-afastados-mitsubishi\/#primaryimage\"},\"thumbnailUrl\":\"https:\/\/files.sunoresearch.com.br\/n\/uploads\/2018\/11\/17c35136-carlos-ghosn-3-jpg.webp\",\"articleSection\":[\"Neg\u00f3cios\"],\"inLanguage\":\"pt-BR\"},{\"@type\":\"WebPage\",\"@id\":\"https:\/\/www.suno.com.br\/noticias\/carlos-ghosn-afastados-mitsubishi\/\",\"url\":\"https:\/\/www.suno.com.br\/noticias\/carlos-ghosn-afastados-mitsubishi\/\",\"name\":\"Carlos Ghosn \u00e9 afastados do Cosenlho de Administra\u00e7\u00e3o da Mitsubishi\",\"isPartOf\":{\"@id\":\"https:\/\/www.suno.com.br\/noticias\/#website\"},\"primaryImageOfPage\":{\"@id\":\"https:\/\/www.suno.com.br\/noticias\/carlos-ghosn-afastados-mitsubishi\/#primaryimage\"},\"image\":{\"@id\":\"https:\/\/www.suno.com.br\/noticias\/carlos-ghosn-afastados-mitsubishi\/#primaryimage\"},\"thumbnailUrl\":\"https:\/\/files.sunoresearch.com.br\/n\/uploads\/2018\/11\/17c35136-carlos-ghosn-3-jpg.webp\",\"datePublished\":\"2018-11-26T10:49:45+00:00\",\"dateModified\":\"2018-11-26T12:09:58+00:00\",\"description\":\"Carlos Ghosn\u00a0est\u00e1 h\u00e1 um semana preso no Jap\u00e3o, o empres\u00e1rio brasileiro \u00e9 acusado de fraude fiscal e sonega\u00e7\u00e3o. Clique para saber mais.\",\"breadcrumb\":{\"@id\":\"https:\/\/www.suno.com.br\/noticias\/carlos-ghosn-afastados-mitsubishi\/#breadcrumb\"},\"inLanguage\":\"pt-BR\",\"potentialAction\":[{\"@type\":\"ReadAction\",\"target\":[\"https:\/\/www.suno.com.br\/noticias\/carlos-ghosn-afastados-mitsubishi\/\"]}]},{\"@type\":\"ImageObject\",\"inLanguage\":\"pt-BR\",\"@id\":\"https:\/\/www.suno.com.br\/noticias\/carlos-ghosn-afastados-mitsubishi\/#primaryimage\",\"url\":\"https:\/\/files.sunoresearch.com.br\/n\/uploads\/2018\/11\/17c35136-carlos-ghosn-3-jpg.webp\",\"contentUrl\":\"https:\/\/files.sunoresearch.com.br\/n\/uploads\/2018\/11\/17c35136-carlos-ghosn-3-jpg.webp\",\"width\":770,\"height\":433,\"caption\":\"Tribunal estende pris\u00e3o de Ghosn at\u00e9 o dia 22 de abril\"},{\"@type\":\"BreadcrumbList\",\"@id\":\"https:\/\/www.suno.com.br\/noticias\/carlos-ghosn-afastados-mitsubishi\/#breadcrumb\",\"itemListElement\":[{\"@type\":\"ListItem\",\"position\":1,\"name\":\"Not\u00edcias\",\"item\":\"https:\/\/www.suno.com.br\/noticias\/\"},{\"@type\":\"ListItem\",\"position\":2,\"name\":\"Neg\u00f3cios\",\"item\":\"https:\/\/www.suno.com.br\/noticias\/negocios\/\"},{\"@type\":\"ListItem\",\"position\":3,\"name\":\"Carlos Ghosn \u00e9 afastado do Conselho de Administra\u00e7\u00e3o da Mitsubishi\"}]},{\"@type\":\"WebSite\",\"@id\":\"https:\/\/www.suno.com.br\/noticias\/#website\",\"url\":\"https:\/\/www.suno.com.br\/noticias\/\",\"name\":\"Suno Not\u00edcias\",\"description\":\"Seu portal de informa\u00e7\u00e3o sobre o mundo dos investimentos\",\"publisher\":{\"@id\":\"https:\/\/www.suno.com.br\/noticias\/#organization\"},\"potentialAction\":[{\"@type\":\"SearchAction\",\"target\":{\"@type\":\"EntryPoint\",\"urlTemplate\":\"https:\/\/www.suno.com.br\/noticias\/?s={search_term_string}\"},\"query-input\":{\"@type\":\"PropertyValueSpecification\",\"valueRequired\":true,\"valueName\":\"search_term_string\"}}],\"inLanguage\":\"pt-BR\"},{\"@type\":\"Organization\",\"@id\":\"https:\/\/www.suno.com.br\/noticias\/#organization\",\"name\":\"Suno Not\u00edcias\",\"url\":\"https:\/\/www.suno.com.br\/noticias\/\",\"logo\":{\"@type\":\"ImageObject\",\"inLanguage\":\"pt-BR\",\"@id\":\"https:\/\/www.suno.com.br\/noticias\/#\/schema\/logo\/image\/\",\"url\":\"https:\/\/files.sunoresearch.com.br\/n\/uploads\/2021\/09\/suno-logo.png\",\"contentUrl\":\"https:\/\/files.sunoresearch.com.br\/n\/uploads\/2021\/09\/suno-logo.png\",\"width\":180,\"height\":180,\"caption\":\"Suno Not\u00edcias\"},\"image\":{\"@id\":\"https:\/\/www.suno.com.br\/noticias\/#\/schema\/logo\/image\/\"},\"sameAs\":[\"https:\/\/facebook.com\/sunoresearch\",\"https:\/\/x.com\/sunoresearch\",\"https:\/\/www.instagram.com\/suno\",\"https:\/\/www.linkedin.com\/company\/suno-research\/\",\"https:\/\/www.youtube.com\/c\/sunoresearch\"]},{\"@type\":\"Person\",\"@id\":\"https:\/\/www.suno.com.br\/noticias\/#\/schema\/person\/ff5cc30ec6c0b55b6d3f3cfc4378b74e\",\"name\":\"Mateus Vasconcellos\",\"image\":{\"@type\":\"ImageObject\",\"inLanguage\":\"pt-BR\",\"@id\":\"https:\/\/www.suno.com.br\/noticias\/#\/schema\/person\/image\/\",\"url\":\"https:\/\/secure.gravatar.com\/avatar\/8d725238a0ef7530bdf58578a222f948?s=96&r=g\",\"contentUrl\":\"https:\/\/secure.gravatar.com\/avatar\/8d725238a0ef7530bdf58578a222f948?s=96&r=g\",\"caption\":\"Mateus Vasconcellos\"},\"description\":\"Formado em jornalismo pela Universidade Presbiteriana Mackenzie, Mateus Vasconcellos escreve sobre o mercado financeiro para o portal de not\u00edcias da Suno Research. Antes da Suno, teve passagem pelo Observat\u00f3rio do Terceiro Setor e \u00e9 vencedor do 7\u00b0 Pr\u00eamio Jovem Jornalista Fernando Pacheco Jord\u00e3o.\",\"sameAs\":[\"https:\/\/www.suno.com.br\",\"https:\/\/www.linkedin.com\/in\/mateus-vasconcellos-4b3542123\/\"],\"url\":\"https:\/\/www.suno.com.br\/noticias\/author\/mateus-vasconcellos\/\"}]}<\/script>\n<!-- \/ Yoast SEO plugin. -->","yoast_head_json":{"title":"Carlos Ghosn \u00e9 afastados do Cosenlho de Administra\u00e7\u00e3o da Mitsubishi","description":"Carlos Ghosn\u00a0est\u00e1 h\u00e1 um semana preso no Jap\u00e3o, o empres\u00e1rio brasileiro \u00e9 acusado de fraude fiscal e sonega\u00e7\u00e3o. Clique para saber mais.","robots":{"index":"index","follow":"follow","max-snippet":"max-snippet:-1","max-image-preview":"max-image-preview:large","max-video-preview":"max-video-preview:-1"},"canonical":"https:\/\/www.suno.com.br\/noticias\/carlos-ghosn-afastados-mitsubishi\/","og_locale":"pt_BR","og_type":"article","og_title":"Carlos Ghosn \u00e9 afastados do Cosenlho de Administra\u00e7\u00e3o da Mitsubishi","og_description":"Carlos Ghosn\u00a0est\u00e1 h\u00e1 um semana preso no Jap\u00e3o, o empres\u00e1rio brasileiro \u00e9 acusado de fraude fiscal e sonega\u00e7\u00e3o. Clique para saber mais.","og_url":"https:\/\/www.suno.com.br\/noticias\/carlos-ghosn-afastados-mitsubishi\/","og_site_name":"Suno Not\u00edcias","article_publisher":"https:\/\/facebook.com\/sunoresearch","article_author":"https:\/\/www.linkedin.com\/in\/mateus-vasconcellos-4b3542123\/","og_image":[{"width":770,"height":433,"url":"https:\/\/files.sunoresearch.com.br\/n\/uploads\/2018\/11\/17c35136-carlos-ghosn-3.jpg","type":"image\/jpeg"}],"author":"Mateus Vasconcellos","twitter_card":"summary_large_image","twitter_creator":"@sunoresearch","twitter_site":"@sunoresearch","twitter_misc":{"Escrito por":"Mateus Vasconcellos","Est. tempo de leitura":"1 minuto"},"schema":{"@context":"https:\/\/schema.org","@graph":[{"@type":"NewsArticle","@id":"https:\/\/www.suno.com.br\/noticias\/carlos-ghosn-afastados-mitsubishi\/#article","isPartOf":{"@id":"https:\/\/www.suno.com.br\/noticias\/carlos-ghosn-afastados-mitsubishi\/"},"author":{"name":"Mateus Vasconcellos","@id":"https:\/\/www.suno.com.br\/noticias\/#\/schema\/person\/ff5cc30ec6c0b55b6d3f3cfc4378b74e"},"headline":"Carlos Ghosn \u00e9 afastado do Conselho de Administra\u00e7\u00e3o da Mitsubishi","datePublished":"2018-11-26T10:49:45+00:00","dateModified":"2018-11-26T12:09:58+00:00","mainEntityOfPage":{"@id":"https:\/\/www.suno.com.br\/noticias\/carlos-ghosn-afastados-mitsubishi\/"},"wordCount":257,"publisher":{"@id":"https:\/\/www.suno.com.br\/noticias\/#organization"},"image":{"@id":"https:\/\/www.suno.com.br\/noticias\/carlos-ghosn-afastados-mitsubishi\/#primaryimage"},"thumbnailUrl":"https:\/\/files.sunoresearch.com.br\/n\/uploads\/2018\/11\/17c35136-carlos-ghosn-3-jpg.webp","articleSection":["Neg\u00f3cios"],"inLanguage":"pt-BR"},{"@type":"WebPage","@id":"https:\/\/www.suno.com.br\/noticias\/carlos-ghosn-afastados-mitsubishi\/","url":"https:\/\/www.suno.com.br\/noticias\/carlos-ghosn-afastados-mitsubishi\/","name":"Carlos Ghosn \u00e9 afastados do Cosenlho de Administra\u00e7\u00e3o da Mitsubishi","isPartOf":{"@id":"https:\/\/www.suno.com.br\/noticias\/#website"},"primaryImageOfPage":{"@id":"https:\/\/www.suno.com.br\/noticias\/carlos-ghosn-afastados-mitsubishi\/#primaryimage"},"image":{"@id":"https:\/\/www.suno.com.br\/noticias\/carlos-ghosn-afastados-mitsubishi\/#primaryimage"},"thumbnailUrl":"https:\/\/files.sunoresearch.com.br\/n\/uploads\/2018\/11\/17c35136-carlos-ghosn-3-jpg.webp","datePublished":"2018-11-26T10:49:45+00:00","dateModified":"2018-11-26T12:09:58+00:00","description":"Carlos Ghosn\u00a0est\u00e1 h\u00e1 um semana preso no Jap\u00e3o, o empres\u00e1rio brasileiro \u00e9 acusado de fraude fiscal e sonega\u00e7\u00e3o. Clique para saber mais.","breadcrumb":{"@id":"https:\/\/www.suno.com.br\/noticias\/carlos-ghosn-afastados-mitsubishi\/#breadcrumb"},"inLanguage":"pt-BR","potentialAction":[{"@type":"ReadAction","target":["https:\/\/www.suno.com.br\/noticias\/carlos-ghosn-afastados-mitsubishi\/"]}]},{"@type":"ImageObject","inLanguage":"pt-BR","@id":"https:\/\/www.suno.com.br\/noticias\/carlos-ghosn-afastados-mitsubishi\/#primaryimage","url":"https:\/\/files.sunoresearch.com.br\/n\/uploads\/2018\/11\/17c35136-carlos-ghosn-3-jpg.webp","contentUrl":"https:\/\/files.sunoresearch.com.br\/n\/uploads\/2018\/11\/17c35136-carlos-ghosn-3-jpg.webp","width":770,"height":433,"caption":"Tribunal estende pris\u00e3o de Ghosn at\u00e9 o dia 22 de abril"},{"@type":"BreadcrumbList","@id":"https:\/\/www.suno.com.br\/noticias\/carlos-ghosn-afastados-mitsubishi\/#breadcrumb","itemListElement":[{"@type":"ListItem","position":1,"name":"Not\u00edcias","item":"https:\/\/www.suno.com.br\/noticias\/"},{"@type":"ListItem","position":2,"name":"Neg\u00f3cios","item":"https:\/\/www.suno.com.br\/noticias\/negocios\/"},{"@type":"ListItem","position":3,"name":"Carlos Ghosn \u00e9 afastado do Conselho de Administra\u00e7\u00e3o da Mitsubishi"}]},{"@type":"WebSite","@id":"https:\/\/www.suno.com.br\/noticias\/#website","url":"https:\/\/www.suno.com.br\/noticias\/","name":"Suno Not\u00edcias","description":"Seu portal de informa\u00e7\u00e3o sobre o mundo dos investimentos","publisher":{"@id":"https:\/\/www.suno.com.br\/noticias\/#organization"},"potentialAction":[{"@type":"SearchAction","target":{"@type":"EntryPoint","urlTemplate":"https:\/\/www.suno.com.br\/noticias\/?s={search_term_string}"},"query-input":{"@type":"PropertyValueSpecification","valueRequired":true,"valueName":"search_term_string"}}],"inLanguage":"pt-BR"},{"@type":"Organization","@id":"https:\/\/www.suno.com.br\/noticias\/#organization","name":"Suno Not\u00edcias","url":"https:\/\/www.suno.com.br\/noticias\/","logo":{"@type":"ImageObject","inLanguage":"pt-BR","@id":"https:\/\/www.suno.com.br\/noticias\/#\/schema\/logo\/image\/","url":"https:\/\/files.sunoresearch.com.br\/n\/uploads\/2021\/09\/suno-logo.png","contentUrl":"https:\/\/files.sunoresearch.com.br\/n\/uploads\/2021\/09\/suno-logo.png","width":180,"height":180,"caption":"Suno Not\u00edcias"},"image":{"@id":"https:\/\/www.suno.com.br\/noticias\/#\/schema\/logo\/image\/"},"sameAs":["https:\/\/facebook.com\/sunoresearch","https:\/\/x.com\/sunoresearch","https:\/\/www.instagram.com\/suno","https:\/\/www.linkedin.com\/company\/suno-research\/","https:\/\/www.youtube.com\/c\/sunoresearch"]},{"@type":"Person","@id":"https:\/\/www.suno.com.br\/noticias\/#\/schema\/person\/ff5cc30ec6c0b55b6d3f3cfc4378b74e","name":"Mateus Vasconcellos","image":{"@type":"ImageObject","inLanguage":"pt-BR","@id":"https:\/\/www.suno.com.br\/noticias\/#\/schema\/person\/image\/","url":"https:\/\/secure.gravatar.com\/avatar\/8d725238a0ef7530bdf58578a222f948?s=96&r=g","contentUrl":"https:\/\/secure.gravatar.com\/avatar\/8d725238a0ef7530bdf58578a222f948?s=96&r=g","caption":"Mateus Vasconcellos"},"description":"Formado em jornalismo pela Universidade Presbiteriana Mackenzie, Mateus Vasconcellos escreve sobre o mercado financeiro para o portal de not\u00edcias da Suno Research. Antes da Suno, teve passagem pelo Observat\u00f3rio do Terceiro Setor e \u00e9 vencedor do 7\u00b0 Pr\u00eamio Jovem Jornalista Fernando Pacheco Jord\u00e3o.","sameAs":["https:\/\/www.suno.com.br","https:\/\/www.linkedin.com\/in\/mateus-vasconcellos-4b3542123\/"],"url":"https:\/\/www.suno.com.br\/noticias\/author\/mateus-vasconcellos\/"}]}},"default_loop_html":"<div class=\"cardsPage__listCard__boxs\"><div class=\"cardsPage__listCard__boxs__img\"><a href=\"https:\/\/www.suno.com.br\/noticias\/carlos-ghosn-afastados-mitsubishi\/\"><img class=\"mask\" src=\"https:\/\/www.suno.com.br\/noticias\/wp-content\/themes\/suno\/resources\/images\/spotlight\/spotlight1img\/bg-mask.png\" alt=\"Image Mask\"\/><img src=\"https:\/\/files.sunoresearch.com.br\/n\/uploads\/2018\/11\/17c35136-carlos-ghosn-3-400x200.webp\" alt=\"Carlos Ghosn \u00e9 afastado do Conselho de Administra\u00e7\u00e3o da Mitsubishi\"\/><\/a><span class=\"spotlightCategory\"><a href=\"https:\/\/www.suno.com.br\/noticias\/negocios\/\">Neg\u00f3cios<\/a><\/span><\/div><div class=\"cardsPage__listCard__boxs__content\"><a href=\"https:\/\/www.suno.com.br\/noticias\/carlos-ghosn-afastados-mitsubishi\/\"><h2 class=\"content__title\">Carlos Ghosn \u00e9 afastado do Conselho de Administra\u00e7\u00e3o da Mitsubishi<\/h2><\/a><div class=\"newsContent__article__meta\"><div class=\"newsContent__article__meta__authorBox\"><a href=\"https:\/\/www.suno.com.br\/noticias\/author\/mateus-vasconcellos\/\" class=\"authorBox__avatar noMobi\"><img src=\"https:\/\/secure.gravatar.com\/avatar\/8d725238a0ef7530bdf58578a222f948?s=96&#038;r=g\" alt=\"Mateus Vasconcellos\"><\/a><div class=\"authorBox__name\"><span>por\n\t\t\t<a href=\"https:\/\/www.suno.com.br\/noticias\/author\/mateus-vasconcellos\/\"><span itemprop=\"author\">Mateus Vasconcellos<\/span><\/a><\/span><time datetime=\"2018-11-26T08:49:45-02:00\" itemprop=\"datePublished\">26\/11\/2018 08:49<\/time><\/div><\/div><\/div><\/div><\/div>","single_layout":"posts","amp_enabled":true,"_links":{"self":[{"href":"https:\/\/www.suno.com.br\/noticias\/wp-json\/wp\/v2\/posts\/6942"}],"collection":[{"href":"https:\/\/www.suno.com.br\/noticias\/wp-json\/wp\/v2\/posts"}],"about":[{"href":"https:\/\/www.suno.com.br\/noticias\/wp-json\/wp\/v2\/types\/post"}],"author":[{"embeddable":true,"href":"https:\/\/www.suno.com.br\/noticias\/wp-json\/wp\/v2\/users\/7"}],"replies":[{"embeddable":true,"href":"https:\/\/www.suno.com.br\/noticias\/wp-json\/wp\/v2\/comments?post=6942"}],"version-history":[{"count":0,"href":"https:\/\/www.suno.com.br\/noticias\/wp-json\/wp\/v2\/posts\/6942\/revisions"}],"wp:featuredmedia":[{"embeddable":true,"href":"https:\/\/www.suno.com.br\/noticias\/wp-json\/wp\/v2\/media\/6943"}],"wp:attachment":[{"href":"https:\/\/www.suno.com.br\/noticias\/wp-json\/wp\/v2\/media?parent=6942"}],"wp:term":[{"taxonomy":"category","embeddable":true,"href":"https:\/\/www.suno.com.br\/noticias\/wp-json\/wp\/v2\/categories?post=6942"},{"taxonomy":"post_tag","embeddable":true,"href":"https:\/\/www.suno.com.br\/noticias\/wp-json\/wp\/v2\/tags?post=6942"},{"taxonomy":"suno_strategy","embeddable":true,"href":"https:\/\/www.suno.com.br\/noticias\/wp-json\/wp\/v2\/suno_strategy?post=6942"}],"curies":[{"name":"wp","href":"https:\/\/api.w.org\/{rel}","templated":true}]}}