{"id":69370,"date":"2020-06-17T19:34:51","date_gmt":"2020-06-17T22:34:51","guid":{"rendered":"https:\/\/www.suno.com.br\/noticias\/?p=69370"},"modified":"2021-06-13T23:36:41","modified_gmt":"2021-06-14T02:36:41","slug":"lyft-frota-carros-eletricos-2023","status":"publish","type":"post","link":"https:\/\/www.suno.com.br\/noticias\/lyft-frota-carros-eletricos-2023\/","title":{"rendered":"Lyft espera ter toda sua frota composta de carros el\u00e9tricos at\u00e9 2023"},"content":{"rendered":"<p>A companhia de transporte compartilhado por aplicativo <strong>Lyft <\/strong>anunciou nesta quarta-feira (17) que espera adotar energia el\u00e9trica para todos os carros de sua frota at\u00e9 2023.<\/p>\t<div class=\"wrapper-featured-image\">\n\t\t<figure class=\"spotlightImg\">\n\n\t\t\t<picture>\n\t\t\t\t<source media=\"(max-width: 768px)\" srcset=\"https:\/\/files.sunoresearch.com.br\/n\/uploads\/2020\/06\/8384e336-lyft-400x200.webp\">\n\t\t\t\t<img loading=\"lazy\" decoding=\"async\" class=\"newsContent__article__imgCapa lazyloadDisabled newsContent__article__imgCapa--noCaption\" src=\"https:\/\/files.sunoresearch.com.br\/n\/uploads\/2020\/06\/8384e336-lyft-800x450.webp\" width=\"800\" height=\"450\" alt=\"Lyft espera ter toda sua frota composta de carros el\u00e9tricos at\u00e9 2023\" fetchpriority=high \/>\n\t\t\t<\/picture>\n\n\t\t\t<figcaption class=\"wp-caption-text wp-caption-text--hide\">Lyft espera ter toda sua frota composta de carros el\u00e9tricos at\u00e9 2023<\/figcaption>\n\t\t<\/figure>\n\t<\/div>\n\n\n\n<p>A rede compartilhamento de transporte por aplicativo m\u00f3vel comunicou que projeta um incentivo aos competidores, legisladores e montadoras de ve\u00edculos. Os est\u00edmulos financeiros objetivam tornar mais simples para o motoristas adotarem os <strong>modelos el\u00e9tricos<\/strong>, segundo executivos da Lyft.<\/p>\n<p><iframe loading=\"lazy\" title=\"?Live especial com advogado Artemio Pican\u00e7o sobre pir\u00e2mides financeiras - BC corta Selic para 2,25%\" width=\"1080\" height=\"608\" src=\"https:\/\/www.youtube.com\/embed\/oEeygQwduFg?feature=oembed\" frameborder=\"0\" allow=\"accelerometer; autoplay; encrypted-media; gyroscope; picture-in-picture\" allowfullscreen><\/iframe><\/p>\n<p>Nesse sentido, o presidente e cofundador da startup declarou que a companhia j\u00e1 alcan\u00e7ou escala para provocar mudan\u00e7as no setor de transporte. A empresa, que possui uma frota atual composta de pelo menos 1% de carros el\u00e9tricos, comunicou que ir\u00e1 promover agressivamente e auxiliar os motoristas a acessar os recursos para realizarem a troca de seus autom\u00f3veis movidos por combust\u00e3o.<\/p>\n<p><a href=\"https:\/\/lp.suno.com.br\/suno-one\/\">Suno One: acesse gratuitamente eBooks, Minicursos, Artigos e Video Aulas sobre investimentos com um \u00fanico cadastro. Clique para saber mais!<\/a><\/p>\n<p>\u201cSe os formuladores de pol\u00edticas fizerem sua parte nos pr\u00f3ximos anos, os ve\u00edculos el\u00e9tricos atingir\u00e3o paridade de custo com os modelos a gasolina at\u00e9 a metade da d\u00e9cada\u201d, salientou a empresa.<\/p>\n<h2>Lyft suspende opera\u00e7\u00f5es em cidades do EUA<\/h2>\n<p>Na esteira dos protestos antirracistas nos Estados Unidos, ap\u00f3s a morte do homem negro desarmado George Floyd por um policial branco na cidade de Minneapolis, a Lyft anunciou a suspens\u00e3o de suas atividades em alguns munic\u00edpios onde foram impostos os toques de recolher.<\/p>\n<p><a href=\"https:\/\/www.suno.com.br\/noticias\/lyft-companhia-reduzira-cerca-de-17-da-forca-de-trabalho\/\">Saiba mais: Lyft reduzir\u00e1 em 17% sua for\u00e7a de trabalho para reduzir custos<\/a><\/p>\n<p>Nesse sentido, a rede de compartilhamento de autom\u00f3veis comunicou que \u201cseguindo a dire\u00e7\u00e3o do governo local\u201d e que os servi\u00e7os foram interrompidos temporariamente em algumas cidades. A empresa,no entanto, n\u00e3o informou onde as opera\u00e7\u00f5es s\u00e3o paralisadas.<\/p>\n<p>A <strong>Lyft<\/strong>, principal concorrente da Uber, foi fundada em 2012 e est\u00e1 baseada na cidade de S\u00e3o Francisco. Inicialmente, a empresa manteve as opera\u00e7\u00e3o reservadas aos Estados Unidos, por\u00e9m expandiu as atividades para o Canad\u00e1 em 2017.<\/p>\n\n","protected":false},"excerpt":{"rendered":"<p>A companhia de transporte compartilhado por aplicativo Lyft anunciou nesta quarta-feira (17) que espera adotar energia el\u00e9trica para todos os carros de sua frota at\u00e9 2023. Lyft espera ter toda sua frota composta de carros el\u00e9tricos at\u00e9 2023 A rede compartilhamento de transporte por aplicativo m\u00f3vel comunicou que projeta um incentivo aos competidores, legisladores e [&hellip;]<\/p>\n","protected":false},"author":35,"featured_media":69372,"comment_status":"closed","ping_status":"closed","sticky":false,"template":"","format":"standard","meta":[],"categories":[64],"tags":[1376,793,1209],"suno_strategy":[],"class_list":["post-69370","post","type-post","status-publish","format-standard","has-post-thumbnail","hentry","category-negocios","tag-carros-eletricos","tag-estados-unidos-eua","tag-lyft"],"yoast_head":"<!-- This site is optimized with the Yoast SEO plugin v24.4 - https:\/\/yoast.com\/wordpress\/plugins\/seo\/ -->\n<title>Lyft espera ter toda sua frota composta de carros el\u00e9tricos at\u00e9 2023<\/title>\n<meta name=\"description\" content=\"A Lyft anunciou nesta quarta-feira (17) que espera adotar energia el\u00e9trica para todos os carros de sua frota at\u00e9 2023. Clique para saber mais\" \/>\n<meta name=\"robots\" content=\"index, follow, max-snippet:-1, max-image-preview:large, max-video-preview:-1\" \/>\n<link rel=\"canonical\" href=\"https:\/\/www.suno.com.br\/noticias\/lyft-frota-carros-eletricos-2023\/\" \/>\n<meta property=\"og:locale\" content=\"pt_BR\" \/>\n<meta property=\"og:type\" content=\"article\" \/>\n<meta property=\"og:title\" content=\"Lyft espera ter toda sua frota composta de carros el\u00e9tricos at\u00e9 2023\" \/>\n<meta property=\"og:description\" content=\"A Lyft anunciou nesta quarta-feira (17) que espera adotar energia el\u00e9trica para todos os carros de sua frota at\u00e9 2023. Clique para saber mais\" \/>\n<meta property=\"og:url\" content=\"https:\/\/www.suno.com.br\/noticias\/lyft-frota-carros-eletricos-2023\/\" \/>\n<meta property=\"og:site_name\" content=\"Suno Not\u00edcias\" \/>\n<meta property=\"article:publisher\" content=\"https:\/\/facebook.com\/sunoresearch\" \/>\n<meta property=\"og:image\" content=\"https:\/\/files.sunoresearch.com.br\/n\/uploads\/2020\/06\/8384e336-lyft.jpg\" \/>\n\t<meta property=\"og:image:width\" content=\"1023\" \/>\n\t<meta property=\"og:image:height\" content=\"713\" \/>\n\t<meta property=\"og:image:type\" content=\"image\/jpeg\" \/>\n<meta name=\"author\" content=\"Arthur Guimar\u00e3es\" \/>\n<meta name=\"twitter:card\" content=\"summary_large_image\" \/>\n<meta name=\"twitter:creator\" content=\"@sunoresearch\" \/>\n<meta name=\"twitter:site\" content=\"@sunoresearch\" \/>\n<meta name=\"twitter:label1\" content=\"Escrito por\" \/>\n\t<meta name=\"twitter:data1\" content=\"Arthur Guimar\u00e3es\" \/>\n\t<meta name=\"twitter:label2\" content=\"Est. tempo de leitura\" \/>\n\t<meta name=\"twitter:data2\" content=\"2 minutos\" \/>\n<script type=\"application\/ld+json\" class=\"yoast-schema-graph\">{\"@context\":\"https:\/\/schema.org\",\"@graph\":[{\"@type\":\"NewsArticle\",\"@id\":\"https:\/\/www.suno.com.br\/noticias\/lyft-frota-carros-eletricos-2023\/#article\",\"isPartOf\":{\"@id\":\"https:\/\/www.suno.com.br\/noticias\/lyft-frota-carros-eletricos-2023\/\"},\"author\":{\"name\":\"Arthur Guimar\u00e3es\",\"@id\":\"https:\/\/www.suno.com.br\/noticias\/#\/schema\/person\/053a750a709a263919a20f976caae91c\"},\"headline\":\"Lyft espera ter toda sua frota composta de carros el\u00e9tricos at\u00e9 2023\",\"datePublished\":\"2020-06-17T22:34:51+00:00\",\"dateModified\":\"2021-06-14T02:36:41+00:00\",\"mainEntityOfPage\":{\"@id\":\"https:\/\/www.suno.com.br\/noticias\/lyft-frota-carros-eletricos-2023\/\"},\"wordCount\":365,\"publisher\":{\"@id\":\"https:\/\/www.suno.com.br\/noticias\/#organization\"},\"image\":{\"@id\":\"https:\/\/www.suno.com.br\/noticias\/lyft-frota-carros-eletricos-2023\/#primaryimage\"},\"thumbnailUrl\":\"https:\/\/files.sunoresearch.com.br\/n\/uploads\/2020\/06\/8384e336-lyft-jpg.webp\",\"keywords\":[\"carros el\u00e9tricos\",\"Estados Unidos (EUA)\",\"Lyft\"],\"articleSection\":[\"Neg\u00f3cios\"],\"inLanguage\":\"pt-BR\"},{\"@type\":\"WebPage\",\"@id\":\"https:\/\/www.suno.com.br\/noticias\/lyft-frota-carros-eletricos-2023\/\",\"url\":\"https:\/\/www.suno.com.br\/noticias\/lyft-frota-carros-eletricos-2023\/\",\"name\":\"Lyft espera ter toda sua frota composta de carros el\u00e9tricos at\u00e9 2023\",\"isPartOf\":{\"@id\":\"https:\/\/www.suno.com.br\/noticias\/#website\"},\"primaryImageOfPage\":{\"@id\":\"https:\/\/www.suno.com.br\/noticias\/lyft-frota-carros-eletricos-2023\/#primaryimage\"},\"image\":{\"@id\":\"https:\/\/www.suno.com.br\/noticias\/lyft-frota-carros-eletricos-2023\/#primaryimage\"},\"thumbnailUrl\":\"https:\/\/files.sunoresearch.com.br\/n\/uploads\/2020\/06\/8384e336-lyft-jpg.webp\",\"datePublished\":\"2020-06-17T22:34:51+00:00\",\"dateModified\":\"2021-06-14T02:36:41+00:00\",\"description\":\"A Lyft anunciou nesta quarta-feira (17) que espera adotar energia el\u00e9trica para todos os carros de sua frota at\u00e9 2023. Clique para saber mais\",\"breadcrumb\":{\"@id\":\"https:\/\/www.suno.com.br\/noticias\/lyft-frota-carros-eletricos-2023\/#breadcrumb\"},\"inLanguage\":\"pt-BR\",\"potentialAction\":[{\"@type\":\"ReadAction\",\"target\":[\"https:\/\/www.suno.com.br\/noticias\/lyft-frota-carros-eletricos-2023\/\"]}]},{\"@type\":\"ImageObject\",\"inLanguage\":\"pt-BR\",\"@id\":\"https:\/\/www.suno.com.br\/noticias\/lyft-frota-carros-eletricos-2023\/#primaryimage\",\"url\":\"https:\/\/files.sunoresearch.com.br\/n\/uploads\/2020\/06\/8384e336-lyft-jpg.webp\",\"contentUrl\":\"https:\/\/files.sunoresearch.com.br\/n\/uploads\/2020\/06\/8384e336-lyft-jpg.webp\",\"width\":1023,\"height\":713,\"caption\":\"Lyft espera ter toda sua frota composta de carros el\u00e9tricos at\u00e9 2023\"},{\"@type\":\"BreadcrumbList\",\"@id\":\"https:\/\/www.suno.com.br\/noticias\/lyft-frota-carros-eletricos-2023\/#breadcrumb\",\"itemListElement\":[{\"@type\":\"ListItem\",\"position\":1,\"name\":\"Not\u00edcias\",\"item\":\"https:\/\/www.suno.com.br\/noticias\/\"},{\"@type\":\"ListItem\",\"position\":2,\"name\":\"Neg\u00f3cios\",\"item\":\"https:\/\/www.suno.com.br\/noticias\/negocios\/\"},{\"@type\":\"ListItem\",\"position\":3,\"name\":\"Lyft espera ter toda sua frota composta de carros el\u00e9tricos at\u00e9 2023\"}]},{\"@type\":\"WebSite\",\"@id\":\"https:\/\/www.suno.com.br\/noticias\/#website\",\"url\":\"https:\/\/www.suno.com.br\/noticias\/\",\"name\":\"Suno Not\u00edcias\",\"description\":\"Seu portal de informa\u00e7\u00e3o sobre o mundo dos investimentos\",\"publisher\":{\"@id\":\"https:\/\/www.suno.com.br\/noticias\/#organization\"},\"potentialAction\":[{\"@type\":\"SearchAction\",\"target\":{\"@type\":\"EntryPoint\",\"urlTemplate\":\"https:\/\/www.suno.com.br\/noticias\/?s={search_term_string}\"},\"query-input\":{\"@type\":\"PropertyValueSpecification\",\"valueRequired\":true,\"valueName\":\"search_term_string\"}}],\"inLanguage\":\"pt-BR\"},{\"@type\":\"Organization\",\"@id\":\"https:\/\/www.suno.com.br\/noticias\/#organization\",\"name\":\"Suno Not\u00edcias\",\"url\":\"https:\/\/www.suno.com.br\/noticias\/\",\"logo\":{\"@type\":\"ImageObject\",\"inLanguage\":\"pt-BR\",\"@id\":\"https:\/\/www.suno.com.br\/noticias\/#\/schema\/logo\/image\/\",\"url\":\"https:\/\/files.sunoresearch.com.br\/n\/uploads\/2021\/09\/suno-logo.png\",\"contentUrl\":\"https:\/\/files.sunoresearch.com.br\/n\/uploads\/2021\/09\/suno-logo.png\",\"width\":180,\"height\":180,\"caption\":\"Suno Not\u00edcias\"},\"image\":{\"@id\":\"https:\/\/www.suno.com.br\/noticias\/#\/schema\/logo\/image\/\"},\"sameAs\":[\"https:\/\/facebook.com\/sunoresearch\",\"https:\/\/x.com\/sunoresearch\",\"https:\/\/www.instagram.com\/suno\",\"https:\/\/www.linkedin.com\/company\/suno-research\/\",\"https:\/\/www.youtube.com\/c\/sunoresearch\"]},{\"@type\":\"Person\",\"@id\":\"https:\/\/www.suno.com.br\/noticias\/#\/schema\/person\/053a750a709a263919a20f976caae91c\",\"name\":\"Arthur Guimar\u00e3es\",\"image\":{\"@type\":\"ImageObject\",\"inLanguage\":\"pt-BR\",\"@id\":\"https:\/\/www.suno.com.br\/noticias\/#\/schema\/person\/image\/\",\"url\":\"https:\/\/secure.gravatar.com\/avatar\/1affd86a11209ae09eb6dd3bcad3e96c?s=96&r=g\",\"contentUrl\":\"https:\/\/secure.gravatar.com\/avatar\/1affd86a11209ae09eb6dd3bcad3e96c?s=96&r=g\",\"caption\":\"Arthur Guimar\u00e3es\"},\"description\":\"Arthur Guimar\u00e3es escreve sobre pol\u00edtica, economia e neg\u00f3cios para o portal de not\u00edcias da Suno Research. Atualmente, \u00e9 estudante de jornalismo pela Faculdade C\u00e1sper L\u00edbero.\",\"url\":\"https:\/\/www.suno.com.br\/noticias\/author\/arthur-guimaraes\/\"}]}<\/script>\n<!-- \/ Yoast SEO plugin. -->","yoast_head_json":{"title":"Lyft espera ter toda sua frota composta de carros el\u00e9tricos at\u00e9 2023","description":"A Lyft anunciou nesta quarta-feira (17) que espera adotar energia el\u00e9trica para todos os carros de sua frota at\u00e9 2023. Clique para saber mais","robots":{"index":"index","follow":"follow","max-snippet":"max-snippet:-1","max-image-preview":"max-image-preview:large","max-video-preview":"max-video-preview:-1"},"canonical":"https:\/\/www.suno.com.br\/noticias\/lyft-frota-carros-eletricos-2023\/","og_locale":"pt_BR","og_type":"article","og_title":"Lyft espera ter toda sua frota composta de carros el\u00e9tricos at\u00e9 2023","og_description":"A Lyft anunciou nesta quarta-feira (17) que espera adotar energia el\u00e9trica para todos os carros de sua frota at\u00e9 2023. Clique para saber mais","og_url":"https:\/\/www.suno.com.br\/noticias\/lyft-frota-carros-eletricos-2023\/","og_site_name":"Suno Not\u00edcias","article_publisher":"https:\/\/facebook.com\/sunoresearch","og_image":[{"width":1023,"height":713,"url":"https:\/\/files.sunoresearch.com.br\/n\/uploads\/2020\/06\/8384e336-lyft.jpg","type":"image\/jpeg"}],"author":"Arthur Guimar\u00e3es","twitter_card":"summary_large_image","twitter_creator":"@sunoresearch","twitter_site":"@sunoresearch","twitter_misc":{"Escrito por":"Arthur Guimar\u00e3es","Est. tempo de leitura":"2 minutos"},"schema":{"@context":"https:\/\/schema.org","@graph":[{"@type":"NewsArticle","@id":"https:\/\/www.suno.com.br\/noticias\/lyft-frota-carros-eletricos-2023\/#article","isPartOf":{"@id":"https:\/\/www.suno.com.br\/noticias\/lyft-frota-carros-eletricos-2023\/"},"author":{"name":"Arthur Guimar\u00e3es","@id":"https:\/\/www.suno.com.br\/noticias\/#\/schema\/person\/053a750a709a263919a20f976caae91c"},"headline":"Lyft espera ter toda sua frota composta de carros el\u00e9tricos at\u00e9 2023","datePublished":"2020-06-17T22:34:51+00:00","dateModified":"2021-06-14T02:36:41+00:00","mainEntityOfPage":{"@id":"https:\/\/www.suno.com.br\/noticias\/lyft-frota-carros-eletricos-2023\/"},"wordCount":365,"publisher":{"@id":"https:\/\/www.suno.com.br\/noticias\/#organization"},"image":{"@id":"https:\/\/www.suno.com.br\/noticias\/lyft-frota-carros-eletricos-2023\/#primaryimage"},"thumbnailUrl":"https:\/\/files.sunoresearch.com.br\/n\/uploads\/2020\/06\/8384e336-lyft-jpg.webp","keywords":["carros el\u00e9tricos","Estados Unidos (EUA)","Lyft"],"articleSection":["Neg\u00f3cios"],"inLanguage":"pt-BR"},{"@type":"WebPage","@id":"https:\/\/www.suno.com.br\/noticias\/lyft-frota-carros-eletricos-2023\/","url":"https:\/\/www.suno.com.br\/noticias\/lyft-frota-carros-eletricos-2023\/","name":"Lyft espera ter toda sua frota composta de carros el\u00e9tricos at\u00e9 2023","isPartOf":{"@id":"https:\/\/www.suno.com.br\/noticias\/#website"},"primaryImageOfPage":{"@id":"https:\/\/www.suno.com.br\/noticias\/lyft-frota-carros-eletricos-2023\/#primaryimage"},"image":{"@id":"https:\/\/www.suno.com.br\/noticias\/lyft-frota-carros-eletricos-2023\/#primaryimage"},"thumbnailUrl":"https:\/\/files.sunoresearch.com.br\/n\/uploads\/2020\/06\/8384e336-lyft-jpg.webp","datePublished":"2020-06-17T22:34:51+00:00","dateModified":"2021-06-14T02:36:41+00:00","description":"A Lyft anunciou nesta quarta-feira (17) que espera adotar energia el\u00e9trica para todos os carros de sua frota at\u00e9 2023. Clique para saber mais","breadcrumb":{"@id":"https:\/\/www.suno.com.br\/noticias\/lyft-frota-carros-eletricos-2023\/#breadcrumb"},"inLanguage":"pt-BR","potentialAction":[{"@type":"ReadAction","target":["https:\/\/www.suno.com.br\/noticias\/lyft-frota-carros-eletricos-2023\/"]}]},{"@type":"ImageObject","inLanguage":"pt-BR","@id":"https:\/\/www.suno.com.br\/noticias\/lyft-frota-carros-eletricos-2023\/#primaryimage","url":"https:\/\/files.sunoresearch.com.br\/n\/uploads\/2020\/06\/8384e336-lyft-jpg.webp","contentUrl":"https:\/\/files.sunoresearch.com.br\/n\/uploads\/2020\/06\/8384e336-lyft-jpg.webp","width":1023,"height":713,"caption":"Lyft espera ter toda sua frota composta de carros el\u00e9tricos at\u00e9 2023"},{"@type":"BreadcrumbList","@id":"https:\/\/www.suno.com.br\/noticias\/lyft-frota-carros-eletricos-2023\/#breadcrumb","itemListElement":[{"@type":"ListItem","position":1,"name":"Not\u00edcias","item":"https:\/\/www.suno.com.br\/noticias\/"},{"@type":"ListItem","position":2,"name":"Neg\u00f3cios","item":"https:\/\/www.suno.com.br\/noticias\/negocios\/"},{"@type":"ListItem","position":3,"name":"Lyft espera ter toda sua frota composta de carros el\u00e9tricos at\u00e9 2023"}]},{"@type":"WebSite","@id":"https:\/\/www.suno.com.br\/noticias\/#website","url":"https:\/\/www.suno.com.br\/noticias\/","name":"Suno Not\u00edcias","description":"Seu portal de informa\u00e7\u00e3o sobre o mundo dos investimentos","publisher":{"@id":"https:\/\/www.suno.com.br\/noticias\/#organization"},"potentialAction":[{"@type":"SearchAction","target":{"@type":"EntryPoint","urlTemplate":"https:\/\/www.suno.com.br\/noticias\/?s={search_term_string}"},"query-input":{"@type":"PropertyValueSpecification","valueRequired":true,"valueName":"search_term_string"}}],"inLanguage":"pt-BR"},{"@type":"Organization","@id":"https:\/\/www.suno.com.br\/noticias\/#organization","name":"Suno Not\u00edcias","url":"https:\/\/www.suno.com.br\/noticias\/","logo":{"@type":"ImageObject","inLanguage":"pt-BR","@id":"https:\/\/www.suno.com.br\/noticias\/#\/schema\/logo\/image\/","url":"https:\/\/files.sunoresearch.com.br\/n\/uploads\/2021\/09\/suno-logo.png","contentUrl":"https:\/\/files.sunoresearch.com.br\/n\/uploads\/2021\/09\/suno-logo.png","width":180,"height":180,"caption":"Suno Not\u00edcias"},"image":{"@id":"https:\/\/www.suno.com.br\/noticias\/#\/schema\/logo\/image\/"},"sameAs":["https:\/\/facebook.com\/sunoresearch","https:\/\/x.com\/sunoresearch","https:\/\/www.instagram.com\/suno","https:\/\/www.linkedin.com\/company\/suno-research\/","https:\/\/www.youtube.com\/c\/sunoresearch"]},{"@type":"Person","@id":"https:\/\/www.suno.com.br\/noticias\/#\/schema\/person\/053a750a709a263919a20f976caae91c","name":"Arthur Guimar\u00e3es","image":{"@type":"ImageObject","inLanguage":"pt-BR","@id":"https:\/\/www.suno.com.br\/noticias\/#\/schema\/person\/image\/","url":"https:\/\/secure.gravatar.com\/avatar\/1affd86a11209ae09eb6dd3bcad3e96c?s=96&r=g","contentUrl":"https:\/\/secure.gravatar.com\/avatar\/1affd86a11209ae09eb6dd3bcad3e96c?s=96&r=g","caption":"Arthur Guimar\u00e3es"},"description":"Arthur Guimar\u00e3es escreve sobre pol\u00edtica, economia e neg\u00f3cios para o portal de not\u00edcias da Suno Research. Atualmente, \u00e9 estudante de jornalismo pela Faculdade C\u00e1sper L\u00edbero.","url":"https:\/\/www.suno.com.br\/noticias\/author\/arthur-guimaraes\/"}]}},"default_loop_html":"<div class=\"cardsPage__listCard__boxs\"><div class=\"cardsPage__listCard__boxs__img\"><a href=\"https:\/\/www.suno.com.br\/noticias\/lyft-frota-carros-eletricos-2023\/\"><img class=\"mask\" src=\"https:\/\/www.suno.com.br\/noticias\/wp-content\/themes\/suno\/resources\/images\/spotlight\/spotlight1img\/bg-mask.png\" alt=\"Image Mask\"\/><img src=\"https:\/\/files.sunoresearch.com.br\/n\/uploads\/2020\/06\/8384e336-lyft-400x200.webp\" alt=\"Lyft espera ter toda sua frota composta de carros el\u00e9tricos at\u00e9 2023\"\/><\/a><span class=\"spotlightCategory\"><a href=\"https:\/\/www.suno.com.br\/noticias\/negocios\/\">Neg\u00f3cios<\/a><\/span><\/div><div class=\"cardsPage__listCard__boxs__content\"><a href=\"https:\/\/www.suno.com.br\/noticias\/lyft-frota-carros-eletricos-2023\/\"><h2 class=\"content__title\">Lyft espera ter toda sua frota composta de carros el\u00e9tricos at\u00e9 2023<\/h2><\/a><div class=\"newsContent__article__meta\"><div class=\"newsContent__article__meta__authorBox\"><a href=\"https:\/\/www.suno.com.br\/noticias\/author\/arthur-guimaraes\/\" class=\"authorBox__avatar noMobi\"><img src=\"https:\/\/files.sunoresearch.com.br\/n\/uploads\/2020\/02\/dfb40897-eu-150x150.webp\" alt=\"Arthur Guimar\u00e3es\"><\/a><div class=\"authorBox__name\"><span>por\n\t\t\t<a href=\"https:\/\/www.suno.com.br\/noticias\/author\/arthur-guimaraes\/\"><span itemprop=\"author\">Arthur Guimar\u00e3es<\/span><\/a><\/span><time datetime=\"2020-06-17T19:34:51-03:00\" itemprop=\"datePublished\">17\/06\/2020 19:34<\/time><\/div><\/div><\/div><\/div><\/div>","single_layout":"posts","amp_enabled":true,"_links":{"self":[{"href":"https:\/\/www.suno.com.br\/noticias\/wp-json\/wp\/v2\/posts\/69370"}],"collection":[{"href":"https:\/\/www.suno.com.br\/noticias\/wp-json\/wp\/v2\/posts"}],"about":[{"href":"https:\/\/www.suno.com.br\/noticias\/wp-json\/wp\/v2\/types\/post"}],"author":[{"embeddable":true,"href":"https:\/\/www.suno.com.br\/noticias\/wp-json\/wp\/v2\/users\/35"}],"replies":[{"embeddable":true,"href":"https:\/\/www.suno.com.br\/noticias\/wp-json\/wp\/v2\/comments?post=69370"}],"version-history":[{"count":1,"href":"https:\/\/www.suno.com.br\/noticias\/wp-json\/wp\/v2\/posts\/69370\/revisions"}],"predecessor-version":[{"id":157025,"href":"https:\/\/www.suno.com.br\/noticias\/wp-json\/wp\/v2\/posts\/69370\/revisions\/157025"}],"wp:featuredmedia":[{"embeddable":true,"href":"https:\/\/www.suno.com.br\/noticias\/wp-json\/wp\/v2\/media\/69372"}],"wp:attachment":[{"href":"https:\/\/www.suno.com.br\/noticias\/wp-json\/wp\/v2\/media?parent=69370"}],"wp:term":[{"taxonomy":"category","embeddable":true,"href":"https:\/\/www.suno.com.br\/noticias\/wp-json\/wp\/v2\/categories?post=69370"},{"taxonomy":"post_tag","embeddable":true,"href":"https:\/\/www.suno.com.br\/noticias\/wp-json\/wp\/v2\/tags?post=69370"},{"taxonomy":"suno_strategy","embeddable":true,"href":"https:\/\/www.suno.com.br\/noticias\/wp-json\/wp\/v2\/suno_strategy?post=69370"}],"curies":[{"name":"wp","href":"https:\/\/api.w.org\/{rel}","templated":true}]}}