{"id":6936,"date":"2018-11-25T18:03:38","date_gmt":"2018-11-25T20:03:38","guid":{"rendered":"https:\/\/www.suno.com.br\/noticias\/?p=6936"},"modified":"2018-11-25T18:04:02","modified_gmt":"2018-11-25T20:04:02","slug":"conselho-europeu-acordo-reino-unido","status":"publish","type":"post","link":"https:\/\/www.suno.com.br\/noticias\/conselho-europeu-acordo-reino-unido\/","title":{"rendered":"Conselho Europeu aprova acordo para sa\u00edda do Reino Unido"},"content":{"rendered":"<p>Os l\u00edderes dos pa\u00edses da Uni\u00e3o Europeia (UE) aprovaram por unanimidade na manh\u00e3 deste domingo (25) o acordo para a sa\u00edda do Reino Unido do bloco.<\/p>\t<div class=\"wrapper-featured-image\">\n\t\t<figure class=\"spotlightImg\">\n\n\t\t\t<picture>\n\t\t\t\t<source media=\"(max-width: 768px)\" srcset=\"https:\/\/files.sunoresearch.com.br\/n\/uploads\/2018\/11\/73ad9fd2-sala-de-reuni\u00f5es-do-conselho-europeu-400x200.webp\">\n\t\t\t\t<img loading=\"lazy\" decoding=\"async\" class=\"newsContent__article__imgCapa lazyloadDisabled newsContent__article__imgCapa--noCaption\" src=\"https:\/\/files.sunoresearch.com.br\/n\/uploads\/2018\/11\/73ad9fd2-sala-de-reuni\u00f5es-do-conselho-europeu-800x450.webp\" width=\"800\" height=\"450\" alt=\"Conselho Europeu aprova acordo para sa\u00edda do Reino Unido\" fetchpriority=high \/>\n\t\t\t<\/picture>\n\n\t\t\t<figcaption class=\"wp-caption-text wp-caption-text--hide\">Sala de reuni\u00f5es do Conselho Europeu<\/figcaption>\n\t\t<\/figure>\n\t<\/div>\n\n\n<p>Os chefes de estado e de governo dos pa\u00edses membros da UE se reuniram no <strong>Conselho Europeu<\/strong>.<\/p>\n<p>O grupo decidiu aprovar os termos para o &#8220;<strong>Brexit<\/strong>&#8220;, o processo de abandono de Londres da <strong>Uni\u00e3o Europeia<\/strong>.<\/p>\n<p>Os brit\u00e2nicos votaram para sair da UE no dia 26 de junho de 2016.<\/p>\n<p>Segundo quanto aprovado hoje, eles sair\u00e3o no dia 29 de mar\u00e7o de 2019, depois de 46 anos de participa\u00e7\u00e3o.<\/p>\n<p>Um per\u00edodo de transi\u00e7\u00e3o dever\u00e1 se estender at\u00e9 o fim de 2020.<\/p>\n<p>Mas poderia continuar por mais oito anos, se necess\u00e1rio.<\/p>\n<p>Nesta fase, o pa\u00eds continuar\u00e1 sendo membro do mercado comum europeu, mas n\u00e3o participar\u00e1 da tomada de decis\u00f5es colegiadas.<\/p>\n<p><a href=\"https:\/\/www.suno.com.br\/noticias\/brexit-acordo-preliminar\/\">Brexit tem acordo preliminar apoiado por gabinete brit\u00e2nico<\/a><\/p>\n<p><!--more--><\/p>\n<p>As negocia\u00e7\u00f5es sobre esse &#8220;div\u00f3rcio&#8221; entre os brit\u00e2nicos e os europeus se arrastraram por quase mais de um ano e meio.<\/p>\n<p>O problema mais grave foi sobre a fronteira entre a Irlanda e a Irlanda do Norte.<\/p>\n<p>Essa \u00faltima \u00e9 parte integrante do territ\u00f3rio do Reino Unido, enquanto a Irlanda \u00e9 um pa\u00eds membro da Uni\u00e3o Europeia.<\/p>\n<p>A Irlanda exigiu uma garantia que, em caso de ruptura das negocia\u00e7\u00f5es futuras entre Londres e Bruxelas, n\u00e3o se voltasse a uma &#8220;fronteira r\u00edgida&#8221; entre as duas partes da ilha.<\/p>\n<p>Hoje n\u00e3o ha controle sobre tr\u00e2nsito de mercadorias e pessoas entre os dois pa\u00edses.<\/p>\n<p>Uma medida tomada gra\u00e7as aos acordos de 1998 que puseram fim a guerrilha na Irlanda.<\/p>\n<h2>Risco de n\u00e3o aprova\u00e7\u00e3o pelo Parlamento de Londres<\/h2>\n<p>Entretanto, o acordo entre a UE e o Reino Unido tem que ser aprovado pelo Parlamento brit\u00e2nico.<\/p>\n<p>E essa aprova\u00e7\u00e3o n\u00e3o \u00e9 nada certa.<\/p>\n<p>Pelo menos 80 deputados do Partido Conservador, que tem a maioria em Westminster, j\u00e1 anunciaram que se op\u00f5em ao acordo.<\/p>\n<p>Isso torna altamente improv\u00e1vel sua ratifica\u00e7\u00e3o, mesmo ap\u00f3s a aprova\u00e7\u00e3o pelo <strong>Conselho Europeu<\/strong>.<\/p>\n","protected":false},"excerpt":{"rendered":"<p>Os l\u00edderes dos pa\u00edses da Uni\u00e3o Europeia (UE) aprovaram por unanimidade na manh\u00e3 deste domingo (25) o acordo para a sa\u00edda do Reino Unido do bloco. Sala de reuni\u00f5es do Conselho Europeu Os chefes de estado e de governo dos pa\u00edses membros da UE se reuniram no Conselho Europeu. O grupo decidiu aprovar os termos [&hellip;]<\/p>\n","protected":false},"author":9,"featured_media":6937,"comment_status":"closed","ping_status":"closed","sticky":false,"template":"","format":"standard","meta":[],"categories":[63],"tags":[753,731],"suno_strategy":[],"class_list":["post-6936","post","type-post","status-publish","format-standard","has-post-thumbnail","hentry","category-internacional","tag-brexit","tag-uniao-europeia"],"yoast_head":"<!-- This site is optimized with the Yoast SEO plugin v24.4 - https:\/\/yoast.com\/wordpress\/plugins\/seo\/ -->\n<title>Conselho Europeu aprova acordo para sa\u00edda do Reino Unido<\/title>\n<meta name=\"description\" content=\"As negocia\u00e7\u00f5es sobre o &quot;div\u00f3rcio&quot; com os brit\u00e2nicos se arrastraram por quase mais de um ano e meio. Clique aqui para saber mais.\" \/>\n<meta name=\"robots\" content=\"index, follow, max-snippet:-1, max-image-preview:large, max-video-preview:-1\" \/>\n<link rel=\"canonical\" href=\"https:\/\/www.suno.com.br\/noticias\/conselho-europeu-acordo-reino-unido\/\" \/>\n<meta property=\"og:locale\" content=\"pt_BR\" \/>\n<meta property=\"og:type\" content=\"article\" \/>\n<meta property=\"og:title\" content=\"Conselho Europeu aprova acordo para sa\u00edda do Reino Unido\" \/>\n<meta property=\"og:description\" content=\"As negocia\u00e7\u00f5es sobre o &quot;div\u00f3rcio&quot; com os brit\u00e2nicos se arrastraram por quase mais de um ano e meio. Clique aqui para saber mais.\" \/>\n<meta property=\"og:url\" content=\"https:\/\/www.suno.com.br\/noticias\/conselho-europeu-acordo-reino-unido\/\" \/>\n<meta property=\"og:site_name\" content=\"Suno Not\u00edcias\" \/>\n<meta property=\"article:publisher\" content=\"https:\/\/facebook.com\/sunoresearch\" \/>\n<meta property=\"og:image\" content=\"https:\/\/files.sunoresearch.com.br\/n\/uploads\/2018\/11\/73ad9fd2-sala-de-reuni\u00f5es-do-conselho-europeu.jpg\" \/>\n\t<meta property=\"og:image:width\" content=\"1151\" \/>\n\t<meta property=\"og:image:height\" content=\"771\" \/>\n\t<meta property=\"og:image:type\" content=\"image\/jpeg\" \/>\n<meta name=\"author\" content=\"Carlo Cauti\" \/>\n<meta name=\"twitter:card\" content=\"summary_large_image\" \/>\n<meta name=\"twitter:creator\" content=\"@sunoresearch\" \/>\n<meta name=\"twitter:site\" content=\"@sunoresearch\" \/>\n<meta name=\"twitter:label1\" content=\"Escrito por\" \/>\n\t<meta name=\"twitter:data1\" content=\"Carlo Cauti\" \/>\n\t<meta name=\"twitter:label2\" content=\"Est. tempo de leitura\" \/>\n\t<meta name=\"twitter:data2\" content=\"2 minutos\" \/>\n<script type=\"application\/ld+json\" class=\"yoast-schema-graph\">{\"@context\":\"https:\/\/schema.org\",\"@graph\":[{\"@type\":\"NewsArticle\",\"@id\":\"https:\/\/www.suno.com.br\/noticias\/conselho-europeu-acordo-reino-unido\/#article\",\"isPartOf\":{\"@id\":\"https:\/\/www.suno.com.br\/noticias\/conselho-europeu-acordo-reino-unido\/\"},\"author\":{\"name\":\"Carlo Cauti\",\"@id\":\"https:\/\/www.suno.com.br\/noticias\/#\/schema\/person\/e6e0f723cc177805027f4566c1d5e0c8\"},\"headline\":\"Conselho Europeu aprova acordo para sa\u00edda do Reino Unido\",\"datePublished\":\"2018-11-25T20:03:38+00:00\",\"dateModified\":\"2018-11-25T20:04:02+00:00\",\"mainEntityOfPage\":{\"@id\":\"https:\/\/www.suno.com.br\/noticias\/conselho-europeu-acordo-reino-unido\/\"},\"wordCount\":361,\"publisher\":{\"@id\":\"https:\/\/www.suno.com.br\/noticias\/#organization\"},\"image\":{\"@id\":\"https:\/\/www.suno.com.br\/noticias\/conselho-europeu-acordo-reino-unido\/#primaryimage\"},\"thumbnailUrl\":\"https:\/\/files.sunoresearch.com.br\/n\/uploads\/2018\/11\/73ad9fd2-sala-de-reuni\u00f5es-do-conselho-europeu-jpg.webp\",\"keywords\":[\"Brexit\",\"Uni\u00e3o Europeia\"],\"articleSection\":[\"Internacional\"],\"inLanguage\":\"pt-BR\"},{\"@type\":\"WebPage\",\"@id\":\"https:\/\/www.suno.com.br\/noticias\/conselho-europeu-acordo-reino-unido\/\",\"url\":\"https:\/\/www.suno.com.br\/noticias\/conselho-europeu-acordo-reino-unido\/\",\"name\":\"Conselho Europeu aprova acordo para sa\u00edda do Reino Unido\",\"isPartOf\":{\"@id\":\"https:\/\/www.suno.com.br\/noticias\/#website\"},\"primaryImageOfPage\":{\"@id\":\"https:\/\/www.suno.com.br\/noticias\/conselho-europeu-acordo-reino-unido\/#primaryimage\"},\"image\":{\"@id\":\"https:\/\/www.suno.com.br\/noticias\/conselho-europeu-acordo-reino-unido\/#primaryimage\"},\"thumbnailUrl\":\"https:\/\/files.sunoresearch.com.br\/n\/uploads\/2018\/11\/73ad9fd2-sala-de-reuni\u00f5es-do-conselho-europeu-jpg.webp\",\"datePublished\":\"2018-11-25T20:03:38+00:00\",\"dateModified\":\"2018-11-25T20:04:02+00:00\",\"description\":\"As negocia\u00e7\u00f5es sobre o \\\"div\u00f3rcio\\\" com os brit\u00e2nicos se arrastraram por quase mais de um ano e meio. Clique aqui para saber mais.\",\"breadcrumb\":{\"@id\":\"https:\/\/www.suno.com.br\/noticias\/conselho-europeu-acordo-reino-unido\/#breadcrumb\"},\"inLanguage\":\"pt-BR\",\"potentialAction\":[{\"@type\":\"ReadAction\",\"target\":[\"https:\/\/www.suno.com.br\/noticias\/conselho-europeu-acordo-reino-unido\/\"]}]},{\"@type\":\"ImageObject\",\"inLanguage\":\"pt-BR\",\"@id\":\"https:\/\/www.suno.com.br\/noticias\/conselho-europeu-acordo-reino-unido\/#primaryimage\",\"url\":\"https:\/\/files.sunoresearch.com.br\/n\/uploads\/2018\/11\/73ad9fd2-sala-de-reuni\u00f5es-do-conselho-europeu-jpg.webp\",\"contentUrl\":\"https:\/\/files.sunoresearch.com.br\/n\/uploads\/2018\/11\/73ad9fd2-sala-de-reuni\u00f5es-do-conselho-europeu-jpg.webp\",\"width\":1151,\"height\":771,\"caption\":\"Sala de reuni\u00f5es do Conselho Europeu\"},{\"@type\":\"BreadcrumbList\",\"@id\":\"https:\/\/www.suno.com.br\/noticias\/conselho-europeu-acordo-reino-unido\/#breadcrumb\",\"itemListElement\":[{\"@type\":\"ListItem\",\"position\":1,\"name\":\"Not\u00edcias\",\"item\":\"https:\/\/www.suno.com.br\/noticias\/\"},{\"@type\":\"ListItem\",\"position\":2,\"name\":\"Internacional\",\"item\":\"https:\/\/www.suno.com.br\/noticias\/internacional\/\"},{\"@type\":\"ListItem\",\"position\":3,\"name\":\"Conselho Europeu aprova acordo para sa\u00edda do Reino Unido\"}]},{\"@type\":\"WebSite\",\"@id\":\"https:\/\/www.suno.com.br\/noticias\/#website\",\"url\":\"https:\/\/www.suno.com.br\/noticias\/\",\"name\":\"Suno Not\u00edcias\",\"description\":\"Seu portal de informa\u00e7\u00e3o sobre o mundo dos investimentos\",\"publisher\":{\"@id\":\"https:\/\/www.suno.com.br\/noticias\/#organization\"},\"potentialAction\":[{\"@type\":\"SearchAction\",\"target\":{\"@type\":\"EntryPoint\",\"urlTemplate\":\"https:\/\/www.suno.com.br\/noticias\/?s={search_term_string}\"},\"query-input\":{\"@type\":\"PropertyValueSpecification\",\"valueRequired\":true,\"valueName\":\"search_term_string\"}}],\"inLanguage\":\"pt-BR\"},{\"@type\":\"Organization\",\"@id\":\"https:\/\/www.suno.com.br\/noticias\/#organization\",\"name\":\"Suno Not\u00edcias\",\"url\":\"https:\/\/www.suno.com.br\/noticias\/\",\"logo\":{\"@type\":\"ImageObject\",\"inLanguage\":\"pt-BR\",\"@id\":\"https:\/\/www.suno.com.br\/noticias\/#\/schema\/logo\/image\/\",\"url\":\"https:\/\/files.sunoresearch.com.br\/n\/uploads\/2021\/09\/suno-logo.png\",\"contentUrl\":\"https:\/\/files.sunoresearch.com.br\/n\/uploads\/2021\/09\/suno-logo.png\",\"width\":180,\"height\":180,\"caption\":\"Suno Not\u00edcias\"},\"image\":{\"@id\":\"https:\/\/www.suno.com.br\/noticias\/#\/schema\/logo\/image\/\"},\"sameAs\":[\"https:\/\/facebook.com\/sunoresearch\",\"https:\/\/x.com\/sunoresearch\",\"https:\/\/www.instagram.com\/suno\",\"https:\/\/www.linkedin.com\/company\/suno-research\/\",\"https:\/\/www.youtube.com\/c\/sunoresearch\"]},{\"@type\":\"Person\",\"@id\":\"https:\/\/www.suno.com.br\/noticias\/#\/schema\/person\/e6e0f723cc177805027f4566c1d5e0c8\",\"name\":\"Carlo Cauti\",\"image\":{\"@type\":\"ImageObject\",\"inLanguage\":\"pt-BR\",\"@id\":\"https:\/\/www.suno.com.br\/noticias\/#\/schema\/person\/image\/\",\"url\":\"https:\/\/secure.gravatar.com\/avatar\/3ada9e0bd164c23abd4792a9606d583c?s=96&r=g\",\"contentUrl\":\"https:\/\/secure.gravatar.com\/avatar\/3ada9e0bd164c23abd4792a9606d583c?s=96&r=g\",\"caption\":\"Carlo Cauti\"},\"description\":\"Editor multim\u00eddia do SUNO Not\u00edcias. Italiano, formado em Ci\u00eancias Pol\u00edticas pela universidade LUISS G. Carli de Roma e mestre cum laude em Rela\u00e7\u00f5es Internacionais, Jornalismo Internacional e de Guerra e em Economia Internacional. Concluiu tamb\u00e9m um MBA em Finan\u00e7as na B3. No Brasil, teve passagem por ve\u00edculos como Estad\u00e3o, Globo, Veja e EXAME. e nas ag\u00eancias de not\u00edcias italianas ANSA e NOVA.\",\"url\":\"https:\/\/www.suno.com.br\/noticias\/author\/carlo-cauti\/\"}]}<\/script>\n<!-- \/ Yoast SEO plugin. -->","yoast_head_json":{"title":"Conselho Europeu aprova acordo para sa\u00edda do Reino Unido","description":"As negocia\u00e7\u00f5es sobre o \"div\u00f3rcio\" com os brit\u00e2nicos se arrastraram por quase mais de um ano e meio. Clique aqui para saber mais.","robots":{"index":"index","follow":"follow","max-snippet":"max-snippet:-1","max-image-preview":"max-image-preview:large","max-video-preview":"max-video-preview:-1"},"canonical":"https:\/\/www.suno.com.br\/noticias\/conselho-europeu-acordo-reino-unido\/","og_locale":"pt_BR","og_type":"article","og_title":"Conselho Europeu aprova acordo para sa\u00edda do Reino Unido","og_description":"As negocia\u00e7\u00f5es sobre o \"div\u00f3rcio\" com os brit\u00e2nicos se arrastraram por quase mais de um ano e meio. Clique aqui para saber mais.","og_url":"https:\/\/www.suno.com.br\/noticias\/conselho-europeu-acordo-reino-unido\/","og_site_name":"Suno Not\u00edcias","article_publisher":"https:\/\/facebook.com\/sunoresearch","og_image":[{"width":1151,"height":771,"url":"https:\/\/files.sunoresearch.com.br\/n\/uploads\/2018\/11\/73ad9fd2-sala-de-reuni\u00f5es-do-conselho-europeu.jpg","type":"image\/jpeg"}],"author":"Carlo Cauti","twitter_card":"summary_large_image","twitter_creator":"@sunoresearch","twitter_site":"@sunoresearch","twitter_misc":{"Escrito por":"Carlo Cauti","Est. tempo de leitura":"2 minutos"},"schema":{"@context":"https:\/\/schema.org","@graph":[{"@type":"NewsArticle","@id":"https:\/\/www.suno.com.br\/noticias\/conselho-europeu-acordo-reino-unido\/#article","isPartOf":{"@id":"https:\/\/www.suno.com.br\/noticias\/conselho-europeu-acordo-reino-unido\/"},"author":{"name":"Carlo Cauti","@id":"https:\/\/www.suno.com.br\/noticias\/#\/schema\/person\/e6e0f723cc177805027f4566c1d5e0c8"},"headline":"Conselho Europeu aprova acordo para sa\u00edda do Reino Unido","datePublished":"2018-11-25T20:03:38+00:00","dateModified":"2018-11-25T20:04:02+00:00","mainEntityOfPage":{"@id":"https:\/\/www.suno.com.br\/noticias\/conselho-europeu-acordo-reino-unido\/"},"wordCount":361,"publisher":{"@id":"https:\/\/www.suno.com.br\/noticias\/#organization"},"image":{"@id":"https:\/\/www.suno.com.br\/noticias\/conselho-europeu-acordo-reino-unido\/#primaryimage"},"thumbnailUrl":"https:\/\/files.sunoresearch.com.br\/n\/uploads\/2018\/11\/73ad9fd2-sala-de-reuni\u00f5es-do-conselho-europeu-jpg.webp","keywords":["Brexit","Uni\u00e3o Europeia"],"articleSection":["Internacional"],"inLanguage":"pt-BR"},{"@type":"WebPage","@id":"https:\/\/www.suno.com.br\/noticias\/conselho-europeu-acordo-reino-unido\/","url":"https:\/\/www.suno.com.br\/noticias\/conselho-europeu-acordo-reino-unido\/","name":"Conselho Europeu aprova acordo para sa\u00edda do Reino Unido","isPartOf":{"@id":"https:\/\/www.suno.com.br\/noticias\/#website"},"primaryImageOfPage":{"@id":"https:\/\/www.suno.com.br\/noticias\/conselho-europeu-acordo-reino-unido\/#primaryimage"},"image":{"@id":"https:\/\/www.suno.com.br\/noticias\/conselho-europeu-acordo-reino-unido\/#primaryimage"},"thumbnailUrl":"https:\/\/files.sunoresearch.com.br\/n\/uploads\/2018\/11\/73ad9fd2-sala-de-reuni\u00f5es-do-conselho-europeu-jpg.webp","datePublished":"2018-11-25T20:03:38+00:00","dateModified":"2018-11-25T20:04:02+00:00","description":"As negocia\u00e7\u00f5es sobre o \"div\u00f3rcio\" com os brit\u00e2nicos se arrastraram por quase mais de um ano e meio. Clique aqui para saber mais.","breadcrumb":{"@id":"https:\/\/www.suno.com.br\/noticias\/conselho-europeu-acordo-reino-unido\/#breadcrumb"},"inLanguage":"pt-BR","potentialAction":[{"@type":"ReadAction","target":["https:\/\/www.suno.com.br\/noticias\/conselho-europeu-acordo-reino-unido\/"]}]},{"@type":"ImageObject","inLanguage":"pt-BR","@id":"https:\/\/www.suno.com.br\/noticias\/conselho-europeu-acordo-reino-unido\/#primaryimage","url":"https:\/\/files.sunoresearch.com.br\/n\/uploads\/2018\/11\/73ad9fd2-sala-de-reuni\u00f5es-do-conselho-europeu-jpg.webp","contentUrl":"https:\/\/files.sunoresearch.com.br\/n\/uploads\/2018\/11\/73ad9fd2-sala-de-reuni\u00f5es-do-conselho-europeu-jpg.webp","width":1151,"height":771,"caption":"Sala de reuni\u00f5es do Conselho Europeu"},{"@type":"BreadcrumbList","@id":"https:\/\/www.suno.com.br\/noticias\/conselho-europeu-acordo-reino-unido\/#breadcrumb","itemListElement":[{"@type":"ListItem","position":1,"name":"Not\u00edcias","item":"https:\/\/www.suno.com.br\/noticias\/"},{"@type":"ListItem","position":2,"name":"Internacional","item":"https:\/\/www.suno.com.br\/noticias\/internacional\/"},{"@type":"ListItem","position":3,"name":"Conselho Europeu aprova acordo para sa\u00edda do Reino Unido"}]},{"@type":"WebSite","@id":"https:\/\/www.suno.com.br\/noticias\/#website","url":"https:\/\/www.suno.com.br\/noticias\/","name":"Suno Not\u00edcias","description":"Seu portal de informa\u00e7\u00e3o sobre o mundo dos investimentos","publisher":{"@id":"https:\/\/www.suno.com.br\/noticias\/#organization"},"potentialAction":[{"@type":"SearchAction","target":{"@type":"EntryPoint","urlTemplate":"https:\/\/www.suno.com.br\/noticias\/?s={search_term_string}"},"query-input":{"@type":"PropertyValueSpecification","valueRequired":true,"valueName":"search_term_string"}}],"inLanguage":"pt-BR"},{"@type":"Organization","@id":"https:\/\/www.suno.com.br\/noticias\/#organization","name":"Suno Not\u00edcias","url":"https:\/\/www.suno.com.br\/noticias\/","logo":{"@type":"ImageObject","inLanguage":"pt-BR","@id":"https:\/\/www.suno.com.br\/noticias\/#\/schema\/logo\/image\/","url":"https:\/\/files.sunoresearch.com.br\/n\/uploads\/2021\/09\/suno-logo.png","contentUrl":"https:\/\/files.sunoresearch.com.br\/n\/uploads\/2021\/09\/suno-logo.png","width":180,"height":180,"caption":"Suno Not\u00edcias"},"image":{"@id":"https:\/\/www.suno.com.br\/noticias\/#\/schema\/logo\/image\/"},"sameAs":["https:\/\/facebook.com\/sunoresearch","https:\/\/x.com\/sunoresearch","https:\/\/www.instagram.com\/suno","https:\/\/www.linkedin.com\/company\/suno-research\/","https:\/\/www.youtube.com\/c\/sunoresearch"]},{"@type":"Person","@id":"https:\/\/www.suno.com.br\/noticias\/#\/schema\/person\/e6e0f723cc177805027f4566c1d5e0c8","name":"Carlo Cauti","image":{"@type":"ImageObject","inLanguage":"pt-BR","@id":"https:\/\/www.suno.com.br\/noticias\/#\/schema\/person\/image\/","url":"https:\/\/secure.gravatar.com\/avatar\/3ada9e0bd164c23abd4792a9606d583c?s=96&r=g","contentUrl":"https:\/\/secure.gravatar.com\/avatar\/3ada9e0bd164c23abd4792a9606d583c?s=96&r=g","caption":"Carlo Cauti"},"description":"Editor multim\u00eddia do SUNO Not\u00edcias. Italiano, formado em Ci\u00eancias Pol\u00edticas pela universidade LUISS G. Carli de Roma e mestre cum laude em Rela\u00e7\u00f5es Internacionais, Jornalismo Internacional e de Guerra e em Economia Internacional. Concluiu tamb\u00e9m um MBA em Finan\u00e7as na B3. No Brasil, teve passagem por ve\u00edculos como Estad\u00e3o, Globo, Veja e EXAME. e nas ag\u00eancias de not\u00edcias italianas ANSA e NOVA.","url":"https:\/\/www.suno.com.br\/noticias\/author\/carlo-cauti\/"}]}},"default_loop_html":"<div class=\"cardsPage__listCard__boxs\"><div class=\"cardsPage__listCard__boxs__img\"><a href=\"https:\/\/www.suno.com.br\/noticias\/conselho-europeu-acordo-reino-unido\/\"><img class=\"mask\" src=\"https:\/\/www.suno.com.br\/noticias\/wp-content\/themes\/suno\/resources\/images\/spotlight\/spotlight1img\/bg-mask.png\" alt=\"Image Mask\"\/><img src=\"https:\/\/files.sunoresearch.com.br\/n\/uploads\/2018\/11\/73ad9fd2-sala-de-reuni\u00f5es-do-conselho-europeu-400x200.webp\" alt=\"Conselho Europeu aprova acordo para sa\u00edda do Reino Unido\"\/><\/a><span class=\"spotlightCategory\"><a href=\"https:\/\/www.suno.com.br\/noticias\/internacional\/\">Internacional<\/a><\/span><\/div><div class=\"cardsPage__listCard__boxs__content\"><a href=\"https:\/\/www.suno.com.br\/noticias\/conselho-europeu-acordo-reino-unido\/\"><h2 class=\"content__title\">Conselho Europeu aprova acordo para sa\u00edda do Reino Unido<\/h2><\/a><div class=\"newsContent__article__meta\"><div class=\"newsContent__article__meta__authorBox\"><a href=\"https:\/\/www.suno.com.br\/noticias\/author\/carlo-cauti\/\" class=\"authorBox__avatar noMobi\"><img src=\"https:\/\/files.sunoresearch.com.br\/n\/uploads\/2020\/08\/e3745f9a-perfil-carlo-cauti-150x150.webp\" alt=\"Carlo Cauti\"><\/a><div class=\"authorBox__name\"><span>por\n\t\t\t<a href=\"https:\/\/www.suno.com.br\/noticias\/author\/carlo-cauti\/\"><span itemprop=\"author\">Carlo Cauti<\/span><\/a><\/span><time datetime=\"2018-11-25T18:03:38-02:00\" itemprop=\"datePublished\">25\/11\/2018 18:03<\/time><\/div><\/div><\/div><\/div><\/div>","single_layout":"posts","amp_enabled":true,"_links":{"self":[{"href":"https:\/\/www.suno.com.br\/noticias\/wp-json\/wp\/v2\/posts\/6936"}],"collection":[{"href":"https:\/\/www.suno.com.br\/noticias\/wp-json\/wp\/v2\/posts"}],"about":[{"href":"https:\/\/www.suno.com.br\/noticias\/wp-json\/wp\/v2\/types\/post"}],"author":[{"embeddable":true,"href":"https:\/\/www.suno.com.br\/noticias\/wp-json\/wp\/v2\/users\/9"}],"replies":[{"embeddable":true,"href":"https:\/\/www.suno.com.br\/noticias\/wp-json\/wp\/v2\/comments?post=6936"}],"version-history":[{"count":0,"href":"https:\/\/www.suno.com.br\/noticias\/wp-json\/wp\/v2\/posts\/6936\/revisions"}],"wp:featuredmedia":[{"embeddable":true,"href":"https:\/\/www.suno.com.br\/noticias\/wp-json\/wp\/v2\/media\/6937"}],"wp:attachment":[{"href":"https:\/\/www.suno.com.br\/noticias\/wp-json\/wp\/v2\/media?parent=6936"}],"wp:term":[{"taxonomy":"category","embeddable":true,"href":"https:\/\/www.suno.com.br\/noticias\/wp-json\/wp\/v2\/categories?post=6936"},{"taxonomy":"post_tag","embeddable":true,"href":"https:\/\/www.suno.com.br\/noticias\/wp-json\/wp\/v2\/tags?post=6936"},{"taxonomy":"suno_strategy","embeddable":true,"href":"https:\/\/www.suno.com.br\/noticias\/wp-json\/wp\/v2\/suno_strategy?post=6936"}],"curies":[{"name":"wp","href":"https:\/\/api.w.org\/{rel}","templated":true}]}}