{"id":69313,"date":"2020-06-17T15:56:47","date_gmt":"2020-06-17T18:56:47","guid":{"rendered":"https:\/\/www.suno.com.br\/noticias\/?p=69313"},"modified":"2020-06-17T15:56:47","modified_gmt":"2020-06-17T18:56:47","slug":"air-france-plano-de-demissoes-voluntarias","status":"publish","type":"post","link":"https:\/\/www.suno.com.br\/noticias\/air-france-plano-de-demissoes-voluntarias\/","title":{"rendered":"Air France negocia plano de demiss\u00f5es volunt\u00e1rias, segundo ag\u00eancia"},"content":{"rendered":"<p>A <strong>Air France<\/strong> que pretende resumir em 8.300 sua for\u00e7a de trabalho atrav\u00e9s de um programa de demiss\u00e3o volunt\u00e1ria para reduzir <a href=\"https:\/\/www.suno.com.br\/artigos\/custos-contabeis\/\">custos<\/a>, segundo fontes da &#8216;Bloomberg&#8217; informaram nessa quarta-feira (17). A cerca de um m\u00eas, a companhia recebeu um empr\u00e9stimo de 7 bilh\u00f5es de euros, do governo franc\u00eas para que pudesse passar pela <a href=\"https:\/\/www.suno.com.br\/artigos\/crise-financeira\/\">crise<\/a> causada pelo novo <a href=\"https:\/\/www.suno.com.br\/noticias\/tags\/coronavirus\/\">coronav\u00edrus (Covid-19)<\/a>.<\/p>\t<div class=\"wrapper-featured-image\">\n\t\t<figure class=\"spotlightImg\">\n\n\t\t\t<picture>\n\t\t\t\t<source media=\"(max-width: 768px)\" srcset=\"https:\/\/files.sunoresearch.com.br\/n\/uploads\/2020\/05\/462bc5c2-air_france_a380_f-hpja-400x200.webp\">\n\t\t\t\t<img loading=\"lazy\" decoding=\"async\" class=\"newsContent__article__imgCapa lazyloadDisabled newsContent__article__imgCapa--noCaption\" src=\"https:\/\/files.sunoresearch.com.br\/n\/uploads\/2020\/05\/462bc5c2-air_france_a380_f-hpja-800x450.webp\" width=\"800\" height=\"450\" alt=\"Air France negocia plano de demiss\u00f5es volunt\u00e1rias, segundo ag\u00eancia\" fetchpriority=high \/>\n\t\t\t<\/picture>\n\n\t\t\t<figcaption class=\"wp-caption-text wp-caption-text--hide\">Air France negocia plano de demiss\u00f5es volunt\u00e1rias, segundo ag\u00eancia<\/figcaption>\n\t\t<\/figure>\n\t<\/div>\n\n\n\n<p>Embora o projeto n\u00e3o seja p\u00fablico ainda, fontes da ag\u00eancia destacaram que algumas negocia\u00e7\u00f5es com sindicatos e com a administra\u00e7\u00e3o da Air France ainda precisem acontecer, mas a previs\u00e3o \u00e9 que cerca de 17% dos empregados da companhia sejam afetados com a medida de redu\u00e7\u00e3o.<\/p>\n<p>Assim, os cortes devem afetar cerca de:<\/p>\n<ul>\n<li>300 pilotos;<\/li>\n<li>2 mil tripulantes de cabine<\/li>\n<li>6 mil funcion\u00e1rios em terra<\/li>\n<\/ul>\n<p><a href=\"https:\/\/lp.suno.com.br\/suno-one\/\">Suno One: acesse gratuitamente eBooks, Minicursos, Artigos e Video Aulas sobre investimentos com um \u00fanico cadastro. Clique para saber mais!<\/a><\/p>\n<p>O projeto faz parte de uma reformula\u00e7\u00e3o estrat\u00e9gica definida pelo CEO da Air France-KLM, Ben Smith, e deve ser anunciado na pr\u00f3xima semana. Contudo, caso o plano seja colocado em pr\u00e1tica, a a\u00e9rea se juntar\u00e1 a outras companhia do setor na Europa, como a Britsh Airways que j\u00e1 fechou cerca de 12 mil postos de trabalho.<\/p>\n<h2>Uni\u00e3o Europeia permite que Fran\u00e7a auxilie Air France<\/h2>\n<p>A<a href=\"https:\/\/www.suno.com.br\/artigos\/uniao-europeia\/\"> <strong>Uni\u00e3o Europeia (UE)<\/strong>\u00a0<\/a>autorizou a pouco mais de um m\u00eas, a Fran\u00e7a a apoiar a Air France com um <a href=\"https:\/\/www.suno.com.br\/artigos\/emprestimo-bancario\/\">empr\u00e9stimo<\/a> de 7 milh\u00f5es de euros (cerca de R$ 42 milh\u00f5es) para que a companhia a\u00e9rea consiga lidar com as turbul\u00eancias causadas pela crise do novo coronav\u00edrus no setor.<\/p>\n<p>A <strong>Comiss\u00e3o Europeia<\/strong>, institui\u00e7\u00e3o da Uni\u00e3o Europeia que regula a concorr\u00eancia na regi\u00e3o, come\u00e7ou a abrandar as normas para que Estados ajudem companhias que sofreram com os impactos da pandemia de coronav\u00edrus, em mar\u00e7o.<\/p>\n<p><a href=\"https:\/\/www.suno.com.br\/noticias\/uniao-europeia-permite-que-franca-auxilie-air-france\/\">Saiba mais: Uni\u00e3o Europeia permite que Fran\u00e7a auxilie Air France<\/a><\/p>\n<p>Al\u00e9m do apoio a <strong>Air France, <\/strong>a Holanda, assim como a Fran\u00e7a, det\u00eam 14% do grupo integrante da transportadora KLM. Desse modo, o governo holand\u00eas indicou que pretende auxiliar a KLM com um empr\u00e9stimo cujo valor pode variar entre 2 milh\u00f5es a 4 milh\u00f5es de euros (cerca de R$ 4 milh\u00f5es a R$ 24 milh\u00f5es).<\/p>\n\n","protected":false},"excerpt":{"rendered":"<p>A Air France que pretende resumir em 8.300 sua for\u00e7a de trabalho atrav\u00e9s de um programa de demiss\u00e3o volunt\u00e1ria para reduzir custos, segundo fontes da &#8216;Bloomberg&#8217; informaram nessa quarta-feira (17). A cerca de um m\u00eas, a companhia recebeu um empr\u00e9stimo de 7 bilh\u00f5es de euros, do governo franc\u00eas para que pudesse passar pela crise causada [&hellip;]<\/p>\n","protected":false},"author":39,"featured_media":63702,"comment_status":"closed","ping_status":"closed","sticky":false,"template":"","format":"standard","meta":[],"categories":[64],"tags":[1594,2059],"suno_strategy":[],"class_list":["post-69313","post","type-post","status-publish","format-standard","has-post-thumbnail","hentry","category-negocios","tag-companhias-aereas","tag-programa-de-demissao-voluntaria-pdv"],"yoast_head":"<!-- This site is optimized with the Yoast SEO plugin v24.4 - https:\/\/yoast.com\/wordpress\/plugins\/seo\/ -->\n<title>Air France negocia plano de demiss\u00f5es volunt\u00e1rias, segundo ag\u00eancia<\/title>\n<meta name=\"description\" content=\"A Air France pretende resumir em 8.300 sua for\u00e7a de trabalho atrav\u00e9s de um programa de demiss\u00e3o volunt\u00e1ria. Clique aqui para saber mais.\" \/>\n<meta name=\"robots\" content=\"index, follow, max-snippet:-1, max-image-preview:large, max-video-preview:-1\" \/>\n<link rel=\"canonical\" href=\"https:\/\/www.suno.com.br\/noticias\/air-france-plano-de-demissoes-voluntarias\/\" \/>\n<meta property=\"og:locale\" content=\"pt_BR\" \/>\n<meta property=\"og:type\" content=\"article\" \/>\n<meta property=\"og:title\" content=\"Air France negocia plano de demiss\u00f5es volunt\u00e1rias, segundo ag\u00eancia\" \/>\n<meta property=\"og:description\" content=\"A Air France pretende resumir em 8.300 sua for\u00e7a de trabalho atrav\u00e9s de um programa de demiss\u00e3o volunt\u00e1ria. Clique aqui para saber mais.\" \/>\n<meta property=\"og:url\" content=\"https:\/\/www.suno.com.br\/noticias\/air-france-plano-de-demissoes-voluntarias\/\" \/>\n<meta property=\"og:site_name\" content=\"Suno Not\u00edcias\" \/>\n<meta property=\"article:publisher\" content=\"https:\/\/facebook.com\/sunoresearch\" \/>\n<meta property=\"og:image\" content=\"https:\/\/files.sunoresearch.com.br\/n\/uploads\/2020\/05\/462bc5c2-air_france_a380_f-hpja-1024x683.jpg\" \/>\n\t<meta property=\"og:image:width\" content=\"1024\" \/>\n\t<meta property=\"og:image:height\" content=\"683\" \/>\n\t<meta property=\"og:image:type\" content=\"image\/jpeg\" \/>\n<meta name=\"author\" content=\"Laura Moutinho\" \/>\n<meta name=\"twitter:card\" content=\"summary_large_image\" \/>\n<meta name=\"twitter:creator\" content=\"@sunoresearch\" \/>\n<meta name=\"twitter:site\" content=\"@sunoresearch\" \/>\n<meta name=\"twitter:label1\" content=\"Escrito por\" \/>\n\t<meta name=\"twitter:data1\" content=\"Laura Moutinho\" \/>\n\t<meta name=\"twitter:label2\" content=\"Est. tempo de leitura\" \/>\n\t<meta name=\"twitter:data2\" content=\"2 minutos\" \/>\n<script type=\"application\/ld+json\" class=\"yoast-schema-graph\">{\"@context\":\"https:\/\/schema.org\",\"@graph\":[{\"@type\":\"NewsArticle\",\"@id\":\"https:\/\/www.suno.com.br\/noticias\/air-france-plano-de-demissoes-voluntarias\/#article\",\"isPartOf\":{\"@id\":\"https:\/\/www.suno.com.br\/noticias\/air-france-plano-de-demissoes-voluntarias\/\"},\"author\":{\"name\":\"Laura Moutinho\",\"@id\":\"https:\/\/www.suno.com.br\/noticias\/#\/schema\/person\/3df0d2808748b74496efe5dbeaef2c72\"},\"headline\":\"Air France negocia plano de demiss\u00f5es volunt\u00e1rias, segundo ag\u00eancia\",\"datePublished\":\"2020-06-17T18:56:47+00:00\",\"mainEntityOfPage\":{\"@id\":\"https:\/\/www.suno.com.br\/noticias\/air-france-plano-de-demissoes-voluntarias\/\"},\"wordCount\":411,\"publisher\":{\"@id\":\"https:\/\/www.suno.com.br\/noticias\/#organization\"},\"image\":{\"@id\":\"https:\/\/www.suno.com.br\/noticias\/air-france-plano-de-demissoes-voluntarias\/#primaryimage\"},\"thumbnailUrl\":\"https:\/\/files.sunoresearch.com.br\/n\/uploads\/2020\/05\/462bc5c2-air_france_a380_f-hpja-scaled.webp\",\"keywords\":[\"companhias a\u00e9reas\",\"Programa de demiss\u00e3o volunt\u00e1ria (PDV)\"],\"articleSection\":[\"Neg\u00f3cios\"],\"inLanguage\":\"pt-BR\"},{\"@type\":\"WebPage\",\"@id\":\"https:\/\/www.suno.com.br\/noticias\/air-france-plano-de-demissoes-voluntarias\/\",\"url\":\"https:\/\/www.suno.com.br\/noticias\/air-france-plano-de-demissoes-voluntarias\/\",\"name\":\"Air France negocia plano de demiss\u00f5es volunt\u00e1rias, segundo ag\u00eancia\",\"isPartOf\":{\"@id\":\"https:\/\/www.suno.com.br\/noticias\/#website\"},\"primaryImageOfPage\":{\"@id\":\"https:\/\/www.suno.com.br\/noticias\/air-france-plano-de-demissoes-voluntarias\/#primaryimage\"},\"image\":{\"@id\":\"https:\/\/www.suno.com.br\/noticias\/air-france-plano-de-demissoes-voluntarias\/#primaryimage\"},\"thumbnailUrl\":\"https:\/\/files.sunoresearch.com.br\/n\/uploads\/2020\/05\/462bc5c2-air_france_a380_f-hpja-scaled.webp\",\"datePublished\":\"2020-06-17T18:56:47+00:00\",\"description\":\"A Air France pretende resumir em 8.300 sua for\u00e7a de trabalho atrav\u00e9s de um programa de demiss\u00e3o volunt\u00e1ria. Clique aqui para saber mais.\",\"breadcrumb\":{\"@id\":\"https:\/\/www.suno.com.br\/noticias\/air-france-plano-de-demissoes-voluntarias\/#breadcrumb\"},\"inLanguage\":\"pt-BR\",\"potentialAction\":[{\"@type\":\"ReadAction\",\"target\":[\"https:\/\/www.suno.com.br\/noticias\/air-france-plano-de-demissoes-voluntarias\/\"]}]},{\"@type\":\"ImageObject\",\"inLanguage\":\"pt-BR\",\"@id\":\"https:\/\/www.suno.com.br\/noticias\/air-france-plano-de-demissoes-voluntarias\/#primaryimage\",\"url\":\"https:\/\/files.sunoresearch.com.br\/n\/uploads\/2020\/05\/462bc5c2-air_france_a380_f-hpja-scaled.webp\",\"contentUrl\":\"https:\/\/files.sunoresearch.com.br\/n\/uploads\/2020\/05\/462bc5c2-air_france_a380_f-hpja-scaled.webp\",\"width\":2560,\"height\":1706,\"caption\":\"Air France negocia plano de demiss\u00f5es volunt\u00e1rias, segundo ag\u00eancia\"},{\"@type\":\"BreadcrumbList\",\"@id\":\"https:\/\/www.suno.com.br\/noticias\/air-france-plano-de-demissoes-voluntarias\/#breadcrumb\",\"itemListElement\":[{\"@type\":\"ListItem\",\"position\":1,\"name\":\"Not\u00edcias\",\"item\":\"https:\/\/www.suno.com.br\/noticias\/\"},{\"@type\":\"ListItem\",\"position\":2,\"name\":\"Neg\u00f3cios\",\"item\":\"https:\/\/www.suno.com.br\/noticias\/negocios\/\"},{\"@type\":\"ListItem\",\"position\":3,\"name\":\"Air France negocia plano de demiss\u00f5es volunt\u00e1rias, segundo ag\u00eancia\"}]},{\"@type\":\"WebSite\",\"@id\":\"https:\/\/www.suno.com.br\/noticias\/#website\",\"url\":\"https:\/\/www.suno.com.br\/noticias\/\",\"name\":\"Suno Not\u00edcias\",\"description\":\"Seu portal de informa\u00e7\u00e3o sobre o mundo dos investimentos\",\"publisher\":{\"@id\":\"https:\/\/www.suno.com.br\/noticias\/#organization\"},\"potentialAction\":[{\"@type\":\"SearchAction\",\"target\":{\"@type\":\"EntryPoint\",\"urlTemplate\":\"https:\/\/www.suno.com.br\/noticias\/?s={search_term_string}\"},\"query-input\":{\"@type\":\"PropertyValueSpecification\",\"valueRequired\":true,\"valueName\":\"search_term_string\"}}],\"inLanguage\":\"pt-BR\"},{\"@type\":\"Organization\",\"@id\":\"https:\/\/www.suno.com.br\/noticias\/#organization\",\"name\":\"Suno Not\u00edcias\",\"url\":\"https:\/\/www.suno.com.br\/noticias\/\",\"logo\":{\"@type\":\"ImageObject\",\"inLanguage\":\"pt-BR\",\"@id\":\"https:\/\/www.suno.com.br\/noticias\/#\/schema\/logo\/image\/\",\"url\":\"https:\/\/files.sunoresearch.com.br\/n\/uploads\/2021\/09\/suno-logo.png\",\"contentUrl\":\"https:\/\/files.sunoresearch.com.br\/n\/uploads\/2021\/09\/suno-logo.png\",\"width\":180,\"height\":180,\"caption\":\"Suno Not\u00edcias\"},\"image\":{\"@id\":\"https:\/\/www.suno.com.br\/noticias\/#\/schema\/logo\/image\/\"},\"sameAs\":[\"https:\/\/facebook.com\/sunoresearch\",\"https:\/\/x.com\/sunoresearch\",\"https:\/\/www.instagram.com\/suno\",\"https:\/\/www.linkedin.com\/company\/suno-research\/\",\"https:\/\/www.youtube.com\/c\/sunoresearch\"]},{\"@type\":\"Person\",\"@id\":\"https:\/\/www.suno.com.br\/noticias\/#\/schema\/person\/3df0d2808748b74496efe5dbeaef2c72\",\"name\":\"Laura Moutinho\",\"image\":{\"@type\":\"ImageObject\",\"inLanguage\":\"pt-BR\",\"@id\":\"https:\/\/www.suno.com.br\/noticias\/#\/schema\/person\/image\/\",\"url\":\"https:\/\/secure.gravatar.com\/avatar\/7571c7c8ca3a6fca5e41384ece5557ff?s=96&r=g\",\"contentUrl\":\"https:\/\/secure.gravatar.com\/avatar\/7571c7c8ca3a6fca5e41384ece5557ff?s=96&r=g\",\"caption\":\"Laura Moutinho\"},\"description\":\"Estagi\u00e1ria na Suno Not\u00edcias, escreve not\u00edcias que afetam o mercado financeiro. Estuda administra\u00e7\u00e3o na Universidade Presbiteriana Mackenzie.\",\"url\":\"https:\/\/www.suno.com.br\/noticias\/author\/laura-moutinho\/\"}]}<\/script>\n<!-- \/ Yoast SEO plugin. -->","yoast_head_json":{"title":"Air France negocia plano de demiss\u00f5es volunt\u00e1rias, segundo ag\u00eancia","description":"A Air France pretende resumir em 8.300 sua for\u00e7a de trabalho atrav\u00e9s de um programa de demiss\u00e3o volunt\u00e1ria. Clique aqui para saber mais.","robots":{"index":"index","follow":"follow","max-snippet":"max-snippet:-1","max-image-preview":"max-image-preview:large","max-video-preview":"max-video-preview:-1"},"canonical":"https:\/\/www.suno.com.br\/noticias\/air-france-plano-de-demissoes-voluntarias\/","og_locale":"pt_BR","og_type":"article","og_title":"Air France negocia plano de demiss\u00f5es volunt\u00e1rias, segundo ag\u00eancia","og_description":"A Air France pretende resumir em 8.300 sua for\u00e7a de trabalho atrav\u00e9s de um programa de demiss\u00e3o volunt\u00e1ria. Clique aqui para saber mais.","og_url":"https:\/\/www.suno.com.br\/noticias\/air-france-plano-de-demissoes-voluntarias\/","og_site_name":"Suno Not\u00edcias","article_publisher":"https:\/\/facebook.com\/sunoresearch","og_image":[{"width":1024,"height":683,"url":"https:\/\/files.sunoresearch.com.br\/n\/uploads\/2020\/05\/462bc5c2-air_france_a380_f-hpja-1024x683.jpg","type":"image\/jpeg"}],"author":"Laura Moutinho","twitter_card":"summary_large_image","twitter_creator":"@sunoresearch","twitter_site":"@sunoresearch","twitter_misc":{"Escrito por":"Laura Moutinho","Est. tempo de leitura":"2 minutos"},"schema":{"@context":"https:\/\/schema.org","@graph":[{"@type":"NewsArticle","@id":"https:\/\/www.suno.com.br\/noticias\/air-france-plano-de-demissoes-voluntarias\/#article","isPartOf":{"@id":"https:\/\/www.suno.com.br\/noticias\/air-france-plano-de-demissoes-voluntarias\/"},"author":{"name":"Laura Moutinho","@id":"https:\/\/www.suno.com.br\/noticias\/#\/schema\/person\/3df0d2808748b74496efe5dbeaef2c72"},"headline":"Air France negocia plano de demiss\u00f5es volunt\u00e1rias, segundo ag\u00eancia","datePublished":"2020-06-17T18:56:47+00:00","mainEntityOfPage":{"@id":"https:\/\/www.suno.com.br\/noticias\/air-france-plano-de-demissoes-voluntarias\/"},"wordCount":411,"publisher":{"@id":"https:\/\/www.suno.com.br\/noticias\/#organization"},"image":{"@id":"https:\/\/www.suno.com.br\/noticias\/air-france-plano-de-demissoes-voluntarias\/#primaryimage"},"thumbnailUrl":"https:\/\/files.sunoresearch.com.br\/n\/uploads\/2020\/05\/462bc5c2-air_france_a380_f-hpja-scaled.webp","keywords":["companhias a\u00e9reas","Programa de demiss\u00e3o volunt\u00e1ria (PDV)"],"articleSection":["Neg\u00f3cios"],"inLanguage":"pt-BR"},{"@type":"WebPage","@id":"https:\/\/www.suno.com.br\/noticias\/air-france-plano-de-demissoes-voluntarias\/","url":"https:\/\/www.suno.com.br\/noticias\/air-france-plano-de-demissoes-voluntarias\/","name":"Air France negocia plano de demiss\u00f5es volunt\u00e1rias, segundo ag\u00eancia","isPartOf":{"@id":"https:\/\/www.suno.com.br\/noticias\/#website"},"primaryImageOfPage":{"@id":"https:\/\/www.suno.com.br\/noticias\/air-france-plano-de-demissoes-voluntarias\/#primaryimage"},"image":{"@id":"https:\/\/www.suno.com.br\/noticias\/air-france-plano-de-demissoes-voluntarias\/#primaryimage"},"thumbnailUrl":"https:\/\/files.sunoresearch.com.br\/n\/uploads\/2020\/05\/462bc5c2-air_france_a380_f-hpja-scaled.webp","datePublished":"2020-06-17T18:56:47+00:00","description":"A Air France pretende resumir em 8.300 sua for\u00e7a de trabalho atrav\u00e9s de um programa de demiss\u00e3o volunt\u00e1ria. Clique aqui para saber mais.","breadcrumb":{"@id":"https:\/\/www.suno.com.br\/noticias\/air-france-plano-de-demissoes-voluntarias\/#breadcrumb"},"inLanguage":"pt-BR","potentialAction":[{"@type":"ReadAction","target":["https:\/\/www.suno.com.br\/noticias\/air-france-plano-de-demissoes-voluntarias\/"]}]},{"@type":"ImageObject","inLanguage":"pt-BR","@id":"https:\/\/www.suno.com.br\/noticias\/air-france-plano-de-demissoes-voluntarias\/#primaryimage","url":"https:\/\/files.sunoresearch.com.br\/n\/uploads\/2020\/05\/462bc5c2-air_france_a380_f-hpja-scaled.webp","contentUrl":"https:\/\/files.sunoresearch.com.br\/n\/uploads\/2020\/05\/462bc5c2-air_france_a380_f-hpja-scaled.webp","width":2560,"height":1706,"caption":"Air France negocia plano de demiss\u00f5es volunt\u00e1rias, segundo ag\u00eancia"},{"@type":"BreadcrumbList","@id":"https:\/\/www.suno.com.br\/noticias\/air-france-plano-de-demissoes-voluntarias\/#breadcrumb","itemListElement":[{"@type":"ListItem","position":1,"name":"Not\u00edcias","item":"https:\/\/www.suno.com.br\/noticias\/"},{"@type":"ListItem","position":2,"name":"Neg\u00f3cios","item":"https:\/\/www.suno.com.br\/noticias\/negocios\/"},{"@type":"ListItem","position":3,"name":"Air France negocia plano de demiss\u00f5es volunt\u00e1rias, segundo ag\u00eancia"}]},{"@type":"WebSite","@id":"https:\/\/www.suno.com.br\/noticias\/#website","url":"https:\/\/www.suno.com.br\/noticias\/","name":"Suno Not\u00edcias","description":"Seu portal de informa\u00e7\u00e3o sobre o mundo dos investimentos","publisher":{"@id":"https:\/\/www.suno.com.br\/noticias\/#organization"},"potentialAction":[{"@type":"SearchAction","target":{"@type":"EntryPoint","urlTemplate":"https:\/\/www.suno.com.br\/noticias\/?s={search_term_string}"},"query-input":{"@type":"PropertyValueSpecification","valueRequired":true,"valueName":"search_term_string"}}],"inLanguage":"pt-BR"},{"@type":"Organization","@id":"https:\/\/www.suno.com.br\/noticias\/#organization","name":"Suno Not\u00edcias","url":"https:\/\/www.suno.com.br\/noticias\/","logo":{"@type":"ImageObject","inLanguage":"pt-BR","@id":"https:\/\/www.suno.com.br\/noticias\/#\/schema\/logo\/image\/","url":"https:\/\/files.sunoresearch.com.br\/n\/uploads\/2021\/09\/suno-logo.png","contentUrl":"https:\/\/files.sunoresearch.com.br\/n\/uploads\/2021\/09\/suno-logo.png","width":180,"height":180,"caption":"Suno Not\u00edcias"},"image":{"@id":"https:\/\/www.suno.com.br\/noticias\/#\/schema\/logo\/image\/"},"sameAs":["https:\/\/facebook.com\/sunoresearch","https:\/\/x.com\/sunoresearch","https:\/\/www.instagram.com\/suno","https:\/\/www.linkedin.com\/company\/suno-research\/","https:\/\/www.youtube.com\/c\/sunoresearch"]},{"@type":"Person","@id":"https:\/\/www.suno.com.br\/noticias\/#\/schema\/person\/3df0d2808748b74496efe5dbeaef2c72","name":"Laura Moutinho","image":{"@type":"ImageObject","inLanguage":"pt-BR","@id":"https:\/\/www.suno.com.br\/noticias\/#\/schema\/person\/image\/","url":"https:\/\/secure.gravatar.com\/avatar\/7571c7c8ca3a6fca5e41384ece5557ff?s=96&r=g","contentUrl":"https:\/\/secure.gravatar.com\/avatar\/7571c7c8ca3a6fca5e41384ece5557ff?s=96&r=g","caption":"Laura Moutinho"},"description":"Estagi\u00e1ria na Suno Not\u00edcias, escreve not\u00edcias que afetam o mercado financeiro. Estuda administra\u00e7\u00e3o na Universidade Presbiteriana Mackenzie.","url":"https:\/\/www.suno.com.br\/noticias\/author\/laura-moutinho\/"}]}},"default_loop_html":"<div class=\"cardsPage__listCard__boxs\"><div class=\"cardsPage__listCard__boxs__img\"><a href=\"https:\/\/www.suno.com.br\/noticias\/air-france-plano-de-demissoes-voluntarias\/\"><img class=\"mask\" src=\"https:\/\/www.suno.com.br\/noticias\/wp-content\/themes\/suno\/resources\/images\/spotlight\/spotlight1img\/bg-mask.png\" alt=\"Image Mask\"\/><img src=\"https:\/\/files.sunoresearch.com.br\/n\/uploads\/2020\/05\/462bc5c2-air_france_a380_f-hpja-400x200.webp\" alt=\"Air France negocia plano de demiss\u00f5es volunt\u00e1rias, segundo ag\u00eancia\"\/><\/a><span class=\"spotlightCategory\"><a href=\"https:\/\/www.suno.com.br\/noticias\/negocios\/\">Neg\u00f3cios<\/a><\/span><\/div><div class=\"cardsPage__listCard__boxs__content\"><a href=\"https:\/\/www.suno.com.br\/noticias\/air-france-plano-de-demissoes-voluntarias\/\"><h2 class=\"content__title\">Air France negocia plano de demiss\u00f5es volunt\u00e1rias, segundo ag\u00eancia<\/h2><\/a><div class=\"newsContent__article__meta\"><div class=\"newsContent__article__meta__authorBox\"><a href=\"https:\/\/www.suno.com.br\/noticias\/author\/laura-moutinho\/\" class=\"authorBox__avatar noMobi\"><img src=\"https:\/\/files.sunoresearch.com.br\/n\/uploads\/2020\/08\/531ff69d-whatsapp-image-2020-08-03-at-14.54.38-150x150.webp\" alt=\"Laura Moutinho\"><\/a><div class=\"authorBox__name\"><span>por\n\t\t\t<a href=\"https:\/\/www.suno.com.br\/noticias\/author\/laura-moutinho\/\"><span itemprop=\"author\">Laura Moutinho<\/span><\/a><\/span><time datetime=\"2020-06-17T15:56:47-03:00\" itemprop=\"datePublished\">17\/06\/2020 15:56<\/time><\/div><\/div><\/div><\/div><\/div>","single_layout":"posts","amp_enabled":true,"_links":{"self":[{"href":"https:\/\/www.suno.com.br\/noticias\/wp-json\/wp\/v2\/posts\/69313"}],"collection":[{"href":"https:\/\/www.suno.com.br\/noticias\/wp-json\/wp\/v2\/posts"}],"about":[{"href":"https:\/\/www.suno.com.br\/noticias\/wp-json\/wp\/v2\/types\/post"}],"author":[{"embeddable":true,"href":"https:\/\/www.suno.com.br\/noticias\/wp-json\/wp\/v2\/users\/39"}],"replies":[{"embeddable":true,"href":"https:\/\/www.suno.com.br\/noticias\/wp-json\/wp\/v2\/comments?post=69313"}],"version-history":[{"count":0,"href":"https:\/\/www.suno.com.br\/noticias\/wp-json\/wp\/v2\/posts\/69313\/revisions"}],"wp:featuredmedia":[{"embeddable":true,"href":"https:\/\/www.suno.com.br\/noticias\/wp-json\/wp\/v2\/media\/63702"}],"wp:attachment":[{"href":"https:\/\/www.suno.com.br\/noticias\/wp-json\/wp\/v2\/media?parent=69313"}],"wp:term":[{"taxonomy":"category","embeddable":true,"href":"https:\/\/www.suno.com.br\/noticias\/wp-json\/wp\/v2\/categories?post=69313"},{"taxonomy":"post_tag","embeddable":true,"href":"https:\/\/www.suno.com.br\/noticias\/wp-json\/wp\/v2\/tags?post=69313"},{"taxonomy":"suno_strategy","embeddable":true,"href":"https:\/\/www.suno.com.br\/noticias\/wp-json\/wp\/v2\/suno_strategy?post=69313"}],"curies":[{"name":"wp","href":"https:\/\/api.w.org\/{rel}","templated":true}]}}