{"id":6929,"date":"2018-11-25T17:47:39","date_gmt":"2018-11-25T19:47:39","guid":{"rendered":"https:\/\/www.suno.com.br\/noticias\/?p=6929"},"modified":"2021-02-17T23:07:09","modified_gmt":"2021-02-18T02:07:09","slug":"bolsonaro-formacao-governo-final-mes","status":"publish","type":"post","link":"https:\/\/www.suno.com.br\/noticias\/bolsonaro-formacao-governo-final-mes\/","title":{"rendered":"Bolsonaro: espero ter formado o governo at\u00e9 o final do m\u00eas"},"content":{"rendered":"<p>O presidente eleito Jair Bolsonaro declarou hoje que espera ter a forma\u00e7\u00e3o do minist\u00e9rio at\u00e9 o final do m\u00eas.<\/p>\t<div class=\"wrapper-featured-image\">\n\t\t<figure class=\"spotlightImg\">\n\n\t\t\t<picture>\n\t\t\t\t<source media=\"(max-width: 768px)\" srcset=\"https:\/\/files.sunoresearch.com.br\/n\/uploads\/2018\/11\/8c6622b1-jair-bolsonaro-3-400x200.webp\">\n\t\t\t\t<img loading=\"lazy\" decoding=\"async\" class=\"newsContent__article__imgCapa lazyloadDisabled newsContent__article__imgCapa--noCaption\" src=\"https:\/\/files.sunoresearch.com.br\/n\/uploads\/2018\/11\/8c6622b1-jair-bolsonaro-3-jpg.webp\" width=\"800\" height=\"450\" alt=\"Bolsonaro: espero ter formado o governo at\u00e9 o final do m\u00eas\" fetchpriority=high \/>\n\t\t\t<\/picture>\n\n\t\t\t<figcaption class=\"wp-caption-text wp-caption-text--hide\">O presidente da Rep\u00fablica,  Jair Bolsonaro. (divulga\u00e7\u00e3o)<\/figcaption>\n\t\t<\/figure>\n\t<\/div>\n\n\n<p>&#8220;Espero at\u00e9 o fim do m\u00eas estar resolvida a quest\u00e3o dos minist\u00e9rios&#8221;, declarou <strong>Bolsonaro<\/strong> ao sair de uma cerim\u00f4nia no Rio de Janeiro.<\/p>\n<p><a href=\"https:\/\/www.suno.com.br\/noticias\/bolsonaro-salim-mattar-privatizacoes\/\">Saiba mais: Governo Bolsonaro define Salim Mattar como novo secret\u00e1rio de privatiza\u00e7\u00f5es<\/a><\/p>\n<p><!--more--><\/p>\n<p>Para Bolsonaro, n\u00e3o h\u00e1 um minist\u00e9rio priorit\u00e1rio a ser definido em seu <strong>governo<\/strong>.<\/p>\n<p>&#8220;N\u00e3o tem prioridade&#8221;, afirmou o presidente eleito saindo da Escola de Educa\u00e7\u00e3o F\u00edsica do Ex\u00e9rcito na Urca.<\/p>\n<p>&#8220;Os nomes que aparecem temos que estudar&#8221;, declarou Bolsonaro, que explicou que est\u00e1 escolhendo &#8220;os melhores&#8221;.<\/p>\n<p>&#8220;Estou escolhendo os melhores. Estou escolhendo pessoas independentes, isentas, que sejam honestas e pensam no Brasil, n\u00e3o na agremia\u00e7\u00e3o partid\u00e1ria&#8221;, disse Bolsonaro.<\/p>\n<p>Questionado sobre como pretendia negociar as vota\u00e7\u00f5es no Congresso, se com partidos ou bancadas, o presidente eleito respondeu que as vota\u00e7\u00f5es &#8220;n\u00e3o ser\u00e3o para o presidente nem para o parlamento. Ser\u00e3o para o Brasil&#8221;.<\/p>\n<p>O presidente eleito reafirmou a inten\u00e7\u00e3o de mudar as pr\u00e1ticas pol\u00edticas do pa\u00eds.<\/p>\n<h2>Pr\u00f3xima visita m\u00e9dica em janeiro<\/h2>\n<p>Bolsonaro tamb\u00e9m falou do acompanhamento m\u00e9dico da cirurgia que fui submetido ap\u00f3s o atentado de setembro.<\/p>\n<p>O presidente eleito foi esfaqueado durante um ato de campanha em Juiz de Fora no dia 6 de setembro.<\/p>\n<p>Bolsonaro explicou que a pr\u00f3xima consulta m\u00e9dica est\u00e1 marcada para o dia 19 de janeiro.<\/p>\n<p>Entretanto, ele expressou desapontamento em n\u00e3o poder fazer ainda em dezembro a cirurgia de retirada da bolsa de colostomia.<\/p>\n<p>&#8220;\u00c9 claro que estou chateado, mas n\u00e3o posso for\u00e7ar a barra&#8221;, declarou o presidente eleito.<\/p>\n<p>Bolsonaro informou que voltar\u00e1 para Bras\u00edlia na ter\u00e7a-feira, de onde est\u00e1 liderando o processo de transi\u00e7\u00e3o do governo.<\/p>\n<p>&nbsp;<\/p>\n","protected":false},"excerpt":{"rendered":"<p>O presidente eleito Jair Bolsonaro declarou hoje que espera ter a forma\u00e7\u00e3o do minist\u00e9rio at\u00e9 o final do m\u00eas. O presidente da Rep\u00fablica, Jair Bolsonaro. (divulga\u00e7\u00e3o) &#8220;Espero at\u00e9 o fim do m\u00eas estar resolvida a quest\u00e3o dos minist\u00e9rios&#8221;, declarou Bolsonaro ao sair de uma cerim\u00f4nia no Rio de Janeiro. Saiba mais: Governo Bolsonaro define Salim [&hellip;]<\/p>\n","protected":false},"author":9,"featured_media":6930,"comment_status":"closed","ping_status":"closed","sticky":false,"template":"","format":"standard","meta":[],"categories":[61],"tags":[719],"suno_strategy":[],"class_list":["post-6929","post","type-post","status-publish","format-standard","has-post-thumbnail","hentry","category-politica","tag-jair-bolsonaro"],"yoast_head":"<!-- This site is optimized with the Yoast SEO plugin v24.4 - https:\/\/yoast.com\/wordpress\/plugins\/seo\/ -->\n<title>Bolsonaro: espero ter formado o governo at\u00e9 o final do m\u00eas<\/title>\n<meta name=\"description\" content=\"Bolsonaro explicou que est\u00e1 escolhendo &quot;os melhores&quot; e que n\u00e3o h\u00e1 um minist\u00e9rio priorit\u00e1rio a ser definido. Clique aqui para saber mais.\" \/>\n<meta name=\"robots\" content=\"index, follow, max-snippet:-1, max-image-preview:large, max-video-preview:-1\" \/>\n<link rel=\"canonical\" href=\"https:\/\/www.suno.com.br\/noticias\/bolsonaro-formacao-governo-final-mes\/\" \/>\n<meta property=\"og:locale\" content=\"pt_BR\" \/>\n<meta property=\"og:type\" content=\"article\" \/>\n<meta property=\"og:title\" content=\"Bolsonaro: espero ter formado o governo at\u00e9 o final do m\u00eas\" \/>\n<meta property=\"og:description\" content=\"Bolsonaro explicou que est\u00e1 escolhendo &quot;os melhores&quot; e que n\u00e3o h\u00e1 um minist\u00e9rio priorit\u00e1rio a ser definido. Clique aqui para saber mais.\" \/>\n<meta property=\"og:url\" content=\"https:\/\/www.suno.com.br\/noticias\/bolsonaro-formacao-governo-final-mes\/\" \/>\n<meta property=\"og:site_name\" content=\"Suno Not\u00edcias\" \/>\n<meta property=\"article:publisher\" content=\"https:\/\/facebook.com\/sunoresearch\" \/>\n<meta property=\"og:image\" content=\"https:\/\/files.sunoresearch.com.br\/n\/uploads\/2018\/11\/8c6622b1-jair-bolsonaro-3.jpg\" \/>\n\t<meta property=\"og:image:width\" content=\"640\" \/>\n\t<meta property=\"og:image:height\" content=\"399\" \/>\n\t<meta property=\"og:image:type\" content=\"image\/jpeg\" \/>\n<meta name=\"author\" content=\"Carlo Cauti\" \/>\n<meta name=\"twitter:card\" content=\"summary_large_image\" \/>\n<meta name=\"twitter:creator\" content=\"@sunoresearch\" \/>\n<meta name=\"twitter:site\" content=\"@sunoresearch\" \/>\n<meta name=\"twitter:label1\" content=\"Escrito por\" \/>\n\t<meta name=\"twitter:data1\" content=\"Carlo Cauti\" \/>\n\t<meta name=\"twitter:label2\" content=\"Est. tempo de leitura\" \/>\n\t<meta name=\"twitter:data2\" content=\"2 minutos\" \/>\n<script type=\"application\/ld+json\" class=\"yoast-schema-graph\">{\"@context\":\"https:\/\/schema.org\",\"@graph\":[{\"@type\":\"NewsArticle\",\"@id\":\"https:\/\/www.suno.com.br\/noticias\/bolsonaro-formacao-governo-final-mes\/#article\",\"isPartOf\":{\"@id\":\"https:\/\/www.suno.com.br\/noticias\/bolsonaro-formacao-governo-final-mes\/\"},\"author\":{\"name\":\"Carlo Cauti\",\"@id\":\"https:\/\/www.suno.com.br\/noticias\/#\/schema\/person\/e6e0f723cc177805027f4566c1d5e0c8\"},\"headline\":\"Bolsonaro: espero ter formado o governo at\u00e9 o final do m\u00eas\",\"datePublished\":\"2018-11-25T19:47:39+00:00\",\"dateModified\":\"2021-02-18T02:07:09+00:00\",\"mainEntityOfPage\":{\"@id\":\"https:\/\/www.suno.com.br\/noticias\/bolsonaro-formacao-governo-final-mes\/\"},\"wordCount\":327,\"publisher\":{\"@id\":\"https:\/\/www.suno.com.br\/noticias\/#organization\"},\"image\":{\"@id\":\"https:\/\/www.suno.com.br\/noticias\/bolsonaro-formacao-governo-final-mes\/#primaryimage\"},\"thumbnailUrl\":\"https:\/\/files.sunoresearch.com.br\/n\/uploads\/2018\/11\/8c6622b1-jair-bolsonaro-3-jpg.webp\",\"keywords\":[\"Jair Bolsonaro\"],\"articleSection\":[\"Pol\u00edtica\"],\"inLanguage\":\"pt-BR\"},{\"@type\":\"WebPage\",\"@id\":\"https:\/\/www.suno.com.br\/noticias\/bolsonaro-formacao-governo-final-mes\/\",\"url\":\"https:\/\/www.suno.com.br\/noticias\/bolsonaro-formacao-governo-final-mes\/\",\"name\":\"Bolsonaro: espero ter formado o governo at\u00e9 o final do m\u00eas\",\"isPartOf\":{\"@id\":\"https:\/\/www.suno.com.br\/noticias\/#website\"},\"primaryImageOfPage\":{\"@id\":\"https:\/\/www.suno.com.br\/noticias\/bolsonaro-formacao-governo-final-mes\/#primaryimage\"},\"image\":{\"@id\":\"https:\/\/www.suno.com.br\/noticias\/bolsonaro-formacao-governo-final-mes\/#primaryimage\"},\"thumbnailUrl\":\"https:\/\/files.sunoresearch.com.br\/n\/uploads\/2018\/11\/8c6622b1-jair-bolsonaro-3-jpg.webp\",\"datePublished\":\"2018-11-25T19:47:39+00:00\",\"dateModified\":\"2021-02-18T02:07:09+00:00\",\"description\":\"Bolsonaro explicou que est\u00e1 escolhendo \\\"os melhores\\\" e que n\u00e3o h\u00e1 um minist\u00e9rio priorit\u00e1rio a ser definido. Clique aqui para saber mais.\",\"breadcrumb\":{\"@id\":\"https:\/\/www.suno.com.br\/noticias\/bolsonaro-formacao-governo-final-mes\/#breadcrumb\"},\"inLanguage\":\"pt-BR\",\"potentialAction\":[{\"@type\":\"ReadAction\",\"target\":[\"https:\/\/www.suno.com.br\/noticias\/bolsonaro-formacao-governo-final-mes\/\"]}]},{\"@type\":\"ImageObject\",\"inLanguage\":\"pt-BR\",\"@id\":\"https:\/\/www.suno.com.br\/noticias\/bolsonaro-formacao-governo-final-mes\/#primaryimage\",\"url\":\"https:\/\/files.sunoresearch.com.br\/n\/uploads\/2018\/11\/8c6622b1-jair-bolsonaro-3-jpg.webp\",\"contentUrl\":\"https:\/\/files.sunoresearch.com.br\/n\/uploads\/2018\/11\/8c6622b1-jair-bolsonaro-3-jpg.webp\",\"width\":640,\"height\":399,\"caption\":\"O presidente da Rep\u00fablica, Jair Bolsonaro. (divulga\u00e7\u00e3o)\"},{\"@type\":\"BreadcrumbList\",\"@id\":\"https:\/\/www.suno.com.br\/noticias\/bolsonaro-formacao-governo-final-mes\/#breadcrumb\",\"itemListElement\":[{\"@type\":\"ListItem\",\"position\":1,\"name\":\"Not\u00edcias\",\"item\":\"https:\/\/www.suno.com.br\/noticias\/\"},{\"@type\":\"ListItem\",\"position\":2,\"name\":\"Pol\u00edtica\",\"item\":\"https:\/\/www.suno.com.br\/noticias\/politica\/\"},{\"@type\":\"ListItem\",\"position\":3,\"name\":\"Bolsonaro: espero ter formado o governo at\u00e9 o final do m\u00eas\"}]},{\"@type\":\"WebSite\",\"@id\":\"https:\/\/www.suno.com.br\/noticias\/#website\",\"url\":\"https:\/\/www.suno.com.br\/noticias\/\",\"name\":\"Suno Not\u00edcias\",\"description\":\"Seu portal de informa\u00e7\u00e3o sobre o mundo dos investimentos\",\"publisher\":{\"@id\":\"https:\/\/www.suno.com.br\/noticias\/#organization\"},\"potentialAction\":[{\"@type\":\"SearchAction\",\"target\":{\"@type\":\"EntryPoint\",\"urlTemplate\":\"https:\/\/www.suno.com.br\/noticias\/?s={search_term_string}\"},\"query-input\":{\"@type\":\"PropertyValueSpecification\",\"valueRequired\":true,\"valueName\":\"search_term_string\"}}],\"inLanguage\":\"pt-BR\"},{\"@type\":\"Organization\",\"@id\":\"https:\/\/www.suno.com.br\/noticias\/#organization\",\"name\":\"Suno Not\u00edcias\",\"url\":\"https:\/\/www.suno.com.br\/noticias\/\",\"logo\":{\"@type\":\"ImageObject\",\"inLanguage\":\"pt-BR\",\"@id\":\"https:\/\/www.suno.com.br\/noticias\/#\/schema\/logo\/image\/\",\"url\":\"https:\/\/files.sunoresearch.com.br\/n\/uploads\/2021\/09\/suno-logo.png\",\"contentUrl\":\"https:\/\/files.sunoresearch.com.br\/n\/uploads\/2021\/09\/suno-logo.png\",\"width\":180,\"height\":180,\"caption\":\"Suno Not\u00edcias\"},\"image\":{\"@id\":\"https:\/\/www.suno.com.br\/noticias\/#\/schema\/logo\/image\/\"},\"sameAs\":[\"https:\/\/facebook.com\/sunoresearch\",\"https:\/\/x.com\/sunoresearch\",\"https:\/\/www.instagram.com\/suno\",\"https:\/\/www.linkedin.com\/company\/suno-research\/\",\"https:\/\/www.youtube.com\/c\/sunoresearch\"]},{\"@type\":\"Person\",\"@id\":\"https:\/\/www.suno.com.br\/noticias\/#\/schema\/person\/e6e0f723cc177805027f4566c1d5e0c8\",\"name\":\"Carlo Cauti\",\"image\":{\"@type\":\"ImageObject\",\"inLanguage\":\"pt-BR\",\"@id\":\"https:\/\/www.suno.com.br\/noticias\/#\/schema\/person\/image\/\",\"url\":\"https:\/\/secure.gravatar.com\/avatar\/3ada9e0bd164c23abd4792a9606d583c?s=96&r=g\",\"contentUrl\":\"https:\/\/secure.gravatar.com\/avatar\/3ada9e0bd164c23abd4792a9606d583c?s=96&r=g\",\"caption\":\"Carlo Cauti\"},\"description\":\"Editor multim\u00eddia do SUNO Not\u00edcias. Italiano, formado em Ci\u00eancias Pol\u00edticas pela universidade LUISS G. Carli de Roma e mestre cum laude em Rela\u00e7\u00f5es Internacionais, Jornalismo Internacional e de Guerra e em Economia Internacional. Concluiu tamb\u00e9m um MBA em Finan\u00e7as na B3. No Brasil, teve passagem por ve\u00edculos como Estad\u00e3o, Globo, Veja e EXAME. e nas ag\u00eancias de not\u00edcias italianas ANSA e NOVA.\",\"url\":\"https:\/\/www.suno.com.br\/noticias\/author\/carlo-cauti\/\"}]}<\/script>\n<!-- \/ Yoast SEO plugin. -->","yoast_head_json":{"title":"Bolsonaro: espero ter formado o governo at\u00e9 o final do m\u00eas","description":"Bolsonaro explicou que est\u00e1 escolhendo \"os melhores\" e que n\u00e3o h\u00e1 um minist\u00e9rio priorit\u00e1rio a ser definido. Clique aqui para saber mais.","robots":{"index":"index","follow":"follow","max-snippet":"max-snippet:-1","max-image-preview":"max-image-preview:large","max-video-preview":"max-video-preview:-1"},"canonical":"https:\/\/www.suno.com.br\/noticias\/bolsonaro-formacao-governo-final-mes\/","og_locale":"pt_BR","og_type":"article","og_title":"Bolsonaro: espero ter formado o governo at\u00e9 o final do m\u00eas","og_description":"Bolsonaro explicou que est\u00e1 escolhendo \"os melhores\" e que n\u00e3o h\u00e1 um minist\u00e9rio priorit\u00e1rio a ser definido. Clique aqui para saber mais.","og_url":"https:\/\/www.suno.com.br\/noticias\/bolsonaro-formacao-governo-final-mes\/","og_site_name":"Suno Not\u00edcias","article_publisher":"https:\/\/facebook.com\/sunoresearch","og_image":[{"width":640,"height":399,"url":"https:\/\/files.sunoresearch.com.br\/n\/uploads\/2018\/11\/8c6622b1-jair-bolsonaro-3.jpg","type":"image\/jpeg"}],"author":"Carlo Cauti","twitter_card":"summary_large_image","twitter_creator":"@sunoresearch","twitter_site":"@sunoresearch","twitter_misc":{"Escrito por":"Carlo Cauti","Est. tempo de leitura":"2 minutos"},"schema":{"@context":"https:\/\/schema.org","@graph":[{"@type":"NewsArticle","@id":"https:\/\/www.suno.com.br\/noticias\/bolsonaro-formacao-governo-final-mes\/#article","isPartOf":{"@id":"https:\/\/www.suno.com.br\/noticias\/bolsonaro-formacao-governo-final-mes\/"},"author":{"name":"Carlo Cauti","@id":"https:\/\/www.suno.com.br\/noticias\/#\/schema\/person\/e6e0f723cc177805027f4566c1d5e0c8"},"headline":"Bolsonaro: espero ter formado o governo at\u00e9 o final do m\u00eas","datePublished":"2018-11-25T19:47:39+00:00","dateModified":"2021-02-18T02:07:09+00:00","mainEntityOfPage":{"@id":"https:\/\/www.suno.com.br\/noticias\/bolsonaro-formacao-governo-final-mes\/"},"wordCount":327,"publisher":{"@id":"https:\/\/www.suno.com.br\/noticias\/#organization"},"image":{"@id":"https:\/\/www.suno.com.br\/noticias\/bolsonaro-formacao-governo-final-mes\/#primaryimage"},"thumbnailUrl":"https:\/\/files.sunoresearch.com.br\/n\/uploads\/2018\/11\/8c6622b1-jair-bolsonaro-3-jpg.webp","keywords":["Jair Bolsonaro"],"articleSection":["Pol\u00edtica"],"inLanguage":"pt-BR"},{"@type":"WebPage","@id":"https:\/\/www.suno.com.br\/noticias\/bolsonaro-formacao-governo-final-mes\/","url":"https:\/\/www.suno.com.br\/noticias\/bolsonaro-formacao-governo-final-mes\/","name":"Bolsonaro: espero ter formado o governo at\u00e9 o final do m\u00eas","isPartOf":{"@id":"https:\/\/www.suno.com.br\/noticias\/#website"},"primaryImageOfPage":{"@id":"https:\/\/www.suno.com.br\/noticias\/bolsonaro-formacao-governo-final-mes\/#primaryimage"},"image":{"@id":"https:\/\/www.suno.com.br\/noticias\/bolsonaro-formacao-governo-final-mes\/#primaryimage"},"thumbnailUrl":"https:\/\/files.sunoresearch.com.br\/n\/uploads\/2018\/11\/8c6622b1-jair-bolsonaro-3-jpg.webp","datePublished":"2018-11-25T19:47:39+00:00","dateModified":"2021-02-18T02:07:09+00:00","description":"Bolsonaro explicou que est\u00e1 escolhendo \"os melhores\" e que n\u00e3o h\u00e1 um minist\u00e9rio priorit\u00e1rio a ser definido. Clique aqui para saber mais.","breadcrumb":{"@id":"https:\/\/www.suno.com.br\/noticias\/bolsonaro-formacao-governo-final-mes\/#breadcrumb"},"inLanguage":"pt-BR","potentialAction":[{"@type":"ReadAction","target":["https:\/\/www.suno.com.br\/noticias\/bolsonaro-formacao-governo-final-mes\/"]}]},{"@type":"ImageObject","inLanguage":"pt-BR","@id":"https:\/\/www.suno.com.br\/noticias\/bolsonaro-formacao-governo-final-mes\/#primaryimage","url":"https:\/\/files.sunoresearch.com.br\/n\/uploads\/2018\/11\/8c6622b1-jair-bolsonaro-3-jpg.webp","contentUrl":"https:\/\/files.sunoresearch.com.br\/n\/uploads\/2018\/11\/8c6622b1-jair-bolsonaro-3-jpg.webp","width":640,"height":399,"caption":"O presidente da Rep\u00fablica, Jair Bolsonaro. (divulga\u00e7\u00e3o)"},{"@type":"BreadcrumbList","@id":"https:\/\/www.suno.com.br\/noticias\/bolsonaro-formacao-governo-final-mes\/#breadcrumb","itemListElement":[{"@type":"ListItem","position":1,"name":"Not\u00edcias","item":"https:\/\/www.suno.com.br\/noticias\/"},{"@type":"ListItem","position":2,"name":"Pol\u00edtica","item":"https:\/\/www.suno.com.br\/noticias\/politica\/"},{"@type":"ListItem","position":3,"name":"Bolsonaro: espero ter formado o governo at\u00e9 o final do m\u00eas"}]},{"@type":"WebSite","@id":"https:\/\/www.suno.com.br\/noticias\/#website","url":"https:\/\/www.suno.com.br\/noticias\/","name":"Suno Not\u00edcias","description":"Seu portal de informa\u00e7\u00e3o sobre o mundo dos investimentos","publisher":{"@id":"https:\/\/www.suno.com.br\/noticias\/#organization"},"potentialAction":[{"@type":"SearchAction","target":{"@type":"EntryPoint","urlTemplate":"https:\/\/www.suno.com.br\/noticias\/?s={search_term_string}"},"query-input":{"@type":"PropertyValueSpecification","valueRequired":true,"valueName":"search_term_string"}}],"inLanguage":"pt-BR"},{"@type":"Organization","@id":"https:\/\/www.suno.com.br\/noticias\/#organization","name":"Suno Not\u00edcias","url":"https:\/\/www.suno.com.br\/noticias\/","logo":{"@type":"ImageObject","inLanguage":"pt-BR","@id":"https:\/\/www.suno.com.br\/noticias\/#\/schema\/logo\/image\/","url":"https:\/\/files.sunoresearch.com.br\/n\/uploads\/2021\/09\/suno-logo.png","contentUrl":"https:\/\/files.sunoresearch.com.br\/n\/uploads\/2021\/09\/suno-logo.png","width":180,"height":180,"caption":"Suno Not\u00edcias"},"image":{"@id":"https:\/\/www.suno.com.br\/noticias\/#\/schema\/logo\/image\/"},"sameAs":["https:\/\/facebook.com\/sunoresearch","https:\/\/x.com\/sunoresearch","https:\/\/www.instagram.com\/suno","https:\/\/www.linkedin.com\/company\/suno-research\/","https:\/\/www.youtube.com\/c\/sunoresearch"]},{"@type":"Person","@id":"https:\/\/www.suno.com.br\/noticias\/#\/schema\/person\/e6e0f723cc177805027f4566c1d5e0c8","name":"Carlo Cauti","image":{"@type":"ImageObject","inLanguage":"pt-BR","@id":"https:\/\/www.suno.com.br\/noticias\/#\/schema\/person\/image\/","url":"https:\/\/secure.gravatar.com\/avatar\/3ada9e0bd164c23abd4792a9606d583c?s=96&r=g","contentUrl":"https:\/\/secure.gravatar.com\/avatar\/3ada9e0bd164c23abd4792a9606d583c?s=96&r=g","caption":"Carlo Cauti"},"description":"Editor multim\u00eddia do SUNO Not\u00edcias. Italiano, formado em Ci\u00eancias Pol\u00edticas pela universidade LUISS G. Carli de Roma e mestre cum laude em Rela\u00e7\u00f5es Internacionais, Jornalismo Internacional e de Guerra e em Economia Internacional. Concluiu tamb\u00e9m um MBA em Finan\u00e7as na B3. No Brasil, teve passagem por ve\u00edculos como Estad\u00e3o, Globo, Veja e EXAME. e nas ag\u00eancias de not\u00edcias italianas ANSA e NOVA.","url":"https:\/\/www.suno.com.br\/noticias\/author\/carlo-cauti\/"}]}},"default_loop_html":"<div class=\"cardsPage__listCard__boxs\"><div class=\"cardsPage__listCard__boxs__img\"><a href=\"https:\/\/www.suno.com.br\/noticias\/bolsonaro-formacao-governo-final-mes\/\"><img class=\"mask\" src=\"https:\/\/www.suno.com.br\/noticias\/wp-content\/themes\/suno\/resources\/images\/spotlight\/spotlight1img\/bg-mask.png\" alt=\"Image Mask\"\/><img src=\"https:\/\/files.sunoresearch.com.br\/n\/uploads\/2018\/11\/8c6622b1-jair-bolsonaro-3-400x200.webp\" alt=\"Bolsonaro: espero ter formado o governo at\u00e9 o final do m\u00eas\"\/><\/a><span class=\"spotlightCategory\"><a href=\"https:\/\/www.suno.com.br\/noticias\/politica\/\">Pol\u00edtica<\/a><\/span><\/div><div class=\"cardsPage__listCard__boxs__content\"><a href=\"https:\/\/www.suno.com.br\/noticias\/bolsonaro-formacao-governo-final-mes\/\"><h2 class=\"content__title\">Bolsonaro: espero ter formado o governo at\u00e9 o final do m\u00eas<\/h2><\/a><div class=\"newsContent__article__meta\"><div class=\"newsContent__article__meta__authorBox\"><a href=\"https:\/\/www.suno.com.br\/noticias\/author\/carlo-cauti\/\" class=\"authorBox__avatar noMobi\"><img src=\"https:\/\/files.sunoresearch.com.br\/n\/uploads\/2020\/08\/e3745f9a-perfil-carlo-cauti-150x150.webp\" alt=\"Carlo Cauti\"><\/a><div class=\"authorBox__name\"><span>por\n\t\t\t<a href=\"https:\/\/www.suno.com.br\/noticias\/author\/carlo-cauti\/\"><span itemprop=\"author\">Carlo Cauti<\/span><\/a><\/span><time datetime=\"2018-11-25T17:47:39-02:00\" itemprop=\"datePublished\">25\/11\/2018 17:47<\/time><\/div><\/div><\/div><\/div><\/div>","single_layout":"posts","amp_enabled":true,"_links":{"self":[{"href":"https:\/\/www.suno.com.br\/noticias\/wp-json\/wp\/v2\/posts\/6929"}],"collection":[{"href":"https:\/\/www.suno.com.br\/noticias\/wp-json\/wp\/v2\/posts"}],"about":[{"href":"https:\/\/www.suno.com.br\/noticias\/wp-json\/wp\/v2\/types\/post"}],"author":[{"embeddable":true,"href":"https:\/\/www.suno.com.br\/noticias\/wp-json\/wp\/v2\/users\/9"}],"replies":[{"embeddable":true,"href":"https:\/\/www.suno.com.br\/noticias\/wp-json\/wp\/v2\/comments?post=6929"}],"version-history":[{"count":0,"href":"https:\/\/www.suno.com.br\/noticias\/wp-json\/wp\/v2\/posts\/6929\/revisions"}],"wp:featuredmedia":[{"embeddable":true,"href":"https:\/\/www.suno.com.br\/noticias\/wp-json\/wp\/v2\/media\/6930"}],"wp:attachment":[{"href":"https:\/\/www.suno.com.br\/noticias\/wp-json\/wp\/v2\/media?parent=6929"}],"wp:term":[{"taxonomy":"category","embeddable":true,"href":"https:\/\/www.suno.com.br\/noticias\/wp-json\/wp\/v2\/categories?post=6929"},{"taxonomy":"post_tag","embeddable":true,"href":"https:\/\/www.suno.com.br\/noticias\/wp-json\/wp\/v2\/tags?post=6929"},{"taxonomy":"suno_strategy","embeddable":true,"href":"https:\/\/www.suno.com.br\/noticias\/wp-json\/wp\/v2\/suno_strategy?post=6929"}],"curies":[{"name":"wp","href":"https:\/\/api.w.org\/{rel}","templated":true}]}}