{"id":69227,"date":"2020-06-17T10:11:38","date_gmt":"2020-06-17T13:11:38","guid":{"rendered":"https:\/\/www.suno.com.br\/noticias\/?p=69227"},"modified":"2020-06-17T10:11:38","modified_gmt":"2020-06-17T13:11:38","slug":"setor-de-servicos-registra-queda-recorde-de-117-em-abril-aponta-ibge","status":"publish","type":"post","link":"https:\/\/www.suno.com.br\/noticias\/setor-de-servicos-registra-queda-recorde-de-117-em-abril-aponta-ibge\/","title":{"rendered":"Setor de servi\u00e7os registra queda recorde de 11,7% em abril, aponta IBGE"},"content":{"rendered":"<p>O volume de <strong>servi\u00e7os<\/strong> registrou queda de 11,7% em abril, ante mar\u00e7o, na s\u00e9rie com ajuste sazonal. Trata-se do pior resultado desde o in\u00edcio da s\u00e9rie hist\u00f3rica, em janeiro de 2011. Essa \u00e9 a terceira taxa negativa consecutiva, com ac\u00famulo de perda de 18,7% neste per\u00edodo. As informa\u00e7\u00f5es foram publicadas nesta quarta-feira (17) pelo Instituto Brasileiro de Geografia e Estat\u00edstica (IBGE).<\/p>\t<div class=\"wrapper-featured-image\">\n\t\t<figure class=\"spotlightImg\">\n\n\t\t\t<picture>\n\t\t\t\t<source media=\"(max-width: 768px)\" srcset=\"https:\/\/files.sunoresearch.com.br\/n\/uploads\/2018\/11\/fff7f5ac-confiaca-dos-servicos-400x200.webp\">\n\t\t\t\t<img loading=\"lazy\" decoding=\"async\" class=\"newsContent__article__imgCapa lazyloadDisabled newsContent__article__imgCapa--noCaption\" src=\"https:\/\/files.sunoresearch.com.br\/n\/uploads\/2018\/11\/fff7f5ac-confiaca-dos-servicos-800x450.webp\" width=\"800\" height=\"450\" alt=\"Setor de servi\u00e7os registra queda recorde de 11,7% em abril, aponta IBGE\" fetchpriority=high \/>\n\t\t\t<\/picture>\n\n\t\t\t<figcaption class=\"wp-caption-text wp-caption-text--hide\"> servi\u00e7os <\/figcaption>\n\t\t<\/figure>\n\t<\/div>\n\n\n\n<p>De acordo com o IBGE, essa queda significativa \u00e9 consequ\u00eancia das medidas\u00a0 de isolamento social em raz\u00e3o da pandemia do novo coronav\u00edrus. Na s\u00e9rie sem ajuste sazonal, em compara\u00e7\u00e3o com abril do ano passado, o volume de servi\u00e7os recuou 17,2%. No acumulado do ano, o volume caiu 4,5% em rela\u00e7\u00e3o ao mesmo per\u00edodo.<\/p>\n<p>A retra\u00e7\u00e3o de 11,7% do volume de servi\u00e7os de mar\u00e7o para abril de 2020 foi acompanhada por todas as cinco atividades analisadas. Os destaques negativos foram:<\/p>\n<p><a href=\"https:\/\/lp.suno.com.br\/suno-one\/\">Suno One: o primeiro passo para alcan\u00e7ar a sua independ\u00eancia financeira. Acesse agora, \u00e9 gratuito!<\/a><\/p>\n<ul>\n<li>transportes, servi\u00e7os auxilares de transportes e correio (-17,8%);<\/li>\n<li>servi\u00e7os prestados \u00e0s fam\u00edlias (-44,1%)<\/li>\n<\/ul>\n<p>O grupo de transportes sofreu press\u00f5es negativas mais intensas vindas de empresas de transporte a\u00e9reo (-73,8%) e terrestre (-20,6%). J\u00e1 o segundo grupo foi impactado pela interrup\u00e7\u00e3o na presta\u00e7\u00e3o de servi\u00e7os de alojamento e alimenta\u00e7\u00e3o (-46,5%) e de outros servi\u00e7os prestados \u00e0s fam\u00edlias (-33,3%).<\/p>\n<p>Os demais resultados negativos vieram dos seguintes grupos:<\/p>\n<ul>\n<li>profissionais, administrativos e complementares (-8,6%);<\/li>\n<li>\u00a0informa\u00e7\u00e3o e comunica\u00e7\u00e3o (-3,6%);<\/li>\n<li>outros servi\u00e7os (-7,4%).<\/li>\n<\/ul>\n<h2>Servi\u00e7os caem nos estados brasileiros<\/h2>\n<p>Regionalmente, 26 das 27 unidades da federa\u00e7\u00e3o mostraram queda no volume em abril de 2020, na compara\u00e7\u00e3o com mar\u00e7o de 2020<strong>.<\/strong><\/p>\n<p>Entre os locais com resultados negativos nesse m\u00eas, S\u00e3o Paulo (-11,6%) e Rio de Janeiro (-12,7%) sofreram as perdas mais significativas,\u00a0 &#8220;pressionados, em grande medida, pelos segmentos de alojamento e alimenta\u00e7\u00e3o&#8221;.<\/p>\n<p><a href=\"https:\/\/www.suno.com.br\/noticias\/vendas-no-varejo-16062020\/\">Veja Tamb\u00e9m: Vendas no varejo recuam 16,8% em abril, aponta IBGE<\/a><\/p>\n<p>Outras perdas relevantes aconteceram em:<\/p>\n<ul>\n<li>Minas Gerais (-11,0%);<\/li>\n<li>Rio Grande do Sul (-15,2%);<\/li>\n<li>Bahia (-21,0%);<\/li>\n<li>Paran\u00e1 (-11,1%).<\/li>\n<\/ul>\n<p>Em contrapartida, o \u00fanico impacto positivo em termos regionais veio do Mato Grosso (9,0%), cuja expans\u00e3o \u00e9 explicada n\u00e3o s\u00f3 pela baixa base de compara\u00e7\u00e3o, j\u00e1 que em mar\u00e7o os <strong>servi\u00e7os<\/strong> haviam recuado 12,6% nesse estado, mas tamb\u00e9m pelo bom desempenho do transporte ferrovi\u00e1rio de cargas.<\/p>\n\n","protected":false},"excerpt":{"rendered":"<p>O volume de servi\u00e7os registrou queda de 11,7% em abril, ante mar\u00e7o, na s\u00e9rie com ajuste sazonal. Trata-se do pior resultado desde o in\u00edcio da s\u00e9rie hist\u00f3rica, em janeiro de 2011. Essa \u00e9 a terceira taxa negativa consecutiva, com ac\u00famulo de perda de 18,7% neste per\u00edodo. As informa\u00e7\u00f5es foram publicadas nesta quarta-feira (17) pelo Instituto [&hellip;]<\/p>\n","protected":false},"author":15,"featured_media":7437,"comment_status":"closed","ping_status":"closed","sticky":false,"template":"","format":"standard","meta":[],"categories":[62],"tags":[821,1245],"suno_strategy":[],"class_list":["post-69227","post","type-post","status-publish","format-standard","has-post-thumbnail","hentry","category-economia","tag-ibge","tag-setor-de-servicos"],"yoast_head":"<!-- This site is optimized with the Yoast SEO plugin v24.4 - https:\/\/yoast.com\/wordpress\/plugins\/seo\/ -->\n<title>Setor de servi\u00e7os registra queda recorde de 11,7% em abril<\/title>\n<meta name=\"description\" content=\"O volume de servi\u00e7os registrou queda de 11,7% em abril, ante mar\u00e7o, na s\u00e9rie com ajuste sazonal. Para saber mais clique aqui e confira\" \/>\n<meta name=\"robots\" content=\"index, follow, max-snippet:-1, max-image-preview:large, max-video-preview:-1\" \/>\n<link rel=\"canonical\" href=\"https:\/\/www.suno.com.br\/noticias\/setor-de-servicos-registra-queda-recorde-de-117-em-abril-aponta-ibge\/\" \/>\n<meta property=\"og:locale\" content=\"pt_BR\" \/>\n<meta property=\"og:type\" content=\"article\" \/>\n<meta property=\"og:title\" content=\"Setor de servi\u00e7os registra queda recorde de 11,7% em abril\" \/>\n<meta property=\"og:description\" content=\"O volume de servi\u00e7os registrou queda de 11,7% em abril, ante mar\u00e7o, na s\u00e9rie com ajuste sazonal. Para saber mais clique aqui e confira\" \/>\n<meta property=\"og:url\" content=\"https:\/\/www.suno.com.br\/noticias\/setor-de-servicos-registra-queda-recorde-de-117-em-abril-aponta-ibge\/\" \/>\n<meta property=\"og:site_name\" content=\"Suno Not\u00edcias\" \/>\n<meta property=\"article:publisher\" content=\"https:\/\/facebook.com\/sunoresearch\" \/>\n<meta property=\"og:image\" content=\"https:\/\/files.sunoresearch.com.br\/n\/uploads\/2018\/11\/fff7f5ac-confiaca-dos-servicos.jpg\" \/>\n\t<meta property=\"og:image:width\" content=\"960\" \/>\n\t<meta property=\"og:image:height\" content=\"640\" \/>\n\t<meta property=\"og:image:type\" content=\"image\/jpeg\" \/>\n<meta name=\"author\" content=\"Poliana Santos\" \/>\n<meta name=\"twitter:card\" content=\"summary_large_image\" \/>\n<meta name=\"twitter:creator\" content=\"@sunoresearch\" \/>\n<meta name=\"twitter:site\" content=\"@sunoresearch\" \/>\n<meta name=\"twitter:label1\" content=\"Escrito por\" \/>\n\t<meta name=\"twitter:data1\" content=\"Poliana Santos\" \/>\n\t<meta name=\"twitter:label2\" content=\"Est. tempo de leitura\" \/>\n\t<meta name=\"twitter:data2\" content=\"2 minutos\" \/>\n<script type=\"application\/ld+json\" class=\"yoast-schema-graph\">{\"@context\":\"https:\/\/schema.org\",\"@graph\":[{\"@type\":\"NewsArticle\",\"@id\":\"https:\/\/www.suno.com.br\/noticias\/setor-de-servicos-registra-queda-recorde-de-117-em-abril-aponta-ibge\/#article\",\"isPartOf\":{\"@id\":\"https:\/\/www.suno.com.br\/noticias\/setor-de-servicos-registra-queda-recorde-de-117-em-abril-aponta-ibge\/\"},\"author\":{\"name\":\"Poliana Santos\",\"@id\":\"https:\/\/www.suno.com.br\/noticias\/#\/schema\/person\/02ec1f752758247878a2bf4abee1aeda\"},\"headline\":\"Setor de servi\u00e7os registra queda recorde de 11,7% em abril, aponta IBGE\",\"datePublished\":\"2020-06-17T13:11:38+00:00\",\"mainEntityOfPage\":{\"@id\":\"https:\/\/www.suno.com.br\/noticias\/setor-de-servicos-registra-queda-recorde-de-117-em-abril-aponta-ibge\/\"},\"wordCount\":416,\"publisher\":{\"@id\":\"https:\/\/www.suno.com.br\/noticias\/#organization\"},\"image\":{\"@id\":\"https:\/\/www.suno.com.br\/noticias\/setor-de-servicos-registra-queda-recorde-de-117-em-abril-aponta-ibge\/#primaryimage\"},\"thumbnailUrl\":\"https:\/\/files.sunoresearch.com.br\/n\/uploads\/2018\/11\/fff7f5ac-confiaca-dos-servicos-jpg.webp\",\"keywords\":[\"IBGE\",\"setor de servi\u00e7os\"],\"articleSection\":[\"Economia\"],\"inLanguage\":\"pt-BR\"},{\"@type\":\"WebPage\",\"@id\":\"https:\/\/www.suno.com.br\/noticias\/setor-de-servicos-registra-queda-recorde-de-117-em-abril-aponta-ibge\/\",\"url\":\"https:\/\/www.suno.com.br\/noticias\/setor-de-servicos-registra-queda-recorde-de-117-em-abril-aponta-ibge\/\",\"name\":\"Setor de servi\u00e7os registra queda recorde de 11,7% em abril\",\"isPartOf\":{\"@id\":\"https:\/\/www.suno.com.br\/noticias\/#website\"},\"primaryImageOfPage\":{\"@id\":\"https:\/\/www.suno.com.br\/noticias\/setor-de-servicos-registra-queda-recorde-de-117-em-abril-aponta-ibge\/#primaryimage\"},\"image\":{\"@id\":\"https:\/\/www.suno.com.br\/noticias\/setor-de-servicos-registra-queda-recorde-de-117-em-abril-aponta-ibge\/#primaryimage\"},\"thumbnailUrl\":\"https:\/\/files.sunoresearch.com.br\/n\/uploads\/2018\/11\/fff7f5ac-confiaca-dos-servicos-jpg.webp\",\"datePublished\":\"2020-06-17T13:11:38+00:00\",\"description\":\"O volume de servi\u00e7os registrou queda de 11,7% em abril, ante mar\u00e7o, na s\u00e9rie com ajuste sazonal. Para saber mais clique aqui e confira\",\"breadcrumb\":{\"@id\":\"https:\/\/www.suno.com.br\/noticias\/setor-de-servicos-registra-queda-recorde-de-117-em-abril-aponta-ibge\/#breadcrumb\"},\"inLanguage\":\"pt-BR\",\"potentialAction\":[{\"@type\":\"ReadAction\",\"target\":[\"https:\/\/www.suno.com.br\/noticias\/setor-de-servicos-registra-queda-recorde-de-117-em-abril-aponta-ibge\/\"]}]},{\"@type\":\"ImageObject\",\"inLanguage\":\"pt-BR\",\"@id\":\"https:\/\/www.suno.com.br\/noticias\/setor-de-servicos-registra-queda-recorde-de-117-em-abril-aponta-ibge\/#primaryimage\",\"url\":\"https:\/\/files.sunoresearch.com.br\/n\/uploads\/2018\/11\/fff7f5ac-confiaca-dos-servicos-jpg.webp\",\"contentUrl\":\"https:\/\/files.sunoresearch.com.br\/n\/uploads\/2018\/11\/fff7f5ac-confiaca-dos-servicos-jpg.webp\",\"width\":960,\"height\":640,\"caption\":\"servi\u00e7os\"},{\"@type\":\"BreadcrumbList\",\"@id\":\"https:\/\/www.suno.com.br\/noticias\/setor-de-servicos-registra-queda-recorde-de-117-em-abril-aponta-ibge\/#breadcrumb\",\"itemListElement\":[{\"@type\":\"ListItem\",\"position\":1,\"name\":\"Not\u00edcias\",\"item\":\"https:\/\/www.suno.com.br\/noticias\/\"},{\"@type\":\"ListItem\",\"position\":2,\"name\":\"Economia\",\"item\":\"https:\/\/www.suno.com.br\/noticias\/economia\/\"},{\"@type\":\"ListItem\",\"position\":3,\"name\":\"Setor de servi\u00e7os registra queda recorde de 11,7% em abril, aponta IBGE\"}]},{\"@type\":\"WebSite\",\"@id\":\"https:\/\/www.suno.com.br\/noticias\/#website\",\"url\":\"https:\/\/www.suno.com.br\/noticias\/\",\"name\":\"Suno Not\u00edcias\",\"description\":\"Seu portal de informa\u00e7\u00e3o sobre o mundo dos investimentos\",\"publisher\":{\"@id\":\"https:\/\/www.suno.com.br\/noticias\/#organization\"},\"potentialAction\":[{\"@type\":\"SearchAction\",\"target\":{\"@type\":\"EntryPoint\",\"urlTemplate\":\"https:\/\/www.suno.com.br\/noticias\/?s={search_term_string}\"},\"query-input\":{\"@type\":\"PropertyValueSpecification\",\"valueRequired\":true,\"valueName\":\"search_term_string\"}}],\"inLanguage\":\"pt-BR\"},{\"@type\":\"Organization\",\"@id\":\"https:\/\/www.suno.com.br\/noticias\/#organization\",\"name\":\"Suno Not\u00edcias\",\"url\":\"https:\/\/www.suno.com.br\/noticias\/\",\"logo\":{\"@type\":\"ImageObject\",\"inLanguage\":\"pt-BR\",\"@id\":\"https:\/\/www.suno.com.br\/noticias\/#\/schema\/logo\/image\/\",\"url\":\"https:\/\/files.sunoresearch.com.br\/n\/uploads\/2021\/09\/suno-logo.png\",\"contentUrl\":\"https:\/\/files.sunoresearch.com.br\/n\/uploads\/2021\/09\/suno-logo.png\",\"width\":180,\"height\":180,\"caption\":\"Suno Not\u00edcias\"},\"image\":{\"@id\":\"https:\/\/www.suno.com.br\/noticias\/#\/schema\/logo\/image\/\"},\"sameAs\":[\"https:\/\/facebook.com\/sunoresearch\",\"https:\/\/x.com\/sunoresearch\",\"https:\/\/www.instagram.com\/suno\",\"https:\/\/www.linkedin.com\/company\/suno-research\/\",\"https:\/\/www.youtube.com\/c\/sunoresearch\"]},{\"@type\":\"Person\",\"@id\":\"https:\/\/www.suno.com.br\/noticias\/#\/schema\/person\/02ec1f752758247878a2bf4abee1aeda\",\"name\":\"Poliana Santos\",\"image\":{\"@type\":\"ImageObject\",\"inLanguage\":\"pt-BR\",\"@id\":\"https:\/\/www.suno.com.br\/noticias\/#\/schema\/person\/image\/\",\"url\":\"https:\/\/secure.gravatar.com\/avatar\/0645bd32f23d87b2130f2b2dff1d3f8d?s=96&r=g\",\"contentUrl\":\"https:\/\/secure.gravatar.com\/avatar\/0645bd32f23d87b2130f2b2dff1d3f8d?s=96&r=g\",\"caption\":\"Poliana Santos\"},\"description\":\"Rep\u00f3rter no Suno Not\u00edcias, com cobertura em mercado financeiro, economia, finan\u00e7as pessoais, renda fixa e varejo. Jornalista formada pela Faculdade C\u00e1sper L\u00edbero e possui passagem na R\u00e1dio Gazeta AM com a produ\u00e7\u00e3o de conte\u00fado sobre economia, pol\u00edtica, sa\u00fade, moda e m\u00fasica. Possui certificado de conclus\u00e3o do curso de An\u00e1lise de Balan\u00e7os pela Funda\u00e7\u00e3o Bradesco, Agenda Brasil pela FAAP, Educa\u00e7\u00e3o Pol\u00edtica por Alexandre Garcia e do Tesouro Direto e Mercado de A\u00e7\u00f5es pela B3.\",\"url\":\"https:\/\/www.suno.com.br\/noticias\/author\/poliana-santos\/\"}]}<\/script>\n<!-- \/ Yoast SEO plugin. -->","yoast_head_json":{"title":"Setor de servi\u00e7os registra queda recorde de 11,7% em abril","description":"O volume de servi\u00e7os registrou queda de 11,7% em abril, ante mar\u00e7o, na s\u00e9rie com ajuste sazonal. Para saber mais clique aqui e confira","robots":{"index":"index","follow":"follow","max-snippet":"max-snippet:-1","max-image-preview":"max-image-preview:large","max-video-preview":"max-video-preview:-1"},"canonical":"https:\/\/www.suno.com.br\/noticias\/setor-de-servicos-registra-queda-recorde-de-117-em-abril-aponta-ibge\/","og_locale":"pt_BR","og_type":"article","og_title":"Setor de servi\u00e7os registra queda recorde de 11,7% em abril","og_description":"O volume de servi\u00e7os registrou queda de 11,7% em abril, ante mar\u00e7o, na s\u00e9rie com ajuste sazonal. Para saber mais clique aqui e confira","og_url":"https:\/\/www.suno.com.br\/noticias\/setor-de-servicos-registra-queda-recorde-de-117-em-abril-aponta-ibge\/","og_site_name":"Suno Not\u00edcias","article_publisher":"https:\/\/facebook.com\/sunoresearch","og_image":[{"width":960,"height":640,"url":"https:\/\/files.sunoresearch.com.br\/n\/uploads\/2018\/11\/fff7f5ac-confiaca-dos-servicos.jpg","type":"image\/jpeg"}],"author":"Poliana Santos","twitter_card":"summary_large_image","twitter_creator":"@sunoresearch","twitter_site":"@sunoresearch","twitter_misc":{"Escrito por":"Poliana Santos","Est. tempo de leitura":"2 minutos"},"schema":{"@context":"https:\/\/schema.org","@graph":[{"@type":"NewsArticle","@id":"https:\/\/www.suno.com.br\/noticias\/setor-de-servicos-registra-queda-recorde-de-117-em-abril-aponta-ibge\/#article","isPartOf":{"@id":"https:\/\/www.suno.com.br\/noticias\/setor-de-servicos-registra-queda-recorde-de-117-em-abril-aponta-ibge\/"},"author":{"name":"Poliana Santos","@id":"https:\/\/www.suno.com.br\/noticias\/#\/schema\/person\/02ec1f752758247878a2bf4abee1aeda"},"headline":"Setor de servi\u00e7os registra queda recorde de 11,7% em abril, aponta IBGE","datePublished":"2020-06-17T13:11:38+00:00","mainEntityOfPage":{"@id":"https:\/\/www.suno.com.br\/noticias\/setor-de-servicos-registra-queda-recorde-de-117-em-abril-aponta-ibge\/"},"wordCount":416,"publisher":{"@id":"https:\/\/www.suno.com.br\/noticias\/#organization"},"image":{"@id":"https:\/\/www.suno.com.br\/noticias\/setor-de-servicos-registra-queda-recorde-de-117-em-abril-aponta-ibge\/#primaryimage"},"thumbnailUrl":"https:\/\/files.sunoresearch.com.br\/n\/uploads\/2018\/11\/fff7f5ac-confiaca-dos-servicos-jpg.webp","keywords":["IBGE","setor de servi\u00e7os"],"articleSection":["Economia"],"inLanguage":"pt-BR"},{"@type":"WebPage","@id":"https:\/\/www.suno.com.br\/noticias\/setor-de-servicos-registra-queda-recorde-de-117-em-abril-aponta-ibge\/","url":"https:\/\/www.suno.com.br\/noticias\/setor-de-servicos-registra-queda-recorde-de-117-em-abril-aponta-ibge\/","name":"Setor de servi\u00e7os registra queda recorde de 11,7% em abril","isPartOf":{"@id":"https:\/\/www.suno.com.br\/noticias\/#website"},"primaryImageOfPage":{"@id":"https:\/\/www.suno.com.br\/noticias\/setor-de-servicos-registra-queda-recorde-de-117-em-abril-aponta-ibge\/#primaryimage"},"image":{"@id":"https:\/\/www.suno.com.br\/noticias\/setor-de-servicos-registra-queda-recorde-de-117-em-abril-aponta-ibge\/#primaryimage"},"thumbnailUrl":"https:\/\/files.sunoresearch.com.br\/n\/uploads\/2018\/11\/fff7f5ac-confiaca-dos-servicos-jpg.webp","datePublished":"2020-06-17T13:11:38+00:00","description":"O volume de servi\u00e7os registrou queda de 11,7% em abril, ante mar\u00e7o, na s\u00e9rie com ajuste sazonal. Para saber mais clique aqui e confira","breadcrumb":{"@id":"https:\/\/www.suno.com.br\/noticias\/setor-de-servicos-registra-queda-recorde-de-117-em-abril-aponta-ibge\/#breadcrumb"},"inLanguage":"pt-BR","potentialAction":[{"@type":"ReadAction","target":["https:\/\/www.suno.com.br\/noticias\/setor-de-servicos-registra-queda-recorde-de-117-em-abril-aponta-ibge\/"]}]},{"@type":"ImageObject","inLanguage":"pt-BR","@id":"https:\/\/www.suno.com.br\/noticias\/setor-de-servicos-registra-queda-recorde-de-117-em-abril-aponta-ibge\/#primaryimage","url":"https:\/\/files.sunoresearch.com.br\/n\/uploads\/2018\/11\/fff7f5ac-confiaca-dos-servicos-jpg.webp","contentUrl":"https:\/\/files.sunoresearch.com.br\/n\/uploads\/2018\/11\/fff7f5ac-confiaca-dos-servicos-jpg.webp","width":960,"height":640,"caption":"servi\u00e7os"},{"@type":"BreadcrumbList","@id":"https:\/\/www.suno.com.br\/noticias\/setor-de-servicos-registra-queda-recorde-de-117-em-abril-aponta-ibge\/#breadcrumb","itemListElement":[{"@type":"ListItem","position":1,"name":"Not\u00edcias","item":"https:\/\/www.suno.com.br\/noticias\/"},{"@type":"ListItem","position":2,"name":"Economia","item":"https:\/\/www.suno.com.br\/noticias\/economia\/"},{"@type":"ListItem","position":3,"name":"Setor de servi\u00e7os registra queda recorde de 11,7% em abril, aponta IBGE"}]},{"@type":"WebSite","@id":"https:\/\/www.suno.com.br\/noticias\/#website","url":"https:\/\/www.suno.com.br\/noticias\/","name":"Suno Not\u00edcias","description":"Seu portal de informa\u00e7\u00e3o sobre o mundo dos investimentos","publisher":{"@id":"https:\/\/www.suno.com.br\/noticias\/#organization"},"potentialAction":[{"@type":"SearchAction","target":{"@type":"EntryPoint","urlTemplate":"https:\/\/www.suno.com.br\/noticias\/?s={search_term_string}"},"query-input":{"@type":"PropertyValueSpecification","valueRequired":true,"valueName":"search_term_string"}}],"inLanguage":"pt-BR"},{"@type":"Organization","@id":"https:\/\/www.suno.com.br\/noticias\/#organization","name":"Suno Not\u00edcias","url":"https:\/\/www.suno.com.br\/noticias\/","logo":{"@type":"ImageObject","inLanguage":"pt-BR","@id":"https:\/\/www.suno.com.br\/noticias\/#\/schema\/logo\/image\/","url":"https:\/\/files.sunoresearch.com.br\/n\/uploads\/2021\/09\/suno-logo.png","contentUrl":"https:\/\/files.sunoresearch.com.br\/n\/uploads\/2021\/09\/suno-logo.png","width":180,"height":180,"caption":"Suno Not\u00edcias"},"image":{"@id":"https:\/\/www.suno.com.br\/noticias\/#\/schema\/logo\/image\/"},"sameAs":["https:\/\/facebook.com\/sunoresearch","https:\/\/x.com\/sunoresearch","https:\/\/www.instagram.com\/suno","https:\/\/www.linkedin.com\/company\/suno-research\/","https:\/\/www.youtube.com\/c\/sunoresearch"]},{"@type":"Person","@id":"https:\/\/www.suno.com.br\/noticias\/#\/schema\/person\/02ec1f752758247878a2bf4abee1aeda","name":"Poliana Santos","image":{"@type":"ImageObject","inLanguage":"pt-BR","@id":"https:\/\/www.suno.com.br\/noticias\/#\/schema\/person\/image\/","url":"https:\/\/secure.gravatar.com\/avatar\/0645bd32f23d87b2130f2b2dff1d3f8d?s=96&r=g","contentUrl":"https:\/\/secure.gravatar.com\/avatar\/0645bd32f23d87b2130f2b2dff1d3f8d?s=96&r=g","caption":"Poliana Santos"},"description":"Rep\u00f3rter no Suno Not\u00edcias, com cobertura em mercado financeiro, economia, finan\u00e7as pessoais, renda fixa e varejo. Jornalista formada pela Faculdade C\u00e1sper L\u00edbero e possui passagem na R\u00e1dio Gazeta AM com a produ\u00e7\u00e3o de conte\u00fado sobre economia, pol\u00edtica, sa\u00fade, moda e m\u00fasica. Possui certificado de conclus\u00e3o do curso de An\u00e1lise de Balan\u00e7os pela Funda\u00e7\u00e3o Bradesco, Agenda Brasil pela FAAP, Educa\u00e7\u00e3o Pol\u00edtica por Alexandre Garcia e do Tesouro Direto e Mercado de A\u00e7\u00f5es pela B3.","url":"https:\/\/www.suno.com.br\/noticias\/author\/poliana-santos\/"}]}},"default_loop_html":"<div class=\"cardsPage__listCard__boxs\"><div class=\"cardsPage__listCard__boxs__img\"><a href=\"https:\/\/www.suno.com.br\/noticias\/setor-de-servicos-registra-queda-recorde-de-117-em-abril-aponta-ibge\/\"><img class=\"mask\" src=\"https:\/\/www.suno.com.br\/noticias\/wp-content\/themes\/suno\/resources\/images\/spotlight\/spotlight1img\/bg-mask.png\" alt=\"Image Mask\"\/><img src=\"https:\/\/files.sunoresearch.com.br\/n\/uploads\/2018\/11\/fff7f5ac-confiaca-dos-servicos-400x200.webp\" alt=\"Setor de servi\u00e7os registra queda recorde de 11,7% em abril, aponta IBGE\"\/><\/a><span class=\"spotlightCategory\"><a href=\"https:\/\/www.suno.com.br\/noticias\/economia\/\">Economia<\/a><\/span><\/div><div class=\"cardsPage__listCard__boxs__content\"><a href=\"https:\/\/www.suno.com.br\/noticias\/setor-de-servicos-registra-queda-recorde-de-117-em-abril-aponta-ibge\/\"><h2 class=\"content__title\">Setor de servi\u00e7os registra queda recorde de 11,7% em abril, aponta IBGE<\/h2><\/a><div class=\"newsContent__article__meta\"><div class=\"newsContent__article__meta__authorBox\"><a href=\"https:\/\/www.suno.com.br\/noticias\/author\/poliana-santos\/\" class=\"authorBox__avatar noMobi\"><img src=\"https:\/\/files.sunoresearch.com.br\/n\/uploads\/2020\/08\/7ef34026-whatsapp-image-2020-08-03-at-12.37.57-150x150.webp\" alt=\"Poliana Santos\"><\/a><div class=\"authorBox__name\"><span>por\n\t\t\t<a href=\"https:\/\/www.suno.com.br\/noticias\/author\/poliana-santos\/\"><span itemprop=\"author\">Poliana Santos<\/span><\/a><\/span><time datetime=\"2020-06-17T10:11:38-03:00\" itemprop=\"datePublished\">17\/06\/2020 10:11<\/time><\/div><\/div><\/div><\/div><\/div>","single_layout":"posts","amp_enabled":true,"_links":{"self":[{"href":"https:\/\/www.suno.com.br\/noticias\/wp-json\/wp\/v2\/posts\/69227"}],"collection":[{"href":"https:\/\/www.suno.com.br\/noticias\/wp-json\/wp\/v2\/posts"}],"about":[{"href":"https:\/\/www.suno.com.br\/noticias\/wp-json\/wp\/v2\/types\/post"}],"author":[{"embeddable":true,"href":"https:\/\/www.suno.com.br\/noticias\/wp-json\/wp\/v2\/users\/15"}],"replies":[{"embeddable":true,"href":"https:\/\/www.suno.com.br\/noticias\/wp-json\/wp\/v2\/comments?post=69227"}],"version-history":[{"count":0,"href":"https:\/\/www.suno.com.br\/noticias\/wp-json\/wp\/v2\/posts\/69227\/revisions"}],"wp:featuredmedia":[{"embeddable":true,"href":"https:\/\/www.suno.com.br\/noticias\/wp-json\/wp\/v2\/media\/7437"}],"wp:attachment":[{"href":"https:\/\/www.suno.com.br\/noticias\/wp-json\/wp\/v2\/media?parent=69227"}],"wp:term":[{"taxonomy":"category","embeddable":true,"href":"https:\/\/www.suno.com.br\/noticias\/wp-json\/wp\/v2\/categories?post=69227"},{"taxonomy":"post_tag","embeddable":true,"href":"https:\/\/www.suno.com.br\/noticias\/wp-json\/wp\/v2\/tags?post=69227"},{"taxonomy":"suno_strategy","embeddable":true,"href":"https:\/\/www.suno.com.br\/noticias\/wp-json\/wp\/v2\/suno_strategy?post=69227"}],"curies":[{"name":"wp","href":"https:\/\/api.w.org\/{rel}","templated":true}]}}