{"id":69182,"date":"2020-06-16T21:22:59","date_gmt":"2020-06-17T00:22:59","guid":{"rendered":"https:\/\/www.suno.com.br\/noticias\/?p=69182"},"modified":"2020-06-16T21:22:59","modified_gmt":"2020-06-17T00:22:59","slug":"sao-jose-compra-fabrica-ford-sao-bernardo","status":"publish","type":"post","link":"https:\/\/www.suno.com.br\/noticias\/sao-jose-compra-fabrica-ford-sao-bernardo\/","title":{"rendered":"S\u00e3o Jos\u00e9 compra f\u00e1brica da Ford em S\u00e3o Bernardo do Campo"},"content":{"rendered":"<p>A prefeitura de S\u00e3o Bernardo do Campo informou nessa ter\u00e7a-feira (16) que o im\u00f3vel no bairro Tabo\u00e3o, que antes acomodava a planta industrial da <strong>Ford<\/strong>,\u00a0foi vendido para a Construtora S\u00e3o Jos\u00e9 pelo valor de R$ 550 milh\u00f5es.<\/p>\t<div class=\"wrapper-featured-image\">\n\t\t<figure class=\"spotlightImg\">\n\n\t\t\t<picture>\n\t\t\t\t<source media=\"(max-width: 768px)\" srcset=\"https:\/\/files.sunoresearch.com.br\/n\/uploads\/2020\/01\/d1f3d9ba-ford-400x200.webp\">\n\t\t\t\t<img loading=\"lazy\" decoding=\"async\" class=\"newsContent__article__imgCapa lazyloadDisabled newsContent__article__imgCapa--noCaption\" src=\"https:\/\/files.sunoresearch.com.br\/n\/uploads\/2020\/01\/d1f3d9ba-ford-800x450.webp\" width=\"800\" height=\"450\" alt=\"S\u00e3o Jos\u00e9 compra f\u00e1brica da Ford em S\u00e3o Bernardo do Campo\" fetchpriority=high \/>\n\t\t\t<\/picture>\n\n\t\t\t<figcaption class=\"wp-caption-text wp-caption-text--hide\">Ford: hist\u00f3ria da montadora tem Fordl\u00e2ndia e sa\u00edda do Brasil<\/figcaption>\n\t\t<\/figure>\n\t<\/div>\n\n\n\n<p>O prefeito de S\u00e3o Bernardo do Campo, Orlando Morando (PSDB), destacou que &#8220;desde o an\u00fancio da sa\u00edda Ford, que foi de maneira repentina, n\u00f3s, da Prefeitura, buscamos por diversos mecanismos a preserva\u00e7\u00e3o dos postos de trabalho. E, agora, com este neg\u00f3cio, ascende uma esperan\u00e7a para a gera\u00e7\u00e3o de empregos, que ter\u00e3o o impacto muito positivo em toda a cidade e Estado&#8221;.<\/p>\n<p>Segundo Morando, a <strong>S\u00e3o Jos\u00e9<\/strong> tem a inten\u00e7\u00e3o de instalar uma montadora no local &#8220;e abrir uma nova cadeia de empregos no munic\u00edpio&#8221;.<\/p>\n<p><a href=\"https:\/\/lp.suno.com.br\/suno-one\/\">Suno One: acesse gratuitamente eBooks, Minicursos, Artigos e Video Aulas sobre investimentos com um \u00fanico cadastro. Clique para saber mais!<\/a><\/p>\n<p>A planta est\u00e1 fechada desde outubro de 2019, ap\u00f3s funcionar durante 52 anos como f\u00e1brica de autom\u00f3veis da Ford. Quando anunciou que encerraria as atividades, em fevereiro do mesmo ano, empregava cerca de 2,7 mil funcion\u00e1rios.<\/p>\n<p>Vale destacar que, embora as negocia\u00e7\u00f5es do pr\u00e9dio tenham iniciado em fevereiro do ano passado, ao mesmo tempo em que anunciaram o fechamento, nenhuma empresa havia conclu\u00eddo neg\u00f3cio at\u00e9 ent\u00e3o.<\/p>\n<h2>Outras negocia\u00e7\u00f5es sobre a F\u00e1brica da Ford<\/h2>\n<p>Entretanto, a <strong>Caoa<\/strong> havia indicado que compraria a f\u00e1brica, mas o governador de S\u00e3o Paulo, <a href=\"https:\/\/www.suno.com.br\/tudo-sobre\/joao-doria\/\">Jo\u00e3o Doria<\/a> (PSDB), afirmou em janeiro, a desist\u00eancia por parte da distribuidora da Hyundai, pois essa decidiu investir na implementa\u00e7\u00e3o de uma nova f\u00e1brica do setor.<\/p>\n<p>Segundo o governador &#8220;Caoa acabou n\u00e3o consolidando a compra da f\u00e1brica da Ford exatamente porque o grande investidor chin\u00eas queria um espa\u00e7o maior para produ\u00e7\u00e3o automobil\u00edstica&#8221;.<\/p>\n<p><a class=\"LinkSuggestion__Link-sc-1mdih4x-2 jZPuuT\" href=\"https:\/\/www.suno.com.br\/noticias\/ford-suspende-producao-europa\/\" target=\"_blank\" rel=\"noopener noreferrer\">Veja tamb\u00e9m: Ford paralisa produ\u00e7\u00e3o na Europa em raz\u00e3o da pandemia de coronav\u00edrus<\/a><\/p>\n<p>Al\u00e9m disso, Doria havia destacado, na \u00e9poca, que outros dois fabricantes chineses estavam de olho na planta <strong>Ford<\/strong>, mas n\u00e3o indicou quais eram.<\/p>\n\n","protected":false},"excerpt":{"rendered":"<p>A prefeitura de S\u00e3o Bernardo do Campo informou nessa ter\u00e7a-feira (16) que o im\u00f3vel no bairro Tabo\u00e3o, que antes acomodava a planta industrial da Ford,\u00a0foi vendido para a Construtora S\u00e3o Jos\u00e9 pelo valor de R$ 550 milh\u00f5es. Ford: hist\u00f3ria da montadora tem Fordl\u00e2ndia e sa\u00edda do Brasil O prefeito de S\u00e3o Bernardo do Campo, Orlando [&hellip;]<\/p>\n","protected":false},"author":39,"featured_media":49477,"comment_status":"closed","ping_status":"closed","sticky":false,"template":"","format":"standard","meta":[],"categories":[64],"tags":[870],"suno_strategy":[],"class_list":["post-69182","post","type-post","status-publish","format-standard","has-post-thumbnail","hentry","category-negocios","tag-ford-fdmo34"],"yoast_head":"<!-- This site is optimized with the Yoast SEO plugin v24.4 - https:\/\/yoast.com\/wordpress\/plugins\/seo\/ -->\n<title>S\u00e3o Jos\u00e9 compra f\u00e1brica da Ford em S\u00e3o Bernardo do Campo<\/title>\n<meta name=\"description\" content=\"A prefeitura de S\u00e3o Bernardo informou a planta industrial da Ford foi vendida para a Construtora S\u00e3o Jos\u00e9. Clique aqui para saber mais.\" \/>\n<meta name=\"robots\" content=\"index, follow, max-snippet:-1, max-image-preview:large, max-video-preview:-1\" \/>\n<link rel=\"canonical\" href=\"https:\/\/www.suno.com.br\/noticias\/sao-jose-compra-fabrica-ford-sao-bernardo\/\" \/>\n<meta property=\"og:locale\" content=\"pt_BR\" \/>\n<meta property=\"og:type\" content=\"article\" \/>\n<meta property=\"og:title\" content=\"S\u00e3o Jos\u00e9 compra f\u00e1brica da Ford em S\u00e3o Bernardo do Campo\" \/>\n<meta property=\"og:description\" content=\"A prefeitura de S\u00e3o Bernardo informou a planta industrial da Ford foi vendida para a Construtora S\u00e3o Jos\u00e9. Clique aqui para saber mais.\" \/>\n<meta property=\"og:url\" content=\"https:\/\/www.suno.com.br\/noticias\/sao-jose-compra-fabrica-ford-sao-bernardo\/\" \/>\n<meta property=\"og:site_name\" content=\"Suno Not\u00edcias\" \/>\n<meta property=\"article:publisher\" content=\"https:\/\/facebook.com\/sunoresearch\" \/>\n<meta property=\"og:image\" content=\"https:\/\/files.sunoresearch.com.br\/n\/uploads\/2020\/01\/d1f3d9ba-ford.jpg\" \/>\n\t<meta property=\"og:image:width\" content=\"1943\" \/>\n\t<meta property=\"og:image:height\" content=\"1357\" \/>\n\t<meta property=\"og:image:type\" content=\"image\/jpeg\" \/>\n<meta name=\"author\" content=\"Laura Moutinho\" \/>\n<meta name=\"twitter:card\" content=\"summary_large_image\" \/>\n<meta name=\"twitter:creator\" content=\"@sunoresearch\" \/>\n<meta name=\"twitter:site\" content=\"@sunoresearch\" \/>\n<meta name=\"twitter:label1\" content=\"Escrito por\" \/>\n\t<meta name=\"twitter:data1\" content=\"Laura Moutinho\" \/>\n\t<meta name=\"twitter:label2\" content=\"Est. tempo de leitura\" \/>\n\t<meta name=\"twitter:data2\" content=\"2 minutos\" \/>\n<script type=\"application\/ld+json\" class=\"yoast-schema-graph\">{\"@context\":\"https:\/\/schema.org\",\"@graph\":[{\"@type\":\"NewsArticle\",\"@id\":\"https:\/\/www.suno.com.br\/noticias\/sao-jose-compra-fabrica-ford-sao-bernardo\/#article\",\"isPartOf\":{\"@id\":\"https:\/\/www.suno.com.br\/noticias\/sao-jose-compra-fabrica-ford-sao-bernardo\/\"},\"author\":{\"name\":\"Laura Moutinho\",\"@id\":\"https:\/\/www.suno.com.br\/noticias\/#\/schema\/person\/3df0d2808748b74496efe5dbeaef2c72\"},\"headline\":\"S\u00e3o Jos\u00e9 compra f\u00e1brica da Ford em S\u00e3o Bernardo do Campo\",\"datePublished\":\"2020-06-17T00:22:59+00:00\",\"mainEntityOfPage\":{\"@id\":\"https:\/\/www.suno.com.br\/noticias\/sao-jose-compra-fabrica-ford-sao-bernardo\/\"},\"wordCount\":382,\"publisher\":{\"@id\":\"https:\/\/www.suno.com.br\/noticias\/#organization\"},\"image\":{\"@id\":\"https:\/\/www.suno.com.br\/noticias\/sao-jose-compra-fabrica-ford-sao-bernardo\/#primaryimage\"},\"thumbnailUrl\":\"https:\/\/files.sunoresearch.com.br\/n\/uploads\/2020\/01\/d1f3d9ba-ford-jpg.webp\",\"keywords\":[\"Ford (FDMO34)\"],\"articleSection\":[\"Neg\u00f3cios\"],\"inLanguage\":\"pt-BR\"},{\"@type\":\"WebPage\",\"@id\":\"https:\/\/www.suno.com.br\/noticias\/sao-jose-compra-fabrica-ford-sao-bernardo\/\",\"url\":\"https:\/\/www.suno.com.br\/noticias\/sao-jose-compra-fabrica-ford-sao-bernardo\/\",\"name\":\"S\u00e3o Jos\u00e9 compra f\u00e1brica da Ford em S\u00e3o Bernardo do Campo\",\"isPartOf\":{\"@id\":\"https:\/\/www.suno.com.br\/noticias\/#website\"},\"primaryImageOfPage\":{\"@id\":\"https:\/\/www.suno.com.br\/noticias\/sao-jose-compra-fabrica-ford-sao-bernardo\/#primaryimage\"},\"image\":{\"@id\":\"https:\/\/www.suno.com.br\/noticias\/sao-jose-compra-fabrica-ford-sao-bernardo\/#primaryimage\"},\"thumbnailUrl\":\"https:\/\/files.sunoresearch.com.br\/n\/uploads\/2020\/01\/d1f3d9ba-ford-jpg.webp\",\"datePublished\":\"2020-06-17T00:22:59+00:00\",\"description\":\"A prefeitura de S\u00e3o Bernardo informou a planta industrial da Ford foi vendida para a Construtora S\u00e3o Jos\u00e9. Clique aqui para saber mais.\",\"breadcrumb\":{\"@id\":\"https:\/\/www.suno.com.br\/noticias\/sao-jose-compra-fabrica-ford-sao-bernardo\/#breadcrumb\"},\"inLanguage\":\"pt-BR\",\"potentialAction\":[{\"@type\":\"ReadAction\",\"target\":[\"https:\/\/www.suno.com.br\/noticias\/sao-jose-compra-fabrica-ford-sao-bernardo\/\"]}]},{\"@type\":\"ImageObject\",\"inLanguage\":\"pt-BR\",\"@id\":\"https:\/\/www.suno.com.br\/noticias\/sao-jose-compra-fabrica-ford-sao-bernardo\/#primaryimage\",\"url\":\"https:\/\/files.sunoresearch.com.br\/n\/uploads\/2020\/01\/d1f3d9ba-ford-jpg.webp\",\"contentUrl\":\"https:\/\/files.sunoresearch.com.br\/n\/uploads\/2020\/01\/d1f3d9ba-ford-jpg.webp\",\"width\":1943,\"height\":1357,\"caption\":\"Ford: hist\u00f3ria da montadora tem Fordl\u00e2ndia e sa\u00edda do Brasil\"},{\"@type\":\"BreadcrumbList\",\"@id\":\"https:\/\/www.suno.com.br\/noticias\/sao-jose-compra-fabrica-ford-sao-bernardo\/#breadcrumb\",\"itemListElement\":[{\"@type\":\"ListItem\",\"position\":1,\"name\":\"Not\u00edcias\",\"item\":\"https:\/\/www.suno.com.br\/noticias\/\"},{\"@type\":\"ListItem\",\"position\":2,\"name\":\"Neg\u00f3cios\",\"item\":\"https:\/\/www.suno.com.br\/noticias\/negocios\/\"},{\"@type\":\"ListItem\",\"position\":3,\"name\":\"S\u00e3o Jos\u00e9 compra f\u00e1brica da Ford em S\u00e3o Bernardo do Campo\"}]},{\"@type\":\"WebSite\",\"@id\":\"https:\/\/www.suno.com.br\/noticias\/#website\",\"url\":\"https:\/\/www.suno.com.br\/noticias\/\",\"name\":\"Suno Not\u00edcias\",\"description\":\"Seu portal de informa\u00e7\u00e3o sobre o mundo dos investimentos\",\"publisher\":{\"@id\":\"https:\/\/www.suno.com.br\/noticias\/#organization\"},\"potentialAction\":[{\"@type\":\"SearchAction\",\"target\":{\"@type\":\"EntryPoint\",\"urlTemplate\":\"https:\/\/www.suno.com.br\/noticias\/?s={search_term_string}\"},\"query-input\":{\"@type\":\"PropertyValueSpecification\",\"valueRequired\":true,\"valueName\":\"search_term_string\"}}],\"inLanguage\":\"pt-BR\"},{\"@type\":\"Organization\",\"@id\":\"https:\/\/www.suno.com.br\/noticias\/#organization\",\"name\":\"Suno Not\u00edcias\",\"url\":\"https:\/\/www.suno.com.br\/noticias\/\",\"logo\":{\"@type\":\"ImageObject\",\"inLanguage\":\"pt-BR\",\"@id\":\"https:\/\/www.suno.com.br\/noticias\/#\/schema\/logo\/image\/\",\"url\":\"https:\/\/files.sunoresearch.com.br\/n\/uploads\/2021\/09\/suno-logo.png\",\"contentUrl\":\"https:\/\/files.sunoresearch.com.br\/n\/uploads\/2021\/09\/suno-logo.png\",\"width\":180,\"height\":180,\"caption\":\"Suno Not\u00edcias\"},\"image\":{\"@id\":\"https:\/\/www.suno.com.br\/noticias\/#\/schema\/logo\/image\/\"},\"sameAs\":[\"https:\/\/facebook.com\/sunoresearch\",\"https:\/\/x.com\/sunoresearch\",\"https:\/\/www.instagram.com\/suno\",\"https:\/\/www.linkedin.com\/company\/suno-research\/\",\"https:\/\/www.youtube.com\/c\/sunoresearch\"]},{\"@type\":\"Person\",\"@id\":\"https:\/\/www.suno.com.br\/noticias\/#\/schema\/person\/3df0d2808748b74496efe5dbeaef2c72\",\"name\":\"Laura Moutinho\",\"image\":{\"@type\":\"ImageObject\",\"inLanguage\":\"pt-BR\",\"@id\":\"https:\/\/www.suno.com.br\/noticias\/#\/schema\/person\/image\/\",\"url\":\"https:\/\/secure.gravatar.com\/avatar\/7571c7c8ca3a6fca5e41384ece5557ff?s=96&r=g\",\"contentUrl\":\"https:\/\/secure.gravatar.com\/avatar\/7571c7c8ca3a6fca5e41384ece5557ff?s=96&r=g\",\"caption\":\"Laura Moutinho\"},\"description\":\"Estagi\u00e1ria na Suno Not\u00edcias, escreve not\u00edcias que afetam o mercado financeiro. Estuda administra\u00e7\u00e3o na Universidade Presbiteriana Mackenzie.\",\"url\":\"https:\/\/www.suno.com.br\/noticias\/author\/laura-moutinho\/\"}]}<\/script>\n<!-- \/ Yoast SEO plugin. -->","yoast_head_json":{"title":"S\u00e3o Jos\u00e9 compra f\u00e1brica da Ford em S\u00e3o Bernardo do Campo","description":"A prefeitura de S\u00e3o Bernardo informou a planta industrial da Ford foi vendida para a Construtora S\u00e3o Jos\u00e9. Clique aqui para saber mais.","robots":{"index":"index","follow":"follow","max-snippet":"max-snippet:-1","max-image-preview":"max-image-preview:large","max-video-preview":"max-video-preview:-1"},"canonical":"https:\/\/www.suno.com.br\/noticias\/sao-jose-compra-fabrica-ford-sao-bernardo\/","og_locale":"pt_BR","og_type":"article","og_title":"S\u00e3o Jos\u00e9 compra f\u00e1brica da Ford em S\u00e3o Bernardo do Campo","og_description":"A prefeitura de S\u00e3o Bernardo informou a planta industrial da Ford foi vendida para a Construtora S\u00e3o Jos\u00e9. Clique aqui para saber mais.","og_url":"https:\/\/www.suno.com.br\/noticias\/sao-jose-compra-fabrica-ford-sao-bernardo\/","og_site_name":"Suno Not\u00edcias","article_publisher":"https:\/\/facebook.com\/sunoresearch","og_image":[{"width":1943,"height":1357,"url":"https:\/\/files.sunoresearch.com.br\/n\/uploads\/2020\/01\/d1f3d9ba-ford.jpg","type":"image\/jpeg"}],"author":"Laura Moutinho","twitter_card":"summary_large_image","twitter_creator":"@sunoresearch","twitter_site":"@sunoresearch","twitter_misc":{"Escrito por":"Laura Moutinho","Est. tempo de leitura":"2 minutos"},"schema":{"@context":"https:\/\/schema.org","@graph":[{"@type":"NewsArticle","@id":"https:\/\/www.suno.com.br\/noticias\/sao-jose-compra-fabrica-ford-sao-bernardo\/#article","isPartOf":{"@id":"https:\/\/www.suno.com.br\/noticias\/sao-jose-compra-fabrica-ford-sao-bernardo\/"},"author":{"name":"Laura Moutinho","@id":"https:\/\/www.suno.com.br\/noticias\/#\/schema\/person\/3df0d2808748b74496efe5dbeaef2c72"},"headline":"S\u00e3o Jos\u00e9 compra f\u00e1brica da Ford em S\u00e3o Bernardo do Campo","datePublished":"2020-06-17T00:22:59+00:00","mainEntityOfPage":{"@id":"https:\/\/www.suno.com.br\/noticias\/sao-jose-compra-fabrica-ford-sao-bernardo\/"},"wordCount":382,"publisher":{"@id":"https:\/\/www.suno.com.br\/noticias\/#organization"},"image":{"@id":"https:\/\/www.suno.com.br\/noticias\/sao-jose-compra-fabrica-ford-sao-bernardo\/#primaryimage"},"thumbnailUrl":"https:\/\/files.sunoresearch.com.br\/n\/uploads\/2020\/01\/d1f3d9ba-ford-jpg.webp","keywords":["Ford (FDMO34)"],"articleSection":["Neg\u00f3cios"],"inLanguage":"pt-BR"},{"@type":"WebPage","@id":"https:\/\/www.suno.com.br\/noticias\/sao-jose-compra-fabrica-ford-sao-bernardo\/","url":"https:\/\/www.suno.com.br\/noticias\/sao-jose-compra-fabrica-ford-sao-bernardo\/","name":"S\u00e3o Jos\u00e9 compra f\u00e1brica da Ford em S\u00e3o Bernardo do Campo","isPartOf":{"@id":"https:\/\/www.suno.com.br\/noticias\/#website"},"primaryImageOfPage":{"@id":"https:\/\/www.suno.com.br\/noticias\/sao-jose-compra-fabrica-ford-sao-bernardo\/#primaryimage"},"image":{"@id":"https:\/\/www.suno.com.br\/noticias\/sao-jose-compra-fabrica-ford-sao-bernardo\/#primaryimage"},"thumbnailUrl":"https:\/\/files.sunoresearch.com.br\/n\/uploads\/2020\/01\/d1f3d9ba-ford-jpg.webp","datePublished":"2020-06-17T00:22:59+00:00","description":"A prefeitura de S\u00e3o Bernardo informou a planta industrial da Ford foi vendida para a Construtora S\u00e3o Jos\u00e9. Clique aqui para saber mais.","breadcrumb":{"@id":"https:\/\/www.suno.com.br\/noticias\/sao-jose-compra-fabrica-ford-sao-bernardo\/#breadcrumb"},"inLanguage":"pt-BR","potentialAction":[{"@type":"ReadAction","target":["https:\/\/www.suno.com.br\/noticias\/sao-jose-compra-fabrica-ford-sao-bernardo\/"]}]},{"@type":"ImageObject","inLanguage":"pt-BR","@id":"https:\/\/www.suno.com.br\/noticias\/sao-jose-compra-fabrica-ford-sao-bernardo\/#primaryimage","url":"https:\/\/files.sunoresearch.com.br\/n\/uploads\/2020\/01\/d1f3d9ba-ford-jpg.webp","contentUrl":"https:\/\/files.sunoresearch.com.br\/n\/uploads\/2020\/01\/d1f3d9ba-ford-jpg.webp","width":1943,"height":1357,"caption":"Ford: hist\u00f3ria da montadora tem Fordl\u00e2ndia e sa\u00edda do Brasil"},{"@type":"BreadcrumbList","@id":"https:\/\/www.suno.com.br\/noticias\/sao-jose-compra-fabrica-ford-sao-bernardo\/#breadcrumb","itemListElement":[{"@type":"ListItem","position":1,"name":"Not\u00edcias","item":"https:\/\/www.suno.com.br\/noticias\/"},{"@type":"ListItem","position":2,"name":"Neg\u00f3cios","item":"https:\/\/www.suno.com.br\/noticias\/negocios\/"},{"@type":"ListItem","position":3,"name":"S\u00e3o Jos\u00e9 compra f\u00e1brica da Ford em S\u00e3o Bernardo do Campo"}]},{"@type":"WebSite","@id":"https:\/\/www.suno.com.br\/noticias\/#website","url":"https:\/\/www.suno.com.br\/noticias\/","name":"Suno Not\u00edcias","description":"Seu portal de informa\u00e7\u00e3o sobre o mundo dos investimentos","publisher":{"@id":"https:\/\/www.suno.com.br\/noticias\/#organization"},"potentialAction":[{"@type":"SearchAction","target":{"@type":"EntryPoint","urlTemplate":"https:\/\/www.suno.com.br\/noticias\/?s={search_term_string}"},"query-input":{"@type":"PropertyValueSpecification","valueRequired":true,"valueName":"search_term_string"}}],"inLanguage":"pt-BR"},{"@type":"Organization","@id":"https:\/\/www.suno.com.br\/noticias\/#organization","name":"Suno Not\u00edcias","url":"https:\/\/www.suno.com.br\/noticias\/","logo":{"@type":"ImageObject","inLanguage":"pt-BR","@id":"https:\/\/www.suno.com.br\/noticias\/#\/schema\/logo\/image\/","url":"https:\/\/files.sunoresearch.com.br\/n\/uploads\/2021\/09\/suno-logo.png","contentUrl":"https:\/\/files.sunoresearch.com.br\/n\/uploads\/2021\/09\/suno-logo.png","width":180,"height":180,"caption":"Suno Not\u00edcias"},"image":{"@id":"https:\/\/www.suno.com.br\/noticias\/#\/schema\/logo\/image\/"},"sameAs":["https:\/\/facebook.com\/sunoresearch","https:\/\/x.com\/sunoresearch","https:\/\/www.instagram.com\/suno","https:\/\/www.linkedin.com\/company\/suno-research\/","https:\/\/www.youtube.com\/c\/sunoresearch"]},{"@type":"Person","@id":"https:\/\/www.suno.com.br\/noticias\/#\/schema\/person\/3df0d2808748b74496efe5dbeaef2c72","name":"Laura Moutinho","image":{"@type":"ImageObject","inLanguage":"pt-BR","@id":"https:\/\/www.suno.com.br\/noticias\/#\/schema\/person\/image\/","url":"https:\/\/secure.gravatar.com\/avatar\/7571c7c8ca3a6fca5e41384ece5557ff?s=96&r=g","contentUrl":"https:\/\/secure.gravatar.com\/avatar\/7571c7c8ca3a6fca5e41384ece5557ff?s=96&r=g","caption":"Laura Moutinho"},"description":"Estagi\u00e1ria na Suno Not\u00edcias, escreve not\u00edcias que afetam o mercado financeiro. Estuda administra\u00e7\u00e3o na Universidade Presbiteriana Mackenzie.","url":"https:\/\/www.suno.com.br\/noticias\/author\/laura-moutinho\/"}]}},"default_loop_html":"<div class=\"cardsPage__listCard__boxs\"><div class=\"cardsPage__listCard__boxs__img\"><a href=\"https:\/\/www.suno.com.br\/noticias\/sao-jose-compra-fabrica-ford-sao-bernardo\/\"><img class=\"mask\" src=\"https:\/\/www.suno.com.br\/noticias\/wp-content\/themes\/suno\/resources\/images\/spotlight\/spotlight1img\/bg-mask.png\" alt=\"Image Mask\"\/><img src=\"https:\/\/files.sunoresearch.com.br\/n\/uploads\/2020\/01\/d1f3d9ba-ford-400x200.webp\" alt=\"S\u00e3o Jos\u00e9 compra f\u00e1brica da Ford em S\u00e3o Bernardo do Campo\"\/><\/a><span class=\"spotlightCategory\"><a href=\"https:\/\/www.suno.com.br\/noticias\/negocios\/\">Neg\u00f3cios<\/a><\/span><\/div><div class=\"cardsPage__listCard__boxs__content\"><a href=\"https:\/\/www.suno.com.br\/noticias\/sao-jose-compra-fabrica-ford-sao-bernardo\/\"><h2 class=\"content__title\">S\u00e3o Jos\u00e9 compra f\u00e1brica da Ford em S\u00e3o Bernardo do Campo<\/h2><\/a><div class=\"newsContent__article__meta\"><div class=\"newsContent__article__meta__authorBox\"><a href=\"https:\/\/www.suno.com.br\/noticias\/author\/laura-moutinho\/\" class=\"authorBox__avatar noMobi\"><img src=\"https:\/\/files.sunoresearch.com.br\/n\/uploads\/2020\/08\/531ff69d-whatsapp-image-2020-08-03-at-14.54.38-150x150.webp\" alt=\"Laura Moutinho\"><\/a><div class=\"authorBox__name\"><span>por\n\t\t\t<a href=\"https:\/\/www.suno.com.br\/noticias\/author\/laura-moutinho\/\"><span itemprop=\"author\">Laura Moutinho<\/span><\/a><\/span><time datetime=\"2020-06-16T21:22:59-03:00\" itemprop=\"datePublished\">16\/06\/2020 21:22<\/time><\/div><\/div><\/div><\/div><\/div>","single_layout":"posts","amp_enabled":true,"_links":{"self":[{"href":"https:\/\/www.suno.com.br\/noticias\/wp-json\/wp\/v2\/posts\/69182"}],"collection":[{"href":"https:\/\/www.suno.com.br\/noticias\/wp-json\/wp\/v2\/posts"}],"about":[{"href":"https:\/\/www.suno.com.br\/noticias\/wp-json\/wp\/v2\/types\/post"}],"author":[{"embeddable":true,"href":"https:\/\/www.suno.com.br\/noticias\/wp-json\/wp\/v2\/users\/39"}],"replies":[{"embeddable":true,"href":"https:\/\/www.suno.com.br\/noticias\/wp-json\/wp\/v2\/comments?post=69182"}],"version-history":[{"count":0,"href":"https:\/\/www.suno.com.br\/noticias\/wp-json\/wp\/v2\/posts\/69182\/revisions"}],"wp:featuredmedia":[{"embeddable":true,"href":"https:\/\/www.suno.com.br\/noticias\/wp-json\/wp\/v2\/media\/49477"}],"wp:attachment":[{"href":"https:\/\/www.suno.com.br\/noticias\/wp-json\/wp\/v2\/media?parent=69182"}],"wp:term":[{"taxonomy":"category","embeddable":true,"href":"https:\/\/www.suno.com.br\/noticias\/wp-json\/wp\/v2\/categories?post=69182"},{"taxonomy":"post_tag","embeddable":true,"href":"https:\/\/www.suno.com.br\/noticias\/wp-json\/wp\/v2\/tags?post=69182"},{"taxonomy":"suno_strategy","embeddable":true,"href":"https:\/\/www.suno.com.br\/noticias\/wp-json\/wp\/v2\/suno_strategy?post=69182"}],"curies":[{"name":"wp","href":"https:\/\/api.w.org\/{rel}","templated":true}]}}