{"id":69178,"date":"2020-06-16T20:47:09","date_gmt":"2020-06-16T23:47:09","guid":{"rendered":"https:\/\/www.suno.com.br\/noticias\/?p=69178"},"modified":"2021-06-01T22:03:12","modified_gmt":"2021-06-02T01:03:12","slug":"volvo-cortar-4-100-trabalhos-coronavirus","status":"publish","type":"post","link":"https:\/\/www.suno.com.br\/noticias\/volvo-cortar-4-100-trabalhos-coronavirus\/","title":{"rendered":"Volvo pretende cortar 4.100 empregos devido aos efeitos do coronav\u00edrus"},"content":{"rendered":"<p>A <strong>Volvo<\/strong> declarou nessa ter\u00e7a-feira (16) que pretende cortar cerca de 4.100 empregos no setor administrativo ao redor do mundo por causa dos efeitos negativos que a <a href=\"https:\/\/www.suno.com.br\/noticias\/tags\/coronavirus\/\">pandemia de coronav\u00edrus (Covid-19)<\/a> causou na economia. Os cortes devem ocorrer no segundo semestre desse ano.<\/p>\t<div class=\"wrapper-featured-image\">\n\t\t<figure class=\"spotlightImg\">\n\n\t\t\t<picture>\n\t\t\t\t<source media=\"(max-width: 768px)\" srcset=\"https:\/\/files.sunoresearch.com.br\/n\/uploads\/2020\/02\/2276ae2b-volvo-400x200.webp\">\n\t\t\t\t<img loading=\"lazy\" decoding=\"async\" class=\"newsContent__article__imgCapa lazyloadDisabled newsContent__article__imgCapa--noCaption\" src=\"https:\/\/files.sunoresearch.com.br\/n\/uploads\/2020\/02\/2276ae2b-volvo-800x450.webp\" width=\"800\" height=\"450\" alt=\"Volvo pretende cortar 4.100 empregos devido aos efeitos do coronav\u00edrus\" fetchpriority=high \/>\n\t\t\t<\/picture>\n\n\t\t\t<figcaption class=\"wp-caption-text wp-caption-text--hide\">Volvo <\/figcaption>\n\t\t<\/figure>\n\t<\/div>\n\n\n\n<p>Embora a Volvo n\u00e3o tenha informado todos os pa\u00edses que ser\u00e3o afetados pelo corte, o grupo destacou que do total, 1.250 desligamentos ocorrer\u00e3o na Su\u00e9cia, enquanto 15% da redu\u00e7\u00e3o afetar\u00e1 consultores.<\/p>\n<p>Segundo o diretor-geral da companhia, Martin Lundstedt, a pandemia de <strong>coronav\u00edrus<\/strong>, assim como as a\u00e7\u00f5es adotadas em n\u00edvel mundial para cont\u00ea-la geraram uma &#8220;situa\u00e7\u00e3o no mercado com s\u00e9rias repercuss\u00f5es&#8221; no setor em que a companhia atua.<\/p>\n<p><a href=\"https:\/\/lp.suno.com.br\/suno-one\/\">Suno One: acesse gratuitamente eBooks, Minicursos, Artigos e Video Aulas sobre investimentos com um \u00fanico cadastro. Clique para saber mais!<\/a><\/p>\n<p>No final do primeiro trimestre a companhia contava com cerca de 99.000 trabalhadores contando com consultores e trabalhadores tempor\u00e1rios.<\/p>\n<h2>Volvo anuncia investimento de R$ 1 bilh\u00e3o no Brasil<\/h2>\n<p>A <strong>Volvo<\/strong>, montadora de ve\u00edculos sueca, <a href=\"https:\/\/www.suno.com.br\/artigos\/investimento-estrangeiro-direto-ied\/\">anunciou que ir\u00e1 investir<\/a> R$ 1 bilh\u00e3o no <strong>Brasil<\/strong> entre os anos de 2020 e 2023. O Pa\u00eds terminou o ano passado como o segundo maior mercado do grupo.\u00a0Segundo a Volvo, o montante ser\u00e1 destinado a <strong>pesquisa e desenvolvimento<\/strong> de produtos e servi\u00e7os em todas as frentes de neg\u00f3cios da companhia, entre eles equipamentos para motores mar\u00edtimos e constru\u00e7\u00e3o.<\/p>\n<p>\u201cParte dos investimentos ser\u00e1 direcionado para desenvolvimento de novos fornecedores da cadeia local\u201d, salientou Wilson Lirmann, presidente do grupo Volvo na Am\u00e9rica Latina.<\/p>\n<p><a href=\"https:\/\/www.suno.com.br\/noticias\/volvo-vai-investi-brasil\/\">Veja tamb\u00e9m: At\u00e9 2020, Volvo vai investir R$ 1 bilh\u00e3o no Brasil<\/a><\/p>\n<p>No ano passado, as vendas de <strong>caminh\u00f5es<\/strong> pesados apresentaram uma alta de 58%, quando foram entregues 14,5 mil unidades. J\u00e1 na categoria de semipesados, o crescimento foi um pouco menor, de 55,5%. As vendas atingiram 2,3 mil unidades.<\/p>\n<p>Lirmann, afirmou que o desenvolvimento da <strong>Volvo<\/strong>, especificamente no segmento de pesados no Brasil, foi acima da m\u00e9dia.\u00a0 \u201cFoi o melhor ano da nossa hist\u00f3ria em pesados&#8221;, disse. Em todo o mundo, os segmentos de pesados e semipesados cresceram em m\u00e9dia 48,7% e 30%, respectivamente.<\/p>\n\n","protected":false},"excerpt":{"rendered":"<p>A Volvo declarou nessa ter\u00e7a-feira (16) que pretende cortar cerca de 4.100 empregos no setor administrativo ao redor do mundo por causa dos efeitos negativos que a pandemia de coronav\u00edrus (Covid-19) causou na economia. Os cortes devem ocorrer no segundo semestre desse ano. Volvo Embora a Volvo n\u00e3o tenha informado todos os pa\u00edses que ser\u00e3o [&hellip;]<\/p>\n","protected":false},"author":39,"featured_media":52650,"comment_status":"closed","ping_status":"closed","sticky":false,"template":"","format":"standard","meta":[],"categories":[64],"tags":[2487,5255,1796,1147],"suno_strategy":[],"class_list":["post-69178","post","type-post","status-publish","format-standard","has-post-thumbnail","hentry","category-negocios","tag-coronavirus","tag-covid-19","tag-emprego","tag-volvo"],"yoast_head":"<!-- This site is optimized with the Yoast SEO plugin v24.4 - https:\/\/yoast.com\/wordpress\/plugins\/seo\/ -->\n<title>Volvo pretende cortar 4.100 empregos devido aos efeitos do coronav\u00edrus<\/title>\n<meta name=\"description\" content=\"A Volvo pretende cortar cerca de 4.100 empregos ao redor do mundo por causa dos efeitos do coronav\u00edrus. Clique aqui para saber mais.\" \/>\n<meta name=\"robots\" content=\"index, follow, max-snippet:-1, max-image-preview:large, max-video-preview:-1\" \/>\n<link rel=\"canonical\" href=\"https:\/\/www.suno.com.br\/noticias\/volvo-cortar-4-100-trabalhos-coronavirus\/\" \/>\n<meta property=\"og:locale\" content=\"pt_BR\" \/>\n<meta property=\"og:type\" content=\"article\" \/>\n<meta property=\"og:title\" content=\"Volvo pretende cortar 4.100 empregos devido aos efeitos do coronav\u00edrus\" \/>\n<meta property=\"og:description\" content=\"A Volvo pretende cortar cerca de 4.100 empregos ao redor do mundo por causa dos efeitos do coronav\u00edrus. Clique aqui para saber mais.\" \/>\n<meta property=\"og:url\" content=\"https:\/\/www.suno.com.br\/noticias\/volvo-cortar-4-100-trabalhos-coronavirus\/\" \/>\n<meta property=\"og:site_name\" content=\"Suno Not\u00edcias\" \/>\n<meta property=\"article:publisher\" content=\"https:\/\/facebook.com\/sunoresearch\" \/>\n<meta property=\"og:image\" content=\"https:\/\/files.sunoresearch.com.br\/n\/uploads\/2020\/02\/2276ae2b-volvo.jpg\" \/>\n\t<meta property=\"og:image:width\" content=\"984\" \/>\n\t<meta property=\"og:image:height\" content=\"616\" \/>\n\t<meta property=\"og:image:type\" content=\"image\/jpeg\" \/>\n<meta name=\"author\" content=\"Laura Moutinho\" \/>\n<meta name=\"twitter:card\" content=\"summary_large_image\" \/>\n<meta name=\"twitter:creator\" content=\"@sunoresearch\" \/>\n<meta name=\"twitter:site\" content=\"@sunoresearch\" \/>\n<meta name=\"twitter:label1\" content=\"Escrito por\" \/>\n\t<meta name=\"twitter:data1\" content=\"Laura Moutinho\" \/>\n\t<meta name=\"twitter:label2\" content=\"Est. tempo de leitura\" \/>\n\t<meta name=\"twitter:data2\" content=\"2 minutos\" \/>\n<script type=\"application\/ld+json\" class=\"yoast-schema-graph\">{\"@context\":\"https:\/\/schema.org\",\"@graph\":[{\"@type\":\"NewsArticle\",\"@id\":\"https:\/\/www.suno.com.br\/noticias\/volvo-cortar-4-100-trabalhos-coronavirus\/#article\",\"isPartOf\":{\"@id\":\"https:\/\/www.suno.com.br\/noticias\/volvo-cortar-4-100-trabalhos-coronavirus\/\"},\"author\":{\"name\":\"Laura Moutinho\",\"@id\":\"https:\/\/www.suno.com.br\/noticias\/#\/schema\/person\/3df0d2808748b74496efe5dbeaef2c72\"},\"headline\":\"Volvo pretende cortar 4.100 empregos devido aos efeitos do coronav\u00edrus\",\"datePublished\":\"2020-06-16T23:47:09+00:00\",\"dateModified\":\"2021-06-02T01:03:12+00:00\",\"mainEntityOfPage\":{\"@id\":\"https:\/\/www.suno.com.br\/noticias\/volvo-cortar-4-100-trabalhos-coronavirus\/\"},\"wordCount\":374,\"publisher\":{\"@id\":\"https:\/\/www.suno.com.br\/noticias\/#organization\"},\"image\":{\"@id\":\"https:\/\/www.suno.com.br\/noticias\/volvo-cortar-4-100-trabalhos-coronavirus\/#primaryimage\"},\"thumbnailUrl\":\"https:\/\/files.sunoresearch.com.br\/n\/uploads\/2020\/02\/2276ae2b-volvo-jpg.webp\",\"keywords\":[\"coronav\u00edrus\",\"covid-19\",\"Emprego\",\"Volvo\"],\"articleSection\":[\"Neg\u00f3cios\"],\"inLanguage\":\"pt-BR\"},{\"@type\":\"WebPage\",\"@id\":\"https:\/\/www.suno.com.br\/noticias\/volvo-cortar-4-100-trabalhos-coronavirus\/\",\"url\":\"https:\/\/www.suno.com.br\/noticias\/volvo-cortar-4-100-trabalhos-coronavirus\/\",\"name\":\"Volvo pretende cortar 4.100 empregos devido aos efeitos do coronav\u00edrus\",\"isPartOf\":{\"@id\":\"https:\/\/www.suno.com.br\/noticias\/#website\"},\"primaryImageOfPage\":{\"@id\":\"https:\/\/www.suno.com.br\/noticias\/volvo-cortar-4-100-trabalhos-coronavirus\/#primaryimage\"},\"image\":{\"@id\":\"https:\/\/www.suno.com.br\/noticias\/volvo-cortar-4-100-trabalhos-coronavirus\/#primaryimage\"},\"thumbnailUrl\":\"https:\/\/files.sunoresearch.com.br\/n\/uploads\/2020\/02\/2276ae2b-volvo-jpg.webp\",\"datePublished\":\"2020-06-16T23:47:09+00:00\",\"dateModified\":\"2021-06-02T01:03:12+00:00\",\"description\":\"A Volvo pretende cortar cerca de 4.100 empregos ao redor do mundo por causa dos efeitos do coronav\u00edrus. Clique aqui para saber mais.\",\"breadcrumb\":{\"@id\":\"https:\/\/www.suno.com.br\/noticias\/volvo-cortar-4-100-trabalhos-coronavirus\/#breadcrumb\"},\"inLanguage\":\"pt-BR\",\"potentialAction\":[{\"@type\":\"ReadAction\",\"target\":[\"https:\/\/www.suno.com.br\/noticias\/volvo-cortar-4-100-trabalhos-coronavirus\/\"]}]},{\"@type\":\"ImageObject\",\"inLanguage\":\"pt-BR\",\"@id\":\"https:\/\/www.suno.com.br\/noticias\/volvo-cortar-4-100-trabalhos-coronavirus\/#primaryimage\",\"url\":\"https:\/\/files.sunoresearch.com.br\/n\/uploads\/2020\/02\/2276ae2b-volvo-jpg.webp\",\"contentUrl\":\"https:\/\/files.sunoresearch.com.br\/n\/uploads\/2020\/02\/2276ae2b-volvo-jpg.webp\",\"width\":984,\"height\":616,\"caption\":\"Volvo\"},{\"@type\":\"BreadcrumbList\",\"@id\":\"https:\/\/www.suno.com.br\/noticias\/volvo-cortar-4-100-trabalhos-coronavirus\/#breadcrumb\",\"itemListElement\":[{\"@type\":\"ListItem\",\"position\":1,\"name\":\"Not\u00edcias\",\"item\":\"https:\/\/www.suno.com.br\/noticias\/\"},{\"@type\":\"ListItem\",\"position\":2,\"name\":\"Neg\u00f3cios\",\"item\":\"https:\/\/www.suno.com.br\/noticias\/negocios\/\"},{\"@type\":\"ListItem\",\"position\":3,\"name\":\"Volvo pretende cortar 4.100 empregos devido aos efeitos do coronav\u00edrus\"}]},{\"@type\":\"WebSite\",\"@id\":\"https:\/\/www.suno.com.br\/noticias\/#website\",\"url\":\"https:\/\/www.suno.com.br\/noticias\/\",\"name\":\"Suno Not\u00edcias\",\"description\":\"Seu portal de informa\u00e7\u00e3o sobre o mundo dos investimentos\",\"publisher\":{\"@id\":\"https:\/\/www.suno.com.br\/noticias\/#organization\"},\"potentialAction\":[{\"@type\":\"SearchAction\",\"target\":{\"@type\":\"EntryPoint\",\"urlTemplate\":\"https:\/\/www.suno.com.br\/noticias\/?s={search_term_string}\"},\"query-input\":{\"@type\":\"PropertyValueSpecification\",\"valueRequired\":true,\"valueName\":\"search_term_string\"}}],\"inLanguage\":\"pt-BR\"},{\"@type\":\"Organization\",\"@id\":\"https:\/\/www.suno.com.br\/noticias\/#organization\",\"name\":\"Suno Not\u00edcias\",\"url\":\"https:\/\/www.suno.com.br\/noticias\/\",\"logo\":{\"@type\":\"ImageObject\",\"inLanguage\":\"pt-BR\",\"@id\":\"https:\/\/www.suno.com.br\/noticias\/#\/schema\/logo\/image\/\",\"url\":\"https:\/\/files.sunoresearch.com.br\/n\/uploads\/2021\/09\/suno-logo.png\",\"contentUrl\":\"https:\/\/files.sunoresearch.com.br\/n\/uploads\/2021\/09\/suno-logo.png\",\"width\":180,\"height\":180,\"caption\":\"Suno Not\u00edcias\"},\"image\":{\"@id\":\"https:\/\/www.suno.com.br\/noticias\/#\/schema\/logo\/image\/\"},\"sameAs\":[\"https:\/\/facebook.com\/sunoresearch\",\"https:\/\/x.com\/sunoresearch\",\"https:\/\/www.instagram.com\/suno\",\"https:\/\/www.linkedin.com\/company\/suno-research\/\",\"https:\/\/www.youtube.com\/c\/sunoresearch\"]},{\"@type\":\"Person\",\"@id\":\"https:\/\/www.suno.com.br\/noticias\/#\/schema\/person\/3df0d2808748b74496efe5dbeaef2c72\",\"name\":\"Laura Moutinho\",\"image\":{\"@type\":\"ImageObject\",\"inLanguage\":\"pt-BR\",\"@id\":\"https:\/\/www.suno.com.br\/noticias\/#\/schema\/person\/image\/\",\"url\":\"https:\/\/secure.gravatar.com\/avatar\/7571c7c8ca3a6fca5e41384ece5557ff?s=96&r=g\",\"contentUrl\":\"https:\/\/secure.gravatar.com\/avatar\/7571c7c8ca3a6fca5e41384ece5557ff?s=96&r=g\",\"caption\":\"Laura Moutinho\"},\"description\":\"Estagi\u00e1ria na Suno Not\u00edcias, escreve not\u00edcias que afetam o mercado financeiro. Estuda administra\u00e7\u00e3o na Universidade Presbiteriana Mackenzie.\",\"url\":\"https:\/\/www.suno.com.br\/noticias\/author\/laura-moutinho\/\"}]}<\/script>\n<!-- \/ Yoast SEO plugin. -->","yoast_head_json":{"title":"Volvo pretende cortar 4.100 empregos devido aos efeitos do coronav\u00edrus","description":"A Volvo pretende cortar cerca de 4.100 empregos ao redor do mundo por causa dos efeitos do coronav\u00edrus. Clique aqui para saber mais.","robots":{"index":"index","follow":"follow","max-snippet":"max-snippet:-1","max-image-preview":"max-image-preview:large","max-video-preview":"max-video-preview:-1"},"canonical":"https:\/\/www.suno.com.br\/noticias\/volvo-cortar-4-100-trabalhos-coronavirus\/","og_locale":"pt_BR","og_type":"article","og_title":"Volvo pretende cortar 4.100 empregos devido aos efeitos do coronav\u00edrus","og_description":"A Volvo pretende cortar cerca de 4.100 empregos ao redor do mundo por causa dos efeitos do coronav\u00edrus. Clique aqui para saber mais.","og_url":"https:\/\/www.suno.com.br\/noticias\/volvo-cortar-4-100-trabalhos-coronavirus\/","og_site_name":"Suno Not\u00edcias","article_publisher":"https:\/\/facebook.com\/sunoresearch","og_image":[{"width":984,"height":616,"url":"https:\/\/files.sunoresearch.com.br\/n\/uploads\/2020\/02\/2276ae2b-volvo.jpg","type":"image\/jpeg"}],"author":"Laura Moutinho","twitter_card":"summary_large_image","twitter_creator":"@sunoresearch","twitter_site":"@sunoresearch","twitter_misc":{"Escrito por":"Laura Moutinho","Est. tempo de leitura":"2 minutos"},"schema":{"@context":"https:\/\/schema.org","@graph":[{"@type":"NewsArticle","@id":"https:\/\/www.suno.com.br\/noticias\/volvo-cortar-4-100-trabalhos-coronavirus\/#article","isPartOf":{"@id":"https:\/\/www.suno.com.br\/noticias\/volvo-cortar-4-100-trabalhos-coronavirus\/"},"author":{"name":"Laura Moutinho","@id":"https:\/\/www.suno.com.br\/noticias\/#\/schema\/person\/3df0d2808748b74496efe5dbeaef2c72"},"headline":"Volvo pretende cortar 4.100 empregos devido aos efeitos do coronav\u00edrus","datePublished":"2020-06-16T23:47:09+00:00","dateModified":"2021-06-02T01:03:12+00:00","mainEntityOfPage":{"@id":"https:\/\/www.suno.com.br\/noticias\/volvo-cortar-4-100-trabalhos-coronavirus\/"},"wordCount":374,"publisher":{"@id":"https:\/\/www.suno.com.br\/noticias\/#organization"},"image":{"@id":"https:\/\/www.suno.com.br\/noticias\/volvo-cortar-4-100-trabalhos-coronavirus\/#primaryimage"},"thumbnailUrl":"https:\/\/files.sunoresearch.com.br\/n\/uploads\/2020\/02\/2276ae2b-volvo-jpg.webp","keywords":["coronav\u00edrus","covid-19","Emprego","Volvo"],"articleSection":["Neg\u00f3cios"],"inLanguage":"pt-BR"},{"@type":"WebPage","@id":"https:\/\/www.suno.com.br\/noticias\/volvo-cortar-4-100-trabalhos-coronavirus\/","url":"https:\/\/www.suno.com.br\/noticias\/volvo-cortar-4-100-trabalhos-coronavirus\/","name":"Volvo pretende cortar 4.100 empregos devido aos efeitos do coronav\u00edrus","isPartOf":{"@id":"https:\/\/www.suno.com.br\/noticias\/#website"},"primaryImageOfPage":{"@id":"https:\/\/www.suno.com.br\/noticias\/volvo-cortar-4-100-trabalhos-coronavirus\/#primaryimage"},"image":{"@id":"https:\/\/www.suno.com.br\/noticias\/volvo-cortar-4-100-trabalhos-coronavirus\/#primaryimage"},"thumbnailUrl":"https:\/\/files.sunoresearch.com.br\/n\/uploads\/2020\/02\/2276ae2b-volvo-jpg.webp","datePublished":"2020-06-16T23:47:09+00:00","dateModified":"2021-06-02T01:03:12+00:00","description":"A Volvo pretende cortar cerca de 4.100 empregos ao redor do mundo por causa dos efeitos do coronav\u00edrus. Clique aqui para saber mais.","breadcrumb":{"@id":"https:\/\/www.suno.com.br\/noticias\/volvo-cortar-4-100-trabalhos-coronavirus\/#breadcrumb"},"inLanguage":"pt-BR","potentialAction":[{"@type":"ReadAction","target":["https:\/\/www.suno.com.br\/noticias\/volvo-cortar-4-100-trabalhos-coronavirus\/"]}]},{"@type":"ImageObject","inLanguage":"pt-BR","@id":"https:\/\/www.suno.com.br\/noticias\/volvo-cortar-4-100-trabalhos-coronavirus\/#primaryimage","url":"https:\/\/files.sunoresearch.com.br\/n\/uploads\/2020\/02\/2276ae2b-volvo-jpg.webp","contentUrl":"https:\/\/files.sunoresearch.com.br\/n\/uploads\/2020\/02\/2276ae2b-volvo-jpg.webp","width":984,"height":616,"caption":"Volvo"},{"@type":"BreadcrumbList","@id":"https:\/\/www.suno.com.br\/noticias\/volvo-cortar-4-100-trabalhos-coronavirus\/#breadcrumb","itemListElement":[{"@type":"ListItem","position":1,"name":"Not\u00edcias","item":"https:\/\/www.suno.com.br\/noticias\/"},{"@type":"ListItem","position":2,"name":"Neg\u00f3cios","item":"https:\/\/www.suno.com.br\/noticias\/negocios\/"},{"@type":"ListItem","position":3,"name":"Volvo pretende cortar 4.100 empregos devido aos efeitos do coronav\u00edrus"}]},{"@type":"WebSite","@id":"https:\/\/www.suno.com.br\/noticias\/#website","url":"https:\/\/www.suno.com.br\/noticias\/","name":"Suno Not\u00edcias","description":"Seu portal de informa\u00e7\u00e3o sobre o mundo dos investimentos","publisher":{"@id":"https:\/\/www.suno.com.br\/noticias\/#organization"},"potentialAction":[{"@type":"SearchAction","target":{"@type":"EntryPoint","urlTemplate":"https:\/\/www.suno.com.br\/noticias\/?s={search_term_string}"},"query-input":{"@type":"PropertyValueSpecification","valueRequired":true,"valueName":"search_term_string"}}],"inLanguage":"pt-BR"},{"@type":"Organization","@id":"https:\/\/www.suno.com.br\/noticias\/#organization","name":"Suno Not\u00edcias","url":"https:\/\/www.suno.com.br\/noticias\/","logo":{"@type":"ImageObject","inLanguage":"pt-BR","@id":"https:\/\/www.suno.com.br\/noticias\/#\/schema\/logo\/image\/","url":"https:\/\/files.sunoresearch.com.br\/n\/uploads\/2021\/09\/suno-logo.png","contentUrl":"https:\/\/files.sunoresearch.com.br\/n\/uploads\/2021\/09\/suno-logo.png","width":180,"height":180,"caption":"Suno Not\u00edcias"},"image":{"@id":"https:\/\/www.suno.com.br\/noticias\/#\/schema\/logo\/image\/"},"sameAs":["https:\/\/facebook.com\/sunoresearch","https:\/\/x.com\/sunoresearch","https:\/\/www.instagram.com\/suno","https:\/\/www.linkedin.com\/company\/suno-research\/","https:\/\/www.youtube.com\/c\/sunoresearch"]},{"@type":"Person","@id":"https:\/\/www.suno.com.br\/noticias\/#\/schema\/person\/3df0d2808748b74496efe5dbeaef2c72","name":"Laura Moutinho","image":{"@type":"ImageObject","inLanguage":"pt-BR","@id":"https:\/\/www.suno.com.br\/noticias\/#\/schema\/person\/image\/","url":"https:\/\/secure.gravatar.com\/avatar\/7571c7c8ca3a6fca5e41384ece5557ff?s=96&r=g","contentUrl":"https:\/\/secure.gravatar.com\/avatar\/7571c7c8ca3a6fca5e41384ece5557ff?s=96&r=g","caption":"Laura Moutinho"},"description":"Estagi\u00e1ria na Suno Not\u00edcias, escreve not\u00edcias que afetam o mercado financeiro. Estuda administra\u00e7\u00e3o na Universidade Presbiteriana Mackenzie.","url":"https:\/\/www.suno.com.br\/noticias\/author\/laura-moutinho\/"}]}},"default_loop_html":"<div class=\"cardsPage__listCard__boxs\"><div class=\"cardsPage__listCard__boxs__img\"><a href=\"https:\/\/www.suno.com.br\/noticias\/volvo-cortar-4-100-trabalhos-coronavirus\/\"><img class=\"mask\" src=\"https:\/\/www.suno.com.br\/noticias\/wp-content\/themes\/suno\/resources\/images\/spotlight\/spotlight1img\/bg-mask.png\" alt=\"Image Mask\"\/><img src=\"https:\/\/files.sunoresearch.com.br\/n\/uploads\/2020\/02\/2276ae2b-volvo-400x200.webp\" alt=\"Volvo pretende cortar 4.100 empregos devido aos efeitos do coronav\u00edrus\"\/><\/a><span class=\"spotlightCategory\"><a href=\"https:\/\/www.suno.com.br\/noticias\/negocios\/\">Neg\u00f3cios<\/a><\/span><\/div><div class=\"cardsPage__listCard__boxs__content\"><a href=\"https:\/\/www.suno.com.br\/noticias\/volvo-cortar-4-100-trabalhos-coronavirus\/\"><h2 class=\"content__title\">Volvo pretende cortar 4.100 empregos devido aos efeitos do coronav\u00edrus<\/h2><\/a><div class=\"newsContent__article__meta\"><div class=\"newsContent__article__meta__authorBox\"><a href=\"https:\/\/www.suno.com.br\/noticias\/author\/laura-moutinho\/\" class=\"authorBox__avatar noMobi\"><img src=\"https:\/\/files.sunoresearch.com.br\/n\/uploads\/2020\/08\/531ff69d-whatsapp-image-2020-08-03-at-14.54.38-150x150.webp\" alt=\"Laura Moutinho\"><\/a><div class=\"authorBox__name\"><span>por\n\t\t\t<a href=\"https:\/\/www.suno.com.br\/noticias\/author\/laura-moutinho\/\"><span itemprop=\"author\">Laura Moutinho<\/span><\/a><\/span><time datetime=\"2020-06-16T20:47:09-03:00\" itemprop=\"datePublished\">16\/06\/2020 20:47<\/time><\/div><\/div><\/div><\/div><\/div>","single_layout":"posts","amp_enabled":true,"_links":{"self":[{"href":"https:\/\/www.suno.com.br\/noticias\/wp-json\/wp\/v2\/posts\/69178"}],"collection":[{"href":"https:\/\/www.suno.com.br\/noticias\/wp-json\/wp\/v2\/posts"}],"about":[{"href":"https:\/\/www.suno.com.br\/noticias\/wp-json\/wp\/v2\/types\/post"}],"author":[{"embeddable":true,"href":"https:\/\/www.suno.com.br\/noticias\/wp-json\/wp\/v2\/users\/39"}],"replies":[{"embeddable":true,"href":"https:\/\/www.suno.com.br\/noticias\/wp-json\/wp\/v2\/comments?post=69178"}],"version-history":[{"count":1,"href":"https:\/\/www.suno.com.br\/noticias\/wp-json\/wp\/v2\/posts\/69178\/revisions"}],"predecessor-version":[{"id":153875,"href":"https:\/\/www.suno.com.br\/noticias\/wp-json\/wp\/v2\/posts\/69178\/revisions\/153875"}],"wp:featuredmedia":[{"embeddable":true,"href":"https:\/\/www.suno.com.br\/noticias\/wp-json\/wp\/v2\/media\/52650"}],"wp:attachment":[{"href":"https:\/\/www.suno.com.br\/noticias\/wp-json\/wp\/v2\/media?parent=69178"}],"wp:term":[{"taxonomy":"category","embeddable":true,"href":"https:\/\/www.suno.com.br\/noticias\/wp-json\/wp\/v2\/categories?post=69178"},{"taxonomy":"post_tag","embeddable":true,"href":"https:\/\/www.suno.com.br\/noticias\/wp-json\/wp\/v2\/tags?post=69178"},{"taxonomy":"suno_strategy","embeddable":true,"href":"https:\/\/www.suno.com.br\/noticias\/wp-json\/wp\/v2\/suno_strategy?post=69178"}],"curies":[{"name":"wp","href":"https:\/\/api.w.org\/{rel}","templated":true}]}}