{"id":69150,"date":"2020-06-16T18:35:04","date_gmt":"2020-06-16T21:35:04","guid":{"rendered":"https:\/\/www.suno.com.br\/noticias\/?p=69150"},"modified":"2021-02-18T17:23:38","modified_gmt":"2021-02-18T20:23:38","slug":"selic-baixar-reuniao-copom-mourao","status":"publish","type":"post","link":"https:\/\/www.suno.com.br\/noticias\/selic-baixar-reuniao-copom-mourao\/","title":{"rendered":"Selic pode baixar mais na pr\u00f3xima reuni\u00e3o do Copom, segundo Mour\u00e3o"},"content":{"rendered":"<p>O vice-presidente do Brasil, <a href=\"https:\/\/www.suno.com.br\/noticias\/tags\/hamilton-mourao\/\">Hamilton Mour\u00e3o,<\/a> declarou nessa ter\u00e7a-feira (16) enquanto participava de uma transmiss\u00e3o ao vivo preparada pela Federa\u00e7\u00e3o das Ind\u00fastrias do Estado de Goi\u00e1s (Fieg), que pressup\u00f5e que o <a href=\"https:\/\/www.suno.com.br\/artigos\/copom\/\">Comit\u00ea de Pol\u00edtica Monet\u00e1ria (Copom)<\/a> deve baixar ainda mais a <a href=\"https:\/\/www.suno.com.br\/artigos\/taxa-selic\/\">taxa b\u00e1sica de juros (<strong>Selic<\/strong>)<\/a> na pr\u00f3xima reuni\u00e3o.<\/p>\t<div class=\"wrapper-featured-image\">\n\t\t<figure class=\"spotlightImg\">\n\n\t\t\t<picture>\n\t\t\t\t<source media=\"(max-width: 768px)\" srcset=\"https:\/\/files.sunoresearch.com.br\/n\/uploads\/2018\/12\/6640b66a-selic-400x200.webp\">\n\t\t\t\t<img loading=\"lazy\" decoding=\"async\" class=\"newsContent__article__imgCapa lazyloadDisabled newsContent__article__imgCapa--noCaption\" src=\"https:\/\/files.sunoresearch.com.br\/n\/uploads\/2018\/12\/6640b66a-selic-800x450.webp\" width=\"800\" height=\"450\" alt=\"Selic pode baixar mais na pr\u00f3xima reuni\u00e3o do Copom, segundo Mour\u00e3o\" fetchpriority=high \/>\n\t\t\t<\/picture>\n\n\t\t\t<figcaption class=\"wp-caption-text wp-caption-text--hide\">a\u00e7\u00f5es<\/figcaption>\n\t\t<\/figure>\n\t<\/div>\n\n\n\n<p>Ainda nessa ter\u00e7a-feira, o <strong>Copom<\/strong> deu in\u00edcio a confer\u00eancia que tratar\u00e1 sobre a Selic, ao passo que a decis\u00e3o ser\u00e1 anunciada na pr\u00f3xima quarta-feira (17). Contudo, Mour\u00e3o refor\u00e7ou que &#8220;n\u00e3o chegaremos a um <a href=\"https:\/\/www.suno.com.br\/artigos\/juros-negativos\/\">juro negativo<\/a> porque n\u00e3o estamos vivendo nem um per\u00edodo de <a href=\"https:\/\/www.suno.com.br\/artigos\/inflacao\/\"><strong>infla\u00e7\u00e3o<\/strong><\/a>, mas sim de <a href=\"https:\/\/www.suno.com.br\/artigos\/deflacao\/\"><strong>defla\u00e7\u00e3o<\/strong> <\/a>nos \u00faltimos dois meses&#8221;.<\/p>\n<p>Vale destacar que, no in\u00edcio do m\u00eas passado, o Comit\u00ea \u00a0decidiu cortar a <strong>taxa b\u00e1sica de juros<\/strong> em 0,75%. Com o novo corte, a taxa caiu para 3% ao ano, tornando-se a m\u00ednima da s\u00e9rie hist\u00f3rica.<\/p>\n<p><a href=\"https:\/\/lp.suno.com.br\/suno-one\/\">Suno One: acesse gratuitamente eBooks, Minicursos, Artigos e Video Aulas sobre investimentos com um \u00fanico cadastro. Clique para saber mais!<\/a><\/p>\n<p>O vice-presidente da Rep\u00fablica ainda comentou sobre a libera\u00e7\u00e3o de cr\u00e9dito de bancos privados \u00e0s pessoas, e afirmou que de acordo com informa\u00e7\u00f5es do <a href=\"https:\/\/www.suno.com.br\/noticias\/tags\/ministerio-da-economia\/\"><strong>Minist\u00e9rio da Economia<\/strong><\/a>, a libera\u00e7\u00e3o &#8220;travou no meio do caminho&#8221; devido as normas do setor banc\u00e1rio.<\/p>\n<p>Segundo Mour\u00e3o, &#8220;o Fundo Garantidor de Investimentos \u00e9, na nossa vis\u00e3o, a sa\u00edda para isso&#8221;.<\/p>\n<h2>Segundo BC, Selic a 2,25% n\u00e3o \u00e9 um n\u00edvel que se pode cruzar<\/h2>\n<p>O patamar de 2,25% para a taxa b\u00e1sica de juros da economia\u00a0&#8220;n\u00e3o \u00e9 algo escrito na pedra ou algo fixo, que n\u00e3o pode ser cruzado&#8221;. A declara\u00e7\u00e3o foi dada pelo diretor de pol\u00edtica monet\u00e1ria do <a href=\"https:\/\/www.suno.com.br\/artigos\/bacen\/\">Banco Central (BC)<\/a>, Fabio Kanczuk, no inicio do m\u00eas.<\/p>\n<p><a href=\"https:\/\/www.suno.com.br\/noticias\/bc-a-partir-de-determinado-ponto-e-necessario-cautela-em-cortes-da-selic\/\">Veja tamb\u00e9m: BC: &#8216;a partir de determinado ponto&#8217; \u00e9 necess\u00e1rio cautela em cortes da Selic<\/a><\/p>\n<p>Na teleconfer\u00eancia organizada pela <em>American Chamber of Commerce<\/em>, Kanczuk, no entanto, afirmou que esse n\u00edvel da <strong>Selic<\/strong> \u00e9 mais ligado \u00e0 <a href=\"https:\/\/www.suno.com.br\/artigos\/politica-monetaria\/\">pol\u00edtica monet\u00e1ria<\/a> focada no hiato do produto e no risco para a taxa neutra de juros. Isso \u00e9 caracterizado por ser um <em>effective lower bound<\/em> &#8212; quando a efic\u00e1cia da pol\u00edtica monet\u00e1ria no est\u00edmulo \u00e0 economia \u00e9 perdida pelo n\u00edvel de juros j\u00e1 estar baixo.<\/p>\n\n","protected":false},"excerpt":{"rendered":"<p>O vice-presidente do Brasil, Hamilton Mour\u00e3o, declarou nessa ter\u00e7a-feira (16) enquanto participava de uma transmiss\u00e3o ao vivo preparada pela Federa\u00e7\u00e3o das Ind\u00fastrias do Estado de Goi\u00e1s (Fieg), que pressup\u00f5e que o Comit\u00ea de Pol\u00edtica Monet\u00e1ria (Copom) deve baixar ainda mais a taxa b\u00e1sica de juros (Selic) na pr\u00f3xima reuni\u00e3o. a\u00e7\u00f5es Ainda nessa ter\u00e7a-feira, o Copom [&hellip;]<\/p>\n","protected":false},"author":39,"featured_media":8644,"comment_status":"closed","ping_status":"closed","sticky":false,"template":"","format":"standard","meta":[],"categories":[62],"tags":[1104,1019,1752,290],"suno_strategy":[],"class_list":["post-69150","post","type-post","status-publish","format-standard","has-post-thumbnail","hentry","category-economia","tag-copom","tag-hamilton-mourao","tag-taxa-de-juros","tag-taxa-selic"],"yoast_head":"<!-- This site is optimized with the Yoast SEO plugin v24.4 - https:\/\/yoast.com\/wordpress\/plugins\/seo\/ -->\n<title>Selic pode baixar mais na pr\u00f3xima reuni\u00e3o do Copom, segundo Mour\u00e3o<\/title>\n<meta name=\"description\" content=\"O vice-presidente Hamilton Mour\u00e3o declarou que o Copom deve baixar ainda mais Selic na pr\u00f3xima reuni\u00e3o. Clique aqui para saber mais.\" \/>\n<meta name=\"robots\" content=\"index, follow, max-snippet:-1, max-image-preview:large, max-video-preview:-1\" \/>\n<link rel=\"canonical\" href=\"https:\/\/www.suno.com.br\/noticias\/selic-baixar-reuniao-copom-mourao\/\" \/>\n<meta property=\"og:locale\" content=\"pt_BR\" \/>\n<meta property=\"og:type\" content=\"article\" \/>\n<meta property=\"og:title\" content=\"Selic pode baixar mais na pr\u00f3xima reuni\u00e3o do Copom, segundo Mour\u00e3o\" \/>\n<meta property=\"og:description\" content=\"O vice-presidente Hamilton Mour\u00e3o declarou que o Copom deve baixar ainda mais Selic na pr\u00f3xima reuni\u00e3o. Clique aqui para saber mais.\" \/>\n<meta property=\"og:url\" content=\"https:\/\/www.suno.com.br\/noticias\/selic-baixar-reuniao-copom-mourao\/\" \/>\n<meta property=\"og:site_name\" content=\"Suno Not\u00edcias\" \/>\n<meta property=\"article:publisher\" content=\"https:\/\/facebook.com\/sunoresearch\" \/>\n<meta property=\"og:image\" content=\"https:\/\/files.sunoresearch.com.br\/n\/uploads\/2018\/12\/6640b66a-selic.jpg\" \/>\n\t<meta property=\"og:image:width\" content=\"1140\" \/>\n\t<meta property=\"og:image:height\" content=\"760\" \/>\n\t<meta property=\"og:image:type\" content=\"image\/jpeg\" \/>\n<meta name=\"author\" content=\"Laura Moutinho\" \/>\n<meta name=\"twitter:card\" content=\"summary_large_image\" \/>\n<meta name=\"twitter:creator\" content=\"@sunoresearch\" \/>\n<meta name=\"twitter:site\" content=\"@sunoresearch\" \/>\n<meta name=\"twitter:label1\" content=\"Escrito por\" \/>\n\t<meta name=\"twitter:data1\" content=\"Laura Moutinho\" \/>\n\t<meta name=\"twitter:label2\" content=\"Est. tempo de leitura\" \/>\n\t<meta name=\"twitter:data2\" content=\"2 minutos\" \/>\n<script type=\"application\/ld+json\" class=\"yoast-schema-graph\">{\"@context\":\"https:\/\/schema.org\",\"@graph\":[{\"@type\":\"NewsArticle\",\"@id\":\"https:\/\/www.suno.com.br\/noticias\/selic-baixar-reuniao-copom-mourao\/#article\",\"isPartOf\":{\"@id\":\"https:\/\/www.suno.com.br\/noticias\/selic-baixar-reuniao-copom-mourao\/\"},\"author\":{\"name\":\"Laura Moutinho\",\"@id\":\"https:\/\/www.suno.com.br\/noticias\/#\/schema\/person\/3df0d2808748b74496efe5dbeaef2c72\"},\"headline\":\"Selic pode baixar mais na pr\u00f3xima reuni\u00e3o do Copom, segundo Mour\u00e3o\",\"datePublished\":\"2020-06-16T21:35:04+00:00\",\"dateModified\":\"2021-02-18T20:23:38+00:00\",\"mainEntityOfPage\":{\"@id\":\"https:\/\/www.suno.com.br\/noticias\/selic-baixar-reuniao-copom-mourao\/\"},\"wordCount\":418,\"publisher\":{\"@id\":\"https:\/\/www.suno.com.br\/noticias\/#organization\"},\"image\":{\"@id\":\"https:\/\/www.suno.com.br\/noticias\/selic-baixar-reuniao-copom-mourao\/#primaryimage\"},\"thumbnailUrl\":\"https:\/\/files.sunoresearch.com.br\/n\/uploads\/2018\/12\/6640b66a-selic-jpg.webp\",\"keywords\":[\"Copom\",\"Hamilton Mour\u00e3o\",\"taxa de juros\",\"Taxa Selic\"],\"articleSection\":[\"Economia\"],\"inLanguage\":\"pt-BR\"},{\"@type\":\"WebPage\",\"@id\":\"https:\/\/www.suno.com.br\/noticias\/selic-baixar-reuniao-copom-mourao\/\",\"url\":\"https:\/\/www.suno.com.br\/noticias\/selic-baixar-reuniao-copom-mourao\/\",\"name\":\"Selic pode baixar mais na pr\u00f3xima reuni\u00e3o do Copom, segundo Mour\u00e3o\",\"isPartOf\":{\"@id\":\"https:\/\/www.suno.com.br\/noticias\/#website\"},\"primaryImageOfPage\":{\"@id\":\"https:\/\/www.suno.com.br\/noticias\/selic-baixar-reuniao-copom-mourao\/#primaryimage\"},\"image\":{\"@id\":\"https:\/\/www.suno.com.br\/noticias\/selic-baixar-reuniao-copom-mourao\/#primaryimage\"},\"thumbnailUrl\":\"https:\/\/files.sunoresearch.com.br\/n\/uploads\/2018\/12\/6640b66a-selic-jpg.webp\",\"datePublished\":\"2020-06-16T21:35:04+00:00\",\"dateModified\":\"2021-02-18T20:23:38+00:00\",\"description\":\"O vice-presidente Hamilton Mour\u00e3o declarou que o Copom deve baixar ainda mais Selic na pr\u00f3xima reuni\u00e3o. Clique aqui para saber mais.\",\"breadcrumb\":{\"@id\":\"https:\/\/www.suno.com.br\/noticias\/selic-baixar-reuniao-copom-mourao\/#breadcrumb\"},\"inLanguage\":\"pt-BR\",\"potentialAction\":[{\"@type\":\"ReadAction\",\"target\":[\"https:\/\/www.suno.com.br\/noticias\/selic-baixar-reuniao-copom-mourao\/\"]}]},{\"@type\":\"ImageObject\",\"inLanguage\":\"pt-BR\",\"@id\":\"https:\/\/www.suno.com.br\/noticias\/selic-baixar-reuniao-copom-mourao\/#primaryimage\",\"url\":\"https:\/\/files.sunoresearch.com.br\/n\/uploads\/2018\/12\/6640b66a-selic-jpg.webp\",\"contentUrl\":\"https:\/\/files.sunoresearch.com.br\/n\/uploads\/2018\/12\/6640b66a-selic-jpg.webp\",\"width\":1140,\"height\":760,\"caption\":\"a\u00e7\u00f5es\"},{\"@type\":\"BreadcrumbList\",\"@id\":\"https:\/\/www.suno.com.br\/noticias\/selic-baixar-reuniao-copom-mourao\/#breadcrumb\",\"itemListElement\":[{\"@type\":\"ListItem\",\"position\":1,\"name\":\"Not\u00edcias\",\"item\":\"https:\/\/www.suno.com.br\/noticias\/\"},{\"@type\":\"ListItem\",\"position\":2,\"name\":\"Economia\",\"item\":\"https:\/\/www.suno.com.br\/noticias\/economia\/\"},{\"@type\":\"ListItem\",\"position\":3,\"name\":\"Selic pode baixar mais na pr\u00f3xima reuni\u00e3o do Copom, segundo Mour\u00e3o\"}]},{\"@type\":\"WebSite\",\"@id\":\"https:\/\/www.suno.com.br\/noticias\/#website\",\"url\":\"https:\/\/www.suno.com.br\/noticias\/\",\"name\":\"Suno Not\u00edcias\",\"description\":\"Seu portal de informa\u00e7\u00e3o sobre o mundo dos investimentos\",\"publisher\":{\"@id\":\"https:\/\/www.suno.com.br\/noticias\/#organization\"},\"potentialAction\":[{\"@type\":\"SearchAction\",\"target\":{\"@type\":\"EntryPoint\",\"urlTemplate\":\"https:\/\/www.suno.com.br\/noticias\/?s={search_term_string}\"},\"query-input\":{\"@type\":\"PropertyValueSpecification\",\"valueRequired\":true,\"valueName\":\"search_term_string\"}}],\"inLanguage\":\"pt-BR\"},{\"@type\":\"Organization\",\"@id\":\"https:\/\/www.suno.com.br\/noticias\/#organization\",\"name\":\"Suno Not\u00edcias\",\"url\":\"https:\/\/www.suno.com.br\/noticias\/\",\"logo\":{\"@type\":\"ImageObject\",\"inLanguage\":\"pt-BR\",\"@id\":\"https:\/\/www.suno.com.br\/noticias\/#\/schema\/logo\/image\/\",\"url\":\"https:\/\/files.sunoresearch.com.br\/n\/uploads\/2021\/09\/suno-logo.png\",\"contentUrl\":\"https:\/\/files.sunoresearch.com.br\/n\/uploads\/2021\/09\/suno-logo.png\",\"width\":180,\"height\":180,\"caption\":\"Suno Not\u00edcias\"},\"image\":{\"@id\":\"https:\/\/www.suno.com.br\/noticias\/#\/schema\/logo\/image\/\"},\"sameAs\":[\"https:\/\/facebook.com\/sunoresearch\",\"https:\/\/x.com\/sunoresearch\",\"https:\/\/www.instagram.com\/suno\",\"https:\/\/www.linkedin.com\/company\/suno-research\/\",\"https:\/\/www.youtube.com\/c\/sunoresearch\"]},{\"@type\":\"Person\",\"@id\":\"https:\/\/www.suno.com.br\/noticias\/#\/schema\/person\/3df0d2808748b74496efe5dbeaef2c72\",\"name\":\"Laura Moutinho\",\"image\":{\"@type\":\"ImageObject\",\"inLanguage\":\"pt-BR\",\"@id\":\"https:\/\/www.suno.com.br\/noticias\/#\/schema\/person\/image\/\",\"url\":\"https:\/\/secure.gravatar.com\/avatar\/7571c7c8ca3a6fca5e41384ece5557ff?s=96&r=g\",\"contentUrl\":\"https:\/\/secure.gravatar.com\/avatar\/7571c7c8ca3a6fca5e41384ece5557ff?s=96&r=g\",\"caption\":\"Laura Moutinho\"},\"description\":\"Estagi\u00e1ria na Suno Not\u00edcias, escreve not\u00edcias que afetam o mercado financeiro. Estuda administra\u00e7\u00e3o na Universidade Presbiteriana Mackenzie.\",\"url\":\"https:\/\/www.suno.com.br\/noticias\/author\/laura-moutinho\/\"}]}<\/script>\n<!-- \/ Yoast SEO plugin. -->","yoast_head_json":{"title":"Selic pode baixar mais na pr\u00f3xima reuni\u00e3o do Copom, segundo Mour\u00e3o","description":"O vice-presidente Hamilton Mour\u00e3o declarou que o Copom deve baixar ainda mais Selic na pr\u00f3xima reuni\u00e3o. Clique aqui para saber mais.","robots":{"index":"index","follow":"follow","max-snippet":"max-snippet:-1","max-image-preview":"max-image-preview:large","max-video-preview":"max-video-preview:-1"},"canonical":"https:\/\/www.suno.com.br\/noticias\/selic-baixar-reuniao-copom-mourao\/","og_locale":"pt_BR","og_type":"article","og_title":"Selic pode baixar mais na pr\u00f3xima reuni\u00e3o do Copom, segundo Mour\u00e3o","og_description":"O vice-presidente Hamilton Mour\u00e3o declarou que o Copom deve baixar ainda mais Selic na pr\u00f3xima reuni\u00e3o. Clique aqui para saber mais.","og_url":"https:\/\/www.suno.com.br\/noticias\/selic-baixar-reuniao-copom-mourao\/","og_site_name":"Suno Not\u00edcias","article_publisher":"https:\/\/facebook.com\/sunoresearch","og_image":[{"width":1140,"height":760,"url":"https:\/\/files.sunoresearch.com.br\/n\/uploads\/2018\/12\/6640b66a-selic.jpg","type":"image\/jpeg"}],"author":"Laura Moutinho","twitter_card":"summary_large_image","twitter_creator":"@sunoresearch","twitter_site":"@sunoresearch","twitter_misc":{"Escrito por":"Laura Moutinho","Est. tempo de leitura":"2 minutos"},"schema":{"@context":"https:\/\/schema.org","@graph":[{"@type":"NewsArticle","@id":"https:\/\/www.suno.com.br\/noticias\/selic-baixar-reuniao-copom-mourao\/#article","isPartOf":{"@id":"https:\/\/www.suno.com.br\/noticias\/selic-baixar-reuniao-copom-mourao\/"},"author":{"name":"Laura Moutinho","@id":"https:\/\/www.suno.com.br\/noticias\/#\/schema\/person\/3df0d2808748b74496efe5dbeaef2c72"},"headline":"Selic pode baixar mais na pr\u00f3xima reuni\u00e3o do Copom, segundo Mour\u00e3o","datePublished":"2020-06-16T21:35:04+00:00","dateModified":"2021-02-18T20:23:38+00:00","mainEntityOfPage":{"@id":"https:\/\/www.suno.com.br\/noticias\/selic-baixar-reuniao-copom-mourao\/"},"wordCount":418,"publisher":{"@id":"https:\/\/www.suno.com.br\/noticias\/#organization"},"image":{"@id":"https:\/\/www.suno.com.br\/noticias\/selic-baixar-reuniao-copom-mourao\/#primaryimage"},"thumbnailUrl":"https:\/\/files.sunoresearch.com.br\/n\/uploads\/2018\/12\/6640b66a-selic-jpg.webp","keywords":["Copom","Hamilton Mour\u00e3o","taxa de juros","Taxa Selic"],"articleSection":["Economia"],"inLanguage":"pt-BR"},{"@type":"WebPage","@id":"https:\/\/www.suno.com.br\/noticias\/selic-baixar-reuniao-copom-mourao\/","url":"https:\/\/www.suno.com.br\/noticias\/selic-baixar-reuniao-copom-mourao\/","name":"Selic pode baixar mais na pr\u00f3xima reuni\u00e3o do Copom, segundo Mour\u00e3o","isPartOf":{"@id":"https:\/\/www.suno.com.br\/noticias\/#website"},"primaryImageOfPage":{"@id":"https:\/\/www.suno.com.br\/noticias\/selic-baixar-reuniao-copom-mourao\/#primaryimage"},"image":{"@id":"https:\/\/www.suno.com.br\/noticias\/selic-baixar-reuniao-copom-mourao\/#primaryimage"},"thumbnailUrl":"https:\/\/files.sunoresearch.com.br\/n\/uploads\/2018\/12\/6640b66a-selic-jpg.webp","datePublished":"2020-06-16T21:35:04+00:00","dateModified":"2021-02-18T20:23:38+00:00","description":"O vice-presidente Hamilton Mour\u00e3o declarou que o Copom deve baixar ainda mais Selic na pr\u00f3xima reuni\u00e3o. Clique aqui para saber mais.","breadcrumb":{"@id":"https:\/\/www.suno.com.br\/noticias\/selic-baixar-reuniao-copom-mourao\/#breadcrumb"},"inLanguage":"pt-BR","potentialAction":[{"@type":"ReadAction","target":["https:\/\/www.suno.com.br\/noticias\/selic-baixar-reuniao-copom-mourao\/"]}]},{"@type":"ImageObject","inLanguage":"pt-BR","@id":"https:\/\/www.suno.com.br\/noticias\/selic-baixar-reuniao-copom-mourao\/#primaryimage","url":"https:\/\/files.sunoresearch.com.br\/n\/uploads\/2018\/12\/6640b66a-selic-jpg.webp","contentUrl":"https:\/\/files.sunoresearch.com.br\/n\/uploads\/2018\/12\/6640b66a-selic-jpg.webp","width":1140,"height":760,"caption":"a\u00e7\u00f5es"},{"@type":"BreadcrumbList","@id":"https:\/\/www.suno.com.br\/noticias\/selic-baixar-reuniao-copom-mourao\/#breadcrumb","itemListElement":[{"@type":"ListItem","position":1,"name":"Not\u00edcias","item":"https:\/\/www.suno.com.br\/noticias\/"},{"@type":"ListItem","position":2,"name":"Economia","item":"https:\/\/www.suno.com.br\/noticias\/economia\/"},{"@type":"ListItem","position":3,"name":"Selic pode baixar mais na pr\u00f3xima reuni\u00e3o do Copom, segundo Mour\u00e3o"}]},{"@type":"WebSite","@id":"https:\/\/www.suno.com.br\/noticias\/#website","url":"https:\/\/www.suno.com.br\/noticias\/","name":"Suno Not\u00edcias","description":"Seu portal de informa\u00e7\u00e3o sobre o mundo dos investimentos","publisher":{"@id":"https:\/\/www.suno.com.br\/noticias\/#organization"},"potentialAction":[{"@type":"SearchAction","target":{"@type":"EntryPoint","urlTemplate":"https:\/\/www.suno.com.br\/noticias\/?s={search_term_string}"},"query-input":{"@type":"PropertyValueSpecification","valueRequired":true,"valueName":"search_term_string"}}],"inLanguage":"pt-BR"},{"@type":"Organization","@id":"https:\/\/www.suno.com.br\/noticias\/#organization","name":"Suno Not\u00edcias","url":"https:\/\/www.suno.com.br\/noticias\/","logo":{"@type":"ImageObject","inLanguage":"pt-BR","@id":"https:\/\/www.suno.com.br\/noticias\/#\/schema\/logo\/image\/","url":"https:\/\/files.sunoresearch.com.br\/n\/uploads\/2021\/09\/suno-logo.png","contentUrl":"https:\/\/files.sunoresearch.com.br\/n\/uploads\/2021\/09\/suno-logo.png","width":180,"height":180,"caption":"Suno Not\u00edcias"},"image":{"@id":"https:\/\/www.suno.com.br\/noticias\/#\/schema\/logo\/image\/"},"sameAs":["https:\/\/facebook.com\/sunoresearch","https:\/\/x.com\/sunoresearch","https:\/\/www.instagram.com\/suno","https:\/\/www.linkedin.com\/company\/suno-research\/","https:\/\/www.youtube.com\/c\/sunoresearch"]},{"@type":"Person","@id":"https:\/\/www.suno.com.br\/noticias\/#\/schema\/person\/3df0d2808748b74496efe5dbeaef2c72","name":"Laura Moutinho","image":{"@type":"ImageObject","inLanguage":"pt-BR","@id":"https:\/\/www.suno.com.br\/noticias\/#\/schema\/person\/image\/","url":"https:\/\/secure.gravatar.com\/avatar\/7571c7c8ca3a6fca5e41384ece5557ff?s=96&r=g","contentUrl":"https:\/\/secure.gravatar.com\/avatar\/7571c7c8ca3a6fca5e41384ece5557ff?s=96&r=g","caption":"Laura Moutinho"},"description":"Estagi\u00e1ria na Suno Not\u00edcias, escreve not\u00edcias que afetam o mercado financeiro. Estuda administra\u00e7\u00e3o na Universidade Presbiteriana Mackenzie.","url":"https:\/\/www.suno.com.br\/noticias\/author\/laura-moutinho\/"}]}},"default_loop_html":"<div class=\"cardsPage__listCard__boxs\"><div class=\"cardsPage__listCard__boxs__img\"><a href=\"https:\/\/www.suno.com.br\/noticias\/selic-baixar-reuniao-copom-mourao\/\"><img class=\"mask\" src=\"https:\/\/www.suno.com.br\/noticias\/wp-content\/themes\/suno\/resources\/images\/spotlight\/spotlight1img\/bg-mask.png\" alt=\"Image Mask\"\/><img src=\"https:\/\/files.sunoresearch.com.br\/n\/uploads\/2018\/12\/6640b66a-selic-400x200.webp\" alt=\"Selic pode baixar mais na pr\u00f3xima reuni\u00e3o do Copom, segundo Mour\u00e3o\"\/><\/a><span class=\"spotlightCategory\"><a href=\"https:\/\/www.suno.com.br\/noticias\/economia\/\">Economia<\/a><\/span><\/div><div class=\"cardsPage__listCard__boxs__content\"><a href=\"https:\/\/www.suno.com.br\/noticias\/selic-baixar-reuniao-copom-mourao\/\"><h2 class=\"content__title\">Selic pode baixar mais na pr\u00f3xima reuni\u00e3o do Copom, segundo Mour\u00e3o<\/h2><\/a><div class=\"newsContent__article__meta\"><div class=\"newsContent__article__meta__authorBox\"><a href=\"https:\/\/www.suno.com.br\/noticias\/author\/laura-moutinho\/\" class=\"authorBox__avatar noMobi\"><img src=\"https:\/\/files.sunoresearch.com.br\/n\/uploads\/2020\/08\/531ff69d-whatsapp-image-2020-08-03-at-14.54.38-150x150.webp\" alt=\"Laura Moutinho\"><\/a><div class=\"authorBox__name\"><span>por\n\t\t\t<a href=\"https:\/\/www.suno.com.br\/noticias\/author\/laura-moutinho\/\"><span itemprop=\"author\">Laura Moutinho<\/span><\/a><\/span><time datetime=\"2020-06-16T18:35:04-03:00\" itemprop=\"datePublished\">16\/06\/2020 18:35<\/time><\/div><\/div><\/div><\/div><\/div>","single_layout":"posts","amp_enabled":true,"_links":{"self":[{"href":"https:\/\/www.suno.com.br\/noticias\/wp-json\/wp\/v2\/posts\/69150"}],"collection":[{"href":"https:\/\/www.suno.com.br\/noticias\/wp-json\/wp\/v2\/posts"}],"about":[{"href":"https:\/\/www.suno.com.br\/noticias\/wp-json\/wp\/v2\/types\/post"}],"author":[{"embeddable":true,"href":"https:\/\/www.suno.com.br\/noticias\/wp-json\/wp\/v2\/users\/39"}],"replies":[{"embeddable":true,"href":"https:\/\/www.suno.com.br\/noticias\/wp-json\/wp\/v2\/comments?post=69150"}],"version-history":[{"count":0,"href":"https:\/\/www.suno.com.br\/noticias\/wp-json\/wp\/v2\/posts\/69150\/revisions"}],"wp:featuredmedia":[{"embeddable":true,"href":"https:\/\/www.suno.com.br\/noticias\/wp-json\/wp\/v2\/media\/8644"}],"wp:attachment":[{"href":"https:\/\/www.suno.com.br\/noticias\/wp-json\/wp\/v2\/media?parent=69150"}],"wp:term":[{"taxonomy":"category","embeddable":true,"href":"https:\/\/www.suno.com.br\/noticias\/wp-json\/wp\/v2\/categories?post=69150"},{"taxonomy":"post_tag","embeddable":true,"href":"https:\/\/www.suno.com.br\/noticias\/wp-json\/wp\/v2\/tags?post=69150"},{"taxonomy":"suno_strategy","embeddable":true,"href":"https:\/\/www.suno.com.br\/noticias\/wp-json\/wp\/v2\/suno_strategy?post=69150"}],"curies":[{"name":"wp","href":"https:\/\/api.w.org\/{rel}","templated":true}]}}