{"id":69110,"date":"2020-06-16T14:53:00","date_gmt":"2020-06-16T17:53:00","guid":{"rendered":"https:\/\/www.suno.com.br\/noticias\/?p=69110"},"modified":"2021-06-13T23:41:29","modified_gmt":"2021-06-14T02:41:29","slug":"bolsonaro-aprova-lei-proibe-corte-energia-durante-finais-semana","status":"publish","type":"post","link":"https:\/\/www.suno.com.br\/noticias\/bolsonaro-aprova-lei-proibe-corte-energia-durante-finais-semana\/","title":{"rendered":"Bolsonaro aprova lei que pro\u00edbe corte de energia durante finais de semana"},"content":{"rendered":"<p>O presidente da Rep\u00fablica, <strong>Jair Bolsonaro<\/strong>, sancionou nesta ter\u00e7a-feira (16) a lei que pro\u00edbe que distribuidoras de energia el\u00e9trica cortem a luz de clientes durante finais de semana ou feriados e sem aviso pr\u00e9vio.<\/p>\t<div class=\"wrapper-featured-image\">\n\t\t<figure class=\"spotlightImg\">\n\n\t\t\t<picture>\n\t\t\t\t<source media=\"(max-width: 768px)\" srcset=\"https:\/\/files.sunoresearch.com.br\/n\/uploads\/2018\/12\/64b6c507-amazonas-energia3-400x200.webp\">\n\t\t\t\t<img loading=\"lazy\" decoding=\"async\" class=\"newsContent__article__imgCapa lazyloadDisabled newsContent__article__imgCapa--noCaption\" src=\"https:\/\/files.sunoresearch.com.br\/n\/uploads\/2018\/12\/64b6c507-amazonas-energia3.jpg\" width=\"800\" height=\"450\" alt=\"Bolsonaro aprova lei que pro\u00edbe corte de energia durante finais de semana\" fetchpriority=high \/>\n\t\t\t<\/picture>\n\n\t\t\t<figcaption class=\"wp-caption-text wp-caption-text--hide\">Bolsonaro aprova lei que pro\u00edbe corte de energia sem aviso pr\u00e9vio<\/figcaption>\n\t\t<\/figure>\n\t<\/div>\n\n\n\n<p>O senador <strong>Weverton Rocha<\/strong> (PDT-MA), autor da mat\u00e9ria, explicou que a medida \u00e9 relevante j\u00e1 que os consumidores inadimplentes acabam sendo mais penalizados durante os dias de descanso. Isso ocorre porque n\u00e3o conseguem pagar as contas nesses dias, impedindo que a distribuidora religue imediatamente o servi\u00e7o.<\/p>\n<p>Dessa forma, a lei veda o corte de <strong>energia el\u00e9trica<\/strong> aos consumidores inadimplentes nas sextas-feiras, s\u00e1bados e domingos, assim como nos feriados e nas v\u00e9speras.<\/p>\n<p><a href=\"https:\/\/lp.suno.com.br\/suno-one\/\">Suno One: acesse gratuitamente eBooks, Minicursos, Artigos e Video Aulas sobre investimentos com um \u00fanico cadastro. Clique para saber mais!<\/a><\/p>\n<p>Adicionalmente, as companhias dever\u00e3o comunicar o consumidor sobre o corte e o dia em que ele ocorrer\u00e1. Caso as distribuidoras n\u00e3o avisem o cliente previamente, n\u00e3o poder\u00e3o cobrar a taxa de religa\u00e7\u00e3o. O descumprimento da lei tamb\u00e9m gerar\u00e1 multa \u00e0s concession\u00e1rias.<\/p>\n<p>Em mar\u00e7o a\u00a0Ag\u00eancia Nacional de Energia El\u00e9trica (<strong>Aneel<\/strong>) informou que n\u00e3o suspenderia o fornecimento de energia el\u00e9trica por falta de pagamento das contas de luz. A medida vale at\u00e9 o final de julho e foi tomada em resposta aos impactos financeiros que a pandemia do <strong>coronav\u00edrus (covid-19)<\/strong> causaram no pa\u00eds.<\/p>\n<h1 class=\"entry-title typescale-5\">Bolsonaro sanciona lei que facilita venda de im\u00f3veis<\/h1>\n<p>O presidente da Rep\u00fablica, Jair Bolsonaro, sancionou na \u00faltima quarta-feira (10) a lei que permite descontos em <strong>im\u00f3veis<\/strong> de pertencentes \u00e0 Uni\u00e3o, caso n\u00e3o existam compradores na primeira tentativa de leil\u00e3o.<\/p>\n<p><a href=\"https:\/\/www.suno.com.br\/noticias\/bolsonaro-sanciona-lei-imoveis-uniao\/\">Saiba mais: Bolsonaro sanciona lei que facilita venda im\u00f3veis da Uni\u00e3o<\/a><\/p>\n<p>Segundo projeto aprovado, o valor dos im\u00f3veis tem potencial de ser reduzido em at\u00e9 25% do patamar inicial de oferta se houver necessidade de um segundo leil\u00e3o. Dessa forma, com a medida, o governo <strong>Bolsonaro<\/strong> estima embolsar cerca de R$ 30 bilh\u00f5es nos pr\u00f3ximos tr\u00eas anos.<\/p>\n\n","protected":false},"excerpt":{"rendered":"<p>O presidente da Rep\u00fablica, Jair Bolsonaro, sancionou nesta ter\u00e7a-feira (16) a lei que pro\u00edbe que distribuidoras de energia el\u00e9trica cortem a luz de clientes durante finais de semana ou feriados e sem aviso pr\u00e9vio. Bolsonaro aprova lei que pro\u00edbe corte de energia sem aviso pr\u00e9vio O senador Weverton Rocha (PDT-MA), autor da mat\u00e9ria, explicou que [&hellip;]<\/p>\n","protected":false},"author":44,"featured_media":8369,"comment_status":"closed","ping_status":"closed","sticky":false,"template":"","format":"standard","meta":[],"categories":[65],"tags":[896,2153,719,1904],"suno_strategy":[],"class_list":["post-69110","post","type-post","status-publish","format-standard","has-post-thumbnail","hentry","category-financas-pessoais","tag-aneel","tag-energia-eletrica","tag-jair-bolsonaro","tag-mercado-imobiliario"],"yoast_head":"<!-- This site is optimized with the Yoast SEO plugin v24.4 - https:\/\/yoast.com\/wordpress\/plugins\/seo\/ -->\n<title>Bolsonaro aprova lei que pro\u00edbe corte de energia durante finais de semana<\/title>\n<meta name=\"description\" content=\"O presidente Bolsonaro aprovou lei que pro\u00edbe que distribuidoras cortem a luz de clientes durante finais de semana. Clique para ver mais.\" \/>\n<meta name=\"robots\" content=\"index, follow, max-snippet:-1, max-image-preview:large, max-video-preview:-1\" \/>\n<link rel=\"canonical\" href=\"https:\/\/www.suno.com.br\/noticias\/bolsonaro-aprova-lei-proibe-corte-energia-durante-finais-semana\/\" \/>\n<meta property=\"og:locale\" content=\"pt_BR\" \/>\n<meta property=\"og:type\" content=\"article\" \/>\n<meta property=\"og:title\" content=\"Bolsonaro aprova lei que pro\u00edbe corte de energia durante finais de semana\" \/>\n<meta property=\"og:description\" content=\"O presidente Bolsonaro aprovou lei que pro\u00edbe que distribuidoras cortem a luz de clientes durante finais de semana. Clique para ver mais.\" \/>\n<meta property=\"og:url\" content=\"https:\/\/www.suno.com.br\/noticias\/bolsonaro-aprova-lei-proibe-corte-energia-durante-finais-semana\/\" \/>\n<meta property=\"og:site_name\" content=\"Suno Not\u00edcias\" \/>\n<meta property=\"article:publisher\" content=\"https:\/\/facebook.com\/sunoresearch\" \/>\n<meta property=\"og:image\" content=\"https:\/\/files.sunoresearch.com.br\/n\/uploads\/2018\/12\/64b6c507-amazonas-energia3.jpg\" \/>\n\t<meta property=\"og:image:width\" content=\"610\" \/>\n\t<meta property=\"og:image:height\" content=\"406\" \/>\n\t<meta property=\"og:image:type\" content=\"image\/jpeg\" \/>\n<meta name=\"author\" content=\"Daniel Guimar\u00e3es\" \/>\n<meta name=\"twitter:card\" content=\"summary_large_image\" \/>\n<meta name=\"twitter:creator\" content=\"@sunoresearch\" \/>\n<meta name=\"twitter:site\" content=\"@sunoresearch\" \/>\n<meta name=\"twitter:label1\" content=\"Escrito por\" \/>\n\t<meta name=\"twitter:data1\" content=\"Daniel Guimar\u00e3es\" \/>\n\t<meta name=\"twitter:label2\" content=\"Est. tempo de leitura\" \/>\n\t<meta name=\"twitter:data2\" content=\"2 minutos\" \/>\n<script type=\"application\/ld+json\" class=\"yoast-schema-graph\">{\"@context\":\"https:\/\/schema.org\",\"@graph\":[{\"@type\":\"NewsArticle\",\"@id\":\"https:\/\/www.suno.com.br\/noticias\/bolsonaro-aprova-lei-proibe-corte-energia-durante-finais-semana\/#article\",\"isPartOf\":{\"@id\":\"https:\/\/www.suno.com.br\/noticias\/bolsonaro-aprova-lei-proibe-corte-energia-durante-finais-semana\/\"},\"author\":{\"name\":\"Daniel Guimar\u00e3es\",\"@id\":\"https:\/\/www.suno.com.br\/noticias\/#\/schema\/person\/a7796c19fcf6bafd03b9a2fa1fd9ae20\"},\"headline\":\"Bolsonaro aprova lei que pro\u00edbe corte de energia durante finais de semana\",\"datePublished\":\"2020-06-16T17:53:00+00:00\",\"dateModified\":\"2021-06-14T02:41:29+00:00\",\"mainEntityOfPage\":{\"@id\":\"https:\/\/www.suno.com.br\/noticias\/bolsonaro-aprova-lei-proibe-corte-energia-durante-finais-semana\/\"},\"wordCount\":366,\"publisher\":{\"@id\":\"https:\/\/www.suno.com.br\/noticias\/#organization\"},\"image\":{\"@id\":\"https:\/\/www.suno.com.br\/noticias\/bolsonaro-aprova-lei-proibe-corte-energia-durante-finais-semana\/#primaryimage\"},\"thumbnailUrl\":\"https:\/\/files.sunoresearch.com.br\/n\/uploads\/2018\/12\/64b6c507-amazonas-energia3.jpg\",\"keywords\":[\"Aneel\",\"energia el\u00e9trica\",\"Jair Bolsonaro\",\"mercado imobili\u00e1rio\"],\"articleSection\":[\"Finan\u00e7as Pessoais\"],\"inLanguage\":\"pt-BR\"},{\"@type\":\"WebPage\",\"@id\":\"https:\/\/www.suno.com.br\/noticias\/bolsonaro-aprova-lei-proibe-corte-energia-durante-finais-semana\/\",\"url\":\"https:\/\/www.suno.com.br\/noticias\/bolsonaro-aprova-lei-proibe-corte-energia-durante-finais-semana\/\",\"name\":\"Bolsonaro aprova lei que pro\u00edbe corte de energia durante finais de semana\",\"isPartOf\":{\"@id\":\"https:\/\/www.suno.com.br\/noticias\/#website\"},\"primaryImageOfPage\":{\"@id\":\"https:\/\/www.suno.com.br\/noticias\/bolsonaro-aprova-lei-proibe-corte-energia-durante-finais-semana\/#primaryimage\"},\"image\":{\"@id\":\"https:\/\/www.suno.com.br\/noticias\/bolsonaro-aprova-lei-proibe-corte-energia-durante-finais-semana\/#primaryimage\"},\"thumbnailUrl\":\"https:\/\/files.sunoresearch.com.br\/n\/uploads\/2018\/12\/64b6c507-amazonas-energia3.jpg\",\"datePublished\":\"2020-06-16T17:53:00+00:00\",\"dateModified\":\"2021-06-14T02:41:29+00:00\",\"description\":\"O presidente Bolsonaro aprovou lei que pro\u00edbe que distribuidoras cortem a luz de clientes durante finais de semana. Clique para ver mais.\",\"breadcrumb\":{\"@id\":\"https:\/\/www.suno.com.br\/noticias\/bolsonaro-aprova-lei-proibe-corte-energia-durante-finais-semana\/#breadcrumb\"},\"inLanguage\":\"pt-BR\",\"potentialAction\":[{\"@type\":\"ReadAction\",\"target\":[\"https:\/\/www.suno.com.br\/noticias\/bolsonaro-aprova-lei-proibe-corte-energia-durante-finais-semana\/\"]}]},{\"@type\":\"ImageObject\",\"inLanguage\":\"pt-BR\",\"@id\":\"https:\/\/www.suno.com.br\/noticias\/bolsonaro-aprova-lei-proibe-corte-energia-durante-finais-semana\/#primaryimage\",\"url\":\"https:\/\/files.sunoresearch.com.br\/n\/uploads\/2018\/12\/64b6c507-amazonas-energia3.jpg\",\"contentUrl\":\"https:\/\/files.sunoresearch.com.br\/n\/uploads\/2018\/12\/64b6c507-amazonas-energia3.jpg\",\"width\":610,\"height\":406,\"caption\":\"Bolsonaro aprova lei que pro\u00edbe corte de energia sem aviso pr\u00e9vio\"},{\"@type\":\"BreadcrumbList\",\"@id\":\"https:\/\/www.suno.com.br\/noticias\/bolsonaro-aprova-lei-proibe-corte-energia-durante-finais-semana\/#breadcrumb\",\"itemListElement\":[{\"@type\":\"ListItem\",\"position\":1,\"name\":\"Not\u00edcias\",\"item\":\"https:\/\/www.suno.com.br\/noticias\/\"},{\"@type\":\"ListItem\",\"position\":2,\"name\":\"Finan\u00e7as Pessoais\",\"item\":\"https:\/\/www.suno.com.br\/noticias\/financas-pessoais\/\"},{\"@type\":\"ListItem\",\"position\":3,\"name\":\"Bolsonaro aprova lei que pro\u00edbe corte de energia durante finais de semana\"}]},{\"@type\":\"WebSite\",\"@id\":\"https:\/\/www.suno.com.br\/noticias\/#website\",\"url\":\"https:\/\/www.suno.com.br\/noticias\/\",\"name\":\"Suno Not\u00edcias\",\"description\":\"Seu portal de informa\u00e7\u00e3o sobre o mundo dos investimentos\",\"publisher\":{\"@id\":\"https:\/\/www.suno.com.br\/noticias\/#organization\"},\"potentialAction\":[{\"@type\":\"SearchAction\",\"target\":{\"@type\":\"EntryPoint\",\"urlTemplate\":\"https:\/\/www.suno.com.br\/noticias\/?s={search_term_string}\"},\"query-input\":{\"@type\":\"PropertyValueSpecification\",\"valueRequired\":true,\"valueName\":\"search_term_string\"}}],\"inLanguage\":\"pt-BR\"},{\"@type\":\"Organization\",\"@id\":\"https:\/\/www.suno.com.br\/noticias\/#organization\",\"name\":\"Suno Not\u00edcias\",\"url\":\"https:\/\/www.suno.com.br\/noticias\/\",\"logo\":{\"@type\":\"ImageObject\",\"inLanguage\":\"pt-BR\",\"@id\":\"https:\/\/www.suno.com.br\/noticias\/#\/schema\/logo\/image\/\",\"url\":\"https:\/\/files.sunoresearch.com.br\/n\/uploads\/2021\/09\/suno-logo.png\",\"contentUrl\":\"https:\/\/files.sunoresearch.com.br\/n\/uploads\/2021\/09\/suno-logo.png\",\"width\":180,\"height\":180,\"caption\":\"Suno Not\u00edcias\"},\"image\":{\"@id\":\"https:\/\/www.suno.com.br\/noticias\/#\/schema\/logo\/image\/\"},\"sameAs\":[\"https:\/\/facebook.com\/sunoresearch\",\"https:\/\/x.com\/sunoresearch\",\"https:\/\/www.instagram.com\/suno\",\"https:\/\/www.linkedin.com\/company\/suno-research\/\",\"https:\/\/www.youtube.com\/c\/sunoresearch\"]},{\"@type\":\"Person\",\"@id\":\"https:\/\/www.suno.com.br\/noticias\/#\/schema\/person\/a7796c19fcf6bafd03b9a2fa1fd9ae20\",\"name\":\"Daniel Guimar\u00e3es\",\"image\":{\"@type\":\"ImageObject\",\"inLanguage\":\"pt-BR\",\"@id\":\"https:\/\/www.suno.com.br\/noticias\/#\/schema\/person\/image\/\",\"url\":\"https:\/\/secure.gravatar.com\/avatar\/fb8260757609f58f0c0ac079d1b32eff?s=96&r=g\",\"contentUrl\":\"https:\/\/secure.gravatar.com\/avatar\/fb8260757609f58f0c0ac079d1b32eff?s=96&r=g\",\"caption\":\"Daniel Guimar\u00e3es\"},\"description\":\"Estagi\u00e1rio na Suno Not\u00edcias, Daniel escreve not\u00edcias que afetam o mercado financeiro brasileiro e internacional. Estuda economia na Rutgers University, em New Jersey.\",\"sameAs\":[\"suno.research\"],\"url\":\"https:\/\/www.suno.com.br\/noticias\/author\/daniel\/\"}]}<\/script>\n<!-- \/ Yoast SEO plugin. -->","yoast_head_json":{"title":"Bolsonaro aprova lei que pro\u00edbe corte de energia durante finais de semana","description":"O presidente Bolsonaro aprovou lei que pro\u00edbe que distribuidoras cortem a luz de clientes durante finais de semana. Clique para ver mais.","robots":{"index":"index","follow":"follow","max-snippet":"max-snippet:-1","max-image-preview":"max-image-preview:large","max-video-preview":"max-video-preview:-1"},"canonical":"https:\/\/www.suno.com.br\/noticias\/bolsonaro-aprova-lei-proibe-corte-energia-durante-finais-semana\/","og_locale":"pt_BR","og_type":"article","og_title":"Bolsonaro aprova lei que pro\u00edbe corte de energia durante finais de semana","og_description":"O presidente Bolsonaro aprovou lei que pro\u00edbe que distribuidoras cortem a luz de clientes durante finais de semana. Clique para ver mais.","og_url":"https:\/\/www.suno.com.br\/noticias\/bolsonaro-aprova-lei-proibe-corte-energia-durante-finais-semana\/","og_site_name":"Suno Not\u00edcias","article_publisher":"https:\/\/facebook.com\/sunoresearch","og_image":[{"width":610,"height":406,"url":"https:\/\/files.sunoresearch.com.br\/n\/uploads\/2018\/12\/64b6c507-amazonas-energia3.jpg","type":"image\/jpeg"}],"author":"Daniel Guimar\u00e3es","twitter_card":"summary_large_image","twitter_creator":"@sunoresearch","twitter_site":"@sunoresearch","twitter_misc":{"Escrito por":"Daniel Guimar\u00e3es","Est. tempo de leitura":"2 minutos"},"schema":{"@context":"https:\/\/schema.org","@graph":[{"@type":"NewsArticle","@id":"https:\/\/www.suno.com.br\/noticias\/bolsonaro-aprova-lei-proibe-corte-energia-durante-finais-semana\/#article","isPartOf":{"@id":"https:\/\/www.suno.com.br\/noticias\/bolsonaro-aprova-lei-proibe-corte-energia-durante-finais-semana\/"},"author":{"name":"Daniel Guimar\u00e3es","@id":"https:\/\/www.suno.com.br\/noticias\/#\/schema\/person\/a7796c19fcf6bafd03b9a2fa1fd9ae20"},"headline":"Bolsonaro aprova lei que pro\u00edbe corte de energia durante finais de semana","datePublished":"2020-06-16T17:53:00+00:00","dateModified":"2021-06-14T02:41:29+00:00","mainEntityOfPage":{"@id":"https:\/\/www.suno.com.br\/noticias\/bolsonaro-aprova-lei-proibe-corte-energia-durante-finais-semana\/"},"wordCount":366,"publisher":{"@id":"https:\/\/www.suno.com.br\/noticias\/#organization"},"image":{"@id":"https:\/\/www.suno.com.br\/noticias\/bolsonaro-aprova-lei-proibe-corte-energia-durante-finais-semana\/#primaryimage"},"thumbnailUrl":"https:\/\/files.sunoresearch.com.br\/n\/uploads\/2018\/12\/64b6c507-amazonas-energia3.jpg","keywords":["Aneel","energia el\u00e9trica","Jair Bolsonaro","mercado imobili\u00e1rio"],"articleSection":["Finan\u00e7as Pessoais"],"inLanguage":"pt-BR"},{"@type":"WebPage","@id":"https:\/\/www.suno.com.br\/noticias\/bolsonaro-aprova-lei-proibe-corte-energia-durante-finais-semana\/","url":"https:\/\/www.suno.com.br\/noticias\/bolsonaro-aprova-lei-proibe-corte-energia-durante-finais-semana\/","name":"Bolsonaro aprova lei que pro\u00edbe corte de energia durante finais de semana","isPartOf":{"@id":"https:\/\/www.suno.com.br\/noticias\/#website"},"primaryImageOfPage":{"@id":"https:\/\/www.suno.com.br\/noticias\/bolsonaro-aprova-lei-proibe-corte-energia-durante-finais-semana\/#primaryimage"},"image":{"@id":"https:\/\/www.suno.com.br\/noticias\/bolsonaro-aprova-lei-proibe-corte-energia-durante-finais-semana\/#primaryimage"},"thumbnailUrl":"https:\/\/files.sunoresearch.com.br\/n\/uploads\/2018\/12\/64b6c507-amazonas-energia3.jpg","datePublished":"2020-06-16T17:53:00+00:00","dateModified":"2021-06-14T02:41:29+00:00","description":"O presidente Bolsonaro aprovou lei que pro\u00edbe que distribuidoras cortem a luz de clientes durante finais de semana. Clique para ver mais.","breadcrumb":{"@id":"https:\/\/www.suno.com.br\/noticias\/bolsonaro-aprova-lei-proibe-corte-energia-durante-finais-semana\/#breadcrumb"},"inLanguage":"pt-BR","potentialAction":[{"@type":"ReadAction","target":["https:\/\/www.suno.com.br\/noticias\/bolsonaro-aprova-lei-proibe-corte-energia-durante-finais-semana\/"]}]},{"@type":"ImageObject","inLanguage":"pt-BR","@id":"https:\/\/www.suno.com.br\/noticias\/bolsonaro-aprova-lei-proibe-corte-energia-durante-finais-semana\/#primaryimage","url":"https:\/\/files.sunoresearch.com.br\/n\/uploads\/2018\/12\/64b6c507-amazonas-energia3.jpg","contentUrl":"https:\/\/files.sunoresearch.com.br\/n\/uploads\/2018\/12\/64b6c507-amazonas-energia3.jpg","width":610,"height":406,"caption":"Bolsonaro aprova lei que pro\u00edbe corte de energia sem aviso pr\u00e9vio"},{"@type":"BreadcrumbList","@id":"https:\/\/www.suno.com.br\/noticias\/bolsonaro-aprova-lei-proibe-corte-energia-durante-finais-semana\/#breadcrumb","itemListElement":[{"@type":"ListItem","position":1,"name":"Not\u00edcias","item":"https:\/\/www.suno.com.br\/noticias\/"},{"@type":"ListItem","position":2,"name":"Finan\u00e7as Pessoais","item":"https:\/\/www.suno.com.br\/noticias\/financas-pessoais\/"},{"@type":"ListItem","position":3,"name":"Bolsonaro aprova lei que pro\u00edbe corte de energia durante finais de semana"}]},{"@type":"WebSite","@id":"https:\/\/www.suno.com.br\/noticias\/#website","url":"https:\/\/www.suno.com.br\/noticias\/","name":"Suno Not\u00edcias","description":"Seu portal de informa\u00e7\u00e3o sobre o mundo dos investimentos","publisher":{"@id":"https:\/\/www.suno.com.br\/noticias\/#organization"},"potentialAction":[{"@type":"SearchAction","target":{"@type":"EntryPoint","urlTemplate":"https:\/\/www.suno.com.br\/noticias\/?s={search_term_string}"},"query-input":{"@type":"PropertyValueSpecification","valueRequired":true,"valueName":"search_term_string"}}],"inLanguage":"pt-BR"},{"@type":"Organization","@id":"https:\/\/www.suno.com.br\/noticias\/#organization","name":"Suno Not\u00edcias","url":"https:\/\/www.suno.com.br\/noticias\/","logo":{"@type":"ImageObject","inLanguage":"pt-BR","@id":"https:\/\/www.suno.com.br\/noticias\/#\/schema\/logo\/image\/","url":"https:\/\/files.sunoresearch.com.br\/n\/uploads\/2021\/09\/suno-logo.png","contentUrl":"https:\/\/files.sunoresearch.com.br\/n\/uploads\/2021\/09\/suno-logo.png","width":180,"height":180,"caption":"Suno Not\u00edcias"},"image":{"@id":"https:\/\/www.suno.com.br\/noticias\/#\/schema\/logo\/image\/"},"sameAs":["https:\/\/facebook.com\/sunoresearch","https:\/\/x.com\/sunoresearch","https:\/\/www.instagram.com\/suno","https:\/\/www.linkedin.com\/company\/suno-research\/","https:\/\/www.youtube.com\/c\/sunoresearch"]},{"@type":"Person","@id":"https:\/\/www.suno.com.br\/noticias\/#\/schema\/person\/a7796c19fcf6bafd03b9a2fa1fd9ae20","name":"Daniel Guimar\u00e3es","image":{"@type":"ImageObject","inLanguage":"pt-BR","@id":"https:\/\/www.suno.com.br\/noticias\/#\/schema\/person\/image\/","url":"https:\/\/secure.gravatar.com\/avatar\/fb8260757609f58f0c0ac079d1b32eff?s=96&r=g","contentUrl":"https:\/\/secure.gravatar.com\/avatar\/fb8260757609f58f0c0ac079d1b32eff?s=96&r=g","caption":"Daniel Guimar\u00e3es"},"description":"Estagi\u00e1rio na Suno Not\u00edcias, Daniel escreve not\u00edcias que afetam o mercado financeiro brasileiro e internacional. Estuda economia na Rutgers University, em New Jersey.","sameAs":["suno.research"],"url":"https:\/\/www.suno.com.br\/noticias\/author\/daniel\/"}]}},"default_loop_html":"<div class=\"cardsPage__listCard__boxs\"><div class=\"cardsPage__listCard__boxs__img\"><a href=\"https:\/\/www.suno.com.br\/noticias\/bolsonaro-aprova-lei-proibe-corte-energia-durante-finais-semana\/\"><img class=\"mask\" src=\"https:\/\/www.suno.com.br\/noticias\/wp-content\/themes\/suno\/resources\/images\/spotlight\/spotlight1img\/bg-mask.png\" alt=\"Image Mask\"\/><img src=\"https:\/\/files.sunoresearch.com.br\/n\/uploads\/2018\/12\/64b6c507-amazonas-energia3-400x200.webp\" alt=\"Bolsonaro aprova lei que pro\u00edbe corte de energia durante finais de semana\"\/><\/a><span class=\"spotlightCategory\"><a href=\"https:\/\/www.suno.com.br\/noticias\/financas-pessoais\/\">Finan\u00e7as Pessoais<\/a><\/span><\/div><div class=\"cardsPage__listCard__boxs__content\"><a href=\"https:\/\/www.suno.com.br\/noticias\/bolsonaro-aprova-lei-proibe-corte-energia-durante-finais-semana\/\"><h2 class=\"content__title\">Bolsonaro aprova lei que pro\u00edbe corte de energia durante finais de semana<\/h2><\/a><div class=\"newsContent__article__meta\"><div class=\"newsContent__article__meta__authorBox\"><a href=\"https:\/\/www.suno.com.br\/noticias\/author\/daniel\/\" class=\"authorBox__avatar noMobi\"><img src=\"https:\/\/files.sunoresearch.com.br\/n\/uploads\/2020\/08\/e51aadd2-whatsapp-image-2020-08-03-at-14.03.48-150x150.webp\" alt=\"Daniel Guimar\u00e3es\"><\/a><div class=\"authorBox__name\"><span>por\n\t\t\t<a href=\"https:\/\/www.suno.com.br\/noticias\/author\/daniel\/\"><span itemprop=\"author\">Daniel Guimar\u00e3es<\/span><\/a><\/span><time datetime=\"2020-06-16T14:53:00-03:00\" itemprop=\"datePublished\">16\/06\/2020 14:53<\/time><\/div><\/div><\/div><\/div><\/div>","single_layout":"posts","amp_enabled":true,"_links":{"self":[{"href":"https:\/\/www.suno.com.br\/noticias\/wp-json\/wp\/v2\/posts\/69110"}],"collection":[{"href":"https:\/\/www.suno.com.br\/noticias\/wp-json\/wp\/v2\/posts"}],"about":[{"href":"https:\/\/www.suno.com.br\/noticias\/wp-json\/wp\/v2\/types\/post"}],"author":[{"embeddable":true,"href":"https:\/\/www.suno.com.br\/noticias\/wp-json\/wp\/v2\/users\/44"}],"replies":[{"embeddable":true,"href":"https:\/\/www.suno.com.br\/noticias\/wp-json\/wp\/v2\/comments?post=69110"}],"version-history":[{"count":1,"href":"https:\/\/www.suno.com.br\/noticias\/wp-json\/wp\/v2\/posts\/69110\/revisions"}],"predecessor-version":[{"id":157106,"href":"https:\/\/www.suno.com.br\/noticias\/wp-json\/wp\/v2\/posts\/69110\/revisions\/157106"}],"wp:featuredmedia":[{"embeddable":true,"href":"https:\/\/www.suno.com.br\/noticias\/wp-json\/wp\/v2\/media\/8369"}],"wp:attachment":[{"href":"https:\/\/www.suno.com.br\/noticias\/wp-json\/wp\/v2\/media?parent=69110"}],"wp:term":[{"taxonomy":"category","embeddable":true,"href":"https:\/\/www.suno.com.br\/noticias\/wp-json\/wp\/v2\/categories?post=69110"},{"taxonomy":"post_tag","embeddable":true,"href":"https:\/\/www.suno.com.br\/noticias\/wp-json\/wp\/v2\/tags?post=69110"},{"taxonomy":"suno_strategy","embeddable":true,"href":"https:\/\/www.suno.com.br\/noticias\/wp-json\/wp\/v2\/suno_strategy?post=69110"}],"curies":[{"name":"wp","href":"https:\/\/api.w.org\/{rel}","templated":true}]}}