{"id":69104,"date":"2020-06-16T14:16:46","date_gmt":"2020-06-16T17:16:46","guid":{"rendered":"https:\/\/www.suno.com.br\/noticias\/?p=69104"},"modified":"2020-06-16T14:17:08","modified_gmt":"2020-06-16T17:17:08","slug":"embraer-embr3-quatro-executivos-quadro-diretivo","status":"publish","type":"post","link":"https:\/\/www.suno.com.br\/noticias\/embraer-embr3-quatro-executivos-quadro-diretivo\/","title":{"rendered":"Embraer (EMBR3): quatro executivos deixar\u00e3o quadro diretivo da empresa"},"content":{"rendered":"<p>A <a href=\"https:\/\/www.suno.com.br\/acoes\/embr3\/\"><strong>Embraer<\/strong> (EMBR3)<\/a> ter\u00e1 uma baixa de mais quatro executivos em seu quadro diretivo, de acordo com informa\u00e7\u00f5es publicadas pela ag\u00eancia &#8220;Reuters&#8221; nesta ter\u00e7a-feira (16).<\/p>\t<div class=\"wrapper-featured-image\">\n\t\t<figure class=\"spotlightImg\">\n\n\t\t\t<picture>\n\t\t\t\t<source media=\"(max-width: 768px)\" srcset=\"https:\/\/files.sunoresearch.com.br\/n\/uploads\/2018\/12\/ec49485a-boeing-embraer2-400x200.webp\">\n\t\t\t\t<img loading=\"lazy\" decoding=\"async\" class=\"newsContent__article__imgCapa lazyloadDisabled newsContent__article__imgCapa--noCaption\" src=\"https:\/\/files.sunoresearch.com.br\/n\/uploads\/2018\/12\/ec49485a-boeing-embraer2-jpg.webp\" width=\"800\" height=\"450\" alt=\"Embraer (EMBR3): quatro executivos deixar\u00e3o quadro diretivo da empresa\" fetchpriority=high \/>\n\t\t\t<\/picture>\n\n\t\t\t<figcaption class=\"wp-caption-text wp-caption-text--hide\">A Embraer (EMBR3) comunicou que a decis\u00e3o foi tomada devido \u00e0 divulga\u00e7\u00e3o de \u201cinforma\u00e7\u00f5es falsas e manipuladas&quot; por parte do sindicato<\/figcaption>\n\t\t<\/figure>\n\t<\/div>\n\n\n\n<p>Entre os colaboradores que est\u00e3o deixando a empresa est\u00e1 Nelson Salgado, vice-presidente de opera\u00e7\u00f5es da Embraer, que est\u00e1 na companhia h\u00e1 mais de 30 anos. Salgado tamb\u00e9m foi vice-presidente financeiro da companhia.<\/p>\n<p>Outro que, segundo as fontes da ag\u00eancia &#8216;Reuters&#8217;, est\u00e1 de sa\u00edda \u00e9 Antonio Campello, que chefiou a EmbraerX, respons\u00e1vel pelos projetos de inova\u00e7\u00e3o da companhia.<\/p>\n<p><a href=\"https:\/\/lp.suno.com.br\/suno-one\/\">Suno One: acesse gratuitamente eBooks, Minicursos, Artigos e Video Aulas sobre investimentos com um \u00fanico cadastro. Clique para saber mais!<\/a><\/p>\n<p>Helio Bambini, vice-presidente de opera\u00e7\u00f5es, e Mauro Kern, vice-presidente de engenharia, tamb\u00e9m devem deixar a Embraer. Eles permaneceriam com a Boeing, que iria liderar a parceria das duas empresas, caso o neg\u00f3cio tivesse ido adiante.<\/p>\n<p>Na \u00faltima segunda-feira (15), a fabricante de aeronaves comunicou que John Slattery, que comandava a unidade de avia\u00e7\u00e3o comercial, estava de sa\u00edda da companhia. Ele dever\u00e1 assumir o comando da GE Aviation.<\/p>\n<p>O CEO da Embraer, Francisco Gomes Neto, afirmou recentemente que a empresa estava fazendo algumas &#8220;mudan\u00e7as organizacionais&#8221;.<\/p>\n<p>&#8220;Estou convencido de que temos muitas oportunidades para tornar a Embraer uma organiza\u00e7\u00e3o mais \u00e1gil, al\u00e9m de mais simples e competitiva, tornando-a mais eficiente em todas as \u00e1reas&#8221;, afirmou Gomes Neto em comunicado.<\/p>\n<h2>Embraer acerta financiamento de US$ 600 mi para exporta\u00e7\u00f5es<\/h2>\n<p>A Embraer contratou um financiamento de US$ 600 milh\u00f5es (cerca de R$ 3 bilh\u00f5es) para exporta\u00e7\u00f5es. O pagamento poder\u00e1 ser feito em at\u00e9 4 anos. A informa\u00e7\u00e3o foi divulgada ao mercado na \u00faltima segunda-feira (15). Segundo a companhia, o cr\u00e9dito refor\u00e7ar\u00e1 ainda mais sua posi\u00e7\u00e3o de caixa.<\/p>\n<p>Do valor total, US$ 300 milh\u00f5es (cerca de R$ 1,5 bilh\u00e3o) ser\u00e3o custeados pelo<a href=\"https:\/\/www.suno.com.br\/artigos\/bancos-de-desenvolvimento\/\"> Banco Nacional de Desenvolvimento Econ\u00f4mico e Social (BNDES)<\/a>, segundo a Embraer. Para custear a Embraer, o banco lan\u00e7ou uma linha de cr\u00e9dito tradicional, a BNDES Exim Pr\u00e9-embarque. Os outros 50% ser\u00e3o financiados por bancos p\u00fablicos e privados.<\/p>\n<p>A <strong>Embraer<\/strong> ainda destacou que essas linhas, comumente disponibilizadas \u00e0s empresas exportadoras, &#8220;refor\u00e7ar\u00e3o ainda mais a posi\u00e7\u00e3o de caixa da companhia garantindo recursos desde a fase de produ\u00e7\u00e3o at\u00e9 o momento do embarque dos produtos para o mercado externo&#8221;.<\/p>\n\n","protected":false},"excerpt":{"rendered":"<p>A Embraer (EMBR3) ter\u00e1 uma baixa de mais quatro executivos em seu quadro diretivo, de acordo com informa\u00e7\u00f5es publicadas pela ag\u00eancia &#8220;Reuters&#8221; nesta ter\u00e7a-feira (16). A Embraer (EMBR3) comunicou que a decis\u00e3o foi tomada devido \u00e0 divulga\u00e7\u00e3o de \u201cinforma\u00e7\u00f5es falsas e manipuladas&quot; por parte do sindicato Entre os colaboradores que est\u00e3o deixando a empresa est\u00e1 [&hellip;]<\/p>\n","protected":false},"author":19,"featured_media":9126,"comment_status":"closed","ping_status":"closed","sticky":false,"template":"","format":"standard","meta":[],"categories":[64],"tags":[460],"suno_strategy":[],"class_list":["post-69104","post","type-post","status-publish","format-standard","has-post-thumbnail","hentry","category-negocios","tag-embraer-embr3"],"yoast_head":"<!-- This site is optimized with the Yoast SEO plugin v24.4 - https:\/\/yoast.com\/wordpress\/plugins\/seo\/ -->\n<title>Embraer (EMBR3): quatro executivos deixar\u00e3o quadro diretivo da empresa<\/title>\n<meta name=\"description\" content=\"A Embraer (EMBR3) ter\u00e1 uma baixa de mais quatro executivos em seu quadro diretivo, de acordo com informa\u00e7\u00f5es da ag\u00eancia &quot;Reuters&quot;.\" \/>\n<meta name=\"robots\" content=\"index, follow, max-snippet:-1, max-image-preview:large, max-video-preview:-1\" \/>\n<link rel=\"canonical\" href=\"https:\/\/www.suno.com.br\/noticias\/embraer-embr3-quatro-executivos-quadro-diretivo\/\" \/>\n<meta property=\"og:locale\" content=\"pt_BR\" \/>\n<meta property=\"og:type\" content=\"article\" \/>\n<meta property=\"og:title\" content=\"Embraer (EMBR3): quatro executivos deixar\u00e3o quadro diretivo da empresa\" \/>\n<meta property=\"og:description\" content=\"A Embraer (EMBR3) ter\u00e1 uma baixa de mais quatro executivos em seu quadro diretivo, de acordo com informa\u00e7\u00f5es da ag\u00eancia &quot;Reuters&quot;.\" \/>\n<meta property=\"og:url\" content=\"https:\/\/www.suno.com.br\/noticias\/embraer-embr3-quatro-executivos-quadro-diretivo\/\" \/>\n<meta property=\"og:site_name\" content=\"Suno Not\u00edcias\" \/>\n<meta property=\"article:publisher\" content=\"https:\/\/facebook.com\/sunoresearch\" \/>\n<meta property=\"og:image\" content=\"https:\/\/files.sunoresearch.com.br\/n\/uploads\/2018\/12\/ec49485a-boeing-embraer2.jpg\" \/>\n\t<meta property=\"og:image:width\" content=\"748\" \/>\n\t<meta property=\"og:image:height\" content=\"410\" \/>\n\t<meta property=\"og:image:type\" content=\"image\/jpeg\" \/>\n<meta name=\"author\" content=\"Juliano Passaro\" \/>\n<meta name=\"twitter:card\" content=\"summary_large_image\" \/>\n<meta name=\"twitter:creator\" content=\"@sunoresearch\" \/>\n<meta name=\"twitter:site\" content=\"@sunoresearch\" \/>\n<meta name=\"twitter:label1\" content=\"Escrito por\" \/>\n\t<meta name=\"twitter:data1\" content=\"Juliano Passaro\" \/>\n\t<meta name=\"twitter:label2\" content=\"Est. tempo de leitura\" \/>\n\t<meta name=\"twitter:data2\" content=\"2 minutos\" \/>\n<script type=\"application\/ld+json\" class=\"yoast-schema-graph\">{\"@context\":\"https:\/\/schema.org\",\"@graph\":[{\"@type\":\"NewsArticle\",\"@id\":\"https:\/\/www.suno.com.br\/noticias\/embraer-embr3-quatro-executivos-quadro-diretivo\/#article\",\"isPartOf\":{\"@id\":\"https:\/\/www.suno.com.br\/noticias\/embraer-embr3-quatro-executivos-quadro-diretivo\/\"},\"author\":{\"name\":\"Juliano Passaro\",\"@id\":\"https:\/\/www.suno.com.br\/noticias\/#\/schema\/person\/1db762f78ffd8919a648a63e425953e3\"},\"headline\":\"Embraer (EMBR3): quatro executivos deixar\u00e3o quadro diretivo da empresa\",\"datePublished\":\"2020-06-16T17:16:46+00:00\",\"dateModified\":\"2020-06-16T17:17:08+00:00\",\"mainEntityOfPage\":{\"@id\":\"https:\/\/www.suno.com.br\/noticias\/embraer-embr3-quatro-executivos-quadro-diretivo\/\"},\"wordCount\":410,\"publisher\":{\"@id\":\"https:\/\/www.suno.com.br\/noticias\/#organization\"},\"image\":{\"@id\":\"https:\/\/www.suno.com.br\/noticias\/embraer-embr3-quatro-executivos-quadro-diretivo\/#primaryimage\"},\"thumbnailUrl\":\"https:\/\/files.sunoresearch.com.br\/n\/uploads\/2018\/12\/ec49485a-boeing-embraer2-jpg.webp\",\"keywords\":[\"Embraer (EMBR3)\"],\"articleSection\":[\"Neg\u00f3cios\"],\"inLanguage\":\"pt-BR\"},{\"@type\":\"WebPage\",\"@id\":\"https:\/\/www.suno.com.br\/noticias\/embraer-embr3-quatro-executivos-quadro-diretivo\/\",\"url\":\"https:\/\/www.suno.com.br\/noticias\/embraer-embr3-quatro-executivos-quadro-diretivo\/\",\"name\":\"Embraer (EMBR3): quatro executivos deixar\u00e3o quadro diretivo da empresa\",\"isPartOf\":{\"@id\":\"https:\/\/www.suno.com.br\/noticias\/#website\"},\"primaryImageOfPage\":{\"@id\":\"https:\/\/www.suno.com.br\/noticias\/embraer-embr3-quatro-executivos-quadro-diretivo\/#primaryimage\"},\"image\":{\"@id\":\"https:\/\/www.suno.com.br\/noticias\/embraer-embr3-quatro-executivos-quadro-diretivo\/#primaryimage\"},\"thumbnailUrl\":\"https:\/\/files.sunoresearch.com.br\/n\/uploads\/2018\/12\/ec49485a-boeing-embraer2-jpg.webp\",\"datePublished\":\"2020-06-16T17:16:46+00:00\",\"dateModified\":\"2020-06-16T17:17:08+00:00\",\"description\":\"A Embraer (EMBR3) ter\u00e1 uma baixa de mais quatro executivos em seu quadro diretivo, de acordo com informa\u00e7\u00f5es da ag\u00eancia \\\"Reuters\\\".\",\"breadcrumb\":{\"@id\":\"https:\/\/www.suno.com.br\/noticias\/embraer-embr3-quatro-executivos-quadro-diretivo\/#breadcrumb\"},\"inLanguage\":\"pt-BR\",\"potentialAction\":[{\"@type\":\"ReadAction\",\"target\":[\"https:\/\/www.suno.com.br\/noticias\/embraer-embr3-quatro-executivos-quadro-diretivo\/\"]}]},{\"@type\":\"ImageObject\",\"inLanguage\":\"pt-BR\",\"@id\":\"https:\/\/www.suno.com.br\/noticias\/embraer-embr3-quatro-executivos-quadro-diretivo\/#primaryimage\",\"url\":\"https:\/\/files.sunoresearch.com.br\/n\/uploads\/2018\/12\/ec49485a-boeing-embraer2-jpg.webp\",\"contentUrl\":\"https:\/\/files.sunoresearch.com.br\/n\/uploads\/2018\/12\/ec49485a-boeing-embraer2-jpg.webp\",\"width\":748,\"height\":410,\"caption\":\"A Embraer (EMBR3) comunicou que a decis\u00e3o foi tomada devido \u00e0 divulga\u00e7\u00e3o de \u201cinforma\u00e7\u00f5es falsas e manipuladas\\\" por parte do sindicato\"},{\"@type\":\"BreadcrumbList\",\"@id\":\"https:\/\/www.suno.com.br\/noticias\/embraer-embr3-quatro-executivos-quadro-diretivo\/#breadcrumb\",\"itemListElement\":[{\"@type\":\"ListItem\",\"position\":1,\"name\":\"Not\u00edcias\",\"item\":\"https:\/\/www.suno.com.br\/noticias\/\"},{\"@type\":\"ListItem\",\"position\":2,\"name\":\"Neg\u00f3cios\",\"item\":\"https:\/\/www.suno.com.br\/noticias\/negocios\/\"},{\"@type\":\"ListItem\",\"position\":3,\"name\":\"Embraer (EMBR3): quatro executivos deixar\u00e3o quadro diretivo da empresa\"}]},{\"@type\":\"WebSite\",\"@id\":\"https:\/\/www.suno.com.br\/noticias\/#website\",\"url\":\"https:\/\/www.suno.com.br\/noticias\/\",\"name\":\"Suno Not\u00edcias\",\"description\":\"Seu portal de informa\u00e7\u00e3o sobre o mundo dos investimentos\",\"publisher\":{\"@id\":\"https:\/\/www.suno.com.br\/noticias\/#organization\"},\"potentialAction\":[{\"@type\":\"SearchAction\",\"target\":{\"@type\":\"EntryPoint\",\"urlTemplate\":\"https:\/\/www.suno.com.br\/noticias\/?s={search_term_string}\"},\"query-input\":{\"@type\":\"PropertyValueSpecification\",\"valueRequired\":true,\"valueName\":\"search_term_string\"}}],\"inLanguage\":\"pt-BR\"},{\"@type\":\"Organization\",\"@id\":\"https:\/\/www.suno.com.br\/noticias\/#organization\",\"name\":\"Suno Not\u00edcias\",\"url\":\"https:\/\/www.suno.com.br\/noticias\/\",\"logo\":{\"@type\":\"ImageObject\",\"inLanguage\":\"pt-BR\",\"@id\":\"https:\/\/www.suno.com.br\/noticias\/#\/schema\/logo\/image\/\",\"url\":\"https:\/\/files.sunoresearch.com.br\/n\/uploads\/2021\/09\/suno-logo.png\",\"contentUrl\":\"https:\/\/files.sunoresearch.com.br\/n\/uploads\/2021\/09\/suno-logo.png\",\"width\":180,\"height\":180,\"caption\":\"Suno Not\u00edcias\"},\"image\":{\"@id\":\"https:\/\/www.suno.com.br\/noticias\/#\/schema\/logo\/image\/\"},\"sameAs\":[\"https:\/\/facebook.com\/sunoresearch\",\"https:\/\/x.com\/sunoresearch\",\"https:\/\/www.instagram.com\/suno\",\"https:\/\/www.linkedin.com\/company\/suno-research\/\",\"https:\/\/www.youtube.com\/c\/sunoresearch\"]},{\"@type\":\"Person\",\"@id\":\"https:\/\/www.suno.com.br\/noticias\/#\/schema\/person\/1db762f78ffd8919a648a63e425953e3\",\"name\":\"Juliano Passaro\",\"image\":{\"@type\":\"ImageObject\",\"inLanguage\":\"pt-BR\",\"@id\":\"https:\/\/www.suno.com.br\/noticias\/#\/schema\/person\/image\/\",\"url\":\"https:\/\/secure.gravatar.com\/avatar\/743d4df28eebf6dcc46b4ad03c319e92?s=96&r=g\",\"contentUrl\":\"https:\/\/secure.gravatar.com\/avatar\/743d4df28eebf6dcc46b4ad03c319e92?s=96&r=g\",\"caption\":\"Juliano Passaro\"},\"description\":\"Juliano Passaro escreve sobre pol\u00edtica, economia e neg\u00f3cios para o portal da Suno Research. Antes da Suno, trabalhou no Portal da Band. \u00c9 formado em jornalismo pela Universidade Presbiteriana Mackenzie.\",\"url\":\"https:\/\/www.suno.com.br\/noticias\/author\/juliano\/\"}]}<\/script>\n<!-- \/ Yoast SEO plugin. -->","yoast_head_json":{"title":"Embraer (EMBR3): quatro executivos deixar\u00e3o quadro diretivo da empresa","description":"A Embraer (EMBR3) ter\u00e1 uma baixa de mais quatro executivos em seu quadro diretivo, de acordo com informa\u00e7\u00f5es da ag\u00eancia \"Reuters\".","robots":{"index":"index","follow":"follow","max-snippet":"max-snippet:-1","max-image-preview":"max-image-preview:large","max-video-preview":"max-video-preview:-1"},"canonical":"https:\/\/www.suno.com.br\/noticias\/embraer-embr3-quatro-executivos-quadro-diretivo\/","og_locale":"pt_BR","og_type":"article","og_title":"Embraer (EMBR3): quatro executivos deixar\u00e3o quadro diretivo da empresa","og_description":"A Embraer (EMBR3) ter\u00e1 uma baixa de mais quatro executivos em seu quadro diretivo, de acordo com informa\u00e7\u00f5es da ag\u00eancia \"Reuters\".","og_url":"https:\/\/www.suno.com.br\/noticias\/embraer-embr3-quatro-executivos-quadro-diretivo\/","og_site_name":"Suno Not\u00edcias","article_publisher":"https:\/\/facebook.com\/sunoresearch","og_image":[{"width":748,"height":410,"url":"https:\/\/files.sunoresearch.com.br\/n\/uploads\/2018\/12\/ec49485a-boeing-embraer2.jpg","type":"image\/jpeg"}],"author":"Juliano Passaro","twitter_card":"summary_large_image","twitter_creator":"@sunoresearch","twitter_site":"@sunoresearch","twitter_misc":{"Escrito por":"Juliano Passaro","Est. tempo de leitura":"2 minutos"},"schema":{"@context":"https:\/\/schema.org","@graph":[{"@type":"NewsArticle","@id":"https:\/\/www.suno.com.br\/noticias\/embraer-embr3-quatro-executivos-quadro-diretivo\/#article","isPartOf":{"@id":"https:\/\/www.suno.com.br\/noticias\/embraer-embr3-quatro-executivos-quadro-diretivo\/"},"author":{"name":"Juliano Passaro","@id":"https:\/\/www.suno.com.br\/noticias\/#\/schema\/person\/1db762f78ffd8919a648a63e425953e3"},"headline":"Embraer (EMBR3): quatro executivos deixar\u00e3o quadro diretivo da empresa","datePublished":"2020-06-16T17:16:46+00:00","dateModified":"2020-06-16T17:17:08+00:00","mainEntityOfPage":{"@id":"https:\/\/www.suno.com.br\/noticias\/embraer-embr3-quatro-executivos-quadro-diretivo\/"},"wordCount":410,"publisher":{"@id":"https:\/\/www.suno.com.br\/noticias\/#organization"},"image":{"@id":"https:\/\/www.suno.com.br\/noticias\/embraer-embr3-quatro-executivos-quadro-diretivo\/#primaryimage"},"thumbnailUrl":"https:\/\/files.sunoresearch.com.br\/n\/uploads\/2018\/12\/ec49485a-boeing-embraer2-jpg.webp","keywords":["Embraer (EMBR3)"],"articleSection":["Neg\u00f3cios"],"inLanguage":"pt-BR"},{"@type":"WebPage","@id":"https:\/\/www.suno.com.br\/noticias\/embraer-embr3-quatro-executivos-quadro-diretivo\/","url":"https:\/\/www.suno.com.br\/noticias\/embraer-embr3-quatro-executivos-quadro-diretivo\/","name":"Embraer (EMBR3): quatro executivos deixar\u00e3o quadro diretivo da empresa","isPartOf":{"@id":"https:\/\/www.suno.com.br\/noticias\/#website"},"primaryImageOfPage":{"@id":"https:\/\/www.suno.com.br\/noticias\/embraer-embr3-quatro-executivos-quadro-diretivo\/#primaryimage"},"image":{"@id":"https:\/\/www.suno.com.br\/noticias\/embraer-embr3-quatro-executivos-quadro-diretivo\/#primaryimage"},"thumbnailUrl":"https:\/\/files.sunoresearch.com.br\/n\/uploads\/2018\/12\/ec49485a-boeing-embraer2-jpg.webp","datePublished":"2020-06-16T17:16:46+00:00","dateModified":"2020-06-16T17:17:08+00:00","description":"A Embraer (EMBR3) ter\u00e1 uma baixa de mais quatro executivos em seu quadro diretivo, de acordo com informa\u00e7\u00f5es da ag\u00eancia \"Reuters\".","breadcrumb":{"@id":"https:\/\/www.suno.com.br\/noticias\/embraer-embr3-quatro-executivos-quadro-diretivo\/#breadcrumb"},"inLanguage":"pt-BR","potentialAction":[{"@type":"ReadAction","target":["https:\/\/www.suno.com.br\/noticias\/embraer-embr3-quatro-executivos-quadro-diretivo\/"]}]},{"@type":"ImageObject","inLanguage":"pt-BR","@id":"https:\/\/www.suno.com.br\/noticias\/embraer-embr3-quatro-executivos-quadro-diretivo\/#primaryimage","url":"https:\/\/files.sunoresearch.com.br\/n\/uploads\/2018\/12\/ec49485a-boeing-embraer2-jpg.webp","contentUrl":"https:\/\/files.sunoresearch.com.br\/n\/uploads\/2018\/12\/ec49485a-boeing-embraer2-jpg.webp","width":748,"height":410,"caption":"A Embraer (EMBR3) comunicou que a decis\u00e3o foi tomada devido \u00e0 divulga\u00e7\u00e3o de \u201cinforma\u00e7\u00f5es falsas e manipuladas\" por parte do sindicato"},{"@type":"BreadcrumbList","@id":"https:\/\/www.suno.com.br\/noticias\/embraer-embr3-quatro-executivos-quadro-diretivo\/#breadcrumb","itemListElement":[{"@type":"ListItem","position":1,"name":"Not\u00edcias","item":"https:\/\/www.suno.com.br\/noticias\/"},{"@type":"ListItem","position":2,"name":"Neg\u00f3cios","item":"https:\/\/www.suno.com.br\/noticias\/negocios\/"},{"@type":"ListItem","position":3,"name":"Embraer (EMBR3): quatro executivos deixar\u00e3o quadro diretivo da empresa"}]},{"@type":"WebSite","@id":"https:\/\/www.suno.com.br\/noticias\/#website","url":"https:\/\/www.suno.com.br\/noticias\/","name":"Suno Not\u00edcias","description":"Seu portal de informa\u00e7\u00e3o sobre o mundo dos investimentos","publisher":{"@id":"https:\/\/www.suno.com.br\/noticias\/#organization"},"potentialAction":[{"@type":"SearchAction","target":{"@type":"EntryPoint","urlTemplate":"https:\/\/www.suno.com.br\/noticias\/?s={search_term_string}"},"query-input":{"@type":"PropertyValueSpecification","valueRequired":true,"valueName":"search_term_string"}}],"inLanguage":"pt-BR"},{"@type":"Organization","@id":"https:\/\/www.suno.com.br\/noticias\/#organization","name":"Suno Not\u00edcias","url":"https:\/\/www.suno.com.br\/noticias\/","logo":{"@type":"ImageObject","inLanguage":"pt-BR","@id":"https:\/\/www.suno.com.br\/noticias\/#\/schema\/logo\/image\/","url":"https:\/\/files.sunoresearch.com.br\/n\/uploads\/2021\/09\/suno-logo.png","contentUrl":"https:\/\/files.sunoresearch.com.br\/n\/uploads\/2021\/09\/suno-logo.png","width":180,"height":180,"caption":"Suno Not\u00edcias"},"image":{"@id":"https:\/\/www.suno.com.br\/noticias\/#\/schema\/logo\/image\/"},"sameAs":["https:\/\/facebook.com\/sunoresearch","https:\/\/x.com\/sunoresearch","https:\/\/www.instagram.com\/suno","https:\/\/www.linkedin.com\/company\/suno-research\/","https:\/\/www.youtube.com\/c\/sunoresearch"]},{"@type":"Person","@id":"https:\/\/www.suno.com.br\/noticias\/#\/schema\/person\/1db762f78ffd8919a648a63e425953e3","name":"Juliano Passaro","image":{"@type":"ImageObject","inLanguage":"pt-BR","@id":"https:\/\/www.suno.com.br\/noticias\/#\/schema\/person\/image\/","url":"https:\/\/secure.gravatar.com\/avatar\/743d4df28eebf6dcc46b4ad03c319e92?s=96&r=g","contentUrl":"https:\/\/secure.gravatar.com\/avatar\/743d4df28eebf6dcc46b4ad03c319e92?s=96&r=g","caption":"Juliano Passaro"},"description":"Juliano Passaro escreve sobre pol\u00edtica, economia e neg\u00f3cios para o portal da Suno Research. Antes da Suno, trabalhou no Portal da Band. \u00c9 formado em jornalismo pela Universidade Presbiteriana Mackenzie.","url":"https:\/\/www.suno.com.br\/noticias\/author\/juliano\/"}]}},"default_loop_html":"<div class=\"cardsPage__listCard__boxs\"><div class=\"cardsPage__listCard__boxs__img\"><a href=\"https:\/\/www.suno.com.br\/noticias\/embraer-embr3-quatro-executivos-quadro-diretivo\/\"><img class=\"mask\" src=\"https:\/\/www.suno.com.br\/noticias\/wp-content\/themes\/suno\/resources\/images\/spotlight\/spotlight1img\/bg-mask.png\" alt=\"Image Mask\"\/><img src=\"https:\/\/files.sunoresearch.com.br\/n\/uploads\/2018\/12\/ec49485a-boeing-embraer2-400x200.webp\" alt=\"Embraer (EMBR3): quatro executivos deixar\u00e3o quadro diretivo da empresa\"\/><\/a><span class=\"spotlightCategory\"><a href=\"https:\/\/www.suno.com.br\/noticias\/negocios\/\">Neg\u00f3cios<\/a><\/span><\/div><div class=\"cardsPage__listCard__boxs__content\"><a href=\"https:\/\/www.suno.com.br\/noticias\/embraer-embr3-quatro-executivos-quadro-diretivo\/\"><h2 class=\"content__title\">Embraer (EMBR3): quatro executivos deixar\u00e3o quadro diretivo da empresa<\/h2><\/a><div class=\"newsContent__article__meta\"><div class=\"newsContent__article__meta__authorBox\"><a href=\"https:\/\/www.suno.com.br\/noticias\/author\/juliano\/\" class=\"authorBox__avatar noMobi\"><img src=\"https:\/\/files.sunoresearch.com.br\/n\/uploads\/2019\/06\/7cc3efea-whatsapp-image-2019-07-18-at-21.59.33-e1563499821209-150x150.webp\" alt=\"Juliano Passaro\"><\/a><div class=\"authorBox__name\"><span>por\n\t\t\t<a href=\"https:\/\/www.suno.com.br\/noticias\/author\/juliano\/\"><span itemprop=\"author\">Juliano Passaro<\/span><\/a><\/span><time datetime=\"2020-06-16T14:16:46-03:00\" itemprop=\"datePublished\">16\/06\/2020 14:16<\/time><\/div><\/div><\/div><\/div><\/div>","single_layout":"posts","amp_enabled":true,"_links":{"self":[{"href":"https:\/\/www.suno.com.br\/noticias\/wp-json\/wp\/v2\/posts\/69104"}],"collection":[{"href":"https:\/\/www.suno.com.br\/noticias\/wp-json\/wp\/v2\/posts"}],"about":[{"href":"https:\/\/www.suno.com.br\/noticias\/wp-json\/wp\/v2\/types\/post"}],"author":[{"embeddable":true,"href":"https:\/\/www.suno.com.br\/noticias\/wp-json\/wp\/v2\/users\/19"}],"replies":[{"embeddable":true,"href":"https:\/\/www.suno.com.br\/noticias\/wp-json\/wp\/v2\/comments?post=69104"}],"version-history":[{"count":0,"href":"https:\/\/www.suno.com.br\/noticias\/wp-json\/wp\/v2\/posts\/69104\/revisions"}],"wp:featuredmedia":[{"embeddable":true,"href":"https:\/\/www.suno.com.br\/noticias\/wp-json\/wp\/v2\/media\/9126"}],"wp:attachment":[{"href":"https:\/\/www.suno.com.br\/noticias\/wp-json\/wp\/v2\/media?parent=69104"}],"wp:term":[{"taxonomy":"category","embeddable":true,"href":"https:\/\/www.suno.com.br\/noticias\/wp-json\/wp\/v2\/categories?post=69104"},{"taxonomy":"post_tag","embeddable":true,"href":"https:\/\/www.suno.com.br\/noticias\/wp-json\/wp\/v2\/tags?post=69104"},{"taxonomy":"suno_strategy","embeddable":true,"href":"https:\/\/www.suno.com.br\/noticias\/wp-json\/wp\/v2\/suno_strategy?post=69104"}],"curies":[{"name":"wp","href":"https:\/\/api.w.org\/{rel}","templated":true}]}}