{"id":69009,"date":"2020-06-15T20:32:58","date_gmt":"2020-06-15T23:32:58","guid":{"rendered":"https:\/\/www.suno.com.br\/noticias\/?p=69009"},"modified":"2021-05-30T16:40:18","modified_gmt":"2021-05-30T19:40:18","slug":"b2w-acordo-venda-mcdonalds","status":"publish","type":"post","link":"https:\/\/www.suno.com.br\/noticias\/b2w-acordo-venda-mcdonalds\/","title":{"rendered":"B2W (BTOW3) fecha acordo para venda de produtos do McDonald&#8217;s"},"content":{"rendered":"<p>A empresa de e-commerce <strong>B2W<\/strong> (<a href=\"https:\/\/www.suno.com.br\/acoes\/btow3\/\">BTOW3<\/a>) anunciou nesta segunda-feira (15) que firmou um acordo com a Arcos Dourados, dona da marca McDonald&#8217;s no Brasil, que ir\u00e1 permitir a venda de produtos da rede de fast food na plataforma.<\/p>\t<div class=\"wrapper-featured-image\">\n\t\t<figure class=\"spotlightImg\">\n\n\t\t\t<picture>\n\t\t\t\t<source media=\"(max-width: 768px)\" srcset=\"https:\/\/files.sunoresearch.com.br\/n\/uploads\/2019\/08\/b5fd534c-mc-donaldss-400x200.webp\">\n\t\t\t\t<img loading=\"lazy\" decoding=\"async\" class=\"newsContent__article__imgCapa lazyloadDisabled newsContent__article__imgCapa--noCaption\" src=\"https:\/\/files.sunoresearch.com.br\/n\/uploads\/2019\/08\/b5fd534c-mc-donaldss-jpg.webp\" width=\"800\" height=\"450\" alt=\"B2W (BTOW3) fecha acordo para venda de produtos do McDonald&#8217;s\" fetchpriority=high \/>\n\t\t\t<\/picture>\n\n\t\t\t<figcaption class=\"wp-caption-text wp-caption-text--hide\">McDonald&#039;s<\/figcaption>\n\t\t<\/figure>\n\t<\/div>\n\n\n\n<p>Com a parceria, a as lojas brasileiras do <strong>McDonald\u2019s<\/strong> poder\u00e3o se conectar com as plataformas digitais de venda da B2W, a partir dos aplicativos Americanas e Ame.<\/p>\n<p>&#8220;O cliente pode acessar a plataforma de marketplace local dentro dos apps da Americanas e da Ame, escolher a loja do McDonald&#8217;s de sua maior conveni\u00eancia e ter acesso ao sortimento completo da loja para comprar o lanche e os produtos de sua prefer\u00eancia, recebendo em minutos&#8221;, informou a B2W, em comunicado.<\/p>\n<p><a href=\"https:\/\/lp.suno.com.br\/suno-one\/\">Veja tamb\u00e9m: <span data-sheets-value=\"{&quot;1&quot;:2,&quot;2&quot;:&quot;Garanta acesso ao Suno One, a central de informa\u00e7\u00f5es para quem quer aprender a investir. Acesse gratuitamente clicando aqui.&quot;}\" data-sheets-userformat=\"{&quot;2&quot;:513,&quot;3&quot;:{&quot;1&quot;:0},&quot;12&quot;:0}\">Garanta acesso ao Suno One, a central de informa\u00e7\u00f5es para quem quer aprender a investir. Acesse gratuitamente clicando aqui.<\/span><\/a><\/p>\n<p>A companhia ainda afirmou que j\u00e1 iniciou um piloto do projeto em lojas no Estado de S\u00e3o Paulo, nesta segunda-feira. No comunicado a empresa expressa ainda que a plataforma de marketplace local da Americanas utiliza uma solu\u00e7\u00e3o propriet\u00e1ria de com mais de 17 mil entregadores.<\/p>\n<h2>B2W apresenta ganho de mercado no 1T20<\/h2>\n<p>Com a epidemia do novo coronav\u00edrus no Brasil, a companhia registrou forte crescimento na bolsa e no mercado brasileiros, na contrapartida da maioria da empresas no Pa\u00eds.<\/p>\n<p>A B2W destacou no in\u00edcio de maio que registrou ganho de mercado no primeiro trimestre de 2020, ap\u00f3s eleva\u00e7\u00e3o do n\u00famero de vendas e entregas realizadas em mar\u00e7o e abril. A empresa de e-commerce informou que fez um milh\u00e3o de entregas somente em um dia do m\u00eas.<\/p>\n<p><a href=\"https:\/\/www.suno.com.br\/noticias\/b2w-ganho-mercado-primeiro-trimestre\/\">Saiba mais: B2W (BTOW3) registra ganho de mercado no 1T20<\/a><\/p>\n<p>Conforme relat\u00f3rio do UBS divulgado na \u00faltima quinta-feira (4), a B2W \u00e9 uma das melhores op\u00e7\u00f5es de investimento para acompanhar o crescimento do com\u00e9rcio eletr\u00f4nico no Brasil.<\/p>\n<p>\u201cA empresa conseguiu oferecer um alto n\u00edvel de servi\u00e7o e sustentar o crescimento da participa\u00e7\u00e3o de mercado, o que naturalmente atraiu um n\u00famero maior de vendedores, expandindo sua variedade\u201d, avaliaram os analistas.<\/p>\n<p>Segundo o banco, embora os resultados financeiros do primeiro trimestre terem vindo pouco mais fracos do que o esperado, o mercado ainda n\u00e3o est\u00e1 precificando o potencial de crescimento da <strong>B2W<\/strong> em um cen\u00e1rio p\u00f3s-pandemia.<\/p>\n\n","protected":false},"excerpt":{"rendered":"<p>A empresa de e-commerce B2W (BTOW3) anunciou nesta segunda-feira (15) que firmou um acordo com a Arcos Dourados, dona da marca McDonald&#8217;s no Brasil, que ir\u00e1 permitir a venda de produtos da rede de fast food na plataforma. McDonald&#039;s Com a parceria, a as lojas brasileiras do McDonald\u2019s poder\u00e3o se conectar com as plataformas digitais [&hellip;]<\/p>\n","protected":false},"author":35,"featured_media":34578,"comment_status":"closed","ping_status":"closed","sticky":false,"template":"","format":"standard","meta":[],"categories":[64],"tags":[1831,985],"suno_strategy":[],"class_list":["post-69009","post","type-post","status-publish","format-standard","has-post-thumbnail","hentry","category-negocios","tag-b2w-digital-btow3","tag-mcdonalds-mcdc34"],"yoast_head":"<!-- This site is optimized with the Yoast SEO plugin v24.4 - https:\/\/yoast.com\/wordpress\/plugins\/seo\/ -->\n<title>B2W (BTOW3) fecha acordo para venda de produtos do McDonald&#039;s<\/title>\n<meta name=\"description\" content=\"A B2W (BTOW3) firmou um acordo com a dona da marca McDonald&#039;s no Brasil que ir\u00e1 permitir a venda na plataforma. Clique para saber mais\" \/>\n<meta name=\"robots\" content=\"index, follow, max-snippet:-1, max-image-preview:large, max-video-preview:-1\" \/>\n<link rel=\"canonical\" href=\"https:\/\/www.suno.com.br\/noticias\/b2w-acordo-venda-mcdonalds\/\" \/>\n<meta property=\"og:locale\" content=\"pt_BR\" \/>\n<meta property=\"og:type\" content=\"article\" \/>\n<meta property=\"og:title\" content=\"B2W (BTOW3) fecha acordo para venda de produtos do McDonald&#039;s\" \/>\n<meta property=\"og:description\" content=\"A B2W (BTOW3) firmou um acordo com a dona da marca McDonald&#039;s no Brasil que ir\u00e1 permitir a venda na plataforma. Clique para saber mais\" \/>\n<meta property=\"og:url\" content=\"https:\/\/www.suno.com.br\/noticias\/b2w-acordo-venda-mcdonalds\/\" \/>\n<meta property=\"og:site_name\" content=\"Suno Not\u00edcias\" \/>\n<meta property=\"article:publisher\" content=\"https:\/\/facebook.com\/sunoresearch\" \/>\n<meta property=\"og:image\" content=\"https:\/\/files.sunoresearch.com.br\/n\/uploads\/2019\/08\/b5fd534c-mc-donaldss.jpg\" \/>\n\t<meta property=\"og:image:width\" content=\"748\" \/>\n\t<meta property=\"og:image:height\" content=\"410\" \/>\n\t<meta property=\"og:image:type\" content=\"image\/jpeg\" \/>\n<meta name=\"author\" content=\"Arthur Guimar\u00e3es\" \/>\n<meta name=\"twitter:card\" content=\"summary_large_image\" \/>\n<meta name=\"twitter:creator\" content=\"@sunoresearch\" \/>\n<meta name=\"twitter:site\" content=\"@sunoresearch\" \/>\n<meta name=\"twitter:label1\" content=\"Escrito por\" \/>\n\t<meta name=\"twitter:data1\" content=\"Arthur Guimar\u00e3es\" \/>\n\t<meta name=\"twitter:label2\" content=\"Est. tempo de leitura\" \/>\n\t<meta name=\"twitter:data2\" content=\"2 minutos\" \/>\n<script type=\"application\/ld+json\" class=\"yoast-schema-graph\">{\"@context\":\"https:\/\/schema.org\",\"@graph\":[{\"@type\":\"NewsArticle\",\"@id\":\"https:\/\/www.suno.com.br\/noticias\/b2w-acordo-venda-mcdonalds\/#article\",\"isPartOf\":{\"@id\":\"https:\/\/www.suno.com.br\/noticias\/b2w-acordo-venda-mcdonalds\/\"},\"author\":{\"name\":\"Arthur Guimar\u00e3es\",\"@id\":\"https:\/\/www.suno.com.br\/noticias\/#\/schema\/person\/053a750a709a263919a20f976caae91c\"},\"headline\":\"B2W (BTOW3) fecha acordo para venda de produtos do McDonald&#8217;s\",\"datePublished\":\"2020-06-15T23:32:58+00:00\",\"dateModified\":\"2021-05-30T19:40:18+00:00\",\"mainEntityOfPage\":{\"@id\":\"https:\/\/www.suno.com.br\/noticias\/b2w-acordo-venda-mcdonalds\/\"},\"wordCount\":422,\"publisher\":{\"@id\":\"https:\/\/www.suno.com.br\/noticias\/#organization\"},\"image\":{\"@id\":\"https:\/\/www.suno.com.br\/noticias\/b2w-acordo-venda-mcdonalds\/#primaryimage\"},\"thumbnailUrl\":\"https:\/\/files.sunoresearch.com.br\/n\/uploads\/2019\/08\/b5fd534c-mc-donaldss-jpg.webp\",\"keywords\":[\"B2W Digital (BTOW3)\",\"McDonald's (MCDC34)\"],\"articleSection\":[\"Neg\u00f3cios\"],\"inLanguage\":\"pt-BR\"},{\"@type\":\"WebPage\",\"@id\":\"https:\/\/www.suno.com.br\/noticias\/b2w-acordo-venda-mcdonalds\/\",\"url\":\"https:\/\/www.suno.com.br\/noticias\/b2w-acordo-venda-mcdonalds\/\",\"name\":\"B2W (BTOW3) fecha acordo para venda de produtos do McDonald's\",\"isPartOf\":{\"@id\":\"https:\/\/www.suno.com.br\/noticias\/#website\"},\"primaryImageOfPage\":{\"@id\":\"https:\/\/www.suno.com.br\/noticias\/b2w-acordo-venda-mcdonalds\/#primaryimage\"},\"image\":{\"@id\":\"https:\/\/www.suno.com.br\/noticias\/b2w-acordo-venda-mcdonalds\/#primaryimage\"},\"thumbnailUrl\":\"https:\/\/files.sunoresearch.com.br\/n\/uploads\/2019\/08\/b5fd534c-mc-donaldss-jpg.webp\",\"datePublished\":\"2020-06-15T23:32:58+00:00\",\"dateModified\":\"2021-05-30T19:40:18+00:00\",\"description\":\"A B2W (BTOW3) firmou um acordo com a dona da marca McDonald's no Brasil que ir\u00e1 permitir a venda na plataforma. Clique para saber mais\",\"breadcrumb\":{\"@id\":\"https:\/\/www.suno.com.br\/noticias\/b2w-acordo-venda-mcdonalds\/#breadcrumb\"},\"inLanguage\":\"pt-BR\",\"potentialAction\":[{\"@type\":\"ReadAction\",\"target\":[\"https:\/\/www.suno.com.br\/noticias\/b2w-acordo-venda-mcdonalds\/\"]}]},{\"@type\":\"ImageObject\",\"inLanguage\":\"pt-BR\",\"@id\":\"https:\/\/www.suno.com.br\/noticias\/b2w-acordo-venda-mcdonalds\/#primaryimage\",\"url\":\"https:\/\/files.sunoresearch.com.br\/n\/uploads\/2019\/08\/b5fd534c-mc-donaldss-jpg.webp\",\"contentUrl\":\"https:\/\/files.sunoresearch.com.br\/n\/uploads\/2019\/08\/b5fd534c-mc-donaldss-jpg.webp\",\"width\":748,\"height\":410,\"caption\":\"McDonald's\"},{\"@type\":\"BreadcrumbList\",\"@id\":\"https:\/\/www.suno.com.br\/noticias\/b2w-acordo-venda-mcdonalds\/#breadcrumb\",\"itemListElement\":[{\"@type\":\"ListItem\",\"position\":1,\"name\":\"Not\u00edcias\",\"item\":\"https:\/\/www.suno.com.br\/noticias\/\"},{\"@type\":\"ListItem\",\"position\":2,\"name\":\"Neg\u00f3cios\",\"item\":\"https:\/\/www.suno.com.br\/noticias\/negocios\/\"},{\"@type\":\"ListItem\",\"position\":3,\"name\":\"B2W (BTOW3) fecha acordo para venda de produtos do McDonald&#8217;s\"}]},{\"@type\":\"WebSite\",\"@id\":\"https:\/\/www.suno.com.br\/noticias\/#website\",\"url\":\"https:\/\/www.suno.com.br\/noticias\/\",\"name\":\"Suno Not\u00edcias\",\"description\":\"Seu portal de informa\u00e7\u00e3o sobre o mundo dos investimentos\",\"publisher\":{\"@id\":\"https:\/\/www.suno.com.br\/noticias\/#organization\"},\"potentialAction\":[{\"@type\":\"SearchAction\",\"target\":{\"@type\":\"EntryPoint\",\"urlTemplate\":\"https:\/\/www.suno.com.br\/noticias\/?s={search_term_string}\"},\"query-input\":{\"@type\":\"PropertyValueSpecification\",\"valueRequired\":true,\"valueName\":\"search_term_string\"}}],\"inLanguage\":\"pt-BR\"},{\"@type\":\"Organization\",\"@id\":\"https:\/\/www.suno.com.br\/noticias\/#organization\",\"name\":\"Suno Not\u00edcias\",\"url\":\"https:\/\/www.suno.com.br\/noticias\/\",\"logo\":{\"@type\":\"ImageObject\",\"inLanguage\":\"pt-BR\",\"@id\":\"https:\/\/www.suno.com.br\/noticias\/#\/schema\/logo\/image\/\",\"url\":\"https:\/\/files.sunoresearch.com.br\/n\/uploads\/2021\/09\/suno-logo.png\",\"contentUrl\":\"https:\/\/files.sunoresearch.com.br\/n\/uploads\/2021\/09\/suno-logo.png\",\"width\":180,\"height\":180,\"caption\":\"Suno Not\u00edcias\"},\"image\":{\"@id\":\"https:\/\/www.suno.com.br\/noticias\/#\/schema\/logo\/image\/\"},\"sameAs\":[\"https:\/\/facebook.com\/sunoresearch\",\"https:\/\/x.com\/sunoresearch\",\"https:\/\/www.instagram.com\/suno\",\"https:\/\/www.linkedin.com\/company\/suno-research\/\",\"https:\/\/www.youtube.com\/c\/sunoresearch\"]},{\"@type\":\"Person\",\"@id\":\"https:\/\/www.suno.com.br\/noticias\/#\/schema\/person\/053a750a709a263919a20f976caae91c\",\"name\":\"Arthur Guimar\u00e3es\",\"image\":{\"@type\":\"ImageObject\",\"inLanguage\":\"pt-BR\",\"@id\":\"https:\/\/www.suno.com.br\/noticias\/#\/schema\/person\/image\/\",\"url\":\"https:\/\/secure.gravatar.com\/avatar\/1affd86a11209ae09eb6dd3bcad3e96c?s=96&r=g\",\"contentUrl\":\"https:\/\/secure.gravatar.com\/avatar\/1affd86a11209ae09eb6dd3bcad3e96c?s=96&r=g\",\"caption\":\"Arthur Guimar\u00e3es\"},\"description\":\"Arthur Guimar\u00e3es escreve sobre pol\u00edtica, economia e neg\u00f3cios para o portal de not\u00edcias da Suno Research. Atualmente, \u00e9 estudante de jornalismo pela Faculdade C\u00e1sper L\u00edbero.\",\"url\":\"https:\/\/www.suno.com.br\/noticias\/author\/arthur-guimaraes\/\"}]}<\/script>\n<!-- \/ Yoast SEO plugin. -->","yoast_head_json":{"title":"B2W (BTOW3) fecha acordo para venda de produtos do McDonald's","description":"A B2W (BTOW3) firmou um acordo com a dona da marca McDonald's no Brasil que ir\u00e1 permitir a venda na plataforma. Clique para saber mais","robots":{"index":"index","follow":"follow","max-snippet":"max-snippet:-1","max-image-preview":"max-image-preview:large","max-video-preview":"max-video-preview:-1"},"canonical":"https:\/\/www.suno.com.br\/noticias\/b2w-acordo-venda-mcdonalds\/","og_locale":"pt_BR","og_type":"article","og_title":"B2W (BTOW3) fecha acordo para venda de produtos do McDonald's","og_description":"A B2W (BTOW3) firmou um acordo com a dona da marca McDonald's no Brasil que ir\u00e1 permitir a venda na plataforma. Clique para saber mais","og_url":"https:\/\/www.suno.com.br\/noticias\/b2w-acordo-venda-mcdonalds\/","og_site_name":"Suno Not\u00edcias","article_publisher":"https:\/\/facebook.com\/sunoresearch","og_image":[{"width":748,"height":410,"url":"https:\/\/files.sunoresearch.com.br\/n\/uploads\/2019\/08\/b5fd534c-mc-donaldss.jpg","type":"image\/jpeg"}],"author":"Arthur Guimar\u00e3es","twitter_card":"summary_large_image","twitter_creator":"@sunoresearch","twitter_site":"@sunoresearch","twitter_misc":{"Escrito por":"Arthur Guimar\u00e3es","Est. tempo de leitura":"2 minutos"},"schema":{"@context":"https:\/\/schema.org","@graph":[{"@type":"NewsArticle","@id":"https:\/\/www.suno.com.br\/noticias\/b2w-acordo-venda-mcdonalds\/#article","isPartOf":{"@id":"https:\/\/www.suno.com.br\/noticias\/b2w-acordo-venda-mcdonalds\/"},"author":{"name":"Arthur Guimar\u00e3es","@id":"https:\/\/www.suno.com.br\/noticias\/#\/schema\/person\/053a750a709a263919a20f976caae91c"},"headline":"B2W (BTOW3) fecha acordo para venda de produtos do McDonald&#8217;s","datePublished":"2020-06-15T23:32:58+00:00","dateModified":"2021-05-30T19:40:18+00:00","mainEntityOfPage":{"@id":"https:\/\/www.suno.com.br\/noticias\/b2w-acordo-venda-mcdonalds\/"},"wordCount":422,"publisher":{"@id":"https:\/\/www.suno.com.br\/noticias\/#organization"},"image":{"@id":"https:\/\/www.suno.com.br\/noticias\/b2w-acordo-venda-mcdonalds\/#primaryimage"},"thumbnailUrl":"https:\/\/files.sunoresearch.com.br\/n\/uploads\/2019\/08\/b5fd534c-mc-donaldss-jpg.webp","keywords":["B2W Digital (BTOW3)","McDonald's (MCDC34)"],"articleSection":["Neg\u00f3cios"],"inLanguage":"pt-BR"},{"@type":"WebPage","@id":"https:\/\/www.suno.com.br\/noticias\/b2w-acordo-venda-mcdonalds\/","url":"https:\/\/www.suno.com.br\/noticias\/b2w-acordo-venda-mcdonalds\/","name":"B2W (BTOW3) fecha acordo para venda de produtos do McDonald's","isPartOf":{"@id":"https:\/\/www.suno.com.br\/noticias\/#website"},"primaryImageOfPage":{"@id":"https:\/\/www.suno.com.br\/noticias\/b2w-acordo-venda-mcdonalds\/#primaryimage"},"image":{"@id":"https:\/\/www.suno.com.br\/noticias\/b2w-acordo-venda-mcdonalds\/#primaryimage"},"thumbnailUrl":"https:\/\/files.sunoresearch.com.br\/n\/uploads\/2019\/08\/b5fd534c-mc-donaldss-jpg.webp","datePublished":"2020-06-15T23:32:58+00:00","dateModified":"2021-05-30T19:40:18+00:00","description":"A B2W (BTOW3) firmou um acordo com a dona da marca McDonald's no Brasil que ir\u00e1 permitir a venda na plataforma. Clique para saber mais","breadcrumb":{"@id":"https:\/\/www.suno.com.br\/noticias\/b2w-acordo-venda-mcdonalds\/#breadcrumb"},"inLanguage":"pt-BR","potentialAction":[{"@type":"ReadAction","target":["https:\/\/www.suno.com.br\/noticias\/b2w-acordo-venda-mcdonalds\/"]}]},{"@type":"ImageObject","inLanguage":"pt-BR","@id":"https:\/\/www.suno.com.br\/noticias\/b2w-acordo-venda-mcdonalds\/#primaryimage","url":"https:\/\/files.sunoresearch.com.br\/n\/uploads\/2019\/08\/b5fd534c-mc-donaldss-jpg.webp","contentUrl":"https:\/\/files.sunoresearch.com.br\/n\/uploads\/2019\/08\/b5fd534c-mc-donaldss-jpg.webp","width":748,"height":410,"caption":"McDonald's"},{"@type":"BreadcrumbList","@id":"https:\/\/www.suno.com.br\/noticias\/b2w-acordo-venda-mcdonalds\/#breadcrumb","itemListElement":[{"@type":"ListItem","position":1,"name":"Not\u00edcias","item":"https:\/\/www.suno.com.br\/noticias\/"},{"@type":"ListItem","position":2,"name":"Neg\u00f3cios","item":"https:\/\/www.suno.com.br\/noticias\/negocios\/"},{"@type":"ListItem","position":3,"name":"B2W (BTOW3) fecha acordo para venda de produtos do McDonald&#8217;s"}]},{"@type":"WebSite","@id":"https:\/\/www.suno.com.br\/noticias\/#website","url":"https:\/\/www.suno.com.br\/noticias\/","name":"Suno Not\u00edcias","description":"Seu portal de informa\u00e7\u00e3o sobre o mundo dos investimentos","publisher":{"@id":"https:\/\/www.suno.com.br\/noticias\/#organization"},"potentialAction":[{"@type":"SearchAction","target":{"@type":"EntryPoint","urlTemplate":"https:\/\/www.suno.com.br\/noticias\/?s={search_term_string}"},"query-input":{"@type":"PropertyValueSpecification","valueRequired":true,"valueName":"search_term_string"}}],"inLanguage":"pt-BR"},{"@type":"Organization","@id":"https:\/\/www.suno.com.br\/noticias\/#organization","name":"Suno Not\u00edcias","url":"https:\/\/www.suno.com.br\/noticias\/","logo":{"@type":"ImageObject","inLanguage":"pt-BR","@id":"https:\/\/www.suno.com.br\/noticias\/#\/schema\/logo\/image\/","url":"https:\/\/files.sunoresearch.com.br\/n\/uploads\/2021\/09\/suno-logo.png","contentUrl":"https:\/\/files.sunoresearch.com.br\/n\/uploads\/2021\/09\/suno-logo.png","width":180,"height":180,"caption":"Suno Not\u00edcias"},"image":{"@id":"https:\/\/www.suno.com.br\/noticias\/#\/schema\/logo\/image\/"},"sameAs":["https:\/\/facebook.com\/sunoresearch","https:\/\/x.com\/sunoresearch","https:\/\/www.instagram.com\/suno","https:\/\/www.linkedin.com\/company\/suno-research\/","https:\/\/www.youtube.com\/c\/sunoresearch"]},{"@type":"Person","@id":"https:\/\/www.suno.com.br\/noticias\/#\/schema\/person\/053a750a709a263919a20f976caae91c","name":"Arthur Guimar\u00e3es","image":{"@type":"ImageObject","inLanguage":"pt-BR","@id":"https:\/\/www.suno.com.br\/noticias\/#\/schema\/person\/image\/","url":"https:\/\/secure.gravatar.com\/avatar\/1affd86a11209ae09eb6dd3bcad3e96c?s=96&r=g","contentUrl":"https:\/\/secure.gravatar.com\/avatar\/1affd86a11209ae09eb6dd3bcad3e96c?s=96&r=g","caption":"Arthur Guimar\u00e3es"},"description":"Arthur Guimar\u00e3es escreve sobre pol\u00edtica, economia e neg\u00f3cios para o portal de not\u00edcias da Suno Research. Atualmente, \u00e9 estudante de jornalismo pela Faculdade C\u00e1sper L\u00edbero.","url":"https:\/\/www.suno.com.br\/noticias\/author\/arthur-guimaraes\/"}]}},"default_loop_html":"<div class=\"cardsPage__listCard__boxs\"><div class=\"cardsPage__listCard__boxs__img\"><a href=\"https:\/\/www.suno.com.br\/noticias\/b2w-acordo-venda-mcdonalds\/\"><img class=\"mask\" src=\"https:\/\/www.suno.com.br\/noticias\/wp-content\/themes\/suno\/resources\/images\/spotlight\/spotlight1img\/bg-mask.png\" alt=\"Image Mask\"\/><img src=\"https:\/\/files.sunoresearch.com.br\/n\/uploads\/2019\/08\/b5fd534c-mc-donaldss-400x200.webp\" alt=\"B2W (BTOW3) fecha acordo para venda de produtos do McDonald&#8217;s\"\/><\/a><span class=\"spotlightCategory\"><a href=\"https:\/\/www.suno.com.br\/noticias\/negocios\/\">Neg\u00f3cios<\/a><\/span><\/div><div class=\"cardsPage__listCard__boxs__content\"><a href=\"https:\/\/www.suno.com.br\/noticias\/b2w-acordo-venda-mcdonalds\/\"><h2 class=\"content__title\">B2W (BTOW3) fecha acordo para venda de produtos do McDonald&#8217;s<\/h2><\/a><div class=\"newsContent__article__meta\"><div class=\"newsContent__article__meta__authorBox\"><a href=\"https:\/\/www.suno.com.br\/noticias\/author\/arthur-guimaraes\/\" class=\"authorBox__avatar noMobi\"><img src=\"https:\/\/files.sunoresearch.com.br\/n\/uploads\/2020\/02\/dfb40897-eu-150x150.webp\" alt=\"Arthur Guimar\u00e3es\"><\/a><div class=\"authorBox__name\"><span>por\n\t\t\t<a href=\"https:\/\/www.suno.com.br\/noticias\/author\/arthur-guimaraes\/\"><span itemprop=\"author\">Arthur Guimar\u00e3es<\/span><\/a><\/span><time datetime=\"2020-06-15T20:32:58-03:00\" itemprop=\"datePublished\">15\/06\/2020 20:32<\/time><\/div><\/div><\/div><\/div><\/div>","single_layout":"posts","amp_enabled":true,"_links":{"self":[{"href":"https:\/\/www.suno.com.br\/noticias\/wp-json\/wp\/v2\/posts\/69009"}],"collection":[{"href":"https:\/\/www.suno.com.br\/noticias\/wp-json\/wp\/v2\/posts"}],"about":[{"href":"https:\/\/www.suno.com.br\/noticias\/wp-json\/wp\/v2\/types\/post"}],"author":[{"embeddable":true,"href":"https:\/\/www.suno.com.br\/noticias\/wp-json\/wp\/v2\/users\/35"}],"replies":[{"embeddable":true,"href":"https:\/\/www.suno.com.br\/noticias\/wp-json\/wp\/v2\/comments?post=69009"}],"version-history":[{"count":1,"href":"https:\/\/www.suno.com.br\/noticias\/wp-json\/wp\/v2\/posts\/69009\/revisions"}],"predecessor-version":[{"id":152393,"href":"https:\/\/www.suno.com.br\/noticias\/wp-json\/wp\/v2\/posts\/69009\/revisions\/152393"}],"wp:featuredmedia":[{"embeddable":true,"href":"https:\/\/www.suno.com.br\/noticias\/wp-json\/wp\/v2\/media\/34578"}],"wp:attachment":[{"href":"https:\/\/www.suno.com.br\/noticias\/wp-json\/wp\/v2\/media?parent=69009"}],"wp:term":[{"taxonomy":"category","embeddable":true,"href":"https:\/\/www.suno.com.br\/noticias\/wp-json\/wp\/v2\/categories?post=69009"},{"taxonomy":"post_tag","embeddable":true,"href":"https:\/\/www.suno.com.br\/noticias\/wp-json\/wp\/v2\/tags?post=69009"},{"taxonomy":"suno_strategy","embeddable":true,"href":"https:\/\/www.suno.com.br\/noticias\/wp-json\/wp\/v2\/suno_strategy?post=69009"}],"curies":[{"name":"wp","href":"https:\/\/api.w.org\/{rel}","templated":true}]}}