{"id":69003,"date":"2020-06-15T20:00:09","date_gmt":"2020-06-15T23:00:09","guid":{"rendered":"https:\/\/www.suno.com.br\/noticias\/?p=69003"},"modified":"2020-06-15T20:00:09","modified_gmt":"2020-06-15T23:00:09","slug":"jeff-bezos-aceita-depor-investigacao-congresso-eua","status":"publish","type":"post","link":"https:\/\/www.suno.com.br\/noticias\/jeff-bezos-aceita-depor-investigacao-congresso-eua\/","title":{"rendered":"Jeff Bezos aceita depor em investiga\u00e7\u00e3o do Congresso dos EUA"},"content":{"rendered":"<p>A empresa de varejo digital Amazon (<a href=\"https:\/\/www.suno.com.br\/artigos\/nasdaq\/\">NASDAQ<\/a>: AMZN) anunciou no \u00faltimo domingo (14) que seu <a href=\"https:\/\/www.suno.com.br\/artigos\/ceo\/\">CEO<\/a>, <strong>Jeff Bezos<\/strong>, aceitou depor na investiga\u00e7\u00e3o do Congresso norte-americano sobre suas pr\u00e1ticas de neg\u00f3cio.<\/p>\t<div class=\"wrapper-featured-image\">\n\t\t<figure class=\"spotlightImg\">\n\n\t\t\t<picture>\n\t\t\t\t<source media=\"(max-width: 768px)\" srcset=\"https:\/\/files.sunoresearch.com.br\/n\/uploads\/2020\/06\/8f36e8c6-jeff-bezos-aceita-depor-em-investigac\u0327a\u0303o-do-congresso-dos-eua-400x200.webp\">\n\t\t\t\t<img loading=\"lazy\" decoding=\"async\" class=\"newsContent__article__imgCapa lazyloadDisabled newsContent__article__imgCapa--noCaption\" src=\"https:\/\/files.sunoresearch.com.br\/n\/uploads\/2020\/06\/8f36e8c6-jeff-bezos-aceita-depor-em-investigac\u0327a\u0303o-do-congresso-dos-eua-800x450.webp\" width=\"800\" height=\"450\" alt=\"Jeff Bezos aceita depor em investiga\u00e7\u00e3o do Congresso dos EUA\" fetchpriority=high \/>\n\t\t\t<\/picture>\n\n\t\t\t<figcaption class=\"wp-caption-text wp-caption-text--hide\">Jeff Bezos aceita depor em investiga\u00e7\u00e3o do Congresso dos EUA<\/figcaption>\n\t\t<\/figure>\n\t<\/div>\n\n\n\n<p>Segundo uma carta que o \u201cWall Street Journal\u201d teve acesso, Bezos testemunhar\u00e1 nos pr\u00f3ximos meses ao lado de outros l\u00edderes do setor tecnol\u00f3gico dos EUA.<\/p>\n<p>Atualmente, a <strong>Amazon<\/strong>, enfrenta um <strong>escrut\u00ednio antitruste<\/strong> de <strong>Washington<\/strong>. Em abril, foi divulgado que funcion\u00e1rios da companhia utilizaram dados de vendedores independentes em sua plataforma para desenvolver produtos concorrentes.<\/p>\n<p><a href=\"https:\/\/lp.suno.com.br\/suno-one\/\">Suno One: acesse gratuitamente eBooks, Minicursos, Artigos e Video Aulas sobre investimentos com um \u00fanico cadastro. Clique para saber mais!<\/a><\/p>\n<p>Isso levou o <strong>Comit\u00ea Judici\u00e1rio da C\u00e2mara<\/strong> norte-americana a pedir um depoimento ao <strong>CEO<\/strong> da institui\u00e7\u00e3o sobre suas pr\u00e1ticas de neg\u00f3cio. Em resposta, a empresa se comprometeu em fornecer as informa\u00e7\u00f5es necess\u00e1rias ao Comit\u00ea, por\u00e9m n\u00e3o indicou se Bezos compareceria \u00e0 C\u00e2mara.<\/p>\n<p>Al\u00e9m disso, na semana passada, legisladores estadunidenses contataram a Amazon, juntamente com o <strong>Facebook<\/strong> (NASDAQ: FB), a <strong>Google<\/strong> (NASDAQ: GOOGL), e a <strong>Apple<\/strong> (NASDAQ: AAPL), para pedir o depoimento dos CEOs das maiores empresas de tecnologia dos EUA.<\/p>\n<h2>Bezos aumenta sua fortuna com pandemia<\/h2>\n<p>O fundador e\u00a0diretor executivo da Amazon, <a href=\"https:\/\/www.suno.com.br\/tudo-sobre\/jeff-bezos\/\"><strong>Jeff Bezos<\/strong>,<\/a> registrou fortes ganhos desde o in\u00edcio deste ano e elevou sua fortuna para US$ 150 bilh\u00f5es (equivalente a R$ 732 bilh\u00f5es), segundo lista de bilion\u00e1rios da Bloomberg atualizada 7 de junho de 2020.<\/p>\n<div data-element=\"suno-ads\">\n<p>Com a pandemia do novo coronav\u00edrus e as medidas de restri\u00e7\u00e3o \u00e0 circula\u00e7\u00e3o, o com\u00e9rcio eletr\u00f4nico apresentou uma forte alta no volume de neg\u00f3cios. A <strong>Amazon<\/strong>, maior empresa do e-commerce do mundo, observou seu faturamento disparar no per\u00edodo.<\/p>\n<p><a href=\"https:\/\/www.suno.com.br\/noticias\/jeff-bezos-fortuna-sobe-us150bi-pandemia\/\">Saiba mais: Jeff Bezos aumenta sua fortuna para US$ 150 bilh\u00f5es com pandemia<\/a><\/p>\n<p>Nesse sentido, o aumento na fortuna do executivo est\u00e1 atrelado \u00e0 alta registrada no pre\u00e7os das a\u00e7\u00f5es da Amazon. <strong>Jeff Bezos<\/strong> det\u00e9m mais de 55 milh\u00f5es de pap\u00e9is da companhia.<\/p>\n\n<\/div>\n","protected":false},"excerpt":{"rendered":"<p>A empresa de varejo digital Amazon (NASDAQ: AMZN) anunciou no \u00faltimo domingo (14) que seu CEO, Jeff Bezos, aceitou depor na investiga\u00e7\u00e3o do Congresso norte-americano sobre suas pr\u00e1ticas de neg\u00f3cio. Jeff Bezos aceita depor em investiga\u00e7\u00e3o do Congresso dos EUA Segundo uma carta que o \u201cWall Street Journal\u201d teve acesso, Bezos testemunhar\u00e1 nos pr\u00f3ximos meses [&hellip;]<\/p>\n","protected":false},"author":44,"featured_media":69010,"comment_status":"closed","ping_status":"closed","sticky":false,"template":"","format":"standard","meta":[],"categories":[63],"tags":[694,901,793,695],"suno_strategy":[],"class_list":["post-69003","post","type-post","status-publish","format-standard","has-post-thumbnail","hentry","category-internacional","tag-amazon-amzo34","tag-congresso-nacional","tag-estados-unidos-eua","tag-jeff-bezos"],"yoast_head":"<!-- This site is optimized with the Yoast SEO plugin v24.4 - https:\/\/yoast.com\/wordpress\/plugins\/seo\/ -->\n<title>Jeff Bezos aceita depor em investiga\u00e7\u00e3o do Congresso dos EUA<\/title>\n<meta name=\"description\" content=\"A Amazon anunciou que seu CEO, Jeff Bezos, aceitou depor para o Congresso dos EUA sobre suas pr\u00e1ticas de neg\u00f3cio.\u00a0Clique para ver mais.\" \/>\n<meta name=\"robots\" content=\"index, follow, max-snippet:-1, max-image-preview:large, max-video-preview:-1\" \/>\n<link rel=\"canonical\" href=\"https:\/\/www.suno.com.br\/noticias\/jeff-bezos-aceita-depor-investigacao-congresso-eua\/\" \/>\n<meta property=\"og:locale\" content=\"pt_BR\" \/>\n<meta property=\"og:type\" content=\"article\" \/>\n<meta property=\"og:title\" content=\"Jeff Bezos aceita depor em investiga\u00e7\u00e3o do Congresso dos EUA\" \/>\n<meta property=\"og:description\" content=\"A Amazon anunciou que seu CEO, Jeff Bezos, aceitou depor para o Congresso dos EUA sobre suas pr\u00e1ticas de neg\u00f3cio.\u00a0Clique para ver mais.\" \/>\n<meta property=\"og:url\" content=\"https:\/\/www.suno.com.br\/noticias\/jeff-bezos-aceita-depor-investigacao-congresso-eua\/\" \/>\n<meta property=\"og:site_name\" content=\"Suno Not\u00edcias\" \/>\n<meta property=\"article:publisher\" content=\"https:\/\/facebook.com\/sunoresearch\" \/>\n<meta property=\"og:image\" content=\"https:\/\/files.sunoresearch.com.br\/n\/uploads\/2020\/06\/8f36e8c6-jeff-bezos-aceita-depor-em-investigac\u0327a\u0303o-do-congresso-dos-eua.jpg\" \/>\n\t<meta property=\"og:image:width\" content=\"1024\" \/>\n\t<meta property=\"og:image:height\" content=\"681\" \/>\n\t<meta property=\"og:image:type\" content=\"image\/jpeg\" \/>\n<meta name=\"author\" content=\"Daniel Guimar\u00e3es\" \/>\n<meta name=\"twitter:card\" content=\"summary_large_image\" \/>\n<meta name=\"twitter:creator\" content=\"@sunoresearch\" \/>\n<meta name=\"twitter:site\" content=\"@sunoresearch\" \/>\n<meta name=\"twitter:label1\" content=\"Escrito por\" \/>\n\t<meta name=\"twitter:data1\" content=\"Daniel Guimar\u00e3es\" \/>\n\t<meta name=\"twitter:label2\" content=\"Est. tempo de leitura\" \/>\n\t<meta name=\"twitter:data2\" content=\"2 minutos\" \/>\n<script type=\"application\/ld+json\" class=\"yoast-schema-graph\">{\"@context\":\"https:\/\/schema.org\",\"@graph\":[{\"@type\":\"NewsArticle\",\"@id\":\"https:\/\/www.suno.com.br\/noticias\/jeff-bezos-aceita-depor-investigacao-congresso-eua\/#article\",\"isPartOf\":{\"@id\":\"https:\/\/www.suno.com.br\/noticias\/jeff-bezos-aceita-depor-investigacao-congresso-eua\/\"},\"author\":{\"name\":\"Daniel Guimar\u00e3es\",\"@id\":\"https:\/\/www.suno.com.br\/noticias\/#\/schema\/person\/a7796c19fcf6bafd03b9a2fa1fd9ae20\"},\"headline\":\"Jeff Bezos aceita depor em investiga\u00e7\u00e3o do Congresso dos EUA\",\"datePublished\":\"2020-06-15T23:00:09+00:00\",\"mainEntityOfPage\":{\"@id\":\"https:\/\/www.suno.com.br\/noticias\/jeff-bezos-aceita-depor-investigacao-congresso-eua\/\"},\"wordCount\":358,\"publisher\":{\"@id\":\"https:\/\/www.suno.com.br\/noticias\/#organization\"},\"image\":{\"@id\":\"https:\/\/www.suno.com.br\/noticias\/jeff-bezos-aceita-depor-investigacao-congresso-eua\/#primaryimage\"},\"thumbnailUrl\":\"https:\/\/files.sunoresearch.com.br\/n\/uploads\/2020\/06\/8f36e8c6-jeff-bezos-aceita-depor-em-investigac\u0327a\u0303o-do-congresso-dos-eua-jpg.webp\",\"keywords\":[\"Amazon (AMZO34)\",\"Congresso Nacional\",\"Estados Unidos (EUA)\",\"Jeff Bezos\"],\"articleSection\":[\"Internacional\"],\"inLanguage\":\"pt-BR\"},{\"@type\":\"WebPage\",\"@id\":\"https:\/\/www.suno.com.br\/noticias\/jeff-bezos-aceita-depor-investigacao-congresso-eua\/\",\"url\":\"https:\/\/www.suno.com.br\/noticias\/jeff-bezos-aceita-depor-investigacao-congresso-eua\/\",\"name\":\"Jeff Bezos aceita depor em investiga\u00e7\u00e3o do Congresso dos EUA\",\"isPartOf\":{\"@id\":\"https:\/\/www.suno.com.br\/noticias\/#website\"},\"primaryImageOfPage\":{\"@id\":\"https:\/\/www.suno.com.br\/noticias\/jeff-bezos-aceita-depor-investigacao-congresso-eua\/#primaryimage\"},\"image\":{\"@id\":\"https:\/\/www.suno.com.br\/noticias\/jeff-bezos-aceita-depor-investigacao-congresso-eua\/#primaryimage\"},\"thumbnailUrl\":\"https:\/\/files.sunoresearch.com.br\/n\/uploads\/2020\/06\/8f36e8c6-jeff-bezos-aceita-depor-em-investigac\u0327a\u0303o-do-congresso-dos-eua-jpg.webp\",\"datePublished\":\"2020-06-15T23:00:09+00:00\",\"description\":\"A Amazon anunciou que seu CEO, Jeff Bezos, aceitou depor para o Congresso dos EUA sobre suas pr\u00e1ticas de neg\u00f3cio.\u00a0Clique para ver mais.\",\"breadcrumb\":{\"@id\":\"https:\/\/www.suno.com.br\/noticias\/jeff-bezos-aceita-depor-investigacao-congresso-eua\/#breadcrumb\"},\"inLanguage\":\"pt-BR\",\"potentialAction\":[{\"@type\":\"ReadAction\",\"target\":[\"https:\/\/www.suno.com.br\/noticias\/jeff-bezos-aceita-depor-investigacao-congresso-eua\/\"]}]},{\"@type\":\"ImageObject\",\"inLanguage\":\"pt-BR\",\"@id\":\"https:\/\/www.suno.com.br\/noticias\/jeff-bezos-aceita-depor-investigacao-congresso-eua\/#primaryimage\",\"url\":\"https:\/\/files.sunoresearch.com.br\/n\/uploads\/2020\/06\/8f36e8c6-jeff-bezos-aceita-depor-em-investigac\u0327a\u0303o-do-congresso-dos-eua-jpg.webp\",\"contentUrl\":\"https:\/\/files.sunoresearch.com.br\/n\/uploads\/2020\/06\/8f36e8c6-jeff-bezos-aceita-depor-em-investigac\u0327a\u0303o-do-congresso-dos-eua-jpg.webp\",\"width\":1024,\"height\":681,\"caption\":\"Jeff Bezos aceita depor em investiga\u00e7\u00e3o do Congresso dos EUA\"},{\"@type\":\"BreadcrumbList\",\"@id\":\"https:\/\/www.suno.com.br\/noticias\/jeff-bezos-aceita-depor-investigacao-congresso-eua\/#breadcrumb\",\"itemListElement\":[{\"@type\":\"ListItem\",\"position\":1,\"name\":\"Not\u00edcias\",\"item\":\"https:\/\/www.suno.com.br\/noticias\/\"},{\"@type\":\"ListItem\",\"position\":2,\"name\":\"Internacional\",\"item\":\"https:\/\/www.suno.com.br\/noticias\/internacional\/\"},{\"@type\":\"ListItem\",\"position\":3,\"name\":\"Jeff Bezos aceita depor em investiga\u00e7\u00e3o do Congresso dos EUA\"}]},{\"@type\":\"WebSite\",\"@id\":\"https:\/\/www.suno.com.br\/noticias\/#website\",\"url\":\"https:\/\/www.suno.com.br\/noticias\/\",\"name\":\"Suno Not\u00edcias\",\"description\":\"Seu portal de informa\u00e7\u00e3o sobre o mundo dos investimentos\",\"publisher\":{\"@id\":\"https:\/\/www.suno.com.br\/noticias\/#organization\"},\"potentialAction\":[{\"@type\":\"SearchAction\",\"target\":{\"@type\":\"EntryPoint\",\"urlTemplate\":\"https:\/\/www.suno.com.br\/noticias\/?s={search_term_string}\"},\"query-input\":{\"@type\":\"PropertyValueSpecification\",\"valueRequired\":true,\"valueName\":\"search_term_string\"}}],\"inLanguage\":\"pt-BR\"},{\"@type\":\"Organization\",\"@id\":\"https:\/\/www.suno.com.br\/noticias\/#organization\",\"name\":\"Suno Not\u00edcias\",\"url\":\"https:\/\/www.suno.com.br\/noticias\/\",\"logo\":{\"@type\":\"ImageObject\",\"inLanguage\":\"pt-BR\",\"@id\":\"https:\/\/www.suno.com.br\/noticias\/#\/schema\/logo\/image\/\",\"url\":\"https:\/\/files.sunoresearch.com.br\/n\/uploads\/2021\/09\/suno-logo.png\",\"contentUrl\":\"https:\/\/files.sunoresearch.com.br\/n\/uploads\/2021\/09\/suno-logo.png\",\"width\":180,\"height\":180,\"caption\":\"Suno Not\u00edcias\"},\"image\":{\"@id\":\"https:\/\/www.suno.com.br\/noticias\/#\/schema\/logo\/image\/\"},\"sameAs\":[\"https:\/\/facebook.com\/sunoresearch\",\"https:\/\/x.com\/sunoresearch\",\"https:\/\/www.instagram.com\/suno\",\"https:\/\/www.linkedin.com\/company\/suno-research\/\",\"https:\/\/www.youtube.com\/c\/sunoresearch\"]},{\"@type\":\"Person\",\"@id\":\"https:\/\/www.suno.com.br\/noticias\/#\/schema\/person\/a7796c19fcf6bafd03b9a2fa1fd9ae20\",\"name\":\"Daniel Guimar\u00e3es\",\"image\":{\"@type\":\"ImageObject\",\"inLanguage\":\"pt-BR\",\"@id\":\"https:\/\/www.suno.com.br\/noticias\/#\/schema\/person\/image\/\",\"url\":\"https:\/\/secure.gravatar.com\/avatar\/fb8260757609f58f0c0ac079d1b32eff?s=96&r=g\",\"contentUrl\":\"https:\/\/secure.gravatar.com\/avatar\/fb8260757609f58f0c0ac079d1b32eff?s=96&r=g\",\"caption\":\"Daniel Guimar\u00e3es\"},\"description\":\"Estagi\u00e1rio na Suno Not\u00edcias, Daniel escreve not\u00edcias que afetam o mercado financeiro brasileiro e internacional. Estuda economia na Rutgers University, em New Jersey.\",\"sameAs\":[\"suno.research\"],\"url\":\"https:\/\/www.suno.com.br\/noticias\/author\/daniel\/\"}]}<\/script>\n<!-- \/ Yoast SEO plugin. -->","yoast_head_json":{"title":"Jeff Bezos aceita depor em investiga\u00e7\u00e3o do Congresso dos EUA","description":"A Amazon anunciou que seu CEO, Jeff Bezos, aceitou depor para o Congresso dos EUA sobre suas pr\u00e1ticas de neg\u00f3cio.\u00a0Clique para ver mais.","robots":{"index":"index","follow":"follow","max-snippet":"max-snippet:-1","max-image-preview":"max-image-preview:large","max-video-preview":"max-video-preview:-1"},"canonical":"https:\/\/www.suno.com.br\/noticias\/jeff-bezos-aceita-depor-investigacao-congresso-eua\/","og_locale":"pt_BR","og_type":"article","og_title":"Jeff Bezos aceita depor em investiga\u00e7\u00e3o do Congresso dos EUA","og_description":"A Amazon anunciou que seu CEO, Jeff Bezos, aceitou depor para o Congresso dos EUA sobre suas pr\u00e1ticas de neg\u00f3cio.\u00a0Clique para ver mais.","og_url":"https:\/\/www.suno.com.br\/noticias\/jeff-bezos-aceita-depor-investigacao-congresso-eua\/","og_site_name":"Suno Not\u00edcias","article_publisher":"https:\/\/facebook.com\/sunoresearch","og_image":[{"width":1024,"height":681,"url":"https:\/\/files.sunoresearch.com.br\/n\/uploads\/2020\/06\/8f36e8c6-jeff-bezos-aceita-depor-em-investigac\u0327a\u0303o-do-congresso-dos-eua.jpg","type":"image\/jpeg"}],"author":"Daniel Guimar\u00e3es","twitter_card":"summary_large_image","twitter_creator":"@sunoresearch","twitter_site":"@sunoresearch","twitter_misc":{"Escrito por":"Daniel Guimar\u00e3es","Est. tempo de leitura":"2 minutos"},"schema":{"@context":"https:\/\/schema.org","@graph":[{"@type":"NewsArticle","@id":"https:\/\/www.suno.com.br\/noticias\/jeff-bezos-aceita-depor-investigacao-congresso-eua\/#article","isPartOf":{"@id":"https:\/\/www.suno.com.br\/noticias\/jeff-bezos-aceita-depor-investigacao-congresso-eua\/"},"author":{"name":"Daniel Guimar\u00e3es","@id":"https:\/\/www.suno.com.br\/noticias\/#\/schema\/person\/a7796c19fcf6bafd03b9a2fa1fd9ae20"},"headline":"Jeff Bezos aceita depor em investiga\u00e7\u00e3o do Congresso dos EUA","datePublished":"2020-06-15T23:00:09+00:00","mainEntityOfPage":{"@id":"https:\/\/www.suno.com.br\/noticias\/jeff-bezos-aceita-depor-investigacao-congresso-eua\/"},"wordCount":358,"publisher":{"@id":"https:\/\/www.suno.com.br\/noticias\/#organization"},"image":{"@id":"https:\/\/www.suno.com.br\/noticias\/jeff-bezos-aceita-depor-investigacao-congresso-eua\/#primaryimage"},"thumbnailUrl":"https:\/\/files.sunoresearch.com.br\/n\/uploads\/2020\/06\/8f36e8c6-jeff-bezos-aceita-depor-em-investigac\u0327a\u0303o-do-congresso-dos-eua-jpg.webp","keywords":["Amazon (AMZO34)","Congresso Nacional","Estados Unidos (EUA)","Jeff Bezos"],"articleSection":["Internacional"],"inLanguage":"pt-BR"},{"@type":"WebPage","@id":"https:\/\/www.suno.com.br\/noticias\/jeff-bezos-aceita-depor-investigacao-congresso-eua\/","url":"https:\/\/www.suno.com.br\/noticias\/jeff-bezos-aceita-depor-investigacao-congresso-eua\/","name":"Jeff Bezos aceita depor em investiga\u00e7\u00e3o do Congresso dos EUA","isPartOf":{"@id":"https:\/\/www.suno.com.br\/noticias\/#website"},"primaryImageOfPage":{"@id":"https:\/\/www.suno.com.br\/noticias\/jeff-bezos-aceita-depor-investigacao-congresso-eua\/#primaryimage"},"image":{"@id":"https:\/\/www.suno.com.br\/noticias\/jeff-bezos-aceita-depor-investigacao-congresso-eua\/#primaryimage"},"thumbnailUrl":"https:\/\/files.sunoresearch.com.br\/n\/uploads\/2020\/06\/8f36e8c6-jeff-bezos-aceita-depor-em-investigac\u0327a\u0303o-do-congresso-dos-eua-jpg.webp","datePublished":"2020-06-15T23:00:09+00:00","description":"A Amazon anunciou que seu CEO, Jeff Bezos, aceitou depor para o Congresso dos EUA sobre suas pr\u00e1ticas de neg\u00f3cio.\u00a0Clique para ver mais.","breadcrumb":{"@id":"https:\/\/www.suno.com.br\/noticias\/jeff-bezos-aceita-depor-investigacao-congresso-eua\/#breadcrumb"},"inLanguage":"pt-BR","potentialAction":[{"@type":"ReadAction","target":["https:\/\/www.suno.com.br\/noticias\/jeff-bezos-aceita-depor-investigacao-congresso-eua\/"]}]},{"@type":"ImageObject","inLanguage":"pt-BR","@id":"https:\/\/www.suno.com.br\/noticias\/jeff-bezos-aceita-depor-investigacao-congresso-eua\/#primaryimage","url":"https:\/\/files.sunoresearch.com.br\/n\/uploads\/2020\/06\/8f36e8c6-jeff-bezos-aceita-depor-em-investigac\u0327a\u0303o-do-congresso-dos-eua-jpg.webp","contentUrl":"https:\/\/files.sunoresearch.com.br\/n\/uploads\/2020\/06\/8f36e8c6-jeff-bezos-aceita-depor-em-investigac\u0327a\u0303o-do-congresso-dos-eua-jpg.webp","width":1024,"height":681,"caption":"Jeff Bezos aceita depor em investiga\u00e7\u00e3o do Congresso dos EUA"},{"@type":"BreadcrumbList","@id":"https:\/\/www.suno.com.br\/noticias\/jeff-bezos-aceita-depor-investigacao-congresso-eua\/#breadcrumb","itemListElement":[{"@type":"ListItem","position":1,"name":"Not\u00edcias","item":"https:\/\/www.suno.com.br\/noticias\/"},{"@type":"ListItem","position":2,"name":"Internacional","item":"https:\/\/www.suno.com.br\/noticias\/internacional\/"},{"@type":"ListItem","position":3,"name":"Jeff Bezos aceita depor em investiga\u00e7\u00e3o do Congresso dos EUA"}]},{"@type":"WebSite","@id":"https:\/\/www.suno.com.br\/noticias\/#website","url":"https:\/\/www.suno.com.br\/noticias\/","name":"Suno Not\u00edcias","description":"Seu portal de informa\u00e7\u00e3o sobre o mundo dos investimentos","publisher":{"@id":"https:\/\/www.suno.com.br\/noticias\/#organization"},"potentialAction":[{"@type":"SearchAction","target":{"@type":"EntryPoint","urlTemplate":"https:\/\/www.suno.com.br\/noticias\/?s={search_term_string}"},"query-input":{"@type":"PropertyValueSpecification","valueRequired":true,"valueName":"search_term_string"}}],"inLanguage":"pt-BR"},{"@type":"Organization","@id":"https:\/\/www.suno.com.br\/noticias\/#organization","name":"Suno Not\u00edcias","url":"https:\/\/www.suno.com.br\/noticias\/","logo":{"@type":"ImageObject","inLanguage":"pt-BR","@id":"https:\/\/www.suno.com.br\/noticias\/#\/schema\/logo\/image\/","url":"https:\/\/files.sunoresearch.com.br\/n\/uploads\/2021\/09\/suno-logo.png","contentUrl":"https:\/\/files.sunoresearch.com.br\/n\/uploads\/2021\/09\/suno-logo.png","width":180,"height":180,"caption":"Suno Not\u00edcias"},"image":{"@id":"https:\/\/www.suno.com.br\/noticias\/#\/schema\/logo\/image\/"},"sameAs":["https:\/\/facebook.com\/sunoresearch","https:\/\/x.com\/sunoresearch","https:\/\/www.instagram.com\/suno","https:\/\/www.linkedin.com\/company\/suno-research\/","https:\/\/www.youtube.com\/c\/sunoresearch"]},{"@type":"Person","@id":"https:\/\/www.suno.com.br\/noticias\/#\/schema\/person\/a7796c19fcf6bafd03b9a2fa1fd9ae20","name":"Daniel Guimar\u00e3es","image":{"@type":"ImageObject","inLanguage":"pt-BR","@id":"https:\/\/www.suno.com.br\/noticias\/#\/schema\/person\/image\/","url":"https:\/\/secure.gravatar.com\/avatar\/fb8260757609f58f0c0ac079d1b32eff?s=96&r=g","contentUrl":"https:\/\/secure.gravatar.com\/avatar\/fb8260757609f58f0c0ac079d1b32eff?s=96&r=g","caption":"Daniel Guimar\u00e3es"},"description":"Estagi\u00e1rio na Suno Not\u00edcias, Daniel escreve not\u00edcias que afetam o mercado financeiro brasileiro e internacional. Estuda economia na Rutgers University, em New Jersey.","sameAs":["suno.research"],"url":"https:\/\/www.suno.com.br\/noticias\/author\/daniel\/"}]}},"default_loop_html":"<div class=\"cardsPage__listCard__boxs\"><div class=\"cardsPage__listCard__boxs__img\"><a href=\"https:\/\/www.suno.com.br\/noticias\/jeff-bezos-aceita-depor-investigacao-congresso-eua\/\"><img class=\"mask\" src=\"https:\/\/www.suno.com.br\/noticias\/wp-content\/themes\/suno\/resources\/images\/spotlight\/spotlight1img\/bg-mask.png\" alt=\"Image Mask\"\/><img src=\"https:\/\/files.sunoresearch.com.br\/n\/uploads\/2020\/06\/8f36e8c6-jeff-bezos-aceita-depor-em-investigac\u0327a\u0303o-do-congresso-dos-eua-400x200.webp\" alt=\"Jeff Bezos aceita depor em investiga\u00e7\u00e3o do Congresso dos EUA\"\/><\/a><span class=\"spotlightCategory\"><a href=\"https:\/\/www.suno.com.br\/noticias\/internacional\/\">Internacional<\/a><\/span><\/div><div class=\"cardsPage__listCard__boxs__content\"><a href=\"https:\/\/www.suno.com.br\/noticias\/jeff-bezos-aceita-depor-investigacao-congresso-eua\/\"><h2 class=\"content__title\">Jeff Bezos aceita depor em investiga\u00e7\u00e3o do Congresso dos EUA<\/h2><\/a><div class=\"newsContent__article__meta\"><div class=\"newsContent__article__meta__authorBox\"><a href=\"https:\/\/www.suno.com.br\/noticias\/author\/daniel\/\" class=\"authorBox__avatar noMobi\"><img src=\"https:\/\/files.sunoresearch.com.br\/n\/uploads\/2020\/08\/e51aadd2-whatsapp-image-2020-08-03-at-14.03.48-150x150.webp\" alt=\"Daniel Guimar\u00e3es\"><\/a><div class=\"authorBox__name\"><span>por\n\t\t\t<a href=\"https:\/\/www.suno.com.br\/noticias\/author\/daniel\/\"><span itemprop=\"author\">Daniel Guimar\u00e3es<\/span><\/a><\/span><time datetime=\"2020-06-15T20:00:09-03:00\" itemprop=\"datePublished\">15\/06\/2020 20:00<\/time><\/div><\/div><\/div><\/div><\/div>","single_layout":"posts","amp_enabled":true,"_links":{"self":[{"href":"https:\/\/www.suno.com.br\/noticias\/wp-json\/wp\/v2\/posts\/69003"}],"collection":[{"href":"https:\/\/www.suno.com.br\/noticias\/wp-json\/wp\/v2\/posts"}],"about":[{"href":"https:\/\/www.suno.com.br\/noticias\/wp-json\/wp\/v2\/types\/post"}],"author":[{"embeddable":true,"href":"https:\/\/www.suno.com.br\/noticias\/wp-json\/wp\/v2\/users\/44"}],"replies":[{"embeddable":true,"href":"https:\/\/www.suno.com.br\/noticias\/wp-json\/wp\/v2\/comments?post=69003"}],"version-history":[{"count":0,"href":"https:\/\/www.suno.com.br\/noticias\/wp-json\/wp\/v2\/posts\/69003\/revisions"}],"wp:featuredmedia":[{"embeddable":true,"href":"https:\/\/www.suno.com.br\/noticias\/wp-json\/wp\/v2\/media\/69010"}],"wp:attachment":[{"href":"https:\/\/www.suno.com.br\/noticias\/wp-json\/wp\/v2\/media?parent=69003"}],"wp:term":[{"taxonomy":"category","embeddable":true,"href":"https:\/\/www.suno.com.br\/noticias\/wp-json\/wp\/v2\/categories?post=69003"},{"taxonomy":"post_tag","embeddable":true,"href":"https:\/\/www.suno.com.br\/noticias\/wp-json\/wp\/v2\/tags?post=69003"},{"taxonomy":"suno_strategy","embeddable":true,"href":"https:\/\/www.suno.com.br\/noticias\/wp-json\/wp\/v2\/suno_strategy?post=69003"}],"curies":[{"name":"wp","href":"https:\/\/api.w.org\/{rel}","templated":true}]}}