{"id":6898,"date":"2018-11-24T14:17:06","date_gmt":"2018-11-24T16:17:06","guid":{"rendered":"https:\/\/www.suno.com.br\/noticias\/?p=6898"},"modified":"2018-11-24T14:18:23","modified_gmt":"2018-11-24T16:18:23","slug":"faturamento-do-black-friday-cresce-23-e-alcanca-r-26-bilhoes","status":"publish","type":"post","link":"https:\/\/www.suno.com.br\/noticias\/faturamento-do-black-friday-cresce-23-e-alcanca-r-26-bilhoes\/","title":{"rendered":"Faturamento da Black Friday cresce 23% e alcan\u00e7a R$ 2,6 bilh\u00f5es"},"content":{"rendered":"<p>Uma pesquisa sobre a Black Friday realizada pela empresa de intelig\u00eancia de mercado Ebit\/Nielsen indica que as vendas no e-commerce cresceram 23% em rela\u00e7\u00e3o a 2017, alcan\u00e7ando R$ 2,6 bilh\u00f5es.<\/p>\t<div class=\"wrapper-featured-image\">\n\t\t<figure class=\"spotlightImg\">\n\n\t\t\t<picture>\n\t\t\t\t<source media=\"(max-width: 768px)\" srcset=\"https:\/\/files.sunoresearch.com.br\/n\/uploads\/2018\/11\/2815521f-black-friday-400x200.webp\">\n\t\t\t\t<img loading=\"lazy\" decoding=\"async\" class=\"newsContent__article__imgCapa lazyloadDisabled newsContent__article__imgCapa--noCaption\" src=\"https:\/\/files.sunoresearch.com.br\/n\/uploads\/2018\/11\/2815521f-black-friday-800x450.webp\" width=\"800\" height=\"450\" alt=\"Faturamento da Black Friday cresce 23% e alcan\u00e7a R$ 2,6 bilh\u00f5es\" fetchpriority=high \/>\n\t\t\t<\/picture>\n\n\t\t\t<figcaption class=\"wp-caption-text wp-caption-text--hide\">Black Friday <\/figcaption>\n\t\t<\/figure>\n\t<\/div>\n\n\n<p>O n\u00famero de pedidos realizados durante essa\u00a0<strong>Black Friday<\/strong> registraram um aumento de 13%, chegando a 4,27 milh\u00f5es.<\/p>\n<p><a style=\"font-size: 19.4286px;\" href=\"https:\/\/www.suno.com.br\/noticias\/black-friday-bilhoes-2018\/\">Saiba mais: Black Friday deve fazer girar R$ 3,2 bilh\u00f5es em 2018<\/a><\/p>\n<p><!--more--><\/p>\n<p>Por sua vez, o valor m\u00e9dio por <strong>compra<\/strong> cresceram 8%, chegando a R$ 608.<\/p>\n<p>O n\u00famero de <strong>consumidores<\/strong> \u00fanicos (que fizeram ao menos uma compra online) cresceu 9% em rela\u00e7\u00e3o ao ano anterior, chegando a 2,41 milh\u00f5es.<\/p>\n<h2>Reclama\u00e7\u00f5es continuam em alta<\/h2>\n<p>Entretanto, mesmo com os bons resultados, as queixas dos consumidores seguiram elevadas.<\/p>\n<p>O Procon-SP realizou um balan\u00e7o mostrando que foram recebidas 258 reclama\u00e7\u00f5es sobre a Black Friday at\u00e9 as 18h da \u00faltima sexta-feira (23).<\/p>\n<p>Destas reclama\u00e7\u00f5es, 87 se referem a maquiagem de pre\u00e7os, que apontavam falsos descontos.<\/p>\n<p>Outras 52 queixas denunciaram mudan\u00e7a de pre\u00e7o no momento de finalizar a compra.<\/p>\n<p>Al\u00e9m disso, os consumidores reclamaram de produtos indispon\u00edveis e pedidos cancelados pela empresa ap\u00f3s finaliza\u00e7\u00e3o da compra.<\/p>\n<p>Em muitos casos, reclama\u00e7\u00f5es tamb\u00e9m foram ligadas a funcionamento intermitente de sites, que ficaram congestionados.<\/p>\n<p>Por sua parte, o site Reclame Aqui recebeu 5,6 mil reclama\u00e7\u00f5es ao longo do dia de ofertas.<\/p>\n<p>Os principais motivos de queixas foram propaganda enganosa e maquiagem de pre\u00e7o (14,2%).<\/p>\n<p>Seguem diverg\u00eancia de valores e problemas na finaliza\u00e7\u00e3o da compra, que ficaram empatadas com 7,6%.<\/p>\n<p>Por sua vez, atraso na entrega recebeu 3,9% das queixas.<\/p>\n<p>Segundo a Reclame Aqui, &#8220;com a antecipa\u00e7\u00e3o de ofertas pelas marcas, o brasileiro come\u00e7ou a fazer as compras de Black Friday j\u00e1 no in\u00edcio de novembro&#8221;.<\/p>\n<p>Os smartphones e celulares foram os campe\u00f5es de reclama\u00e7\u00f5es, fechando o dia com com 11,6% das queixas. A seguir, ficaram TVs (5,3%), passagens a\u00e9reas (4,7%), t\u00eanis (3,6%) e cart\u00f5es de cr\u00e9dito (2,9%).<\/p>\n<p>Ainda n\u00e3o foram divulgados os dados sobre as vendas nas lojas f\u00edsicas durante a\u00a0<strong>Black Friday<\/strong> 2018.<\/p>\n","protected":false},"excerpt":{"rendered":"<p>Uma pesquisa sobre a Black Friday realizada pela empresa de intelig\u00eancia de mercado Ebit\/Nielsen indica que as vendas no e-commerce cresceram 23% em rela\u00e7\u00e3o a 2017, alcan\u00e7ando R$ 2,6 bilh\u00f5es. Black Friday O n\u00famero de pedidos realizados durante essa\u00a0Black Friday registraram um aumento de 13%, chegando a 4,27 milh\u00f5es. Saiba mais: Black Friday deve fazer [&hellip;]<\/p>\n","protected":false},"author":9,"featured_media":6900,"comment_status":"closed","ping_status":"closed","sticky":false,"template":"","format":"standard","meta":[],"categories":[60],"tags":[768],"suno_strategy":[],"class_list":["post-6898","post","type-post","status-publish","format-standard","has-post-thumbnail","hentry","category-mercado","tag-black-friday"],"yoast_head":"<!-- This site is optimized with the Yoast SEO plugin v24.4 - https:\/\/yoast.com\/wordpress\/plugins\/seo\/ -->\n<title>Faturamento da Black Friday cresce 23% e alcan\u00e7a R$ 2,6 bilh\u00f5es<\/title>\n<meta name=\"description\" content=\"Crescimento de dois d\u00edgitos nas vendas online, mas maquiagem de pre\u00e7os continua principal reclama\u00e7\u00e3o. Clique aqui para saber mais.\" \/>\n<meta name=\"robots\" content=\"index, follow, max-snippet:-1, max-image-preview:large, max-video-preview:-1\" \/>\n<link rel=\"canonical\" href=\"https:\/\/www.suno.com.br\/noticias\/faturamento-do-black-friday-cresce-23-e-alcanca-r-26-bilhoes\/\" \/>\n<meta property=\"og:locale\" content=\"pt_BR\" \/>\n<meta property=\"og:type\" content=\"article\" \/>\n<meta property=\"og:title\" content=\"Faturamento da Black Friday cresce 23% e alcan\u00e7a R$ 2,6 bilh\u00f5es\" \/>\n<meta property=\"og:description\" content=\"Crescimento de dois d\u00edgitos nas vendas online, mas maquiagem de pre\u00e7os continua principal reclama\u00e7\u00e3o. Clique aqui para saber mais.\" \/>\n<meta property=\"og:url\" content=\"https:\/\/www.suno.com.br\/noticias\/faturamento-do-black-friday-cresce-23-e-alcanca-r-26-bilhoes\/\" \/>\n<meta property=\"og:site_name\" content=\"Suno Not\u00edcias\" \/>\n<meta property=\"article:publisher\" content=\"https:\/\/facebook.com\/sunoresearch\" \/>\n<meta property=\"og:image\" content=\"https:\/\/files.sunoresearch.com.br\/n\/uploads\/2018\/11\/2815521f-black-friday.png\" \/>\n\t<meta property=\"og:image:width\" content=\"960\" \/>\n\t<meta property=\"og:image:height\" content=\"588\" \/>\n\t<meta property=\"og:image:type\" content=\"image\/png\" \/>\n<meta name=\"author\" content=\"Carlo Cauti\" \/>\n<meta name=\"twitter:card\" content=\"summary_large_image\" \/>\n<meta name=\"twitter:creator\" content=\"@sunoresearch\" \/>\n<meta name=\"twitter:site\" content=\"@sunoresearch\" \/>\n<meta name=\"twitter:label1\" content=\"Escrito por\" \/>\n\t<meta name=\"twitter:data1\" content=\"Carlo Cauti\" \/>\n\t<meta name=\"twitter:label2\" content=\"Est. tempo de leitura\" \/>\n\t<meta name=\"twitter:data2\" content=\"2 minutos\" \/>\n<script type=\"application\/ld+json\" class=\"yoast-schema-graph\">{\"@context\":\"https:\/\/schema.org\",\"@graph\":[{\"@type\":\"NewsArticle\",\"@id\":\"https:\/\/www.suno.com.br\/noticias\/faturamento-do-black-friday-cresce-23-e-alcanca-r-26-bilhoes\/#article\",\"isPartOf\":{\"@id\":\"https:\/\/www.suno.com.br\/noticias\/faturamento-do-black-friday-cresce-23-e-alcanca-r-26-bilhoes\/\"},\"author\":{\"name\":\"Carlo Cauti\",\"@id\":\"https:\/\/www.suno.com.br\/noticias\/#\/schema\/person\/e6e0f723cc177805027f4566c1d5e0c8\"},\"headline\":\"Faturamento da Black Friday cresce 23% e alcan\u00e7a R$ 2,6 bilh\u00f5es\",\"datePublished\":\"2018-11-24T16:17:06+00:00\",\"dateModified\":\"2018-11-24T16:18:23+00:00\",\"mainEntityOfPage\":{\"@id\":\"https:\/\/www.suno.com.br\/noticias\/faturamento-do-black-friday-cresce-23-e-alcanca-r-26-bilhoes\/\"},\"wordCount\":349,\"publisher\":{\"@id\":\"https:\/\/www.suno.com.br\/noticias\/#organization\"},\"image\":{\"@id\":\"https:\/\/www.suno.com.br\/noticias\/faturamento-do-black-friday-cresce-23-e-alcanca-r-26-bilhoes\/#primaryimage\"},\"thumbnailUrl\":\"https:\/\/files.sunoresearch.com.br\/n\/uploads\/2018\/11\/2815521f-black-friday-png.webp\",\"keywords\":[\"Black Friday\"],\"articleSection\":[\"Mercado\"],\"inLanguage\":\"pt-BR\"},{\"@type\":\"WebPage\",\"@id\":\"https:\/\/www.suno.com.br\/noticias\/faturamento-do-black-friday-cresce-23-e-alcanca-r-26-bilhoes\/\",\"url\":\"https:\/\/www.suno.com.br\/noticias\/faturamento-do-black-friday-cresce-23-e-alcanca-r-26-bilhoes\/\",\"name\":\"Faturamento da Black Friday cresce 23% e alcan\u00e7a R$ 2,6 bilh\u00f5es\",\"isPartOf\":{\"@id\":\"https:\/\/www.suno.com.br\/noticias\/#website\"},\"primaryImageOfPage\":{\"@id\":\"https:\/\/www.suno.com.br\/noticias\/faturamento-do-black-friday-cresce-23-e-alcanca-r-26-bilhoes\/#primaryimage\"},\"image\":{\"@id\":\"https:\/\/www.suno.com.br\/noticias\/faturamento-do-black-friday-cresce-23-e-alcanca-r-26-bilhoes\/#primaryimage\"},\"thumbnailUrl\":\"https:\/\/files.sunoresearch.com.br\/n\/uploads\/2018\/11\/2815521f-black-friday-png.webp\",\"datePublished\":\"2018-11-24T16:17:06+00:00\",\"dateModified\":\"2018-11-24T16:18:23+00:00\",\"description\":\"Crescimento de dois d\u00edgitos nas vendas online, mas maquiagem de pre\u00e7os continua principal reclama\u00e7\u00e3o. Clique aqui para saber mais.\",\"breadcrumb\":{\"@id\":\"https:\/\/www.suno.com.br\/noticias\/faturamento-do-black-friday-cresce-23-e-alcanca-r-26-bilhoes\/#breadcrumb\"},\"inLanguage\":\"pt-BR\",\"potentialAction\":[{\"@type\":\"ReadAction\",\"target\":[\"https:\/\/www.suno.com.br\/noticias\/faturamento-do-black-friday-cresce-23-e-alcanca-r-26-bilhoes\/\"]}]},{\"@type\":\"ImageObject\",\"inLanguage\":\"pt-BR\",\"@id\":\"https:\/\/www.suno.com.br\/noticias\/faturamento-do-black-friday-cresce-23-e-alcanca-r-26-bilhoes\/#primaryimage\",\"url\":\"https:\/\/files.sunoresearch.com.br\/n\/uploads\/2018\/11\/2815521f-black-friday-png.webp\",\"contentUrl\":\"https:\/\/files.sunoresearch.com.br\/n\/uploads\/2018\/11\/2815521f-black-friday-png.webp\",\"width\":960,\"height\":588,\"caption\":\"Black Friday\"},{\"@type\":\"BreadcrumbList\",\"@id\":\"https:\/\/www.suno.com.br\/noticias\/faturamento-do-black-friday-cresce-23-e-alcanca-r-26-bilhoes\/#breadcrumb\",\"itemListElement\":[{\"@type\":\"ListItem\",\"position\":1,\"name\":\"Not\u00edcias\",\"item\":\"https:\/\/www.suno.com.br\/noticias\/\"},{\"@type\":\"ListItem\",\"position\":2,\"name\":\"Mercado\",\"item\":\"https:\/\/www.suno.com.br\/noticias\/mercado\/\"},{\"@type\":\"ListItem\",\"position\":3,\"name\":\"Faturamento da Black Friday cresce 23% e alcan\u00e7a R$ 2,6 bilh\u00f5es\"}]},{\"@type\":\"WebSite\",\"@id\":\"https:\/\/www.suno.com.br\/noticias\/#website\",\"url\":\"https:\/\/www.suno.com.br\/noticias\/\",\"name\":\"Suno Not\u00edcias\",\"description\":\"Seu portal de informa\u00e7\u00e3o sobre o mundo dos investimentos\",\"publisher\":{\"@id\":\"https:\/\/www.suno.com.br\/noticias\/#organization\"},\"potentialAction\":[{\"@type\":\"SearchAction\",\"target\":{\"@type\":\"EntryPoint\",\"urlTemplate\":\"https:\/\/www.suno.com.br\/noticias\/?s={search_term_string}\"},\"query-input\":{\"@type\":\"PropertyValueSpecification\",\"valueRequired\":true,\"valueName\":\"search_term_string\"}}],\"inLanguage\":\"pt-BR\"},{\"@type\":\"Organization\",\"@id\":\"https:\/\/www.suno.com.br\/noticias\/#organization\",\"name\":\"Suno Not\u00edcias\",\"url\":\"https:\/\/www.suno.com.br\/noticias\/\",\"logo\":{\"@type\":\"ImageObject\",\"inLanguage\":\"pt-BR\",\"@id\":\"https:\/\/www.suno.com.br\/noticias\/#\/schema\/logo\/image\/\",\"url\":\"https:\/\/files.sunoresearch.com.br\/n\/uploads\/2021\/09\/suno-logo.png\",\"contentUrl\":\"https:\/\/files.sunoresearch.com.br\/n\/uploads\/2021\/09\/suno-logo.png\",\"width\":180,\"height\":180,\"caption\":\"Suno Not\u00edcias\"},\"image\":{\"@id\":\"https:\/\/www.suno.com.br\/noticias\/#\/schema\/logo\/image\/\"},\"sameAs\":[\"https:\/\/facebook.com\/sunoresearch\",\"https:\/\/x.com\/sunoresearch\",\"https:\/\/www.instagram.com\/suno\",\"https:\/\/www.linkedin.com\/company\/suno-research\/\",\"https:\/\/www.youtube.com\/c\/sunoresearch\"]},{\"@type\":\"Person\",\"@id\":\"https:\/\/www.suno.com.br\/noticias\/#\/schema\/person\/e6e0f723cc177805027f4566c1d5e0c8\",\"name\":\"Carlo Cauti\",\"image\":{\"@type\":\"ImageObject\",\"inLanguage\":\"pt-BR\",\"@id\":\"https:\/\/www.suno.com.br\/noticias\/#\/schema\/person\/image\/\",\"url\":\"https:\/\/secure.gravatar.com\/avatar\/3ada9e0bd164c23abd4792a9606d583c?s=96&r=g\",\"contentUrl\":\"https:\/\/secure.gravatar.com\/avatar\/3ada9e0bd164c23abd4792a9606d583c?s=96&r=g\",\"caption\":\"Carlo Cauti\"},\"description\":\"Editor multim\u00eddia do SUNO Not\u00edcias. Italiano, formado em Ci\u00eancias Pol\u00edticas pela universidade LUISS G. Carli de Roma e mestre cum laude em Rela\u00e7\u00f5es Internacionais, Jornalismo Internacional e de Guerra e em Economia Internacional. Concluiu tamb\u00e9m um MBA em Finan\u00e7as na B3. No Brasil, teve passagem por ve\u00edculos como Estad\u00e3o, Globo, Veja e EXAME. e nas ag\u00eancias de not\u00edcias italianas ANSA e NOVA.\",\"url\":\"https:\/\/www.suno.com.br\/noticias\/author\/carlo-cauti\/\"}]}<\/script>\n<!-- \/ Yoast SEO plugin. -->","yoast_head_json":{"title":"Faturamento da Black Friday cresce 23% e alcan\u00e7a R$ 2,6 bilh\u00f5es","description":"Crescimento de dois d\u00edgitos nas vendas online, mas maquiagem de pre\u00e7os continua principal reclama\u00e7\u00e3o. Clique aqui para saber mais.","robots":{"index":"index","follow":"follow","max-snippet":"max-snippet:-1","max-image-preview":"max-image-preview:large","max-video-preview":"max-video-preview:-1"},"canonical":"https:\/\/www.suno.com.br\/noticias\/faturamento-do-black-friday-cresce-23-e-alcanca-r-26-bilhoes\/","og_locale":"pt_BR","og_type":"article","og_title":"Faturamento da Black Friday cresce 23% e alcan\u00e7a R$ 2,6 bilh\u00f5es","og_description":"Crescimento de dois d\u00edgitos nas vendas online, mas maquiagem de pre\u00e7os continua principal reclama\u00e7\u00e3o. Clique aqui para saber mais.","og_url":"https:\/\/www.suno.com.br\/noticias\/faturamento-do-black-friday-cresce-23-e-alcanca-r-26-bilhoes\/","og_site_name":"Suno Not\u00edcias","article_publisher":"https:\/\/facebook.com\/sunoresearch","og_image":[{"width":960,"height":588,"url":"https:\/\/files.sunoresearch.com.br\/n\/uploads\/2018\/11\/2815521f-black-friday.png","type":"image\/png"}],"author":"Carlo Cauti","twitter_card":"summary_large_image","twitter_creator":"@sunoresearch","twitter_site":"@sunoresearch","twitter_misc":{"Escrito por":"Carlo Cauti","Est. tempo de leitura":"2 minutos"},"schema":{"@context":"https:\/\/schema.org","@graph":[{"@type":"NewsArticle","@id":"https:\/\/www.suno.com.br\/noticias\/faturamento-do-black-friday-cresce-23-e-alcanca-r-26-bilhoes\/#article","isPartOf":{"@id":"https:\/\/www.suno.com.br\/noticias\/faturamento-do-black-friday-cresce-23-e-alcanca-r-26-bilhoes\/"},"author":{"name":"Carlo Cauti","@id":"https:\/\/www.suno.com.br\/noticias\/#\/schema\/person\/e6e0f723cc177805027f4566c1d5e0c8"},"headline":"Faturamento da Black Friday cresce 23% e alcan\u00e7a R$ 2,6 bilh\u00f5es","datePublished":"2018-11-24T16:17:06+00:00","dateModified":"2018-11-24T16:18:23+00:00","mainEntityOfPage":{"@id":"https:\/\/www.suno.com.br\/noticias\/faturamento-do-black-friday-cresce-23-e-alcanca-r-26-bilhoes\/"},"wordCount":349,"publisher":{"@id":"https:\/\/www.suno.com.br\/noticias\/#organization"},"image":{"@id":"https:\/\/www.suno.com.br\/noticias\/faturamento-do-black-friday-cresce-23-e-alcanca-r-26-bilhoes\/#primaryimage"},"thumbnailUrl":"https:\/\/files.sunoresearch.com.br\/n\/uploads\/2018\/11\/2815521f-black-friday-png.webp","keywords":["Black Friday"],"articleSection":["Mercado"],"inLanguage":"pt-BR"},{"@type":"WebPage","@id":"https:\/\/www.suno.com.br\/noticias\/faturamento-do-black-friday-cresce-23-e-alcanca-r-26-bilhoes\/","url":"https:\/\/www.suno.com.br\/noticias\/faturamento-do-black-friday-cresce-23-e-alcanca-r-26-bilhoes\/","name":"Faturamento da Black Friday cresce 23% e alcan\u00e7a R$ 2,6 bilh\u00f5es","isPartOf":{"@id":"https:\/\/www.suno.com.br\/noticias\/#website"},"primaryImageOfPage":{"@id":"https:\/\/www.suno.com.br\/noticias\/faturamento-do-black-friday-cresce-23-e-alcanca-r-26-bilhoes\/#primaryimage"},"image":{"@id":"https:\/\/www.suno.com.br\/noticias\/faturamento-do-black-friday-cresce-23-e-alcanca-r-26-bilhoes\/#primaryimage"},"thumbnailUrl":"https:\/\/files.sunoresearch.com.br\/n\/uploads\/2018\/11\/2815521f-black-friday-png.webp","datePublished":"2018-11-24T16:17:06+00:00","dateModified":"2018-11-24T16:18:23+00:00","description":"Crescimento de dois d\u00edgitos nas vendas online, mas maquiagem de pre\u00e7os continua principal reclama\u00e7\u00e3o. Clique aqui para saber mais.","breadcrumb":{"@id":"https:\/\/www.suno.com.br\/noticias\/faturamento-do-black-friday-cresce-23-e-alcanca-r-26-bilhoes\/#breadcrumb"},"inLanguage":"pt-BR","potentialAction":[{"@type":"ReadAction","target":["https:\/\/www.suno.com.br\/noticias\/faturamento-do-black-friday-cresce-23-e-alcanca-r-26-bilhoes\/"]}]},{"@type":"ImageObject","inLanguage":"pt-BR","@id":"https:\/\/www.suno.com.br\/noticias\/faturamento-do-black-friday-cresce-23-e-alcanca-r-26-bilhoes\/#primaryimage","url":"https:\/\/files.sunoresearch.com.br\/n\/uploads\/2018\/11\/2815521f-black-friday-png.webp","contentUrl":"https:\/\/files.sunoresearch.com.br\/n\/uploads\/2018\/11\/2815521f-black-friday-png.webp","width":960,"height":588,"caption":"Black Friday"},{"@type":"BreadcrumbList","@id":"https:\/\/www.suno.com.br\/noticias\/faturamento-do-black-friday-cresce-23-e-alcanca-r-26-bilhoes\/#breadcrumb","itemListElement":[{"@type":"ListItem","position":1,"name":"Not\u00edcias","item":"https:\/\/www.suno.com.br\/noticias\/"},{"@type":"ListItem","position":2,"name":"Mercado","item":"https:\/\/www.suno.com.br\/noticias\/mercado\/"},{"@type":"ListItem","position":3,"name":"Faturamento da Black Friday cresce 23% e alcan\u00e7a R$ 2,6 bilh\u00f5es"}]},{"@type":"WebSite","@id":"https:\/\/www.suno.com.br\/noticias\/#website","url":"https:\/\/www.suno.com.br\/noticias\/","name":"Suno Not\u00edcias","description":"Seu portal de informa\u00e7\u00e3o sobre o mundo dos investimentos","publisher":{"@id":"https:\/\/www.suno.com.br\/noticias\/#organization"},"potentialAction":[{"@type":"SearchAction","target":{"@type":"EntryPoint","urlTemplate":"https:\/\/www.suno.com.br\/noticias\/?s={search_term_string}"},"query-input":{"@type":"PropertyValueSpecification","valueRequired":true,"valueName":"search_term_string"}}],"inLanguage":"pt-BR"},{"@type":"Organization","@id":"https:\/\/www.suno.com.br\/noticias\/#organization","name":"Suno Not\u00edcias","url":"https:\/\/www.suno.com.br\/noticias\/","logo":{"@type":"ImageObject","inLanguage":"pt-BR","@id":"https:\/\/www.suno.com.br\/noticias\/#\/schema\/logo\/image\/","url":"https:\/\/files.sunoresearch.com.br\/n\/uploads\/2021\/09\/suno-logo.png","contentUrl":"https:\/\/files.sunoresearch.com.br\/n\/uploads\/2021\/09\/suno-logo.png","width":180,"height":180,"caption":"Suno Not\u00edcias"},"image":{"@id":"https:\/\/www.suno.com.br\/noticias\/#\/schema\/logo\/image\/"},"sameAs":["https:\/\/facebook.com\/sunoresearch","https:\/\/x.com\/sunoresearch","https:\/\/www.instagram.com\/suno","https:\/\/www.linkedin.com\/company\/suno-research\/","https:\/\/www.youtube.com\/c\/sunoresearch"]},{"@type":"Person","@id":"https:\/\/www.suno.com.br\/noticias\/#\/schema\/person\/e6e0f723cc177805027f4566c1d5e0c8","name":"Carlo Cauti","image":{"@type":"ImageObject","inLanguage":"pt-BR","@id":"https:\/\/www.suno.com.br\/noticias\/#\/schema\/person\/image\/","url":"https:\/\/secure.gravatar.com\/avatar\/3ada9e0bd164c23abd4792a9606d583c?s=96&r=g","contentUrl":"https:\/\/secure.gravatar.com\/avatar\/3ada9e0bd164c23abd4792a9606d583c?s=96&r=g","caption":"Carlo Cauti"},"description":"Editor multim\u00eddia do SUNO Not\u00edcias. Italiano, formado em Ci\u00eancias Pol\u00edticas pela universidade LUISS G. Carli de Roma e mestre cum laude em Rela\u00e7\u00f5es Internacionais, Jornalismo Internacional e de Guerra e em Economia Internacional. Concluiu tamb\u00e9m um MBA em Finan\u00e7as na B3. No Brasil, teve passagem por ve\u00edculos como Estad\u00e3o, Globo, Veja e EXAME. e nas ag\u00eancias de not\u00edcias italianas ANSA e NOVA.","url":"https:\/\/www.suno.com.br\/noticias\/author\/carlo-cauti\/"}]}},"default_loop_html":"<div class=\"cardsPage__listCard__boxs\"><div class=\"cardsPage__listCard__boxs__img\"><a href=\"https:\/\/www.suno.com.br\/noticias\/faturamento-do-black-friday-cresce-23-e-alcanca-r-26-bilhoes\/\"><img class=\"mask\" src=\"https:\/\/www.suno.com.br\/noticias\/wp-content\/themes\/suno\/resources\/images\/spotlight\/spotlight1img\/bg-mask.png\" alt=\"Image Mask\"\/><img src=\"https:\/\/files.sunoresearch.com.br\/n\/uploads\/2018\/11\/2815521f-black-friday-400x200.webp\" alt=\"Faturamento da Black Friday cresce 23% e alcan\u00e7a R$ 2,6 bilh\u00f5es\"\/><\/a><span class=\"spotlightCategory\"><a href=\"https:\/\/www.suno.com.br\/noticias\/mercado\/\">Mercado<\/a><\/span><\/div><div class=\"cardsPage__listCard__boxs__content\"><a href=\"https:\/\/www.suno.com.br\/noticias\/faturamento-do-black-friday-cresce-23-e-alcanca-r-26-bilhoes\/\"><h2 class=\"content__title\">Faturamento da Black Friday cresce 23% e alcan\u00e7a R$ 2,6 bilh\u00f5es<\/h2><\/a><div class=\"newsContent__article__meta\"><div class=\"newsContent__article__meta__authorBox\"><a href=\"https:\/\/www.suno.com.br\/noticias\/author\/carlo-cauti\/\" class=\"authorBox__avatar noMobi\"><img src=\"https:\/\/files.sunoresearch.com.br\/n\/uploads\/2020\/08\/e3745f9a-perfil-carlo-cauti-150x150.webp\" alt=\"Carlo Cauti\"><\/a><div class=\"authorBox__name\"><span>por\n\t\t\t<a href=\"https:\/\/www.suno.com.br\/noticias\/author\/carlo-cauti\/\"><span itemprop=\"author\">Carlo Cauti<\/span><\/a><\/span><time datetime=\"2018-11-24T14:17:06-02:00\" itemprop=\"datePublished\">24\/11\/2018 14:17<\/time><\/div><\/div><\/div><\/div><\/div>","single_layout":"posts","amp_enabled":true,"_links":{"self":[{"href":"https:\/\/www.suno.com.br\/noticias\/wp-json\/wp\/v2\/posts\/6898"}],"collection":[{"href":"https:\/\/www.suno.com.br\/noticias\/wp-json\/wp\/v2\/posts"}],"about":[{"href":"https:\/\/www.suno.com.br\/noticias\/wp-json\/wp\/v2\/types\/post"}],"author":[{"embeddable":true,"href":"https:\/\/www.suno.com.br\/noticias\/wp-json\/wp\/v2\/users\/9"}],"replies":[{"embeddable":true,"href":"https:\/\/www.suno.com.br\/noticias\/wp-json\/wp\/v2\/comments?post=6898"}],"version-history":[{"count":0,"href":"https:\/\/www.suno.com.br\/noticias\/wp-json\/wp\/v2\/posts\/6898\/revisions"}],"wp:featuredmedia":[{"embeddable":true,"href":"https:\/\/www.suno.com.br\/noticias\/wp-json\/wp\/v2\/media\/6900"}],"wp:attachment":[{"href":"https:\/\/www.suno.com.br\/noticias\/wp-json\/wp\/v2\/media?parent=6898"}],"wp:term":[{"taxonomy":"category","embeddable":true,"href":"https:\/\/www.suno.com.br\/noticias\/wp-json\/wp\/v2\/categories?post=6898"},{"taxonomy":"post_tag","embeddable":true,"href":"https:\/\/www.suno.com.br\/noticias\/wp-json\/wp\/v2\/tags?post=6898"},{"taxonomy":"suno_strategy","embeddable":true,"href":"https:\/\/www.suno.com.br\/noticias\/wp-json\/wp\/v2\/suno_strategy?post=6898"}],"curies":[{"name":"wp","href":"https:\/\/api.w.org\/{rel}","templated":true}]}}