{"id":68762,"date":"2020-06-13T14:05:25","date_gmt":"2020-06-13T17:05:25","guid":{"rendered":"https:\/\/www.suno.com.br\/noticias\/?p=68762"},"modified":"2021-02-17T22:32:19","modified_gmt":"2021-02-18T01:32:19","slug":"coronavoucher-calendario-saques-do-3-lote-1-parcela","status":"publish","type":"post","link":"https:\/\/www.suno.com.br\/noticias\/coronavoucher-calendario-saques-do-3-lote-1-parcela\/","title":{"rendered":"Coronavoucher: confira o calend\u00e1rio de saques do 3\u00b0 lote da 1\u00b0 parcela"},"content":{"rendered":"<p>A <a href=\"https:\/\/www.suno.com.br\/noticias\/tags\/caixa-economica\/\">Caixa Econ\u00f4mica Federal<\/a> divulgou nesse s\u00e1bado (13) o calend\u00e1rio de saques e transfer\u00eancias do terceiro lote da primeira parcela do <a href=\"https:\/\/www.suno.com.br\/noticias\/coronavoucher-entenda-como-funciona-auxilio-emergencial\/\">aux\u00edlio emergencial<\/a>, apelidado de <strong>coronavoucher<\/strong>. A nova leva de cadastros aprovados, enviada ao banco na \u00faltima sexta-feira (12), contempla 4,9 milh\u00f5es de benefici\u00e1rios, enquanto o valor a ser pago soma R$ 3,1 bilh\u00f5es.<\/p>\t<div class=\"wrapper-featured-image\">\n\t\t<figure class=\"spotlightImg\">\n\n\t\t\t<picture>\n\t\t\t\t<source media=\"(max-width: 768px)\" srcset=\"https:\/\/files.sunoresearch.com.br\/n\/uploads\/2019\/01\/e6df791a-caixa-400x200.webp\">\n\t\t\t\t<img loading=\"lazy\" decoding=\"async\" class=\"newsContent__article__imgCapa lazyloadDisabled newsContent__article__imgCapa--noCaption\" src=\"https:\/\/files.sunoresearch.com.br\/n\/uploads\/2019\/01\/e6df791a-caixa-jpg.webp\" width=\"800\" height=\"450\" alt=\"Coronavoucher: confira o calend\u00e1rio de saques do 3\u00b0 lote da 1\u00b0 parcela\" fetchpriority=high \/>\n\t\t\t<\/picture>\n\n\t\t\t<figcaption class=\"wp-caption-text wp-caption-text--hide\">A data de saque \u00e9 diferente das datas de dep\u00f3sito do coronavoucher, para evitar aglomera\u00e7\u00f5es nas ag\u00eancias.<\/figcaption>\n\t\t<\/figure>\n\t<\/div>\n\n\n\n<p>Esses brasileiros devem receber a primeira parcela do coronavoucher atrav\u00e9s da poupan\u00e7a social digital da seguinte maneira:<\/p>\n<ul>\n<li>Nascidos entre janeiro e junho recebem dia 16\/06;<\/li>\n<li>Nascidos entre julho e dezembro recebem dia 17\/6.<\/li>\n<\/ul>\n<p><a href=\"https:\/\/lp.suno.com.br\/suno-one\/\">Suno One: acesse gratuitamente eBooks, Minicursos, Artigos e Video Aulas sobre investimentos com um \u00fanico cadastro. Clique para saber mais!<\/a><\/p>\n<p>J\u00e1 o calend\u00e1rio de <strong>saques e transfer\u00eancias<\/strong> do <strong>aux\u00edlio emergencial<\/strong> segue conforme o m\u00eas de anivers\u00e1rio dos benefici\u00e1rios. Confira as datas abaixo:<\/p>\n<ul>\n<li>Nascidos em janeiro: 6 de julho<\/li>\n<li>Nascidos em fevereiro: 7 de julho<\/li>\n<li>Nascidos em mar\u00e7o 8 de julho<\/li>\n<li>Nascidos em abril: 9 de julho<\/li>\n<li>Nascidos em maio: 10 de julho<\/li>\n<li>Nascidos em junho: 11 de julho<\/li>\n<li>Nascidos em julho: 13 de julho<\/li>\n<li>Nascidos em agosto: 14 de julho<\/li>\n<li>Nascidos em setembro: 15 de julho<\/li>\n<li>Nascidos em outubro: 16 de julho<\/li>\n<li>Nascidos em novembro: 17 de julho<\/li>\n<li>Nascidos em dezembro: 18 de julho.<\/li>\n<\/ul>\n<h2>Bolsonaro afirma que vetar\u00e1 coronavoucher caso as parcelas ultrapassem R$ 400<\/h2>\n<p>O presidente <a href=\"https:\/\/www.suno.com.br\/noticias\/tags\/bolsonaro\/\">Jair Bolsonaro<\/a> afirmou, na \u00faltima quinta-feira (11), que iria vetar os valores das novas parcelas do aux\u00edlio emergencial, caso o Congresso avalie que elas tenham que ser maior do que R$ 400. Ele destacou que h\u00e1 um consenso para o pagamento de novas parcelas do benef\u00edcio, mas o valor delas ainda n\u00e3o foi divulgado oficialmente.<\/p>\n<p>De acordo com Bolsonaro, caso as pr\u00f3ximas parcelas do coronavoucher sejam pagas com o mesmo valor das anteriores (R$ 600), o Brasil ter\u00e1 um aumento excessivo de seu endividamento.<\/p>\n<p><a class=\"LinkSuggestion__Link-sc-1mdih4x-2 jZPuuT\" href=\"https:\/\/www.suno.com.br\/noticias\/coronavoucher-maior-pagamento-historia-brasil\/\" target=\"_blank\" rel=\"noopener noreferrer\">Veja tamb\u00e9m: Coronavoucher: &#8216;\u00e9 o maior pagamento da hist\u00f3ria do Brasil&#8217;, diz presidente da Caixa<\/a><\/p>\n<p>&#8220;A parcela n\u00e3o seria de R$ 600, a gente n\u00e3o pode gastar mais R$ 100 bilh\u00f5es de . N\u00e3o tem como. Eu gostaria que fosse poss\u00edvel&#8221;, afirmou o presidente da Rep\u00fablica sobre as parcelas de <strong>coronavoucher<\/strong>.<\/p>\n\n","protected":false},"excerpt":{"rendered":"<p>A Caixa Econ\u00f4mica Federal divulgou nesse s\u00e1bado (13) o calend\u00e1rio de saques e transfer\u00eancias do terceiro lote da primeira parcela do aux\u00edlio emergencial, apelidado de coronavoucher. A nova leva de cadastros aprovados, enviada ao banco na \u00faltima sexta-feira (12), contempla 4,9 milh\u00f5es de benefici\u00e1rios, enquanto o valor a ser pago soma R$ 3,1 bilh\u00f5es. A [&hellip;]<\/p>\n","protected":false},"author":39,"featured_media":10834,"comment_status":"closed","ping_status":"closed","sticky":false,"template":"","format":"standard","meta":[],"categories":[65],"tags":[17139,1199,2487,12737,5255],"suno_strategy":[],"class_list":["post-68762","post","type-post","status-publish","format-standard","has-post-thumbnail","hentry","category-financas-pessoais","tag-auxilio-emergencial","tag-caixa-economica-federal-cef","tag-coronavirus","tag-coronavoucher","tag-covid-19"],"yoast_head":"<!-- This site is optimized with the Yoast SEO plugin v24.4 - https:\/\/yoast.com\/wordpress\/plugins\/seo\/ -->\n<title>Coronavoucher: confira o calend\u00e1rio de saques do 3\u00b0 lote da 1\u00b0 parcela<\/title>\n<meta name=\"description\" content=\"A Caixa divulgou o calend\u00e1rio de saques e transfer\u00eancias do terceiro lote da primeira parcela do coronavoucher. Clique aqui para saber mais.\" \/>\n<meta name=\"robots\" content=\"index, follow, max-snippet:-1, max-image-preview:large, max-video-preview:-1\" \/>\n<link rel=\"canonical\" href=\"https:\/\/www.suno.com.br\/noticias\/coronavoucher-calendario-saques-do-3-lote-1-parcela\/\" \/>\n<meta property=\"og:locale\" content=\"pt_BR\" \/>\n<meta property=\"og:type\" content=\"article\" \/>\n<meta property=\"og:title\" content=\"Coronavoucher: confira o calend\u00e1rio de saques do 3\u00b0 lote da 1\u00b0 parcela\" \/>\n<meta property=\"og:description\" content=\"A Caixa divulgou o calend\u00e1rio de saques e transfer\u00eancias do terceiro lote da primeira parcela do coronavoucher. Clique aqui para saber mais.\" \/>\n<meta property=\"og:url\" content=\"https:\/\/www.suno.com.br\/noticias\/coronavoucher-calendario-saques-do-3-lote-1-parcela\/\" \/>\n<meta property=\"og:site_name\" content=\"Suno Not\u00edcias\" \/>\n<meta property=\"article:publisher\" content=\"https:\/\/facebook.com\/sunoresearch\" \/>\n<meta property=\"og:image\" content=\"https:\/\/files.sunoresearch.com.br\/n\/uploads\/2019\/01\/e6df791a-caixa.jpg\" \/>\n\t<meta property=\"og:image:width\" content=\"754\" \/>\n\t<meta property=\"og:image:height\" content=\"551\" \/>\n\t<meta property=\"og:image:type\" content=\"image\/jpeg\" \/>\n<meta name=\"author\" content=\"Laura Moutinho\" \/>\n<meta name=\"twitter:card\" content=\"summary_large_image\" \/>\n<meta name=\"twitter:creator\" content=\"@sunoresearch\" \/>\n<meta name=\"twitter:site\" content=\"@sunoresearch\" \/>\n<meta name=\"twitter:label1\" content=\"Escrito por\" \/>\n\t<meta name=\"twitter:data1\" content=\"Laura Moutinho\" \/>\n\t<meta name=\"twitter:label2\" content=\"Est. tempo de leitura\" \/>\n\t<meta name=\"twitter:data2\" content=\"2 minutos\" \/>\n<script type=\"application\/ld+json\" class=\"yoast-schema-graph\">{\"@context\":\"https:\/\/schema.org\",\"@graph\":[{\"@type\":\"NewsArticle\",\"@id\":\"https:\/\/www.suno.com.br\/noticias\/coronavoucher-calendario-saques-do-3-lote-1-parcela\/#article\",\"isPartOf\":{\"@id\":\"https:\/\/www.suno.com.br\/noticias\/coronavoucher-calendario-saques-do-3-lote-1-parcela\/\"},\"author\":{\"name\":\"Laura Moutinho\",\"@id\":\"https:\/\/www.suno.com.br\/noticias\/#\/schema\/person\/3df0d2808748b74496efe5dbeaef2c72\"},\"headline\":\"Coronavoucher: confira o calend\u00e1rio de saques do 3\u00b0 lote da 1\u00b0 parcela\",\"datePublished\":\"2020-06-13T17:05:25+00:00\",\"dateModified\":\"2021-02-18T01:32:19+00:00\",\"mainEntityOfPage\":{\"@id\":\"https:\/\/www.suno.com.br\/noticias\/coronavoucher-calendario-saques-do-3-lote-1-parcela\/\"},\"wordCount\":371,\"publisher\":{\"@id\":\"https:\/\/www.suno.com.br\/noticias\/#organization\"},\"image\":{\"@id\":\"https:\/\/www.suno.com.br\/noticias\/coronavoucher-calendario-saques-do-3-lote-1-parcela\/#primaryimage\"},\"thumbnailUrl\":\"https:\/\/files.sunoresearch.com.br\/n\/uploads\/2019\/01\/e6df791a-caixa-jpg.webp\",\"keywords\":[\"aux\u00edlio emergencial\",\"Caixa Econ\u00f4mica Federal (CEF)\",\"coronav\u00edrus\",\"coronavoucher\",\"covid-19\"],\"articleSection\":[\"Finan\u00e7as Pessoais\"],\"inLanguage\":\"pt-BR\"},{\"@type\":\"WebPage\",\"@id\":\"https:\/\/www.suno.com.br\/noticias\/coronavoucher-calendario-saques-do-3-lote-1-parcela\/\",\"url\":\"https:\/\/www.suno.com.br\/noticias\/coronavoucher-calendario-saques-do-3-lote-1-parcela\/\",\"name\":\"Coronavoucher: confira o calend\u00e1rio de saques do 3\u00b0 lote da 1\u00b0 parcela\",\"isPartOf\":{\"@id\":\"https:\/\/www.suno.com.br\/noticias\/#website\"},\"primaryImageOfPage\":{\"@id\":\"https:\/\/www.suno.com.br\/noticias\/coronavoucher-calendario-saques-do-3-lote-1-parcela\/#primaryimage\"},\"image\":{\"@id\":\"https:\/\/www.suno.com.br\/noticias\/coronavoucher-calendario-saques-do-3-lote-1-parcela\/#primaryimage\"},\"thumbnailUrl\":\"https:\/\/files.sunoresearch.com.br\/n\/uploads\/2019\/01\/e6df791a-caixa-jpg.webp\",\"datePublished\":\"2020-06-13T17:05:25+00:00\",\"dateModified\":\"2021-02-18T01:32:19+00:00\",\"description\":\"A Caixa divulgou o calend\u00e1rio de saques e transfer\u00eancias do terceiro lote da primeira parcela do coronavoucher. Clique aqui para saber mais.\",\"breadcrumb\":{\"@id\":\"https:\/\/www.suno.com.br\/noticias\/coronavoucher-calendario-saques-do-3-lote-1-parcela\/#breadcrumb\"},\"inLanguage\":\"pt-BR\",\"potentialAction\":[{\"@type\":\"ReadAction\",\"target\":[\"https:\/\/www.suno.com.br\/noticias\/coronavoucher-calendario-saques-do-3-lote-1-parcela\/\"]}]},{\"@type\":\"ImageObject\",\"inLanguage\":\"pt-BR\",\"@id\":\"https:\/\/www.suno.com.br\/noticias\/coronavoucher-calendario-saques-do-3-lote-1-parcela\/#primaryimage\",\"url\":\"https:\/\/files.sunoresearch.com.br\/n\/uploads\/2019\/01\/e6df791a-caixa-jpg.webp\",\"contentUrl\":\"https:\/\/files.sunoresearch.com.br\/n\/uploads\/2019\/01\/e6df791a-caixa-jpg.webp\",\"width\":754,\"height\":551,\"caption\":\"A data de saque \u00e9 diferente das datas de dep\u00f3sito do coronavoucher, para evitar aglomera\u00e7\u00f5es nas ag\u00eancias.\"},{\"@type\":\"BreadcrumbList\",\"@id\":\"https:\/\/www.suno.com.br\/noticias\/coronavoucher-calendario-saques-do-3-lote-1-parcela\/#breadcrumb\",\"itemListElement\":[{\"@type\":\"ListItem\",\"position\":1,\"name\":\"Not\u00edcias\",\"item\":\"https:\/\/www.suno.com.br\/noticias\/\"},{\"@type\":\"ListItem\",\"position\":2,\"name\":\"Finan\u00e7as Pessoais\",\"item\":\"https:\/\/www.suno.com.br\/noticias\/financas-pessoais\/\"},{\"@type\":\"ListItem\",\"position\":3,\"name\":\"Coronavoucher: confira o calend\u00e1rio de saques do 3\u00b0 lote da 1\u00b0 parcela\"}]},{\"@type\":\"WebSite\",\"@id\":\"https:\/\/www.suno.com.br\/noticias\/#website\",\"url\":\"https:\/\/www.suno.com.br\/noticias\/\",\"name\":\"Suno Not\u00edcias\",\"description\":\"Seu portal de informa\u00e7\u00e3o sobre o mundo dos investimentos\",\"publisher\":{\"@id\":\"https:\/\/www.suno.com.br\/noticias\/#organization\"},\"potentialAction\":[{\"@type\":\"SearchAction\",\"target\":{\"@type\":\"EntryPoint\",\"urlTemplate\":\"https:\/\/www.suno.com.br\/noticias\/?s={search_term_string}\"},\"query-input\":{\"@type\":\"PropertyValueSpecification\",\"valueRequired\":true,\"valueName\":\"search_term_string\"}}],\"inLanguage\":\"pt-BR\"},{\"@type\":\"Organization\",\"@id\":\"https:\/\/www.suno.com.br\/noticias\/#organization\",\"name\":\"Suno Not\u00edcias\",\"url\":\"https:\/\/www.suno.com.br\/noticias\/\",\"logo\":{\"@type\":\"ImageObject\",\"inLanguage\":\"pt-BR\",\"@id\":\"https:\/\/www.suno.com.br\/noticias\/#\/schema\/logo\/image\/\",\"url\":\"https:\/\/files.sunoresearch.com.br\/n\/uploads\/2021\/09\/suno-logo.png\",\"contentUrl\":\"https:\/\/files.sunoresearch.com.br\/n\/uploads\/2021\/09\/suno-logo.png\",\"width\":180,\"height\":180,\"caption\":\"Suno Not\u00edcias\"},\"image\":{\"@id\":\"https:\/\/www.suno.com.br\/noticias\/#\/schema\/logo\/image\/\"},\"sameAs\":[\"https:\/\/facebook.com\/sunoresearch\",\"https:\/\/x.com\/sunoresearch\",\"https:\/\/www.instagram.com\/suno\",\"https:\/\/www.linkedin.com\/company\/suno-research\/\",\"https:\/\/www.youtube.com\/c\/sunoresearch\"]},{\"@type\":\"Person\",\"@id\":\"https:\/\/www.suno.com.br\/noticias\/#\/schema\/person\/3df0d2808748b74496efe5dbeaef2c72\",\"name\":\"Laura Moutinho\",\"image\":{\"@type\":\"ImageObject\",\"inLanguage\":\"pt-BR\",\"@id\":\"https:\/\/www.suno.com.br\/noticias\/#\/schema\/person\/image\/\",\"url\":\"https:\/\/secure.gravatar.com\/avatar\/7571c7c8ca3a6fca5e41384ece5557ff?s=96&r=g\",\"contentUrl\":\"https:\/\/secure.gravatar.com\/avatar\/7571c7c8ca3a6fca5e41384ece5557ff?s=96&r=g\",\"caption\":\"Laura Moutinho\"},\"description\":\"Estagi\u00e1ria na Suno Not\u00edcias, escreve not\u00edcias que afetam o mercado financeiro. Estuda administra\u00e7\u00e3o na Universidade Presbiteriana Mackenzie.\",\"url\":\"https:\/\/www.suno.com.br\/noticias\/author\/laura-moutinho\/\"}]}<\/script>\n<!-- \/ Yoast SEO plugin. -->","yoast_head_json":{"title":"Coronavoucher: confira o calend\u00e1rio de saques do 3\u00b0 lote da 1\u00b0 parcela","description":"A Caixa divulgou o calend\u00e1rio de saques e transfer\u00eancias do terceiro lote da primeira parcela do coronavoucher. Clique aqui para saber mais.","robots":{"index":"index","follow":"follow","max-snippet":"max-snippet:-1","max-image-preview":"max-image-preview:large","max-video-preview":"max-video-preview:-1"},"canonical":"https:\/\/www.suno.com.br\/noticias\/coronavoucher-calendario-saques-do-3-lote-1-parcela\/","og_locale":"pt_BR","og_type":"article","og_title":"Coronavoucher: confira o calend\u00e1rio de saques do 3\u00b0 lote da 1\u00b0 parcela","og_description":"A Caixa divulgou o calend\u00e1rio de saques e transfer\u00eancias do terceiro lote da primeira parcela do coronavoucher. Clique aqui para saber mais.","og_url":"https:\/\/www.suno.com.br\/noticias\/coronavoucher-calendario-saques-do-3-lote-1-parcela\/","og_site_name":"Suno Not\u00edcias","article_publisher":"https:\/\/facebook.com\/sunoresearch","og_image":[{"width":754,"height":551,"url":"https:\/\/files.sunoresearch.com.br\/n\/uploads\/2019\/01\/e6df791a-caixa.jpg","type":"image\/jpeg"}],"author":"Laura Moutinho","twitter_card":"summary_large_image","twitter_creator":"@sunoresearch","twitter_site":"@sunoresearch","twitter_misc":{"Escrito por":"Laura Moutinho","Est. tempo de leitura":"2 minutos"},"schema":{"@context":"https:\/\/schema.org","@graph":[{"@type":"NewsArticle","@id":"https:\/\/www.suno.com.br\/noticias\/coronavoucher-calendario-saques-do-3-lote-1-parcela\/#article","isPartOf":{"@id":"https:\/\/www.suno.com.br\/noticias\/coronavoucher-calendario-saques-do-3-lote-1-parcela\/"},"author":{"name":"Laura Moutinho","@id":"https:\/\/www.suno.com.br\/noticias\/#\/schema\/person\/3df0d2808748b74496efe5dbeaef2c72"},"headline":"Coronavoucher: confira o calend\u00e1rio de saques do 3\u00b0 lote da 1\u00b0 parcela","datePublished":"2020-06-13T17:05:25+00:00","dateModified":"2021-02-18T01:32:19+00:00","mainEntityOfPage":{"@id":"https:\/\/www.suno.com.br\/noticias\/coronavoucher-calendario-saques-do-3-lote-1-parcela\/"},"wordCount":371,"publisher":{"@id":"https:\/\/www.suno.com.br\/noticias\/#organization"},"image":{"@id":"https:\/\/www.suno.com.br\/noticias\/coronavoucher-calendario-saques-do-3-lote-1-parcela\/#primaryimage"},"thumbnailUrl":"https:\/\/files.sunoresearch.com.br\/n\/uploads\/2019\/01\/e6df791a-caixa-jpg.webp","keywords":["aux\u00edlio emergencial","Caixa Econ\u00f4mica Federal (CEF)","coronav\u00edrus","coronavoucher","covid-19"],"articleSection":["Finan\u00e7as Pessoais"],"inLanguage":"pt-BR"},{"@type":"WebPage","@id":"https:\/\/www.suno.com.br\/noticias\/coronavoucher-calendario-saques-do-3-lote-1-parcela\/","url":"https:\/\/www.suno.com.br\/noticias\/coronavoucher-calendario-saques-do-3-lote-1-parcela\/","name":"Coronavoucher: confira o calend\u00e1rio de saques do 3\u00b0 lote da 1\u00b0 parcela","isPartOf":{"@id":"https:\/\/www.suno.com.br\/noticias\/#website"},"primaryImageOfPage":{"@id":"https:\/\/www.suno.com.br\/noticias\/coronavoucher-calendario-saques-do-3-lote-1-parcela\/#primaryimage"},"image":{"@id":"https:\/\/www.suno.com.br\/noticias\/coronavoucher-calendario-saques-do-3-lote-1-parcela\/#primaryimage"},"thumbnailUrl":"https:\/\/files.sunoresearch.com.br\/n\/uploads\/2019\/01\/e6df791a-caixa-jpg.webp","datePublished":"2020-06-13T17:05:25+00:00","dateModified":"2021-02-18T01:32:19+00:00","description":"A Caixa divulgou o calend\u00e1rio de saques e transfer\u00eancias do terceiro lote da primeira parcela do coronavoucher. Clique aqui para saber mais.","breadcrumb":{"@id":"https:\/\/www.suno.com.br\/noticias\/coronavoucher-calendario-saques-do-3-lote-1-parcela\/#breadcrumb"},"inLanguage":"pt-BR","potentialAction":[{"@type":"ReadAction","target":["https:\/\/www.suno.com.br\/noticias\/coronavoucher-calendario-saques-do-3-lote-1-parcela\/"]}]},{"@type":"ImageObject","inLanguage":"pt-BR","@id":"https:\/\/www.suno.com.br\/noticias\/coronavoucher-calendario-saques-do-3-lote-1-parcela\/#primaryimage","url":"https:\/\/files.sunoresearch.com.br\/n\/uploads\/2019\/01\/e6df791a-caixa-jpg.webp","contentUrl":"https:\/\/files.sunoresearch.com.br\/n\/uploads\/2019\/01\/e6df791a-caixa-jpg.webp","width":754,"height":551,"caption":"A data de saque \u00e9 diferente das datas de dep\u00f3sito do coronavoucher, para evitar aglomera\u00e7\u00f5es nas ag\u00eancias."},{"@type":"BreadcrumbList","@id":"https:\/\/www.suno.com.br\/noticias\/coronavoucher-calendario-saques-do-3-lote-1-parcela\/#breadcrumb","itemListElement":[{"@type":"ListItem","position":1,"name":"Not\u00edcias","item":"https:\/\/www.suno.com.br\/noticias\/"},{"@type":"ListItem","position":2,"name":"Finan\u00e7as Pessoais","item":"https:\/\/www.suno.com.br\/noticias\/financas-pessoais\/"},{"@type":"ListItem","position":3,"name":"Coronavoucher: confira o calend\u00e1rio de saques do 3\u00b0 lote da 1\u00b0 parcela"}]},{"@type":"WebSite","@id":"https:\/\/www.suno.com.br\/noticias\/#website","url":"https:\/\/www.suno.com.br\/noticias\/","name":"Suno Not\u00edcias","description":"Seu portal de informa\u00e7\u00e3o sobre o mundo dos investimentos","publisher":{"@id":"https:\/\/www.suno.com.br\/noticias\/#organization"},"potentialAction":[{"@type":"SearchAction","target":{"@type":"EntryPoint","urlTemplate":"https:\/\/www.suno.com.br\/noticias\/?s={search_term_string}"},"query-input":{"@type":"PropertyValueSpecification","valueRequired":true,"valueName":"search_term_string"}}],"inLanguage":"pt-BR"},{"@type":"Organization","@id":"https:\/\/www.suno.com.br\/noticias\/#organization","name":"Suno Not\u00edcias","url":"https:\/\/www.suno.com.br\/noticias\/","logo":{"@type":"ImageObject","inLanguage":"pt-BR","@id":"https:\/\/www.suno.com.br\/noticias\/#\/schema\/logo\/image\/","url":"https:\/\/files.sunoresearch.com.br\/n\/uploads\/2021\/09\/suno-logo.png","contentUrl":"https:\/\/files.sunoresearch.com.br\/n\/uploads\/2021\/09\/suno-logo.png","width":180,"height":180,"caption":"Suno Not\u00edcias"},"image":{"@id":"https:\/\/www.suno.com.br\/noticias\/#\/schema\/logo\/image\/"},"sameAs":["https:\/\/facebook.com\/sunoresearch","https:\/\/x.com\/sunoresearch","https:\/\/www.instagram.com\/suno","https:\/\/www.linkedin.com\/company\/suno-research\/","https:\/\/www.youtube.com\/c\/sunoresearch"]},{"@type":"Person","@id":"https:\/\/www.suno.com.br\/noticias\/#\/schema\/person\/3df0d2808748b74496efe5dbeaef2c72","name":"Laura Moutinho","image":{"@type":"ImageObject","inLanguage":"pt-BR","@id":"https:\/\/www.suno.com.br\/noticias\/#\/schema\/person\/image\/","url":"https:\/\/secure.gravatar.com\/avatar\/7571c7c8ca3a6fca5e41384ece5557ff?s=96&r=g","contentUrl":"https:\/\/secure.gravatar.com\/avatar\/7571c7c8ca3a6fca5e41384ece5557ff?s=96&r=g","caption":"Laura Moutinho"},"description":"Estagi\u00e1ria na Suno Not\u00edcias, escreve not\u00edcias que afetam o mercado financeiro. Estuda administra\u00e7\u00e3o na Universidade Presbiteriana Mackenzie.","url":"https:\/\/www.suno.com.br\/noticias\/author\/laura-moutinho\/"}]}},"default_loop_html":"<div class=\"cardsPage__listCard__boxs\"><div class=\"cardsPage__listCard__boxs__img\"><a href=\"https:\/\/www.suno.com.br\/noticias\/coronavoucher-calendario-saques-do-3-lote-1-parcela\/\"><img class=\"mask\" src=\"https:\/\/www.suno.com.br\/noticias\/wp-content\/themes\/suno\/resources\/images\/spotlight\/spotlight1img\/bg-mask.png\" alt=\"Image Mask\"\/><img src=\"https:\/\/files.sunoresearch.com.br\/n\/uploads\/2019\/01\/e6df791a-caixa-400x200.webp\" alt=\"Coronavoucher: confira o calend\u00e1rio de saques do 3\u00b0 lote da 1\u00b0 parcela\"\/><\/a><span class=\"spotlightCategory\"><a href=\"https:\/\/www.suno.com.br\/noticias\/financas-pessoais\/\">Finan\u00e7as Pessoais<\/a><\/span><\/div><div class=\"cardsPage__listCard__boxs__content\"><a href=\"https:\/\/www.suno.com.br\/noticias\/coronavoucher-calendario-saques-do-3-lote-1-parcela\/\"><h2 class=\"content__title\">Coronavoucher: confira o calend\u00e1rio de saques do 3\u00b0 lote da 1\u00b0 parcela<\/h2><\/a><div class=\"newsContent__article__meta\"><div class=\"newsContent__article__meta__authorBox\"><a href=\"https:\/\/www.suno.com.br\/noticias\/author\/laura-moutinho\/\" class=\"authorBox__avatar noMobi\"><img src=\"https:\/\/files.sunoresearch.com.br\/n\/uploads\/2020\/08\/531ff69d-whatsapp-image-2020-08-03-at-14.54.38-150x150.webp\" alt=\"Laura Moutinho\"><\/a><div class=\"authorBox__name\"><span>por\n\t\t\t<a href=\"https:\/\/www.suno.com.br\/noticias\/author\/laura-moutinho\/\"><span itemprop=\"author\">Laura Moutinho<\/span><\/a><\/span><time datetime=\"2020-06-13T14:05:25-03:00\" itemprop=\"datePublished\">13\/06\/2020 14:05<\/time><\/div><\/div><\/div><\/div><\/div>","single_layout":"posts","amp_enabled":true,"_links":{"self":[{"href":"https:\/\/www.suno.com.br\/noticias\/wp-json\/wp\/v2\/posts\/68762"}],"collection":[{"href":"https:\/\/www.suno.com.br\/noticias\/wp-json\/wp\/v2\/posts"}],"about":[{"href":"https:\/\/www.suno.com.br\/noticias\/wp-json\/wp\/v2\/types\/post"}],"author":[{"embeddable":true,"href":"https:\/\/www.suno.com.br\/noticias\/wp-json\/wp\/v2\/users\/39"}],"replies":[{"embeddable":true,"href":"https:\/\/www.suno.com.br\/noticias\/wp-json\/wp\/v2\/comments?post=68762"}],"version-history":[{"count":0,"href":"https:\/\/www.suno.com.br\/noticias\/wp-json\/wp\/v2\/posts\/68762\/revisions"}],"wp:featuredmedia":[{"embeddable":true,"href":"https:\/\/www.suno.com.br\/noticias\/wp-json\/wp\/v2\/media\/10834"}],"wp:attachment":[{"href":"https:\/\/www.suno.com.br\/noticias\/wp-json\/wp\/v2\/media?parent=68762"}],"wp:term":[{"taxonomy":"category","embeddable":true,"href":"https:\/\/www.suno.com.br\/noticias\/wp-json\/wp\/v2\/categories?post=68762"},{"taxonomy":"post_tag","embeddable":true,"href":"https:\/\/www.suno.com.br\/noticias\/wp-json\/wp\/v2\/tags?post=68762"},{"taxonomy":"suno_strategy","embeddable":true,"href":"https:\/\/www.suno.com.br\/noticias\/wp-json\/wp\/v2\/suno_strategy?post=68762"}],"curies":[{"name":"wp","href":"https:\/\/api.w.org\/{rel}","templated":true}]}}