{"id":68759,"date":"2020-06-13T13:21:05","date_gmt":"2020-06-13T16:21:05","guid":{"rendered":"https:\/\/www.suno.com.br\/noticias\/?p=68759"},"modified":"2020-06-13T13:21:05","modified_gmt":"2020-06-13T16:21:05","slug":"china-mercado-coronavirus-surto-covid-19","status":"publish","type":"post","link":"https:\/\/www.suno.com.br\/noticias\/china-mercado-coronavirus-surto-covid-19\/","title":{"rendered":"Coronav\u00edrus: Pequim fecha mercado ap\u00f3s novos casos da doen\u00e7a"},"content":{"rendered":"<p>O \u00faltimo caso de <a href=\"https:\/\/www.suno.com.br\/noticias\/tags\/coronavirus\/\"><strong>coronav\u00edrus<\/strong> (Covid-19)<\/a> em Pequim havia sido confirmado a mais de 50 dias atr\u00e1s, entretanto, nesse s\u00e1bado (13) o maior mercado da capital chinesa foi fechado quando mais de 50 pessoas testaram positivos para o v\u00edrus na regi\u00e3o. A pol\u00edcia local ainda estabeleceu um bloqueio a 11 bairros residenciais localizadas no entorno do mercado de Xinfadi.<\/p>\t<div class=\"wrapper-featured-image\">\n\t\t<figure class=\"spotlightImg\">\n\n\t\t\t<picture>\n\t\t\t\t<source media=\"(max-width: 768px)\" srcset=\"https:\/\/files.sunoresearch.com.br\/n\/uploads\/2020\/03\/7be42bee-cdc-coronavirus-400x200.webp\">\n\t\t\t\t<img loading=\"lazy\" decoding=\"async\" class=\"newsContent__article__imgCapa lazyloadDisabled newsContent__article__imgCapa--noCaption\" src=\"https:\/\/files.sunoresearch.com.br\/n\/uploads\/2020\/03\/7be42bee-cdc-coronavirus-jpg.webp\" width=\"800\" height=\"450\" alt=\"Coronav\u00edrus: Pequim fecha mercado ap\u00f3s novos casos da doen\u00e7a\" fetchpriority=high \/>\n\t\t\t<\/picture>\n\n\t\t\t<figcaption class=\"wp-caption-text wp-caption-text--hide\">Coronav\u00edrus: Pequim fecha mercado ap\u00f3s novos casos da doen\u00e7a<\/figcaption>\n\t\t<\/figure>\n\t<\/div>\n\n\n\n<p>De acordo com as autoridades da <a href=\"https:\/\/www.suno.com.br\/noticias\/tags\/china\/\"><strong>China<\/strong><\/a>, 45 funcion\u00e1rios do mercado estavam infectados com o coronav\u00edrus apesar de n\u00e3o apresentarem sintomas. Al\u00e9m disso, as autoridades disseram que cerca de 40 amostras de carnes, superf\u00edcies, latas de lixo, entre outros materiais do mercado, estavam contaminadas com o v\u00edrus.<\/p>\n<p>Os tr\u00eas primeiros casos da doen\u00e7a ap\u00f3s o fim do primeiro surto, foram detectados em Pequim na \u00faltima quinta-feira (11) e na \u00faltima sexta-feira (12). Desses, duas pessoas contaminadas foram ao mercado.<\/p>\n<p><a href=\"https:\/\/lp.suno.com.br\/suno-one\/\">Suno One: acesse gratuitamente eBooks, Minicursos, Artigos e Video Aulas sobre investimentos com um \u00fanico cadastro. Clique para saber mais!<\/a><\/p>\n<p>Uma jovem chamada Jin Zheng, que caminhava pelo centro da capital chinesa salientou que &#8220;a epidemia j\u00e1 estava quase no fim e, de repente, h\u00e1 mais um ou dois novos pontos de infec\u00e7\u00e3o&#8221;. A mo\u00e7a destacou que estava sentindo um pouco de medo, e acrescentou dizendo &#8220;espero que todos evitem sair e usem equipamentos de prote\u00e7\u00e3o&#8221;.<\/p>\n<p>Al\u00e9m disso, um faixa com os dizeres &#8220;n\u00e3o podemos baixar a guarda, quando se trata de preven\u00e7\u00e3o e controle de epidemias&#8221; foi colocada em um muro pr\u00f3ximo ao local.<\/p>\n<p>Contudo, as autoridades da capital afirmaram que os trabalhadores do mercado ser\u00e3o submetidos a testes de <strong>Covid-19<\/strong>, e amostras de alimentos de todos os mercados da cidade devem ser testados. Ademais, todos os restaurantes e supermercados da capital devem ser submetidos a inspe\u00e7\u00f5es de seguran\u00e7a alimentar.<\/p>\n<h2>Pequim suspende reabertura ap\u00f3s novos casos de coronav\u00edrus<\/h2>\n<p>J\u00e1 sobre as restri\u00e7\u00f5es que estavam sendo abrandadas, Pequim voltou atr\u00e1s ap\u00f3s o ocorrido e cancelou os planos de abrir escola prim\u00e1rias na pr\u00f3xima segunda-feira (15).<\/p>\n<p><a class=\"LinkSuggestion__Link-sc-1mdih4x-2 jZPuuT\" href=\"https:\/\/www.suno.com.br\/noticias\/china-mentiu-oms-coronavirus-ap\/\" target=\"_blank\" rel=\"noopener noreferrer\">Veja tamb\u00e9m: China mentiu para a OMS escondendo dados sobre coronav\u00edrus, diz AP<\/a><\/p>\n<p>Os eventos esportivos tamb\u00e9m foram cancelados e o Centro Nacional de Artes C\u00eanicas, reaberto no dia 2 desse m\u00eas, tamb\u00e9m fechou por causa do novo surto de <strong>coronav\u00edrus<\/strong>, de acordo com as ag\u00eancias chinesas &#8216;Xinhua&#8217; e &#8216;The Paper&#8217;.<\/p>\n\n","protected":false},"excerpt":{"rendered":"<p>O \u00faltimo caso de coronav\u00edrus (Covid-19) em Pequim havia sido confirmado a mais de 50 dias atr\u00e1s, entretanto, nesse s\u00e1bado (13) o maior mercado da capital chinesa foi fechado quando mais de 50 pessoas testaram positivos para o v\u00edrus na regi\u00e3o. A pol\u00edcia local ainda estabeleceu um bloqueio a 11 bairros residenciais localizadas no entorno [&hellip;]<\/p>\n","protected":false},"author":39,"featured_media":55207,"comment_status":"closed","ping_status":"closed","sticky":false,"template":"","format":"standard","meta":[],"categories":[63],"tags":[711,2487,5255],"suno_strategy":[],"class_list":["post-68759","post","type-post","status-publish","format-standard","has-post-thumbnail","hentry","category-internacional","tag-china","tag-coronavirus","tag-covid-19"],"yoast_head":"<!-- This site is optimized with the Yoast SEO plugin v24.4 - https:\/\/yoast.com\/wordpress\/plugins\/seo\/ -->\n<title>Coronav\u00edrus: Pequim fecha mercado ap\u00f3s novos casos da doen\u00e7a<\/title>\n<meta name=\"description\" content=\"Pequim fechou o maior mercado da capital ap\u00f3s mais de 50 pessoas testaram positivos para coronav\u00edrus na regi\u00e3o. Clique aqui para saber mais.\" \/>\n<meta name=\"robots\" content=\"index, follow, max-snippet:-1, max-image-preview:large, max-video-preview:-1\" \/>\n<link rel=\"canonical\" href=\"https:\/\/www.suno.com.br\/noticias\/china-mercado-coronavirus-surto-covid-19\/\" \/>\n<meta property=\"og:locale\" content=\"pt_BR\" \/>\n<meta property=\"og:type\" content=\"article\" \/>\n<meta property=\"og:title\" content=\"Coronav\u00edrus: Pequim fecha mercado ap\u00f3s novos casos da doen\u00e7a\" \/>\n<meta property=\"og:description\" content=\"Pequim fechou o maior mercado da capital ap\u00f3s mais de 50 pessoas testaram positivos para coronav\u00edrus na regi\u00e3o. Clique aqui para saber mais.\" \/>\n<meta property=\"og:url\" content=\"https:\/\/www.suno.com.br\/noticias\/china-mercado-coronavirus-surto-covid-19\/\" \/>\n<meta property=\"og:site_name\" content=\"Suno Not\u00edcias\" \/>\n<meta property=\"article:publisher\" content=\"https:\/\/facebook.com\/sunoresearch\" \/>\n<meta property=\"og:image\" content=\"https:\/\/files.sunoresearch.com.br\/n\/uploads\/2020\/03\/7be42bee-cdc-coronavirus.jpg\" \/>\n\t<meta property=\"og:image:width\" content=\"720\" \/>\n\t<meta property=\"og:image:height\" content=\"407\" \/>\n\t<meta property=\"og:image:type\" content=\"image\/jpeg\" \/>\n<meta name=\"author\" content=\"Laura Moutinho\" \/>\n<meta name=\"twitter:card\" content=\"summary_large_image\" \/>\n<meta name=\"twitter:creator\" content=\"@sunoresearch\" \/>\n<meta name=\"twitter:site\" content=\"@sunoresearch\" \/>\n<meta name=\"twitter:label1\" content=\"Escrito por\" \/>\n\t<meta name=\"twitter:data1\" content=\"Laura Moutinho\" \/>\n\t<meta name=\"twitter:label2\" content=\"Est. tempo de leitura\" \/>\n\t<meta name=\"twitter:data2\" content=\"2 minutos\" \/>\n<script type=\"application\/ld+json\" class=\"yoast-schema-graph\">{\"@context\":\"https:\/\/schema.org\",\"@graph\":[{\"@type\":\"NewsArticle\",\"@id\":\"https:\/\/www.suno.com.br\/noticias\/china-mercado-coronavirus-surto-covid-19\/#article\",\"isPartOf\":{\"@id\":\"https:\/\/www.suno.com.br\/noticias\/china-mercado-coronavirus-surto-covid-19\/\"},\"author\":{\"name\":\"Laura Moutinho\",\"@id\":\"https:\/\/www.suno.com.br\/noticias\/#\/schema\/person\/3df0d2808748b74496efe5dbeaef2c72\"},\"headline\":\"Coronav\u00edrus: Pequim fecha mercado ap\u00f3s novos casos da doen\u00e7a\",\"datePublished\":\"2020-06-13T16:21:05+00:00\",\"mainEntityOfPage\":{\"@id\":\"https:\/\/www.suno.com.br\/noticias\/china-mercado-coronavirus-surto-covid-19\/\"},\"wordCount\":424,\"publisher\":{\"@id\":\"https:\/\/www.suno.com.br\/noticias\/#organization\"},\"image\":{\"@id\":\"https:\/\/www.suno.com.br\/noticias\/china-mercado-coronavirus-surto-covid-19\/#primaryimage\"},\"thumbnailUrl\":\"https:\/\/files.sunoresearch.com.br\/n\/uploads\/2020\/03\/7be42bee-cdc-coronavirus-jpg.webp\",\"keywords\":[\"China\",\"coronav\u00edrus\",\"covid-19\"],\"articleSection\":[\"Internacional\"],\"inLanguage\":\"pt-BR\"},{\"@type\":\"WebPage\",\"@id\":\"https:\/\/www.suno.com.br\/noticias\/china-mercado-coronavirus-surto-covid-19\/\",\"url\":\"https:\/\/www.suno.com.br\/noticias\/china-mercado-coronavirus-surto-covid-19\/\",\"name\":\"Coronav\u00edrus: Pequim fecha mercado ap\u00f3s novos casos da doen\u00e7a\",\"isPartOf\":{\"@id\":\"https:\/\/www.suno.com.br\/noticias\/#website\"},\"primaryImageOfPage\":{\"@id\":\"https:\/\/www.suno.com.br\/noticias\/china-mercado-coronavirus-surto-covid-19\/#primaryimage\"},\"image\":{\"@id\":\"https:\/\/www.suno.com.br\/noticias\/china-mercado-coronavirus-surto-covid-19\/#primaryimage\"},\"thumbnailUrl\":\"https:\/\/files.sunoresearch.com.br\/n\/uploads\/2020\/03\/7be42bee-cdc-coronavirus-jpg.webp\",\"datePublished\":\"2020-06-13T16:21:05+00:00\",\"description\":\"Pequim fechou o maior mercado da capital ap\u00f3s mais de 50 pessoas testaram positivos para coronav\u00edrus na regi\u00e3o. Clique aqui para saber mais.\",\"breadcrumb\":{\"@id\":\"https:\/\/www.suno.com.br\/noticias\/china-mercado-coronavirus-surto-covid-19\/#breadcrumb\"},\"inLanguage\":\"pt-BR\",\"potentialAction\":[{\"@type\":\"ReadAction\",\"target\":[\"https:\/\/www.suno.com.br\/noticias\/china-mercado-coronavirus-surto-covid-19\/\"]}]},{\"@type\":\"ImageObject\",\"inLanguage\":\"pt-BR\",\"@id\":\"https:\/\/www.suno.com.br\/noticias\/china-mercado-coronavirus-surto-covid-19\/#primaryimage\",\"url\":\"https:\/\/files.sunoresearch.com.br\/n\/uploads\/2020\/03\/7be42bee-cdc-coronavirus-jpg.webp\",\"contentUrl\":\"https:\/\/files.sunoresearch.com.br\/n\/uploads\/2020\/03\/7be42bee-cdc-coronavirus-jpg.webp\",\"width\":720,\"height\":407,\"caption\":\"Coronav\u00edrus: Pequim fecha mercado ap\u00f3s novos casos da doen\u00e7a\"},{\"@type\":\"BreadcrumbList\",\"@id\":\"https:\/\/www.suno.com.br\/noticias\/china-mercado-coronavirus-surto-covid-19\/#breadcrumb\",\"itemListElement\":[{\"@type\":\"ListItem\",\"position\":1,\"name\":\"Not\u00edcias\",\"item\":\"https:\/\/www.suno.com.br\/noticias\/\"},{\"@type\":\"ListItem\",\"position\":2,\"name\":\"Internacional\",\"item\":\"https:\/\/www.suno.com.br\/noticias\/internacional\/\"},{\"@type\":\"ListItem\",\"position\":3,\"name\":\"Coronav\u00edrus: Pequim fecha mercado ap\u00f3s novos casos da doen\u00e7a\"}]},{\"@type\":\"WebSite\",\"@id\":\"https:\/\/www.suno.com.br\/noticias\/#website\",\"url\":\"https:\/\/www.suno.com.br\/noticias\/\",\"name\":\"Suno Not\u00edcias\",\"description\":\"Seu portal de informa\u00e7\u00e3o sobre o mundo dos investimentos\",\"publisher\":{\"@id\":\"https:\/\/www.suno.com.br\/noticias\/#organization\"},\"potentialAction\":[{\"@type\":\"SearchAction\",\"target\":{\"@type\":\"EntryPoint\",\"urlTemplate\":\"https:\/\/www.suno.com.br\/noticias\/?s={search_term_string}\"},\"query-input\":{\"@type\":\"PropertyValueSpecification\",\"valueRequired\":true,\"valueName\":\"search_term_string\"}}],\"inLanguage\":\"pt-BR\"},{\"@type\":\"Organization\",\"@id\":\"https:\/\/www.suno.com.br\/noticias\/#organization\",\"name\":\"Suno Not\u00edcias\",\"url\":\"https:\/\/www.suno.com.br\/noticias\/\",\"logo\":{\"@type\":\"ImageObject\",\"inLanguage\":\"pt-BR\",\"@id\":\"https:\/\/www.suno.com.br\/noticias\/#\/schema\/logo\/image\/\",\"url\":\"https:\/\/files.sunoresearch.com.br\/n\/uploads\/2021\/09\/suno-logo.png\",\"contentUrl\":\"https:\/\/files.sunoresearch.com.br\/n\/uploads\/2021\/09\/suno-logo.png\",\"width\":180,\"height\":180,\"caption\":\"Suno Not\u00edcias\"},\"image\":{\"@id\":\"https:\/\/www.suno.com.br\/noticias\/#\/schema\/logo\/image\/\"},\"sameAs\":[\"https:\/\/facebook.com\/sunoresearch\",\"https:\/\/x.com\/sunoresearch\",\"https:\/\/www.instagram.com\/suno\",\"https:\/\/www.linkedin.com\/company\/suno-research\/\",\"https:\/\/www.youtube.com\/c\/sunoresearch\"]},{\"@type\":\"Person\",\"@id\":\"https:\/\/www.suno.com.br\/noticias\/#\/schema\/person\/3df0d2808748b74496efe5dbeaef2c72\",\"name\":\"Laura Moutinho\",\"image\":{\"@type\":\"ImageObject\",\"inLanguage\":\"pt-BR\",\"@id\":\"https:\/\/www.suno.com.br\/noticias\/#\/schema\/person\/image\/\",\"url\":\"https:\/\/secure.gravatar.com\/avatar\/7571c7c8ca3a6fca5e41384ece5557ff?s=96&r=g\",\"contentUrl\":\"https:\/\/secure.gravatar.com\/avatar\/7571c7c8ca3a6fca5e41384ece5557ff?s=96&r=g\",\"caption\":\"Laura Moutinho\"},\"description\":\"Estagi\u00e1ria na Suno Not\u00edcias, escreve not\u00edcias que afetam o mercado financeiro. Estuda administra\u00e7\u00e3o na Universidade Presbiteriana Mackenzie.\",\"url\":\"https:\/\/www.suno.com.br\/noticias\/author\/laura-moutinho\/\"}]}<\/script>\n<!-- \/ Yoast SEO plugin. -->","yoast_head_json":{"title":"Coronav\u00edrus: Pequim fecha mercado ap\u00f3s novos casos da doen\u00e7a","description":"Pequim fechou o maior mercado da capital ap\u00f3s mais de 50 pessoas testaram positivos para coronav\u00edrus na regi\u00e3o. Clique aqui para saber mais.","robots":{"index":"index","follow":"follow","max-snippet":"max-snippet:-1","max-image-preview":"max-image-preview:large","max-video-preview":"max-video-preview:-1"},"canonical":"https:\/\/www.suno.com.br\/noticias\/china-mercado-coronavirus-surto-covid-19\/","og_locale":"pt_BR","og_type":"article","og_title":"Coronav\u00edrus: Pequim fecha mercado ap\u00f3s novos casos da doen\u00e7a","og_description":"Pequim fechou o maior mercado da capital ap\u00f3s mais de 50 pessoas testaram positivos para coronav\u00edrus na regi\u00e3o. Clique aqui para saber mais.","og_url":"https:\/\/www.suno.com.br\/noticias\/china-mercado-coronavirus-surto-covid-19\/","og_site_name":"Suno Not\u00edcias","article_publisher":"https:\/\/facebook.com\/sunoresearch","og_image":[{"width":720,"height":407,"url":"https:\/\/files.sunoresearch.com.br\/n\/uploads\/2020\/03\/7be42bee-cdc-coronavirus.jpg","type":"image\/jpeg"}],"author":"Laura Moutinho","twitter_card":"summary_large_image","twitter_creator":"@sunoresearch","twitter_site":"@sunoresearch","twitter_misc":{"Escrito por":"Laura Moutinho","Est. tempo de leitura":"2 minutos"},"schema":{"@context":"https:\/\/schema.org","@graph":[{"@type":"NewsArticle","@id":"https:\/\/www.suno.com.br\/noticias\/china-mercado-coronavirus-surto-covid-19\/#article","isPartOf":{"@id":"https:\/\/www.suno.com.br\/noticias\/china-mercado-coronavirus-surto-covid-19\/"},"author":{"name":"Laura Moutinho","@id":"https:\/\/www.suno.com.br\/noticias\/#\/schema\/person\/3df0d2808748b74496efe5dbeaef2c72"},"headline":"Coronav\u00edrus: Pequim fecha mercado ap\u00f3s novos casos da doen\u00e7a","datePublished":"2020-06-13T16:21:05+00:00","mainEntityOfPage":{"@id":"https:\/\/www.suno.com.br\/noticias\/china-mercado-coronavirus-surto-covid-19\/"},"wordCount":424,"publisher":{"@id":"https:\/\/www.suno.com.br\/noticias\/#organization"},"image":{"@id":"https:\/\/www.suno.com.br\/noticias\/china-mercado-coronavirus-surto-covid-19\/#primaryimage"},"thumbnailUrl":"https:\/\/files.sunoresearch.com.br\/n\/uploads\/2020\/03\/7be42bee-cdc-coronavirus-jpg.webp","keywords":["China","coronav\u00edrus","covid-19"],"articleSection":["Internacional"],"inLanguage":"pt-BR"},{"@type":"WebPage","@id":"https:\/\/www.suno.com.br\/noticias\/china-mercado-coronavirus-surto-covid-19\/","url":"https:\/\/www.suno.com.br\/noticias\/china-mercado-coronavirus-surto-covid-19\/","name":"Coronav\u00edrus: Pequim fecha mercado ap\u00f3s novos casos da doen\u00e7a","isPartOf":{"@id":"https:\/\/www.suno.com.br\/noticias\/#website"},"primaryImageOfPage":{"@id":"https:\/\/www.suno.com.br\/noticias\/china-mercado-coronavirus-surto-covid-19\/#primaryimage"},"image":{"@id":"https:\/\/www.suno.com.br\/noticias\/china-mercado-coronavirus-surto-covid-19\/#primaryimage"},"thumbnailUrl":"https:\/\/files.sunoresearch.com.br\/n\/uploads\/2020\/03\/7be42bee-cdc-coronavirus-jpg.webp","datePublished":"2020-06-13T16:21:05+00:00","description":"Pequim fechou o maior mercado da capital ap\u00f3s mais de 50 pessoas testaram positivos para coronav\u00edrus na regi\u00e3o. Clique aqui para saber mais.","breadcrumb":{"@id":"https:\/\/www.suno.com.br\/noticias\/china-mercado-coronavirus-surto-covid-19\/#breadcrumb"},"inLanguage":"pt-BR","potentialAction":[{"@type":"ReadAction","target":["https:\/\/www.suno.com.br\/noticias\/china-mercado-coronavirus-surto-covid-19\/"]}]},{"@type":"ImageObject","inLanguage":"pt-BR","@id":"https:\/\/www.suno.com.br\/noticias\/china-mercado-coronavirus-surto-covid-19\/#primaryimage","url":"https:\/\/files.sunoresearch.com.br\/n\/uploads\/2020\/03\/7be42bee-cdc-coronavirus-jpg.webp","contentUrl":"https:\/\/files.sunoresearch.com.br\/n\/uploads\/2020\/03\/7be42bee-cdc-coronavirus-jpg.webp","width":720,"height":407,"caption":"Coronav\u00edrus: Pequim fecha mercado ap\u00f3s novos casos da doen\u00e7a"},{"@type":"BreadcrumbList","@id":"https:\/\/www.suno.com.br\/noticias\/china-mercado-coronavirus-surto-covid-19\/#breadcrumb","itemListElement":[{"@type":"ListItem","position":1,"name":"Not\u00edcias","item":"https:\/\/www.suno.com.br\/noticias\/"},{"@type":"ListItem","position":2,"name":"Internacional","item":"https:\/\/www.suno.com.br\/noticias\/internacional\/"},{"@type":"ListItem","position":3,"name":"Coronav\u00edrus: Pequim fecha mercado ap\u00f3s novos casos da doen\u00e7a"}]},{"@type":"WebSite","@id":"https:\/\/www.suno.com.br\/noticias\/#website","url":"https:\/\/www.suno.com.br\/noticias\/","name":"Suno Not\u00edcias","description":"Seu portal de informa\u00e7\u00e3o sobre o mundo dos investimentos","publisher":{"@id":"https:\/\/www.suno.com.br\/noticias\/#organization"},"potentialAction":[{"@type":"SearchAction","target":{"@type":"EntryPoint","urlTemplate":"https:\/\/www.suno.com.br\/noticias\/?s={search_term_string}"},"query-input":{"@type":"PropertyValueSpecification","valueRequired":true,"valueName":"search_term_string"}}],"inLanguage":"pt-BR"},{"@type":"Organization","@id":"https:\/\/www.suno.com.br\/noticias\/#organization","name":"Suno Not\u00edcias","url":"https:\/\/www.suno.com.br\/noticias\/","logo":{"@type":"ImageObject","inLanguage":"pt-BR","@id":"https:\/\/www.suno.com.br\/noticias\/#\/schema\/logo\/image\/","url":"https:\/\/files.sunoresearch.com.br\/n\/uploads\/2021\/09\/suno-logo.png","contentUrl":"https:\/\/files.sunoresearch.com.br\/n\/uploads\/2021\/09\/suno-logo.png","width":180,"height":180,"caption":"Suno Not\u00edcias"},"image":{"@id":"https:\/\/www.suno.com.br\/noticias\/#\/schema\/logo\/image\/"},"sameAs":["https:\/\/facebook.com\/sunoresearch","https:\/\/x.com\/sunoresearch","https:\/\/www.instagram.com\/suno","https:\/\/www.linkedin.com\/company\/suno-research\/","https:\/\/www.youtube.com\/c\/sunoresearch"]},{"@type":"Person","@id":"https:\/\/www.suno.com.br\/noticias\/#\/schema\/person\/3df0d2808748b74496efe5dbeaef2c72","name":"Laura Moutinho","image":{"@type":"ImageObject","inLanguage":"pt-BR","@id":"https:\/\/www.suno.com.br\/noticias\/#\/schema\/person\/image\/","url":"https:\/\/secure.gravatar.com\/avatar\/7571c7c8ca3a6fca5e41384ece5557ff?s=96&r=g","contentUrl":"https:\/\/secure.gravatar.com\/avatar\/7571c7c8ca3a6fca5e41384ece5557ff?s=96&r=g","caption":"Laura Moutinho"},"description":"Estagi\u00e1ria na Suno Not\u00edcias, escreve not\u00edcias que afetam o mercado financeiro. Estuda administra\u00e7\u00e3o na Universidade Presbiteriana Mackenzie.","url":"https:\/\/www.suno.com.br\/noticias\/author\/laura-moutinho\/"}]}},"default_loop_html":"<div class=\"cardsPage__listCard__boxs\"><div class=\"cardsPage__listCard__boxs__img\"><a href=\"https:\/\/www.suno.com.br\/noticias\/china-mercado-coronavirus-surto-covid-19\/\"><img class=\"mask\" src=\"https:\/\/www.suno.com.br\/noticias\/wp-content\/themes\/suno\/resources\/images\/spotlight\/spotlight1img\/bg-mask.png\" alt=\"Image Mask\"\/><img src=\"https:\/\/files.sunoresearch.com.br\/n\/uploads\/2020\/03\/7be42bee-cdc-coronavirus-400x200.webp\" alt=\"Coronav\u00edrus: Pequim fecha mercado ap\u00f3s novos casos da doen\u00e7a\"\/><\/a><span class=\"spotlightCategory\"><a href=\"https:\/\/www.suno.com.br\/noticias\/internacional\/\">Internacional<\/a><\/span><\/div><div class=\"cardsPage__listCard__boxs__content\"><a href=\"https:\/\/www.suno.com.br\/noticias\/china-mercado-coronavirus-surto-covid-19\/\"><h2 class=\"content__title\">Coronav\u00edrus: Pequim fecha mercado ap\u00f3s novos casos da doen\u00e7a<\/h2><\/a><div class=\"newsContent__article__meta\"><div class=\"newsContent__article__meta__authorBox\"><a href=\"https:\/\/www.suno.com.br\/noticias\/author\/laura-moutinho\/\" class=\"authorBox__avatar noMobi\"><img src=\"https:\/\/files.sunoresearch.com.br\/n\/uploads\/2020\/08\/531ff69d-whatsapp-image-2020-08-03-at-14.54.38-150x150.webp\" alt=\"Laura Moutinho\"><\/a><div class=\"authorBox__name\"><span>por\n\t\t\t<a href=\"https:\/\/www.suno.com.br\/noticias\/author\/laura-moutinho\/\"><span itemprop=\"author\">Laura Moutinho<\/span><\/a><\/span><time datetime=\"2020-06-13T13:21:05-03:00\" itemprop=\"datePublished\">13\/06\/2020 13:21<\/time><\/div><\/div><\/div><\/div><\/div>","single_layout":"posts","amp_enabled":true,"_links":{"self":[{"href":"https:\/\/www.suno.com.br\/noticias\/wp-json\/wp\/v2\/posts\/68759"}],"collection":[{"href":"https:\/\/www.suno.com.br\/noticias\/wp-json\/wp\/v2\/posts"}],"about":[{"href":"https:\/\/www.suno.com.br\/noticias\/wp-json\/wp\/v2\/types\/post"}],"author":[{"embeddable":true,"href":"https:\/\/www.suno.com.br\/noticias\/wp-json\/wp\/v2\/users\/39"}],"replies":[{"embeddable":true,"href":"https:\/\/www.suno.com.br\/noticias\/wp-json\/wp\/v2\/comments?post=68759"}],"version-history":[{"count":0,"href":"https:\/\/www.suno.com.br\/noticias\/wp-json\/wp\/v2\/posts\/68759\/revisions"}],"wp:featuredmedia":[{"embeddable":true,"href":"https:\/\/www.suno.com.br\/noticias\/wp-json\/wp\/v2\/media\/55207"}],"wp:attachment":[{"href":"https:\/\/www.suno.com.br\/noticias\/wp-json\/wp\/v2\/media?parent=68759"}],"wp:term":[{"taxonomy":"category","embeddable":true,"href":"https:\/\/www.suno.com.br\/noticias\/wp-json\/wp\/v2\/categories?post=68759"},{"taxonomy":"post_tag","embeddable":true,"href":"https:\/\/www.suno.com.br\/noticias\/wp-json\/wp\/v2\/tags?post=68759"},{"taxonomy":"suno_strategy","embeddable":true,"href":"https:\/\/www.suno.com.br\/noticias\/wp-json\/wp\/v2\/suno_strategy?post=68759"}],"curies":[{"name":"wp","href":"https:\/\/api.w.org\/{rel}","templated":true}]}}