{"id":68745,"date":"2020-06-12T19:34:22","date_gmt":"2020-06-12T22:34:22","guid":{"rendered":"https:\/\/www.suno.com.br\/noticias\/?p=68745"},"modified":"2020-06-12T19:34:22","modified_gmt":"2020-06-12T22:34:22","slug":"jbs-jbss3-paralisacao-frigorifico-rs","status":"publish","type":"post","link":"https:\/\/www.suno.com.br\/noticias\/jbs-jbss3-paralisacao-frigorifico-rs\/","title":{"rendered":"JBS (JBSS3): ju\u00edza determina paralisa\u00e7\u00e3o de frigor\u00edfico no RS"},"content":{"rendered":"<p>O Minist\u00e9rio P\u00fablico do Trabalho (MPT) pediu que o abatedouro de aves da <a href=\"https:\/\/www.suno.com.br\/acoes\/jbss3\/\"><strong>JBS<\/strong> (JBSS3)<\/a> localizado em Trindade do Sul, no Rio Grande do Sul, fosse paralisado por 14 dias a partir do pr\u00f3ximo s\u00e1bado (13). A determina\u00e7\u00e3o foi anunciada pela ju\u00edza Gilmara Pav\u00e3o Segala, da Vara do Trabalho de Frederico Westphalen, tamb\u00e9m no Rio Grande do Sul, nessa sexta-feira (12).<\/p>\t<div class=\"wrapper-featured-image\">\n\t\t<figure class=\"spotlightImg\">\n\n\t\t\t<picture>\n\t\t\t\t<source media=\"(max-width: 768px)\" srcset=\"https:\/\/files.sunoresearch.com.br\/n\/uploads\/2019\/12\/37cd8aaf-jbs-400x200.webp\">\n\t\t\t\t<img loading=\"lazy\" decoding=\"async\" class=\"newsContent__article__imgCapa lazyloadDisabled newsContent__article__imgCapa--noCaption\" src=\"https:\/\/files.sunoresearch.com.br\/n\/uploads\/2019\/12\/37cd8aaf-jbs-jpg.webp\" width=\"800\" height=\"450\" alt=\"JBS (JBSS3): ju\u00edza determina paralisa\u00e7\u00e3o de frigor\u00edfico no RS\" fetchpriority=high \/>\n\t\t\t<\/picture>\n\n\t\t\t<figcaption class=\"wp-caption-text wp-caption-text--hide\">JBS (foto: divulga\u00e7\u00e3o)<\/figcaption>\n\t\t<\/figure>\n\t<\/div>\n\n\n\n<p>Segala ainda destacou que a decis\u00e3o afeta todos os funcion\u00e1rios da unidade da JBS, mas eles devem continuar recebendo seus respectivos sal\u00e1rios.<\/p>\n<p>Al\u00e9m disso, a ju\u00edza definiu que a companhia deve aplicar testes de <a href=\"https:\/\/www.suno.com.br\/noticias\/tags\/coronavirus\/\"><strong>coronav\u00edrus<\/strong> (Covid-19)<\/a> em seus trabalhadores, a partir do 10\u00b0 dia de distanciamento.<\/p>\n<p><a href=\"https:\/\/lp.suno.com.br\/suno-one\/\">Suno One: acesse gratuitamente eBooks, Minicursos, Artigos e Video Aulas sobre investimentos com um \u00fanico cadastro. Clique para saber mais!<\/a><\/p>\n<p>Al\u00e9m disso, a companhia recebeu ordens de um tribunal na \u00faltima quarta-feira (20) para paralisar a linha de produ\u00e7\u00e3o em sua f\u00e1brica em S\u00e3o Miguel do Guapor\u00e9, em Rond\u00f4nia. A medida deve perdurar at\u00e9 que a companhia execute planos para evitar a propaga\u00e7\u00e3o do novo coronav\u00edrus na planta.<\/p>\n<p>Essa f\u00e1brica da JBS conta com cerca de 900 funcion\u00e1rios. De acordo com os procuradores, cerca de 60% das pessoas que contra\u00edram o novo coronav\u00edrus em S\u00e3o Miguel do Guapor\u00e9 trabalham para a multinacional.<\/p>\n<h2>Juiz interdita frigor\u00edfico da JBS em Caxias do Sul por 14 dias<\/h2>\n<p>O Juiz Marcelo Porto, da 6\u00aa Vara do Trabalho, determinou a suspens\u00e3o de atividades da unidade da JBS \u00a0em Caxias do Sul, no Rio Grande do Sul, por 14 dias. A interdi\u00e7\u00e3o foi pedida em a\u00e7\u00e3o civil pelo Minist\u00e9rio P\u00fablico do Trabalho (MPT). De acordo com o \u00f3rg\u00e3o, a empresa \u00e9 um foco de transmiss\u00e3o do novo coronav\u00edrus.<\/p>\n<p><a href=\"https:\/\/www.suno.com.br\/noticias\/jbs-jbss3-liminar-reabrir-fabrica\/\">Saiba mais: JBS (JBSS3) consegue liminar para reabrir planta no RS<\/a><\/p>\n<p>Contudo, A <strong>JBS<\/strong> \u00a0obteve na \u00faltima ter\u00e7a-feira (9) uma liminar para reabrir a unidade de processamento de carne su\u00edna em Caxias do Sul (RS), que havia sido interditada por decis\u00e3o da Justi\u00e7a do Trabalho.<\/p>\n\n","protected":false},"excerpt":{"rendered":"<p>O Minist\u00e9rio P\u00fablico do Trabalho (MPT) pediu que o abatedouro de aves da JBS (JBSS3) localizado em Trindade do Sul, no Rio Grande do Sul, fosse paralisado por 14 dias a partir do pr\u00f3ximo s\u00e1bado (13). A determina\u00e7\u00e3o foi anunciada pela ju\u00edza Gilmara Pav\u00e3o Segala, da Vara do Trabalho de Frederico Westphalen, tamb\u00e9m no Rio [&hellip;]<\/p>\n","protected":false},"author":39,"featured_media":46719,"comment_status":"closed","ping_status":"closed","sticky":false,"template":"","format":"standard","meta":[],"categories":[64],"tags":[521],"suno_strategy":[],"class_list":["post-68745","post","type-post","status-publish","format-standard","has-post-thumbnail","hentry","category-negocios","tag-jbs-jbss3"],"yoast_head":"<!-- This site is optimized with the Yoast SEO plugin v24.4 - https:\/\/yoast.com\/wordpress\/plugins\/seo\/ -->\n<title>JBS (JBSS3): ju\u00edza determina paralisa\u00e7\u00e3o de frigor\u00edfico no RS<\/title>\n<meta name=\"description\" content=\"Ju\u00edza determinou a suspens\u00e3o de atividades da unidade da JBS (JBSS3) em Trindade do Sul por 14 dias. Clique aqui para saber mais.\" \/>\n<meta name=\"robots\" content=\"index, follow, max-snippet:-1, max-image-preview:large, max-video-preview:-1\" \/>\n<link rel=\"canonical\" href=\"https:\/\/www.suno.com.br\/noticias\/jbs-jbss3-paralisacao-frigorifico-rs\/\" \/>\n<meta property=\"og:locale\" content=\"pt_BR\" \/>\n<meta property=\"og:type\" content=\"article\" \/>\n<meta property=\"og:title\" content=\"JBS (JBSS3): ju\u00edza determina paralisa\u00e7\u00e3o de frigor\u00edfico no RS\" \/>\n<meta property=\"og:description\" content=\"Ju\u00edza determinou a suspens\u00e3o de atividades da unidade da JBS (JBSS3) em Trindade do Sul por 14 dias. Clique aqui para saber mais.\" \/>\n<meta property=\"og:url\" content=\"https:\/\/www.suno.com.br\/noticias\/jbs-jbss3-paralisacao-frigorifico-rs\/\" \/>\n<meta property=\"og:site_name\" content=\"Suno Not\u00edcias\" \/>\n<meta property=\"article:publisher\" content=\"https:\/\/facebook.com\/sunoresearch\" \/>\n<meta property=\"og:image\" content=\"https:\/\/files.sunoresearch.com.br\/n\/uploads\/2019\/12\/37cd8aaf-jbs.jpg\" \/>\n\t<meta property=\"og:image:width\" content=\"620\" \/>\n\t<meta property=\"og:image:height\" content=\"350\" \/>\n\t<meta property=\"og:image:type\" content=\"image\/jpeg\" \/>\n<meta name=\"author\" content=\"Laura Moutinho\" \/>\n<meta name=\"twitter:card\" content=\"summary_large_image\" \/>\n<meta name=\"twitter:creator\" content=\"@sunoresearch\" \/>\n<meta name=\"twitter:site\" content=\"@sunoresearch\" \/>\n<meta name=\"twitter:label1\" content=\"Escrito por\" \/>\n\t<meta name=\"twitter:data1\" content=\"Laura Moutinho\" \/>\n\t<meta name=\"twitter:label2\" content=\"Est. tempo de leitura\" \/>\n\t<meta name=\"twitter:data2\" content=\"2 minutos\" \/>\n<script type=\"application\/ld+json\" class=\"yoast-schema-graph\">{\"@context\":\"https:\/\/schema.org\",\"@graph\":[{\"@type\":\"NewsArticle\",\"@id\":\"https:\/\/www.suno.com.br\/noticias\/jbs-jbss3-paralisacao-frigorifico-rs\/#article\",\"isPartOf\":{\"@id\":\"https:\/\/www.suno.com.br\/noticias\/jbs-jbss3-paralisacao-frigorifico-rs\/\"},\"author\":{\"name\":\"Laura Moutinho\",\"@id\":\"https:\/\/www.suno.com.br\/noticias\/#\/schema\/person\/3df0d2808748b74496efe5dbeaef2c72\"},\"headline\":\"JBS (JBSS3): ju\u00edza determina paralisa\u00e7\u00e3o de frigor\u00edfico no RS\",\"datePublished\":\"2020-06-12T22:34:22+00:00\",\"mainEntityOfPage\":{\"@id\":\"https:\/\/www.suno.com.br\/noticias\/jbs-jbss3-paralisacao-frigorifico-rs\/\"},\"wordCount\":371,\"publisher\":{\"@id\":\"https:\/\/www.suno.com.br\/noticias\/#organization\"},\"image\":{\"@id\":\"https:\/\/www.suno.com.br\/noticias\/jbs-jbss3-paralisacao-frigorifico-rs\/#primaryimage\"},\"thumbnailUrl\":\"https:\/\/files.sunoresearch.com.br\/n\/uploads\/2019\/12\/37cd8aaf-jbs-jpg.webp\",\"keywords\":[\"JBS (JBSS3)\"],\"articleSection\":[\"Neg\u00f3cios\"],\"inLanguage\":\"pt-BR\"},{\"@type\":\"WebPage\",\"@id\":\"https:\/\/www.suno.com.br\/noticias\/jbs-jbss3-paralisacao-frigorifico-rs\/\",\"url\":\"https:\/\/www.suno.com.br\/noticias\/jbs-jbss3-paralisacao-frigorifico-rs\/\",\"name\":\"JBS (JBSS3): ju\u00edza determina paralisa\u00e7\u00e3o de frigor\u00edfico no RS\",\"isPartOf\":{\"@id\":\"https:\/\/www.suno.com.br\/noticias\/#website\"},\"primaryImageOfPage\":{\"@id\":\"https:\/\/www.suno.com.br\/noticias\/jbs-jbss3-paralisacao-frigorifico-rs\/#primaryimage\"},\"image\":{\"@id\":\"https:\/\/www.suno.com.br\/noticias\/jbs-jbss3-paralisacao-frigorifico-rs\/#primaryimage\"},\"thumbnailUrl\":\"https:\/\/files.sunoresearch.com.br\/n\/uploads\/2019\/12\/37cd8aaf-jbs-jpg.webp\",\"datePublished\":\"2020-06-12T22:34:22+00:00\",\"description\":\"Ju\u00edza determinou a suspens\u00e3o de atividades da unidade da JBS (JBSS3) em Trindade do Sul por 14 dias. Clique aqui para saber mais.\",\"breadcrumb\":{\"@id\":\"https:\/\/www.suno.com.br\/noticias\/jbs-jbss3-paralisacao-frigorifico-rs\/#breadcrumb\"},\"inLanguage\":\"pt-BR\",\"potentialAction\":[{\"@type\":\"ReadAction\",\"target\":[\"https:\/\/www.suno.com.br\/noticias\/jbs-jbss3-paralisacao-frigorifico-rs\/\"]}]},{\"@type\":\"ImageObject\",\"inLanguage\":\"pt-BR\",\"@id\":\"https:\/\/www.suno.com.br\/noticias\/jbs-jbss3-paralisacao-frigorifico-rs\/#primaryimage\",\"url\":\"https:\/\/files.sunoresearch.com.br\/n\/uploads\/2019\/12\/37cd8aaf-jbs-jpg.webp\",\"contentUrl\":\"https:\/\/files.sunoresearch.com.br\/n\/uploads\/2019\/12\/37cd8aaf-jbs-jpg.webp\",\"width\":620,\"height\":350,\"caption\":\"JBS (foto: divulga\u00e7\u00e3o)\"},{\"@type\":\"BreadcrumbList\",\"@id\":\"https:\/\/www.suno.com.br\/noticias\/jbs-jbss3-paralisacao-frigorifico-rs\/#breadcrumb\",\"itemListElement\":[{\"@type\":\"ListItem\",\"position\":1,\"name\":\"Not\u00edcias\",\"item\":\"https:\/\/www.suno.com.br\/noticias\/\"},{\"@type\":\"ListItem\",\"position\":2,\"name\":\"Neg\u00f3cios\",\"item\":\"https:\/\/www.suno.com.br\/noticias\/negocios\/\"},{\"@type\":\"ListItem\",\"position\":3,\"name\":\"JBS (JBSS3): ju\u00edza determina paralisa\u00e7\u00e3o de frigor\u00edfico no RS\"}]},{\"@type\":\"WebSite\",\"@id\":\"https:\/\/www.suno.com.br\/noticias\/#website\",\"url\":\"https:\/\/www.suno.com.br\/noticias\/\",\"name\":\"Suno Not\u00edcias\",\"description\":\"Seu portal de informa\u00e7\u00e3o sobre o mundo dos investimentos\",\"publisher\":{\"@id\":\"https:\/\/www.suno.com.br\/noticias\/#organization\"},\"potentialAction\":[{\"@type\":\"SearchAction\",\"target\":{\"@type\":\"EntryPoint\",\"urlTemplate\":\"https:\/\/www.suno.com.br\/noticias\/?s={search_term_string}\"},\"query-input\":{\"@type\":\"PropertyValueSpecification\",\"valueRequired\":true,\"valueName\":\"search_term_string\"}}],\"inLanguage\":\"pt-BR\"},{\"@type\":\"Organization\",\"@id\":\"https:\/\/www.suno.com.br\/noticias\/#organization\",\"name\":\"Suno Not\u00edcias\",\"url\":\"https:\/\/www.suno.com.br\/noticias\/\",\"logo\":{\"@type\":\"ImageObject\",\"inLanguage\":\"pt-BR\",\"@id\":\"https:\/\/www.suno.com.br\/noticias\/#\/schema\/logo\/image\/\",\"url\":\"https:\/\/files.sunoresearch.com.br\/n\/uploads\/2021\/09\/suno-logo.png\",\"contentUrl\":\"https:\/\/files.sunoresearch.com.br\/n\/uploads\/2021\/09\/suno-logo.png\",\"width\":180,\"height\":180,\"caption\":\"Suno Not\u00edcias\"},\"image\":{\"@id\":\"https:\/\/www.suno.com.br\/noticias\/#\/schema\/logo\/image\/\"},\"sameAs\":[\"https:\/\/facebook.com\/sunoresearch\",\"https:\/\/x.com\/sunoresearch\",\"https:\/\/www.instagram.com\/suno\",\"https:\/\/www.linkedin.com\/company\/suno-research\/\",\"https:\/\/www.youtube.com\/c\/sunoresearch\"]},{\"@type\":\"Person\",\"@id\":\"https:\/\/www.suno.com.br\/noticias\/#\/schema\/person\/3df0d2808748b74496efe5dbeaef2c72\",\"name\":\"Laura Moutinho\",\"image\":{\"@type\":\"ImageObject\",\"inLanguage\":\"pt-BR\",\"@id\":\"https:\/\/www.suno.com.br\/noticias\/#\/schema\/person\/image\/\",\"url\":\"https:\/\/secure.gravatar.com\/avatar\/7571c7c8ca3a6fca5e41384ece5557ff?s=96&r=g\",\"contentUrl\":\"https:\/\/secure.gravatar.com\/avatar\/7571c7c8ca3a6fca5e41384ece5557ff?s=96&r=g\",\"caption\":\"Laura Moutinho\"},\"description\":\"Estagi\u00e1ria na Suno Not\u00edcias, escreve not\u00edcias que afetam o mercado financeiro. Estuda administra\u00e7\u00e3o na Universidade Presbiteriana Mackenzie.\",\"url\":\"https:\/\/www.suno.com.br\/noticias\/author\/laura-moutinho\/\"}]}<\/script>\n<!-- \/ Yoast SEO plugin. -->","yoast_head_json":{"title":"JBS (JBSS3): ju\u00edza determina paralisa\u00e7\u00e3o de frigor\u00edfico no RS","description":"Ju\u00edza determinou a suspens\u00e3o de atividades da unidade da JBS (JBSS3) em Trindade do Sul por 14 dias. Clique aqui para saber mais.","robots":{"index":"index","follow":"follow","max-snippet":"max-snippet:-1","max-image-preview":"max-image-preview:large","max-video-preview":"max-video-preview:-1"},"canonical":"https:\/\/www.suno.com.br\/noticias\/jbs-jbss3-paralisacao-frigorifico-rs\/","og_locale":"pt_BR","og_type":"article","og_title":"JBS (JBSS3): ju\u00edza determina paralisa\u00e7\u00e3o de frigor\u00edfico no RS","og_description":"Ju\u00edza determinou a suspens\u00e3o de atividades da unidade da JBS (JBSS3) em Trindade do Sul por 14 dias. Clique aqui para saber mais.","og_url":"https:\/\/www.suno.com.br\/noticias\/jbs-jbss3-paralisacao-frigorifico-rs\/","og_site_name":"Suno Not\u00edcias","article_publisher":"https:\/\/facebook.com\/sunoresearch","og_image":[{"width":620,"height":350,"url":"https:\/\/files.sunoresearch.com.br\/n\/uploads\/2019\/12\/37cd8aaf-jbs.jpg","type":"image\/jpeg"}],"author":"Laura Moutinho","twitter_card":"summary_large_image","twitter_creator":"@sunoresearch","twitter_site":"@sunoresearch","twitter_misc":{"Escrito por":"Laura Moutinho","Est. tempo de leitura":"2 minutos"},"schema":{"@context":"https:\/\/schema.org","@graph":[{"@type":"NewsArticle","@id":"https:\/\/www.suno.com.br\/noticias\/jbs-jbss3-paralisacao-frigorifico-rs\/#article","isPartOf":{"@id":"https:\/\/www.suno.com.br\/noticias\/jbs-jbss3-paralisacao-frigorifico-rs\/"},"author":{"name":"Laura Moutinho","@id":"https:\/\/www.suno.com.br\/noticias\/#\/schema\/person\/3df0d2808748b74496efe5dbeaef2c72"},"headline":"JBS (JBSS3): ju\u00edza determina paralisa\u00e7\u00e3o de frigor\u00edfico no RS","datePublished":"2020-06-12T22:34:22+00:00","mainEntityOfPage":{"@id":"https:\/\/www.suno.com.br\/noticias\/jbs-jbss3-paralisacao-frigorifico-rs\/"},"wordCount":371,"publisher":{"@id":"https:\/\/www.suno.com.br\/noticias\/#organization"},"image":{"@id":"https:\/\/www.suno.com.br\/noticias\/jbs-jbss3-paralisacao-frigorifico-rs\/#primaryimage"},"thumbnailUrl":"https:\/\/files.sunoresearch.com.br\/n\/uploads\/2019\/12\/37cd8aaf-jbs-jpg.webp","keywords":["JBS (JBSS3)"],"articleSection":["Neg\u00f3cios"],"inLanguage":"pt-BR"},{"@type":"WebPage","@id":"https:\/\/www.suno.com.br\/noticias\/jbs-jbss3-paralisacao-frigorifico-rs\/","url":"https:\/\/www.suno.com.br\/noticias\/jbs-jbss3-paralisacao-frigorifico-rs\/","name":"JBS (JBSS3): ju\u00edza determina paralisa\u00e7\u00e3o de frigor\u00edfico no RS","isPartOf":{"@id":"https:\/\/www.suno.com.br\/noticias\/#website"},"primaryImageOfPage":{"@id":"https:\/\/www.suno.com.br\/noticias\/jbs-jbss3-paralisacao-frigorifico-rs\/#primaryimage"},"image":{"@id":"https:\/\/www.suno.com.br\/noticias\/jbs-jbss3-paralisacao-frigorifico-rs\/#primaryimage"},"thumbnailUrl":"https:\/\/files.sunoresearch.com.br\/n\/uploads\/2019\/12\/37cd8aaf-jbs-jpg.webp","datePublished":"2020-06-12T22:34:22+00:00","description":"Ju\u00edza determinou a suspens\u00e3o de atividades da unidade da JBS (JBSS3) em Trindade do Sul por 14 dias. Clique aqui para saber mais.","breadcrumb":{"@id":"https:\/\/www.suno.com.br\/noticias\/jbs-jbss3-paralisacao-frigorifico-rs\/#breadcrumb"},"inLanguage":"pt-BR","potentialAction":[{"@type":"ReadAction","target":["https:\/\/www.suno.com.br\/noticias\/jbs-jbss3-paralisacao-frigorifico-rs\/"]}]},{"@type":"ImageObject","inLanguage":"pt-BR","@id":"https:\/\/www.suno.com.br\/noticias\/jbs-jbss3-paralisacao-frigorifico-rs\/#primaryimage","url":"https:\/\/files.sunoresearch.com.br\/n\/uploads\/2019\/12\/37cd8aaf-jbs-jpg.webp","contentUrl":"https:\/\/files.sunoresearch.com.br\/n\/uploads\/2019\/12\/37cd8aaf-jbs-jpg.webp","width":620,"height":350,"caption":"JBS (foto: divulga\u00e7\u00e3o)"},{"@type":"BreadcrumbList","@id":"https:\/\/www.suno.com.br\/noticias\/jbs-jbss3-paralisacao-frigorifico-rs\/#breadcrumb","itemListElement":[{"@type":"ListItem","position":1,"name":"Not\u00edcias","item":"https:\/\/www.suno.com.br\/noticias\/"},{"@type":"ListItem","position":2,"name":"Neg\u00f3cios","item":"https:\/\/www.suno.com.br\/noticias\/negocios\/"},{"@type":"ListItem","position":3,"name":"JBS (JBSS3): ju\u00edza determina paralisa\u00e7\u00e3o de frigor\u00edfico no RS"}]},{"@type":"WebSite","@id":"https:\/\/www.suno.com.br\/noticias\/#website","url":"https:\/\/www.suno.com.br\/noticias\/","name":"Suno Not\u00edcias","description":"Seu portal de informa\u00e7\u00e3o sobre o mundo dos investimentos","publisher":{"@id":"https:\/\/www.suno.com.br\/noticias\/#organization"},"potentialAction":[{"@type":"SearchAction","target":{"@type":"EntryPoint","urlTemplate":"https:\/\/www.suno.com.br\/noticias\/?s={search_term_string}"},"query-input":{"@type":"PropertyValueSpecification","valueRequired":true,"valueName":"search_term_string"}}],"inLanguage":"pt-BR"},{"@type":"Organization","@id":"https:\/\/www.suno.com.br\/noticias\/#organization","name":"Suno Not\u00edcias","url":"https:\/\/www.suno.com.br\/noticias\/","logo":{"@type":"ImageObject","inLanguage":"pt-BR","@id":"https:\/\/www.suno.com.br\/noticias\/#\/schema\/logo\/image\/","url":"https:\/\/files.sunoresearch.com.br\/n\/uploads\/2021\/09\/suno-logo.png","contentUrl":"https:\/\/files.sunoresearch.com.br\/n\/uploads\/2021\/09\/suno-logo.png","width":180,"height":180,"caption":"Suno Not\u00edcias"},"image":{"@id":"https:\/\/www.suno.com.br\/noticias\/#\/schema\/logo\/image\/"},"sameAs":["https:\/\/facebook.com\/sunoresearch","https:\/\/x.com\/sunoresearch","https:\/\/www.instagram.com\/suno","https:\/\/www.linkedin.com\/company\/suno-research\/","https:\/\/www.youtube.com\/c\/sunoresearch"]},{"@type":"Person","@id":"https:\/\/www.suno.com.br\/noticias\/#\/schema\/person\/3df0d2808748b74496efe5dbeaef2c72","name":"Laura Moutinho","image":{"@type":"ImageObject","inLanguage":"pt-BR","@id":"https:\/\/www.suno.com.br\/noticias\/#\/schema\/person\/image\/","url":"https:\/\/secure.gravatar.com\/avatar\/7571c7c8ca3a6fca5e41384ece5557ff?s=96&r=g","contentUrl":"https:\/\/secure.gravatar.com\/avatar\/7571c7c8ca3a6fca5e41384ece5557ff?s=96&r=g","caption":"Laura Moutinho"},"description":"Estagi\u00e1ria na Suno Not\u00edcias, escreve not\u00edcias que afetam o mercado financeiro. Estuda administra\u00e7\u00e3o na Universidade Presbiteriana Mackenzie.","url":"https:\/\/www.suno.com.br\/noticias\/author\/laura-moutinho\/"}]}},"default_loop_html":"<div class=\"cardsPage__listCard__boxs\"><div class=\"cardsPage__listCard__boxs__img\"><a href=\"https:\/\/www.suno.com.br\/noticias\/jbs-jbss3-paralisacao-frigorifico-rs\/\"><img class=\"mask\" src=\"https:\/\/www.suno.com.br\/noticias\/wp-content\/themes\/suno\/resources\/images\/spotlight\/spotlight1img\/bg-mask.png\" alt=\"Image Mask\"\/><img src=\"https:\/\/files.sunoresearch.com.br\/n\/uploads\/2019\/12\/37cd8aaf-jbs-400x200.webp\" alt=\"JBS (JBSS3): ju\u00edza determina paralisa\u00e7\u00e3o de frigor\u00edfico no RS\"\/><\/a><span class=\"spotlightCategory\"><a href=\"https:\/\/www.suno.com.br\/noticias\/negocios\/\">Neg\u00f3cios<\/a><\/span><\/div><div class=\"cardsPage__listCard__boxs__content\"><a href=\"https:\/\/www.suno.com.br\/noticias\/jbs-jbss3-paralisacao-frigorifico-rs\/\"><h2 class=\"content__title\">JBS (JBSS3): ju\u00edza determina paralisa\u00e7\u00e3o de frigor\u00edfico no RS<\/h2><\/a><div class=\"newsContent__article__meta\"><div class=\"newsContent__article__meta__authorBox\"><a href=\"https:\/\/www.suno.com.br\/noticias\/author\/laura-moutinho\/\" class=\"authorBox__avatar noMobi\"><img src=\"https:\/\/files.sunoresearch.com.br\/n\/uploads\/2020\/08\/531ff69d-whatsapp-image-2020-08-03-at-14.54.38-150x150.webp\" alt=\"Laura Moutinho\"><\/a><div class=\"authorBox__name\"><span>por\n\t\t\t<a href=\"https:\/\/www.suno.com.br\/noticias\/author\/laura-moutinho\/\"><span itemprop=\"author\">Laura Moutinho<\/span><\/a><\/span><time datetime=\"2020-06-12T19:34:22-03:00\" itemprop=\"datePublished\">12\/06\/2020 19:34<\/time><\/div><\/div><\/div><\/div><\/div>","single_layout":"posts","amp_enabled":true,"_links":{"self":[{"href":"https:\/\/www.suno.com.br\/noticias\/wp-json\/wp\/v2\/posts\/68745"}],"collection":[{"href":"https:\/\/www.suno.com.br\/noticias\/wp-json\/wp\/v2\/posts"}],"about":[{"href":"https:\/\/www.suno.com.br\/noticias\/wp-json\/wp\/v2\/types\/post"}],"author":[{"embeddable":true,"href":"https:\/\/www.suno.com.br\/noticias\/wp-json\/wp\/v2\/users\/39"}],"replies":[{"embeddable":true,"href":"https:\/\/www.suno.com.br\/noticias\/wp-json\/wp\/v2\/comments?post=68745"}],"version-history":[{"count":0,"href":"https:\/\/www.suno.com.br\/noticias\/wp-json\/wp\/v2\/posts\/68745\/revisions"}],"wp:featuredmedia":[{"embeddable":true,"href":"https:\/\/www.suno.com.br\/noticias\/wp-json\/wp\/v2\/media\/46719"}],"wp:attachment":[{"href":"https:\/\/www.suno.com.br\/noticias\/wp-json\/wp\/v2\/media?parent=68745"}],"wp:term":[{"taxonomy":"category","embeddable":true,"href":"https:\/\/www.suno.com.br\/noticias\/wp-json\/wp\/v2\/categories?post=68745"},{"taxonomy":"post_tag","embeddable":true,"href":"https:\/\/www.suno.com.br\/noticias\/wp-json\/wp\/v2\/tags?post=68745"},{"taxonomy":"suno_strategy","embeddable":true,"href":"https:\/\/www.suno.com.br\/noticias\/wp-json\/wp\/v2\/suno_strategy?post=68745"}],"curies":[{"name":"wp","href":"https:\/\/api.w.org\/{rel}","templated":true}]}}