{"id":68721,"date":"2020-06-12T18:58:45","date_gmt":"2020-06-12T21:58:45","guid":{"rendered":"https:\/\/www.suno.com.br\/noticias\/?p=68721"},"modified":"2020-06-12T18:58:45","modified_gmt":"2020-06-12T21:58:45","slug":"deficit-primario-governo-central","status":"publish","type":"post","link":"https:\/\/www.suno.com.br\/noticias\/deficit-primario-governo-central\/","title":{"rendered":"Economistas preveem d\u00e9ficit prim\u00e1rio do governo central a R$708,8 bi"},"content":{"rendered":"<p>A proje\u00e7\u00e3o do <a href=\"https:\/\/www.suno.com.br\/artigos\/deficit-publico\/\"><strong>d\u00e9ficit<\/strong> <\/a>prim\u00e1rio do governo central nesse ano foi piorada e o rombo deve chegar a R$ 708,8 bilh\u00f5es, de acordo com economistas ouvidos pelo <a href=\"https:\/\/www.suno.com.br\/noticias\/tags\/ministerio-da-economia\/\">Minist\u00e9rio da Economia<\/a>. Em maio, a proje\u00e7\u00e3o era de R$ 571,4 bilh\u00f5es. O Prisma Fiscal foi divulgado nessa sexta-feira (12).<\/p>\t<div class=\"wrapper-featured-image\">\n\t\t<figure class=\"spotlightImg\">\n\n\t\t\t<picture>\n\t\t\t\t<source media=\"(max-width: 768px)\" srcset=\"https:\/\/files.sunoresearch.com.br\/n\/uploads\/2019\/01\/d8b27ecf-recess\u00e3o-econ\u00f4mica-400x200.webp\">\n\t\t\t\t<img loading=\"lazy\" decoding=\"async\" class=\"newsContent__article__imgCapa lazyloadDisabled newsContent__article__imgCapa--noCaption\" src=\"https:\/\/files.sunoresearch.com.br\/n\/uploads\/2019\/01\/d8b27ecf-recess\u00e3o-econ\u00f4mica-800x450.webp\" width=\"800\" height=\"450\" alt=\"Economistas preveem d\u00e9ficit prim\u00e1rio do governo central a R$708,8 bi\" fetchpriority=high \/>\n\t\t\t<\/picture>\n\n\t\t\t<figcaption class=\"wp-caption-text wp-caption-text--hide\">Economistas preveem d\u00e9ficit prim\u00e1rio do governo central a R$708,8 bi<\/figcaption>\n\t\t<\/figure>\n\t<\/div>\n\n\n\n<p>A previs\u00e3o mais recente \u00e9 resultado do crescimento das despesas do governo frente aos impactos da <strong><a href=\"https:\/\/www.suno.com.br\/artigos\/crise-economica-oportunidade-ou-ameaca\/\">crise<\/a> <\/strong><a href=\"https:\/\/www.suno.com.br\/noticias\/tags\/coronavirus\/\">causada pelo novo coronav\u00edrus (Covid-19)<\/a>. A meta para o governo central em 2020 \u00e9 que o d\u00e9ficit fique em R$ 124,1 bilh\u00f5es, entretanto, devido ao estado de calamidade p\u00fablica, o governo foi desobrigado a cumprir esse marco.<\/p>\n<p><a href=\"https:\/\/lp.suno.com.br\/suno-one\/\">Suno One: acesse gratuitamente eBooks, Minicursos, Artigos e Video Aulas sobre investimentos com um \u00fanico cadastro. Clique para saber mais!<\/a><\/p>\n<p>Sobre a meta do ano que vem, o governo solicitou uma certa flexibilidade no projeto de Lei de <a href=\"https:\/\/www.suno.com.br\/artigos\/lei-orcamentaria-anual\/\">Diretrizes Or\u00e7ament\u00e1rias,<\/a> para que o marco seja alterado sempre que as receitas para 2021 forem revisadas. Atualmente, a meta para 2021 est\u00e1 em R$ 149,6 bilh\u00f5es.<\/p>\n<p>Ainda em rela\u00e7\u00e3o ao ano que vem, os economistas projetaram uma alta no rombo, que segundo eles, deve chegar a R$ 200 bilh\u00f5es, ante a R$ 169,4 bilh\u00f5es na \u00faltima proje\u00e7\u00e3o.<\/p>\n<p>J\u00e1 para esse ano, a previs\u00e3o pra os gastos cresceram R$ 85 bilh\u00f5es, somando agora R$ 1,8 trilh\u00e3o, enquanto a proje\u00e7\u00e3o para a <a href=\"https:\/\/www.suno.com.br\/artigos\/divida-publica\/\">d\u00edvida p\u00fablica<\/a> ficou sobre o produto <a href=\"https:\/\/www.suno.com.br\/artigos\/pib-produto-interno-bruto\/\">Interno Bruto (PIB)<\/a> do Brasil aumentou de 89,95% e para 92,68% nesse ano. Para 2021, a previs\u00e3o \u00e9 de que essa alcance 92,79%, ante a 88,60% na \u00faltima previs\u00e3o.<\/p>\n<p>Vale destacar que o d\u00e9ficit do governo central re\u00fane as contas:<\/p>\n<ul>\n<li>Do <a href=\"https:\/\/www.suno.com.br\/artigos\/tesouro-nacional\/\">Tesouro<\/a>;<\/li>\n<li>Do <a href=\"https:\/\/www.suno.com.br\/artigos\/bacen\/\">Banco Central (BC)<\/a>;<\/li>\n<li>Da <a href=\"https:\/\/www.suno.com.br\/artigos\/rpps\/#:~:text=RPPS%20%C3%A9%20a%20sigla%20de,n%C3%A3o%2C%20al%C3%A9m%20dos%20seus%20dependentes.\">Previd\u00eancia Social<\/a>.<\/li>\n<\/ul>\n<h2>Governo federal registra d\u00e9ficit de R$ 92,9 bi nas contas p\u00fablicas<\/h2>\n<p>O <strong><a href=\"https:\/\/www.suno.com.br\/noticias\/tags\/governo-federal\/\">governo federal<\/a> <\/strong>registrou um <a href=\"https:\/\/www.suno.com.br\/artigos\/deficit-publico\/\">d\u00e9ficit<\/a> de R$ 92,2 bilh\u00f5es nas contas p\u00fablicas em abril. Trata-se do pior resultado da s\u00e9rie hist\u00f3rica do <a href=\"https:\/\/www.suno.com.br\/artigos\/tesouro-nacional\/\">Tesouro Nacional<\/a>, iniciada em 1997. Os dados foram divulgados no final de maio pelo \u00f3rg\u00e3o.<\/p>\n<p><a href=\"https:\/\/www.suno.com.br\/noticias\/governo-federal-registra-deficit-de-r-929-bi-nas-contas-publicas\/\">Saiba mais: Governo federal registra d\u00e9ficit de R$ 92,9 bi nas contas p\u00fablicas<\/a><\/p>\n<p>No acumulado do ano, o governo federal registrou um <strong>d\u00e9ficit<\/strong> de R$ 95,7 bilh\u00f5es. Em 12 meses, o d\u00e9ficit prim\u00e1rio ficou em R$ 189,5 bilh\u00f5es, queda de 2,58% do <a href=\"https:\/\/www.suno.com.br\/artigos\/pib-produto-interno-bruto\/\">Produto Interno Bruto (PIB)<\/a>. Desde o in\u00edcio da pandemia do novo coronav\u00edrus (Covid-19) as contas nacionais sofrem um processo de deteriora\u00e7\u00e3o.<\/p>\n\n","protected":false},"excerpt":{"rendered":"<p>A proje\u00e7\u00e3o do d\u00e9ficit prim\u00e1rio do governo central nesse ano foi piorada e o rombo deve chegar a R$ 708,8 bilh\u00f5es, de acordo com economistas ouvidos pelo Minist\u00e9rio da Economia. Em maio, a proje\u00e7\u00e3o era de R$ 571,4 bilh\u00f5es. O Prisma Fiscal foi divulgado nessa sexta-feira (12). Economistas preveem d\u00e9ficit prim\u00e1rio do governo central a [&hellip;]<\/p>\n","protected":false},"author":39,"featured_media":10569,"comment_status":"closed","ping_status":"closed","sticky":false,"template":"","format":"standard","meta":[],"categories":[62],"tags":[909],"suno_strategy":[],"class_list":["post-68721","post","type-post","status-publish","format-standard","has-post-thumbnail","hentry","category-economia","tag-ministerio-da-economia"],"yoast_head":"<!-- This site is optimized with the Yoast SEO plugin v24.4 - https:\/\/yoast.com\/wordpress\/plugins\/seo\/ -->\n<title>Economistas preveem d\u00e9ficit prim\u00e1rio do governo central a R$708,8 bi<\/title>\n<meta name=\"description\" content=\"Segundo economistas ouvidos pelo Minist\u00e9rio da Economia, o d\u00e9ficit prim\u00e1rio deve chegar a R$ 708,8 bilh\u00f5es. clique aqui para saber mais.\" \/>\n<meta name=\"robots\" content=\"index, follow, max-snippet:-1, max-image-preview:large, max-video-preview:-1\" \/>\n<link rel=\"canonical\" href=\"https:\/\/www.suno.com.br\/noticias\/deficit-primario-governo-central\/\" \/>\n<meta property=\"og:locale\" content=\"pt_BR\" \/>\n<meta property=\"og:type\" content=\"article\" \/>\n<meta property=\"og:title\" content=\"Economistas preveem d\u00e9ficit prim\u00e1rio do governo central a R$708,8 bi\" \/>\n<meta property=\"og:description\" content=\"Segundo economistas ouvidos pelo Minist\u00e9rio da Economia, o d\u00e9ficit prim\u00e1rio deve chegar a R$ 708,8 bilh\u00f5es. clique aqui para saber mais.\" \/>\n<meta property=\"og:url\" content=\"https:\/\/www.suno.com.br\/noticias\/deficit-primario-governo-central\/\" \/>\n<meta property=\"og:site_name\" content=\"Suno Not\u00edcias\" \/>\n<meta property=\"article:publisher\" content=\"https:\/\/facebook.com\/sunoresearch\" \/>\n<meta property=\"og:image\" content=\"https:\/\/files.sunoresearch.com.br\/n\/uploads\/2019\/01\/d8b27ecf-recess\u00e3o-econ\u00f4mica.png\" \/>\n\t<meta property=\"og:image:width\" content=\"960\" \/>\n\t<meta property=\"og:image:height\" content=\"640\" \/>\n\t<meta property=\"og:image:type\" content=\"image\/png\" \/>\n<meta name=\"author\" content=\"Laura Moutinho\" \/>\n<meta name=\"twitter:card\" content=\"summary_large_image\" \/>\n<meta name=\"twitter:creator\" content=\"@sunoresearch\" \/>\n<meta name=\"twitter:site\" content=\"@sunoresearch\" \/>\n<meta name=\"twitter:label1\" content=\"Escrito por\" \/>\n\t<meta name=\"twitter:data1\" content=\"Laura Moutinho\" \/>\n\t<meta name=\"twitter:label2\" content=\"Est. tempo de leitura\" \/>\n\t<meta name=\"twitter:data2\" content=\"2 minutos\" \/>\n<script type=\"application\/ld+json\" class=\"yoast-schema-graph\">{\"@context\":\"https:\/\/schema.org\",\"@graph\":[{\"@type\":\"NewsArticle\",\"@id\":\"https:\/\/www.suno.com.br\/noticias\/deficit-primario-governo-central\/#article\",\"isPartOf\":{\"@id\":\"https:\/\/www.suno.com.br\/noticias\/deficit-primario-governo-central\/\"},\"author\":{\"name\":\"Laura Moutinho\",\"@id\":\"https:\/\/www.suno.com.br\/noticias\/#\/schema\/person\/3df0d2808748b74496efe5dbeaef2c72\"},\"headline\":\"Economistas preveem d\u00e9ficit prim\u00e1rio do governo central a R$708,8 bi\",\"datePublished\":\"2020-06-12T21:58:45+00:00\",\"mainEntityOfPage\":{\"@id\":\"https:\/\/www.suno.com.br\/noticias\/deficit-primario-governo-central\/\"},\"wordCount\":426,\"publisher\":{\"@id\":\"https:\/\/www.suno.com.br\/noticias\/#organization\"},\"image\":{\"@id\":\"https:\/\/www.suno.com.br\/noticias\/deficit-primario-governo-central\/#primaryimage\"},\"thumbnailUrl\":\"https:\/\/files.sunoresearch.com.br\/n\/uploads\/2019\/01\/d8b27ecf-recess\u00e3o-econ\u00f4mica-png.webp\",\"keywords\":[\"Minist\u00e9rio da Economia\"],\"articleSection\":[\"Economia\"],\"inLanguage\":\"pt-BR\"},{\"@type\":\"WebPage\",\"@id\":\"https:\/\/www.suno.com.br\/noticias\/deficit-primario-governo-central\/\",\"url\":\"https:\/\/www.suno.com.br\/noticias\/deficit-primario-governo-central\/\",\"name\":\"Economistas preveem d\u00e9ficit prim\u00e1rio do governo central a R$708,8 bi\",\"isPartOf\":{\"@id\":\"https:\/\/www.suno.com.br\/noticias\/#website\"},\"primaryImageOfPage\":{\"@id\":\"https:\/\/www.suno.com.br\/noticias\/deficit-primario-governo-central\/#primaryimage\"},\"image\":{\"@id\":\"https:\/\/www.suno.com.br\/noticias\/deficit-primario-governo-central\/#primaryimage\"},\"thumbnailUrl\":\"https:\/\/files.sunoresearch.com.br\/n\/uploads\/2019\/01\/d8b27ecf-recess\u00e3o-econ\u00f4mica-png.webp\",\"datePublished\":\"2020-06-12T21:58:45+00:00\",\"description\":\"Segundo economistas ouvidos pelo Minist\u00e9rio da Economia, o d\u00e9ficit prim\u00e1rio deve chegar a R$ 708,8 bilh\u00f5es. clique aqui para saber mais.\",\"breadcrumb\":{\"@id\":\"https:\/\/www.suno.com.br\/noticias\/deficit-primario-governo-central\/#breadcrumb\"},\"inLanguage\":\"pt-BR\",\"potentialAction\":[{\"@type\":\"ReadAction\",\"target\":[\"https:\/\/www.suno.com.br\/noticias\/deficit-primario-governo-central\/\"]}]},{\"@type\":\"ImageObject\",\"inLanguage\":\"pt-BR\",\"@id\":\"https:\/\/www.suno.com.br\/noticias\/deficit-primario-governo-central\/#primaryimage\",\"url\":\"https:\/\/files.sunoresearch.com.br\/n\/uploads\/2019\/01\/d8b27ecf-recess\u00e3o-econ\u00f4mica-png.webp\",\"contentUrl\":\"https:\/\/files.sunoresearch.com.br\/n\/uploads\/2019\/01\/d8b27ecf-recess\u00e3o-econ\u00f4mica-png.webp\",\"width\":960,\"height\":640,\"caption\":\"Economistas preveem d\u00e9ficit prim\u00e1rio do governo central a R$708,8 bi\"},{\"@type\":\"BreadcrumbList\",\"@id\":\"https:\/\/www.suno.com.br\/noticias\/deficit-primario-governo-central\/#breadcrumb\",\"itemListElement\":[{\"@type\":\"ListItem\",\"position\":1,\"name\":\"Not\u00edcias\",\"item\":\"https:\/\/www.suno.com.br\/noticias\/\"},{\"@type\":\"ListItem\",\"position\":2,\"name\":\"Economia\",\"item\":\"https:\/\/www.suno.com.br\/noticias\/economia\/\"},{\"@type\":\"ListItem\",\"position\":3,\"name\":\"Economistas preveem d\u00e9ficit prim\u00e1rio do governo central a R$708,8 bi\"}]},{\"@type\":\"WebSite\",\"@id\":\"https:\/\/www.suno.com.br\/noticias\/#website\",\"url\":\"https:\/\/www.suno.com.br\/noticias\/\",\"name\":\"Suno Not\u00edcias\",\"description\":\"Seu portal de informa\u00e7\u00e3o sobre o mundo dos investimentos\",\"publisher\":{\"@id\":\"https:\/\/www.suno.com.br\/noticias\/#organization\"},\"potentialAction\":[{\"@type\":\"SearchAction\",\"target\":{\"@type\":\"EntryPoint\",\"urlTemplate\":\"https:\/\/www.suno.com.br\/noticias\/?s={search_term_string}\"},\"query-input\":{\"@type\":\"PropertyValueSpecification\",\"valueRequired\":true,\"valueName\":\"search_term_string\"}}],\"inLanguage\":\"pt-BR\"},{\"@type\":\"Organization\",\"@id\":\"https:\/\/www.suno.com.br\/noticias\/#organization\",\"name\":\"Suno Not\u00edcias\",\"url\":\"https:\/\/www.suno.com.br\/noticias\/\",\"logo\":{\"@type\":\"ImageObject\",\"inLanguage\":\"pt-BR\",\"@id\":\"https:\/\/www.suno.com.br\/noticias\/#\/schema\/logo\/image\/\",\"url\":\"https:\/\/files.sunoresearch.com.br\/n\/uploads\/2021\/09\/suno-logo.png\",\"contentUrl\":\"https:\/\/files.sunoresearch.com.br\/n\/uploads\/2021\/09\/suno-logo.png\",\"width\":180,\"height\":180,\"caption\":\"Suno Not\u00edcias\"},\"image\":{\"@id\":\"https:\/\/www.suno.com.br\/noticias\/#\/schema\/logo\/image\/\"},\"sameAs\":[\"https:\/\/facebook.com\/sunoresearch\",\"https:\/\/x.com\/sunoresearch\",\"https:\/\/www.instagram.com\/suno\",\"https:\/\/www.linkedin.com\/company\/suno-research\/\",\"https:\/\/www.youtube.com\/c\/sunoresearch\"]},{\"@type\":\"Person\",\"@id\":\"https:\/\/www.suno.com.br\/noticias\/#\/schema\/person\/3df0d2808748b74496efe5dbeaef2c72\",\"name\":\"Laura Moutinho\",\"image\":{\"@type\":\"ImageObject\",\"inLanguage\":\"pt-BR\",\"@id\":\"https:\/\/www.suno.com.br\/noticias\/#\/schema\/person\/image\/\",\"url\":\"https:\/\/secure.gravatar.com\/avatar\/7571c7c8ca3a6fca5e41384ece5557ff?s=96&r=g\",\"contentUrl\":\"https:\/\/secure.gravatar.com\/avatar\/7571c7c8ca3a6fca5e41384ece5557ff?s=96&r=g\",\"caption\":\"Laura Moutinho\"},\"description\":\"Estagi\u00e1ria na Suno Not\u00edcias, escreve not\u00edcias que afetam o mercado financeiro. Estuda administra\u00e7\u00e3o na Universidade Presbiteriana Mackenzie.\",\"url\":\"https:\/\/www.suno.com.br\/noticias\/author\/laura-moutinho\/\"}]}<\/script>\n<!-- \/ Yoast SEO plugin. -->","yoast_head_json":{"title":"Economistas preveem d\u00e9ficit prim\u00e1rio do governo central a R$708,8 bi","description":"Segundo economistas ouvidos pelo Minist\u00e9rio da Economia, o d\u00e9ficit prim\u00e1rio deve chegar a R$ 708,8 bilh\u00f5es. clique aqui para saber mais.","robots":{"index":"index","follow":"follow","max-snippet":"max-snippet:-1","max-image-preview":"max-image-preview:large","max-video-preview":"max-video-preview:-1"},"canonical":"https:\/\/www.suno.com.br\/noticias\/deficit-primario-governo-central\/","og_locale":"pt_BR","og_type":"article","og_title":"Economistas preveem d\u00e9ficit prim\u00e1rio do governo central a R$708,8 bi","og_description":"Segundo economistas ouvidos pelo Minist\u00e9rio da Economia, o d\u00e9ficit prim\u00e1rio deve chegar a R$ 708,8 bilh\u00f5es. clique aqui para saber mais.","og_url":"https:\/\/www.suno.com.br\/noticias\/deficit-primario-governo-central\/","og_site_name":"Suno Not\u00edcias","article_publisher":"https:\/\/facebook.com\/sunoresearch","og_image":[{"width":960,"height":640,"url":"https:\/\/files.sunoresearch.com.br\/n\/uploads\/2019\/01\/d8b27ecf-recess\u00e3o-econ\u00f4mica.png","type":"image\/png"}],"author":"Laura Moutinho","twitter_card":"summary_large_image","twitter_creator":"@sunoresearch","twitter_site":"@sunoresearch","twitter_misc":{"Escrito por":"Laura Moutinho","Est. tempo de leitura":"2 minutos"},"schema":{"@context":"https:\/\/schema.org","@graph":[{"@type":"NewsArticle","@id":"https:\/\/www.suno.com.br\/noticias\/deficit-primario-governo-central\/#article","isPartOf":{"@id":"https:\/\/www.suno.com.br\/noticias\/deficit-primario-governo-central\/"},"author":{"name":"Laura Moutinho","@id":"https:\/\/www.suno.com.br\/noticias\/#\/schema\/person\/3df0d2808748b74496efe5dbeaef2c72"},"headline":"Economistas preveem d\u00e9ficit prim\u00e1rio do governo central a R$708,8 bi","datePublished":"2020-06-12T21:58:45+00:00","mainEntityOfPage":{"@id":"https:\/\/www.suno.com.br\/noticias\/deficit-primario-governo-central\/"},"wordCount":426,"publisher":{"@id":"https:\/\/www.suno.com.br\/noticias\/#organization"},"image":{"@id":"https:\/\/www.suno.com.br\/noticias\/deficit-primario-governo-central\/#primaryimage"},"thumbnailUrl":"https:\/\/files.sunoresearch.com.br\/n\/uploads\/2019\/01\/d8b27ecf-recess\u00e3o-econ\u00f4mica-png.webp","keywords":["Minist\u00e9rio da Economia"],"articleSection":["Economia"],"inLanguage":"pt-BR"},{"@type":"WebPage","@id":"https:\/\/www.suno.com.br\/noticias\/deficit-primario-governo-central\/","url":"https:\/\/www.suno.com.br\/noticias\/deficit-primario-governo-central\/","name":"Economistas preveem d\u00e9ficit prim\u00e1rio do governo central a R$708,8 bi","isPartOf":{"@id":"https:\/\/www.suno.com.br\/noticias\/#website"},"primaryImageOfPage":{"@id":"https:\/\/www.suno.com.br\/noticias\/deficit-primario-governo-central\/#primaryimage"},"image":{"@id":"https:\/\/www.suno.com.br\/noticias\/deficit-primario-governo-central\/#primaryimage"},"thumbnailUrl":"https:\/\/files.sunoresearch.com.br\/n\/uploads\/2019\/01\/d8b27ecf-recess\u00e3o-econ\u00f4mica-png.webp","datePublished":"2020-06-12T21:58:45+00:00","description":"Segundo economistas ouvidos pelo Minist\u00e9rio da Economia, o d\u00e9ficit prim\u00e1rio deve chegar a R$ 708,8 bilh\u00f5es. clique aqui para saber mais.","breadcrumb":{"@id":"https:\/\/www.suno.com.br\/noticias\/deficit-primario-governo-central\/#breadcrumb"},"inLanguage":"pt-BR","potentialAction":[{"@type":"ReadAction","target":["https:\/\/www.suno.com.br\/noticias\/deficit-primario-governo-central\/"]}]},{"@type":"ImageObject","inLanguage":"pt-BR","@id":"https:\/\/www.suno.com.br\/noticias\/deficit-primario-governo-central\/#primaryimage","url":"https:\/\/files.sunoresearch.com.br\/n\/uploads\/2019\/01\/d8b27ecf-recess\u00e3o-econ\u00f4mica-png.webp","contentUrl":"https:\/\/files.sunoresearch.com.br\/n\/uploads\/2019\/01\/d8b27ecf-recess\u00e3o-econ\u00f4mica-png.webp","width":960,"height":640,"caption":"Economistas preveem d\u00e9ficit prim\u00e1rio do governo central a R$708,8 bi"},{"@type":"BreadcrumbList","@id":"https:\/\/www.suno.com.br\/noticias\/deficit-primario-governo-central\/#breadcrumb","itemListElement":[{"@type":"ListItem","position":1,"name":"Not\u00edcias","item":"https:\/\/www.suno.com.br\/noticias\/"},{"@type":"ListItem","position":2,"name":"Economia","item":"https:\/\/www.suno.com.br\/noticias\/economia\/"},{"@type":"ListItem","position":3,"name":"Economistas preveem d\u00e9ficit prim\u00e1rio do governo central a R$708,8 bi"}]},{"@type":"WebSite","@id":"https:\/\/www.suno.com.br\/noticias\/#website","url":"https:\/\/www.suno.com.br\/noticias\/","name":"Suno Not\u00edcias","description":"Seu portal de informa\u00e7\u00e3o sobre o mundo dos investimentos","publisher":{"@id":"https:\/\/www.suno.com.br\/noticias\/#organization"},"potentialAction":[{"@type":"SearchAction","target":{"@type":"EntryPoint","urlTemplate":"https:\/\/www.suno.com.br\/noticias\/?s={search_term_string}"},"query-input":{"@type":"PropertyValueSpecification","valueRequired":true,"valueName":"search_term_string"}}],"inLanguage":"pt-BR"},{"@type":"Organization","@id":"https:\/\/www.suno.com.br\/noticias\/#organization","name":"Suno Not\u00edcias","url":"https:\/\/www.suno.com.br\/noticias\/","logo":{"@type":"ImageObject","inLanguage":"pt-BR","@id":"https:\/\/www.suno.com.br\/noticias\/#\/schema\/logo\/image\/","url":"https:\/\/files.sunoresearch.com.br\/n\/uploads\/2021\/09\/suno-logo.png","contentUrl":"https:\/\/files.sunoresearch.com.br\/n\/uploads\/2021\/09\/suno-logo.png","width":180,"height":180,"caption":"Suno Not\u00edcias"},"image":{"@id":"https:\/\/www.suno.com.br\/noticias\/#\/schema\/logo\/image\/"},"sameAs":["https:\/\/facebook.com\/sunoresearch","https:\/\/x.com\/sunoresearch","https:\/\/www.instagram.com\/suno","https:\/\/www.linkedin.com\/company\/suno-research\/","https:\/\/www.youtube.com\/c\/sunoresearch"]},{"@type":"Person","@id":"https:\/\/www.suno.com.br\/noticias\/#\/schema\/person\/3df0d2808748b74496efe5dbeaef2c72","name":"Laura Moutinho","image":{"@type":"ImageObject","inLanguage":"pt-BR","@id":"https:\/\/www.suno.com.br\/noticias\/#\/schema\/person\/image\/","url":"https:\/\/secure.gravatar.com\/avatar\/7571c7c8ca3a6fca5e41384ece5557ff?s=96&r=g","contentUrl":"https:\/\/secure.gravatar.com\/avatar\/7571c7c8ca3a6fca5e41384ece5557ff?s=96&r=g","caption":"Laura Moutinho"},"description":"Estagi\u00e1ria na Suno Not\u00edcias, escreve not\u00edcias que afetam o mercado financeiro. Estuda administra\u00e7\u00e3o na Universidade Presbiteriana Mackenzie.","url":"https:\/\/www.suno.com.br\/noticias\/author\/laura-moutinho\/"}]}},"default_loop_html":"<div class=\"cardsPage__listCard__boxs\"><div class=\"cardsPage__listCard__boxs__img\"><a href=\"https:\/\/www.suno.com.br\/noticias\/deficit-primario-governo-central\/\"><img class=\"mask\" src=\"https:\/\/www.suno.com.br\/noticias\/wp-content\/themes\/suno\/resources\/images\/spotlight\/spotlight1img\/bg-mask.png\" alt=\"Image Mask\"\/><img src=\"https:\/\/files.sunoresearch.com.br\/n\/uploads\/2019\/01\/d8b27ecf-recess\u00e3o-econ\u00f4mica-400x200.webp\" alt=\"Economistas preveem d\u00e9ficit prim\u00e1rio do governo central a R$708,8 bi\"\/><\/a><span class=\"spotlightCategory\"><a href=\"https:\/\/www.suno.com.br\/noticias\/economia\/\">Economia<\/a><\/span><\/div><div class=\"cardsPage__listCard__boxs__content\"><a href=\"https:\/\/www.suno.com.br\/noticias\/deficit-primario-governo-central\/\"><h2 class=\"content__title\">Economistas preveem d\u00e9ficit prim\u00e1rio do governo central a R$708,8 bi<\/h2><\/a><div class=\"newsContent__article__meta\"><div class=\"newsContent__article__meta__authorBox\"><a href=\"https:\/\/www.suno.com.br\/noticias\/author\/laura-moutinho\/\" class=\"authorBox__avatar noMobi\"><img src=\"https:\/\/files.sunoresearch.com.br\/n\/uploads\/2020\/08\/531ff69d-whatsapp-image-2020-08-03-at-14.54.38-150x150.webp\" alt=\"Laura Moutinho\"><\/a><div class=\"authorBox__name\"><span>por\n\t\t\t<a href=\"https:\/\/www.suno.com.br\/noticias\/author\/laura-moutinho\/\"><span itemprop=\"author\">Laura Moutinho<\/span><\/a><\/span><time datetime=\"2020-06-12T18:58:45-03:00\" itemprop=\"datePublished\">12\/06\/2020 18:58<\/time><\/div><\/div><\/div><\/div><\/div>","single_layout":"posts","amp_enabled":true,"_links":{"self":[{"href":"https:\/\/www.suno.com.br\/noticias\/wp-json\/wp\/v2\/posts\/68721"}],"collection":[{"href":"https:\/\/www.suno.com.br\/noticias\/wp-json\/wp\/v2\/posts"}],"about":[{"href":"https:\/\/www.suno.com.br\/noticias\/wp-json\/wp\/v2\/types\/post"}],"author":[{"embeddable":true,"href":"https:\/\/www.suno.com.br\/noticias\/wp-json\/wp\/v2\/users\/39"}],"replies":[{"embeddable":true,"href":"https:\/\/www.suno.com.br\/noticias\/wp-json\/wp\/v2\/comments?post=68721"}],"version-history":[{"count":0,"href":"https:\/\/www.suno.com.br\/noticias\/wp-json\/wp\/v2\/posts\/68721\/revisions"}],"wp:featuredmedia":[{"embeddable":true,"href":"https:\/\/www.suno.com.br\/noticias\/wp-json\/wp\/v2\/media\/10569"}],"wp:attachment":[{"href":"https:\/\/www.suno.com.br\/noticias\/wp-json\/wp\/v2\/media?parent=68721"}],"wp:term":[{"taxonomy":"category","embeddable":true,"href":"https:\/\/www.suno.com.br\/noticias\/wp-json\/wp\/v2\/categories?post=68721"},{"taxonomy":"post_tag","embeddable":true,"href":"https:\/\/www.suno.com.br\/noticias\/wp-json\/wp\/v2\/tags?post=68721"},{"taxonomy":"suno_strategy","embeddable":true,"href":"https:\/\/www.suno.com.br\/noticias\/wp-json\/wp\/v2\/suno_strategy?post=68721"}],"curies":[{"name":"wp","href":"https:\/\/api.w.org\/{rel}","templated":true}]}}