{"id":68712,"date":"2020-06-12T16:13:57","date_gmt":"2020-06-12T19:13:57","guid":{"rendered":"https:\/\/www.suno.com.br\/noticias\/?p=68712"},"modified":"2020-06-12T16:13:57","modified_gmt":"2020-06-12T19:13:57","slug":"deutsche-bank-planeja-fechar-agencias-gastos","status":"publish","type":"post","link":"https:\/\/www.suno.com.br\/noticias\/deutsche-bank-planeja-fechar-agencias-gastos\/","title":{"rendered":"Deutsche Bank planeja fechar ag\u00eancias para cortar gastos"},"content":{"rendered":"<p>O banco alem\u00e3o <strong>Deutsche Bank<\/strong> anunciou nesta sexta-feira (12) que planeja fechar mais ag\u00eancias na Alemanha. O projeto faz parte do plano do <a href=\"https:\/\/www.suno.com.br\/artigos\/ceo\/\">CEO<\/a>, Christian Sewing, para reduzir custos.<\/p>\t<div class=\"wrapper-featured-image\">\n\t\t<figure class=\"spotlightImg\">\n\n\t\t\t<picture>\n\t\t\t\t<source media=\"(max-width: 768px)\" srcset=\"https:\/\/files.sunoresearch.com.br\/n\/uploads\/2018\/11\/66f289c2-deutsche-bank-400x200.webp\">\n\t\t\t\t<img loading=\"lazy\" decoding=\"async\" class=\"newsContent__article__imgCapa lazyloadDisabled newsContent__article__imgCapa--noCaption\" src=\"https:\/\/files.sunoresearch.com.br\/n\/uploads\/2018\/11\/66f289c2-deutsche-bank-800x450.webp\" width=\"800\" height=\"450\" alt=\"Deutsche Bank planeja fechar ag\u00eancias para cortar gastos\" fetchpriority=high \/>\n\t\t\t<\/picture>\n\n\t\t\t<figcaption class=\"wp-caption-text wp-caption-text--hide\">Sede da Deutsche Bank<\/figcaption>\n\t\t<\/figure>\n\t<\/div>\n\n\n\n<p>Segundo pessoas com conhecimento no assunto, a institui\u00e7\u00e3o financeira realizar\u00e1 um projeto piloto para determinar se tal medida seria aplicada. Nesse teste, o banco analisar\u00e1 o resultado de atender clientes de suas duas marcas de varejo dom\u00e9sticas, Deutsche Bank e <strong>Postbank<\/strong>, em uma mesma ag\u00eancia.<\/p>\n<p>De acordo com Manfred Knof, respons\u00e1vel pela unidade de varejo do banco, a expectativa \u00e9 que o fechamento e a redu\u00e7\u00e3o de ag\u00eancias na Alemanha contribua para um corte de \u20ac 200 milh\u00f5es (cerca de R$ 1,137 bilh\u00e3o) nos custos da institui\u00e7\u00e3o.<\/p>\n<p><a href=\"https:\/\/lp.suno.com.br\/suno-one\/\">No Suno One voc\u00ea aprende a fazer seu dinheiro trabalhar para voc\u00ea. Cadastre-se gratuitamente agora!<\/a><\/p>\n<p>Em uma nota ao p\u00fablico, a porta-voz do banco esclareceu que \u201ccontinuamos a ajustar nossa rede de ag\u00eancias como sempre fizemos. N\u00e3o planejamos um programa para o fechamento de ag\u00eancias al\u00e9m disso.\u201d<\/p>\n<p>Al\u00e9m disso, o setor de varejo do Deutsche Bank se comprometeu a economizar \u20ac 1 bilh\u00e3o at\u00e9 o fim de 2022. No mesmo per\u00edodo, Christian Sewing prometeu atingir uma redu\u00e7\u00e3o de \u20ac 2,5 bilh\u00f5es nos custos das principais divis\u00f5es do banco.<\/p>\n<h2>Plano de reestrutura\u00e7\u00e3o do Deutsche Bank<\/h2>\n<p>Desde julho de 2019, com o plano de reestrutura\u00e7\u00e3o, o banco alem\u00e3o j\u00e1 anunciou a demiss\u00e3o de 18.000 funcion\u00e1rios. Adicionalmente, o <strong>Deutsche Bank<\/strong> anunciou a venda de parte de seu neg\u00f3cio de corretagem e negocia\u00e7\u00e3o eletr\u00f4nica de a\u00e7\u00f5es ao <strong>BNP Paribas<\/strong>.<\/p>\n<p>O plano de reestrutura\u00e7\u00e3o est\u00e1 ocorrendo ap\u00f3s o envolvimento do banco em no <span style=\"font-size: 1.21429rem;\">esc\u00e2ndalo dos \u201cPanama Papers\u201d. Esse material consiste em uma s\u00e9rie de documentos sigilosos sobre irregularidades financeiras que foram publicados em grandes ve\u00edculos de comunica\u00e7\u00e3o do mundo.<\/span><\/p>\n<p><a href=\"https:\/\/www.suno.com.br\/noticias\/deutsche-bank-politica-ambiental-investimentos-brasil\/\">Veja tamb\u00e9m: Deutsche Bank: pol\u00edtica ambiental atrapalha investimentos no Brasil<\/a><\/p>\n<p>Com as informa\u00e7\u00f5es divulgadas, o <strong>Deutsche Bank<\/strong> foi acusado de lavagem de dinheiro. Ap\u00f3s essa investiga\u00e7\u00e3o, as a\u00e7\u00f5es do banco registraram queda recorde.<\/p>\n\n","protected":false},"excerpt":{"rendered":"<p>O banco alem\u00e3o Deutsche Bank anunciou nesta sexta-feira (12) que planeja fechar mais ag\u00eancias na Alemanha. O projeto faz parte do plano do CEO, Christian Sewing, para reduzir custos. Sede da Deutsche Bank Segundo pessoas com conhecimento no assunto, a institui\u00e7\u00e3o financeira realizar\u00e1 um projeto piloto para determinar se tal medida seria aplicada. Nesse teste, [&hellip;]<\/p>\n","protected":false},"author":44,"featured_media":7393,"comment_status":"closed","ping_status":"closed","sticky":false,"template":"","format":"standard","meta":[],"categories":[63],"tags":[2208,1005],"suno_strategy":[],"class_list":["post-68712","post","type-post","status-publish","format-standard","has-post-thumbnail","hentry","category-internacional","tag-agencias-bancarias","tag-deutsche-bank"],"yoast_head":"<!-- This site is optimized with the Yoast SEO plugin v24.4 - https:\/\/yoast.com\/wordpress\/plugins\/seo\/ -->\n<title>Deutsche Bank planeja fechar ag\u00eancias para cortar gastos<\/title>\n<meta name=\"description\" content=\"O banco alem\u00e3o Deutsche Bank anunciou nesta sexta-feira (12) que planeja fechar mais ag\u00eancias na Alemanha. Clique para ver mais.\" \/>\n<meta name=\"robots\" content=\"index, follow, max-snippet:-1, max-image-preview:large, max-video-preview:-1\" \/>\n<link rel=\"canonical\" href=\"https:\/\/www.suno.com.br\/noticias\/deutsche-bank-planeja-fechar-agencias-gastos\/\" \/>\n<meta property=\"og:locale\" content=\"pt_BR\" \/>\n<meta property=\"og:type\" content=\"article\" \/>\n<meta property=\"og:title\" content=\"Deutsche Bank planeja fechar ag\u00eancias para cortar gastos\" \/>\n<meta property=\"og:description\" content=\"O banco alem\u00e3o Deutsche Bank anunciou nesta sexta-feira (12) que planeja fechar mais ag\u00eancias na Alemanha. Clique para ver mais.\" \/>\n<meta property=\"og:url\" content=\"https:\/\/www.suno.com.br\/noticias\/deutsche-bank-planeja-fechar-agencias-gastos\/\" \/>\n<meta property=\"og:site_name\" content=\"Suno Not\u00edcias\" \/>\n<meta property=\"article:publisher\" content=\"https:\/\/facebook.com\/sunoresearch\" \/>\n<meta property=\"og:image\" content=\"https:\/\/files.sunoresearch.com.br\/n\/uploads\/2018\/11\/66f289c2-deutsche-bank.jpg\" \/>\n\t<meta property=\"og:image:width\" content=\"1280\" \/>\n\t<meta property=\"og:image:height\" content=\"960\" \/>\n\t<meta property=\"og:image:type\" content=\"image\/jpeg\" \/>\n<meta name=\"author\" content=\"Daniel Guimar\u00e3es\" \/>\n<meta name=\"twitter:card\" content=\"summary_large_image\" \/>\n<meta name=\"twitter:creator\" content=\"@sunoresearch\" \/>\n<meta name=\"twitter:site\" content=\"@sunoresearch\" \/>\n<meta name=\"twitter:label1\" content=\"Escrito por\" \/>\n\t<meta name=\"twitter:data1\" content=\"Daniel Guimar\u00e3es\" \/>\n\t<meta name=\"twitter:label2\" content=\"Est. tempo de leitura\" \/>\n\t<meta name=\"twitter:data2\" content=\"2 minutos\" \/>\n<script type=\"application\/ld+json\" class=\"yoast-schema-graph\">{\"@context\":\"https:\/\/schema.org\",\"@graph\":[{\"@type\":\"NewsArticle\",\"@id\":\"https:\/\/www.suno.com.br\/noticias\/deutsche-bank-planeja-fechar-agencias-gastos\/#article\",\"isPartOf\":{\"@id\":\"https:\/\/www.suno.com.br\/noticias\/deutsche-bank-planeja-fechar-agencias-gastos\/\"},\"author\":{\"name\":\"Daniel Guimar\u00e3es\",\"@id\":\"https:\/\/www.suno.com.br\/noticias\/#\/schema\/person\/a7796c19fcf6bafd03b9a2fa1fd9ae20\"},\"headline\":\"Deutsche Bank planeja fechar ag\u00eancias para cortar gastos\",\"datePublished\":\"2020-06-12T19:13:57+00:00\",\"mainEntityOfPage\":{\"@id\":\"https:\/\/www.suno.com.br\/noticias\/deutsche-bank-planeja-fechar-agencias-gastos\/\"},\"wordCount\":371,\"publisher\":{\"@id\":\"https:\/\/www.suno.com.br\/noticias\/#organization\"},\"image\":{\"@id\":\"https:\/\/www.suno.com.br\/noticias\/deutsche-bank-planeja-fechar-agencias-gastos\/#primaryimage\"},\"thumbnailUrl\":\"https:\/\/files.sunoresearch.com.br\/n\/uploads\/2018\/11\/66f289c2-deutsche-bank-jpg.webp\",\"keywords\":[\"ag\u00eancias banc\u00e1rias\",\"Deutsche Bank\"],\"articleSection\":[\"Internacional\"],\"inLanguage\":\"pt-BR\"},{\"@type\":\"WebPage\",\"@id\":\"https:\/\/www.suno.com.br\/noticias\/deutsche-bank-planeja-fechar-agencias-gastos\/\",\"url\":\"https:\/\/www.suno.com.br\/noticias\/deutsche-bank-planeja-fechar-agencias-gastos\/\",\"name\":\"Deutsche Bank planeja fechar ag\u00eancias para cortar gastos\",\"isPartOf\":{\"@id\":\"https:\/\/www.suno.com.br\/noticias\/#website\"},\"primaryImageOfPage\":{\"@id\":\"https:\/\/www.suno.com.br\/noticias\/deutsche-bank-planeja-fechar-agencias-gastos\/#primaryimage\"},\"image\":{\"@id\":\"https:\/\/www.suno.com.br\/noticias\/deutsche-bank-planeja-fechar-agencias-gastos\/#primaryimage\"},\"thumbnailUrl\":\"https:\/\/files.sunoresearch.com.br\/n\/uploads\/2018\/11\/66f289c2-deutsche-bank-jpg.webp\",\"datePublished\":\"2020-06-12T19:13:57+00:00\",\"description\":\"O banco alem\u00e3o Deutsche Bank anunciou nesta sexta-feira (12) que planeja fechar mais ag\u00eancias na Alemanha. Clique para ver mais.\",\"breadcrumb\":{\"@id\":\"https:\/\/www.suno.com.br\/noticias\/deutsche-bank-planeja-fechar-agencias-gastos\/#breadcrumb\"},\"inLanguage\":\"pt-BR\",\"potentialAction\":[{\"@type\":\"ReadAction\",\"target\":[\"https:\/\/www.suno.com.br\/noticias\/deutsche-bank-planeja-fechar-agencias-gastos\/\"]}]},{\"@type\":\"ImageObject\",\"inLanguage\":\"pt-BR\",\"@id\":\"https:\/\/www.suno.com.br\/noticias\/deutsche-bank-planeja-fechar-agencias-gastos\/#primaryimage\",\"url\":\"https:\/\/files.sunoresearch.com.br\/n\/uploads\/2018\/11\/66f289c2-deutsche-bank-jpg.webp\",\"contentUrl\":\"https:\/\/files.sunoresearch.com.br\/n\/uploads\/2018\/11\/66f289c2-deutsche-bank-jpg.webp\",\"width\":1280,\"height\":960,\"caption\":\"Sede da Deutsche Bank\"},{\"@type\":\"BreadcrumbList\",\"@id\":\"https:\/\/www.suno.com.br\/noticias\/deutsche-bank-planeja-fechar-agencias-gastos\/#breadcrumb\",\"itemListElement\":[{\"@type\":\"ListItem\",\"position\":1,\"name\":\"Not\u00edcias\",\"item\":\"https:\/\/www.suno.com.br\/noticias\/\"},{\"@type\":\"ListItem\",\"position\":2,\"name\":\"Internacional\",\"item\":\"https:\/\/www.suno.com.br\/noticias\/internacional\/\"},{\"@type\":\"ListItem\",\"position\":3,\"name\":\"Deutsche Bank planeja fechar ag\u00eancias para cortar gastos\"}]},{\"@type\":\"WebSite\",\"@id\":\"https:\/\/www.suno.com.br\/noticias\/#website\",\"url\":\"https:\/\/www.suno.com.br\/noticias\/\",\"name\":\"Suno Not\u00edcias\",\"description\":\"Seu portal de informa\u00e7\u00e3o sobre o mundo dos investimentos\",\"publisher\":{\"@id\":\"https:\/\/www.suno.com.br\/noticias\/#organization\"},\"potentialAction\":[{\"@type\":\"SearchAction\",\"target\":{\"@type\":\"EntryPoint\",\"urlTemplate\":\"https:\/\/www.suno.com.br\/noticias\/?s={search_term_string}\"},\"query-input\":{\"@type\":\"PropertyValueSpecification\",\"valueRequired\":true,\"valueName\":\"search_term_string\"}}],\"inLanguage\":\"pt-BR\"},{\"@type\":\"Organization\",\"@id\":\"https:\/\/www.suno.com.br\/noticias\/#organization\",\"name\":\"Suno Not\u00edcias\",\"url\":\"https:\/\/www.suno.com.br\/noticias\/\",\"logo\":{\"@type\":\"ImageObject\",\"inLanguage\":\"pt-BR\",\"@id\":\"https:\/\/www.suno.com.br\/noticias\/#\/schema\/logo\/image\/\",\"url\":\"https:\/\/files.sunoresearch.com.br\/n\/uploads\/2021\/09\/suno-logo.png\",\"contentUrl\":\"https:\/\/files.sunoresearch.com.br\/n\/uploads\/2021\/09\/suno-logo.png\",\"width\":180,\"height\":180,\"caption\":\"Suno Not\u00edcias\"},\"image\":{\"@id\":\"https:\/\/www.suno.com.br\/noticias\/#\/schema\/logo\/image\/\"},\"sameAs\":[\"https:\/\/facebook.com\/sunoresearch\",\"https:\/\/x.com\/sunoresearch\",\"https:\/\/www.instagram.com\/suno\",\"https:\/\/www.linkedin.com\/company\/suno-research\/\",\"https:\/\/www.youtube.com\/c\/sunoresearch\"]},{\"@type\":\"Person\",\"@id\":\"https:\/\/www.suno.com.br\/noticias\/#\/schema\/person\/a7796c19fcf6bafd03b9a2fa1fd9ae20\",\"name\":\"Daniel Guimar\u00e3es\",\"image\":{\"@type\":\"ImageObject\",\"inLanguage\":\"pt-BR\",\"@id\":\"https:\/\/www.suno.com.br\/noticias\/#\/schema\/person\/image\/\",\"url\":\"https:\/\/secure.gravatar.com\/avatar\/fb8260757609f58f0c0ac079d1b32eff?s=96&r=g\",\"contentUrl\":\"https:\/\/secure.gravatar.com\/avatar\/fb8260757609f58f0c0ac079d1b32eff?s=96&r=g\",\"caption\":\"Daniel Guimar\u00e3es\"},\"description\":\"Estagi\u00e1rio na Suno Not\u00edcias, Daniel escreve not\u00edcias que afetam o mercado financeiro brasileiro e internacional. Estuda economia na Rutgers University, em New Jersey.\",\"sameAs\":[\"suno.research\"],\"url\":\"https:\/\/www.suno.com.br\/noticias\/author\/daniel\/\"}]}<\/script>\n<!-- \/ Yoast SEO plugin. -->","yoast_head_json":{"title":"Deutsche Bank planeja fechar ag\u00eancias para cortar gastos","description":"O banco alem\u00e3o Deutsche Bank anunciou nesta sexta-feira (12) que planeja fechar mais ag\u00eancias na Alemanha. Clique para ver mais.","robots":{"index":"index","follow":"follow","max-snippet":"max-snippet:-1","max-image-preview":"max-image-preview:large","max-video-preview":"max-video-preview:-1"},"canonical":"https:\/\/www.suno.com.br\/noticias\/deutsche-bank-planeja-fechar-agencias-gastos\/","og_locale":"pt_BR","og_type":"article","og_title":"Deutsche Bank planeja fechar ag\u00eancias para cortar gastos","og_description":"O banco alem\u00e3o Deutsche Bank anunciou nesta sexta-feira (12) que planeja fechar mais ag\u00eancias na Alemanha. Clique para ver mais.","og_url":"https:\/\/www.suno.com.br\/noticias\/deutsche-bank-planeja-fechar-agencias-gastos\/","og_site_name":"Suno Not\u00edcias","article_publisher":"https:\/\/facebook.com\/sunoresearch","og_image":[{"width":1280,"height":960,"url":"https:\/\/files.sunoresearch.com.br\/n\/uploads\/2018\/11\/66f289c2-deutsche-bank.jpg","type":"image\/jpeg"}],"author":"Daniel Guimar\u00e3es","twitter_card":"summary_large_image","twitter_creator":"@sunoresearch","twitter_site":"@sunoresearch","twitter_misc":{"Escrito por":"Daniel Guimar\u00e3es","Est. tempo de leitura":"2 minutos"},"schema":{"@context":"https:\/\/schema.org","@graph":[{"@type":"NewsArticle","@id":"https:\/\/www.suno.com.br\/noticias\/deutsche-bank-planeja-fechar-agencias-gastos\/#article","isPartOf":{"@id":"https:\/\/www.suno.com.br\/noticias\/deutsche-bank-planeja-fechar-agencias-gastos\/"},"author":{"name":"Daniel Guimar\u00e3es","@id":"https:\/\/www.suno.com.br\/noticias\/#\/schema\/person\/a7796c19fcf6bafd03b9a2fa1fd9ae20"},"headline":"Deutsche Bank planeja fechar ag\u00eancias para cortar gastos","datePublished":"2020-06-12T19:13:57+00:00","mainEntityOfPage":{"@id":"https:\/\/www.suno.com.br\/noticias\/deutsche-bank-planeja-fechar-agencias-gastos\/"},"wordCount":371,"publisher":{"@id":"https:\/\/www.suno.com.br\/noticias\/#organization"},"image":{"@id":"https:\/\/www.suno.com.br\/noticias\/deutsche-bank-planeja-fechar-agencias-gastos\/#primaryimage"},"thumbnailUrl":"https:\/\/files.sunoresearch.com.br\/n\/uploads\/2018\/11\/66f289c2-deutsche-bank-jpg.webp","keywords":["ag\u00eancias banc\u00e1rias","Deutsche Bank"],"articleSection":["Internacional"],"inLanguage":"pt-BR"},{"@type":"WebPage","@id":"https:\/\/www.suno.com.br\/noticias\/deutsche-bank-planeja-fechar-agencias-gastos\/","url":"https:\/\/www.suno.com.br\/noticias\/deutsche-bank-planeja-fechar-agencias-gastos\/","name":"Deutsche Bank planeja fechar ag\u00eancias para cortar gastos","isPartOf":{"@id":"https:\/\/www.suno.com.br\/noticias\/#website"},"primaryImageOfPage":{"@id":"https:\/\/www.suno.com.br\/noticias\/deutsche-bank-planeja-fechar-agencias-gastos\/#primaryimage"},"image":{"@id":"https:\/\/www.suno.com.br\/noticias\/deutsche-bank-planeja-fechar-agencias-gastos\/#primaryimage"},"thumbnailUrl":"https:\/\/files.sunoresearch.com.br\/n\/uploads\/2018\/11\/66f289c2-deutsche-bank-jpg.webp","datePublished":"2020-06-12T19:13:57+00:00","description":"O banco alem\u00e3o Deutsche Bank anunciou nesta sexta-feira (12) que planeja fechar mais ag\u00eancias na Alemanha. Clique para ver mais.","breadcrumb":{"@id":"https:\/\/www.suno.com.br\/noticias\/deutsche-bank-planeja-fechar-agencias-gastos\/#breadcrumb"},"inLanguage":"pt-BR","potentialAction":[{"@type":"ReadAction","target":["https:\/\/www.suno.com.br\/noticias\/deutsche-bank-planeja-fechar-agencias-gastos\/"]}]},{"@type":"ImageObject","inLanguage":"pt-BR","@id":"https:\/\/www.suno.com.br\/noticias\/deutsche-bank-planeja-fechar-agencias-gastos\/#primaryimage","url":"https:\/\/files.sunoresearch.com.br\/n\/uploads\/2018\/11\/66f289c2-deutsche-bank-jpg.webp","contentUrl":"https:\/\/files.sunoresearch.com.br\/n\/uploads\/2018\/11\/66f289c2-deutsche-bank-jpg.webp","width":1280,"height":960,"caption":"Sede da Deutsche Bank"},{"@type":"BreadcrumbList","@id":"https:\/\/www.suno.com.br\/noticias\/deutsche-bank-planeja-fechar-agencias-gastos\/#breadcrumb","itemListElement":[{"@type":"ListItem","position":1,"name":"Not\u00edcias","item":"https:\/\/www.suno.com.br\/noticias\/"},{"@type":"ListItem","position":2,"name":"Internacional","item":"https:\/\/www.suno.com.br\/noticias\/internacional\/"},{"@type":"ListItem","position":3,"name":"Deutsche Bank planeja fechar ag\u00eancias para cortar gastos"}]},{"@type":"WebSite","@id":"https:\/\/www.suno.com.br\/noticias\/#website","url":"https:\/\/www.suno.com.br\/noticias\/","name":"Suno Not\u00edcias","description":"Seu portal de informa\u00e7\u00e3o sobre o mundo dos investimentos","publisher":{"@id":"https:\/\/www.suno.com.br\/noticias\/#organization"},"potentialAction":[{"@type":"SearchAction","target":{"@type":"EntryPoint","urlTemplate":"https:\/\/www.suno.com.br\/noticias\/?s={search_term_string}"},"query-input":{"@type":"PropertyValueSpecification","valueRequired":true,"valueName":"search_term_string"}}],"inLanguage":"pt-BR"},{"@type":"Organization","@id":"https:\/\/www.suno.com.br\/noticias\/#organization","name":"Suno Not\u00edcias","url":"https:\/\/www.suno.com.br\/noticias\/","logo":{"@type":"ImageObject","inLanguage":"pt-BR","@id":"https:\/\/www.suno.com.br\/noticias\/#\/schema\/logo\/image\/","url":"https:\/\/files.sunoresearch.com.br\/n\/uploads\/2021\/09\/suno-logo.png","contentUrl":"https:\/\/files.sunoresearch.com.br\/n\/uploads\/2021\/09\/suno-logo.png","width":180,"height":180,"caption":"Suno Not\u00edcias"},"image":{"@id":"https:\/\/www.suno.com.br\/noticias\/#\/schema\/logo\/image\/"},"sameAs":["https:\/\/facebook.com\/sunoresearch","https:\/\/x.com\/sunoresearch","https:\/\/www.instagram.com\/suno","https:\/\/www.linkedin.com\/company\/suno-research\/","https:\/\/www.youtube.com\/c\/sunoresearch"]},{"@type":"Person","@id":"https:\/\/www.suno.com.br\/noticias\/#\/schema\/person\/a7796c19fcf6bafd03b9a2fa1fd9ae20","name":"Daniel Guimar\u00e3es","image":{"@type":"ImageObject","inLanguage":"pt-BR","@id":"https:\/\/www.suno.com.br\/noticias\/#\/schema\/person\/image\/","url":"https:\/\/secure.gravatar.com\/avatar\/fb8260757609f58f0c0ac079d1b32eff?s=96&r=g","contentUrl":"https:\/\/secure.gravatar.com\/avatar\/fb8260757609f58f0c0ac079d1b32eff?s=96&r=g","caption":"Daniel Guimar\u00e3es"},"description":"Estagi\u00e1rio na Suno Not\u00edcias, Daniel escreve not\u00edcias que afetam o mercado financeiro brasileiro e internacional. Estuda economia na Rutgers University, em New Jersey.","sameAs":["suno.research"],"url":"https:\/\/www.suno.com.br\/noticias\/author\/daniel\/"}]}},"default_loop_html":"<div class=\"cardsPage__listCard__boxs\"><div class=\"cardsPage__listCard__boxs__img\"><a href=\"https:\/\/www.suno.com.br\/noticias\/deutsche-bank-planeja-fechar-agencias-gastos\/\"><img class=\"mask\" src=\"https:\/\/www.suno.com.br\/noticias\/wp-content\/themes\/suno\/resources\/images\/spotlight\/spotlight1img\/bg-mask.png\" alt=\"Image Mask\"\/><img src=\"https:\/\/files.sunoresearch.com.br\/n\/uploads\/2018\/11\/66f289c2-deutsche-bank-400x200.webp\" alt=\"Deutsche Bank planeja fechar ag\u00eancias para cortar gastos\"\/><\/a><span class=\"spotlightCategory\"><a href=\"https:\/\/www.suno.com.br\/noticias\/internacional\/\">Internacional<\/a><\/span><\/div><div class=\"cardsPage__listCard__boxs__content\"><a href=\"https:\/\/www.suno.com.br\/noticias\/deutsche-bank-planeja-fechar-agencias-gastos\/\"><h2 class=\"content__title\">Deutsche Bank planeja fechar ag\u00eancias para cortar gastos<\/h2><\/a><div class=\"newsContent__article__meta\"><div class=\"newsContent__article__meta__authorBox\"><a href=\"https:\/\/www.suno.com.br\/noticias\/author\/daniel\/\" class=\"authorBox__avatar noMobi\"><img src=\"https:\/\/files.sunoresearch.com.br\/n\/uploads\/2020\/08\/e51aadd2-whatsapp-image-2020-08-03-at-14.03.48-150x150.webp\" alt=\"Daniel Guimar\u00e3es\"><\/a><div class=\"authorBox__name\"><span>por\n\t\t\t<a href=\"https:\/\/www.suno.com.br\/noticias\/author\/daniel\/\"><span itemprop=\"author\">Daniel Guimar\u00e3es<\/span><\/a><\/span><time datetime=\"2020-06-12T16:13:57-03:00\" itemprop=\"datePublished\">12\/06\/2020 16:13<\/time><\/div><\/div><\/div><\/div><\/div>","single_layout":"posts","amp_enabled":true,"_links":{"self":[{"href":"https:\/\/www.suno.com.br\/noticias\/wp-json\/wp\/v2\/posts\/68712"}],"collection":[{"href":"https:\/\/www.suno.com.br\/noticias\/wp-json\/wp\/v2\/posts"}],"about":[{"href":"https:\/\/www.suno.com.br\/noticias\/wp-json\/wp\/v2\/types\/post"}],"author":[{"embeddable":true,"href":"https:\/\/www.suno.com.br\/noticias\/wp-json\/wp\/v2\/users\/44"}],"replies":[{"embeddable":true,"href":"https:\/\/www.suno.com.br\/noticias\/wp-json\/wp\/v2\/comments?post=68712"}],"version-history":[{"count":0,"href":"https:\/\/www.suno.com.br\/noticias\/wp-json\/wp\/v2\/posts\/68712\/revisions"}],"wp:featuredmedia":[{"embeddable":true,"href":"https:\/\/www.suno.com.br\/noticias\/wp-json\/wp\/v2\/media\/7393"}],"wp:attachment":[{"href":"https:\/\/www.suno.com.br\/noticias\/wp-json\/wp\/v2\/media?parent=68712"}],"wp:term":[{"taxonomy":"category","embeddable":true,"href":"https:\/\/www.suno.com.br\/noticias\/wp-json\/wp\/v2\/categories?post=68712"},{"taxonomy":"post_tag","embeddable":true,"href":"https:\/\/www.suno.com.br\/noticias\/wp-json\/wp\/v2\/tags?post=68712"},{"taxonomy":"suno_strategy","embeddable":true,"href":"https:\/\/www.suno.com.br\/noticias\/wp-json\/wp\/v2\/suno_strategy?post=68712"}],"curies":[{"name":"wp","href":"https:\/\/api.w.org\/{rel}","templated":true}]}}