{"id":68707,"date":"2020-06-12T15:51:23","date_gmt":"2020-06-12T18:51:23","guid":{"rendered":"https:\/\/www.suno.com.br\/noticias\/?p=68707"},"modified":"2021-06-21T05:49:52","modified_gmt":"2021-06-21T08:49:52","slug":"argentina-posterga-anuncio-proposta-reorganizacao-divida","status":"publish","type":"post","link":"https:\/\/www.suno.com.br\/noticias\/argentina-posterga-anuncio-proposta-reorganizacao-divida\/","title":{"rendered":"Argentina posterga an\u00fancio da nova proposta de reestruturar\u00e3o da d\u00edvida"},"content":{"rendered":"<p>A equipe econ\u00f4mica da <strong>Argentina<\/strong> decidiu adiar novamente o an\u00fancio da nova proposta de reorganiza\u00e7\u00e3o da <a href=\"https:\/\/www.suno.com.br\/artigos\/divida-publica\/\">d\u00edvida p\u00fablica<\/a>. A informa\u00e7\u00e3o foi divulgada nesta sexta-feira (12) pela m\u00eddia argentina.<\/p>\t<div class=\"wrapper-featured-image\">\n\t\t<figure class=\"spotlightImg\">\n\n\t\t\t<picture>\n\t\t\t\t<source media=\"(max-width: 768px)\" srcset=\"https:\/\/files.sunoresearch.com.br\/n\/uploads\/2019\/09\/ea8c24b1-argentina23-400x200.webp\">\n\t\t\t\t<img loading=\"lazy\" decoding=\"async\" class=\"newsContent__article__imgCapa lazyloadDisabled newsContent__article__imgCapa--noCaption\" src=\"https:\/\/files.sunoresearch.com.br\/n\/uploads\/2019\/09\/ea8c24b1-argentina23-800x450.webp\" width=\"800\" height=\"450\" alt=\"Argentina posterga an\u00fancio da nova proposta de reestruturar\u00e3o da d\u00edvida\" fetchpriority=high \/>\n\t\t\t<\/picture>\n\n\t\t\t<figcaption class=\"wp-caption-text wp-caption-text--hide\">Foto: Pexels.<\/figcaption>\n\t\t<\/figure>\n\t<\/div>\n\n\n\n<p>Esta \u00e9 a quarta vez que o pa\u00eds vizinho prorroga a decis\u00e3o sobre sua <strong>d\u00edvida p\u00fablica<\/strong> desde maio. Dessa forma, as negocia\u00e7\u00f5es com seus credores ocorrer\u00e3o at\u00e9 o dia 16 de junho e a Argentina planeja divulgar um novo plano de pagamento at\u00e9 o final da pr\u00f3xima semana.<\/p>\n<p>Segundo a m\u00eddia local, o an\u00fancio deve incluir uma proposta para reestruturar aproximadamente US$ 65 bilh\u00f5es (cerca de R$ 328 bilh\u00f5es) em t\u00edtulos da d\u00edvida acumulada pela Argentina.<\/p>\n<p><a href=\"https:\/\/lp.suno.com.br\/suno-one\/\">No Suno One voc\u00ea aprende a fazer seu dinheiro trabalhar para voc\u00ea. Cadastre-se gratuitamente agora!<\/a><\/p>\n<p>Termina nesta sexta-feira o prazo extendido dado pelo governo para que sua equipe econ\u00f4mica divulgasse o plano. Para adiar o an\u00fancio outra vez, o pa\u00eds dever\u00e1 fazer um pedido \u00e0 <a href=\"https:\/\/www.suno.com.br\/artigos\/sec\/\"><strong>Securities and Exchange Commission (SEC)<\/strong><\/a>.<\/p>\n<p>Em maio, a Argentina marcou o nono <a href=\"https:\/\/www.suno.com.br\/artigos\/default\/\"><strong>default soberano<\/strong><\/a> ap\u00f3s descumprir o pagamento de US$ 500 milh\u00f5es (cerca de R$ 3 bilh\u00f5es) em juros de d\u00edvida.<\/p>\n<h2>Argentina negocia com os credores privados internacionais<\/h2>\n<p>O ministro da Economia argentino Mart\u00edn Guzm\u00e1n, declarou no dia 15 de maio que o pa\u00eds tenciona obter um acordo de reestrutura\u00e7\u00e3o da d\u00edvida que seja capaz de pagar.<\/p>\n<p>O <strong>Exchange Bondholder Group<\/strong> informou, por meio de comunicado, que sua contraproposta apresentada no dia 15 de maio garante \u201cum al\u00edvio significativo da d\u00edvida para a Argentina e, sem d\u00favida, fornece uma estrutura de d\u00edvida sustent\u00e1vel para o pa\u00eds em rela\u00e7\u00e3o aos t\u00edtulos\u201d.<\/p>\n<p>O grupo representa 18 institui\u00e7\u00f5es de investimento e corresponde a 15% dos Exchange Bonds do pa\u00eds vizinho.<\/p>\n<p><a href=\"https:\/\/www.suno.com.br\/noticias\/argentina-retoma-negociacoes-credores\/\">Saiba mais: Argentina retoma renegocia\u00e7\u00f5es com credores ap\u00f3s 9\u00ba default<\/a><\/p>\n<p>O ministro da Economia declarou no m\u00eas passado que as negocia\u00e7\u00f5es est\u00e3o em um caminho positivo, n\u00e3o obstante ainda existia uma \u201cdist\u00e2ncia importante\u201d para chegar a um acordo entre o governo da <strong>Argentina<\/strong> e os credores.<\/p>\n\n","protected":false},"excerpt":{"rendered":"<p>A equipe econ\u00f4mica da Argentina decidiu adiar novamente o an\u00fancio da nova proposta de reorganiza\u00e7\u00e3o da d\u00edvida p\u00fablica. A informa\u00e7\u00e3o foi divulgada nesta sexta-feira (12) pela m\u00eddia argentina. Foto: Pexels. Esta \u00e9 a quarta vez que o pa\u00eds vizinho prorroga a decis\u00e3o sobre sua d\u00edvida p\u00fablica desde maio. Dessa forma, as negocia\u00e7\u00f5es com seus credores [&hellip;]<\/p>\n","protected":false},"author":44,"featured_media":36307,"comment_status":"closed","ping_status":"closed","sticky":false,"template":"","format":"standard","meta":[],"categories":[62,63],"tags":[699,1265,1374],"suno_strategy":[],"class_list":["post-68707","post","type-post","status-publish","format-standard","has-post-thumbnail","hentry","category-economia","category-internacional","tag-argentina","tag-divida-publica-federal","tag-sec"],"yoast_head":"<!-- This site is optimized with the Yoast SEO plugin v24.4 - https:\/\/yoast.com\/wordpress\/plugins\/seo\/ -->\n<title>Argentina posterga an\u00fancio da nova proposta de reestruturar\u00e3o da d\u00edvida<\/title>\n<meta name=\"description\" content=\"A equipe econ\u00f4mica da\u00a0Argentina decidiu adiar novamente o an\u00fancio da nova proposta de reorganiza\u00e7\u00e3o da d\u00edvida p\u00fablica. Clique para ver mais.\" \/>\n<meta name=\"robots\" content=\"index, follow, max-snippet:-1, max-image-preview:large, max-video-preview:-1\" \/>\n<link rel=\"canonical\" href=\"https:\/\/www.suno.com.br\/noticias\/argentina-posterga-anuncio-proposta-reorganizacao-divida\/\" \/>\n<meta property=\"og:locale\" content=\"pt_BR\" \/>\n<meta property=\"og:type\" content=\"article\" \/>\n<meta property=\"og:title\" content=\"Argentina posterga an\u00fancio da nova proposta de reestruturar\u00e3o da d\u00edvida\" \/>\n<meta property=\"og:description\" content=\"A equipe econ\u00f4mica da\u00a0Argentina decidiu adiar novamente o an\u00fancio da nova proposta de reorganiza\u00e7\u00e3o da d\u00edvida p\u00fablica. Clique para ver mais.\" \/>\n<meta property=\"og:url\" content=\"https:\/\/www.suno.com.br\/noticias\/argentina-posterga-anuncio-proposta-reorganizacao-divida\/\" \/>\n<meta property=\"og:site_name\" content=\"Suno Not\u00edcias\" \/>\n<meta property=\"article:publisher\" content=\"https:\/\/facebook.com\/sunoresearch\" \/>\n<meta property=\"og:image\" content=\"https:\/\/files.sunoresearch.com.br\/n\/uploads\/2019\/09\/ea8c24b1-argentina23.jpg\" \/>\n\t<meta property=\"og:image:width\" content=\"1920\" \/>\n\t<meta property=\"og:image:height\" content=\"1200\" \/>\n\t<meta property=\"og:image:type\" content=\"image\/jpeg\" \/>\n<meta name=\"author\" content=\"Daniel Guimar\u00e3es\" \/>\n<meta name=\"twitter:card\" content=\"summary_large_image\" \/>\n<meta name=\"twitter:creator\" content=\"@sunoresearch\" \/>\n<meta name=\"twitter:site\" content=\"@sunoresearch\" \/>\n<meta name=\"twitter:label1\" content=\"Escrito por\" \/>\n\t<meta name=\"twitter:data1\" content=\"Daniel Guimar\u00e3es\" \/>\n\t<meta name=\"twitter:label2\" content=\"Est. tempo de leitura\" \/>\n\t<meta name=\"twitter:data2\" content=\"2 minutos\" \/>\n<script type=\"application\/ld+json\" class=\"yoast-schema-graph\">{\"@context\":\"https:\/\/schema.org\",\"@graph\":[{\"@type\":\"NewsArticle\",\"@id\":\"https:\/\/www.suno.com.br\/noticias\/argentina-posterga-anuncio-proposta-reorganizacao-divida\/#article\",\"isPartOf\":{\"@id\":\"https:\/\/www.suno.com.br\/noticias\/argentina-posterga-anuncio-proposta-reorganizacao-divida\/\"},\"author\":{\"name\":\"Daniel Guimar\u00e3es\",\"@id\":\"https:\/\/www.suno.com.br\/noticias\/#\/schema\/person\/a7796c19fcf6bafd03b9a2fa1fd9ae20\"},\"headline\":\"Argentina posterga an\u00fancio da nova proposta de reestruturar\u00e3o da d\u00edvida\",\"datePublished\":\"2020-06-12T18:51:23+00:00\",\"dateModified\":\"2021-06-21T08:49:52+00:00\",\"mainEntityOfPage\":{\"@id\":\"https:\/\/www.suno.com.br\/noticias\/argentina-posterga-anuncio-proposta-reorganizacao-divida\/\"},\"wordCount\":379,\"publisher\":{\"@id\":\"https:\/\/www.suno.com.br\/noticias\/#organization\"},\"image\":{\"@id\":\"https:\/\/www.suno.com.br\/noticias\/argentina-posterga-anuncio-proposta-reorganizacao-divida\/#primaryimage\"},\"thumbnailUrl\":\"https:\/\/files.sunoresearch.com.br\/n\/uploads\/2019\/09\/ea8c24b1-argentina23-jpg.webp\",\"keywords\":[\"Argentina\",\"D\u00edvida P\u00fablica Federal\",\"SEC\"],\"articleSection\":[\"Economia\",\"Internacional\"],\"inLanguage\":\"pt-BR\"},{\"@type\":\"WebPage\",\"@id\":\"https:\/\/www.suno.com.br\/noticias\/argentina-posterga-anuncio-proposta-reorganizacao-divida\/\",\"url\":\"https:\/\/www.suno.com.br\/noticias\/argentina-posterga-anuncio-proposta-reorganizacao-divida\/\",\"name\":\"Argentina posterga an\u00fancio da nova proposta de reestruturar\u00e3o da d\u00edvida\",\"isPartOf\":{\"@id\":\"https:\/\/www.suno.com.br\/noticias\/#website\"},\"primaryImageOfPage\":{\"@id\":\"https:\/\/www.suno.com.br\/noticias\/argentina-posterga-anuncio-proposta-reorganizacao-divida\/#primaryimage\"},\"image\":{\"@id\":\"https:\/\/www.suno.com.br\/noticias\/argentina-posterga-anuncio-proposta-reorganizacao-divida\/#primaryimage\"},\"thumbnailUrl\":\"https:\/\/files.sunoresearch.com.br\/n\/uploads\/2019\/09\/ea8c24b1-argentina23-jpg.webp\",\"datePublished\":\"2020-06-12T18:51:23+00:00\",\"dateModified\":\"2021-06-21T08:49:52+00:00\",\"description\":\"A equipe econ\u00f4mica da\u00a0Argentina decidiu adiar novamente o an\u00fancio da nova proposta de reorganiza\u00e7\u00e3o da d\u00edvida p\u00fablica. Clique para ver mais.\",\"breadcrumb\":{\"@id\":\"https:\/\/www.suno.com.br\/noticias\/argentina-posterga-anuncio-proposta-reorganizacao-divida\/#breadcrumb\"},\"inLanguage\":\"pt-BR\",\"potentialAction\":[{\"@type\":\"ReadAction\",\"target\":[\"https:\/\/www.suno.com.br\/noticias\/argentina-posterga-anuncio-proposta-reorganizacao-divida\/\"]}]},{\"@type\":\"ImageObject\",\"inLanguage\":\"pt-BR\",\"@id\":\"https:\/\/www.suno.com.br\/noticias\/argentina-posterga-anuncio-proposta-reorganizacao-divida\/#primaryimage\",\"url\":\"https:\/\/files.sunoresearch.com.br\/n\/uploads\/2019\/09\/ea8c24b1-argentina23-jpg.webp\",\"contentUrl\":\"https:\/\/files.sunoresearch.com.br\/n\/uploads\/2019\/09\/ea8c24b1-argentina23-jpg.webp\",\"width\":1920,\"height\":1200,\"caption\":\"Foto: Pexels.\"},{\"@type\":\"BreadcrumbList\",\"@id\":\"https:\/\/www.suno.com.br\/noticias\/argentina-posterga-anuncio-proposta-reorganizacao-divida\/#breadcrumb\",\"itemListElement\":[{\"@type\":\"ListItem\",\"position\":1,\"name\":\"Not\u00edcias\",\"item\":\"https:\/\/www.suno.com.br\/noticias\/\"},{\"@type\":\"ListItem\",\"position\":2,\"name\":\"Internacional\",\"item\":\"https:\/\/www.suno.com.br\/noticias\/internacional\/\"},{\"@type\":\"ListItem\",\"position\":3,\"name\":\"Argentina posterga an\u00fancio da nova proposta de reestruturar\u00e3o da d\u00edvida\"}]},{\"@type\":\"WebSite\",\"@id\":\"https:\/\/www.suno.com.br\/noticias\/#website\",\"url\":\"https:\/\/www.suno.com.br\/noticias\/\",\"name\":\"Suno Not\u00edcias\",\"description\":\"Seu portal de informa\u00e7\u00e3o sobre o mundo dos investimentos\",\"publisher\":{\"@id\":\"https:\/\/www.suno.com.br\/noticias\/#organization\"},\"potentialAction\":[{\"@type\":\"SearchAction\",\"target\":{\"@type\":\"EntryPoint\",\"urlTemplate\":\"https:\/\/www.suno.com.br\/noticias\/?s={search_term_string}\"},\"query-input\":{\"@type\":\"PropertyValueSpecification\",\"valueRequired\":true,\"valueName\":\"search_term_string\"}}],\"inLanguage\":\"pt-BR\"},{\"@type\":\"Organization\",\"@id\":\"https:\/\/www.suno.com.br\/noticias\/#organization\",\"name\":\"Suno Not\u00edcias\",\"url\":\"https:\/\/www.suno.com.br\/noticias\/\",\"logo\":{\"@type\":\"ImageObject\",\"inLanguage\":\"pt-BR\",\"@id\":\"https:\/\/www.suno.com.br\/noticias\/#\/schema\/logo\/image\/\",\"url\":\"https:\/\/files.sunoresearch.com.br\/n\/uploads\/2021\/09\/suno-logo.png\",\"contentUrl\":\"https:\/\/files.sunoresearch.com.br\/n\/uploads\/2021\/09\/suno-logo.png\",\"width\":180,\"height\":180,\"caption\":\"Suno Not\u00edcias\"},\"image\":{\"@id\":\"https:\/\/www.suno.com.br\/noticias\/#\/schema\/logo\/image\/\"},\"sameAs\":[\"https:\/\/facebook.com\/sunoresearch\",\"https:\/\/x.com\/sunoresearch\",\"https:\/\/www.instagram.com\/suno\",\"https:\/\/www.linkedin.com\/company\/suno-research\/\",\"https:\/\/www.youtube.com\/c\/sunoresearch\"]},{\"@type\":\"Person\",\"@id\":\"https:\/\/www.suno.com.br\/noticias\/#\/schema\/person\/a7796c19fcf6bafd03b9a2fa1fd9ae20\",\"name\":\"Daniel Guimar\u00e3es\",\"image\":{\"@type\":\"ImageObject\",\"inLanguage\":\"pt-BR\",\"@id\":\"https:\/\/www.suno.com.br\/noticias\/#\/schema\/person\/image\/\",\"url\":\"https:\/\/secure.gravatar.com\/avatar\/fb8260757609f58f0c0ac079d1b32eff?s=96&r=g\",\"contentUrl\":\"https:\/\/secure.gravatar.com\/avatar\/fb8260757609f58f0c0ac079d1b32eff?s=96&r=g\",\"caption\":\"Daniel Guimar\u00e3es\"},\"description\":\"Estagi\u00e1rio na Suno Not\u00edcias, Daniel escreve not\u00edcias que afetam o mercado financeiro brasileiro e internacional. Estuda economia na Rutgers University, em New Jersey.\",\"sameAs\":[\"suno.research\"],\"url\":\"https:\/\/www.suno.com.br\/noticias\/author\/daniel\/\"}]}<\/script>\n<!-- \/ Yoast SEO plugin. -->","yoast_head_json":{"title":"Argentina posterga an\u00fancio da nova proposta de reestruturar\u00e3o da d\u00edvida","description":"A equipe econ\u00f4mica da\u00a0Argentina decidiu adiar novamente o an\u00fancio da nova proposta de reorganiza\u00e7\u00e3o da d\u00edvida p\u00fablica. Clique para ver mais.","robots":{"index":"index","follow":"follow","max-snippet":"max-snippet:-1","max-image-preview":"max-image-preview:large","max-video-preview":"max-video-preview:-1"},"canonical":"https:\/\/www.suno.com.br\/noticias\/argentina-posterga-anuncio-proposta-reorganizacao-divida\/","og_locale":"pt_BR","og_type":"article","og_title":"Argentina posterga an\u00fancio da nova proposta de reestruturar\u00e3o da d\u00edvida","og_description":"A equipe econ\u00f4mica da\u00a0Argentina decidiu adiar novamente o an\u00fancio da nova proposta de reorganiza\u00e7\u00e3o da d\u00edvida p\u00fablica. Clique para ver mais.","og_url":"https:\/\/www.suno.com.br\/noticias\/argentina-posterga-anuncio-proposta-reorganizacao-divida\/","og_site_name":"Suno Not\u00edcias","article_publisher":"https:\/\/facebook.com\/sunoresearch","og_image":[{"width":1920,"height":1200,"url":"https:\/\/files.sunoresearch.com.br\/n\/uploads\/2019\/09\/ea8c24b1-argentina23.jpg","type":"image\/jpeg"}],"author":"Daniel Guimar\u00e3es","twitter_card":"summary_large_image","twitter_creator":"@sunoresearch","twitter_site":"@sunoresearch","twitter_misc":{"Escrito por":"Daniel Guimar\u00e3es","Est. tempo de leitura":"2 minutos"},"schema":{"@context":"https:\/\/schema.org","@graph":[{"@type":"NewsArticle","@id":"https:\/\/www.suno.com.br\/noticias\/argentina-posterga-anuncio-proposta-reorganizacao-divida\/#article","isPartOf":{"@id":"https:\/\/www.suno.com.br\/noticias\/argentina-posterga-anuncio-proposta-reorganizacao-divida\/"},"author":{"name":"Daniel Guimar\u00e3es","@id":"https:\/\/www.suno.com.br\/noticias\/#\/schema\/person\/a7796c19fcf6bafd03b9a2fa1fd9ae20"},"headline":"Argentina posterga an\u00fancio da nova proposta de reestruturar\u00e3o da d\u00edvida","datePublished":"2020-06-12T18:51:23+00:00","dateModified":"2021-06-21T08:49:52+00:00","mainEntityOfPage":{"@id":"https:\/\/www.suno.com.br\/noticias\/argentina-posterga-anuncio-proposta-reorganizacao-divida\/"},"wordCount":379,"publisher":{"@id":"https:\/\/www.suno.com.br\/noticias\/#organization"},"image":{"@id":"https:\/\/www.suno.com.br\/noticias\/argentina-posterga-anuncio-proposta-reorganizacao-divida\/#primaryimage"},"thumbnailUrl":"https:\/\/files.sunoresearch.com.br\/n\/uploads\/2019\/09\/ea8c24b1-argentina23-jpg.webp","keywords":["Argentina","D\u00edvida P\u00fablica Federal","SEC"],"articleSection":["Economia","Internacional"],"inLanguage":"pt-BR"},{"@type":"WebPage","@id":"https:\/\/www.suno.com.br\/noticias\/argentina-posterga-anuncio-proposta-reorganizacao-divida\/","url":"https:\/\/www.suno.com.br\/noticias\/argentina-posterga-anuncio-proposta-reorganizacao-divida\/","name":"Argentina posterga an\u00fancio da nova proposta de reestruturar\u00e3o da d\u00edvida","isPartOf":{"@id":"https:\/\/www.suno.com.br\/noticias\/#website"},"primaryImageOfPage":{"@id":"https:\/\/www.suno.com.br\/noticias\/argentina-posterga-anuncio-proposta-reorganizacao-divida\/#primaryimage"},"image":{"@id":"https:\/\/www.suno.com.br\/noticias\/argentina-posterga-anuncio-proposta-reorganizacao-divida\/#primaryimage"},"thumbnailUrl":"https:\/\/files.sunoresearch.com.br\/n\/uploads\/2019\/09\/ea8c24b1-argentina23-jpg.webp","datePublished":"2020-06-12T18:51:23+00:00","dateModified":"2021-06-21T08:49:52+00:00","description":"A equipe econ\u00f4mica da\u00a0Argentina decidiu adiar novamente o an\u00fancio da nova proposta de reorganiza\u00e7\u00e3o da d\u00edvida p\u00fablica. Clique para ver mais.","breadcrumb":{"@id":"https:\/\/www.suno.com.br\/noticias\/argentina-posterga-anuncio-proposta-reorganizacao-divida\/#breadcrumb"},"inLanguage":"pt-BR","potentialAction":[{"@type":"ReadAction","target":["https:\/\/www.suno.com.br\/noticias\/argentina-posterga-anuncio-proposta-reorganizacao-divida\/"]}]},{"@type":"ImageObject","inLanguage":"pt-BR","@id":"https:\/\/www.suno.com.br\/noticias\/argentina-posterga-anuncio-proposta-reorganizacao-divida\/#primaryimage","url":"https:\/\/files.sunoresearch.com.br\/n\/uploads\/2019\/09\/ea8c24b1-argentina23-jpg.webp","contentUrl":"https:\/\/files.sunoresearch.com.br\/n\/uploads\/2019\/09\/ea8c24b1-argentina23-jpg.webp","width":1920,"height":1200,"caption":"Foto: Pexels."},{"@type":"BreadcrumbList","@id":"https:\/\/www.suno.com.br\/noticias\/argentina-posterga-anuncio-proposta-reorganizacao-divida\/#breadcrumb","itemListElement":[{"@type":"ListItem","position":1,"name":"Not\u00edcias","item":"https:\/\/www.suno.com.br\/noticias\/"},{"@type":"ListItem","position":2,"name":"Internacional","item":"https:\/\/www.suno.com.br\/noticias\/internacional\/"},{"@type":"ListItem","position":3,"name":"Argentina posterga an\u00fancio da nova proposta de reestruturar\u00e3o da d\u00edvida"}]},{"@type":"WebSite","@id":"https:\/\/www.suno.com.br\/noticias\/#website","url":"https:\/\/www.suno.com.br\/noticias\/","name":"Suno Not\u00edcias","description":"Seu portal de informa\u00e7\u00e3o sobre o mundo dos investimentos","publisher":{"@id":"https:\/\/www.suno.com.br\/noticias\/#organization"},"potentialAction":[{"@type":"SearchAction","target":{"@type":"EntryPoint","urlTemplate":"https:\/\/www.suno.com.br\/noticias\/?s={search_term_string}"},"query-input":{"@type":"PropertyValueSpecification","valueRequired":true,"valueName":"search_term_string"}}],"inLanguage":"pt-BR"},{"@type":"Organization","@id":"https:\/\/www.suno.com.br\/noticias\/#organization","name":"Suno Not\u00edcias","url":"https:\/\/www.suno.com.br\/noticias\/","logo":{"@type":"ImageObject","inLanguage":"pt-BR","@id":"https:\/\/www.suno.com.br\/noticias\/#\/schema\/logo\/image\/","url":"https:\/\/files.sunoresearch.com.br\/n\/uploads\/2021\/09\/suno-logo.png","contentUrl":"https:\/\/files.sunoresearch.com.br\/n\/uploads\/2021\/09\/suno-logo.png","width":180,"height":180,"caption":"Suno Not\u00edcias"},"image":{"@id":"https:\/\/www.suno.com.br\/noticias\/#\/schema\/logo\/image\/"},"sameAs":["https:\/\/facebook.com\/sunoresearch","https:\/\/x.com\/sunoresearch","https:\/\/www.instagram.com\/suno","https:\/\/www.linkedin.com\/company\/suno-research\/","https:\/\/www.youtube.com\/c\/sunoresearch"]},{"@type":"Person","@id":"https:\/\/www.suno.com.br\/noticias\/#\/schema\/person\/a7796c19fcf6bafd03b9a2fa1fd9ae20","name":"Daniel Guimar\u00e3es","image":{"@type":"ImageObject","inLanguage":"pt-BR","@id":"https:\/\/www.suno.com.br\/noticias\/#\/schema\/person\/image\/","url":"https:\/\/secure.gravatar.com\/avatar\/fb8260757609f58f0c0ac079d1b32eff?s=96&r=g","contentUrl":"https:\/\/secure.gravatar.com\/avatar\/fb8260757609f58f0c0ac079d1b32eff?s=96&r=g","caption":"Daniel Guimar\u00e3es"},"description":"Estagi\u00e1rio na Suno Not\u00edcias, Daniel escreve not\u00edcias que afetam o mercado financeiro brasileiro e internacional. Estuda economia na Rutgers University, em New Jersey.","sameAs":["suno.research"],"url":"https:\/\/www.suno.com.br\/noticias\/author\/daniel\/"}]}},"default_loop_html":"<div class=\"cardsPage__listCard__boxs\"><div class=\"cardsPage__listCard__boxs__img\"><a href=\"https:\/\/www.suno.com.br\/noticias\/argentina-posterga-anuncio-proposta-reorganizacao-divida\/\"><img class=\"mask\" src=\"https:\/\/www.suno.com.br\/noticias\/wp-content\/themes\/suno\/resources\/images\/spotlight\/spotlight1img\/bg-mask.png\" alt=\"Image Mask\"\/><img src=\"https:\/\/files.sunoresearch.com.br\/n\/uploads\/2019\/09\/ea8c24b1-argentina23-400x200.webp\" alt=\"Argentina posterga an\u00fancio da nova proposta de reestruturar\u00e3o da d\u00edvida\"\/><\/a><span class=\"spotlightCategory\"><a href=\"https:\/\/www.suno.com.br\/noticias\/economia\/\">Economia<\/a><\/span><\/div><div class=\"cardsPage__listCard__boxs__content\"><a href=\"https:\/\/www.suno.com.br\/noticias\/argentina-posterga-anuncio-proposta-reorganizacao-divida\/\"><h2 class=\"content__title\">Argentina posterga an\u00fancio da nova proposta de reestruturar\u00e3o da d\u00edvida<\/h2><\/a><div class=\"newsContent__article__meta\"><div class=\"newsContent__article__meta__authorBox\"><a href=\"https:\/\/www.suno.com.br\/noticias\/author\/daniel\/\" class=\"authorBox__avatar noMobi\"><img src=\"https:\/\/files.sunoresearch.com.br\/n\/uploads\/2020\/08\/e51aadd2-whatsapp-image-2020-08-03-at-14.03.48-150x150.webp\" alt=\"Daniel Guimar\u00e3es\"><\/a><div class=\"authorBox__name\"><span>por\n\t\t\t<a href=\"https:\/\/www.suno.com.br\/noticias\/author\/daniel\/\"><span itemprop=\"author\">Daniel Guimar\u00e3es<\/span><\/a><\/span><time datetime=\"2020-06-12T15:51:23-03:00\" itemprop=\"datePublished\">12\/06\/2020 15:51<\/time><\/div><\/div><\/div><\/div><\/div>","single_layout":"posts","amp_enabled":true,"_links":{"self":[{"href":"https:\/\/www.suno.com.br\/noticias\/wp-json\/wp\/v2\/posts\/68707"}],"collection":[{"href":"https:\/\/www.suno.com.br\/noticias\/wp-json\/wp\/v2\/posts"}],"about":[{"href":"https:\/\/www.suno.com.br\/noticias\/wp-json\/wp\/v2\/types\/post"}],"author":[{"embeddable":true,"href":"https:\/\/www.suno.com.br\/noticias\/wp-json\/wp\/v2\/users\/44"}],"replies":[{"embeddable":true,"href":"https:\/\/www.suno.com.br\/noticias\/wp-json\/wp\/v2\/comments?post=68707"}],"version-history":[{"count":1,"href":"https:\/\/www.suno.com.br\/noticias\/wp-json\/wp\/v2\/posts\/68707\/revisions"}],"predecessor-version":[{"id":159644,"href":"https:\/\/www.suno.com.br\/noticias\/wp-json\/wp\/v2\/posts\/68707\/revisions\/159644"}],"wp:featuredmedia":[{"embeddable":true,"href":"https:\/\/www.suno.com.br\/noticias\/wp-json\/wp\/v2\/media\/36307"}],"wp:attachment":[{"href":"https:\/\/www.suno.com.br\/noticias\/wp-json\/wp\/v2\/media?parent=68707"}],"wp:term":[{"taxonomy":"category","embeddable":true,"href":"https:\/\/www.suno.com.br\/noticias\/wp-json\/wp\/v2\/categories?post=68707"},{"taxonomy":"post_tag","embeddable":true,"href":"https:\/\/www.suno.com.br\/noticias\/wp-json\/wp\/v2\/tags?post=68707"},{"taxonomy":"suno_strategy","embeddable":true,"href":"https:\/\/www.suno.com.br\/noticias\/wp-json\/wp\/v2\/suno_strategy?post=68707"}],"curies":[{"name":"wp","href":"https:\/\/api.w.org\/{rel}","templated":true}]}}