{"id":68599,"date":"2020-06-11T11:30:31","date_gmt":"2020-06-11T14:30:31","guid":{"rendered":"https:\/\/www.suno.com.br\/noticias\/?p=68599"},"modified":"2020-06-11T11:30:31","modified_gmt":"2020-06-11T14:30:31","slug":"eike-batista-condenado-manipulacao-mercado","status":"publish","type":"post","link":"https:\/\/www.suno.com.br\/noticias\/eike-batista-condenado-manipulacao-mercado\/","title":{"rendered":"Eike Batista \u00e9 condenado por manipula\u00e7\u00e3o de mercado"},"content":{"rendered":"<p>O empres\u00e1rio <a href=\"https:\/\/www.suno.com.br\/tudo-sobre\/eike-batista\/\"><strong>Eike Batista<\/strong><\/a> foi condenado nesta quinta-feira (11) a oito anos de pris\u00e3o por <a href=\"https:\/\/www.suno.com.br\/artigos\/pump-and-dump\/\">manipula\u00e7\u00e3o do mercado<\/a>. A ju\u00edza Ros\u00e1lia Figueira , da 3\u00aa Vara Federal Criminal do Rio de Janeiro, ordenou a cumprimento da senten\u00e7a em regime semi aberto.<\/p>\t<div class=\"wrapper-featured-image\">\n\t\t<figure class=\"spotlightImg\">\n\n\t\t\t<picture>\n\t\t\t\t<source media=\"(max-width: 768px)\" srcset=\"https:\/\/files.sunoresearch.com.br\/n\/uploads\/2019\/05\/aa0e9222-eike-batista-400x200.webp\">\n\t\t\t\t<img loading=\"lazy\" decoding=\"async\" class=\"newsContent__article__imgCapa lazyloadDisabled newsContent__article__imgCapa--noCaption\" src=\"https:\/\/files.sunoresearch.com.br\/n\/uploads\/2019\/05\/aa0e9222-eike-batista-800x450.webp\" width=\"800\" height=\"450\" alt=\"Eike Batista \u00e9 condenado por manipula\u00e7\u00e3o de mercado\" fetchpriority=high \/>\n\t\t\t<\/picture>\n\n\t\t\t<figcaption class=\"wp-caption-text wp-caption-text--hide\">MMX (MMXM3) informa que Eike Batista aguarda homologa\u00e7\u00e3o de dela\u00e7\u00e3o premiada<\/figcaption>\n\t\t<\/figure>\n\t<\/div>\n\n\n\n<p>Eike Batista foi acusado de manipular o mercado de capitais no caso de sua empresa do setor de petr\u00f3leo, a <strong>OGX.<\/strong> O empres\u00e1rio teria enganado os investidores na base da &#8220;estimativa de bilh\u00f5es de <a href=\"https:\/\/www.suno.com.br\/artigos\/cotacao-do-petroleo\/\">barris de <strong>petr\u00f3leo<\/strong><\/a> potencialmente extra\u00edveis em po\u00e7os, ainda em fase de perfura\u00e7\u00e3o (&#8230;) de \u00e1reas do pr\u00e9-sal localizadas na Bacia de Campos e de Santos&#8221;.<\/p>\n<p>Segundo a ju\u00edza, essas \u00e1reas, que pertenciam \u00e0 \u00e9poca \u00e0 OGX, &#8220;foram posteriormente devolvidas \u00e0 ANP, sem produzir sequer uma gota de \u00f3leo&#8221;.<\/p>\n<p><a href=\"https:\/\/lp.suno.com.br\/suno-one\/\">No Suno One voc\u00ea aprende a fazer seu dinheiro trabalhar para voc\u00ea. Cadastre-se gratuitamente agora!<\/a><\/p>\n<p>Na senten\u00e7a, a magistrada salientou como a &#8220;conduta social&#8221; e a &#8220;personalidade&#8221; de Eike Batista s\u00e3o &#8220;desfavor\u00e1veis e marcantes sob qualquer \u00f3tica que se queira analisar, digna de censura, tanto junto aos familiares, n\u00e3o \u00e9 bom exemplo aos filhos, eis que menospreza o princ\u00edpio da dignidade no seio de seus parentes, desonrando o nome da fam\u00edlia, que causa tormento \u00e0s rela\u00e7\u00f5es familiares e em sociedade, e mesmo os pap\u00e9is exercidos junto \u00e0 comunidade social&#8221;.<\/p>\n<p>&#8220;O acusado demonstrou fasc\u00ednio incontrol\u00e1vel por riquezas, ambi\u00e7\u00e3o desmedida (usura), que o levou a operar no mercado de capitais de maneira delituosa; indiferen\u00e7a \u00e0 fragilidade de fiscaliza\u00e7\u00e3o do mercado de capitais e petrol\u00edfero brasileiro, e insensibilidade \u00e0 inseguran\u00e7a causada com sua conduta criminosa, demonstrando fazer dessas pr\u00e1ticas atentat\u00f3rias ao mercado de capitais seu modus vivendi&#8221;, escreveu a ju\u00edza.<\/p>\n<p>Segundo ela, o &#8220;lucro f\u00e1cil ainda que em preju\u00edzo da coletividade, com desdobramentos inimagin\u00e1veis no plano interno e externo, &#8220;acreditando\u201d em seu poder econ\u00f4mico e na impunidade que grande mal tem causado \u00e0 sociedade brasileira&#8221;.<\/p>\n<p>Tudo isso teria gerado consequ\u00eancias &#8220;extremamente reprov\u00e1veis, haja vista que o r\u00e9u ao operar \u00e0 margem das normas reguladoras, imp\u00f4s intenso risco&#8221; e &#8220;levou os investidores a acreditar no propalado sucesso dos pap\u00e9is da OGX&#8221;.<\/p>\n<p><a href=\"https:\/\/www.suno.com.br\/noticias\/eike-batista-condenado-8-anos-prisao-por-insider-trading\/\">Saiba mais: Eike Batista \u00e9 condenado a 8 anos de pris\u00e3o por manipula\u00e7\u00e3o de mercado<\/a><\/p>\n<p>Junto com Eike Batista tamb\u00e9m foram condenados o ex-presidente da OGX, Paulo Mendon\u00e7a, e o ex-diretor da OGX Marcelo Torres.<\/p>\n<h2>Outras condena\u00e7\u00f5es de Eike Batista<\/h2>\n<p>Essa n\u00e3o \u00e9 a primeira vez que o empres\u00e1rio \u00e9 alvo da justi\u00e7a. Em setembro de 2019 ele tinha sido condenado a oito anos e sete meses de pris\u00e3o. O empres\u00e1rio teria manipulado o mercado com pr\u00e1ticas indevidas como &#8220;<a href=\"https:\/\/www.suno.com.br\/artigos\/insider-trading\/#:~:text=O%20que%20%C3%A9%20insider%20trading%3F,no%20mercado%20e%20ganhar%20dinheiro.\"><strong>insider trading<\/strong><\/a>&#8221; na empresa OSX em 2013.<\/p>\n<p>A determina\u00e7\u00e3o tinha sido tomada pela mesma ju\u00edza Ros\u00e1lia Monteiro Figueira, da 3\u00aa Vara Federal Criminal do Rio de Janeiro. O empres\u00e1rio tamb\u00e9m foi condenado a pagar uma multa que chega ao valor aproximado de R$ 117 milh\u00f5es. <strong>Eike Batista,<\/strong> por\u00e9m, ainda pode recorrer da decis\u00e3o em liberdade.<\/p>\n\n","protected":false},"excerpt":{"rendered":"<p>O empres\u00e1rio Eike Batista foi condenado nesta quinta-feira (11) a oito anos de pris\u00e3o por manipula\u00e7\u00e3o do mercado. A ju\u00edza Ros\u00e1lia Figueira , da 3\u00aa Vara Federal Criminal do Rio de Janeiro, ordenou a cumprimento da senten\u00e7a em regime semi aberto. MMX (MMXM3) informa que Eike Batista aguarda homologa\u00e7\u00e3o de dela\u00e7\u00e3o premiada Eike Batista foi [&hellip;]<\/p>\n","protected":false},"author":9,"featured_media":26026,"comment_status":"closed","ping_status":"closed","sticky":false,"template":"","format":"standard","meta":[],"categories":[64],"tags":[1415],"suno_strategy":[],"class_list":["post-68599","post","type-post","status-publish","format-standard","has-post-thumbnail","hentry","category-negocios","tag-eike-batista"],"yoast_head":"<!-- This site is optimized with the Yoast SEO plugin v24.4 - https:\/\/yoast.com\/wordpress\/plugins\/seo\/ -->\n<title>Eike Batista \u00e9 condenado por manipula\u00e7\u00e3o de mercado<\/title>\n<meta name=\"description\" content=\"O empres\u00e1rio Eike Batista foi condenado nesta quinta-feira (11) a oito anos de pris\u00e3o por manipula\u00e7\u00e3o do mercado. Clique aqui e saiba mais.\" \/>\n<meta name=\"robots\" content=\"index, follow, max-snippet:-1, max-image-preview:large, max-video-preview:-1\" \/>\n<link rel=\"canonical\" href=\"https:\/\/www.suno.com.br\/noticias\/eike-batista-condenado-manipulacao-mercado\/\" \/>\n<meta property=\"og:locale\" content=\"pt_BR\" \/>\n<meta property=\"og:type\" content=\"article\" \/>\n<meta property=\"og:title\" content=\"Eike Batista \u00e9 condenado por manipula\u00e7\u00e3o de mercado\" \/>\n<meta property=\"og:description\" content=\"O empres\u00e1rio Eike Batista foi condenado nesta quinta-feira (11) a oito anos de pris\u00e3o por manipula\u00e7\u00e3o do mercado. Clique aqui e saiba mais.\" \/>\n<meta property=\"og:url\" content=\"https:\/\/www.suno.com.br\/noticias\/eike-batista-condenado-manipulacao-mercado\/\" \/>\n<meta property=\"og:site_name\" content=\"Suno Not\u00edcias\" \/>\n<meta property=\"article:publisher\" content=\"https:\/\/facebook.com\/sunoresearch\" \/>\n<meta property=\"og:image\" content=\"https:\/\/files.sunoresearch.com.br\/n\/uploads\/2019\/05\/aa0e9222-eike-batista.jpg\" \/>\n\t<meta property=\"og:image:width\" content=\"1024\" \/>\n\t<meta property=\"og:image:height\" content=\"683\" \/>\n\t<meta property=\"og:image:type\" content=\"image\/jpeg\" \/>\n<meta name=\"author\" content=\"Carlo Cauti\" \/>\n<meta name=\"twitter:card\" content=\"summary_large_image\" \/>\n<meta name=\"twitter:creator\" content=\"@sunoresearch\" \/>\n<meta name=\"twitter:site\" content=\"@sunoresearch\" \/>\n<meta name=\"twitter:label1\" content=\"Escrito por\" \/>\n\t<meta name=\"twitter:data1\" content=\"Carlo Cauti\" \/>\n\t<meta name=\"twitter:label2\" content=\"Est. tempo de leitura\" \/>\n\t<meta name=\"twitter:data2\" content=\"3 minutos\" \/>\n<script type=\"application\/ld+json\" class=\"yoast-schema-graph\">{\"@context\":\"https:\/\/schema.org\",\"@graph\":[{\"@type\":\"NewsArticle\",\"@id\":\"https:\/\/www.suno.com.br\/noticias\/eike-batista-condenado-manipulacao-mercado\/#article\",\"isPartOf\":{\"@id\":\"https:\/\/www.suno.com.br\/noticias\/eike-batista-condenado-manipulacao-mercado\/\"},\"author\":{\"name\":\"Carlo Cauti\",\"@id\":\"https:\/\/www.suno.com.br\/noticias\/#\/schema\/person\/e6e0f723cc177805027f4566c1d5e0c8\"},\"headline\":\"Eike Batista \u00e9 condenado por manipula\u00e7\u00e3o de mercado\",\"datePublished\":\"2020-06-11T14:30:31+00:00\",\"mainEntityOfPage\":{\"@id\":\"https:\/\/www.suno.com.br\/noticias\/eike-batista-condenado-manipulacao-mercado\/\"},\"wordCount\":530,\"publisher\":{\"@id\":\"https:\/\/www.suno.com.br\/noticias\/#organization\"},\"image\":{\"@id\":\"https:\/\/www.suno.com.br\/noticias\/eike-batista-condenado-manipulacao-mercado\/#primaryimage\"},\"thumbnailUrl\":\"https:\/\/files.sunoresearch.com.br\/n\/uploads\/2019\/05\/aa0e9222-eike-batista-jpg.webp\",\"keywords\":[\"Eike Batista\"],\"articleSection\":[\"Neg\u00f3cios\"],\"inLanguage\":\"pt-BR\"},{\"@type\":\"WebPage\",\"@id\":\"https:\/\/www.suno.com.br\/noticias\/eike-batista-condenado-manipulacao-mercado\/\",\"url\":\"https:\/\/www.suno.com.br\/noticias\/eike-batista-condenado-manipulacao-mercado\/\",\"name\":\"Eike Batista \u00e9 condenado por manipula\u00e7\u00e3o de mercado\",\"isPartOf\":{\"@id\":\"https:\/\/www.suno.com.br\/noticias\/#website\"},\"primaryImageOfPage\":{\"@id\":\"https:\/\/www.suno.com.br\/noticias\/eike-batista-condenado-manipulacao-mercado\/#primaryimage\"},\"image\":{\"@id\":\"https:\/\/www.suno.com.br\/noticias\/eike-batista-condenado-manipulacao-mercado\/#primaryimage\"},\"thumbnailUrl\":\"https:\/\/files.sunoresearch.com.br\/n\/uploads\/2019\/05\/aa0e9222-eike-batista-jpg.webp\",\"datePublished\":\"2020-06-11T14:30:31+00:00\",\"description\":\"O empres\u00e1rio Eike Batista foi condenado nesta quinta-feira (11) a oito anos de pris\u00e3o por manipula\u00e7\u00e3o do mercado. Clique aqui e saiba mais.\",\"breadcrumb\":{\"@id\":\"https:\/\/www.suno.com.br\/noticias\/eike-batista-condenado-manipulacao-mercado\/#breadcrumb\"},\"inLanguage\":\"pt-BR\",\"potentialAction\":[{\"@type\":\"ReadAction\",\"target\":[\"https:\/\/www.suno.com.br\/noticias\/eike-batista-condenado-manipulacao-mercado\/\"]}]},{\"@type\":\"ImageObject\",\"inLanguage\":\"pt-BR\",\"@id\":\"https:\/\/www.suno.com.br\/noticias\/eike-batista-condenado-manipulacao-mercado\/#primaryimage\",\"url\":\"https:\/\/files.sunoresearch.com.br\/n\/uploads\/2019\/05\/aa0e9222-eike-batista-jpg.webp\",\"contentUrl\":\"https:\/\/files.sunoresearch.com.br\/n\/uploads\/2019\/05\/aa0e9222-eike-batista-jpg.webp\",\"width\":1024,\"height\":683,\"caption\":\"MMX (MMXM3) informa que Eike Batista aguarda homologa\u00e7\u00e3o de dela\u00e7\u00e3o premiada\"},{\"@type\":\"BreadcrumbList\",\"@id\":\"https:\/\/www.suno.com.br\/noticias\/eike-batista-condenado-manipulacao-mercado\/#breadcrumb\",\"itemListElement\":[{\"@type\":\"ListItem\",\"position\":1,\"name\":\"Not\u00edcias\",\"item\":\"https:\/\/www.suno.com.br\/noticias\/\"},{\"@type\":\"ListItem\",\"position\":2,\"name\":\"Neg\u00f3cios\",\"item\":\"https:\/\/www.suno.com.br\/noticias\/negocios\/\"},{\"@type\":\"ListItem\",\"position\":3,\"name\":\"Eike Batista \u00e9 condenado por manipula\u00e7\u00e3o de mercado\"}]},{\"@type\":\"WebSite\",\"@id\":\"https:\/\/www.suno.com.br\/noticias\/#website\",\"url\":\"https:\/\/www.suno.com.br\/noticias\/\",\"name\":\"Suno Not\u00edcias\",\"description\":\"Seu portal de informa\u00e7\u00e3o sobre o mundo dos investimentos\",\"publisher\":{\"@id\":\"https:\/\/www.suno.com.br\/noticias\/#organization\"},\"potentialAction\":[{\"@type\":\"SearchAction\",\"target\":{\"@type\":\"EntryPoint\",\"urlTemplate\":\"https:\/\/www.suno.com.br\/noticias\/?s={search_term_string}\"},\"query-input\":{\"@type\":\"PropertyValueSpecification\",\"valueRequired\":true,\"valueName\":\"search_term_string\"}}],\"inLanguage\":\"pt-BR\"},{\"@type\":\"Organization\",\"@id\":\"https:\/\/www.suno.com.br\/noticias\/#organization\",\"name\":\"Suno Not\u00edcias\",\"url\":\"https:\/\/www.suno.com.br\/noticias\/\",\"logo\":{\"@type\":\"ImageObject\",\"inLanguage\":\"pt-BR\",\"@id\":\"https:\/\/www.suno.com.br\/noticias\/#\/schema\/logo\/image\/\",\"url\":\"https:\/\/files.sunoresearch.com.br\/n\/uploads\/2021\/09\/suno-logo.png\",\"contentUrl\":\"https:\/\/files.sunoresearch.com.br\/n\/uploads\/2021\/09\/suno-logo.png\",\"width\":180,\"height\":180,\"caption\":\"Suno Not\u00edcias\"},\"image\":{\"@id\":\"https:\/\/www.suno.com.br\/noticias\/#\/schema\/logo\/image\/\"},\"sameAs\":[\"https:\/\/facebook.com\/sunoresearch\",\"https:\/\/x.com\/sunoresearch\",\"https:\/\/www.instagram.com\/suno\",\"https:\/\/www.linkedin.com\/company\/suno-research\/\",\"https:\/\/www.youtube.com\/c\/sunoresearch\"]},{\"@type\":\"Person\",\"@id\":\"https:\/\/www.suno.com.br\/noticias\/#\/schema\/person\/e6e0f723cc177805027f4566c1d5e0c8\",\"name\":\"Carlo Cauti\",\"image\":{\"@type\":\"ImageObject\",\"inLanguage\":\"pt-BR\",\"@id\":\"https:\/\/www.suno.com.br\/noticias\/#\/schema\/person\/image\/\",\"url\":\"https:\/\/secure.gravatar.com\/avatar\/3ada9e0bd164c23abd4792a9606d583c?s=96&r=g\",\"contentUrl\":\"https:\/\/secure.gravatar.com\/avatar\/3ada9e0bd164c23abd4792a9606d583c?s=96&r=g\",\"caption\":\"Carlo Cauti\"},\"description\":\"Editor multim\u00eddia do SUNO Not\u00edcias. Italiano, formado em Ci\u00eancias Pol\u00edticas pela universidade LUISS G. Carli de Roma e mestre cum laude em Rela\u00e7\u00f5es Internacionais, Jornalismo Internacional e de Guerra e em Economia Internacional. Concluiu tamb\u00e9m um MBA em Finan\u00e7as na B3. No Brasil, teve passagem por ve\u00edculos como Estad\u00e3o, Globo, Veja e EXAME. e nas ag\u00eancias de not\u00edcias italianas ANSA e NOVA.\",\"url\":\"https:\/\/www.suno.com.br\/noticias\/author\/carlo-cauti\/\"}]}<\/script>\n<!-- \/ Yoast SEO plugin. -->","yoast_head_json":{"title":"Eike Batista \u00e9 condenado por manipula\u00e7\u00e3o de mercado","description":"O empres\u00e1rio Eike Batista foi condenado nesta quinta-feira (11) a oito anos de pris\u00e3o por manipula\u00e7\u00e3o do mercado. Clique aqui e saiba mais.","robots":{"index":"index","follow":"follow","max-snippet":"max-snippet:-1","max-image-preview":"max-image-preview:large","max-video-preview":"max-video-preview:-1"},"canonical":"https:\/\/www.suno.com.br\/noticias\/eike-batista-condenado-manipulacao-mercado\/","og_locale":"pt_BR","og_type":"article","og_title":"Eike Batista \u00e9 condenado por manipula\u00e7\u00e3o de mercado","og_description":"O empres\u00e1rio Eike Batista foi condenado nesta quinta-feira (11) a oito anos de pris\u00e3o por manipula\u00e7\u00e3o do mercado. Clique aqui e saiba mais.","og_url":"https:\/\/www.suno.com.br\/noticias\/eike-batista-condenado-manipulacao-mercado\/","og_site_name":"Suno Not\u00edcias","article_publisher":"https:\/\/facebook.com\/sunoresearch","og_image":[{"width":1024,"height":683,"url":"https:\/\/files.sunoresearch.com.br\/n\/uploads\/2019\/05\/aa0e9222-eike-batista.jpg","type":"image\/jpeg"}],"author":"Carlo Cauti","twitter_card":"summary_large_image","twitter_creator":"@sunoresearch","twitter_site":"@sunoresearch","twitter_misc":{"Escrito por":"Carlo Cauti","Est. tempo de leitura":"3 minutos"},"schema":{"@context":"https:\/\/schema.org","@graph":[{"@type":"NewsArticle","@id":"https:\/\/www.suno.com.br\/noticias\/eike-batista-condenado-manipulacao-mercado\/#article","isPartOf":{"@id":"https:\/\/www.suno.com.br\/noticias\/eike-batista-condenado-manipulacao-mercado\/"},"author":{"name":"Carlo Cauti","@id":"https:\/\/www.suno.com.br\/noticias\/#\/schema\/person\/e6e0f723cc177805027f4566c1d5e0c8"},"headline":"Eike Batista \u00e9 condenado por manipula\u00e7\u00e3o de mercado","datePublished":"2020-06-11T14:30:31+00:00","mainEntityOfPage":{"@id":"https:\/\/www.suno.com.br\/noticias\/eike-batista-condenado-manipulacao-mercado\/"},"wordCount":530,"publisher":{"@id":"https:\/\/www.suno.com.br\/noticias\/#organization"},"image":{"@id":"https:\/\/www.suno.com.br\/noticias\/eike-batista-condenado-manipulacao-mercado\/#primaryimage"},"thumbnailUrl":"https:\/\/files.sunoresearch.com.br\/n\/uploads\/2019\/05\/aa0e9222-eike-batista-jpg.webp","keywords":["Eike Batista"],"articleSection":["Neg\u00f3cios"],"inLanguage":"pt-BR"},{"@type":"WebPage","@id":"https:\/\/www.suno.com.br\/noticias\/eike-batista-condenado-manipulacao-mercado\/","url":"https:\/\/www.suno.com.br\/noticias\/eike-batista-condenado-manipulacao-mercado\/","name":"Eike Batista \u00e9 condenado por manipula\u00e7\u00e3o de mercado","isPartOf":{"@id":"https:\/\/www.suno.com.br\/noticias\/#website"},"primaryImageOfPage":{"@id":"https:\/\/www.suno.com.br\/noticias\/eike-batista-condenado-manipulacao-mercado\/#primaryimage"},"image":{"@id":"https:\/\/www.suno.com.br\/noticias\/eike-batista-condenado-manipulacao-mercado\/#primaryimage"},"thumbnailUrl":"https:\/\/files.sunoresearch.com.br\/n\/uploads\/2019\/05\/aa0e9222-eike-batista-jpg.webp","datePublished":"2020-06-11T14:30:31+00:00","description":"O empres\u00e1rio Eike Batista foi condenado nesta quinta-feira (11) a oito anos de pris\u00e3o por manipula\u00e7\u00e3o do mercado. Clique aqui e saiba mais.","breadcrumb":{"@id":"https:\/\/www.suno.com.br\/noticias\/eike-batista-condenado-manipulacao-mercado\/#breadcrumb"},"inLanguage":"pt-BR","potentialAction":[{"@type":"ReadAction","target":["https:\/\/www.suno.com.br\/noticias\/eike-batista-condenado-manipulacao-mercado\/"]}]},{"@type":"ImageObject","inLanguage":"pt-BR","@id":"https:\/\/www.suno.com.br\/noticias\/eike-batista-condenado-manipulacao-mercado\/#primaryimage","url":"https:\/\/files.sunoresearch.com.br\/n\/uploads\/2019\/05\/aa0e9222-eike-batista-jpg.webp","contentUrl":"https:\/\/files.sunoresearch.com.br\/n\/uploads\/2019\/05\/aa0e9222-eike-batista-jpg.webp","width":1024,"height":683,"caption":"MMX (MMXM3) informa que Eike Batista aguarda homologa\u00e7\u00e3o de dela\u00e7\u00e3o premiada"},{"@type":"BreadcrumbList","@id":"https:\/\/www.suno.com.br\/noticias\/eike-batista-condenado-manipulacao-mercado\/#breadcrumb","itemListElement":[{"@type":"ListItem","position":1,"name":"Not\u00edcias","item":"https:\/\/www.suno.com.br\/noticias\/"},{"@type":"ListItem","position":2,"name":"Neg\u00f3cios","item":"https:\/\/www.suno.com.br\/noticias\/negocios\/"},{"@type":"ListItem","position":3,"name":"Eike Batista \u00e9 condenado por manipula\u00e7\u00e3o de mercado"}]},{"@type":"WebSite","@id":"https:\/\/www.suno.com.br\/noticias\/#website","url":"https:\/\/www.suno.com.br\/noticias\/","name":"Suno Not\u00edcias","description":"Seu portal de informa\u00e7\u00e3o sobre o mundo dos investimentos","publisher":{"@id":"https:\/\/www.suno.com.br\/noticias\/#organization"},"potentialAction":[{"@type":"SearchAction","target":{"@type":"EntryPoint","urlTemplate":"https:\/\/www.suno.com.br\/noticias\/?s={search_term_string}"},"query-input":{"@type":"PropertyValueSpecification","valueRequired":true,"valueName":"search_term_string"}}],"inLanguage":"pt-BR"},{"@type":"Organization","@id":"https:\/\/www.suno.com.br\/noticias\/#organization","name":"Suno Not\u00edcias","url":"https:\/\/www.suno.com.br\/noticias\/","logo":{"@type":"ImageObject","inLanguage":"pt-BR","@id":"https:\/\/www.suno.com.br\/noticias\/#\/schema\/logo\/image\/","url":"https:\/\/files.sunoresearch.com.br\/n\/uploads\/2021\/09\/suno-logo.png","contentUrl":"https:\/\/files.sunoresearch.com.br\/n\/uploads\/2021\/09\/suno-logo.png","width":180,"height":180,"caption":"Suno Not\u00edcias"},"image":{"@id":"https:\/\/www.suno.com.br\/noticias\/#\/schema\/logo\/image\/"},"sameAs":["https:\/\/facebook.com\/sunoresearch","https:\/\/x.com\/sunoresearch","https:\/\/www.instagram.com\/suno","https:\/\/www.linkedin.com\/company\/suno-research\/","https:\/\/www.youtube.com\/c\/sunoresearch"]},{"@type":"Person","@id":"https:\/\/www.suno.com.br\/noticias\/#\/schema\/person\/e6e0f723cc177805027f4566c1d5e0c8","name":"Carlo Cauti","image":{"@type":"ImageObject","inLanguage":"pt-BR","@id":"https:\/\/www.suno.com.br\/noticias\/#\/schema\/person\/image\/","url":"https:\/\/secure.gravatar.com\/avatar\/3ada9e0bd164c23abd4792a9606d583c?s=96&r=g","contentUrl":"https:\/\/secure.gravatar.com\/avatar\/3ada9e0bd164c23abd4792a9606d583c?s=96&r=g","caption":"Carlo Cauti"},"description":"Editor multim\u00eddia do SUNO Not\u00edcias. Italiano, formado em Ci\u00eancias Pol\u00edticas pela universidade LUISS G. Carli de Roma e mestre cum laude em Rela\u00e7\u00f5es Internacionais, Jornalismo Internacional e de Guerra e em Economia Internacional. Concluiu tamb\u00e9m um MBA em Finan\u00e7as na B3. No Brasil, teve passagem por ve\u00edculos como Estad\u00e3o, Globo, Veja e EXAME. e nas ag\u00eancias de not\u00edcias italianas ANSA e NOVA.","url":"https:\/\/www.suno.com.br\/noticias\/author\/carlo-cauti\/"}]}},"default_loop_html":"<div class=\"cardsPage__listCard__boxs\"><div class=\"cardsPage__listCard__boxs__img\"><a href=\"https:\/\/www.suno.com.br\/noticias\/eike-batista-condenado-manipulacao-mercado\/\"><img class=\"mask\" src=\"https:\/\/www.suno.com.br\/noticias\/wp-content\/themes\/suno\/resources\/images\/spotlight\/spotlight1img\/bg-mask.png\" alt=\"Image Mask\"\/><img src=\"https:\/\/files.sunoresearch.com.br\/n\/uploads\/2019\/05\/aa0e9222-eike-batista-400x200.webp\" alt=\"Eike Batista \u00e9 condenado por manipula\u00e7\u00e3o de mercado\"\/><\/a><span class=\"spotlightCategory\"><a href=\"https:\/\/www.suno.com.br\/noticias\/negocios\/\">Neg\u00f3cios<\/a><\/span><\/div><div class=\"cardsPage__listCard__boxs__content\"><a href=\"https:\/\/www.suno.com.br\/noticias\/eike-batista-condenado-manipulacao-mercado\/\"><h2 class=\"content__title\">Eike Batista \u00e9 condenado por manipula\u00e7\u00e3o de mercado<\/h2><\/a><div class=\"newsContent__article__meta\"><div class=\"newsContent__article__meta__authorBox\"><a href=\"https:\/\/www.suno.com.br\/noticias\/author\/carlo-cauti\/\" class=\"authorBox__avatar noMobi\"><img src=\"https:\/\/files.sunoresearch.com.br\/n\/uploads\/2020\/08\/e3745f9a-perfil-carlo-cauti-150x150.webp\" alt=\"Carlo Cauti\"><\/a><div class=\"authorBox__name\"><span>por\n\t\t\t<a href=\"https:\/\/www.suno.com.br\/noticias\/author\/carlo-cauti\/\"><span itemprop=\"author\">Carlo Cauti<\/span><\/a><\/span><time datetime=\"2020-06-11T11:30:31-03:00\" itemprop=\"datePublished\">11\/06\/2020 11:30<\/time><\/div><\/div><\/div><\/div><\/div>","single_layout":"posts","amp_enabled":true,"_links":{"self":[{"href":"https:\/\/www.suno.com.br\/noticias\/wp-json\/wp\/v2\/posts\/68599"}],"collection":[{"href":"https:\/\/www.suno.com.br\/noticias\/wp-json\/wp\/v2\/posts"}],"about":[{"href":"https:\/\/www.suno.com.br\/noticias\/wp-json\/wp\/v2\/types\/post"}],"author":[{"embeddable":true,"href":"https:\/\/www.suno.com.br\/noticias\/wp-json\/wp\/v2\/users\/9"}],"replies":[{"embeddable":true,"href":"https:\/\/www.suno.com.br\/noticias\/wp-json\/wp\/v2\/comments?post=68599"}],"version-history":[{"count":0,"href":"https:\/\/www.suno.com.br\/noticias\/wp-json\/wp\/v2\/posts\/68599\/revisions"}],"wp:featuredmedia":[{"embeddable":true,"href":"https:\/\/www.suno.com.br\/noticias\/wp-json\/wp\/v2\/media\/26026"}],"wp:attachment":[{"href":"https:\/\/www.suno.com.br\/noticias\/wp-json\/wp\/v2\/media?parent=68599"}],"wp:term":[{"taxonomy":"category","embeddable":true,"href":"https:\/\/www.suno.com.br\/noticias\/wp-json\/wp\/v2\/categories?post=68599"},{"taxonomy":"post_tag","embeddable":true,"href":"https:\/\/www.suno.com.br\/noticias\/wp-json\/wp\/v2\/tags?post=68599"},{"taxonomy":"suno_strategy","embeddable":true,"href":"https:\/\/www.suno.com.br\/noticias\/wp-json\/wp\/v2\/suno_strategy?post=68599"}],"curies":[{"name":"wp","href":"https:\/\/api.w.org\/{rel}","templated":true}]}}