{"id":6848,"date":"2018-11-23T18:49:11","date_gmt":"2018-11-23T20:49:11","guid":{"rendered":"https:\/\/www.suno.com.br\/noticias\/?p=6848"},"modified":"2018-11-23T18:52:24","modified_gmt":"2018-11-23T20:52:24","slug":"ibovespa-encerra-2311","status":"publish","type":"post","link":"https:\/\/www.suno.com.br\/noticias\/ibovespa-encerra-2311\/","title":{"rendered":"Ibovespa fecha sexta com queda de -1,4%; d\u00f3lar encerra em R$ 3,82"},"content":{"rendered":"<p>O Ibovespa encerrou est\u00e1 sexta-feira (23) com baixa de -1,43%, com pontua\u00e7\u00e3o de 86.230. O volume financeiro ficou em R$ 12,77 bilh\u00f5es. Enquanto o d\u00f3lar, no preg\u00e3o, foi avaliado em R$ 3,82, alta de 0,39%.<\/p>\t<div class=\"wrapper-featured-image\">\n\t\t<figure class=\"spotlightImg\">\n\n\t\t\t<picture>\n\t\t\t\t<source media=\"(max-width: 768px)\" srcset=\"https:\/\/files.sunoresearch.com.br\/n\/uploads\/2018\/10\/e864d2c6-ibovespa-5-400x200.webp\">\n\t\t\t\t<img loading=\"lazy\" decoding=\"async\" class=\"newsContent__article__imgCapa lazyloadDisabled newsContent__article__imgCapa--noCaption\" src=\"https:\/\/files.sunoresearch.com.br\/n\/uploads\/2018\/10\/e864d2c6-ibovespa-5-800x450.webp\" width=\"800\" height=\"450\" alt=\"Ibovespa fecha sexta com queda de -1,4%; d\u00f3lar encerra em R$ 3,82\" fetchpriority=high \/>\n\t\t\t<\/picture>\n\n\t\t\t<figcaption class=\"wp-caption-text wp-caption-text--hide\">Ibovespa sobe; Governadores e Maia se re\u00fanem e reforma pode ser lida nesta ter\u00e7a <\/figcaption>\n\t\t<\/figure>\n\t<\/div>\n\n\n<p>Com isto o\u00a0<strong>Ibovespa <\/strong>encerra a semana com baixa de -2,64%.<\/p>\n<p>As baixa de hoje aconteceram em meio as fortes quedas dos pre\u00e7os da commodities no mundo.<\/p>\n<p>A Vale liderou as perdas no dia de hoje, com -6,64%. Enquanto a Petrobras teve suas a\u00e7\u00f5es caindo mais de 2%.<\/p>\n<p>O pre\u00e7o do petr\u00f3leo caiu 7% hoje, fato que aconteceu, principalmente, ap\u00f3s o ministro do Petr\u00f3leo da Ar\u00e1bia Saudita comentar sobre a eleva\u00e7\u00e3o das exporta\u00e7\u00f5es da commodity neste m\u00eas.<\/p>\n<p>Nas \u00faltimas sete semanas o petr\u00f3leo teve desvaloriza\u00e7\u00e3o de 30%.<\/p>\n<p>Enquanto no cen\u00e1rio nacional destaque por conta do nome de <a href=\"https:\/\/www.suno.com.br\/noticias\/bolsonaro-salim-mattar-privatizacoes\/\">Salim Mattar para secret\u00e1rio de privatiza\u00e7\u00f5es<\/a> do governo de Jair Bolsonaro.<\/p>\n<p><!--more--><\/p>\n<p><a href=\"https:\/\/www.suno.com.br\/noticias\/cirurgia-de-bolsonaro-2019\/\">Saiba mais:\u00a0Cirurgia de Jair Bolsonaro \u00e9 adiada para depois da posse<\/a><\/p>\n<p>Enquanto a divulga\u00e7\u00e3o do IBGE que a <a href=\"https:\/\/www.suno.com.br\/noticias\/inflacao-menor-novembro-ibge\/\">infla\u00e7\u00e3o teve o menor n\u00edvel de um novembro desde 2003<\/a> foi destaque na agenda.<\/p>\n<p>Entre janeiro e novembro deste ano a alta \u00e9 de 4,03%, valor dentro do centro da meta estipulado pelo Banco do Brasil para 2018.<\/p>\n<p>Destaque tamb\u00e9m para Black Friday. \u00c9 esperado que <a href=\"https:\/\/www.suno.com.br\/noticias\/black-friday-bilhoes-2018\/\">seja movimentado R$ 3,2 no dia de hoje.<\/a><\/p>\n<h2>Destaques do Ibovespa<\/h2>\n<p><strong>A\u00e7\u00f5es com maiores ganhos<\/strong> no preg\u00e3o desta sexta-feira (23)<\/p>\n<p>B2W Digital ON (BTOW3, +3,38%); Smiles ON (SMLS3, +2,52%), Hypera ON (HYPE3, +2,26).<\/p>\n<p><strong>A\u00e7\u00f5es com maiores perdas<\/strong> no preg\u00e3o desta sexta-feira (23)<\/p>\n<p>Vale ON (VALE3, -6,83%); Bradespar (BRAP4, -5,90%), Usiminas (USIM5, -4,86%).<\/p>\n","protected":false},"excerpt":{"rendered":"<p>O Ibovespa encerrou est\u00e1 sexta-feira (23) com baixa de -1,43%, com pontua\u00e7\u00e3o de 86.230. O volume financeiro ficou em R$ 12,77 bilh\u00f5es. Enquanto o d\u00f3lar, no preg\u00e3o, foi avaliado em R$ 3,82, alta de 0,39%. Ibovespa sobe; Governadores e Maia se re\u00fanem e reforma pode ser lida nesta ter\u00e7a Com isto o\u00a0Ibovespa encerra a semana [&hellip;]<\/p>\n","protected":false},"author":7,"featured_media":5021,"comment_status":"closed","ping_status":"closed","sticky":false,"template":"","format":"standard","meta":[],"categories":[60],"tags":[309,326,721,719,595,676],"suno_strategy":[],"class_list":["post-6848","post","type-post","status-publish","format-standard","has-post-thumbnail","hentry","category-mercado","tag-bolsa-de-valores","tag-dolar","tag-ibovespa","tag-jair-bolsonaro","tag-petrobras-petr4","tag-vale-vale3"],"yoast_head":"<!-- This site is optimized with the Yoast SEO plugin v24.4 - https:\/\/yoast.com\/wordpress\/plugins\/seo\/ -->\n<title>Ibovespa fecha sexta com queda de -1,4%; d\u00f3lar encerra em R$ 3,82<\/title>\n<meta name=\"description\" content=\"Ibovespa encerra a sexta-feira com queda de -1,24%, enquanto d\u00f3lar teve 0,39% de alta, ficando avaliado em R$ 3,82. Clique para saber mais.\" \/>\n<meta name=\"robots\" content=\"index, follow, max-snippet:-1, max-image-preview:large, max-video-preview:-1\" \/>\n<link rel=\"canonical\" href=\"https:\/\/www.suno.com.br\/noticias\/ibovespa-encerra-2311\/\" \/>\n<meta property=\"og:locale\" content=\"pt_BR\" \/>\n<meta property=\"og:type\" content=\"article\" \/>\n<meta property=\"og:title\" content=\"Ibovespa fecha sexta com queda de -1,4%; d\u00f3lar encerra em R$ 3,82\" \/>\n<meta property=\"og:description\" content=\"Ibovespa encerra a sexta-feira com queda de -1,24%, enquanto d\u00f3lar teve 0,39% de alta, ficando avaliado em R$ 3,82. Clique para saber mais.\" \/>\n<meta property=\"og:url\" content=\"https:\/\/www.suno.com.br\/noticias\/ibovespa-encerra-2311\/\" \/>\n<meta property=\"og:site_name\" content=\"Suno Not\u00edcias\" \/>\n<meta property=\"article:publisher\" content=\"https:\/\/facebook.com\/sunoresearch\" \/>\n<meta property=\"article:author\" content=\"https:\/\/www.linkedin.com\/in\/mateus-vasconcellos-4b3542123\/\" \/>\n<meta property=\"og:image\" content=\"https:\/\/files.sunoresearch.com.br\/n\/uploads\/2018\/10\/e864d2c6-ibovespa-5-scaled.webp\" \/>\n\t<meta property=\"og:image:width\" content=\"2560\" \/>\n\t<meta property=\"og:image:height\" content=\"1700\" \/>\n\t<meta property=\"og:image:type\" content=\"image\/jpeg\" \/>\n<meta name=\"author\" content=\"Mateus Vasconcellos\" \/>\n<meta name=\"twitter:card\" content=\"summary_large_image\" \/>\n<meta name=\"twitter:creator\" content=\"@sunoresearch\" \/>\n<meta name=\"twitter:site\" content=\"@sunoresearch\" \/>\n<meta name=\"twitter:label1\" content=\"Escrito por\" \/>\n\t<meta name=\"twitter:data1\" content=\"Mateus Vasconcellos\" \/>\n\t<meta name=\"twitter:label2\" content=\"Est. tempo de leitura\" \/>\n\t<meta name=\"twitter:data2\" content=\"1 minuto\" \/>\n<script type=\"application\/ld+json\" class=\"yoast-schema-graph\">{\"@context\":\"https:\/\/schema.org\",\"@graph\":[{\"@type\":\"NewsArticle\",\"@id\":\"https:\/\/www.suno.com.br\/noticias\/ibovespa-encerra-2311\/#article\",\"isPartOf\":{\"@id\":\"https:\/\/www.suno.com.br\/noticias\/ibovespa-encerra-2311\/\"},\"author\":{\"name\":\"Mateus Vasconcellos\",\"@id\":\"https:\/\/www.suno.com.br\/noticias\/#\/schema\/person\/ff5cc30ec6c0b55b6d3f3cfc4378b74e\"},\"headline\":\"Ibovespa fecha sexta com queda de -1,4%; d\u00f3lar encerra em R$ 3,82\",\"datePublished\":\"2018-11-23T20:49:11+00:00\",\"dateModified\":\"2018-11-23T20:52:24+00:00\",\"mainEntityOfPage\":{\"@id\":\"https:\/\/www.suno.com.br\/noticias\/ibovespa-encerra-2311\/\"},\"wordCount\":280,\"publisher\":{\"@id\":\"https:\/\/www.suno.com.br\/noticias\/#organization\"},\"image\":{\"@id\":\"https:\/\/www.suno.com.br\/noticias\/ibovespa-encerra-2311\/#primaryimage\"},\"thumbnailUrl\":\"https:\/\/files.sunoresearch.com.br\/n\/uploads\/2018\/10\/e864d2c6-ibovespa-5-scaled.webp\",\"keywords\":[\"Bolsa de Valores\",\"d\u00f3lar\",\"Ibovespa\",\"Jair Bolsonaro\",\"Petrobras (PETR4)\",\"Vale (VALE3)\"],\"articleSection\":[\"Mercado\"],\"inLanguage\":\"pt-BR\"},{\"@type\":\"WebPage\",\"@id\":\"https:\/\/www.suno.com.br\/noticias\/ibovespa-encerra-2311\/\",\"url\":\"https:\/\/www.suno.com.br\/noticias\/ibovespa-encerra-2311\/\",\"name\":\"Ibovespa fecha sexta com queda de -1,4%; d\u00f3lar encerra em R$ 3,82\",\"isPartOf\":{\"@id\":\"https:\/\/www.suno.com.br\/noticias\/#website\"},\"primaryImageOfPage\":{\"@id\":\"https:\/\/www.suno.com.br\/noticias\/ibovespa-encerra-2311\/#primaryimage\"},\"image\":{\"@id\":\"https:\/\/www.suno.com.br\/noticias\/ibovespa-encerra-2311\/#primaryimage\"},\"thumbnailUrl\":\"https:\/\/files.sunoresearch.com.br\/n\/uploads\/2018\/10\/e864d2c6-ibovespa-5-scaled.webp\",\"datePublished\":\"2018-11-23T20:49:11+00:00\",\"dateModified\":\"2018-11-23T20:52:24+00:00\",\"description\":\"Ibovespa encerra a sexta-feira com queda de -1,24%, enquanto d\u00f3lar teve 0,39% de alta, ficando avaliado em R$ 3,82. Clique para saber mais.\",\"breadcrumb\":{\"@id\":\"https:\/\/www.suno.com.br\/noticias\/ibovespa-encerra-2311\/#breadcrumb\"},\"inLanguage\":\"pt-BR\",\"potentialAction\":[{\"@type\":\"ReadAction\",\"target\":[\"https:\/\/www.suno.com.br\/noticias\/ibovespa-encerra-2311\/\"]}]},{\"@type\":\"ImageObject\",\"inLanguage\":\"pt-BR\",\"@id\":\"https:\/\/www.suno.com.br\/noticias\/ibovespa-encerra-2311\/#primaryimage\",\"url\":\"https:\/\/files.sunoresearch.com.br\/n\/uploads\/2018\/10\/e864d2c6-ibovespa-5-scaled.webp\",\"contentUrl\":\"https:\/\/files.sunoresearch.com.br\/n\/uploads\/2018\/10\/e864d2c6-ibovespa-5-scaled.webp\",\"width\":2560,\"height\":1700,\"caption\":\"Ibovespa sobe; Governadores e Maia se re\u00fanem e reforma pode ser lida nesta ter\u00e7a\"},{\"@type\":\"BreadcrumbList\",\"@id\":\"https:\/\/www.suno.com.br\/noticias\/ibovespa-encerra-2311\/#breadcrumb\",\"itemListElement\":[{\"@type\":\"ListItem\",\"position\":1,\"name\":\"Not\u00edcias\",\"item\":\"https:\/\/www.suno.com.br\/noticias\/\"},{\"@type\":\"ListItem\",\"position\":2,\"name\":\"Mercado\",\"item\":\"https:\/\/www.suno.com.br\/noticias\/mercado\/\"},{\"@type\":\"ListItem\",\"position\":3,\"name\":\"Ibovespa fecha sexta com queda de -1,4%; d\u00f3lar encerra em R$ 3,82\"}]},{\"@type\":\"WebSite\",\"@id\":\"https:\/\/www.suno.com.br\/noticias\/#website\",\"url\":\"https:\/\/www.suno.com.br\/noticias\/\",\"name\":\"Suno Not\u00edcias\",\"description\":\"Seu portal de informa\u00e7\u00e3o sobre o mundo dos investimentos\",\"publisher\":{\"@id\":\"https:\/\/www.suno.com.br\/noticias\/#organization\"},\"potentialAction\":[{\"@type\":\"SearchAction\",\"target\":{\"@type\":\"EntryPoint\",\"urlTemplate\":\"https:\/\/www.suno.com.br\/noticias\/?s={search_term_string}\"},\"query-input\":{\"@type\":\"PropertyValueSpecification\",\"valueRequired\":true,\"valueName\":\"search_term_string\"}}],\"inLanguage\":\"pt-BR\"},{\"@type\":\"Organization\",\"@id\":\"https:\/\/www.suno.com.br\/noticias\/#organization\",\"name\":\"Suno Not\u00edcias\",\"url\":\"https:\/\/www.suno.com.br\/noticias\/\",\"logo\":{\"@type\":\"ImageObject\",\"inLanguage\":\"pt-BR\",\"@id\":\"https:\/\/www.suno.com.br\/noticias\/#\/schema\/logo\/image\/\",\"url\":\"https:\/\/files.sunoresearch.com.br\/n\/uploads\/2021\/09\/suno-logo.png\",\"contentUrl\":\"https:\/\/files.sunoresearch.com.br\/n\/uploads\/2021\/09\/suno-logo.png\",\"width\":180,\"height\":180,\"caption\":\"Suno Not\u00edcias\"},\"image\":{\"@id\":\"https:\/\/www.suno.com.br\/noticias\/#\/schema\/logo\/image\/\"},\"sameAs\":[\"https:\/\/facebook.com\/sunoresearch\",\"https:\/\/x.com\/sunoresearch\",\"https:\/\/www.instagram.com\/suno\",\"https:\/\/www.linkedin.com\/company\/suno-research\/\",\"https:\/\/www.youtube.com\/c\/sunoresearch\"]},{\"@type\":\"Person\",\"@id\":\"https:\/\/www.suno.com.br\/noticias\/#\/schema\/person\/ff5cc30ec6c0b55b6d3f3cfc4378b74e\",\"name\":\"Mateus Vasconcellos\",\"image\":{\"@type\":\"ImageObject\",\"inLanguage\":\"pt-BR\",\"@id\":\"https:\/\/www.suno.com.br\/noticias\/#\/schema\/person\/image\/\",\"url\":\"https:\/\/secure.gravatar.com\/avatar\/8d725238a0ef7530bdf58578a222f948?s=96&r=g\",\"contentUrl\":\"https:\/\/secure.gravatar.com\/avatar\/8d725238a0ef7530bdf58578a222f948?s=96&r=g\",\"caption\":\"Mateus Vasconcellos\"},\"description\":\"Formado em jornalismo pela Universidade Presbiteriana Mackenzie, Mateus Vasconcellos escreve sobre o mercado financeiro para o portal de not\u00edcias da Suno Research. Antes da Suno, teve passagem pelo Observat\u00f3rio do Terceiro Setor e \u00e9 vencedor do 7\u00b0 Pr\u00eamio Jovem Jornalista Fernando Pacheco Jord\u00e3o.\",\"sameAs\":[\"https:\/\/www.suno.com.br\",\"https:\/\/www.linkedin.com\/in\/mateus-vasconcellos-4b3542123\/\"],\"url\":\"https:\/\/www.suno.com.br\/noticias\/author\/mateus-vasconcellos\/\"}]}<\/script>\n<!-- \/ Yoast SEO plugin. -->","yoast_head_json":{"title":"Ibovespa fecha sexta com queda de -1,4%; d\u00f3lar encerra em R$ 3,82","description":"Ibovespa encerra a sexta-feira com queda de -1,24%, enquanto d\u00f3lar teve 0,39% de alta, ficando avaliado em R$ 3,82. Clique para saber mais.","robots":{"index":"index","follow":"follow","max-snippet":"max-snippet:-1","max-image-preview":"max-image-preview:large","max-video-preview":"max-video-preview:-1"},"canonical":"https:\/\/www.suno.com.br\/noticias\/ibovespa-encerra-2311\/","og_locale":"pt_BR","og_type":"article","og_title":"Ibovespa fecha sexta com queda de -1,4%; d\u00f3lar encerra em R$ 3,82","og_description":"Ibovespa encerra a sexta-feira com queda de -1,24%, enquanto d\u00f3lar teve 0,39% de alta, ficando avaliado em R$ 3,82. Clique para saber mais.","og_url":"https:\/\/www.suno.com.br\/noticias\/ibovespa-encerra-2311\/","og_site_name":"Suno Not\u00edcias","article_publisher":"https:\/\/facebook.com\/sunoresearch","article_author":"https:\/\/www.linkedin.com\/in\/mateus-vasconcellos-4b3542123\/","og_image":[{"width":2560,"height":1700,"url":"https:\/\/files.sunoresearch.com.br\/n\/uploads\/2018\/10\/e864d2c6-ibovespa-5-scaled.webp","type":"image\/jpeg"}],"author":"Mateus Vasconcellos","twitter_card":"summary_large_image","twitter_creator":"@sunoresearch","twitter_site":"@sunoresearch","twitter_misc":{"Escrito por":"Mateus Vasconcellos","Est. tempo de leitura":"1 minuto"},"schema":{"@context":"https:\/\/schema.org","@graph":[{"@type":"NewsArticle","@id":"https:\/\/www.suno.com.br\/noticias\/ibovespa-encerra-2311\/#article","isPartOf":{"@id":"https:\/\/www.suno.com.br\/noticias\/ibovespa-encerra-2311\/"},"author":{"name":"Mateus Vasconcellos","@id":"https:\/\/www.suno.com.br\/noticias\/#\/schema\/person\/ff5cc30ec6c0b55b6d3f3cfc4378b74e"},"headline":"Ibovespa fecha sexta com queda de -1,4%; d\u00f3lar encerra em R$ 3,82","datePublished":"2018-11-23T20:49:11+00:00","dateModified":"2018-11-23T20:52:24+00:00","mainEntityOfPage":{"@id":"https:\/\/www.suno.com.br\/noticias\/ibovespa-encerra-2311\/"},"wordCount":280,"publisher":{"@id":"https:\/\/www.suno.com.br\/noticias\/#organization"},"image":{"@id":"https:\/\/www.suno.com.br\/noticias\/ibovespa-encerra-2311\/#primaryimage"},"thumbnailUrl":"https:\/\/files.sunoresearch.com.br\/n\/uploads\/2018\/10\/e864d2c6-ibovespa-5-scaled.webp","keywords":["Bolsa de Valores","d\u00f3lar","Ibovespa","Jair Bolsonaro","Petrobras (PETR4)","Vale (VALE3)"],"articleSection":["Mercado"],"inLanguage":"pt-BR"},{"@type":"WebPage","@id":"https:\/\/www.suno.com.br\/noticias\/ibovespa-encerra-2311\/","url":"https:\/\/www.suno.com.br\/noticias\/ibovespa-encerra-2311\/","name":"Ibovespa fecha sexta com queda de -1,4%; d\u00f3lar encerra em R$ 3,82","isPartOf":{"@id":"https:\/\/www.suno.com.br\/noticias\/#website"},"primaryImageOfPage":{"@id":"https:\/\/www.suno.com.br\/noticias\/ibovespa-encerra-2311\/#primaryimage"},"image":{"@id":"https:\/\/www.suno.com.br\/noticias\/ibovespa-encerra-2311\/#primaryimage"},"thumbnailUrl":"https:\/\/files.sunoresearch.com.br\/n\/uploads\/2018\/10\/e864d2c6-ibovespa-5-scaled.webp","datePublished":"2018-11-23T20:49:11+00:00","dateModified":"2018-11-23T20:52:24+00:00","description":"Ibovespa encerra a sexta-feira com queda de -1,24%, enquanto d\u00f3lar teve 0,39% de alta, ficando avaliado em R$ 3,82. Clique para saber mais.","breadcrumb":{"@id":"https:\/\/www.suno.com.br\/noticias\/ibovespa-encerra-2311\/#breadcrumb"},"inLanguage":"pt-BR","potentialAction":[{"@type":"ReadAction","target":["https:\/\/www.suno.com.br\/noticias\/ibovespa-encerra-2311\/"]}]},{"@type":"ImageObject","inLanguage":"pt-BR","@id":"https:\/\/www.suno.com.br\/noticias\/ibovespa-encerra-2311\/#primaryimage","url":"https:\/\/files.sunoresearch.com.br\/n\/uploads\/2018\/10\/e864d2c6-ibovespa-5-scaled.webp","contentUrl":"https:\/\/files.sunoresearch.com.br\/n\/uploads\/2018\/10\/e864d2c6-ibovespa-5-scaled.webp","width":2560,"height":1700,"caption":"Ibovespa sobe; Governadores e Maia se re\u00fanem e reforma pode ser lida nesta ter\u00e7a"},{"@type":"BreadcrumbList","@id":"https:\/\/www.suno.com.br\/noticias\/ibovespa-encerra-2311\/#breadcrumb","itemListElement":[{"@type":"ListItem","position":1,"name":"Not\u00edcias","item":"https:\/\/www.suno.com.br\/noticias\/"},{"@type":"ListItem","position":2,"name":"Mercado","item":"https:\/\/www.suno.com.br\/noticias\/mercado\/"},{"@type":"ListItem","position":3,"name":"Ibovespa fecha sexta com queda de -1,4%; d\u00f3lar encerra em R$ 3,82"}]},{"@type":"WebSite","@id":"https:\/\/www.suno.com.br\/noticias\/#website","url":"https:\/\/www.suno.com.br\/noticias\/","name":"Suno Not\u00edcias","description":"Seu portal de informa\u00e7\u00e3o sobre o mundo dos investimentos","publisher":{"@id":"https:\/\/www.suno.com.br\/noticias\/#organization"},"potentialAction":[{"@type":"SearchAction","target":{"@type":"EntryPoint","urlTemplate":"https:\/\/www.suno.com.br\/noticias\/?s={search_term_string}"},"query-input":{"@type":"PropertyValueSpecification","valueRequired":true,"valueName":"search_term_string"}}],"inLanguage":"pt-BR"},{"@type":"Organization","@id":"https:\/\/www.suno.com.br\/noticias\/#organization","name":"Suno Not\u00edcias","url":"https:\/\/www.suno.com.br\/noticias\/","logo":{"@type":"ImageObject","inLanguage":"pt-BR","@id":"https:\/\/www.suno.com.br\/noticias\/#\/schema\/logo\/image\/","url":"https:\/\/files.sunoresearch.com.br\/n\/uploads\/2021\/09\/suno-logo.png","contentUrl":"https:\/\/files.sunoresearch.com.br\/n\/uploads\/2021\/09\/suno-logo.png","width":180,"height":180,"caption":"Suno Not\u00edcias"},"image":{"@id":"https:\/\/www.suno.com.br\/noticias\/#\/schema\/logo\/image\/"},"sameAs":["https:\/\/facebook.com\/sunoresearch","https:\/\/x.com\/sunoresearch","https:\/\/www.instagram.com\/suno","https:\/\/www.linkedin.com\/company\/suno-research\/","https:\/\/www.youtube.com\/c\/sunoresearch"]},{"@type":"Person","@id":"https:\/\/www.suno.com.br\/noticias\/#\/schema\/person\/ff5cc30ec6c0b55b6d3f3cfc4378b74e","name":"Mateus Vasconcellos","image":{"@type":"ImageObject","inLanguage":"pt-BR","@id":"https:\/\/www.suno.com.br\/noticias\/#\/schema\/person\/image\/","url":"https:\/\/secure.gravatar.com\/avatar\/8d725238a0ef7530bdf58578a222f948?s=96&r=g","contentUrl":"https:\/\/secure.gravatar.com\/avatar\/8d725238a0ef7530bdf58578a222f948?s=96&r=g","caption":"Mateus Vasconcellos"},"description":"Formado em jornalismo pela Universidade Presbiteriana Mackenzie, Mateus Vasconcellos escreve sobre o mercado financeiro para o portal de not\u00edcias da Suno Research. Antes da Suno, teve passagem pelo Observat\u00f3rio do Terceiro Setor e \u00e9 vencedor do 7\u00b0 Pr\u00eamio Jovem Jornalista Fernando Pacheco Jord\u00e3o.","sameAs":["https:\/\/www.suno.com.br","https:\/\/www.linkedin.com\/in\/mateus-vasconcellos-4b3542123\/"],"url":"https:\/\/www.suno.com.br\/noticias\/author\/mateus-vasconcellos\/"}]}},"default_loop_html":"<div class=\"cardsPage__listCard__boxs\"><div class=\"cardsPage__listCard__boxs__img\"><a href=\"https:\/\/www.suno.com.br\/noticias\/ibovespa-encerra-2311\/\"><img class=\"mask\" src=\"https:\/\/www.suno.com.br\/noticias\/wp-content\/themes\/suno\/resources\/images\/spotlight\/spotlight1img\/bg-mask.png\" alt=\"Image Mask\"\/><img src=\"https:\/\/files.sunoresearch.com.br\/n\/uploads\/2018\/10\/e864d2c6-ibovespa-5-400x200.webp\" alt=\"Ibovespa fecha sexta com queda de -1,4%; d\u00f3lar encerra em R$ 3,82\"\/><\/a><span class=\"spotlightCategory\"><a href=\"https:\/\/www.suno.com.br\/noticias\/mercado\/\">Mercado<\/a><\/span><\/div><div class=\"cardsPage__listCard__boxs__content\"><a href=\"https:\/\/www.suno.com.br\/noticias\/ibovespa-encerra-2311\/\"><h2 class=\"content__title\">Ibovespa fecha sexta com queda de -1,4%; d\u00f3lar encerra em R$ 3,82<\/h2><\/a><div class=\"newsContent__article__meta\"><div class=\"newsContent__article__meta__authorBox\"><a href=\"https:\/\/www.suno.com.br\/noticias\/author\/mateus-vasconcellos\/\" class=\"authorBox__avatar noMobi\"><img src=\"https:\/\/secure.gravatar.com\/avatar\/8d725238a0ef7530bdf58578a222f948?s=96&#038;r=g\" alt=\"Mateus Vasconcellos\"><\/a><div class=\"authorBox__name\"><span>por\n\t\t\t<a href=\"https:\/\/www.suno.com.br\/noticias\/author\/mateus-vasconcellos\/\"><span itemprop=\"author\">Mateus Vasconcellos<\/span><\/a><\/span><time datetime=\"2018-11-23T18:49:11-02:00\" itemprop=\"datePublished\">23\/11\/2018 18:49<\/time><\/div><\/div><\/div><\/div><\/div>","single_layout":"posts","amp_enabled":true,"_links":{"self":[{"href":"https:\/\/www.suno.com.br\/noticias\/wp-json\/wp\/v2\/posts\/6848"}],"collection":[{"href":"https:\/\/www.suno.com.br\/noticias\/wp-json\/wp\/v2\/posts"}],"about":[{"href":"https:\/\/www.suno.com.br\/noticias\/wp-json\/wp\/v2\/types\/post"}],"author":[{"embeddable":true,"href":"https:\/\/www.suno.com.br\/noticias\/wp-json\/wp\/v2\/users\/7"}],"replies":[{"embeddable":true,"href":"https:\/\/www.suno.com.br\/noticias\/wp-json\/wp\/v2\/comments?post=6848"}],"version-history":[{"count":0,"href":"https:\/\/www.suno.com.br\/noticias\/wp-json\/wp\/v2\/posts\/6848\/revisions"}],"wp:featuredmedia":[{"embeddable":true,"href":"https:\/\/www.suno.com.br\/noticias\/wp-json\/wp\/v2\/media\/5021"}],"wp:attachment":[{"href":"https:\/\/www.suno.com.br\/noticias\/wp-json\/wp\/v2\/media?parent=6848"}],"wp:term":[{"taxonomy":"category","embeddable":true,"href":"https:\/\/www.suno.com.br\/noticias\/wp-json\/wp\/v2\/categories?post=6848"},{"taxonomy":"post_tag","embeddable":true,"href":"https:\/\/www.suno.com.br\/noticias\/wp-json\/wp\/v2\/tags?post=6848"},{"taxonomy":"suno_strategy","embeddable":true,"href":"https:\/\/www.suno.com.br\/noticias\/wp-json\/wp\/v2\/suno_strategy?post=6848"}],"curies":[{"name":"wp","href":"https:\/\/api.w.org\/{rel}","templated":true}]}}